{"id":6822,"date":"2025-04-18T10:17:33","date_gmt":"2025-04-18T08:17:33","guid":{"rendered":"https:\/\/vieassociative.be\/actualites\/eupen-est-uniquement-ensemble-opinion-de-tous-les-groupes-politiques-du-conseil-municipal-deupen-contre-le-racisme\/"},"modified":"2025-04-18T10:17:33","modified_gmt":"2025-04-18T08:17:33","slug":"eupen-est-uniquement-ensemble-opinion-de-tous-les-groupes-politiques-du-conseil-municipal-deupen-contre-le-racisme","status":"publish","type":"post","link":"https:\/\/vieassociative.be\/actualites\/eupen-est-uniquement-ensemble-opinion-de-tous-les-groupes-politiques-du-conseil-municipal-deupen-contre-le-racisme\/","title":{"rendered":"\u00ab\u00a0Eupen est uniquement ensemble\u00a0\u00bb: opinion de tous les groupes politiques du conseil municipal d&rsquo;Eupen contre le racisme"},"content":{"rendered":"<p><strong>Au nom de toutes les factions du conseil municipal d&rsquo;Eupen, une d\u00e9claration conjointe sur les derni\u00e8res \u00e9talages racistes et national-socialistes du paysage urbain a \u00e9t\u00e9 \u00e9crite jeudi. \u00ab\u00a0Nous voulons d\u00e9finir un signe clair de diversit\u00e9, de d\u00e9mocratie et d&rsquo;une coop\u00e9ration respectueuse &#8211; et contre toute forme de haine et d&rsquo;exclusion\u00a0\u00bb, a-t-il d\u00e9clar\u00e9. Vous trouverez ci-dessous l&rsquo;opinion en pleine formulation.<\/strong><\/p>\n<p><span id=\"more-413628\"><\/span><em>Les slogans racistes et nationaux socialistes non seulement stamulent les murs &#8211; ils violent notre coexistence. Eupen est une ville de diversit\u00e9, pas la haine. Les plus jeunes \u00e9touffants et autocollants du paysage urbain ne sont pas une farce inoffensive, mais l&rsquo;expression d&rsquo;une id\u00e9ologie qui remet en question nos valeurs d\u00e9mocratiques de base. Il ne suffit pas de rester silencieux \u00e0 ce sujet ou de les retirer en silence &#8211; nous devons prendre une position claire en tant que soci\u00e9t\u00e9 municipale.<\/em><\/p>\n<div id=\"attachment_413640\" class=\"wp-caption alignleft\" style=\"max-width: 300px\"><img fetchpriority=\"high\" decoding=\"async\" class=\"wp-image-413640 size-medium\" src=\"https:\/\/vieassociative.be\/actualites\/wp-content\/uploads\/2025\/04\/Eupen-est-uniquement-ensemble-opinion-de-tous-les-groupes-politiques.jpg\" alt=\"\" width=\"300\" height=\"200\"><\/p>\n<p class=\"wp-caption-text\">L&rsquo;h\u00f4tel de ville d&rsquo;Eupen. Photo: Belga<\/p>\n<\/div>\n<p><em>Les groupes politiques du conseil municipal d&rsquo;Eupen sont ferm\u00e9s contre l&rsquo;extr\u00e9misme \u00e0 droite. Avec notre politique, nous nous opposons \u00e0 l&rsquo;exclusion, au racisme et \u00e0 l&rsquo;attitude radicale \u00e0 droite. Dans notre travail avec les organisations et le groupe de dialogue interculturel, nous nous appuyons sur la coop\u00e9ration &#8211; en \u00e9change, en rencontre et en respect mutuel.<\/em><\/p>\n<p><em>Nous &#8211; les repr\u00e9sentants de tous les groupes politiques du conseil municipal &#8211; argument parfois sur la meilleure fa\u00e7on. Mais nous sommes d&rsquo;accord sur la base de laquelle cela devrait \u00eatre fait: sur celui d&rsquo;une soci\u00e9t\u00e9 ouverte, d\u00e9mocratique et humaine.<\/em><\/p>\n<p><em>Eupen se caract\u00e9rise par une grande majorit\u00e9 de personnes ouvertes, utiles et tol\u00e9rantes <\/em><em>vivre ensemble. Cette coexistence respectueuse et solidaire n&rsquo;est pas une question de cours &#8211; nous continuons \u00e0 travailler ensemble. Nous ne tol\u00e9rons pas l&rsquo;agitation, pas de racisme et aucune tentative de saper la convivialit\u00e9 respectueuse dans notre ville.<\/em><\/p>\n<p><em>Eupen n&rsquo;est que ensemble &#8211; et uniquement les uns aux autres.<\/em><\/p>\n<p><strong>Le porte-parole du groupe parlementaire du conseil municipal d&rsquo;Eupen:<\/strong><\/p>\n<p><strong>Alexandra Barth-Vandenhirtz, Spplus<\/strong><br \/>\n<strong>Martine Engels, Ecolo<\/strong><br \/>\n<strong>Colin Kraft, OBL<\/strong><br \/>\n<strong>Jenny M\u00f6res, Pff<\/strong><br \/>\n<strong>Simen van meensel, csp<\/strong><\/p>\n","protected":false},"excerpt":{"rendered":"<p>Au nom de toutes les factions du conseil municipal d&rsquo;Eupen, une d\u00e9claration conjointe sur les derni\u00e8res \u00e9talages racistes et national-socialistes du paysage urbain a \u00e9t\u00e9<\/p>\n","protected":false},"author":1,"featured_media":6823,"comment_status":"","ping_status":"","sticky":false,"template":"","format":"standard","meta":{"footnotes":""},"categories":[298],"tags":[1085,796,2403,1921,76,2329,5707,14,4052,6476,6477,5926,546,6475],"class_list":["post-6822","post","type-post","status-publish","format-standard","has-post-thumbnail","hentry","category-belgique","tag-conseil","tag-contre","tag-deupen","tag-ensemble","tag-est","tag-eupen","tag-groupes","tag-les","tag-municipal","tag-opinion","tag-politiques","tag-racisme","tag-tous","tag-uniquement","generate-columns","tablet-grid-50","mobile-grid-100","grid-parent","grid-33"],"yoast_head":"<!-- This site is optimized with the Yoast SEO plugin v24.0 - https:\/\/yoast.com\/wordpress\/plugins\/seo\/ -->\n<title>&quot;Eupen est uniquement ensemble&quot;: opinion de tous les groupes politiques du conseil municipal d&#039;Eupen contre le racisme | Vie Associative<\/title>\n<meta name=\"robots\" content=\"index, follow, max-snippet:-1, max-image-preview:large, max-video-preview:-1\" \/>\n<link rel=\"canonical\" href=\"https:\/\/vieassociative.be\/actualites\/eupen-est-uniquement-ensemble-opinion-de-tous-les-groupes-politiques-du-conseil-municipal-deupen-contre-le-racisme\/\" \/>\n<meta property=\"og:locale\" content=\"fr_FR\" \/>\n<meta property=\"og:type\" content=\"article\" \/>\n<meta property=\"og:title\" content=\"&quot;Eupen est uniquement ensemble&quot;: opinion de tous les groupes politiques du conseil municipal d&#039;Eupen contre le racisme | Vie Associative\" \/>\n<meta property=\"og:description\" content=\"Au nom de toutes les factions du conseil municipal d&rsquo;Eupen, une d\u00e9claration conjointe sur les derni\u00e8res \u00e9talages racistes et national-socialistes du paysage urbain a \u00e9t\u00e9\" \/>\n<meta property=\"og:url\" content=\"https:\/\/vieassociative.be\/actualites\/eupen-est-uniquement-ensemble-opinion-de-tous-les-groupes-politiques-du-conseil-municipal-deupen-contre-le-racisme\/\" \/>\n<meta property=\"og:site_name\" content=\"Vie Associative\" \/>\n<meta property=\"article:published_time\" content=\"2025-04-18T08:17:33+00:00\" \/>\n<meta property=\"og:image\" content=\"https:\/\/vieassociative.be\/actualites\/wp-content\/uploads\/2024\/09\/header_backgroundk-01-e1726694325946.png\" \/>\n\t<meta property=\"og:image:width\" content=\"279\" \/>\n\t<meta property=\"og:image:height\" content=\"92\" \/>\n\t<meta property=\"og:image:type\" content=\"image\/png\" \/>\n<meta name=\"author\" content=\"Julien\" \/>\n<meta name=\"twitter:card\" content=\"summary_large_image\" \/>\n<meta name=\"twitter:label1\" content=\"\u00c9crit par\" \/>\n\t<meta name=\"twitter:data1\" content=\"Julien\" \/>\n\t<meta name=\"twitter:label2\" content=\"Dur\u00e9e de lecture est.\" \/>\n\t<meta name=\"twitter:data2\" content=\"2 minutes\" \/>\n<script type=\"application\/ld+json\" class=\"yoast-schema-graph\">{\"@context\":\"https:\/\/schema.org\",\"@graph\":[{\"@type\":\"Article\",\"@id\":\"https:\/\/vieassociative.be\/actualites\/eupen-est-uniquement-ensemble-opinion-de-tous-les-groupes-politiques-du-conseil-municipal-deupen-contre-le-racisme\/#article\",\"isPartOf\":{\"@id\":\"https:\/\/vieassociative.be\/actualites\/eupen-est-uniquement-ensemble-opinion-de-tous-les-groupes-politiques-du-conseil-municipal-deupen-contre-le-racisme\/\"},\"author\":{\"name\":\"Julien\",\"@id\":\"https:\/\/vieassociative.be\/actualites\/#\/schema\/person\/b87ac4f82f9d4e7b7cec7395b679edc4\"},\"headline\":\"\u00ab\u00a0Eupen est uniquement ensemble\u00a0\u00bb: opinion de tous les groupes politiques du conseil municipal d&rsquo;Eupen contre le racisme\",\"datePublished\":\"2025-04-18T08:17:33+00:00\",\"dateModified\":\"2025-04-18T08:17:33+00:00\",\"mainEntityOfPage\":{\"@id\":\"https:\/\/vieassociative.be\/actualites\/eupen-est-uniquement-ensemble-opinion-de-tous-les-groupes-politiques-du-conseil-municipal-deupen-contre-le-racisme\/\"},\"wordCount\":380,\"publisher\":{\"@id\":\"https:\/\/vieassociative.be\/actualites\/#organization\"},\"image\":{\"@id\":\"https:\/\/vieassociative.be\/actualites\/eupen-est-uniquement-ensemble-opinion-de-tous-les-groupes-politiques-du-conseil-municipal-deupen-contre-le-racisme\/#primaryimage\"},\"thumbnailUrl\":\"https:\/\/vieassociative.be\/actualites\/wp-content\/uploads\/2025\/04\/1744964253_Eupen-est-uniquement-ensemble-opinion-de-tous-les-groupes-politiques.jpg\",\"keywords\":[\"conseil\",\"contre\",\"dEupen\",\"ensemble\",\"est\",\"Eupen\",\"groupes\",\"Les\",\"municipal\",\"opinion\",\"politiques\",\"racisme\",\"tous\",\"uniquement\"],\"articleSection\":[\"Belgique\"],\"inLanguage\":\"fr-BE\"},{\"@type\":\"WebPage\",\"@id\":\"https:\/\/vieassociative.be\/actualites\/eupen-est-uniquement-ensemble-opinion-de-tous-les-groupes-politiques-du-conseil-municipal-deupen-contre-le-racisme\/\",\"url\":\"https:\/\/vieassociative.be\/actualites\/eupen-est-uniquement-ensemble-opinion-de-tous-les-groupes-politiques-du-conseil-municipal-deupen-contre-le-racisme\/\",\"name\":\"\\\"Eupen est uniquement ensemble\\\": opinion de tous les groupes politiques du conseil municipal d'Eupen contre le racisme | Vie Associative\",\"isPartOf\":{\"@id\":\"https:\/\/vieassociative.be\/actualites\/#website\"},\"primaryImageOfPage\":{\"@id\":\"https:\/\/vieassociative.be\/actualites\/eupen-est-uniquement-ensemble-opinion-de-tous-les-groupes-politiques-du-conseil-municipal-deupen-contre-le-racisme\/#primaryimage\"},\"image\":{\"@id\":\"https:\/\/vieassociative.be\/actualites\/eupen-est-uniquement-ensemble-opinion-de-tous-les-groupes-politiques-du-conseil-municipal-deupen-contre-le-racisme\/#primaryimage\"},\"thumbnailUrl\":\"https:\/\/vieassociative.be\/actualites\/wp-content\/uploads\/2025\/04\/1744964253_Eupen-est-uniquement-ensemble-opinion-de-tous-les-groupes-politiques.jpg\",\"datePublished\":\"2025-04-18T08:17:33+00:00\",\"dateModified\":\"2025-04-18T08:17:33+00:00\",\"breadcrumb\":{\"@id\":\"https:\/\/vieassociative.be\/actualites\/eupen-est-uniquement-ensemble-opinion-de-tous-les-groupes-politiques-du-conseil-municipal-deupen-contre-le-racisme\/#breadcrumb\"},\"inLanguage\":\"fr-BE\",\"potentialAction\":[{\"@type\":\"ReadAction\",\"target\":[\"https:\/\/vieassociative.be\/actualites\/eupen-est-uniquement-ensemble-opinion-de-tous-les-groupes-politiques-du-conseil-municipal-deupen-contre-le-racisme\/\"]}]},{\"@type\":\"ImageObject\",\"inLanguage\":\"fr-BE\",\"@id\":\"https:\/\/vieassociative.be\/actualites\/eupen-est-uniquement-ensemble-opinion-de-tous-les-groupes-politiques-du-conseil-municipal-deupen-contre-le-racisme\/#primaryimage\",\"url\":\"https:\/\/vieassociative.be\/actualites\/wp-content\/uploads\/2025\/04\/1744964253_Eupen-est-uniquement-ensemble-opinion-de-tous-les-groupes-politiques.jpg\",\"contentUrl\":\"https:\/\/vieassociative.be\/actualites\/wp-content\/uploads\/2025\/04\/1744964253_Eupen-est-uniquement-ensemble-opinion-de-tous-les-groupes-politiques.jpg\",\"width\":1200,\"height\":802,\"caption\":\"\\\"Eupen est uniquement ensemble\\\": opinion de tous les groupes politiques du conseil municipal d'Eupen contre le racisme\"},{\"@type\":\"BreadcrumbList\",\"@id\":\"https:\/\/vieassociative.be\/actualites\/eupen-est-uniquement-ensemble-opinion-de-tous-les-groupes-politiques-du-conseil-municipal-deupen-contre-le-racisme\/#breadcrumb\",\"itemListElement\":[{\"@type\":\"ListItem\",\"position\":1,\"name\":\"Accueil\",\"item\":\"https:\/\/vieassociative.be\/actualites\/\"},{\"@type\":\"ListItem\",\"position\":2,\"name\":\"\u00ab\u00a0Eupen est uniquement ensemble\u00a0\u00bb: opinion de tous les groupes politiques du conseil municipal d&rsquo;Eupen contre le racisme\"}]},{\"@type\":\"WebSite\",\"@id\":\"https:\/\/vieassociative.be\/actualites\/#website\",\"url\":\"https:\/\/vieassociative.be\/actualites\/\",\"name\":\"Vie Associative\",\"description\":\"\",\"publisher\":{\"@id\":\"https:\/\/vieassociative.be\/actualites\/#organization\"},\"potentialAction\":[{\"@type\":\"SearchAction\",\"target\":{\"@type\":\"EntryPoint\",\"urlTemplate\":\"https:\/\/vieassociative.be\/actualites\/?s={search_term_string}\"},\"query-input\":{\"@type\":\"PropertyValueSpecification\",\"valueRequired\":true,\"valueName\":\"search_term_string\"}}],\"inLanguage\":\"fr-BE\"},{\"@type\":\"Organization\",\"@id\":\"https:\/\/vieassociative.be\/actualites\/#organization\",\"name\":\"Vie Associative\",\"url\":\"https:\/\/vieassociative.be\/actualites\/\",\"logo\":{\"@type\":\"ImageObject\",\"inLanguage\":\"fr-BE\",\"@id\":\"https:\/\/vieassociative.be\/actualites\/#\/schema\/logo\/image\/\",\"url\":\"https:\/\/vieassociative.be\/actualites\/wp-content\/uploads\/2024\/09\/cropped-vieassociative_favicon.ico.png\",\"contentUrl\":\"https:\/\/vieassociative.be\/actualites\/wp-content\/uploads\/2024\/09\/cropped-vieassociative_favicon.ico.png\",\"width\":512,\"height\":512,\"caption\":\"Vie Associative\"},\"image\":{\"@id\":\"https:\/\/vieassociative.be\/actualites\/#\/schema\/logo\/image\/\"}},{\"@type\":\"Person\",\"@id\":\"https:\/\/vieassociative.be\/actualites\/#\/schema\/person\/b87ac4f82f9d4e7b7cec7395b679edc4\",\"name\":\"Julien\",\"image\":{\"@type\":\"ImageObject\",\"inLanguage\":\"fr-BE\",\"@id\":\"https:\/\/vieassociative.be\/actualites\/#\/schema\/person\/image\/\",\"url\":\"https:\/\/vieassociative.be\/actualites\/wp-content\/uploads\/2024\/09\/vie-associative-1-150x150.jpg\",\"contentUrl\":\"https:\/\/vieassociative.be\/actualites\/wp-content\/uploads\/2024\/09\/vie-associative-1-150x150.jpg\",\"caption\":\"Julien\"},\"description\":\"Je suis Julien, r\u00e9dacteur pour Vie Associative. Passionn\u00e9 par le monde associatif depuis plus de 10 ans, j'ai \u00e0 c\u0153ur de partager des histoires inspirantes et de mettre en lumi\u00e8re les initiatives locales. Mon objectif est de sensibiliser et d'encourager l'engagement communautaire \u00e0 travers mes articles.\",\"sameAs\":[\"https:\/\/vieassociative.be\/\"]}]}<\/script>\n<!-- \/ Yoast SEO plugin. -->","yoast_head_json":{"title":"\"Eupen est uniquement ensemble\": opinion de tous les groupes politiques du conseil municipal d'Eupen contre le racisme | Vie Associative","robots":{"index":"index","follow":"follow","max-snippet":"max-snippet:-1","max-image-preview":"max-image-preview:large","max-video-preview":"max-video-preview:-1"},"canonical":"https:\/\/vieassociative.be\/actualites\/eupen-est-uniquement-ensemble-opinion-de-tous-les-groupes-politiques-du-conseil-municipal-deupen-contre-le-racisme\/","og_locale":"fr_FR","og_type":"article","og_title":"\"Eupen est uniquement ensemble\": opinion de tous les groupes politiques du conseil municipal d'Eupen contre le racisme | Vie Associative","og_description":"Au nom de toutes les factions du conseil municipal d&rsquo;Eupen, une d\u00e9claration conjointe sur les derni\u00e8res \u00e9talages racistes et national-socialistes du paysage urbain a \u00e9t\u00e9","og_url":"https:\/\/vieassociative.be\/actualites\/eupen-est-uniquement-ensemble-opinion-de-tous-les-groupes-politiques-du-conseil-municipal-deupen-contre-le-racisme\/","og_site_name":"Vie Associative","article_published_time":"2025-04-18T08:17:33+00:00","og_image":[{"width":279,"height":92,"url":"https:\/\/vieassociative.be\/actualites\/wp-content\/uploads\/2024\/09\/header_backgroundk-01-e1726694325946.png","type":"image\/png"}],"author":"Julien","twitter_card":"summary_large_image","twitter_misc":{"\u00c9crit par":"Julien","Dur\u00e9e de lecture est.":"2 minutes"},"schema":{"@context":"https:\/\/schema.org","@graph":[{"@type":"Article","@id":"https:\/\/vieassociative.be\/actualites\/eupen-est-uniquement-ensemble-opinion-de-tous-les-groupes-politiques-du-conseil-municipal-deupen-contre-le-racisme\/#article","isPartOf":{"@id":"https:\/\/vieassociative.be\/actualites\/eupen-est-uniquement-ensemble-opinion-de-tous-les-groupes-politiques-du-conseil-municipal-deupen-contre-le-racisme\/"},"author":{"name":"Julien","@id":"https:\/\/vieassociative.be\/actualites\/#\/schema\/person\/b87ac4f82f9d4e7b7cec7395b679edc4"},"headline":"\u00ab\u00a0Eupen est uniquement ensemble\u00a0\u00bb: opinion de tous les groupes politiques du conseil municipal d&rsquo;Eupen contre le racisme","datePublished":"2025-04-18T08:17:33+00:00","dateModified":"2025-04-18T08:17:33+00:00","mainEntityOfPage":{"@id":"https:\/\/vieassociative.be\/actualites\/eupen-est-uniquement-ensemble-opinion-de-tous-les-groupes-politiques-du-conseil-municipal-deupen-contre-le-racisme\/"},"wordCount":380,"publisher":{"@id":"https:\/\/vieassociative.be\/actualites\/#organization"},"image":{"@id":"https:\/\/vieassociative.be\/actualites\/eupen-est-uniquement-ensemble-opinion-de-tous-les-groupes-politiques-du-conseil-municipal-deupen-contre-le-racisme\/#primaryimage"},"thumbnailUrl":"https:\/\/vieassociative.be\/actualites\/wp-content\/uploads\/2025\/04\/1744964253_Eupen-est-uniquement-ensemble-opinion-de-tous-les-groupes-politiques.jpg","keywords":["conseil","contre","dEupen","ensemble","est","Eupen","groupes","Les","municipal","opinion","politiques","racisme","tous","uniquement"],"articleSection":["Belgique"],"inLanguage":"fr-BE"},{"@type":"WebPage","@id":"https:\/\/vieassociative.be\/actualites\/eupen-est-uniquement-ensemble-opinion-de-tous-les-groupes-politiques-du-conseil-municipal-deupen-contre-le-racisme\/","url":"https:\/\/vieassociative.be\/actualites\/eupen-est-uniquement-ensemble-opinion-de-tous-les-groupes-politiques-du-conseil-municipal-deupen-contre-le-racisme\/","name":"\"Eupen est uniquement ensemble\": opinion de tous les groupes politiques du conseil municipal d'Eupen contre le racisme | Vie Associative","isPartOf":{"@id":"https:\/\/vieassociative.be\/actualites\/#website"},"primaryImageOfPage":{"@id":"https:\/\/vieassociative.be\/actualites\/eupen-est-uniquement-ensemble-opinion-de-tous-les-groupes-politiques-du-conseil-municipal-deupen-contre-le-racisme\/#primaryimage"},"image":{"@id":"https:\/\/vieassociative.be\/actualites\/eupen-est-uniquement-ensemble-opinion-de-tous-les-groupes-politiques-du-conseil-municipal-deupen-contre-le-racisme\/#primaryimage"},"thumbnailUrl":"https:\/\/vieassociative.be\/actualites\/wp-content\/uploads\/2025\/04\/1744964253_Eupen-est-uniquement-ensemble-opinion-de-tous-les-groupes-politiques.jpg","datePublished":"2025-04-18T08:17:33+00:00","dateModified":"2025-04-18T08:17:33+00:00","breadcrumb":{"@id":"https:\/\/vieassociative.be\/actualites\/eupen-est-uniquement-ensemble-opinion-de-tous-les-groupes-politiques-du-conseil-municipal-deupen-contre-le-racisme\/#breadcrumb"},"inLanguage":"fr-BE","potentialAction":[{"@type":"ReadAction","target":["https:\/\/vieassociative.be\/actualites\/eupen-est-uniquement-ensemble-opinion-de-tous-les-groupes-politiques-du-conseil-municipal-deupen-contre-le-racisme\/"]}]},{"@type":"ImageObject","inLanguage":"fr-BE","@id":"https:\/\/vieassociative.be\/actualites\/eupen-est-uniquement-ensemble-opinion-de-tous-les-groupes-politiques-du-conseil-municipal-deupen-contre-le-racisme\/#primaryimage","url":"https:\/\/vieassociative.be\/actualites\/wp-content\/uploads\/2025\/04\/1744964253_Eupen-est-uniquement-ensemble-opinion-de-tous-les-groupes-politiques.jpg","contentUrl":"https:\/\/vieassociative.be\/actualites\/wp-content\/uploads\/2025\/04\/1744964253_Eupen-est-uniquement-ensemble-opinion-de-tous-les-groupes-politiques.jpg","width":1200,"height":802,"caption":"\"Eupen est uniquement ensemble\": opinion de tous les groupes politiques du conseil municipal d'Eupen contre le racisme"},{"@type":"BreadcrumbList","@id":"https:\/\/vieassociative.be\/actualites\/eupen-est-uniquement-ensemble-opinion-de-tous-les-groupes-politiques-du-conseil-municipal-deupen-contre-le-racisme\/#breadcrumb","itemListElement":[{"@type":"ListItem","position":1,"name":"Accueil","item":"https:\/\/vieassociative.be\/actualites\/"},{"@type":"ListItem","position":2,"name":"\u00ab\u00a0Eupen est uniquement ensemble\u00a0\u00bb: opinion de tous les groupes politiques du conseil municipal d&rsquo;Eupen contre le racisme"}]},{"@type":"WebSite","@id":"https:\/\/vieassociative.be\/actualites\/#website","url":"https:\/\/vieassociative.be\/actualites\/","name":"Vie Associative","description":"","publisher":{"@id":"https:\/\/vieassociative.be\/actualites\/#organization"},"potentialAction":[{"@type":"SearchAction","target":{"@type":"EntryPoint","urlTemplate":"https:\/\/vieassociative.be\/actualites\/?s={search_term_string}"},"query-input":{"@type":"PropertyValueSpecification","valueRequired":true,"valueName":"search_term_string"}}],"inLanguage":"fr-BE"},{"@type":"Organization","@id":"https:\/\/vieassociative.be\/actualites\/#organization","name":"Vie Associative","url":"https:\/\/vieassociative.be\/actualites\/","logo":{"@type":"ImageObject","inLanguage":"fr-BE","@id":"https:\/\/vieassociative.be\/actualites\/#\/schema\/logo\/image\/","url":"https:\/\/vieassociative.be\/actualites\/wp-content\/uploads\/2024\/09\/cropped-vieassociative_favicon.ico.png","contentUrl":"https:\/\/vieassociative.be\/actualites\/wp-content\/uploads\/2024\/09\/cropped-vieassociative_favicon.ico.png","width":512,"height":512,"caption":"Vie Associative"},"image":{"@id":"https:\/\/vieassociative.be\/actualites\/#\/schema\/logo\/image\/"}},{"@type":"Person","@id":"https:\/\/vieassociative.be\/actualites\/#\/schema\/person\/b87ac4f82f9d4e7b7cec7395b679edc4","name":"Julien","image":{"@type":"ImageObject","inLanguage":"fr-BE","@id":"https:\/\/vieassociative.be\/actualites\/#\/schema\/person\/image\/","url":"https:\/\/vieassociative.be\/actualites\/wp-content\/uploads\/2024\/09\/vie-associative-1-150x150.jpg","contentUrl":"https:\/\/vieassociative.be\/actualites\/wp-content\/uploads\/2024\/09\/vie-associative-1-150x150.jpg","caption":"Julien"},"description":"Je suis Julien, r\u00e9dacteur pour Vie Associative. Passionn\u00e9 par le monde associatif depuis plus de 10 ans, j'ai \u00e0 c\u0153ur de partager des histoires inspirantes et de mettre en lumi\u00e8re les initiatives locales. Mon objectif est de sensibiliser et d'encourager l'engagement communautaire \u00e0 travers mes articles.","sameAs":["https:\/\/vieassociative.be\/"]}]}},"_links":{"self":[{"href":"https:\/\/vieassociative.be\/actualites\/wp-json\/wp\/v2\/posts\/6822"}],"collection":[{"href":"https:\/\/vieassociative.be\/actualites\/wp-json\/wp\/v2\/posts"}],"about":[{"href":"https:\/\/vieassociative.be\/actualites\/wp-json\/wp\/v2\/types\/post"}],"author":[{"embeddable":true,"href":"https:\/\/vieassociative.be\/actualites\/wp-json\/wp\/v2\/users\/1"}],"replies":[{"embeddable":true,"href":"https:\/\/vieassociative.be\/actualites\/wp-json\/wp\/v2\/comments?post=6822"}],"version-history":[{"count":0,"href":"https:\/\/vieassociative.be\/actualites\/wp-json\/wp\/v2\/posts\/6822\/revisions"}],"wp:featuredmedia":[{"embeddable":true,"href":"https:\/\/vieassociative.be\/actualites\/wp-json\/wp\/v2\/media\/6823"}],"wp:attachment":[{"href":"https:\/\/vieassociative.be\/actualites\/wp-json\/wp\/v2\/media?parent=6822"}],"wp:term":[{"taxonomy":"category","embeddable":true,"href":"https:\/\/vieassociative.be\/actualites\/wp-json\/wp\/v2\/categories?post=6822"},{"taxonomy":"post_tag","embeddable":true,"href":"https:\/\/vieassociative.be\/actualites\/wp-json\/wp\/v2\/tags?post=6822"}],"curies":[{"name":"wp","href":"https:\/\/api.w.org\/{rel}","templated":true}]}}