{"id":681,"date":"2024-09-30T09:18:01","date_gmt":"2024-09-30T07:18:01","guid":{"rendered":"https:\/\/vieassociative.be\/actualites\/les-soirees-pyjama-sont-elles-enfin-mortes\/"},"modified":"2024-09-30T09:18:01","modified_gmt":"2024-09-30T07:18:01","slug":"les-soirees-pyjama-sont-elles-enfin-mortes","status":"publish","type":"post","link":"https:\/\/vieassociative.be\/actualites\/les-soirees-pyjama-sont-elles-enfin-mortes\/","title":{"rendered":"Les soir\u00e9es pyjama sont-elles enfin mortes ?"},"content":{"rendered":"<div class=\"mt-4 leading-6 md:mb-8\">Comment d\u00e9cider si votre enfant peut passer la nuit chez un ami ?<\/div>\n<p><\/p>\n<p>En troisi\u00e8me ann\u00e9e (vers le d\u00e9but des ann\u00e9es 1980), je dormais r\u00e9guli\u00e8rement chez des amis. Les soir\u00e9es pyjama d&rsquo;anniversaire \u00e9taient courantes, ainsi que les vendredis soirs al\u00e9atoires \u00e0 regarder des cassettes VHS dans des tani\u00e8res sombres jusqu&rsquo;\u00e0 ce que nos yeux nous br\u00fblent. Chez un ami, nous avons chor\u00e9graphi\u00e9 Wham\u00a0! des chansons, et \u00e0 un autre moment, j&rsquo;ai absorb\u00e9 MTV comme une \u00e9ponge parce que nous n&rsquo;avions pas de c\u00e2ble chez moi.<\/p>\n<p>Je pensais que lorsque mes propres enfants atteindraient la deuxi\u00e8me ou la troisi\u00e8me ann\u00e9e, nous commencerions \u00e0 d\u00e9cider s\u2019ils seraient pr\u00eats \u00e0 passer une soir\u00e9e pyjama. Je ne m\u2019attendais pas du tout \u00e0 ce que les soir\u00e9es pyjama aient pratiquement cess\u00e9 d\u2019\u00eatre une chose. Je ne m&rsquo;attendais pas non plus \u00e0 conna\u00eetre \u00e0 peine les amis de mes enfants ou leurs parents. Vous voyez, j&rsquo;ai grandi dans la m\u00eame petite ville dans laquelle mes parents avaient grandi. Tout le monde se connaissait et mes premi\u00e8res soir\u00e9es pyjama avaient lieu avec des voisins ou avec les enfants de personnes que mes parents connaissaient toute leur vie.<\/p>\n<p>Aujourd\u2019hui, nous appelons tout le monde un \u00ab ami \u00bb, m\u00eame s\u2019ils sont presque tous des \u00e9trangers, et la peur de l\u2019inconnu emp\u00eache de nombreux parents d\u2019accepter les soir\u00e9es pyjama. Lors de r\u00e9cents d\u00e9bats en ligne et dans les m\u00e9dias sur les soir\u00e9es pyjama, les parents ont fait part de leurs grandes inqui\u00e9tudes quant au fait de laisser leurs enfants dormir chez un ami\u00a0:<\/p>\n<ul>\n<li>\n<p>Dans quelle mesure seront-ils surveill\u00e9s par des adultes\u00a0?<\/p>\n<\/li>\n<li>\n<p>Y a-t-il des armes \u00e0 la maison ?<\/p>\n<\/li>\n<li>\n<p>La famille est-elle vaccin\u00e9e contre le COVID ?<\/p>\n<\/li>\n<li>\n<p>L&rsquo;alcool et les drogues sont-ils suffisamment s\u00e9curis\u00e9s ?<\/p>\n<\/li>\n<li>\n<p>Les autres parents prendront-ils au s\u00e9rieux les allergies\/l&rsquo;\u00e9tat de sant\u00e9 de mon enfant\u00a0?<\/p>\n<\/li>\n<li>\n<p>Les enfants auront-ils acc\u00e8s \u00e0 Internet ?<\/p>\n<\/li>\n<li>\n<p>Quels autres fr\u00e8res et s\u0153urs, amis et adultes seront dans la maison, et est-ce que je les connais\u00a0?<\/p>\n<\/li>\n<li>\n<p>Comment puis-je savoir si mon enfant sera \u00e0 l\u2019abri des abus\u00a0?<\/p>\n<\/li>\n<li>\n<p>Qui sont ces gens ?<\/p>\n<\/li>\n<\/ul>\n<p>Outre ces pr\u00e9occupations s\u00e9rieuses, les soir\u00e9es pyjama peuvent \u00eatre tout simplement p\u00e9nibles. Vous pourriez recevoir cet appel de minuit pour venir chercher votre enfant parce qu&rsquo;il est trop anxieux pour dormir, ou bien il rentre \u00e0 la maison grincheux parce qu&rsquo;il est rest\u00e9 \u00e9veill\u00e9 toute la nuit. Si vous organisez une soir\u00e9e pyjama, il y a une pression pour planifier des activit\u00e9s mur \u00e0 mur. Et puis <em>toi<\/em> Je n&rsquo;arrive pas \u00e0 dormir parce que ce n&rsquo;est pas une mince affaire d&rsquo;avoir un mineur suppl\u00e9mentaire \u00e0 votre charge pendant la nuit.<\/p>\n<p>Mais qu\u2019en est-il des avantages ? Dans mon enfance, c&rsquo;\u00e9tait passionnant d&rsquo;\u00eatre dans une maison inconnue, de voir comment fonctionnaient les autres familles. Pour regarder MTV et <em>Rambo<\/em> avant d&rsquo;\u00eatre vraiment assez mature. Les enfants ont besoin d\u2019\u00eatre expos\u00e9s \u00e0 d\u2019autres modes de vie et \u00e0 diff\u00e9rentes normes sociales pour contextualiser leur propre exp\u00e9rience en soci\u00e9t\u00e9. Si nous ne leur permettons pas de dormir chez des amis, que manquent-ils ?<\/p>\n<p>Dans mon adolescence des ann\u00e9es 1990, les soir\u00e9es pyjama \u00e9taient l&rsquo;occasion de faire nos grands projets, de prolonger nos aventures au-del\u00e0 du couvre-feu et d&rsquo;exp\u00e9rimenter l&rsquo;ind\u00e9pendance avant d&rsquo;\u00eatre vraiment sans surveillance. Les adolescents ont-ils encore besoin de ces petits pas vers l\u2019ind\u00e9pendance ? Ou la soir\u00e9e pyjama est-elle une relique de la nostalgie de la g\u00e9n\u00e9ration X alors que nos enfants sont pass\u00e9s \u00e0 d&rsquo;autres moyens (en ligne) de nouer des amiti\u00e9s et une ind\u00e9pendance plus profondes\u00a0?<\/p>\n<p>L\u00e0 <em>sont<\/em> des alternatives \u00e0 la soir\u00e9e pyjama traditionnelle o\u00f9 les jeunes enfants peuvent b\u00e9n\u00e9ficier d&rsquo;un peu de libert\u00e9 et de nouveaut\u00e9 sans autant de risques\u00a0:<\/p>\n<ul>\n<li>\n<p>Autoriser les soir\u00e9es pyjama avec des membres de la famille ou des amis de la famille en qui vous avez confiance.<\/p>\n<\/li>\n<li>\n<p>Un \u00ab sleep-under \u00bb (ou \u00e0 moiti\u00e9 ou tard) : permettre \u00e0 votre enfant de jouer tard chez un ami mais de rentrer \u00e0 la maison pour l&rsquo;heure du coucher.<\/p>\n<\/li>\n<li>\n<p>Laissez-les faire des sorties de jour avec leurs amis et leur famille o\u00f9 vous pourrez \u00eatre pr\u00e9sent et mieux conna\u00eetre tout le monde.<\/p>\n<\/li>\n<li>\n<p>Allez camper avec d&rsquo;autres familles, ce qui donne aux enfants une exp\u00e9rience de soir\u00e9e pyjama, mais tous les parents sont pr\u00e9sents pour la surveillance.<\/p>\n<\/li>\n<\/ul>\n<p>Jusqu&rsquo;\u00e0 pr\u00e9sent, mes filles aiment vraiment \u00eatre \u00e0 la maison et n&rsquo;ont pas demand\u00e9 de soir\u00e9e pyjama. Ou alors, ils se contentent de \u00ab dormir \u00bb dans la chambre de l&rsquo;autre jusqu&rsquo;\u00e0 ce qu&rsquo;ils soient r\u00e9ellement fatigu\u00e9s et retournent dans leur propre lit. Je me demande si leur manque d\u2019int\u00e9r\u00eat est le signe d\u2019un changement culturel par rapport \u00e0 cette coutume adolescente qui semblait faire partie int\u00e9grante de mon enfance. Le d\u00e9bat est-il sans objet parce que les enfants ne se soucient m\u00eame pas des soir\u00e9es pyjama comme nous le faisions ?<\/p>\n<p>Nous aimerions conna\u00eetre votre avis sur la fa\u00e7on dont vous g\u00e9rez les d\u00e9cisions relatives aux soir\u00e9es pyjama en tant que parent. Avez-vous vos propres r\u00e8gles concernant le moment o\u00f9 vous autoriserez une soir\u00e9e pyjama ou des raisons fermes pour les interdire toutes ensemble\u00a0? Etes-vous, comme moi, surpris que cela n&rsquo;ait m\u00eame pas \u00e9t\u00e9 \u00e9voqu\u00e9\u00a0? Faites-le-nous savoir dans les commentaires.<\/p>\n","protected":false},"excerpt":{"rendered":"<p>Comment d\u00e9cider si votre enfant peut passer la nuit chez un ami ? En troisi\u00e8me ann\u00e9e (vers le d\u00e9but des ann\u00e9es 1980), je dormais r\u00e9guli\u00e8rement<\/p>\n","protected":false},"author":1,"featured_media":682,"comment_status":"","ping_status":"","sticky":false,"template":"","format":"standard","meta":{"footnotes":""},"categories":[37],"tags":[545,14,1092,1090,463,1091],"class_list":["post-681","post","type-post","status-publish","format-standard","has-post-thumbnail","hentry","category-famille","tag-enfin","tag-les","tag-mortes","tag-pyjama","tag-soirees","tag-sontelles","generate-columns","tablet-grid-50","mobile-grid-100","grid-parent","grid-33"],"yoast_head":"<!-- This site is optimized with the Yoast SEO plugin v24.0 - https:\/\/yoast.com\/wordpress\/plugins\/seo\/ -->\n<title>Les soir\u00e9es pyjama sont-elles enfin mortes ? | Vie Associative<\/title>\n<meta name=\"robots\" content=\"index, follow, max-snippet:-1, max-image-preview:large, max-video-preview:-1\" \/>\n<link rel=\"canonical\" href=\"https:\/\/vieassociative.be\/actualites\/les-soirees-pyjama-sont-elles-enfin-mortes\/\" \/>\n<meta property=\"og:locale\" content=\"fr_FR\" \/>\n<meta property=\"og:type\" content=\"article\" \/>\n<meta property=\"og:title\" content=\"Les soir\u00e9es pyjama sont-elles enfin mortes ? | Vie Associative\" \/>\n<meta property=\"og:description\" content=\"Comment d\u00e9cider si votre enfant peut passer la nuit chez un ami ? En troisi\u00e8me ann\u00e9e (vers le d\u00e9but des ann\u00e9es 1980), je dormais r\u00e9guli\u00e8rement\" \/>\n<meta property=\"og:url\" content=\"https:\/\/vieassociative.be\/actualites\/les-soirees-pyjama-sont-elles-enfin-mortes\/\" \/>\n<meta property=\"og:site_name\" content=\"Vie Associative\" \/>\n<meta property=\"article:published_time\" content=\"2024-09-30T07:18:01+00:00\" \/>\n<meta property=\"og:image\" content=\"https:\/\/vieassociative.be\/actualites\/wp-content\/uploads\/2024\/09\/header_backgroundk-01-e1726694325946.png\" \/>\n\t<meta property=\"og:image:width\" content=\"279\" \/>\n\t<meta property=\"og:image:height\" content=\"92\" \/>\n\t<meta property=\"og:image:type\" content=\"image\/png\" \/>\n<meta name=\"author\" content=\"Julien\" \/>\n<meta name=\"twitter:card\" content=\"summary_large_image\" \/>\n<meta name=\"twitter:label1\" content=\"\u00c9crit par\" \/>\n\t<meta name=\"twitter:data1\" content=\"Julien\" \/>\n\t<meta name=\"twitter:label2\" content=\"Dur\u00e9e de lecture est.\" \/>\n\t<meta name=\"twitter:data2\" content=\"5 minutes\" \/>\n<script type=\"application\/ld+json\" class=\"yoast-schema-graph\">{\"@context\":\"https:\/\/schema.org\",\"@graph\":[{\"@type\":\"Article\",\"@id\":\"https:\/\/vieassociative.be\/actualites\/les-soirees-pyjama-sont-elles-enfin-mortes\/#article\",\"isPartOf\":{\"@id\":\"https:\/\/vieassociative.be\/actualites\/les-soirees-pyjama-sont-elles-enfin-mortes\/\"},\"author\":{\"name\":\"Julien\",\"@id\":\"https:\/\/vieassociative.be\/actualites\/#\/schema\/person\/b87ac4f82f9d4e7b7cec7395b679edc4\"},\"headline\":\"Les soir\u00e9es pyjama sont-elles enfin mortes ?\",\"datePublished\":\"2024-09-30T07:18:01+00:00\",\"dateModified\":\"2024-09-30T07:18:01+00:00\",\"mainEntityOfPage\":{\"@id\":\"https:\/\/vieassociative.be\/actualites\/les-soirees-pyjama-sont-elles-enfin-mortes\/\"},\"wordCount\":949,\"publisher\":{\"@id\":\"https:\/\/vieassociative.be\/actualites\/#organization\"},\"image\":{\"@id\":\"https:\/\/vieassociative.be\/actualites\/les-soirees-pyjama-sont-elles-enfin-mortes\/#primaryimage\"},\"thumbnailUrl\":\"https:\/\/vieassociative.be\/actualites\/wp-content\/uploads\/2024\/09\/Les-soirees-pyjama-sont-elles-enfin-mortes.jpg\",\"keywords\":[\"enfin\",\"Les\",\"mortes\",\"pyjama\",\"soir\u00e9es\",\"sontelles\"],\"articleSection\":[\"Famille\"],\"inLanguage\":\"fr-BE\"},{\"@type\":\"WebPage\",\"@id\":\"https:\/\/vieassociative.be\/actualites\/les-soirees-pyjama-sont-elles-enfin-mortes\/\",\"url\":\"https:\/\/vieassociative.be\/actualites\/les-soirees-pyjama-sont-elles-enfin-mortes\/\",\"name\":\"Les soir\u00e9es pyjama sont-elles enfin mortes ? | Vie Associative\",\"isPartOf\":{\"@id\":\"https:\/\/vieassociative.be\/actualites\/#website\"},\"primaryImageOfPage\":{\"@id\":\"https:\/\/vieassociative.be\/actualites\/les-soirees-pyjama-sont-elles-enfin-mortes\/#primaryimage\"},\"image\":{\"@id\":\"https:\/\/vieassociative.be\/actualites\/les-soirees-pyjama-sont-elles-enfin-mortes\/#primaryimage\"},\"thumbnailUrl\":\"https:\/\/vieassociative.be\/actualites\/wp-content\/uploads\/2024\/09\/Les-soirees-pyjama-sont-elles-enfin-mortes.jpg\",\"datePublished\":\"2024-09-30T07:18:01+00:00\",\"dateModified\":\"2024-09-30T07:18:01+00:00\",\"breadcrumb\":{\"@id\":\"https:\/\/vieassociative.be\/actualites\/les-soirees-pyjama-sont-elles-enfin-mortes\/#breadcrumb\"},\"inLanguage\":\"fr-BE\",\"potentialAction\":[{\"@type\":\"ReadAction\",\"target\":[\"https:\/\/vieassociative.be\/actualites\/les-soirees-pyjama-sont-elles-enfin-mortes\/\"]}]},{\"@type\":\"ImageObject\",\"inLanguage\":\"fr-BE\",\"@id\":\"https:\/\/vieassociative.be\/actualites\/les-soirees-pyjama-sont-elles-enfin-mortes\/#primaryimage\",\"url\":\"https:\/\/vieassociative.be\/actualites\/wp-content\/uploads\/2024\/09\/Les-soirees-pyjama-sont-elles-enfin-mortes.jpg\",\"contentUrl\":\"https:\/\/vieassociative.be\/actualites\/wp-content\/uploads\/2024\/09\/Les-soirees-pyjama-sont-elles-enfin-mortes.jpg\",\"width\":1200,\"height\":675,\"caption\":\"Les soir\u00e9es pyjama sont-elles enfin mortes ?\"},{\"@type\":\"BreadcrumbList\",\"@id\":\"https:\/\/vieassociative.be\/actualites\/les-soirees-pyjama-sont-elles-enfin-mortes\/#breadcrumb\",\"itemListElement\":[{\"@type\":\"ListItem\",\"position\":1,\"name\":\"Accueil\",\"item\":\"https:\/\/vieassociative.be\/actualites\/\"},{\"@type\":\"ListItem\",\"position\":2,\"name\":\"Les soir\u00e9es pyjama sont-elles enfin mortes ?\"}]},{\"@type\":\"WebSite\",\"@id\":\"https:\/\/vieassociative.be\/actualites\/#website\",\"url\":\"https:\/\/vieassociative.be\/actualites\/\",\"name\":\"Vie Associative\",\"description\":\"\",\"publisher\":{\"@id\":\"https:\/\/vieassociative.be\/actualites\/#organization\"},\"potentialAction\":[{\"@type\":\"SearchAction\",\"target\":{\"@type\":\"EntryPoint\",\"urlTemplate\":\"https:\/\/vieassociative.be\/actualites\/?s={search_term_string}\"},\"query-input\":{\"@type\":\"PropertyValueSpecification\",\"valueRequired\":true,\"valueName\":\"search_term_string\"}}],\"inLanguage\":\"fr-BE\"},{\"@type\":\"Organization\",\"@id\":\"https:\/\/vieassociative.be\/actualites\/#organization\",\"name\":\"Vie Associative\",\"url\":\"https:\/\/vieassociative.be\/actualites\/\",\"logo\":{\"@type\":\"ImageObject\",\"inLanguage\":\"fr-BE\",\"@id\":\"https:\/\/vieassociative.be\/actualites\/#\/schema\/logo\/image\/\",\"url\":\"https:\/\/vieassociative.be\/actualites\/wp-content\/uploads\/2024\/09\/cropped-vieassociative_favicon.ico.png\",\"contentUrl\":\"https:\/\/vieassociative.be\/actualites\/wp-content\/uploads\/2024\/09\/cropped-vieassociative_favicon.ico.png\",\"width\":512,\"height\":512,\"caption\":\"Vie Associative\"},\"image\":{\"@id\":\"https:\/\/vieassociative.be\/actualites\/#\/schema\/logo\/image\/\"}},{\"@type\":\"Person\",\"@id\":\"https:\/\/vieassociative.be\/actualites\/#\/schema\/person\/b87ac4f82f9d4e7b7cec7395b679edc4\",\"name\":\"Julien\",\"image\":{\"@type\":\"ImageObject\",\"inLanguage\":\"fr-BE\",\"@id\":\"https:\/\/vieassociative.be\/actualites\/#\/schema\/person\/image\/\",\"url\":\"https:\/\/vieassociative.be\/actualites\/wp-content\/uploads\/2024\/09\/vie-associative-1-150x150.jpg\",\"contentUrl\":\"https:\/\/vieassociative.be\/actualites\/wp-content\/uploads\/2024\/09\/vie-associative-1-150x150.jpg\",\"caption\":\"Julien\"},\"description\":\"Je suis Julien, r\u00e9dacteur pour Vie Associative. Passionn\u00e9 par le monde associatif depuis plus de 10 ans, j'ai \u00e0 c\u0153ur de partager des histoires inspirantes et de mettre en lumi\u00e8re les initiatives locales. Mon objectif est de sensibiliser et d'encourager l'engagement communautaire \u00e0 travers mes articles.\",\"sameAs\":[\"https:\/\/vieassociative.be\/\"]}]}<\/script>\n<!-- \/ Yoast SEO plugin. -->","yoast_head_json":{"title":"Les soir\u00e9es pyjama sont-elles enfin mortes ? | Vie Associative","robots":{"index":"index","follow":"follow","max-snippet":"max-snippet:-1","max-image-preview":"max-image-preview:large","max-video-preview":"max-video-preview:-1"},"canonical":"https:\/\/vieassociative.be\/actualites\/les-soirees-pyjama-sont-elles-enfin-mortes\/","og_locale":"fr_FR","og_type":"article","og_title":"Les soir\u00e9es pyjama sont-elles enfin mortes ? | Vie Associative","og_description":"Comment d\u00e9cider si votre enfant peut passer la nuit chez un ami ? En troisi\u00e8me ann\u00e9e (vers le d\u00e9but des ann\u00e9es 1980), je dormais r\u00e9guli\u00e8rement","og_url":"https:\/\/vieassociative.be\/actualites\/les-soirees-pyjama-sont-elles-enfin-mortes\/","og_site_name":"Vie Associative","article_published_time":"2024-09-30T07:18:01+00:00","og_image":[{"width":279,"height":92,"url":"https:\/\/vieassociative.be\/actualites\/wp-content\/uploads\/2024\/09\/header_backgroundk-01-e1726694325946.png","type":"image\/png"}],"author":"Julien","twitter_card":"summary_large_image","twitter_misc":{"\u00c9crit par":"Julien","Dur\u00e9e de lecture est.":"5 minutes"},"schema":{"@context":"https:\/\/schema.org","@graph":[{"@type":"Article","@id":"https:\/\/vieassociative.be\/actualites\/les-soirees-pyjama-sont-elles-enfin-mortes\/#article","isPartOf":{"@id":"https:\/\/vieassociative.be\/actualites\/les-soirees-pyjama-sont-elles-enfin-mortes\/"},"author":{"name":"Julien","@id":"https:\/\/vieassociative.be\/actualites\/#\/schema\/person\/b87ac4f82f9d4e7b7cec7395b679edc4"},"headline":"Les soir\u00e9es pyjama sont-elles enfin mortes ?","datePublished":"2024-09-30T07:18:01+00:00","dateModified":"2024-09-30T07:18:01+00:00","mainEntityOfPage":{"@id":"https:\/\/vieassociative.be\/actualites\/les-soirees-pyjama-sont-elles-enfin-mortes\/"},"wordCount":949,"publisher":{"@id":"https:\/\/vieassociative.be\/actualites\/#organization"},"image":{"@id":"https:\/\/vieassociative.be\/actualites\/les-soirees-pyjama-sont-elles-enfin-mortes\/#primaryimage"},"thumbnailUrl":"https:\/\/vieassociative.be\/actualites\/wp-content\/uploads\/2024\/09\/Les-soirees-pyjama-sont-elles-enfin-mortes.jpg","keywords":["enfin","Les","mortes","pyjama","soir\u00e9es","sontelles"],"articleSection":["Famille"],"inLanguage":"fr-BE"},{"@type":"WebPage","@id":"https:\/\/vieassociative.be\/actualites\/les-soirees-pyjama-sont-elles-enfin-mortes\/","url":"https:\/\/vieassociative.be\/actualites\/les-soirees-pyjama-sont-elles-enfin-mortes\/","name":"Les soir\u00e9es pyjama sont-elles enfin mortes ? | Vie Associative","isPartOf":{"@id":"https:\/\/vieassociative.be\/actualites\/#website"},"primaryImageOfPage":{"@id":"https:\/\/vieassociative.be\/actualites\/les-soirees-pyjama-sont-elles-enfin-mortes\/#primaryimage"},"image":{"@id":"https:\/\/vieassociative.be\/actualites\/les-soirees-pyjama-sont-elles-enfin-mortes\/#primaryimage"},"thumbnailUrl":"https:\/\/vieassociative.be\/actualites\/wp-content\/uploads\/2024\/09\/Les-soirees-pyjama-sont-elles-enfin-mortes.jpg","datePublished":"2024-09-30T07:18:01+00:00","dateModified":"2024-09-30T07:18:01+00:00","breadcrumb":{"@id":"https:\/\/vieassociative.be\/actualites\/les-soirees-pyjama-sont-elles-enfin-mortes\/#breadcrumb"},"inLanguage":"fr-BE","potentialAction":[{"@type":"ReadAction","target":["https:\/\/vieassociative.be\/actualites\/les-soirees-pyjama-sont-elles-enfin-mortes\/"]}]},{"@type":"ImageObject","inLanguage":"fr-BE","@id":"https:\/\/vieassociative.be\/actualites\/les-soirees-pyjama-sont-elles-enfin-mortes\/#primaryimage","url":"https:\/\/vieassociative.be\/actualites\/wp-content\/uploads\/2024\/09\/Les-soirees-pyjama-sont-elles-enfin-mortes.jpg","contentUrl":"https:\/\/vieassociative.be\/actualites\/wp-content\/uploads\/2024\/09\/Les-soirees-pyjama-sont-elles-enfin-mortes.jpg","width":1200,"height":675,"caption":"Les soir\u00e9es pyjama sont-elles enfin mortes ?"},{"@type":"BreadcrumbList","@id":"https:\/\/vieassociative.be\/actualites\/les-soirees-pyjama-sont-elles-enfin-mortes\/#breadcrumb","itemListElement":[{"@type":"ListItem","position":1,"name":"Accueil","item":"https:\/\/vieassociative.be\/actualites\/"},{"@type":"ListItem","position":2,"name":"Les soir\u00e9es pyjama sont-elles enfin mortes ?"}]},{"@type":"WebSite","@id":"https:\/\/vieassociative.be\/actualites\/#website","url":"https:\/\/vieassociative.be\/actualites\/","name":"Vie Associative","description":"","publisher":{"@id":"https:\/\/vieassociative.be\/actualites\/#organization"},"potentialAction":[{"@type":"SearchAction","target":{"@type":"EntryPoint","urlTemplate":"https:\/\/vieassociative.be\/actualites\/?s={search_term_string}"},"query-input":{"@type":"PropertyValueSpecification","valueRequired":true,"valueName":"search_term_string"}}],"inLanguage":"fr-BE"},{"@type":"Organization","@id":"https:\/\/vieassociative.be\/actualites\/#organization","name":"Vie Associative","url":"https:\/\/vieassociative.be\/actualites\/","logo":{"@type":"ImageObject","inLanguage":"fr-BE","@id":"https:\/\/vieassociative.be\/actualites\/#\/schema\/logo\/image\/","url":"https:\/\/vieassociative.be\/actualites\/wp-content\/uploads\/2024\/09\/cropped-vieassociative_favicon.ico.png","contentUrl":"https:\/\/vieassociative.be\/actualites\/wp-content\/uploads\/2024\/09\/cropped-vieassociative_favicon.ico.png","width":512,"height":512,"caption":"Vie Associative"},"image":{"@id":"https:\/\/vieassociative.be\/actualites\/#\/schema\/logo\/image\/"}},{"@type":"Person","@id":"https:\/\/vieassociative.be\/actualites\/#\/schema\/person\/b87ac4f82f9d4e7b7cec7395b679edc4","name":"Julien","image":{"@type":"ImageObject","inLanguage":"fr-BE","@id":"https:\/\/vieassociative.be\/actualites\/#\/schema\/person\/image\/","url":"https:\/\/vieassociative.be\/actualites\/wp-content\/uploads\/2024\/09\/vie-associative-1-150x150.jpg","contentUrl":"https:\/\/vieassociative.be\/actualites\/wp-content\/uploads\/2024\/09\/vie-associative-1-150x150.jpg","caption":"Julien"},"description":"Je suis Julien, r\u00e9dacteur pour Vie Associative. Passionn\u00e9 par le monde associatif depuis plus de 10 ans, j'ai \u00e0 c\u0153ur de partager des histoires inspirantes et de mettre en lumi\u00e8re les initiatives locales. Mon objectif est de sensibiliser et d'encourager l'engagement communautaire \u00e0 travers mes articles.","sameAs":["https:\/\/vieassociative.be\/"]}]}},"_links":{"self":[{"href":"https:\/\/vieassociative.be\/actualites\/wp-json\/wp\/v2\/posts\/681"}],"collection":[{"href":"https:\/\/vieassociative.be\/actualites\/wp-json\/wp\/v2\/posts"}],"about":[{"href":"https:\/\/vieassociative.be\/actualites\/wp-json\/wp\/v2\/types\/post"}],"author":[{"embeddable":true,"href":"https:\/\/vieassociative.be\/actualites\/wp-json\/wp\/v2\/users\/1"}],"replies":[{"embeddable":true,"href":"https:\/\/vieassociative.be\/actualites\/wp-json\/wp\/v2\/comments?post=681"}],"version-history":[{"count":0,"href":"https:\/\/vieassociative.be\/actualites\/wp-json\/wp\/v2\/posts\/681\/revisions"}],"wp:featuredmedia":[{"embeddable":true,"href":"https:\/\/vieassociative.be\/actualites\/wp-json\/wp\/v2\/media\/682"}],"wp:attachment":[{"href":"https:\/\/vieassociative.be\/actualites\/wp-json\/wp\/v2\/media?parent=681"}],"wp:term":[{"taxonomy":"category","embeddable":true,"href":"https:\/\/vieassociative.be\/actualites\/wp-json\/wp\/v2\/categories?post=681"},{"taxonomy":"post_tag","embeddable":true,"href":"https:\/\/vieassociative.be\/actualites\/wp-json\/wp\/v2\/tags?post=681"}],"curies":[{"name":"wp","href":"https:\/\/api.w.org\/{rel}","templated":true}]}}