{"id":6801,"date":"2025-04-17T16:18:05","date_gmt":"2025-04-17T14:18:05","guid":{"rendered":"https:\/\/vieassociative.be\/actualites\/le-brf-est-comme-le-as-eupen-les-deux-sur-le-kehrweg-a-la-fois-80-ans-et-les-deux-numero-1-dans-la-region\/"},"modified":"2025-04-17T16:18:05","modified_gmt":"2025-04-17T14:18:05","slug":"le-brf-est-comme-le-as-eupen-les-deux-sur-le-kehrweg-a-la-fois-80-ans-et-les-deux-numero-1-dans-la-region","status":"publish","type":"post","link":"https:\/\/vieassociative.be\/actualites\/le-brf-est-comme-le-as-eupen-les-deux-sur-le-kehrweg-a-la-fois-80-ans-et-les-deux-numero-1-dans-la-region\/","title":{"rendered":"Le BRF est comme le AS Eupen: les deux sur le Kehrweg, \u00e0 la fois 80 ans et les deux num\u00e9ro 1 dans la r\u00e9gion"},"content":{"rendered":"<p><strong>Qu&rsquo;est-ce que le BRF et l&rsquo;Eupen ont en commun? Tout le monde en Belgique de l&rsquo;Est les conna\u00eet, pour de nombreux Belges orientaux, ils font partie de leur vie quotidienne, mais surtout les deux sont bas\u00e9s sur l&rsquo;Eupener Kehrweg &#8211; et ce qui est encore plus important: les deux c\u00e9l\u00e8brent leur 80e anniversaire cette ann\u00e9e.<\/strong><\/p>\n<p><span id=\"more-413575\"><\/span>Le 26 ao\u00fbt 1945, alors qu&rsquo;Eupen jouait son tout premier match. Un mois plus tard, le 1er octobre 1945, la radio belge, qui s&rsquo;appelait initialement BHF, a envoy\u00e9 la premi\u00e8re \u00ab\u00a0diffusion en allemand pour les r\u00e9sidents des cantons orientaux belges\u00a0\u00bb \u00e0 Bruxelles.<\/p>\n<p>80 ans plus tard, les deux sont encore num\u00e9ro 1 dans leur industrie, comme parmi les clubs de football belge orientale et le BRF parmi les cha\u00eenes de radio et de t\u00e9l\u00e9vision locales. N\u00e9anmoins, les deux doivent se battre dur pour rester num\u00e9ro 1. Et cela co\u00fbte beaucoup d&rsquo;argent.<\/p>\n<div id=\"attachment_413590\" class=\"wp-caption alignleft\" style=\"max-width: 300px\"><img fetchpriority=\"high\" decoding=\"async\" class=\"wp-image-413590 size-medium\" src=\"https:\/\/vieassociative.be\/actualites\/wp-content\/uploads\/2025\/04\/Le-BRF-est-comme-le-AS-Eupen-les-deux-sur.jpg\" alt=\"\" width=\"300\" height=\"225\"  ><\/p>\n<p class=\"wp-caption-text\">Le ministre DG Gregor Cheeky, responsable des m\u00e9dias, existait lors de la pr\u00e9sentation du programme de festival pour le 80e anniversaire du BRF. Photo: Helmut Koch<\/p>\n<\/div>\n<p>Le directeur du BRF, Alain Kniebs, a d\u00e9clar\u00e9 que lorsque l&rsquo;\u00e9mission a \u00e9t\u00e9 pr\u00e9sent\u00e9e avec le 80e anniversaire: \u00ab\u00a0Avec nos utilisateurs, nous voulons regarder en arri\u00e8re 80 ans de radio et de t\u00e9l\u00e9vision en Belgique orientale. La radiodiffusion et nos offres num\u00e9riques, sont toujours proches des gens et de leurs besoins. \u00bb<\/p>\n<p>Pour l&rsquo;homme de 80 ans, le BRF ouvre ses archives pour la premi\u00e8re fois. Les utilisateurs se lancent dans un voyage num\u00e9rique \u00e0 travers le temps de huit d\u00e9cennies (est) l&rsquo;histoire belge sous brf.be\/ zeitreise. Il y a des faits dr\u00f4les, remarquables et int\u00e9ressants dans l&rsquo;image et le son.<\/p>\n<p>De la fin avril \u00e0 la fin de septembre, l&rsquo;exposition de disques \u00ab\u00a080 ans de huit d\u00e9cennies d&rsquo;histoire musicale\u00a0\u00bb peut \u00eatre vue dans la BRF Radio House. L&rsquo;exposition est ouverte avec une \u00e9mission Oldies Special sur BRF1 Live du Radio House Foyer, \u00e0 laquelle les auditeurs sont invit\u00e9s, \u00e0 venir avec vous. D\u00e9but octobre, l&rsquo;exposition peut \u00eatre vue dans le triangle St. Vith pendant deux semaines.<\/p>\n<div id=\"attachment_6505\" class=\"wp-caption alignleft\" style=\"max-width: 300px\"><img decoding=\"async\" class=\"wp-image-6505 size-medium\" src=\"https:\/\/vieassociative.be\/actualites\/wp-content\/uploads\/2025\/04\/1744899485_994_Le-BRF-est-comme-le-AS-Eupen-les-deux-sur.jpg\" alt=\"Jennige Thomas der Election of Engels New\" width=\"300\" height=\"190\"><\/p>\n<p class=\"wp-caption-text\">C&rsquo;\u00e9tait \u00e0 la m\u00eame \u00e9poque: Freddy Derahl (M) en tant que r\u00e9dacteur en chef de Round-Fund au BHF avec les coll\u00e8gues Peter Thomas (L) et Hans Engels (R). Photo: brf<\/p>\n<\/div>\n<p>Le BRF pr\u00e9sente des concerts de divers genres (classiques, pop \/ rock et jazz) \u00e0 Eupen et St. Vith. En juin, l&rsquo;occasion de l&rsquo;anniversaire du BRF est au premier plan: il nage et se dilotte dans l&rsquo;est de la Belgique et vaut de l&rsquo;argent.<\/p>\n<p>Le 29 juin, le BRF vous invite au grand jour de la journ\u00e9e portes ouvertes au Funkhaus Am Kehrweg \u00e0 Eupen. En plus des visites en studio et de l&rsquo;animation pour enfants, des \u00e9missions et des concerts en direct sont \u00e9galement propos\u00e9s dans le chapiteau. D\u00e9couvrez les mod\u00e9rateurs pr\u00e9f\u00e9r\u00e9s de pr\u00e8s, jetez un coup d&rsquo;\u0153il dans les coulisses, participez aux comp\u00e9titions et adh\u00e9rez aux souvenirs de la bo\u00eete photo: nos visiteurs peuvent attendre tout cela.<\/p>\n<p>Vers l&rsquo;anniversaire le 1er octobre, il y aura une c\u00e9r\u00e9monie officielle dans le funkhaus et un \u00e9v\u00e9nement dans l&rsquo;ancien Funkhaus Flagey \u00e0 Bruxelles. Dans le programme BRF, l&rsquo;histoire de 80 ans du diffuseur est \u00e9galement un objectif au cours de cette p\u00e9riode. (Cre)<\/p>\n","protected":false},"excerpt":{"rendered":"<p>Qu&rsquo;est-ce que le BRF et l&rsquo;Eupen ont en commun? Tout le monde en Belgique de l&rsquo;Est les conna\u00eet, pour de nombreux Belges orientaux, ils font<\/p>\n","protected":false},"author":1,"featured_media":6802,"comment_status":"","ping_status":"","sticky":false,"template":"","format":"standard","meta":{"footnotes":""},"categories":[298],"tags":[584,3600,1254,166,114,76,2329,774,2500,14,1550,4041,33],"class_list":["post-6801","post","type-post","status-publish","format-standard","has-post-thumbnail","hentry","category-belgique","tag-ans","tag-brf","tag-comme","tag-dans","tag-deux","tag-est","tag-eupen","tag-fois","tag-kehrweg","tag-les","tag-numero","tag-region","tag-sur","generate-columns","tablet-grid-50","mobile-grid-100","grid-parent","grid-33"],"yoast_head":"<!-- This site is optimized with the Yoast SEO plugin v24.0 - https:\/\/yoast.com\/wordpress\/plugins\/seo\/ -->\n<title>Le BRF est comme le AS Eupen: les deux sur le Kehrweg, \u00e0 la fois 80 ans et les deux num\u00e9ro 1 dans la r\u00e9gion | Vie Associative<\/title>\n<meta name=\"robots\" content=\"index, follow, max-snippet:-1, max-image-preview:large, max-video-preview:-1\" \/>\n<link rel=\"canonical\" href=\"https:\/\/vieassociative.be\/actualites\/le-brf-est-comme-le-as-eupen-les-deux-sur-le-kehrweg-a-la-fois-80-ans-et-les-deux-numero-1-dans-la-region\/\" \/>\n<meta property=\"og:locale\" content=\"fr_FR\" \/>\n<meta property=\"og:type\" content=\"article\" \/>\n<meta property=\"og:title\" content=\"Le BRF est comme le AS Eupen: les deux sur le Kehrweg, \u00e0 la fois 80 ans et les deux num\u00e9ro 1 dans la r\u00e9gion | Vie Associative\" \/>\n<meta property=\"og:description\" content=\"Qu&rsquo;est-ce que le BRF et l&rsquo;Eupen ont en commun? Tout le monde en Belgique de l&rsquo;Est les conna\u00eet, pour de nombreux Belges orientaux, ils font\" \/>\n<meta property=\"og:url\" content=\"https:\/\/vieassociative.be\/actualites\/le-brf-est-comme-le-as-eupen-les-deux-sur-le-kehrweg-a-la-fois-80-ans-et-les-deux-numero-1-dans-la-region\/\" \/>\n<meta property=\"og:site_name\" content=\"Vie Associative\" \/>\n<meta property=\"article:published_time\" content=\"2025-04-17T14:18:05+00:00\" \/>\n<meta property=\"og:image\" content=\"https:\/\/vieassociative.be\/actualites\/wp-content\/uploads\/2024\/09\/header_backgroundk-01-e1726694325946.png\" \/>\n\t<meta property=\"og:image:width\" content=\"279\" \/>\n\t<meta property=\"og:image:height\" content=\"92\" \/>\n\t<meta property=\"og:image:type\" content=\"image\/png\" \/>\n<meta name=\"author\" content=\"Julien\" \/>\n<meta name=\"twitter:card\" content=\"summary_large_image\" \/>\n<meta name=\"twitter:label1\" content=\"\u00c9crit par\" \/>\n\t<meta name=\"twitter:data1\" content=\"Julien\" \/>\n\t<meta name=\"twitter:label2\" content=\"Dur\u00e9e de lecture est.\" \/>\n\t<meta name=\"twitter:data2\" content=\"3 minutes\" \/>\n<script type=\"application\/ld+json\" class=\"yoast-schema-graph\">{\"@context\":\"https:\/\/schema.org\",\"@graph\":[{\"@type\":\"Article\",\"@id\":\"https:\/\/vieassociative.be\/actualites\/le-brf-est-comme-le-as-eupen-les-deux-sur-le-kehrweg-a-la-fois-80-ans-et-les-deux-numero-1-dans-la-region\/#article\",\"isPartOf\":{\"@id\":\"https:\/\/vieassociative.be\/actualites\/le-brf-est-comme-le-as-eupen-les-deux-sur-le-kehrweg-a-la-fois-80-ans-et-les-deux-numero-1-dans-la-region\/\"},\"author\":{\"name\":\"Julien\",\"@id\":\"https:\/\/vieassociative.be\/actualites\/#\/schema\/person\/b87ac4f82f9d4e7b7cec7395b679edc4\"},\"headline\":\"Le BRF est comme le AS Eupen: les deux sur le Kehrweg, \u00e0 la fois 80 ans et les deux num\u00e9ro 1 dans la r\u00e9gion\",\"datePublished\":\"2025-04-17T14:18:05+00:00\",\"dateModified\":\"2025-04-17T14:18:05+00:00\",\"mainEntityOfPage\":{\"@id\":\"https:\/\/vieassociative.be\/actualites\/le-brf-est-comme-le-as-eupen-les-deux-sur-le-kehrweg-a-la-fois-80-ans-et-les-deux-numero-1-dans-la-region\/\"},\"wordCount\":610,\"publisher\":{\"@id\":\"https:\/\/vieassociative.be\/actualites\/#organization\"},\"image\":{\"@id\":\"https:\/\/vieassociative.be\/actualites\/le-brf-est-comme-le-as-eupen-les-deux-sur-le-kehrweg-a-la-fois-80-ans-et-les-deux-numero-1-dans-la-region\/#primaryimage\"},\"thumbnailUrl\":\"https:\/\/vieassociative.be\/actualites\/wp-content\/uploads\/2025\/04\/1744899485_Le-BRF-est-comme-le-AS-Eupen-les-deux-sur.jpg\",\"keywords\":[\"ans\",\"BRF\",\"comme\",\"dans\",\"deux\",\"est\",\"Eupen\",\"fois\",\"Kehrweg\",\"Les\",\"num\u00e9ro\",\"R\u00e9gion\",\"sur\"],\"articleSection\":[\"Belgique\"],\"inLanguage\":\"fr-BE\"},{\"@type\":\"WebPage\",\"@id\":\"https:\/\/vieassociative.be\/actualites\/le-brf-est-comme-le-as-eupen-les-deux-sur-le-kehrweg-a-la-fois-80-ans-et-les-deux-numero-1-dans-la-region\/\",\"url\":\"https:\/\/vieassociative.be\/actualites\/le-brf-est-comme-le-as-eupen-les-deux-sur-le-kehrweg-a-la-fois-80-ans-et-les-deux-numero-1-dans-la-region\/\",\"name\":\"Le BRF est comme le AS Eupen: les deux sur le Kehrweg, \u00e0 la fois 80 ans et les deux num\u00e9ro 1 dans la r\u00e9gion | Vie Associative\",\"isPartOf\":{\"@id\":\"https:\/\/vieassociative.be\/actualites\/#website\"},\"primaryImageOfPage\":{\"@id\":\"https:\/\/vieassociative.be\/actualites\/le-brf-est-comme-le-as-eupen-les-deux-sur-le-kehrweg-a-la-fois-80-ans-et-les-deux-numero-1-dans-la-region\/#primaryimage\"},\"image\":{\"@id\":\"https:\/\/vieassociative.be\/actualites\/le-brf-est-comme-le-as-eupen-les-deux-sur-le-kehrweg-a-la-fois-80-ans-et-les-deux-numero-1-dans-la-region\/#primaryimage\"},\"thumbnailUrl\":\"https:\/\/vieassociative.be\/actualites\/wp-content\/uploads\/2025\/04\/1744899485_Le-BRF-est-comme-le-AS-Eupen-les-deux-sur.jpg\",\"datePublished\":\"2025-04-17T14:18:05+00:00\",\"dateModified\":\"2025-04-17T14:18:05+00:00\",\"breadcrumb\":{\"@id\":\"https:\/\/vieassociative.be\/actualites\/le-brf-est-comme-le-as-eupen-les-deux-sur-le-kehrweg-a-la-fois-80-ans-et-les-deux-numero-1-dans-la-region\/#breadcrumb\"},\"inLanguage\":\"fr-BE\",\"potentialAction\":[{\"@type\":\"ReadAction\",\"target\":[\"https:\/\/vieassociative.be\/actualites\/le-brf-est-comme-le-as-eupen-les-deux-sur-le-kehrweg-a-la-fois-80-ans-et-les-deux-numero-1-dans-la-region\/\"]}]},{\"@type\":\"ImageObject\",\"inLanguage\":\"fr-BE\",\"@id\":\"https:\/\/vieassociative.be\/actualites\/le-brf-est-comme-le-as-eupen-les-deux-sur-le-kehrweg-a-la-fois-80-ans-et-les-deux-numero-1-dans-la-region\/#primaryimage\",\"url\":\"https:\/\/vieassociative.be\/actualites\/wp-content\/uploads\/2025\/04\/1744899485_Le-BRF-est-comme-le-AS-Eupen-les-deux-sur.jpg\",\"contentUrl\":\"https:\/\/vieassociative.be\/actualites\/wp-content\/uploads\/2025\/04\/1744899485_Le-BRF-est-comme-le-AS-Eupen-les-deux-sur.jpg\",\"width\":1200,\"height\":900,\"caption\":\"Le BRF est comme le AS Eupen: les deux sur le Kehrweg, \u00e0 la fois 80 ans et les deux num\u00e9ro 1 dans la r\u00e9gion\"},{\"@type\":\"BreadcrumbList\",\"@id\":\"https:\/\/vieassociative.be\/actualites\/le-brf-est-comme-le-as-eupen-les-deux-sur-le-kehrweg-a-la-fois-80-ans-et-les-deux-numero-1-dans-la-region\/#breadcrumb\",\"itemListElement\":[{\"@type\":\"ListItem\",\"position\":1,\"name\":\"Accueil\",\"item\":\"https:\/\/vieassociative.be\/actualites\/\"},{\"@type\":\"ListItem\",\"position\":2,\"name\":\"Le BRF est comme le AS Eupen: les deux sur le Kehrweg, \u00e0 la fois 80 ans et les deux num\u00e9ro 1 dans la r\u00e9gion\"}]},{\"@type\":\"WebSite\",\"@id\":\"https:\/\/vieassociative.be\/actualites\/#website\",\"url\":\"https:\/\/vieassociative.be\/actualites\/\",\"name\":\"Vie Associative\",\"description\":\"\",\"publisher\":{\"@id\":\"https:\/\/vieassociative.be\/actualites\/#organization\"},\"potentialAction\":[{\"@type\":\"SearchAction\",\"target\":{\"@type\":\"EntryPoint\",\"urlTemplate\":\"https:\/\/vieassociative.be\/actualites\/?s={search_term_string}\"},\"query-input\":{\"@type\":\"PropertyValueSpecification\",\"valueRequired\":true,\"valueName\":\"search_term_string\"}}],\"inLanguage\":\"fr-BE\"},{\"@type\":\"Organization\",\"@id\":\"https:\/\/vieassociative.be\/actualites\/#organization\",\"name\":\"Vie Associative\",\"url\":\"https:\/\/vieassociative.be\/actualites\/\",\"logo\":{\"@type\":\"ImageObject\",\"inLanguage\":\"fr-BE\",\"@id\":\"https:\/\/vieassociative.be\/actualites\/#\/schema\/logo\/image\/\",\"url\":\"https:\/\/vieassociative.be\/actualites\/wp-content\/uploads\/2024\/09\/cropped-vieassociative_favicon.ico.png\",\"contentUrl\":\"https:\/\/vieassociative.be\/actualites\/wp-content\/uploads\/2024\/09\/cropped-vieassociative_favicon.ico.png\",\"width\":512,\"height\":512,\"caption\":\"Vie Associative\"},\"image\":{\"@id\":\"https:\/\/vieassociative.be\/actualites\/#\/schema\/logo\/image\/\"}},{\"@type\":\"Person\",\"@id\":\"https:\/\/vieassociative.be\/actualites\/#\/schema\/person\/b87ac4f82f9d4e7b7cec7395b679edc4\",\"name\":\"Julien\",\"image\":{\"@type\":\"ImageObject\",\"inLanguage\":\"fr-BE\",\"@id\":\"https:\/\/vieassociative.be\/actualites\/#\/schema\/person\/image\/\",\"url\":\"https:\/\/vieassociative.be\/actualites\/wp-content\/uploads\/2024\/09\/vie-associative-1-150x150.jpg\",\"contentUrl\":\"https:\/\/vieassociative.be\/actualites\/wp-content\/uploads\/2024\/09\/vie-associative-1-150x150.jpg\",\"caption\":\"Julien\"},\"description\":\"Je suis Julien, r\u00e9dacteur pour Vie Associative. Passionn\u00e9 par le monde associatif depuis plus de 10 ans, j'ai \u00e0 c\u0153ur de partager des histoires inspirantes et de mettre en lumi\u00e8re les initiatives locales. Mon objectif est de sensibiliser et d'encourager l'engagement communautaire \u00e0 travers mes articles.\",\"sameAs\":[\"https:\/\/vieassociative.be\/\"]}]}<\/script>\n<!-- \/ Yoast SEO plugin. -->","yoast_head_json":{"title":"Le BRF est comme le AS Eupen: les deux sur le Kehrweg, \u00e0 la fois 80 ans et les deux num\u00e9ro 1 dans la r\u00e9gion | Vie Associative","robots":{"index":"index","follow":"follow","max-snippet":"max-snippet:-1","max-image-preview":"max-image-preview:large","max-video-preview":"max-video-preview:-1"},"canonical":"https:\/\/vieassociative.be\/actualites\/le-brf-est-comme-le-as-eupen-les-deux-sur-le-kehrweg-a-la-fois-80-ans-et-les-deux-numero-1-dans-la-region\/","og_locale":"fr_FR","og_type":"article","og_title":"Le BRF est comme le AS Eupen: les deux sur le Kehrweg, \u00e0 la fois 80 ans et les deux num\u00e9ro 1 dans la r\u00e9gion | Vie Associative","og_description":"Qu&rsquo;est-ce que le BRF et l&rsquo;Eupen ont en commun? Tout le monde en Belgique de l&rsquo;Est les conna\u00eet, pour de nombreux Belges orientaux, ils font","og_url":"https:\/\/vieassociative.be\/actualites\/le-brf-est-comme-le-as-eupen-les-deux-sur-le-kehrweg-a-la-fois-80-ans-et-les-deux-numero-1-dans-la-region\/","og_site_name":"Vie Associative","article_published_time":"2025-04-17T14:18:05+00:00","og_image":[{"width":279,"height":92,"url":"https:\/\/vieassociative.be\/actualites\/wp-content\/uploads\/2024\/09\/header_backgroundk-01-e1726694325946.png","type":"image\/png"}],"author":"Julien","twitter_card":"summary_large_image","twitter_misc":{"\u00c9crit par":"Julien","Dur\u00e9e de lecture est.":"3 minutes"},"schema":{"@context":"https:\/\/schema.org","@graph":[{"@type":"Article","@id":"https:\/\/vieassociative.be\/actualites\/le-brf-est-comme-le-as-eupen-les-deux-sur-le-kehrweg-a-la-fois-80-ans-et-les-deux-numero-1-dans-la-region\/#article","isPartOf":{"@id":"https:\/\/vieassociative.be\/actualites\/le-brf-est-comme-le-as-eupen-les-deux-sur-le-kehrweg-a-la-fois-80-ans-et-les-deux-numero-1-dans-la-region\/"},"author":{"name":"Julien","@id":"https:\/\/vieassociative.be\/actualites\/#\/schema\/person\/b87ac4f82f9d4e7b7cec7395b679edc4"},"headline":"Le BRF est comme le AS Eupen: les deux sur le Kehrweg, \u00e0 la fois 80 ans et les deux num\u00e9ro 1 dans la r\u00e9gion","datePublished":"2025-04-17T14:18:05+00:00","dateModified":"2025-04-17T14:18:05+00:00","mainEntityOfPage":{"@id":"https:\/\/vieassociative.be\/actualites\/le-brf-est-comme-le-as-eupen-les-deux-sur-le-kehrweg-a-la-fois-80-ans-et-les-deux-numero-1-dans-la-region\/"},"wordCount":610,"publisher":{"@id":"https:\/\/vieassociative.be\/actualites\/#organization"},"image":{"@id":"https:\/\/vieassociative.be\/actualites\/le-brf-est-comme-le-as-eupen-les-deux-sur-le-kehrweg-a-la-fois-80-ans-et-les-deux-numero-1-dans-la-region\/#primaryimage"},"thumbnailUrl":"https:\/\/vieassociative.be\/actualites\/wp-content\/uploads\/2025\/04\/1744899485_Le-BRF-est-comme-le-AS-Eupen-les-deux-sur.jpg","keywords":["ans","BRF","comme","dans","deux","est","Eupen","fois","Kehrweg","Les","num\u00e9ro","R\u00e9gion","sur"],"articleSection":["Belgique"],"inLanguage":"fr-BE"},{"@type":"WebPage","@id":"https:\/\/vieassociative.be\/actualites\/le-brf-est-comme-le-as-eupen-les-deux-sur-le-kehrweg-a-la-fois-80-ans-et-les-deux-numero-1-dans-la-region\/","url":"https:\/\/vieassociative.be\/actualites\/le-brf-est-comme-le-as-eupen-les-deux-sur-le-kehrweg-a-la-fois-80-ans-et-les-deux-numero-1-dans-la-region\/","name":"Le BRF est comme le AS Eupen: les deux sur le Kehrweg, \u00e0 la fois 80 ans et les deux num\u00e9ro 1 dans la r\u00e9gion | Vie Associative","isPartOf":{"@id":"https:\/\/vieassociative.be\/actualites\/#website"},"primaryImageOfPage":{"@id":"https:\/\/vieassociative.be\/actualites\/le-brf-est-comme-le-as-eupen-les-deux-sur-le-kehrweg-a-la-fois-80-ans-et-les-deux-numero-1-dans-la-region\/#primaryimage"},"image":{"@id":"https:\/\/vieassociative.be\/actualites\/le-brf-est-comme-le-as-eupen-les-deux-sur-le-kehrweg-a-la-fois-80-ans-et-les-deux-numero-1-dans-la-region\/#primaryimage"},"thumbnailUrl":"https:\/\/vieassociative.be\/actualites\/wp-content\/uploads\/2025\/04\/1744899485_Le-BRF-est-comme-le-AS-Eupen-les-deux-sur.jpg","datePublished":"2025-04-17T14:18:05+00:00","dateModified":"2025-04-17T14:18:05+00:00","breadcrumb":{"@id":"https:\/\/vieassociative.be\/actualites\/le-brf-est-comme-le-as-eupen-les-deux-sur-le-kehrweg-a-la-fois-80-ans-et-les-deux-numero-1-dans-la-region\/#breadcrumb"},"inLanguage":"fr-BE","potentialAction":[{"@type":"ReadAction","target":["https:\/\/vieassociative.be\/actualites\/le-brf-est-comme-le-as-eupen-les-deux-sur-le-kehrweg-a-la-fois-80-ans-et-les-deux-numero-1-dans-la-region\/"]}]},{"@type":"ImageObject","inLanguage":"fr-BE","@id":"https:\/\/vieassociative.be\/actualites\/le-brf-est-comme-le-as-eupen-les-deux-sur-le-kehrweg-a-la-fois-80-ans-et-les-deux-numero-1-dans-la-region\/#primaryimage","url":"https:\/\/vieassociative.be\/actualites\/wp-content\/uploads\/2025\/04\/1744899485_Le-BRF-est-comme-le-AS-Eupen-les-deux-sur.jpg","contentUrl":"https:\/\/vieassociative.be\/actualites\/wp-content\/uploads\/2025\/04\/1744899485_Le-BRF-est-comme-le-AS-Eupen-les-deux-sur.jpg","width":1200,"height":900,"caption":"Le BRF est comme le AS Eupen: les deux sur le Kehrweg, \u00e0 la fois 80 ans et les deux num\u00e9ro 1 dans la r\u00e9gion"},{"@type":"BreadcrumbList","@id":"https:\/\/vieassociative.be\/actualites\/le-brf-est-comme-le-as-eupen-les-deux-sur-le-kehrweg-a-la-fois-80-ans-et-les-deux-numero-1-dans-la-region\/#breadcrumb","itemListElement":[{"@type":"ListItem","position":1,"name":"Accueil","item":"https:\/\/vieassociative.be\/actualites\/"},{"@type":"ListItem","position":2,"name":"Le BRF est comme le AS Eupen: les deux sur le Kehrweg, \u00e0 la fois 80 ans et les deux num\u00e9ro 1 dans la r\u00e9gion"}]},{"@type":"WebSite","@id":"https:\/\/vieassociative.be\/actualites\/#website","url":"https:\/\/vieassociative.be\/actualites\/","name":"Vie Associative","description":"","publisher":{"@id":"https:\/\/vieassociative.be\/actualites\/#organization"},"potentialAction":[{"@type":"SearchAction","target":{"@type":"EntryPoint","urlTemplate":"https:\/\/vieassociative.be\/actualites\/?s={search_term_string}"},"query-input":{"@type":"PropertyValueSpecification","valueRequired":true,"valueName":"search_term_string"}}],"inLanguage":"fr-BE"},{"@type":"Organization","@id":"https:\/\/vieassociative.be\/actualites\/#organization","name":"Vie Associative","url":"https:\/\/vieassociative.be\/actualites\/","logo":{"@type":"ImageObject","inLanguage":"fr-BE","@id":"https:\/\/vieassociative.be\/actualites\/#\/schema\/logo\/image\/","url":"https:\/\/vieassociative.be\/actualites\/wp-content\/uploads\/2024\/09\/cropped-vieassociative_favicon.ico.png","contentUrl":"https:\/\/vieassociative.be\/actualites\/wp-content\/uploads\/2024\/09\/cropped-vieassociative_favicon.ico.png","width":512,"height":512,"caption":"Vie Associative"},"image":{"@id":"https:\/\/vieassociative.be\/actualites\/#\/schema\/logo\/image\/"}},{"@type":"Person","@id":"https:\/\/vieassociative.be\/actualites\/#\/schema\/person\/b87ac4f82f9d4e7b7cec7395b679edc4","name":"Julien","image":{"@type":"ImageObject","inLanguage":"fr-BE","@id":"https:\/\/vieassociative.be\/actualites\/#\/schema\/person\/image\/","url":"https:\/\/vieassociative.be\/actualites\/wp-content\/uploads\/2024\/09\/vie-associative-1-150x150.jpg","contentUrl":"https:\/\/vieassociative.be\/actualites\/wp-content\/uploads\/2024\/09\/vie-associative-1-150x150.jpg","caption":"Julien"},"description":"Je suis Julien, r\u00e9dacteur pour Vie Associative. Passionn\u00e9 par le monde associatif depuis plus de 10 ans, j'ai \u00e0 c\u0153ur de partager des histoires inspirantes et de mettre en lumi\u00e8re les initiatives locales. Mon objectif est de sensibiliser et d'encourager l'engagement communautaire \u00e0 travers mes articles.","sameAs":["https:\/\/vieassociative.be\/"]}]}},"_links":{"self":[{"href":"https:\/\/vieassociative.be\/actualites\/wp-json\/wp\/v2\/posts\/6801"}],"collection":[{"href":"https:\/\/vieassociative.be\/actualites\/wp-json\/wp\/v2\/posts"}],"about":[{"href":"https:\/\/vieassociative.be\/actualites\/wp-json\/wp\/v2\/types\/post"}],"author":[{"embeddable":true,"href":"https:\/\/vieassociative.be\/actualites\/wp-json\/wp\/v2\/users\/1"}],"replies":[{"embeddable":true,"href":"https:\/\/vieassociative.be\/actualites\/wp-json\/wp\/v2\/comments?post=6801"}],"version-history":[{"count":0,"href":"https:\/\/vieassociative.be\/actualites\/wp-json\/wp\/v2\/posts\/6801\/revisions"}],"wp:featuredmedia":[{"embeddable":true,"href":"https:\/\/vieassociative.be\/actualites\/wp-json\/wp\/v2\/media\/6802"}],"wp:attachment":[{"href":"https:\/\/vieassociative.be\/actualites\/wp-json\/wp\/v2\/media?parent=6801"}],"wp:term":[{"taxonomy":"category","embeddable":true,"href":"https:\/\/vieassociative.be\/actualites\/wp-json\/wp\/v2\/categories?post=6801"},{"taxonomy":"post_tag","embeddable":true,"href":"https:\/\/vieassociative.be\/actualites\/wp-json\/wp\/v2\/tags?post=6801"}],"curies":[{"name":"wp","href":"https:\/\/api.w.org\/{rel}","templated":true}]}}