{"id":6799,"date":"2025-04-17T15:17:37","date_gmt":"2025-04-17T13:17:37","guid":{"rendered":"https:\/\/vieassociative.be\/actualites\/ces-ecouteurs-samsung-galaxy-sont-a-leur-prix-le-plus-bas-pour-ce-moment\/"},"modified":"2025-04-17T15:17:37","modified_gmt":"2025-04-17T13:17:37","slug":"ces-ecouteurs-samsung-galaxy-sont-a-leur-prix-le-plus-bas-pour-ce-moment","status":"publish","type":"post","link":"https:\/\/vieassociative.be\/actualites\/ces-ecouteurs-samsung-galaxy-sont-a-leur-prix-le-plus-bas-pour-ce-moment\/","title":{"rendered":"Ces \u00e9couteurs Samsung Galaxy sont \u00e0 leur prix le plus bas pour ce moment"},"content":{"rendered":"<div class=\"mt-4 leading-6 md:mb-8\">Ces bourgeons ont le plus de sens si vous utilisez d\u00e9j\u00e0 des appareils Galaxy.<\/div>\n<p><\/p>\n<p>Les Samsung Galaxy Buds Fe sont en baisse \u00e0 47,99 $ sur Woot en ce moment &#8211; leur prix le plus bas \u00e0 ce jour, selon Price Trackers. C&rsquo;est un solide 22 $ moins cher que la liste actuelle d&rsquo;Amazon \u00e0 69,99 $. Cet accord est en direct pendant deux semaines ou jusqu&rsquo;\u00e0 ce qu&rsquo;il se vende, et il est livr\u00e9 avec une garantie limit\u00e9e Woot de 90 jours. Si vous \u00eates un membre privil\u00e9gi\u00e9, vous obtiendrez la livraison gratuite, sinon, il y a des frais d&rsquo;exp\u00e9dition de 6 $. <\/p>\n<div class=\"pogoClear mb-12 mt-10 rounded-md border-2 border-gray-100 py-7 shadow-xl md:py-6\">\n<div class=\"flex flex-wrap justify-between px-7 text-black no-underline md:flex-nowrap md:px-8\">\n<div class=\"order-1 mx-auto flex flex-col justify-center md:order-2 md:ml-4 md:w-full md:grow\">\n<div class=\"block cursor-pointer text-center font-akshar text-2xl font-medium leading-7 text-brand-green duration-200 ease-in-out hover:text-brand-green-700 md:text-left md:text-xl md:leading-6\">Samsung Galaxy Buds Fe\n                <\/div>\n<div class=\"mt-4 hidden md:flex md:justify-between\">\n<div class=\"self-end\">\n<div class=\"mb-0 h-11 md:flex md:flex-col md:justify-center\">\n<div class=\" font-sans leading-4 text-black\">\n<div class=\"flex flex-wrap items-center justify-center gap-x-1 md:justify-start\">\n        <span class=\"font-bold\"><\/p>\n<p>            47,99 $<br \/>\n                            <span class=\"font-medium\">\u00e0 Woot<\/span><br \/>\n                    <\/span>\n            <\/div>\n<div class=\"flex items-center justify-center gap-x-1 font-bold md:justify-start\">\n            <span class=\"text-sm line-through\">99,99 $<\/span><br \/>\n            <span class=\"text-sm text-brand-green\">\u00c9conomisez 52,00 $<\/span>\n        <\/div>\n<\/p><\/div>\n<\/p><\/div>\n<\/p><\/div>\n<div class=\"w-44 self-end\">\n                            <button class=\"flex justify-center items-center w-full bg-brand-green text-white text-base font-sans font-medium rounded-md hover:bg-brand-green-700 hover:cursor-pointer md:text-sm h-11\"><\/p>\n<p>    Conclure un accord<br \/>\n<\/button>\n                        <\/div>\n<\/p><\/div>\n<\/p><\/div>\n<div class=\"order-2 mt-5 h-auto w-full md:order-1 md:mt-0 md:hidden\">\n<div class=\"flex aspect-video items-center justify-center\">\n                                            <img decoding=\"async\" class=\"m-0 max-h-full max-w-full rounded-md\" src=\"https:\/\/vieassociative.be\/actualites\/wp-content\/uploads\/2025\/04\/Ces-ecouteurs-Samsung-Galaxy-sont-a-leur-prix-le-plus.png\" alt=\"Samsung Galaxy Buds Fe\" width=\"auto\" height=\"auto\" loading=\"lazy\">\n                                    <\/div>\n<\/p><\/div>\n<div class=\"order-2 ml-2 hidden w-32 shrink-0 items-center md:order-1 md:ml-0 md:flex\">\n<div class=\"flex aspect-video items-center justify-center\">\n                                            <img decoding=\"async\" class=\"m-0 max-h-full max-w-full rounded-md\" src=\"https:\/\/vieassociative.be\/actualites\/wp-content\/uploads\/2025\/04\/Ces-ecouteurs-Samsung-Galaxy-sont-a-leur-prix-le-plus.png\" alt=\"Samsung Galaxy Buds Fe\" width=\"auto\" height=\"auto\" loading=\"lazy\">\n                                    <\/div>\n<\/p><\/div>\n<div class=\"order-3 flex grow flex-wrap md:hidden md:grow-0\">\n<div class=\"mt-4 w-full\">\n                        <button class=\"flex justify-center items-center w-full bg-brand-green text-white text-base font-sans font-medium rounded-md hover:bg-brand-green-700 hover:cursor-pointer md:text-sm h-11\"><\/p>\n<p>    Conclure un accord<br \/>\n<\/button>\n                    <\/div>\n<div class=\"mx-2 mt-4 w-full\">\n<div class=\" font-sans leading-4 text-black\">\n<div class=\"flex flex-wrap items-center justify-center gap-x-1 md:justify-start\">\n        <span class=\"font-bold\"><\/p>\n<p>            47,99 $<br \/>\n                            <span class=\"font-medium\">\u00e0 Woot<\/span><br \/>\n                    <\/span>\n            <\/div>\n<div class=\"flex items-center justify-center gap-x-1 font-bold md:justify-start\">\n            <span class=\"text-sm line-through\">99,99 $<\/span><br \/>\n            <span class=\"text-sm text-brand-green\">\u00c9conomisez 52,00 $<\/span>\n        <\/div>\n<\/p><\/div>\n<\/p><\/div>\n<\/p><\/div>\n<\/p><\/div>\n<\/div>\n<p>\u00c0 ce prix, il s&rsquo;agit d&rsquo;un point d&rsquo;entr\u00e9e d\u00e9cent dans l&rsquo;\u00e9cosyst\u00e8me audio de Samsung, surtout si vous utilisez d\u00e9j\u00e0 des appareils Galaxy. Vous obtiendrez une annulation de bruit active d\u00e9cente qui tient \u00e9tonnamment bien dans les environnements quotidiens comme les caf\u00e9s ou les transports en commun, suffisamment pour couper les bourdonnements et les bavardages de bas niveau. Cela dit, il ne bloque pas compl\u00e8tement le monde ext\u00e9rieur, mais il le \u00e9touffe suffisamment pour se concentrer sur la musique ou un appel.<\/p>\n<p>Les commandes tactiles sont r\u00e9actives &#8211; peut-\u00eatre <em>aussi<\/em> parfois r\u00e9actif; Les sauts accidentels et les pauses sont courants jusqu&rsquo;\u00e0 ce que vous vous habituiez \u00e0 la disposition. Quant \u00e0 la dur\u00e9e de vie de la batterie, Samsung r\u00e9clame jusqu&rsquo;\u00e0 six heures de lecture avec ANC, et l&rsquo;affaire ajoute encore 21 heures. C&rsquo;est plus que suffisant pour passer un jour ou deux d&rsquo;utilisation r\u00e9guli\u00e8re. Il n&rsquo;y a pas de charge sans fil ici, cependant &#8211; juste USB-C. Ces jours-ci, cela ressemble \u00e0 un coin coup\u00e9. Et bien que les pr\u00e9r\u00e9glages EQ soient d\u00e9cents, il n&rsquo;y a pas d&rsquo;option de r\u00e9glage manuel, donc si vous \u00eates pointilleux sur votre profil sonore, cela pourrait sembler limitant, note cette revue PCMAG.<\/p>\n<div class=\"pogoClear relative my-10 border-b-(1.5px) border-t-(1.5px) border-dashed border-black py-5 sm:my-14 sm:border-0 sm:py-0\" x-cloak x-data=\"{ commentsCount: null }\" x-init=\"commentsCount = await window.openweb.getMessagesCount(01JS1ER5GRT9N5E3AFGGYGT6BA)\" x-show=\"commentsCount !== null &amp;&amp; commentsCount &gt; 0\">\n<div class=\"absolute top-1\/2 hidden w-full -translate-y-1\/2 border-t-(1.5px) border-dashed border-black sm:block\"><\/div>\n<div class=\"relative flex justify-center\">\n<div class=\"flex max-w-max items-center gap-x-3 bg-white px-5\">\n<div class=\"relative\">\n                <span class=\"absolute left-1\/2 top-1\/2 -translate-x-1\/2 -translate-y-1\/2 font-akshar text-sm font-medium text-black\" x-text=\"commentsCount\"><\/span><\/p>\n<p>                <svg class=\"h-8 w-8 text-black\">\n                    <use href=\"http:\/\/lifehacker.com\/images\/icons\/spritemap.svg#sprite-chat-bubble\"><\/use>\n                <\/svg>\n            <\/div>\n<p>            <span class=\"text-sm font-medium text-black\">Que pensez-vous jusqu&rsquo;\u00e0 pr\u00e9sent? <button class=\"font-semibold text-brand-green underline hover:text-brand-green-700\" onclick=\"window.openweb.scrollToComments(01JS1ER5GRT9N5E3AFGGYGT6BA)\">Publier un commentaire.<\/button><\/span>\n        <\/div>\n<\/p><\/div>\n<\/div>\n<p>Il y a aussi la fonction d&rsquo;interpr\u00e8te en galaxie uniquement qui semble cool sur papier mais ne fonctionnera pas si vous utilisez autre chose qu&rsquo;un t\u00e9l\u00e9phone Samsung. Cependant, la synchronisation des appareils transversaux fonctionne tr\u00e8s bien dans l&rsquo;\u00e9cosyst\u00e8me, et l&rsquo;outil de recherche de mon \u00e9couteurs est vraiment utile pour l&rsquo;oubli. Pourtant, ce ne sont pas id\u00e9aux pour tout. Si vous pr\u00e9voyez de les utiliser au gymnase ou sur les courses, la note IPX2 ne le coupera pas &#8211; il se tient \u00e0 peine contre la sueur. Et si vous n&rsquo;\u00eates pas un utilisateur de Samsung, l&rsquo;exp\u00e9rience de l&rsquo;application semble \u00e0 moiti\u00e9 cuite. Pour quelque chose de plus flexible et r\u00e9sistant \u00e0 l&rsquo;eau, le SoundCore Liberty 4 NC \u00e0 69,99 $ (contre 99,99 $) pourrait offrir une meilleure valeur.<\/p>\n","protected":false},"excerpt":{"rendered":"<p>Ces bourgeons ont le plus de sens si vous utilisez d\u00e9j\u00e0 des appareils Galaxy. Les Samsung Galaxy Buds Fe sont en baisse \u00e0 47,99 $<\/p>\n","protected":false},"author":1,"featured_media":6800,"comment_status":"","ping_status":"","sticky":false,"template":"","format":"standard","meta":{"footnotes":""},"categories":[13],"tags":[700,248,1537,4183,958,1429,81,1399,1878,18],"class_list":["post-6799","post","type-post","status-publish","format-standard","has-post-thumbnail","hentry","category-technologie","tag-bas","tag-ces","tag-ecouteurs","tag-galaxy","tag-leur","tag-moment","tag-pour","tag-prix","tag-samsung","tag-sont","generate-columns","tablet-grid-50","mobile-grid-100","grid-parent","grid-33"],"yoast_head":"<!-- This site is optimized with the Yoast SEO plugin v24.0 - https:\/\/yoast.com\/wordpress\/plugins\/seo\/ -->\n<title>Ces \u00e9couteurs Samsung Galaxy sont \u00e0 leur prix le plus bas pour ce moment | Vie Associative<\/title>\n<meta name=\"robots\" content=\"index, follow, max-snippet:-1, max-image-preview:large, max-video-preview:-1\" \/>\n<link rel=\"canonical\" href=\"https:\/\/vieassociative.be\/actualites\/ces-ecouteurs-samsung-galaxy-sont-a-leur-prix-le-plus-bas-pour-ce-moment\/\" \/>\n<meta property=\"og:locale\" content=\"fr_FR\" \/>\n<meta property=\"og:type\" content=\"article\" \/>\n<meta property=\"og:title\" content=\"Ces \u00e9couteurs Samsung Galaxy sont \u00e0 leur prix le plus bas pour ce moment | Vie Associative\" \/>\n<meta property=\"og:description\" content=\"Ces bourgeons ont le plus de sens si vous utilisez d\u00e9j\u00e0 des appareils Galaxy. Les Samsung Galaxy Buds Fe sont en baisse \u00e0 47,99 $\" \/>\n<meta property=\"og:url\" content=\"https:\/\/vieassociative.be\/actualites\/ces-ecouteurs-samsung-galaxy-sont-a-leur-prix-le-plus-bas-pour-ce-moment\/\" \/>\n<meta property=\"og:site_name\" content=\"Vie Associative\" \/>\n<meta property=\"article:published_time\" content=\"2025-04-17T13:17:37+00:00\" \/>\n<meta property=\"og:image\" content=\"https:\/\/vieassociative.be\/actualites\/wp-content\/uploads\/2025\/04\/Ces-ecouteurs-Samsung-Galaxy-sont-a-leur-prix-le-plus.png\" \/>\n<meta name=\"author\" content=\"Julien\" \/>\n<meta name=\"twitter:card\" content=\"summary_large_image\" \/>\n<meta name=\"twitter:label1\" content=\"\u00c9crit par\" \/>\n\t<meta name=\"twitter:data1\" content=\"Julien\" \/>\n\t<meta name=\"twitter:label2\" content=\"Dur\u00e9e de lecture est.\" \/>\n\t<meta name=\"twitter:data2\" content=\"2 minutes\" \/>\n<script type=\"application\/ld+json\" class=\"yoast-schema-graph\">{\"@context\":\"https:\/\/schema.org\",\"@graph\":[{\"@type\":\"Article\",\"@id\":\"https:\/\/vieassociative.be\/actualites\/ces-ecouteurs-samsung-galaxy-sont-a-leur-prix-le-plus-bas-pour-ce-moment\/#article\",\"isPartOf\":{\"@id\":\"https:\/\/vieassociative.be\/actualites\/ces-ecouteurs-samsung-galaxy-sont-a-leur-prix-le-plus-bas-pour-ce-moment\/\"},\"author\":{\"name\":\"Julien\",\"@id\":\"https:\/\/vieassociative.be\/actualites\/#\/schema\/person\/b87ac4f82f9d4e7b7cec7395b679edc4\"},\"headline\":\"Ces \u00e9couteurs Samsung Galaxy sont \u00e0 leur prix le plus bas pour ce moment\",\"datePublished\":\"2025-04-17T13:17:37+00:00\",\"dateModified\":\"2025-04-17T13:17:37+00:00\",\"mainEntityOfPage\":{\"@id\":\"https:\/\/vieassociative.be\/actualites\/ces-ecouteurs-samsung-galaxy-sont-a-leur-prix-le-plus-bas-pour-ce-moment\/\"},\"wordCount\":494,\"publisher\":{\"@id\":\"https:\/\/vieassociative.be\/actualites\/#organization\"},\"image\":{\"@id\":\"https:\/\/vieassociative.be\/actualites\/ces-ecouteurs-samsung-galaxy-sont-a-leur-prix-le-plus-bas-pour-ce-moment\/#primaryimage\"},\"thumbnailUrl\":\"https:\/\/vieassociative.be\/actualites\/wp-content\/uploads\/2025\/04\/1744895857_Ces-ecouteurs-Samsung-Galaxy-sont-a-leur-prix-le-plus.png\",\"keywords\":[\"bas\",\"ces\",\"\u00e9couteurs\",\"Galaxy\",\"leur\",\"moment\",\"pour\",\"prix\",\"Samsung\",\"sont\"],\"articleSection\":[\"Technologie\"],\"inLanguage\":\"fr-BE\"},{\"@type\":\"WebPage\",\"@id\":\"https:\/\/vieassociative.be\/actualites\/ces-ecouteurs-samsung-galaxy-sont-a-leur-prix-le-plus-bas-pour-ce-moment\/\",\"url\":\"https:\/\/vieassociative.be\/actualites\/ces-ecouteurs-samsung-galaxy-sont-a-leur-prix-le-plus-bas-pour-ce-moment\/\",\"name\":\"Ces \u00e9couteurs Samsung Galaxy sont \u00e0 leur prix le plus bas pour ce moment | Vie Associative\",\"isPartOf\":{\"@id\":\"https:\/\/vieassociative.be\/actualites\/#website\"},\"primaryImageOfPage\":{\"@id\":\"https:\/\/vieassociative.be\/actualites\/ces-ecouteurs-samsung-galaxy-sont-a-leur-prix-le-plus-bas-pour-ce-moment\/#primaryimage\"},\"image\":{\"@id\":\"https:\/\/vieassociative.be\/actualites\/ces-ecouteurs-samsung-galaxy-sont-a-leur-prix-le-plus-bas-pour-ce-moment\/#primaryimage\"},\"thumbnailUrl\":\"https:\/\/vieassociative.be\/actualites\/wp-content\/uploads\/2025\/04\/1744895857_Ces-ecouteurs-Samsung-Galaxy-sont-a-leur-prix-le-plus.png\",\"datePublished\":\"2025-04-17T13:17:37+00:00\",\"dateModified\":\"2025-04-17T13:17:37+00:00\",\"breadcrumb\":{\"@id\":\"https:\/\/vieassociative.be\/actualites\/ces-ecouteurs-samsung-galaxy-sont-a-leur-prix-le-plus-bas-pour-ce-moment\/#breadcrumb\"},\"inLanguage\":\"fr-BE\",\"potentialAction\":[{\"@type\":\"ReadAction\",\"target\":[\"https:\/\/vieassociative.be\/actualites\/ces-ecouteurs-samsung-galaxy-sont-a-leur-prix-le-plus-bas-pour-ce-moment\/\"]}]},{\"@type\":\"ImageObject\",\"inLanguage\":\"fr-BE\",\"@id\":\"https:\/\/vieassociative.be\/actualites\/ces-ecouteurs-samsung-galaxy-sont-a-leur-prix-le-plus-bas-pour-ce-moment\/#primaryimage\",\"url\":\"https:\/\/vieassociative.be\/actualites\/wp-content\/uploads\/2025\/04\/1744895857_Ces-ecouteurs-Samsung-Galaxy-sont-a-leur-prix-le-plus.png\",\"contentUrl\":\"https:\/\/vieassociative.be\/actualites\/wp-content\/uploads\/2025\/04\/1744895857_Ces-ecouteurs-Samsung-Galaxy-sont-a-leur-prix-le-plus.png\",\"width\":1200,\"height\":675,\"caption\":\"Ces \u00e9couteurs Samsung Galaxy sont \u00e0 leur prix le plus bas pour ce moment\"},{\"@type\":\"BreadcrumbList\",\"@id\":\"https:\/\/vieassociative.be\/actualites\/ces-ecouteurs-samsung-galaxy-sont-a-leur-prix-le-plus-bas-pour-ce-moment\/#breadcrumb\",\"itemListElement\":[{\"@type\":\"ListItem\",\"position\":1,\"name\":\"Accueil\",\"item\":\"https:\/\/vieassociative.be\/actualites\/\"},{\"@type\":\"ListItem\",\"position\":2,\"name\":\"Ces \u00e9couteurs Samsung Galaxy sont \u00e0 leur prix le plus bas pour ce moment\"}]},{\"@type\":\"WebSite\",\"@id\":\"https:\/\/vieassociative.be\/actualites\/#website\",\"url\":\"https:\/\/vieassociative.be\/actualites\/\",\"name\":\"Vie Associative\",\"description\":\"\",\"publisher\":{\"@id\":\"https:\/\/vieassociative.be\/actualites\/#organization\"},\"potentialAction\":[{\"@type\":\"SearchAction\",\"target\":{\"@type\":\"EntryPoint\",\"urlTemplate\":\"https:\/\/vieassociative.be\/actualites\/?s={search_term_string}\"},\"query-input\":{\"@type\":\"PropertyValueSpecification\",\"valueRequired\":true,\"valueName\":\"search_term_string\"}}],\"inLanguage\":\"fr-BE\"},{\"@type\":\"Organization\",\"@id\":\"https:\/\/vieassociative.be\/actualites\/#organization\",\"name\":\"Vie Associative\",\"url\":\"https:\/\/vieassociative.be\/actualites\/\",\"logo\":{\"@type\":\"ImageObject\",\"inLanguage\":\"fr-BE\",\"@id\":\"https:\/\/vieassociative.be\/actualites\/#\/schema\/logo\/image\/\",\"url\":\"https:\/\/vieassociative.be\/actualites\/wp-content\/uploads\/2024\/09\/cropped-vieassociative_favicon.ico.png\",\"contentUrl\":\"https:\/\/vieassociative.be\/actualites\/wp-content\/uploads\/2024\/09\/cropped-vieassociative_favicon.ico.png\",\"width\":512,\"height\":512,\"caption\":\"Vie Associative\"},\"image\":{\"@id\":\"https:\/\/vieassociative.be\/actualites\/#\/schema\/logo\/image\/\"}},{\"@type\":\"Person\",\"@id\":\"https:\/\/vieassociative.be\/actualites\/#\/schema\/person\/b87ac4f82f9d4e7b7cec7395b679edc4\",\"name\":\"Julien\",\"image\":{\"@type\":\"ImageObject\",\"inLanguage\":\"fr-BE\",\"@id\":\"https:\/\/vieassociative.be\/actualites\/#\/schema\/person\/image\/\",\"url\":\"https:\/\/vieassociative.be\/actualites\/wp-content\/uploads\/2024\/09\/vie-associative-1-150x150.jpg\",\"contentUrl\":\"https:\/\/vieassociative.be\/actualites\/wp-content\/uploads\/2024\/09\/vie-associative-1-150x150.jpg\",\"caption\":\"Julien\"},\"description\":\"Je suis Julien, r\u00e9dacteur pour Vie Associative. Passionn\u00e9 par le monde associatif depuis plus de 10 ans, j'ai \u00e0 c\u0153ur de partager des histoires inspirantes et de mettre en lumi\u00e8re les initiatives locales. Mon objectif est de sensibiliser et d'encourager l'engagement communautaire \u00e0 travers mes articles.\",\"sameAs\":[\"https:\/\/vieassociative.be\/\"]}]}<\/script>\n<!-- \/ Yoast SEO plugin. -->","yoast_head_json":{"title":"Ces \u00e9couteurs Samsung Galaxy sont \u00e0 leur prix le plus bas pour ce moment | Vie Associative","robots":{"index":"index","follow":"follow","max-snippet":"max-snippet:-1","max-image-preview":"max-image-preview:large","max-video-preview":"max-video-preview:-1"},"canonical":"https:\/\/vieassociative.be\/actualites\/ces-ecouteurs-samsung-galaxy-sont-a-leur-prix-le-plus-bas-pour-ce-moment\/","og_locale":"fr_FR","og_type":"article","og_title":"Ces \u00e9couteurs Samsung Galaxy sont \u00e0 leur prix le plus bas pour ce moment | Vie Associative","og_description":"Ces bourgeons ont le plus de sens si vous utilisez d\u00e9j\u00e0 des appareils Galaxy. Les Samsung Galaxy Buds Fe sont en baisse \u00e0 47,99 $","og_url":"https:\/\/vieassociative.be\/actualites\/ces-ecouteurs-samsung-galaxy-sont-a-leur-prix-le-plus-bas-pour-ce-moment\/","og_site_name":"Vie Associative","article_published_time":"2025-04-17T13:17:37+00:00","og_image":[{"url":"https:\/\/vieassociative.be\/actualites\/wp-content\/uploads\/2025\/04\/Ces-ecouteurs-Samsung-Galaxy-sont-a-leur-prix-le-plus.png","type":"","width":"","height":""}],"author":"Julien","twitter_card":"summary_large_image","twitter_misc":{"\u00c9crit par":"Julien","Dur\u00e9e de lecture est.":"2 minutes"},"schema":{"@context":"https:\/\/schema.org","@graph":[{"@type":"Article","@id":"https:\/\/vieassociative.be\/actualites\/ces-ecouteurs-samsung-galaxy-sont-a-leur-prix-le-plus-bas-pour-ce-moment\/#article","isPartOf":{"@id":"https:\/\/vieassociative.be\/actualites\/ces-ecouteurs-samsung-galaxy-sont-a-leur-prix-le-plus-bas-pour-ce-moment\/"},"author":{"name":"Julien","@id":"https:\/\/vieassociative.be\/actualites\/#\/schema\/person\/b87ac4f82f9d4e7b7cec7395b679edc4"},"headline":"Ces \u00e9couteurs Samsung Galaxy sont \u00e0 leur prix le plus bas pour ce moment","datePublished":"2025-04-17T13:17:37+00:00","dateModified":"2025-04-17T13:17:37+00:00","mainEntityOfPage":{"@id":"https:\/\/vieassociative.be\/actualites\/ces-ecouteurs-samsung-galaxy-sont-a-leur-prix-le-plus-bas-pour-ce-moment\/"},"wordCount":494,"publisher":{"@id":"https:\/\/vieassociative.be\/actualites\/#organization"},"image":{"@id":"https:\/\/vieassociative.be\/actualites\/ces-ecouteurs-samsung-galaxy-sont-a-leur-prix-le-plus-bas-pour-ce-moment\/#primaryimage"},"thumbnailUrl":"https:\/\/vieassociative.be\/actualites\/wp-content\/uploads\/2025\/04\/1744895857_Ces-ecouteurs-Samsung-Galaxy-sont-a-leur-prix-le-plus.png","keywords":["bas","ces","\u00e9couteurs","Galaxy","leur","moment","pour","prix","Samsung","sont"],"articleSection":["Technologie"],"inLanguage":"fr-BE"},{"@type":"WebPage","@id":"https:\/\/vieassociative.be\/actualites\/ces-ecouteurs-samsung-galaxy-sont-a-leur-prix-le-plus-bas-pour-ce-moment\/","url":"https:\/\/vieassociative.be\/actualites\/ces-ecouteurs-samsung-galaxy-sont-a-leur-prix-le-plus-bas-pour-ce-moment\/","name":"Ces \u00e9couteurs Samsung Galaxy sont \u00e0 leur prix le plus bas pour ce moment | Vie Associative","isPartOf":{"@id":"https:\/\/vieassociative.be\/actualites\/#website"},"primaryImageOfPage":{"@id":"https:\/\/vieassociative.be\/actualites\/ces-ecouteurs-samsung-galaxy-sont-a-leur-prix-le-plus-bas-pour-ce-moment\/#primaryimage"},"image":{"@id":"https:\/\/vieassociative.be\/actualites\/ces-ecouteurs-samsung-galaxy-sont-a-leur-prix-le-plus-bas-pour-ce-moment\/#primaryimage"},"thumbnailUrl":"https:\/\/vieassociative.be\/actualites\/wp-content\/uploads\/2025\/04\/1744895857_Ces-ecouteurs-Samsung-Galaxy-sont-a-leur-prix-le-plus.png","datePublished":"2025-04-17T13:17:37+00:00","dateModified":"2025-04-17T13:17:37+00:00","breadcrumb":{"@id":"https:\/\/vieassociative.be\/actualites\/ces-ecouteurs-samsung-galaxy-sont-a-leur-prix-le-plus-bas-pour-ce-moment\/#breadcrumb"},"inLanguage":"fr-BE","potentialAction":[{"@type":"ReadAction","target":["https:\/\/vieassociative.be\/actualites\/ces-ecouteurs-samsung-galaxy-sont-a-leur-prix-le-plus-bas-pour-ce-moment\/"]}]},{"@type":"ImageObject","inLanguage":"fr-BE","@id":"https:\/\/vieassociative.be\/actualites\/ces-ecouteurs-samsung-galaxy-sont-a-leur-prix-le-plus-bas-pour-ce-moment\/#primaryimage","url":"https:\/\/vieassociative.be\/actualites\/wp-content\/uploads\/2025\/04\/1744895857_Ces-ecouteurs-Samsung-Galaxy-sont-a-leur-prix-le-plus.png","contentUrl":"https:\/\/vieassociative.be\/actualites\/wp-content\/uploads\/2025\/04\/1744895857_Ces-ecouteurs-Samsung-Galaxy-sont-a-leur-prix-le-plus.png","width":1200,"height":675,"caption":"Ces \u00e9couteurs Samsung Galaxy sont \u00e0 leur prix le plus bas pour ce moment"},{"@type":"BreadcrumbList","@id":"https:\/\/vieassociative.be\/actualites\/ces-ecouteurs-samsung-galaxy-sont-a-leur-prix-le-plus-bas-pour-ce-moment\/#breadcrumb","itemListElement":[{"@type":"ListItem","position":1,"name":"Accueil","item":"https:\/\/vieassociative.be\/actualites\/"},{"@type":"ListItem","position":2,"name":"Ces \u00e9couteurs Samsung Galaxy sont \u00e0 leur prix le plus bas pour ce moment"}]},{"@type":"WebSite","@id":"https:\/\/vieassociative.be\/actualites\/#website","url":"https:\/\/vieassociative.be\/actualites\/","name":"Vie Associative","description":"","publisher":{"@id":"https:\/\/vieassociative.be\/actualites\/#organization"},"potentialAction":[{"@type":"SearchAction","target":{"@type":"EntryPoint","urlTemplate":"https:\/\/vieassociative.be\/actualites\/?s={search_term_string}"},"query-input":{"@type":"PropertyValueSpecification","valueRequired":true,"valueName":"search_term_string"}}],"inLanguage":"fr-BE"},{"@type":"Organization","@id":"https:\/\/vieassociative.be\/actualites\/#organization","name":"Vie Associative","url":"https:\/\/vieassociative.be\/actualites\/","logo":{"@type":"ImageObject","inLanguage":"fr-BE","@id":"https:\/\/vieassociative.be\/actualites\/#\/schema\/logo\/image\/","url":"https:\/\/vieassociative.be\/actualites\/wp-content\/uploads\/2024\/09\/cropped-vieassociative_favicon.ico.png","contentUrl":"https:\/\/vieassociative.be\/actualites\/wp-content\/uploads\/2024\/09\/cropped-vieassociative_favicon.ico.png","width":512,"height":512,"caption":"Vie Associative"},"image":{"@id":"https:\/\/vieassociative.be\/actualites\/#\/schema\/logo\/image\/"}},{"@type":"Person","@id":"https:\/\/vieassociative.be\/actualites\/#\/schema\/person\/b87ac4f82f9d4e7b7cec7395b679edc4","name":"Julien","image":{"@type":"ImageObject","inLanguage":"fr-BE","@id":"https:\/\/vieassociative.be\/actualites\/#\/schema\/person\/image\/","url":"https:\/\/vieassociative.be\/actualites\/wp-content\/uploads\/2024\/09\/vie-associative-1-150x150.jpg","contentUrl":"https:\/\/vieassociative.be\/actualites\/wp-content\/uploads\/2024\/09\/vie-associative-1-150x150.jpg","caption":"Julien"},"description":"Je suis Julien, r\u00e9dacteur pour Vie Associative. Passionn\u00e9 par le monde associatif depuis plus de 10 ans, j'ai \u00e0 c\u0153ur de partager des histoires inspirantes et de mettre en lumi\u00e8re les initiatives locales. Mon objectif est de sensibiliser et d'encourager l'engagement communautaire \u00e0 travers mes articles.","sameAs":["https:\/\/vieassociative.be\/"]}]}},"_links":{"self":[{"href":"https:\/\/vieassociative.be\/actualites\/wp-json\/wp\/v2\/posts\/6799"}],"collection":[{"href":"https:\/\/vieassociative.be\/actualites\/wp-json\/wp\/v2\/posts"}],"about":[{"href":"https:\/\/vieassociative.be\/actualites\/wp-json\/wp\/v2\/types\/post"}],"author":[{"embeddable":true,"href":"https:\/\/vieassociative.be\/actualites\/wp-json\/wp\/v2\/users\/1"}],"replies":[{"embeddable":true,"href":"https:\/\/vieassociative.be\/actualites\/wp-json\/wp\/v2\/comments?post=6799"}],"version-history":[{"count":0,"href":"https:\/\/vieassociative.be\/actualites\/wp-json\/wp\/v2\/posts\/6799\/revisions"}],"wp:featuredmedia":[{"embeddable":true,"href":"https:\/\/vieassociative.be\/actualites\/wp-json\/wp\/v2\/media\/6800"}],"wp:attachment":[{"href":"https:\/\/vieassociative.be\/actualites\/wp-json\/wp\/v2\/media?parent=6799"}],"wp:term":[{"taxonomy":"category","embeddable":true,"href":"https:\/\/vieassociative.be\/actualites\/wp-json\/wp\/v2\/categories?post=6799"},{"taxonomy":"post_tag","embeddable":true,"href":"https:\/\/vieassociative.be\/actualites\/wp-json\/wp\/v2\/tags?post=6799"}],"curies":[{"name":"wp","href":"https:\/\/api.w.org\/{rel}","templated":true}]}}