{"id":6793,"date":"2025-04-17T10:18:13","date_gmt":"2025-04-17T08:18:13","guid":{"rendered":"https:\/\/vieassociative.be\/actualites\/trump-fait-ce-quil-veut-malgre-le-dicton-du-juge-aucun-acces-a-lagence-de-presse-ap-au-bureau-ovale\/"},"modified":"2025-04-17T10:18:13","modified_gmt":"2025-04-17T08:18:13","slug":"trump-fait-ce-quil-veut-malgre-le-dicton-du-juge-aucun-acces-a-lagence-de-presse-ap-au-bureau-ovale","status":"publish","type":"post","link":"https:\/\/vieassociative.be\/actualites\/trump-fait-ce-quil-veut-malgre-le-dicton-du-juge-aucun-acces-a-lagence-de-presse-ap-au-bureau-ovale\/","title":{"rendered":"Trump fait ce qu&rsquo;il veut: malgr\u00e9 le dicton du juge, aucun acc\u00e8s \u00e0 l&rsquo;agence de presse AP au bureau ovale"},"content":{"rendered":"<p><strong>L&rsquo;agence de presse AP du bureau pr\u00e9sidentiel avait exclu la Maison Blanche. Un juge a r\u00e9cemment d\u00e9cid\u00e9 en sa faveur &#8211; mais deux journalistes ont d\u00fb rester \u00e0 nouveau \u00e0 l&rsquo;ext\u00e9rieur.<\/strong><\/p>\n<p><span id=\"more-413410\"><\/span>L&rsquo;agence de presse am\u00e9ricaine Associated Press (AP) pr\u00e9tend \u00eatre exclue du bureau ovale de la Maison Blanche malgr\u00e9 l&rsquo;autre instruction judiciaire. Deux journalistes de l&rsquo;AP n&rsquo;ont donc pas \u00e9t\u00e9 autoris\u00e9s \u00e0 se rendre \u00e0 la conf\u00e9rence de presse du pr\u00e9sident am\u00e9ricain Donald Trump et de son homologue Nayib Bukele de El Salvador lundi (heure locale).<\/p>\n<p>Cependant, un tribunal f\u00e9d\u00e9ral avait demand\u00e9 \u00e0 la Maison Blanche la semaine derni\u00e8re d&rsquo;accorder \u00e0 nouveau AP au bureau ovale, \u00e0 la Machine pr\u00e9sidentielle Air Force One et \u00e0 d&rsquo;autres r\u00e9gions &#8211; m\u00eame si elles sont \u00e9galement ouvertes \u00e0 d&rsquo;autres journalistes. Le gouvernement am\u00e9ricain a fait appel \u00e0 la d\u00e9cision du juge.<\/p>\n<div id=\"attachment_413416\" class=\"wp-caption alignnone\" style=\"max-width: 300px\"><img fetchpriority=\"high\" decoding=\"async\" class=\"size-medium wp-image-413416\" src=\"https:\/\/vieassociative.be\/actualites\/wp-content\/uploads\/2025\/04\/Trump-fait-ce-quil-veut-malgre-le-dicton-du-juge.jpg\" alt=\"\" width=\"300\" height=\"200\"  ><\/p>\n<p class=\"wp-caption-text\">14\/04\/2025, \u00c9tats-Unis, Washington: le pr\u00e9sident am\u00e9ricain Donald Trump (R) secoue la main du pr\u00e9sident d&rsquo;El Salvador, Nayib Bukele, lors d&rsquo;une r\u00e9union au bureau ovale de la Maison Blanche, \u00e0 laquelle AP n&rsquo;a pas \u00e9t\u00e9 approuv\u00e9. Photo: non cr\u00e9dit\u00e9 \/ piscine \/ AP \/ DPA<\/p>\n<\/div>\n<p><strong>&#8211; AP insiste sur la restauration de l&rsquo;acc\u00e8s:<\/strong> Le contexte du conflit est le refus de l&rsquo;AP d&rsquo;utiliser le renommage de Trump pour le golfe du Mexique dans \u00ab\u00a0Golf of America\u00a0\u00bb. La Maison Blanche avait exclu \u00e0 plusieurs reprises les journalistes AP des \u00e9v\u00e9nements.<\/p>\n<p>\u00ab\u00a0Nous nous attendons \u00e0 ce que la Maison Blanche r\u00e9tablit l&rsquo;acc\u00e8s \u00e0 l&rsquo;AP \u00e0 la piscine (de la presse) \u00e0 partir d&rsquo;aujourd&rsquo;hui, comme pr\u00e9vu dans l&rsquo;injonction\u00a0\u00bb, a d\u00e9clar\u00e9 lundi la porte-parole de l&rsquo;AP, Lauren Easton. La Maison Blanche ne l&rsquo;a pas comment\u00e9e.<\/p>\n<p><strong>&#8211; Description utilis\u00e9e pendant des si\u00e8cles:<\/strong> Le nom \u00ab\u00a0Golfe du Mexique\u00a0\u00bb est utilis\u00e9 depuis le XVIe si\u00e8cle. Les eaux bordaient plusieurs \u00c9tats am\u00e9ricains ainsi que le Mexique et Cuba. Trump avait le changement de nom de la baie par d\u00e9cret. En cons\u00e9quence, le nom de nom pour la zone jusqu&rsquo;aux limites maritimes du Mexique et de Cuba s&rsquo;applique.<\/p>\n<p>Les agences de presse europ\u00e9ennes et les groupes qui travaillent pour la libert\u00e9 de la presse avaient critiqu\u00e9 l&rsquo;acc\u00e8s difficile \u00e0 AP \u00e0 travers la Maison Blanche. L&rsquo;Associated Press est l&rsquo;une des agences de presse les plus importantes du monde entier. (DPA)<\/p>\n","protected":false},"excerpt":{"rendered":"<p>L&rsquo;agence de presse AP du bureau pr\u00e9sidentiel avait exclu la Maison Blanche. Un juge a r\u00e9cemment d\u00e9cid\u00e9 en sa faveur &#8211; mais deux journalistes ont<\/p>\n","protected":false},"author":1,"featured_media":5072,"comment_status":"","ping_status":"","sticky":false,"template":"","format":"standard","meta":{"footnotes":""},"categories":[298],"tags":[6460,3202,4737,6459,635,6129,5316,4205,6461,4842,1855,2425,2635],"class_list":["post-6793","post","type-post","status-publish","format-standard","has-post-thumbnail","hentry","category-belgique","tag-acces","tag-aucun","tag-bureau","tag-dicton","tag-fait","tag-juge","tag-lagence","tag-malgre","tag-ovale","tag-presse","tag-quil","tag-trump","tag-veut","generate-columns","tablet-grid-50","mobile-grid-100","grid-parent","grid-33"],"yoast_head":"<!-- This site is optimized with the Yoast SEO plugin v24.0 - https:\/\/yoast.com\/wordpress\/plugins\/seo\/ -->\n<title>Trump fait ce qu&#039;il veut: malgr\u00e9 le dicton du juge, aucun acc\u00e8s \u00e0 l&#039;agence de presse AP au bureau ovale | Vie Associative<\/title>\n<meta name=\"robots\" content=\"index, follow, max-snippet:-1, max-image-preview:large, max-video-preview:-1\" \/>\n<link rel=\"canonical\" href=\"https:\/\/vieassociative.be\/actualites\/trump-fait-ce-quil-veut-malgre-le-dicton-du-juge-aucun-acces-a-lagence-de-presse-ap-au-bureau-ovale\/\" \/>\n<meta property=\"og:locale\" content=\"fr_FR\" \/>\n<meta property=\"og:type\" content=\"article\" \/>\n<meta property=\"og:title\" content=\"Trump fait ce qu&#039;il veut: malgr\u00e9 le dicton du juge, aucun acc\u00e8s \u00e0 l&#039;agence de presse AP au bureau ovale | Vie Associative\" \/>\n<meta property=\"og:description\" content=\"L&rsquo;agence de presse AP du bureau pr\u00e9sidentiel avait exclu la Maison Blanche. Un juge a r\u00e9cemment d\u00e9cid\u00e9 en sa faveur &#8211; mais deux journalistes ont\" \/>\n<meta property=\"og:url\" content=\"https:\/\/vieassociative.be\/actualites\/trump-fait-ce-quil-veut-malgre-le-dicton-du-juge-aucun-acces-a-lagence-de-presse-ap-au-bureau-ovale\/\" \/>\n<meta property=\"og:site_name\" content=\"Vie Associative\" \/>\n<meta property=\"article:published_time\" content=\"2025-04-17T08:18:13+00:00\" \/>\n<meta property=\"og:image\" content=\"https:\/\/vieassociative.be\/actualites\/wp-content\/uploads\/2024\/09\/header_backgroundk-01-e1726694325946.png\" \/>\n\t<meta property=\"og:image:width\" content=\"279\" \/>\n\t<meta property=\"og:image:height\" content=\"92\" \/>\n\t<meta property=\"og:image:type\" content=\"image\/png\" \/>\n<meta name=\"author\" content=\"Julien\" \/>\n<meta name=\"twitter:card\" content=\"summary_large_image\" \/>\n<meta name=\"twitter:label1\" content=\"\u00c9crit par\" \/>\n\t<meta name=\"twitter:data1\" content=\"Julien\" \/>\n\t<meta name=\"twitter:label2\" content=\"Dur\u00e9e de lecture est.\" \/>\n\t<meta name=\"twitter:data2\" content=\"2 minutes\" \/>\n<script type=\"application\/ld+json\" class=\"yoast-schema-graph\">{\"@context\":\"https:\/\/schema.org\",\"@graph\":[{\"@type\":\"Article\",\"@id\":\"https:\/\/vieassociative.be\/actualites\/trump-fait-ce-quil-veut-malgre-le-dicton-du-juge-aucun-acces-a-lagence-de-presse-ap-au-bureau-ovale\/#article\",\"isPartOf\":{\"@id\":\"https:\/\/vieassociative.be\/actualites\/trump-fait-ce-quil-veut-malgre-le-dicton-du-juge-aucun-acces-a-lagence-de-presse-ap-au-bureau-ovale\/\"},\"author\":{\"name\":\"Julien\",\"@id\":\"https:\/\/vieassociative.be\/actualites\/#\/schema\/person\/b87ac4f82f9d4e7b7cec7395b679edc4\"},\"headline\":\"Trump fait ce qu&rsquo;il veut: malgr\u00e9 le dicton du juge, aucun acc\u00e8s \u00e0 l&rsquo;agence de presse AP au bureau ovale\",\"datePublished\":\"2025-04-17T08:18:13+00:00\",\"dateModified\":\"2025-04-17T08:18:13+00:00\",\"mainEntityOfPage\":{\"@id\":\"https:\/\/vieassociative.be\/actualites\/trump-fait-ce-quil-veut-malgre-le-dicton-du-juge-aucun-acces-a-lagence-de-presse-ap-au-bureau-ovale\/\"},\"wordCount\":433,\"publisher\":{\"@id\":\"https:\/\/vieassociative.be\/actualites\/#organization\"},\"image\":{\"@id\":\"https:\/\/vieassociative.be\/actualites\/trump-fait-ce-quil-veut-malgre-le-dicton-du-juge-aucun-acces-a-lagence-de-presse-ap-au-bureau-ovale\/#primaryimage\"},\"thumbnailUrl\":\"https:\/\/vieassociative.be\/actualites\/wp-content\/uploads\/2025\/02\/1739413101_La-presidente-americaine-Donald-Trump-punit-lagence-de-presse-parce.jpg\",\"keywords\":[\"acc\u00e8s\",\"aucun\",\"bureau\",\"dicton\",\"fait\",\"juge\",\"lagence\",\"malgr\u00e9\",\"ovale\",\"presse\",\"quil\",\"Trump\",\"veut\"],\"articleSection\":[\"Belgique\"],\"inLanguage\":\"fr-BE\"},{\"@type\":\"WebPage\",\"@id\":\"https:\/\/vieassociative.be\/actualites\/trump-fait-ce-quil-veut-malgre-le-dicton-du-juge-aucun-acces-a-lagence-de-presse-ap-au-bureau-ovale\/\",\"url\":\"https:\/\/vieassociative.be\/actualites\/trump-fait-ce-quil-veut-malgre-le-dicton-du-juge-aucun-acces-a-lagence-de-presse-ap-au-bureau-ovale\/\",\"name\":\"Trump fait ce qu'il veut: malgr\u00e9 le dicton du juge, aucun acc\u00e8s \u00e0 l'agence de presse AP au bureau ovale | Vie Associative\",\"isPartOf\":{\"@id\":\"https:\/\/vieassociative.be\/actualites\/#website\"},\"primaryImageOfPage\":{\"@id\":\"https:\/\/vieassociative.be\/actualites\/trump-fait-ce-quil-veut-malgre-le-dicton-du-juge-aucun-acces-a-lagence-de-presse-ap-au-bureau-ovale\/#primaryimage\"},\"image\":{\"@id\":\"https:\/\/vieassociative.be\/actualites\/trump-fait-ce-quil-veut-malgre-le-dicton-du-juge-aucun-acces-a-lagence-de-presse-ap-au-bureau-ovale\/#primaryimage\"},\"thumbnailUrl\":\"https:\/\/vieassociative.be\/actualites\/wp-content\/uploads\/2025\/02\/1739413101_La-presidente-americaine-Donald-Trump-punit-lagence-de-presse-parce.jpg\",\"datePublished\":\"2025-04-17T08:18:13+00:00\",\"dateModified\":\"2025-04-17T08:18:13+00:00\",\"breadcrumb\":{\"@id\":\"https:\/\/vieassociative.be\/actualites\/trump-fait-ce-quil-veut-malgre-le-dicton-du-juge-aucun-acces-a-lagence-de-presse-ap-au-bureau-ovale\/#breadcrumb\"},\"inLanguage\":\"fr-BE\",\"potentialAction\":[{\"@type\":\"ReadAction\",\"target\":[\"https:\/\/vieassociative.be\/actualites\/trump-fait-ce-quil-veut-malgre-le-dicton-du-juge-aucun-acces-a-lagence-de-presse-ap-au-bureau-ovale\/\"]}]},{\"@type\":\"ImageObject\",\"inLanguage\":\"fr-BE\",\"@id\":\"https:\/\/vieassociative.be\/actualites\/trump-fait-ce-quil-veut-malgre-le-dicton-du-juge-aucun-acces-a-lagence-de-presse-ap-au-bureau-ovale\/#primaryimage\",\"url\":\"https:\/\/vieassociative.be\/actualites\/wp-content\/uploads\/2025\/02\/1739413101_La-presidente-americaine-Donald-Trump-punit-lagence-de-presse-parce.jpg\",\"contentUrl\":\"https:\/\/vieassociative.be\/actualites\/wp-content\/uploads\/2025\/02\/1739413101_La-presidente-americaine-Donald-Trump-punit-lagence-de-presse-parce.jpg\",\"width\":1200,\"height\":800,\"caption\":\"La pr\u00e9sidente am\u00e9ricaine Donald Trump punit l'agence de presse parce qu'elle continue d'\u00e9crire \\\"Gulf of Mexico\\\" au lieu de \\\"Golf of America\\\"\"},{\"@type\":\"BreadcrumbList\",\"@id\":\"https:\/\/vieassociative.be\/actualites\/trump-fait-ce-quil-veut-malgre-le-dicton-du-juge-aucun-acces-a-lagence-de-presse-ap-au-bureau-ovale\/#breadcrumb\",\"itemListElement\":[{\"@type\":\"ListItem\",\"position\":1,\"name\":\"Accueil\",\"item\":\"https:\/\/vieassociative.be\/actualites\/\"},{\"@type\":\"ListItem\",\"position\":2,\"name\":\"Trump fait ce qu&rsquo;il veut: malgr\u00e9 le dicton du juge, aucun acc\u00e8s \u00e0 l&rsquo;agence de presse AP au bureau ovale\"}]},{\"@type\":\"WebSite\",\"@id\":\"https:\/\/vieassociative.be\/actualites\/#website\",\"url\":\"https:\/\/vieassociative.be\/actualites\/\",\"name\":\"Vie Associative\",\"description\":\"\",\"publisher\":{\"@id\":\"https:\/\/vieassociative.be\/actualites\/#organization\"},\"potentialAction\":[{\"@type\":\"SearchAction\",\"target\":{\"@type\":\"EntryPoint\",\"urlTemplate\":\"https:\/\/vieassociative.be\/actualites\/?s={search_term_string}\"},\"query-input\":{\"@type\":\"PropertyValueSpecification\",\"valueRequired\":true,\"valueName\":\"search_term_string\"}}],\"inLanguage\":\"fr-BE\"},{\"@type\":\"Organization\",\"@id\":\"https:\/\/vieassociative.be\/actualites\/#organization\",\"name\":\"Vie Associative\",\"url\":\"https:\/\/vieassociative.be\/actualites\/\",\"logo\":{\"@type\":\"ImageObject\",\"inLanguage\":\"fr-BE\",\"@id\":\"https:\/\/vieassociative.be\/actualites\/#\/schema\/logo\/image\/\",\"url\":\"https:\/\/vieassociative.be\/actualites\/wp-content\/uploads\/2024\/09\/cropped-vieassociative_favicon.ico.png\",\"contentUrl\":\"https:\/\/vieassociative.be\/actualites\/wp-content\/uploads\/2024\/09\/cropped-vieassociative_favicon.ico.png\",\"width\":512,\"height\":512,\"caption\":\"Vie Associative\"},\"image\":{\"@id\":\"https:\/\/vieassociative.be\/actualites\/#\/schema\/logo\/image\/\"}},{\"@type\":\"Person\",\"@id\":\"https:\/\/vieassociative.be\/actualites\/#\/schema\/person\/b87ac4f82f9d4e7b7cec7395b679edc4\",\"name\":\"Julien\",\"image\":{\"@type\":\"ImageObject\",\"inLanguage\":\"fr-BE\",\"@id\":\"https:\/\/vieassociative.be\/actualites\/#\/schema\/person\/image\/\",\"url\":\"https:\/\/vieassociative.be\/actualites\/wp-content\/uploads\/2024\/09\/vie-associative-1-150x150.jpg\",\"contentUrl\":\"https:\/\/vieassociative.be\/actualites\/wp-content\/uploads\/2024\/09\/vie-associative-1-150x150.jpg\",\"caption\":\"Julien\"},\"description\":\"Je suis Julien, r\u00e9dacteur pour Vie Associative. Passionn\u00e9 par le monde associatif depuis plus de 10 ans, j'ai \u00e0 c\u0153ur de partager des histoires inspirantes et de mettre en lumi\u00e8re les initiatives locales. Mon objectif est de sensibiliser et d'encourager l'engagement communautaire \u00e0 travers mes articles.\",\"sameAs\":[\"https:\/\/vieassociative.be\/\"]}]}<\/script>\n<!-- \/ Yoast SEO plugin. -->","yoast_head_json":{"title":"Trump fait ce qu'il veut: malgr\u00e9 le dicton du juge, aucun acc\u00e8s \u00e0 l'agence de presse AP au bureau ovale | Vie Associative","robots":{"index":"index","follow":"follow","max-snippet":"max-snippet:-1","max-image-preview":"max-image-preview:large","max-video-preview":"max-video-preview:-1"},"canonical":"https:\/\/vieassociative.be\/actualites\/trump-fait-ce-quil-veut-malgre-le-dicton-du-juge-aucun-acces-a-lagence-de-presse-ap-au-bureau-ovale\/","og_locale":"fr_FR","og_type":"article","og_title":"Trump fait ce qu'il veut: malgr\u00e9 le dicton du juge, aucun acc\u00e8s \u00e0 l'agence de presse AP au bureau ovale | Vie Associative","og_description":"L&rsquo;agence de presse AP du bureau pr\u00e9sidentiel avait exclu la Maison Blanche. Un juge a r\u00e9cemment d\u00e9cid\u00e9 en sa faveur &#8211; mais deux journalistes ont","og_url":"https:\/\/vieassociative.be\/actualites\/trump-fait-ce-quil-veut-malgre-le-dicton-du-juge-aucun-acces-a-lagence-de-presse-ap-au-bureau-ovale\/","og_site_name":"Vie Associative","article_published_time":"2025-04-17T08:18:13+00:00","og_image":[{"width":279,"height":92,"url":"https:\/\/vieassociative.be\/actualites\/wp-content\/uploads\/2024\/09\/header_backgroundk-01-e1726694325946.png","type":"image\/png"}],"author":"Julien","twitter_card":"summary_large_image","twitter_misc":{"\u00c9crit par":"Julien","Dur\u00e9e de lecture est.":"2 minutes"},"schema":{"@context":"https:\/\/schema.org","@graph":[{"@type":"Article","@id":"https:\/\/vieassociative.be\/actualites\/trump-fait-ce-quil-veut-malgre-le-dicton-du-juge-aucun-acces-a-lagence-de-presse-ap-au-bureau-ovale\/#article","isPartOf":{"@id":"https:\/\/vieassociative.be\/actualites\/trump-fait-ce-quil-veut-malgre-le-dicton-du-juge-aucun-acces-a-lagence-de-presse-ap-au-bureau-ovale\/"},"author":{"name":"Julien","@id":"https:\/\/vieassociative.be\/actualites\/#\/schema\/person\/b87ac4f82f9d4e7b7cec7395b679edc4"},"headline":"Trump fait ce qu&rsquo;il veut: malgr\u00e9 le dicton du juge, aucun acc\u00e8s \u00e0 l&rsquo;agence de presse AP au bureau ovale","datePublished":"2025-04-17T08:18:13+00:00","dateModified":"2025-04-17T08:18:13+00:00","mainEntityOfPage":{"@id":"https:\/\/vieassociative.be\/actualites\/trump-fait-ce-quil-veut-malgre-le-dicton-du-juge-aucun-acces-a-lagence-de-presse-ap-au-bureau-ovale\/"},"wordCount":433,"publisher":{"@id":"https:\/\/vieassociative.be\/actualites\/#organization"},"image":{"@id":"https:\/\/vieassociative.be\/actualites\/trump-fait-ce-quil-veut-malgre-le-dicton-du-juge-aucun-acces-a-lagence-de-presse-ap-au-bureau-ovale\/#primaryimage"},"thumbnailUrl":"https:\/\/vieassociative.be\/actualites\/wp-content\/uploads\/2025\/02\/1739413101_La-presidente-americaine-Donald-Trump-punit-lagence-de-presse-parce.jpg","keywords":["acc\u00e8s","aucun","bureau","dicton","fait","juge","lagence","malgr\u00e9","ovale","presse","quil","Trump","veut"],"articleSection":["Belgique"],"inLanguage":"fr-BE"},{"@type":"WebPage","@id":"https:\/\/vieassociative.be\/actualites\/trump-fait-ce-quil-veut-malgre-le-dicton-du-juge-aucun-acces-a-lagence-de-presse-ap-au-bureau-ovale\/","url":"https:\/\/vieassociative.be\/actualites\/trump-fait-ce-quil-veut-malgre-le-dicton-du-juge-aucun-acces-a-lagence-de-presse-ap-au-bureau-ovale\/","name":"Trump fait ce qu'il veut: malgr\u00e9 le dicton du juge, aucun acc\u00e8s \u00e0 l'agence de presse AP au bureau ovale | Vie Associative","isPartOf":{"@id":"https:\/\/vieassociative.be\/actualites\/#website"},"primaryImageOfPage":{"@id":"https:\/\/vieassociative.be\/actualites\/trump-fait-ce-quil-veut-malgre-le-dicton-du-juge-aucun-acces-a-lagence-de-presse-ap-au-bureau-ovale\/#primaryimage"},"image":{"@id":"https:\/\/vieassociative.be\/actualites\/trump-fait-ce-quil-veut-malgre-le-dicton-du-juge-aucun-acces-a-lagence-de-presse-ap-au-bureau-ovale\/#primaryimage"},"thumbnailUrl":"https:\/\/vieassociative.be\/actualites\/wp-content\/uploads\/2025\/02\/1739413101_La-presidente-americaine-Donald-Trump-punit-lagence-de-presse-parce.jpg","datePublished":"2025-04-17T08:18:13+00:00","dateModified":"2025-04-17T08:18:13+00:00","breadcrumb":{"@id":"https:\/\/vieassociative.be\/actualites\/trump-fait-ce-quil-veut-malgre-le-dicton-du-juge-aucun-acces-a-lagence-de-presse-ap-au-bureau-ovale\/#breadcrumb"},"inLanguage":"fr-BE","potentialAction":[{"@type":"ReadAction","target":["https:\/\/vieassociative.be\/actualites\/trump-fait-ce-quil-veut-malgre-le-dicton-du-juge-aucun-acces-a-lagence-de-presse-ap-au-bureau-ovale\/"]}]},{"@type":"ImageObject","inLanguage":"fr-BE","@id":"https:\/\/vieassociative.be\/actualites\/trump-fait-ce-quil-veut-malgre-le-dicton-du-juge-aucun-acces-a-lagence-de-presse-ap-au-bureau-ovale\/#primaryimage","url":"https:\/\/vieassociative.be\/actualites\/wp-content\/uploads\/2025\/02\/1739413101_La-presidente-americaine-Donald-Trump-punit-lagence-de-presse-parce.jpg","contentUrl":"https:\/\/vieassociative.be\/actualites\/wp-content\/uploads\/2025\/02\/1739413101_La-presidente-americaine-Donald-Trump-punit-lagence-de-presse-parce.jpg","width":1200,"height":800,"caption":"La pr\u00e9sidente am\u00e9ricaine Donald Trump punit l'agence de presse parce qu'elle continue d'\u00e9crire \"Gulf of Mexico\" au lieu de \"Golf of America\""},{"@type":"BreadcrumbList","@id":"https:\/\/vieassociative.be\/actualites\/trump-fait-ce-quil-veut-malgre-le-dicton-du-juge-aucun-acces-a-lagence-de-presse-ap-au-bureau-ovale\/#breadcrumb","itemListElement":[{"@type":"ListItem","position":1,"name":"Accueil","item":"https:\/\/vieassociative.be\/actualites\/"},{"@type":"ListItem","position":2,"name":"Trump fait ce qu&rsquo;il veut: malgr\u00e9 le dicton du juge, aucun acc\u00e8s \u00e0 l&rsquo;agence de presse AP au bureau ovale"}]},{"@type":"WebSite","@id":"https:\/\/vieassociative.be\/actualites\/#website","url":"https:\/\/vieassociative.be\/actualites\/","name":"Vie Associative","description":"","publisher":{"@id":"https:\/\/vieassociative.be\/actualites\/#organization"},"potentialAction":[{"@type":"SearchAction","target":{"@type":"EntryPoint","urlTemplate":"https:\/\/vieassociative.be\/actualites\/?s={search_term_string}"},"query-input":{"@type":"PropertyValueSpecification","valueRequired":true,"valueName":"search_term_string"}}],"inLanguage":"fr-BE"},{"@type":"Organization","@id":"https:\/\/vieassociative.be\/actualites\/#organization","name":"Vie Associative","url":"https:\/\/vieassociative.be\/actualites\/","logo":{"@type":"ImageObject","inLanguage":"fr-BE","@id":"https:\/\/vieassociative.be\/actualites\/#\/schema\/logo\/image\/","url":"https:\/\/vieassociative.be\/actualites\/wp-content\/uploads\/2024\/09\/cropped-vieassociative_favicon.ico.png","contentUrl":"https:\/\/vieassociative.be\/actualites\/wp-content\/uploads\/2024\/09\/cropped-vieassociative_favicon.ico.png","width":512,"height":512,"caption":"Vie Associative"},"image":{"@id":"https:\/\/vieassociative.be\/actualites\/#\/schema\/logo\/image\/"}},{"@type":"Person","@id":"https:\/\/vieassociative.be\/actualites\/#\/schema\/person\/b87ac4f82f9d4e7b7cec7395b679edc4","name":"Julien","image":{"@type":"ImageObject","inLanguage":"fr-BE","@id":"https:\/\/vieassociative.be\/actualites\/#\/schema\/person\/image\/","url":"https:\/\/vieassociative.be\/actualites\/wp-content\/uploads\/2024\/09\/vie-associative-1-150x150.jpg","contentUrl":"https:\/\/vieassociative.be\/actualites\/wp-content\/uploads\/2024\/09\/vie-associative-1-150x150.jpg","caption":"Julien"},"description":"Je suis Julien, r\u00e9dacteur pour Vie Associative. Passionn\u00e9 par le monde associatif depuis plus de 10 ans, j'ai \u00e0 c\u0153ur de partager des histoires inspirantes et de mettre en lumi\u00e8re les initiatives locales. Mon objectif est de sensibiliser et d'encourager l'engagement communautaire \u00e0 travers mes articles.","sameAs":["https:\/\/vieassociative.be\/"]}]}},"_links":{"self":[{"href":"https:\/\/vieassociative.be\/actualites\/wp-json\/wp\/v2\/posts\/6793"}],"collection":[{"href":"https:\/\/vieassociative.be\/actualites\/wp-json\/wp\/v2\/posts"}],"about":[{"href":"https:\/\/vieassociative.be\/actualites\/wp-json\/wp\/v2\/types\/post"}],"author":[{"embeddable":true,"href":"https:\/\/vieassociative.be\/actualites\/wp-json\/wp\/v2\/users\/1"}],"replies":[{"embeddable":true,"href":"https:\/\/vieassociative.be\/actualites\/wp-json\/wp\/v2\/comments?post=6793"}],"version-history":[{"count":0,"href":"https:\/\/vieassociative.be\/actualites\/wp-json\/wp\/v2\/posts\/6793\/revisions"}],"wp:featuredmedia":[{"embeddable":true,"href":"https:\/\/vieassociative.be\/actualites\/wp-json\/wp\/v2\/media\/5072"}],"wp:attachment":[{"href":"https:\/\/vieassociative.be\/actualites\/wp-json\/wp\/v2\/media?parent=6793"}],"wp:term":[{"taxonomy":"category","embeddable":true,"href":"https:\/\/vieassociative.be\/actualites\/wp-json\/wp\/v2\/categories?post=6793"},{"taxonomy":"post_tag","embeddable":true,"href":"https:\/\/vieassociative.be\/actualites\/wp-json\/wp\/v2\/tags?post=6793"}],"curies":[{"name":"wp","href":"https:\/\/api.w.org\/{rel}","templated":true}]}}