{"id":6787,"date":"2025-04-17T04:17:25","date_gmt":"2025-04-17T02:17:25","guid":{"rendered":"https:\/\/vieassociative.be\/actualites\/dream-of-the-final-in-munich-burst-for-bavaria-seulement-2-2-a-linter-egalement-le-champion-en-titre-real-est-sorti\/"},"modified":"2025-04-17T04:17:25","modified_gmt":"2025-04-17T02:17:25","slug":"dream-of-the-final-in-munich-burst-for-bavaria-seulement-2-2-a-linter-egalement-le-champion-en-titre-real-est-sorti","status":"publish","type":"post","link":"https:\/\/vieassociative.be\/actualites\/dream-of-the-final-in-munich-burst-for-bavaria-seulement-2-2-a-linter-egalement-le-champion-en-titre-real-est-sorti\/","title":{"rendered":"Dream of the Final in Munich Burst for Bavaria &#8211; Seulement 2-2 \u00e0 l&rsquo;Inter &#8211; \u00e9galement le champion en titre Real est sorti"},"content":{"rendered":"<p><strong>Le FC Bayern Munich a quitt\u00e9 les finales du quart de la Ligue des champions. Le champion allemand de record de football n&rsquo;est pas d\u00e9pass\u00e9 un 2: 2 (0-0) lors du match retour \u00e0 l&rsquo;Inter Milan.<\/strong><\/p>\n<p><span id=\"more-413548\"><\/span>Bavaria a rat\u00e9 une possible demi-finale contre le FC Barcelone avec l&rsquo;ancien coup de travail Hansi apr\u00e8s le 1-2 dans le premier duel. Le r\u00eave de la finale \u00e0 Munich le 31 mai a \u00e9galement \u00e9clat\u00e9.<\/p>\n<div id=\"attachment_413555\" class=\"wp-caption alignleft\" style=\"max-width: 300px\"><img fetchpriority=\"high\" decoding=\"async\" class=\"wp-image-413555 size-medium\" src=\"https:\/\/vieassociative.be\/actualites\/wp-content\/uploads\/2025\/04\/Dream-of-the-Final-in-Munich-Burst-for-Bavaria.jpg\" alt=\"\" width=\"300\" height=\"200\"><\/p>\n<p class=\"wp-caption-text\">16\/04\/2025, Italie, Milan: Thomas M\u00fcller de Bavi\u00e8re a fait un geste pendant le match. Photo: Sven Hoppe \/ DPA<\/p>\n<\/div>\n<p>Dans le stade Milan San-Siro, l&rsquo;attaquant Harry Kane a pris les devants \u00e0 la 52e minute, mais Inter a fait le match \u00e0 travers des buts de Lautaro Martinez (58e) et Benjamin Pavard (61.). L&rsquo;\u00e9galiseur d&rsquo;Eric Dier (76e) n&rsquo;\u00e9tait pas suffisant pour Munich.<\/p>\n<p>L&rsquo;ic\u00f4ne du Bayern, Thomas M\u00fcller, a rat\u00e9 de bonnes opportunit\u00e9s, qui se trouvait \u00e0 onze de Munich cette fois. Avec son 163e match dans la premi\u00e8re classe, il a attrap\u00e9 Lionel Messi avec la star du monde. Seul Cristiano Ronaldo avec 183 matchs et l&rsquo;ex-gardien de but national d&rsquo;Espagne Iker Casillas (177) ont termin\u00e9 plus de matchs en Ligue des champions.<\/p>\n<h3>Arsenal s&rsquo;\u00e9teint r\u00e9el et est en demi-finale<\/h3>\n<p><strong>Le Real Madrid ne remportera pas la Ligue des champions cette ann\u00e9e. Dans le trimestre-finale, Agen est m\u00e9rit\u00e9 contre le Arsenal FC. Au tour suivant, les Anglais rencontrent maintenant le PSG.<\/strong><\/p>\n<p><!--more-->Le Real Madrid a rat\u00e9 un miracle de football contre le FC Arsenal et doit cocher le r\u00eave du prochain titre de Ligue des champions. L&rsquo;\u00e9quipe royale a perdu le quart de finale avec 1: 2 (0-0) et, apr\u00e8s la d\u00e9faite de 0: 3 de la premi\u00e8re \u00e9tape, a perdu la comparaison avec les Anglais.<\/p>\n<div id=\"attachment_413560\" class=\"wp-caption alignleft\" style=\"max-width: 300px\"><img decoding=\"async\" class=\"wp-image-413560 size-medium\" src=\"https:\/\/vieassociative.be\/actualites\/wp-content\/uploads\/2025\/04\/1744856245_141_Dream-of-the-Final-in-Munich-Burst-for-Bavaria.jpg\" alt=\"\" width=\"300\" height=\"200\"><\/p>\n<p class=\"wp-caption-text\">16\/04\/2025, Espagne, Madrid: Real Jew Bellingham (M) dans un duel avec des arsenals Declan Rice (L). Photo: Bernat Armangue \/ AP \/ DPA<\/p>\n<\/div>\n<p>Bukayo Saka (65e minute) et Gabriel Martinelli (90. + 3) se sont rencontr\u00e9s pour les invit\u00e9s, Vin\u00edcius J\u00fanior (67e), la compensation int\u00e9rimaire pour r\u00e9el. En demi-finale, Arsenal rencontre d\u00e9sormais le Saint-Germain de Paris.<\/p>\n<p>Sous leur public prosp\u00e8re, les h\u00f4tes avaient commenc\u00e9 \u00e0 beaucoup de vitesse, mais ils ont \u00e0 peine trouv\u00e9 des lacunes dans la d\u00e9fense massive d&rsquo;Arsenal. D\u00e8s le d\u00e9but, les Anglais se sont concentr\u00e9s sur la d\u00e9fense de leur g\u00e9n\u00e9reux avantage de la premi\u00e8re \u00e9tape. N\u00e9anmoins, les Gunners ont m\u00eame eu la seule grande chance au premier tour: Saka (13e), cependant, a rat\u00e9 une p\u00e9nalit\u00e9 contre le real-gardien Thibaut Courtois.<\/p>\n<p>Au deuxi\u00e8me tour, l&rsquo;international anglais a fait mieux lorsque, selon un beau mod\u00e8le, il a lev\u00e9 le ballon dans le but sur Courtois. Vin\u00edcius J\u00fanior a fait l&rsquo;\u00e9quilibre direct apr\u00e8s une erreur de William Saliba, mais les Espagnols n&rsquo;ont pas pu d\u00e9velopper beaucoup plus de danger. Au lieu de cela, Martinelli a mis la fin. (DPA)<\/p>\n<p><em><strong>Sur le sujet, voir \u00e9galement l&rsquo;article suivant sur OD:<\/strong><\/em><\/p>\n<div class=\"responsive-embed widescreen\">\n<blockquote class=\"wp-embedded-content\" data-secret=\"AjGH02SW3q\">\n<p>Borussia Dortmund et Aston Villa Mlle Miracles contre le FC Barcelone et Paris SG<\/p>\n<\/blockquote>\n<p><iframe loading=\"lazy\" class=\"wp-embedded-content\" sandbox=\"allow-scripts\" security=\"restricted\" style=\"position: absolute; visibility: hidden;\" title=\"\u201eBorussia Dortmund und Aston Villa verpassen Wunder gegen den FC Barcelona und Paris SG\u201c \u2014 Ostbelgien Direkt\" src=\"https:\/\/ostbelgiendirekt.be\/about:blank\" data-secret=\"AjGH02SW3q\" width=\"500\" height=\"282\" frameborder=\"0\" marginwidth=\"0\" marginheight=\"0\" scrolling=\"no\" data-rocket-lazyload=\"fitvidscompatible\" data-lazy-src=\"https:\/\/ostbelgiendirekt.be\/dortmund-und-aston-villa-413474\/embed#?secret=XTYAuE0QNF#?secret=AjGH02SW3q\"><\/iframe><noscript><iframe class=\"wp-embedded-content\" sandbox=\"allow-scripts\" security=\"restricted\" style=\"position: absolute; visibility: hidden;\" title=\"\u201eBorussia Dortmund und Aston Villa verpassen Wunder gegen den FC Barcelona und Paris SG\u201c \u2014 Ostbelgien Direkt\" src=\"https:\/\/ostbelgiendirekt.be\/dortmund-und-aston-villa-413474\/embed#?secret=XTYAuE0QNF#?secret=AjGH02SW3q\" data-secret=\"AjGH02SW3q\" width=\"500\" height=\"282\" frameborder=\"0\" marginwidth=\"0\" marginheight=\"0\" scrolling=\"no\"><\/iframe><\/noscript><\/p>\n<\/div>\n","protected":false},"excerpt":{"rendered":"<p>Le FC Bayern Munich a quitt\u00e9 les finales du quart de la Ligue des champions. Le champion allemand de record de football n&rsquo;est pas d\u00e9pass\u00e9<\/p>\n","protected":false},"author":1,"featured_media":6788,"comment_status":"","ping_status":"","sticky":false,"template":"","format":"standard","meta":{"footnotes":""},"categories":[298],"tags":[5107,6456,2524,6455,172,76,3354,5811,3449,369,2583,6457,2504],"class_list":["post-6787","post","type-post","status-publish","format-standard","has-post-thumbnail","hentry","category-belgique","tag-bavaria","tag-burst","tag-champion","tag-dream","tag-egalement","tag-est","tag-final","tag-linter","tag-munich","tag-real","tag-seulement","tag-sorti","tag-titre","generate-columns","tablet-grid-50","mobile-grid-100","grid-parent","grid-33"],"yoast_head":"<!-- This site is optimized with the Yoast SEO plugin v24.0 - https:\/\/yoast.com\/wordpress\/plugins\/seo\/ -->\n<title>Dream of the Final in Munich Burst for Bavaria - Seulement 2-2 \u00e0 l&#039;Inter - \u00e9galement le champion en titre Real est sorti | Vie Associative<\/title>\n<meta name=\"robots\" content=\"index, follow, max-snippet:-1, max-image-preview:large, max-video-preview:-1\" \/>\n<link rel=\"canonical\" href=\"https:\/\/vieassociative.be\/actualites\/dream-of-the-final-in-munich-burst-for-bavaria-seulement-2-2-a-linter-egalement-le-champion-en-titre-real-est-sorti\/\" \/>\n<meta property=\"og:locale\" content=\"fr_FR\" \/>\n<meta property=\"og:type\" content=\"article\" \/>\n<meta property=\"og:title\" content=\"Dream of the Final in Munich Burst for Bavaria - Seulement 2-2 \u00e0 l&#039;Inter - \u00e9galement le champion en titre Real est sorti | Vie Associative\" \/>\n<meta property=\"og:description\" content=\"Le FC Bayern Munich a quitt\u00e9 les finales du quart de la Ligue des champions. Le champion allemand de record de football n&rsquo;est pas d\u00e9pass\u00e9\" \/>\n<meta property=\"og:url\" content=\"https:\/\/vieassociative.be\/actualites\/dream-of-the-final-in-munich-burst-for-bavaria-seulement-2-2-a-linter-egalement-le-champion-en-titre-real-est-sorti\/\" \/>\n<meta property=\"og:site_name\" content=\"Vie Associative\" \/>\n<meta property=\"article:published_time\" content=\"2025-04-17T02:17:25+00:00\" \/>\n<meta property=\"og:image\" content=\"https:\/\/vieassociative.be\/actualites\/wp-content\/uploads\/2024\/09\/header_backgroundk-01-e1726694325946.png\" \/>\n\t<meta property=\"og:image:width\" content=\"279\" \/>\n\t<meta property=\"og:image:height\" content=\"92\" \/>\n\t<meta property=\"og:image:type\" content=\"image\/png\" \/>\n<meta name=\"author\" content=\"Julien\" \/>\n<meta name=\"twitter:card\" content=\"summary_large_image\" \/>\n<meta name=\"twitter:label1\" content=\"\u00c9crit par\" \/>\n\t<meta name=\"twitter:data1\" content=\"Julien\" \/>\n\t<meta name=\"twitter:label2\" content=\"Dur\u00e9e de lecture est.\" \/>\n\t<meta name=\"twitter:data2\" content=\"3 minutes\" \/>\n<script type=\"application\/ld+json\" class=\"yoast-schema-graph\">{\"@context\":\"https:\/\/schema.org\",\"@graph\":[{\"@type\":\"Article\",\"@id\":\"https:\/\/vieassociative.be\/actualites\/dream-of-the-final-in-munich-burst-for-bavaria-seulement-2-2-a-linter-egalement-le-champion-en-titre-real-est-sorti\/#article\",\"isPartOf\":{\"@id\":\"https:\/\/vieassociative.be\/actualites\/dream-of-the-final-in-munich-burst-for-bavaria-seulement-2-2-a-linter-egalement-le-champion-en-titre-real-est-sorti\/\"},\"author\":{\"name\":\"Julien\",\"@id\":\"https:\/\/vieassociative.be\/actualites\/#\/schema\/person\/b87ac4f82f9d4e7b7cec7395b679edc4\"},\"headline\":\"Dream of the Final in Munich Burst for Bavaria &#8211; Seulement 2-2 \u00e0 l&rsquo;Inter &#8211; \u00e9galement le champion en titre Real est sorti\",\"datePublished\":\"2025-04-17T02:17:25+00:00\",\"dateModified\":\"2025-04-17T02:17:25+00:00\",\"mainEntityOfPage\":{\"@id\":\"https:\/\/vieassociative.be\/actualites\/dream-of-the-final-in-munich-burst-for-bavaria-seulement-2-2-a-linter-egalement-le-champion-en-titre-real-est-sorti\/\"},\"wordCount\":549,\"publisher\":{\"@id\":\"https:\/\/vieassociative.be\/actualites\/#organization\"},\"image\":{\"@id\":\"https:\/\/vieassociative.be\/actualites\/dream-of-the-final-in-munich-burst-for-bavaria-seulement-2-2-a-linter-egalement-le-champion-en-titre-real-est-sorti\/#primaryimage\"},\"thumbnailUrl\":\"https:\/\/vieassociative.be\/actualites\/wp-content\/uploads\/2025\/04\/1744856245_Dream-of-the-Final-in-Munich-Burst-for-Bavaria.jpg\",\"keywords\":[\"Bavaria\",\"Burst\",\"champion\",\"Dream\",\"\u00e9galement\",\"est\",\"final\",\"lInter\",\"Munich\",\"Real\",\"seulement\",\"sorti\",\"titre\"],\"articleSection\":[\"Belgique\"],\"inLanguage\":\"fr-BE\"},{\"@type\":\"WebPage\",\"@id\":\"https:\/\/vieassociative.be\/actualites\/dream-of-the-final-in-munich-burst-for-bavaria-seulement-2-2-a-linter-egalement-le-champion-en-titre-real-est-sorti\/\",\"url\":\"https:\/\/vieassociative.be\/actualites\/dream-of-the-final-in-munich-burst-for-bavaria-seulement-2-2-a-linter-egalement-le-champion-en-titre-real-est-sorti\/\",\"name\":\"Dream of the Final in Munich Burst for Bavaria - Seulement 2-2 \u00e0 l'Inter - \u00e9galement le champion en titre Real est sorti | Vie Associative\",\"isPartOf\":{\"@id\":\"https:\/\/vieassociative.be\/actualites\/#website\"},\"primaryImageOfPage\":{\"@id\":\"https:\/\/vieassociative.be\/actualites\/dream-of-the-final-in-munich-burst-for-bavaria-seulement-2-2-a-linter-egalement-le-champion-en-titre-real-est-sorti\/#primaryimage\"},\"image\":{\"@id\":\"https:\/\/vieassociative.be\/actualites\/dream-of-the-final-in-munich-burst-for-bavaria-seulement-2-2-a-linter-egalement-le-champion-en-titre-real-est-sorti\/#primaryimage\"},\"thumbnailUrl\":\"https:\/\/vieassociative.be\/actualites\/wp-content\/uploads\/2025\/04\/1744856245_Dream-of-the-Final-in-Munich-Burst-for-Bavaria.jpg\",\"datePublished\":\"2025-04-17T02:17:25+00:00\",\"dateModified\":\"2025-04-17T02:17:25+00:00\",\"breadcrumb\":{\"@id\":\"https:\/\/vieassociative.be\/actualites\/dream-of-the-final-in-munich-burst-for-bavaria-seulement-2-2-a-linter-egalement-le-champion-en-titre-real-est-sorti\/#breadcrumb\"},\"inLanguage\":\"fr-BE\",\"potentialAction\":[{\"@type\":\"ReadAction\",\"target\":[\"https:\/\/vieassociative.be\/actualites\/dream-of-the-final-in-munich-burst-for-bavaria-seulement-2-2-a-linter-egalement-le-champion-en-titre-real-est-sorti\/\"]}]},{\"@type\":\"ImageObject\",\"inLanguage\":\"fr-BE\",\"@id\":\"https:\/\/vieassociative.be\/actualites\/dream-of-the-final-in-munich-burst-for-bavaria-seulement-2-2-a-linter-egalement-le-champion-en-titre-real-est-sorti\/#primaryimage\",\"url\":\"https:\/\/vieassociative.be\/actualites\/wp-content\/uploads\/2025\/04\/1744856245_Dream-of-the-Final-in-Munich-Burst-for-Bavaria.jpg\",\"contentUrl\":\"https:\/\/vieassociative.be\/actualites\/wp-content\/uploads\/2025\/04\/1744856245_Dream-of-the-Final-in-Munich-Burst-for-Bavaria.jpg\",\"width\":1200,\"height\":800,\"caption\":\"Dream of the Final in Munich Burst for Bavaria - Seulement 2-2 \u00e0 l'Inter - \u00e9galement le champion en titre Real est sorti\"},{\"@type\":\"BreadcrumbList\",\"@id\":\"https:\/\/vieassociative.be\/actualites\/dream-of-the-final-in-munich-burst-for-bavaria-seulement-2-2-a-linter-egalement-le-champion-en-titre-real-est-sorti\/#breadcrumb\",\"itemListElement\":[{\"@type\":\"ListItem\",\"position\":1,\"name\":\"Accueil\",\"item\":\"https:\/\/vieassociative.be\/actualites\/\"},{\"@type\":\"ListItem\",\"position\":2,\"name\":\"Dream of the Final in Munich Burst for Bavaria &#8211; Seulement 2-2 \u00e0 l&rsquo;Inter &#8211; \u00e9galement le champion en titre Real est sorti\"}]},{\"@type\":\"WebSite\",\"@id\":\"https:\/\/vieassociative.be\/actualites\/#website\",\"url\":\"https:\/\/vieassociative.be\/actualites\/\",\"name\":\"Vie Associative\",\"description\":\"\",\"publisher\":{\"@id\":\"https:\/\/vieassociative.be\/actualites\/#organization\"},\"potentialAction\":[{\"@type\":\"SearchAction\",\"target\":{\"@type\":\"EntryPoint\",\"urlTemplate\":\"https:\/\/vieassociative.be\/actualites\/?s={search_term_string}\"},\"query-input\":{\"@type\":\"PropertyValueSpecification\",\"valueRequired\":true,\"valueName\":\"search_term_string\"}}],\"inLanguage\":\"fr-BE\"},{\"@type\":\"Organization\",\"@id\":\"https:\/\/vieassociative.be\/actualites\/#organization\",\"name\":\"Vie Associative\",\"url\":\"https:\/\/vieassociative.be\/actualites\/\",\"logo\":{\"@type\":\"ImageObject\",\"inLanguage\":\"fr-BE\",\"@id\":\"https:\/\/vieassociative.be\/actualites\/#\/schema\/logo\/image\/\",\"url\":\"https:\/\/vieassociative.be\/actualites\/wp-content\/uploads\/2024\/09\/cropped-vieassociative_favicon.ico.png\",\"contentUrl\":\"https:\/\/vieassociative.be\/actualites\/wp-content\/uploads\/2024\/09\/cropped-vieassociative_favicon.ico.png\",\"width\":512,\"height\":512,\"caption\":\"Vie Associative\"},\"image\":{\"@id\":\"https:\/\/vieassociative.be\/actualites\/#\/schema\/logo\/image\/\"}},{\"@type\":\"Person\",\"@id\":\"https:\/\/vieassociative.be\/actualites\/#\/schema\/person\/b87ac4f82f9d4e7b7cec7395b679edc4\",\"name\":\"Julien\",\"image\":{\"@type\":\"ImageObject\",\"inLanguage\":\"fr-BE\",\"@id\":\"https:\/\/vieassociative.be\/actualites\/#\/schema\/person\/image\/\",\"url\":\"https:\/\/vieassociative.be\/actualites\/wp-content\/uploads\/2024\/09\/vie-associative-1-150x150.jpg\",\"contentUrl\":\"https:\/\/vieassociative.be\/actualites\/wp-content\/uploads\/2024\/09\/vie-associative-1-150x150.jpg\",\"caption\":\"Julien\"},\"description\":\"Je suis Julien, r\u00e9dacteur pour Vie Associative. Passionn\u00e9 par le monde associatif depuis plus de 10 ans, j'ai \u00e0 c\u0153ur de partager des histoires inspirantes et de mettre en lumi\u00e8re les initiatives locales. Mon objectif est de sensibiliser et d'encourager l'engagement communautaire \u00e0 travers mes articles.\",\"sameAs\":[\"https:\/\/vieassociative.be\/\"]}]}<\/script>\n<!-- \/ Yoast SEO plugin. -->","yoast_head_json":{"title":"Dream of the Final in Munich Burst for Bavaria - Seulement 2-2 \u00e0 l'Inter - \u00e9galement le champion en titre Real est sorti | Vie Associative","robots":{"index":"index","follow":"follow","max-snippet":"max-snippet:-1","max-image-preview":"max-image-preview:large","max-video-preview":"max-video-preview:-1"},"canonical":"https:\/\/vieassociative.be\/actualites\/dream-of-the-final-in-munich-burst-for-bavaria-seulement-2-2-a-linter-egalement-le-champion-en-titre-real-est-sorti\/","og_locale":"fr_FR","og_type":"article","og_title":"Dream of the Final in Munich Burst for Bavaria - Seulement 2-2 \u00e0 l'Inter - \u00e9galement le champion en titre Real est sorti | Vie Associative","og_description":"Le FC Bayern Munich a quitt\u00e9 les finales du quart de la Ligue des champions. Le champion allemand de record de football n&rsquo;est pas d\u00e9pass\u00e9","og_url":"https:\/\/vieassociative.be\/actualites\/dream-of-the-final-in-munich-burst-for-bavaria-seulement-2-2-a-linter-egalement-le-champion-en-titre-real-est-sorti\/","og_site_name":"Vie Associative","article_published_time":"2025-04-17T02:17:25+00:00","og_image":[{"width":279,"height":92,"url":"https:\/\/vieassociative.be\/actualites\/wp-content\/uploads\/2024\/09\/header_backgroundk-01-e1726694325946.png","type":"image\/png"}],"author":"Julien","twitter_card":"summary_large_image","twitter_misc":{"\u00c9crit par":"Julien","Dur\u00e9e de lecture est.":"3 minutes"},"schema":{"@context":"https:\/\/schema.org","@graph":[{"@type":"Article","@id":"https:\/\/vieassociative.be\/actualites\/dream-of-the-final-in-munich-burst-for-bavaria-seulement-2-2-a-linter-egalement-le-champion-en-titre-real-est-sorti\/#article","isPartOf":{"@id":"https:\/\/vieassociative.be\/actualites\/dream-of-the-final-in-munich-burst-for-bavaria-seulement-2-2-a-linter-egalement-le-champion-en-titre-real-est-sorti\/"},"author":{"name":"Julien","@id":"https:\/\/vieassociative.be\/actualites\/#\/schema\/person\/b87ac4f82f9d4e7b7cec7395b679edc4"},"headline":"Dream of the Final in Munich Burst for Bavaria &#8211; Seulement 2-2 \u00e0 l&rsquo;Inter &#8211; \u00e9galement le champion en titre Real est sorti","datePublished":"2025-04-17T02:17:25+00:00","dateModified":"2025-04-17T02:17:25+00:00","mainEntityOfPage":{"@id":"https:\/\/vieassociative.be\/actualites\/dream-of-the-final-in-munich-burst-for-bavaria-seulement-2-2-a-linter-egalement-le-champion-en-titre-real-est-sorti\/"},"wordCount":549,"publisher":{"@id":"https:\/\/vieassociative.be\/actualites\/#organization"},"image":{"@id":"https:\/\/vieassociative.be\/actualites\/dream-of-the-final-in-munich-burst-for-bavaria-seulement-2-2-a-linter-egalement-le-champion-en-titre-real-est-sorti\/#primaryimage"},"thumbnailUrl":"https:\/\/vieassociative.be\/actualites\/wp-content\/uploads\/2025\/04\/1744856245_Dream-of-the-Final-in-Munich-Burst-for-Bavaria.jpg","keywords":["Bavaria","Burst","champion","Dream","\u00e9galement","est","final","lInter","Munich","Real","seulement","sorti","titre"],"articleSection":["Belgique"],"inLanguage":"fr-BE"},{"@type":"WebPage","@id":"https:\/\/vieassociative.be\/actualites\/dream-of-the-final-in-munich-burst-for-bavaria-seulement-2-2-a-linter-egalement-le-champion-en-titre-real-est-sorti\/","url":"https:\/\/vieassociative.be\/actualites\/dream-of-the-final-in-munich-burst-for-bavaria-seulement-2-2-a-linter-egalement-le-champion-en-titre-real-est-sorti\/","name":"Dream of the Final in Munich Burst for Bavaria - Seulement 2-2 \u00e0 l'Inter - \u00e9galement le champion en titre Real est sorti | Vie Associative","isPartOf":{"@id":"https:\/\/vieassociative.be\/actualites\/#website"},"primaryImageOfPage":{"@id":"https:\/\/vieassociative.be\/actualites\/dream-of-the-final-in-munich-burst-for-bavaria-seulement-2-2-a-linter-egalement-le-champion-en-titre-real-est-sorti\/#primaryimage"},"image":{"@id":"https:\/\/vieassociative.be\/actualites\/dream-of-the-final-in-munich-burst-for-bavaria-seulement-2-2-a-linter-egalement-le-champion-en-titre-real-est-sorti\/#primaryimage"},"thumbnailUrl":"https:\/\/vieassociative.be\/actualites\/wp-content\/uploads\/2025\/04\/1744856245_Dream-of-the-Final-in-Munich-Burst-for-Bavaria.jpg","datePublished":"2025-04-17T02:17:25+00:00","dateModified":"2025-04-17T02:17:25+00:00","breadcrumb":{"@id":"https:\/\/vieassociative.be\/actualites\/dream-of-the-final-in-munich-burst-for-bavaria-seulement-2-2-a-linter-egalement-le-champion-en-titre-real-est-sorti\/#breadcrumb"},"inLanguage":"fr-BE","potentialAction":[{"@type":"ReadAction","target":["https:\/\/vieassociative.be\/actualites\/dream-of-the-final-in-munich-burst-for-bavaria-seulement-2-2-a-linter-egalement-le-champion-en-titre-real-est-sorti\/"]}]},{"@type":"ImageObject","inLanguage":"fr-BE","@id":"https:\/\/vieassociative.be\/actualites\/dream-of-the-final-in-munich-burst-for-bavaria-seulement-2-2-a-linter-egalement-le-champion-en-titre-real-est-sorti\/#primaryimage","url":"https:\/\/vieassociative.be\/actualites\/wp-content\/uploads\/2025\/04\/1744856245_Dream-of-the-Final-in-Munich-Burst-for-Bavaria.jpg","contentUrl":"https:\/\/vieassociative.be\/actualites\/wp-content\/uploads\/2025\/04\/1744856245_Dream-of-the-Final-in-Munich-Burst-for-Bavaria.jpg","width":1200,"height":800,"caption":"Dream of the Final in Munich Burst for Bavaria - Seulement 2-2 \u00e0 l'Inter - \u00e9galement le champion en titre Real est sorti"},{"@type":"BreadcrumbList","@id":"https:\/\/vieassociative.be\/actualites\/dream-of-the-final-in-munich-burst-for-bavaria-seulement-2-2-a-linter-egalement-le-champion-en-titre-real-est-sorti\/#breadcrumb","itemListElement":[{"@type":"ListItem","position":1,"name":"Accueil","item":"https:\/\/vieassociative.be\/actualites\/"},{"@type":"ListItem","position":2,"name":"Dream of the Final in Munich Burst for Bavaria &#8211; Seulement 2-2 \u00e0 l&rsquo;Inter &#8211; \u00e9galement le champion en titre Real est sorti"}]},{"@type":"WebSite","@id":"https:\/\/vieassociative.be\/actualites\/#website","url":"https:\/\/vieassociative.be\/actualites\/","name":"Vie Associative","description":"","publisher":{"@id":"https:\/\/vieassociative.be\/actualites\/#organization"},"potentialAction":[{"@type":"SearchAction","target":{"@type":"EntryPoint","urlTemplate":"https:\/\/vieassociative.be\/actualites\/?s={search_term_string}"},"query-input":{"@type":"PropertyValueSpecification","valueRequired":true,"valueName":"search_term_string"}}],"inLanguage":"fr-BE"},{"@type":"Organization","@id":"https:\/\/vieassociative.be\/actualites\/#organization","name":"Vie Associative","url":"https:\/\/vieassociative.be\/actualites\/","logo":{"@type":"ImageObject","inLanguage":"fr-BE","@id":"https:\/\/vieassociative.be\/actualites\/#\/schema\/logo\/image\/","url":"https:\/\/vieassociative.be\/actualites\/wp-content\/uploads\/2024\/09\/cropped-vieassociative_favicon.ico.png","contentUrl":"https:\/\/vieassociative.be\/actualites\/wp-content\/uploads\/2024\/09\/cropped-vieassociative_favicon.ico.png","width":512,"height":512,"caption":"Vie Associative"},"image":{"@id":"https:\/\/vieassociative.be\/actualites\/#\/schema\/logo\/image\/"}},{"@type":"Person","@id":"https:\/\/vieassociative.be\/actualites\/#\/schema\/person\/b87ac4f82f9d4e7b7cec7395b679edc4","name":"Julien","image":{"@type":"ImageObject","inLanguage":"fr-BE","@id":"https:\/\/vieassociative.be\/actualites\/#\/schema\/person\/image\/","url":"https:\/\/vieassociative.be\/actualites\/wp-content\/uploads\/2024\/09\/vie-associative-1-150x150.jpg","contentUrl":"https:\/\/vieassociative.be\/actualites\/wp-content\/uploads\/2024\/09\/vie-associative-1-150x150.jpg","caption":"Julien"},"description":"Je suis Julien, r\u00e9dacteur pour Vie Associative. Passionn\u00e9 par le monde associatif depuis plus de 10 ans, j'ai \u00e0 c\u0153ur de partager des histoires inspirantes et de mettre en lumi\u00e8re les initiatives locales. Mon objectif est de sensibiliser et d'encourager l'engagement communautaire \u00e0 travers mes articles.","sameAs":["https:\/\/vieassociative.be\/"]}]}},"_links":{"self":[{"href":"https:\/\/vieassociative.be\/actualites\/wp-json\/wp\/v2\/posts\/6787"}],"collection":[{"href":"https:\/\/vieassociative.be\/actualites\/wp-json\/wp\/v2\/posts"}],"about":[{"href":"https:\/\/vieassociative.be\/actualites\/wp-json\/wp\/v2\/types\/post"}],"author":[{"embeddable":true,"href":"https:\/\/vieassociative.be\/actualites\/wp-json\/wp\/v2\/users\/1"}],"replies":[{"embeddable":true,"href":"https:\/\/vieassociative.be\/actualites\/wp-json\/wp\/v2\/comments?post=6787"}],"version-history":[{"count":0,"href":"https:\/\/vieassociative.be\/actualites\/wp-json\/wp\/v2\/posts\/6787\/revisions"}],"wp:featuredmedia":[{"embeddable":true,"href":"https:\/\/vieassociative.be\/actualites\/wp-json\/wp\/v2\/media\/6788"}],"wp:attachment":[{"href":"https:\/\/vieassociative.be\/actualites\/wp-json\/wp\/v2\/media?parent=6787"}],"wp:term":[{"taxonomy":"category","embeddable":true,"href":"https:\/\/vieassociative.be\/actualites\/wp-json\/wp\/v2\/categories?post=6787"},{"taxonomy":"post_tag","embeddable":true,"href":"https:\/\/vieassociative.be\/actualites\/wp-json\/wp\/v2\/tags?post=6787"}],"curies":[{"name":"wp","href":"https:\/\/api.w.org\/{rel}","templated":true}]}}