{"id":6785,"date":"2025-04-17T03:17:39","date_gmt":"2025-04-17T01:17:39","guid":{"rendered":"https:\/\/vieassociative.be\/actualites\/google-ne-prend-plus-en-charge-android-12-ou-android-12l\/"},"modified":"2025-04-17T03:17:39","modified_gmt":"2025-04-17T01:17:39","slug":"google-ne-prend-plus-en-charge-android-12-ou-android-12l","status":"publish","type":"post","link":"https:\/\/vieassociative.be\/actualites\/google-ne-prend-plus-en-charge-android-12-ou-android-12l\/","title":{"rendered":"Google ne prend plus en charge Android 12 ou Android 12L"},"content":{"rendered":"<div class=\"mt-4 leading-6 md:mb-8\">Il est peut-\u00eatre temps de mettre \u00e0 niveau votre smartphone.<\/div>\n<p><\/p>\n<p>Si vous avez un smartphone ex\u00e9cutant Android 12 qui ne peut pas passer au-del\u00e0 de cette version, j&rsquo;ai de mauvaises nouvelles: Google abandonne le support pour votre t\u00e9l\u00e9phone. <\/p>\n<h2 id=\"rip-android-12\">RIP Android 12<\/h2>\n<p>Comme rep\u00e9r\u00e9 par Android Authority, Google n&rsquo;est plus des mises \u00e0 jour de s\u00e9curit\u00e9 pour les appareils ex\u00e9cutant Android 12 et Android 12L. La soci\u00e9t\u00e9 a omis la version Android de son Bulletin de s\u00e9curit\u00e9 Android avril 2025, qui note les vuln\u00e9rabilit\u00e9s de s\u00e9curit\u00e9 que Google a identifi\u00e9es et corrig\u00e9es, ainsi que les versions d&rsquo;Android re\u00e7oivent ces correctifs. La soci\u00e9t\u00e9 met en \u00e9vidence Android 13, 14 et 15 dans un certain nombre de vuln\u00e9rabilit\u00e9s diff\u00e9rentes, mais pas Android 12.<\/p>\n<p>Le point de vente ne fonde pas cette nouvelle de ces omissions seule: Android Authority rapporte que Google a abandonn\u00e9 la prise en charge d&rsquo;Android 12 et 12L au 31 mars, sur la base d&rsquo;une source qui indique que la soci\u00e9t\u00e9 a mis fin \u00e0 des retards de s\u00e9curit\u00e9 pour ces versions \u00e0 cette date. Backport, c&rsquo;est lorsqu&rsquo;un d\u00e9veloppeur prend un correctif de s\u00e9curit\u00e9 \u00e0 partir d&rsquo;une version plus r\u00e9cente du logiciel et l&rsquo;ajoute \u00e0 une ancienne version de ce logiciel. Il semble que Google l&rsquo;avait fait pour Android 12 \u00e0 partir de nouvelles versions d&rsquo;Android, mais fin mars, s&rsquo;est arr\u00eat\u00e9.  <\/p>\n<p>Google n&rsquo;a pas expliqu\u00e9 exactement pourquoi il met fin \u00e0 la prise en charge d&rsquo;Android 12 pour le moment, mais cela a presque assur\u00e9ment \u00e0 voir avec l&rsquo;\u00e2ge de l&rsquo;OS. L&rsquo;entreprise a publi\u00e9 la version (nomm\u00e9 Snow Cone) en octobre 2021. Il s&rsquo;agissait d&rsquo;une mise \u00e0 jour relativement importante pour Android, introduisant notamment le \u00ab\u00a0mat\u00e9riel\u00a0\u00bb aux appareils pour la premi\u00e8re fois. Mat\u00e9riel Vous avez consid\u00e9rablement modifi\u00e9 l&rsquo;apparence d&rsquo;Android, ajustant les \u00e9l\u00e9ments d&rsquo;interface utilisateur, les ic\u00f4nes d&rsquo;applications et l&rsquo;application d&rsquo;un th\u00e8me universel bas\u00e9 sur les couleurs de votre fond d&rsquo;\u00e9cran. La mise \u00e0 jour comprenait \u00e9galement un certain nombre de param\u00e8tres de confidentialit\u00e9 ainsi qu&rsquo;une poign\u00e9e de nouveaux contr\u00f4les de gestes. Selon Android Authority, Google arr\u00eate la plupart des op\u00e9rations du syst\u00e8me d&rsquo;exploitation Android vers trois ans et demi apr\u00e8s la sortie, donc ce timing est de la suite. <\/p>\n<h2 id=\"is-your-device-affected\">Votre appareil est-il affect\u00e9?<\/h2>\n<p>Le plus gros probl\u00e8me ici est qu&rsquo;il existe de nombreux appareils ex\u00e9cutant Android 12. StatCounter dit que pr\u00e8s de 12,5% des t\u00e9l\u00e9phones Android \u00e0 travers le monde ex\u00e9cutent cette version, tandis que 9,14% des utilisateurs d&rsquo;Android aux \u00c9tats-Unis l&rsquo;ex\u00e9cutent. BlackLinko affirme qu&rsquo;il y a plus de trois milliards de t\u00e9l\u00e9phones Android actifs \u00e0 travers le monde, ce qui signifie qu&rsquo;il pourrait y avoir plus de 370 millions de t\u00e9l\u00e9phones Android sur le point de perdre des mises \u00e0 jour de s\u00e9curit\u00e9.<\/p>\n<div class=\"pogoClear relative my-10 border-b-(1.5px) border-t-(1.5px) border-dashed border-black py-5 sm:my-14 sm:border-0 sm:py-0\" x-cloak x-data=\"{ commentsCount: null }\" x-init=\"commentsCount = await window.openweb.getMessagesCount(01JS033QRHC64FM1T5BHDVCYC4)\" x-show=\"commentsCount !== null &amp;&amp; commentsCount &gt; 0\">\n<div class=\"absolute top-1\/2 hidden w-full -translate-y-1\/2 border-t-(1.5px) border-dashed border-black sm:block\"><\/div>\n<div class=\"relative flex justify-center\">\n<div class=\"flex max-w-max items-center gap-x-3 bg-white px-5\">\n<div class=\"relative\">\n                <span class=\"absolute left-1\/2 top-1\/2 -translate-x-1\/2 -translate-y-1\/2 font-akshar text-sm font-medium text-black\" x-text=\"commentsCount\"><\/span><\/p>\n<p>                <svg class=\"h-8 w-8 text-black\">\n                    <use href=\"http:\/\/lifehacker.com\/images\/icons\/spritemap.svg#sprite-chat-bubble\"><\/use>\n                <\/svg>\n            <\/div>\n<p>            <span class=\"text-sm font-medium text-black\">Que pensez-vous jusqu&rsquo;\u00e0 pr\u00e9sent? <button class=\"font-semibold text-brand-green underline hover:text-brand-green-700\" onclick=\"window.openweb.scrollToComments(01JS033QRHC64FM1T5BHDVCYC4)\">Publier un commentaire.<\/button><\/span>\n        <\/div>\n<\/p><\/div>\n<\/div>\n<p>Si votre t\u00e9l\u00e9phone Android ne peut pas mettre \u00e0 jour Android 12, il est peut-\u00eatre temps de mettre \u00e0 niveau. Bien s\u00fbr, vous pouvez vivre sans de nouvelles fonctionnalit\u00e9s Android, mais <em>s\u00e9curit\u00e9<\/em> Les mises \u00e0 jour sont vitales. In\u00e9vitablement, quelqu&rsquo;un d\u00e9couvrira des d\u00e9fauts de s\u00e9curit\u00e9 dans Android qui affectent Android 12, mais comme Google n&rsquo;est plus des correctifs de dossier de r\u00e9trovision \u00e0 cette version, ces d\u00e9fauts seront non corrig\u00e9s. En tant que tels, les mauvais acteurs peuvent exploiter ces d\u00e9fauts dans des attaques cibl\u00e9es, vous laissant vuln\u00e9rable.<\/p>\n<p>Si vous recherchez un nouveau smartphone Android, le site s\u0153ur de Vie Associative PCMAG dispose d&rsquo;une liste de ses t\u00e9l\u00e9phones Android pr\u00e9f\u00e9r\u00e9s pour 2025. Si vous optez pour un nouveau t\u00e9l\u00e9phone Google ou Samsung, sachez que cette entreprise garantit sept ans de support logiciel et de s\u00e9curit\u00e9. Si vous achetez un pixel 9a aujourd&rsquo;hui, par exemple, vous n&rsquo;aurez pas \u00e0 vous soucier d&rsquo;une situation similaire avant 2032.<\/p>\n","protected":false},"excerpt":{"rendered":"<p>Il est peut-\u00eatre temps de mettre \u00e0 niveau votre smartphone. Si vous avez un smartphone ex\u00e9cutant Android 12 qui ne peut pas passer au-del\u00e0 de<\/p>\n","protected":false},"author":1,"featured_media":6786,"comment_status":"","ping_status":"","sticky":false,"template":"","format":"standard","meta":{"footnotes":""},"categories":[13],"tags":[6454,946,3135,968,3315],"class_list":["post-6785","post","type-post","status-publish","format-standard","has-post-thumbnail","hentry","category-technologie","tag-12l","tag-android","tag-charge","tag-google","tag-prend","generate-columns","tablet-grid-50","mobile-grid-100","grid-parent","grid-33"],"yoast_head":"<!-- This site is optimized with the Yoast SEO plugin v24.0 - https:\/\/yoast.com\/wordpress\/plugins\/seo\/ -->\n<title>Google ne prend plus en charge Android 12 ou Android 12L | Vie Associative<\/title>\n<meta name=\"robots\" content=\"index, follow, max-snippet:-1, max-image-preview:large, max-video-preview:-1\" \/>\n<link rel=\"canonical\" href=\"https:\/\/vieassociative.be\/actualites\/google-ne-prend-plus-en-charge-android-12-ou-android-12l\/\" \/>\n<meta property=\"og:locale\" content=\"fr_FR\" \/>\n<meta property=\"og:type\" content=\"article\" \/>\n<meta property=\"og:title\" content=\"Google ne prend plus en charge Android 12 ou Android 12L | Vie Associative\" \/>\n<meta property=\"og:description\" content=\"Il est peut-\u00eatre temps de mettre \u00e0 niveau votre smartphone. Si vous avez un smartphone ex\u00e9cutant Android 12 qui ne peut pas passer au-del\u00e0 de\" \/>\n<meta property=\"og:url\" content=\"https:\/\/vieassociative.be\/actualites\/google-ne-prend-plus-en-charge-android-12-ou-android-12l\/\" \/>\n<meta property=\"og:site_name\" content=\"Vie Associative\" \/>\n<meta property=\"article:published_time\" content=\"2025-04-17T01:17:39+00:00\" \/>\n<meta property=\"og:image\" content=\"https:\/\/vieassociative.be\/actualites\/wp-content\/uploads\/2024\/09\/header_backgroundk-01-e1726694325946.png\" \/>\n\t<meta property=\"og:image:width\" content=\"279\" \/>\n\t<meta property=\"og:image:height\" content=\"92\" \/>\n\t<meta property=\"og:image:type\" content=\"image\/png\" \/>\n<meta name=\"author\" content=\"Julien\" \/>\n<meta name=\"twitter:card\" content=\"summary_large_image\" \/>\n<meta name=\"twitter:label1\" content=\"\u00c9crit par\" \/>\n\t<meta name=\"twitter:data1\" content=\"Julien\" \/>\n\t<meta name=\"twitter:label2\" content=\"Dur\u00e9e de lecture est.\" \/>\n\t<meta name=\"twitter:data2\" content=\"3 minutes\" \/>\n<script type=\"application\/ld+json\" class=\"yoast-schema-graph\">{\"@context\":\"https:\/\/schema.org\",\"@graph\":[{\"@type\":\"Article\",\"@id\":\"https:\/\/vieassociative.be\/actualites\/google-ne-prend-plus-en-charge-android-12-ou-android-12l\/#article\",\"isPartOf\":{\"@id\":\"https:\/\/vieassociative.be\/actualites\/google-ne-prend-plus-en-charge-android-12-ou-android-12l\/\"},\"author\":{\"name\":\"Julien\",\"@id\":\"https:\/\/vieassociative.be\/actualites\/#\/schema\/person\/b87ac4f82f9d4e7b7cec7395b679edc4\"},\"headline\":\"Google ne prend plus en charge Android 12 ou Android 12L\",\"datePublished\":\"2025-04-17T01:17:39+00:00\",\"dateModified\":\"2025-04-17T01:17:39+00:00\",\"mainEntityOfPage\":{\"@id\":\"https:\/\/vieassociative.be\/actualites\/google-ne-prend-plus-en-charge-android-12-ou-android-12l\/\"},\"wordCount\":693,\"publisher\":{\"@id\":\"https:\/\/vieassociative.be\/actualites\/#organization\"},\"image\":{\"@id\":\"https:\/\/vieassociative.be\/actualites\/google-ne-prend-plus-en-charge-android-12-ou-android-12l\/#primaryimage\"},\"thumbnailUrl\":\"https:\/\/vieassociative.be\/actualites\/wp-content\/uploads\/2025\/04\/Google-ne-prend-plus-en-charge-Android-12-ou-Android.png\",\"keywords\":[\"12L\",\"Android\",\"charge\",\"Google\",\"prend\"],\"articleSection\":[\"Technologie\"],\"inLanguage\":\"fr-BE\"},{\"@type\":\"WebPage\",\"@id\":\"https:\/\/vieassociative.be\/actualites\/google-ne-prend-plus-en-charge-android-12-ou-android-12l\/\",\"url\":\"https:\/\/vieassociative.be\/actualites\/google-ne-prend-plus-en-charge-android-12-ou-android-12l\/\",\"name\":\"Google ne prend plus en charge Android 12 ou Android 12L | Vie Associative\",\"isPartOf\":{\"@id\":\"https:\/\/vieassociative.be\/actualites\/#website\"},\"primaryImageOfPage\":{\"@id\":\"https:\/\/vieassociative.be\/actualites\/google-ne-prend-plus-en-charge-android-12-ou-android-12l\/#primaryimage\"},\"image\":{\"@id\":\"https:\/\/vieassociative.be\/actualites\/google-ne-prend-plus-en-charge-android-12-ou-android-12l\/#primaryimage\"},\"thumbnailUrl\":\"https:\/\/vieassociative.be\/actualites\/wp-content\/uploads\/2025\/04\/Google-ne-prend-plus-en-charge-Android-12-ou-Android.png\",\"datePublished\":\"2025-04-17T01:17:39+00:00\",\"dateModified\":\"2025-04-17T01:17:39+00:00\",\"breadcrumb\":{\"@id\":\"https:\/\/vieassociative.be\/actualites\/google-ne-prend-plus-en-charge-android-12-ou-android-12l\/#breadcrumb\"},\"inLanguage\":\"fr-BE\",\"potentialAction\":[{\"@type\":\"ReadAction\",\"target\":[\"https:\/\/vieassociative.be\/actualites\/google-ne-prend-plus-en-charge-android-12-ou-android-12l\/\"]}]},{\"@type\":\"ImageObject\",\"inLanguage\":\"fr-BE\",\"@id\":\"https:\/\/vieassociative.be\/actualites\/google-ne-prend-plus-en-charge-android-12-ou-android-12l\/#primaryimage\",\"url\":\"https:\/\/vieassociative.be\/actualites\/wp-content\/uploads\/2025\/04\/Google-ne-prend-plus-en-charge-Android-12-ou-Android.png\",\"contentUrl\":\"https:\/\/vieassociative.be\/actualites\/wp-content\/uploads\/2025\/04\/Google-ne-prend-plus-en-charge-Android-12-ou-Android.png\",\"width\":1200,\"height\":675,\"caption\":\"Google ne prend plus en charge Android 12 ou Android 12L\"},{\"@type\":\"BreadcrumbList\",\"@id\":\"https:\/\/vieassociative.be\/actualites\/google-ne-prend-plus-en-charge-android-12-ou-android-12l\/#breadcrumb\",\"itemListElement\":[{\"@type\":\"ListItem\",\"position\":1,\"name\":\"Accueil\",\"item\":\"https:\/\/vieassociative.be\/actualites\/\"},{\"@type\":\"ListItem\",\"position\":2,\"name\":\"Google ne prend plus en charge Android 12 ou Android 12L\"}]},{\"@type\":\"WebSite\",\"@id\":\"https:\/\/vieassociative.be\/actualites\/#website\",\"url\":\"https:\/\/vieassociative.be\/actualites\/\",\"name\":\"Vie Associative\",\"description\":\"\",\"publisher\":{\"@id\":\"https:\/\/vieassociative.be\/actualites\/#organization\"},\"potentialAction\":[{\"@type\":\"SearchAction\",\"target\":{\"@type\":\"EntryPoint\",\"urlTemplate\":\"https:\/\/vieassociative.be\/actualites\/?s={search_term_string}\"},\"query-input\":{\"@type\":\"PropertyValueSpecification\",\"valueRequired\":true,\"valueName\":\"search_term_string\"}}],\"inLanguage\":\"fr-BE\"},{\"@type\":\"Organization\",\"@id\":\"https:\/\/vieassociative.be\/actualites\/#organization\",\"name\":\"Vie Associative\",\"url\":\"https:\/\/vieassociative.be\/actualites\/\",\"logo\":{\"@type\":\"ImageObject\",\"inLanguage\":\"fr-BE\",\"@id\":\"https:\/\/vieassociative.be\/actualites\/#\/schema\/logo\/image\/\",\"url\":\"https:\/\/vieassociative.be\/actualites\/wp-content\/uploads\/2024\/09\/cropped-vieassociative_favicon.ico.png\",\"contentUrl\":\"https:\/\/vieassociative.be\/actualites\/wp-content\/uploads\/2024\/09\/cropped-vieassociative_favicon.ico.png\",\"width\":512,\"height\":512,\"caption\":\"Vie Associative\"},\"image\":{\"@id\":\"https:\/\/vieassociative.be\/actualites\/#\/schema\/logo\/image\/\"}},{\"@type\":\"Person\",\"@id\":\"https:\/\/vieassociative.be\/actualites\/#\/schema\/person\/b87ac4f82f9d4e7b7cec7395b679edc4\",\"name\":\"Julien\",\"image\":{\"@type\":\"ImageObject\",\"inLanguage\":\"fr-BE\",\"@id\":\"https:\/\/vieassociative.be\/actualites\/#\/schema\/person\/image\/\",\"url\":\"https:\/\/vieassociative.be\/actualites\/wp-content\/uploads\/2024\/09\/vie-associative-1-150x150.jpg\",\"contentUrl\":\"https:\/\/vieassociative.be\/actualites\/wp-content\/uploads\/2024\/09\/vie-associative-1-150x150.jpg\",\"caption\":\"Julien\"},\"description\":\"Je suis Julien, r\u00e9dacteur pour Vie Associative. Passionn\u00e9 par le monde associatif depuis plus de 10 ans, j'ai \u00e0 c\u0153ur de partager des histoires inspirantes et de mettre en lumi\u00e8re les initiatives locales. Mon objectif est de sensibiliser et d'encourager l'engagement communautaire \u00e0 travers mes articles.\",\"sameAs\":[\"https:\/\/vieassociative.be\/\"]}]}<\/script>\n<!-- \/ Yoast SEO plugin. -->","yoast_head_json":{"title":"Google ne prend plus en charge Android 12 ou Android 12L | Vie Associative","robots":{"index":"index","follow":"follow","max-snippet":"max-snippet:-1","max-image-preview":"max-image-preview:large","max-video-preview":"max-video-preview:-1"},"canonical":"https:\/\/vieassociative.be\/actualites\/google-ne-prend-plus-en-charge-android-12-ou-android-12l\/","og_locale":"fr_FR","og_type":"article","og_title":"Google ne prend plus en charge Android 12 ou Android 12L | Vie Associative","og_description":"Il est peut-\u00eatre temps de mettre \u00e0 niveau votre smartphone. Si vous avez un smartphone ex\u00e9cutant Android 12 qui ne peut pas passer au-del\u00e0 de","og_url":"https:\/\/vieassociative.be\/actualites\/google-ne-prend-plus-en-charge-android-12-ou-android-12l\/","og_site_name":"Vie Associative","article_published_time":"2025-04-17T01:17:39+00:00","og_image":[{"width":279,"height":92,"url":"https:\/\/vieassociative.be\/actualites\/wp-content\/uploads\/2024\/09\/header_backgroundk-01-e1726694325946.png","type":"image\/png"}],"author":"Julien","twitter_card":"summary_large_image","twitter_misc":{"\u00c9crit par":"Julien","Dur\u00e9e de lecture est.":"3 minutes"},"schema":{"@context":"https:\/\/schema.org","@graph":[{"@type":"Article","@id":"https:\/\/vieassociative.be\/actualites\/google-ne-prend-plus-en-charge-android-12-ou-android-12l\/#article","isPartOf":{"@id":"https:\/\/vieassociative.be\/actualites\/google-ne-prend-plus-en-charge-android-12-ou-android-12l\/"},"author":{"name":"Julien","@id":"https:\/\/vieassociative.be\/actualites\/#\/schema\/person\/b87ac4f82f9d4e7b7cec7395b679edc4"},"headline":"Google ne prend plus en charge Android 12 ou Android 12L","datePublished":"2025-04-17T01:17:39+00:00","dateModified":"2025-04-17T01:17:39+00:00","mainEntityOfPage":{"@id":"https:\/\/vieassociative.be\/actualites\/google-ne-prend-plus-en-charge-android-12-ou-android-12l\/"},"wordCount":693,"publisher":{"@id":"https:\/\/vieassociative.be\/actualites\/#organization"},"image":{"@id":"https:\/\/vieassociative.be\/actualites\/google-ne-prend-plus-en-charge-android-12-ou-android-12l\/#primaryimage"},"thumbnailUrl":"https:\/\/vieassociative.be\/actualites\/wp-content\/uploads\/2025\/04\/Google-ne-prend-plus-en-charge-Android-12-ou-Android.png","keywords":["12L","Android","charge","Google","prend"],"articleSection":["Technologie"],"inLanguage":"fr-BE"},{"@type":"WebPage","@id":"https:\/\/vieassociative.be\/actualites\/google-ne-prend-plus-en-charge-android-12-ou-android-12l\/","url":"https:\/\/vieassociative.be\/actualites\/google-ne-prend-plus-en-charge-android-12-ou-android-12l\/","name":"Google ne prend plus en charge Android 12 ou Android 12L | Vie Associative","isPartOf":{"@id":"https:\/\/vieassociative.be\/actualites\/#website"},"primaryImageOfPage":{"@id":"https:\/\/vieassociative.be\/actualites\/google-ne-prend-plus-en-charge-android-12-ou-android-12l\/#primaryimage"},"image":{"@id":"https:\/\/vieassociative.be\/actualites\/google-ne-prend-plus-en-charge-android-12-ou-android-12l\/#primaryimage"},"thumbnailUrl":"https:\/\/vieassociative.be\/actualites\/wp-content\/uploads\/2025\/04\/Google-ne-prend-plus-en-charge-Android-12-ou-Android.png","datePublished":"2025-04-17T01:17:39+00:00","dateModified":"2025-04-17T01:17:39+00:00","breadcrumb":{"@id":"https:\/\/vieassociative.be\/actualites\/google-ne-prend-plus-en-charge-android-12-ou-android-12l\/#breadcrumb"},"inLanguage":"fr-BE","potentialAction":[{"@type":"ReadAction","target":["https:\/\/vieassociative.be\/actualites\/google-ne-prend-plus-en-charge-android-12-ou-android-12l\/"]}]},{"@type":"ImageObject","inLanguage":"fr-BE","@id":"https:\/\/vieassociative.be\/actualites\/google-ne-prend-plus-en-charge-android-12-ou-android-12l\/#primaryimage","url":"https:\/\/vieassociative.be\/actualites\/wp-content\/uploads\/2025\/04\/Google-ne-prend-plus-en-charge-Android-12-ou-Android.png","contentUrl":"https:\/\/vieassociative.be\/actualites\/wp-content\/uploads\/2025\/04\/Google-ne-prend-plus-en-charge-Android-12-ou-Android.png","width":1200,"height":675,"caption":"Google ne prend plus en charge Android 12 ou Android 12L"},{"@type":"BreadcrumbList","@id":"https:\/\/vieassociative.be\/actualites\/google-ne-prend-plus-en-charge-android-12-ou-android-12l\/#breadcrumb","itemListElement":[{"@type":"ListItem","position":1,"name":"Accueil","item":"https:\/\/vieassociative.be\/actualites\/"},{"@type":"ListItem","position":2,"name":"Google ne prend plus en charge Android 12 ou Android 12L"}]},{"@type":"WebSite","@id":"https:\/\/vieassociative.be\/actualites\/#website","url":"https:\/\/vieassociative.be\/actualites\/","name":"Vie Associative","description":"","publisher":{"@id":"https:\/\/vieassociative.be\/actualites\/#organization"},"potentialAction":[{"@type":"SearchAction","target":{"@type":"EntryPoint","urlTemplate":"https:\/\/vieassociative.be\/actualites\/?s={search_term_string}"},"query-input":{"@type":"PropertyValueSpecification","valueRequired":true,"valueName":"search_term_string"}}],"inLanguage":"fr-BE"},{"@type":"Organization","@id":"https:\/\/vieassociative.be\/actualites\/#organization","name":"Vie Associative","url":"https:\/\/vieassociative.be\/actualites\/","logo":{"@type":"ImageObject","inLanguage":"fr-BE","@id":"https:\/\/vieassociative.be\/actualites\/#\/schema\/logo\/image\/","url":"https:\/\/vieassociative.be\/actualites\/wp-content\/uploads\/2024\/09\/cropped-vieassociative_favicon.ico.png","contentUrl":"https:\/\/vieassociative.be\/actualites\/wp-content\/uploads\/2024\/09\/cropped-vieassociative_favicon.ico.png","width":512,"height":512,"caption":"Vie Associative"},"image":{"@id":"https:\/\/vieassociative.be\/actualites\/#\/schema\/logo\/image\/"}},{"@type":"Person","@id":"https:\/\/vieassociative.be\/actualites\/#\/schema\/person\/b87ac4f82f9d4e7b7cec7395b679edc4","name":"Julien","image":{"@type":"ImageObject","inLanguage":"fr-BE","@id":"https:\/\/vieassociative.be\/actualites\/#\/schema\/person\/image\/","url":"https:\/\/vieassociative.be\/actualites\/wp-content\/uploads\/2024\/09\/vie-associative-1-150x150.jpg","contentUrl":"https:\/\/vieassociative.be\/actualites\/wp-content\/uploads\/2024\/09\/vie-associative-1-150x150.jpg","caption":"Julien"},"description":"Je suis Julien, r\u00e9dacteur pour Vie Associative. Passionn\u00e9 par le monde associatif depuis plus de 10 ans, j'ai \u00e0 c\u0153ur de partager des histoires inspirantes et de mettre en lumi\u00e8re les initiatives locales. Mon objectif est de sensibiliser et d'encourager l'engagement communautaire \u00e0 travers mes articles.","sameAs":["https:\/\/vieassociative.be\/"]}]}},"_links":{"self":[{"href":"https:\/\/vieassociative.be\/actualites\/wp-json\/wp\/v2\/posts\/6785"}],"collection":[{"href":"https:\/\/vieassociative.be\/actualites\/wp-json\/wp\/v2\/posts"}],"about":[{"href":"https:\/\/vieassociative.be\/actualites\/wp-json\/wp\/v2\/types\/post"}],"author":[{"embeddable":true,"href":"https:\/\/vieassociative.be\/actualites\/wp-json\/wp\/v2\/users\/1"}],"replies":[{"embeddable":true,"href":"https:\/\/vieassociative.be\/actualites\/wp-json\/wp\/v2\/comments?post=6785"}],"version-history":[{"count":0,"href":"https:\/\/vieassociative.be\/actualites\/wp-json\/wp\/v2\/posts\/6785\/revisions"}],"wp:featuredmedia":[{"embeddable":true,"href":"https:\/\/vieassociative.be\/actualites\/wp-json\/wp\/v2\/media\/6786"}],"wp:attachment":[{"href":"https:\/\/vieassociative.be\/actualites\/wp-json\/wp\/v2\/media?parent=6785"}],"wp:term":[{"taxonomy":"category","embeddable":true,"href":"https:\/\/vieassociative.be\/actualites\/wp-json\/wp\/v2\/categories?post=6785"},{"taxonomy":"post_tag","embeddable":true,"href":"https:\/\/vieassociative.be\/actualites\/wp-json\/wp\/v2\/tags?post=6785"}],"curies":[{"name":"wp","href":"https:\/\/api.w.org\/{rel}","templated":true}]}}