{"id":6783,"date":"2025-04-17T02:17:19","date_gmt":"2025-04-17T00:17:19","guid":{"rendered":"https:\/\/vieassociative.be\/actualites\/microsoft-a-une-solution-pour-le-dernier-probleme-de-lecran-bleu-de-windows\/"},"modified":"2025-04-17T02:17:19","modified_gmt":"2025-04-17T00:17:19","slug":"microsoft-a-une-solution-pour-le-dernier-probleme-de-lecran-bleu-de-windows","status":"publish","type":"post","link":"https:\/\/vieassociative.be\/actualites\/microsoft-a-une-solution-pour-le-dernier-probleme-de-lecran-bleu-de-windows\/","title":{"rendered":"Microsoft a une solution pour le dernier probl\u00e8me de l&rsquo;\u00e9cran bleu de Windows"},"content":{"rendered":"<div class=\"mt-4 leading-6 md:mb-8\">Une mise \u00e0 jour pr\u00e9c\u00e9dente provoque un plan de votre PC.<\/div>\n<p><\/p>\n<p>Si votre ordinateur Windows s&rsquo;\u00e9crase de fa\u00e7on inattendue et vous montre une erreur d&rsquo;\u00e9cran bleu, il y a maintenant un correctif pour cela. <\/p>\n<p>Comme le rapporte BleepingComputer, les mises \u00e0 jour Windows pouss\u00e9es en mars et avril d\u00e9clenchent une erreur fatale du noyau s\u00e9curis\u00e9, provoquant un accident de la version 24h2 de Windows 11, les p\u00e9riph\u00e9riques ex\u00e9cutant Windows 11, indiquant un Secure_Kernel_error. <\/p>\n<p>Pour r\u00e9soudre ce probl\u00e8me, Microsoft a publi\u00e9 un Rollback (KIR) du probl\u00e8me connu, qui est un correctif rapide et cibl\u00e9 pour les bogues non \u00e0 s\u00e9curit\u00e9. Il s&rsquo;agit d&rsquo;une solution temporaire car elle recule les mises \u00e0 jour ant\u00e9rieures, tandis que l&rsquo;entreprise travaille sur une nouvelle mise \u00e0 jour pour corriger le probl\u00e8me. Voici comment l&rsquo;appliquer \u00e0 votre appareil. <\/p>\n<h2 id=\"what-windows-users-need-to-do\">Ce que les utilisateurs de Windows doivent faire<\/h2>\n<p>Si vous avez un ordinateur de travail personnel ou non g\u00e9r\u00e9 ex\u00e9cutant Windows 11, la r\u00e9solution sera automatiquement pouss\u00e9e vers votre appareil \u00e0 partir de Windows Update et Microsoft Update le lendemain. Selon la page d&rsquo;assistance de Microsoft, le red\u00e9marrage peut aider \u00e0 s&rsquo;appliquer plus rapidement. En tant que tel, assurez-vous de red\u00e9marrer votre PC pour que cette derni\u00e8re mise \u00e0 jour prenne effet d\u00e8s que possible.<\/p>\n<div class=\"pogoClear relative my-10 border-b-(1.5px) border-t-(1.5px) border-dashed border-black py-5 sm:my-14 sm:border-0 sm:py-0\" x-cloak x-data=\"{ commentsCount: null }\" x-init=\"commentsCount = await window.openweb.getMessagesCount(01JRZN5N1WZ16DMG3GDSP79TD1)\" x-show=\"commentsCount !== null &amp;&amp; commentsCount &gt; 0\">\n<div class=\"absolute top-1\/2 hidden w-full -translate-y-1\/2 border-t-(1.5px) border-dashed border-black sm:block\"><\/div>\n<div class=\"relative flex justify-center\">\n<div class=\"flex max-w-max items-center gap-x-3 bg-white px-5\">\n<div class=\"relative\">\n                <span class=\"absolute left-1\/2 top-1\/2 -translate-x-1\/2 -translate-y-1\/2 font-akshar text-sm font-medium text-black\" x-text=\"commentsCount\"><\/span><\/p>\n<p>                <svg class=\"h-8 w-8 text-black\">\n                    <use href=\"http:\/\/lifehacker.com\/images\/icons\/spritemap.svg#sprite-chat-bubble\"><\/use>\n                <\/svg>\n            <\/div>\n<p>            <span class=\"text-sm font-medium text-black\">Que pensez-vous jusqu&rsquo;\u00e0 pr\u00e9sent? <button class=\"font-semibold text-brand-green underline hover:text-brand-green-700\" onclick=\"window.openweb.scrollToComments(01JRZN5N1WZ16DMG3GDSP79TD1)\">Publier un commentaire.<\/button><\/span>\n        <\/div>\n<\/p><\/div>\n<\/div>\n<p>Pour les p\u00e9riph\u00e9riques d&rsquo;entreprise g\u00e9r\u00e9s par les services informatiques, le probl\u00e8me se r\u00e9soudra une fois que votre administrateur r\u00e9seau installe et configurera les Windows 11 24h2 et Windows Server 2025 KB5053656 250412_03103 Politique de groupe de retour sur le probl\u00e8me connu. La politique de groupe peut \u00eatre trouv\u00e9e sous <strong>Configuration de l&rsquo;ordinateur> Mod\u00e8les administratifs<\/strong> <strong>> <group policy name listed below><\/group><\/strong>. Vous devrez \u00e9galement red\u00e9marrer tout appareils affect\u00e9s pour appliquer les param\u00e8tres de la politique de groupe. <\/p>\n<p>Le bug de l&rsquo;\u00e9cran bleu suit la mise \u00e0 jour du grand patch de Microsoft, qui a corrig\u00e9 134 vuln\u00e9rabilit\u00e9s de s\u00e9curit\u00e9 dans Windows, dont une faille z\u00e9ro-jour activement exploit\u00e9e. Il survient \u00e9galement alors que Microsoft teste compl\u00e8tement une nouvelle conception d&rsquo;\u00e9cran bleu. Bient\u00f4t, les accidents de futurs plantages comme celui-ci seront diff\u00e9rents, bien que la r\u00e9ponse proc\u00e9durale de l&rsquo;entreprise soit probablement rest\u00e9e inchang\u00e9e.<\/p>\n","protected":false},"excerpt":{"rendered":"<p>Une mise \u00e0 jour pr\u00e9c\u00e9dente provoque un plan de votre PC. Si votre ordinateur Windows s&rsquo;\u00e9crase de fa\u00e7on inattendue et vous montre une erreur d&rsquo;\u00e9cran<\/p>\n","protected":false},"author":1,"featured_media":6784,"comment_status":"","ping_status":"","sticky":false,"template":"","format":"standard","meta":{"footnotes":""},"categories":[13],"tags":[1474,2682,4182,1190,81,4610,1241,110,171],"class_list":["post-6783","post","type-post","status-publish","format-standard","has-post-thumbnail","hentry","category-technologie","tag-bleu","tag-dernier","tag-lecran","tag-microsoft","tag-pour","tag-probleme","tag-solution","tag-une","tag-windows","generate-columns","tablet-grid-50","mobile-grid-100","grid-parent","grid-33"],"yoast_head":"<!-- This site is optimized with the Yoast SEO plugin v24.0 - https:\/\/yoast.com\/wordpress\/plugins\/seo\/ -->\n<title>Microsoft a une solution pour le dernier probl\u00e8me de l&#039;\u00e9cran bleu de Windows | Vie Associative<\/title>\n<meta name=\"robots\" content=\"index, follow, max-snippet:-1, max-image-preview:large, max-video-preview:-1\" \/>\n<link rel=\"canonical\" href=\"https:\/\/vieassociative.be\/actualites\/microsoft-a-une-solution-pour-le-dernier-probleme-de-lecran-bleu-de-windows\/\" \/>\n<meta property=\"og:locale\" content=\"fr_FR\" \/>\n<meta property=\"og:type\" content=\"article\" \/>\n<meta property=\"og:title\" content=\"Microsoft a une solution pour le dernier probl\u00e8me de l&#039;\u00e9cran bleu de Windows | Vie Associative\" \/>\n<meta property=\"og:description\" content=\"Une mise \u00e0 jour pr\u00e9c\u00e9dente provoque un plan de votre PC. Si votre ordinateur Windows s&rsquo;\u00e9crase de fa\u00e7on inattendue et vous montre une erreur d&rsquo;\u00e9cran\" \/>\n<meta property=\"og:url\" content=\"https:\/\/vieassociative.be\/actualites\/microsoft-a-une-solution-pour-le-dernier-probleme-de-lecran-bleu-de-windows\/\" \/>\n<meta property=\"og:site_name\" content=\"Vie Associative\" \/>\n<meta property=\"article:published_time\" content=\"2025-04-17T00:17:19+00:00\" \/>\n<meta property=\"og:image\" content=\"https:\/\/vieassociative.be\/actualites\/wp-content\/uploads\/2024\/09\/header_backgroundk-01-e1726694325946.png\" \/>\n\t<meta property=\"og:image:width\" content=\"279\" \/>\n\t<meta property=\"og:image:height\" content=\"92\" \/>\n\t<meta property=\"og:image:type\" content=\"image\/png\" \/>\n<meta name=\"author\" content=\"Julien\" \/>\n<meta name=\"twitter:card\" content=\"summary_large_image\" \/>\n<meta name=\"twitter:label1\" content=\"\u00c9crit par\" \/>\n\t<meta name=\"twitter:data1\" content=\"Julien\" \/>\n\t<meta name=\"twitter:label2\" content=\"Dur\u00e9e de lecture est.\" \/>\n\t<meta name=\"twitter:data2\" content=\"2 minutes\" \/>\n<script type=\"application\/ld+json\" class=\"yoast-schema-graph\">{\"@context\":\"https:\/\/schema.org\",\"@graph\":[{\"@type\":\"Article\",\"@id\":\"https:\/\/vieassociative.be\/actualites\/microsoft-a-une-solution-pour-le-dernier-probleme-de-lecran-bleu-de-windows\/#article\",\"isPartOf\":{\"@id\":\"https:\/\/vieassociative.be\/actualites\/microsoft-a-une-solution-pour-le-dernier-probleme-de-lecran-bleu-de-windows\/\"},\"author\":{\"name\":\"Julien\",\"@id\":\"https:\/\/vieassociative.be\/actualites\/#\/schema\/person\/b87ac4f82f9d4e7b7cec7395b679edc4\"},\"headline\":\"Microsoft a une solution pour le dernier probl\u00e8me de l&rsquo;\u00e9cran bleu de Windows\",\"datePublished\":\"2025-04-17T00:17:19+00:00\",\"dateModified\":\"2025-04-17T00:17:19+00:00\",\"mainEntityOfPage\":{\"@id\":\"https:\/\/vieassociative.be\/actualites\/microsoft-a-une-solution-pour-le-dernier-probleme-de-lecran-bleu-de-windows\/\"},\"wordCount\":410,\"publisher\":{\"@id\":\"https:\/\/vieassociative.be\/actualites\/#organization\"},\"image\":{\"@id\":\"https:\/\/vieassociative.be\/actualites\/microsoft-a-une-solution-pour-le-dernier-probleme-de-lecran-bleu-de-windows\/#primaryimage\"},\"thumbnailUrl\":\"https:\/\/vieassociative.be\/actualites\/wp-content\/uploads\/2025\/04\/Microsoft-a-une-solution-pour-le-dernier-probleme-de-lecran.jpg\",\"keywords\":[\"bleu\",\"dernier\",\"l\u00e9cran\",\"Microsoft\",\"pour\",\"probl\u00e8me\",\"solution\",\"une\",\"Windows\"],\"articleSection\":[\"Technologie\"],\"inLanguage\":\"fr-BE\"},{\"@type\":\"WebPage\",\"@id\":\"https:\/\/vieassociative.be\/actualites\/microsoft-a-une-solution-pour-le-dernier-probleme-de-lecran-bleu-de-windows\/\",\"url\":\"https:\/\/vieassociative.be\/actualites\/microsoft-a-une-solution-pour-le-dernier-probleme-de-lecran-bleu-de-windows\/\",\"name\":\"Microsoft a une solution pour le dernier probl\u00e8me de l'\u00e9cran bleu de Windows | Vie Associative\",\"isPartOf\":{\"@id\":\"https:\/\/vieassociative.be\/actualites\/#website\"},\"primaryImageOfPage\":{\"@id\":\"https:\/\/vieassociative.be\/actualites\/microsoft-a-une-solution-pour-le-dernier-probleme-de-lecran-bleu-de-windows\/#primaryimage\"},\"image\":{\"@id\":\"https:\/\/vieassociative.be\/actualites\/microsoft-a-une-solution-pour-le-dernier-probleme-de-lecran-bleu-de-windows\/#primaryimage\"},\"thumbnailUrl\":\"https:\/\/vieassociative.be\/actualites\/wp-content\/uploads\/2025\/04\/Microsoft-a-une-solution-pour-le-dernier-probleme-de-lecran.jpg\",\"datePublished\":\"2025-04-17T00:17:19+00:00\",\"dateModified\":\"2025-04-17T00:17:19+00:00\",\"breadcrumb\":{\"@id\":\"https:\/\/vieassociative.be\/actualites\/microsoft-a-une-solution-pour-le-dernier-probleme-de-lecran-bleu-de-windows\/#breadcrumb\"},\"inLanguage\":\"fr-BE\",\"potentialAction\":[{\"@type\":\"ReadAction\",\"target\":[\"https:\/\/vieassociative.be\/actualites\/microsoft-a-une-solution-pour-le-dernier-probleme-de-lecran-bleu-de-windows\/\"]}]},{\"@type\":\"ImageObject\",\"inLanguage\":\"fr-BE\",\"@id\":\"https:\/\/vieassociative.be\/actualites\/microsoft-a-une-solution-pour-le-dernier-probleme-de-lecran-bleu-de-windows\/#primaryimage\",\"url\":\"https:\/\/vieassociative.be\/actualites\/wp-content\/uploads\/2025\/04\/Microsoft-a-une-solution-pour-le-dernier-probleme-de-lecran.jpg\",\"contentUrl\":\"https:\/\/vieassociative.be\/actualites\/wp-content\/uploads\/2025\/04\/Microsoft-a-une-solution-pour-le-dernier-probleme-de-lecran.jpg\",\"width\":1200,\"height\":675,\"caption\":\"Microsoft a une solution pour le dernier probl\u00e8me de l'\u00e9cran bleu de Windows\"},{\"@type\":\"BreadcrumbList\",\"@id\":\"https:\/\/vieassociative.be\/actualites\/microsoft-a-une-solution-pour-le-dernier-probleme-de-lecran-bleu-de-windows\/#breadcrumb\",\"itemListElement\":[{\"@type\":\"ListItem\",\"position\":1,\"name\":\"Accueil\",\"item\":\"https:\/\/vieassociative.be\/actualites\/\"},{\"@type\":\"ListItem\",\"position\":2,\"name\":\"Microsoft a une solution pour le dernier probl\u00e8me de l&rsquo;\u00e9cran bleu de Windows\"}]},{\"@type\":\"WebSite\",\"@id\":\"https:\/\/vieassociative.be\/actualites\/#website\",\"url\":\"https:\/\/vieassociative.be\/actualites\/\",\"name\":\"Vie Associative\",\"description\":\"\",\"publisher\":{\"@id\":\"https:\/\/vieassociative.be\/actualites\/#organization\"},\"potentialAction\":[{\"@type\":\"SearchAction\",\"target\":{\"@type\":\"EntryPoint\",\"urlTemplate\":\"https:\/\/vieassociative.be\/actualites\/?s={search_term_string}\"},\"query-input\":{\"@type\":\"PropertyValueSpecification\",\"valueRequired\":true,\"valueName\":\"search_term_string\"}}],\"inLanguage\":\"fr-BE\"},{\"@type\":\"Organization\",\"@id\":\"https:\/\/vieassociative.be\/actualites\/#organization\",\"name\":\"Vie Associative\",\"url\":\"https:\/\/vieassociative.be\/actualites\/\",\"logo\":{\"@type\":\"ImageObject\",\"inLanguage\":\"fr-BE\",\"@id\":\"https:\/\/vieassociative.be\/actualites\/#\/schema\/logo\/image\/\",\"url\":\"https:\/\/vieassociative.be\/actualites\/wp-content\/uploads\/2024\/09\/cropped-vieassociative_favicon.ico.png\",\"contentUrl\":\"https:\/\/vieassociative.be\/actualites\/wp-content\/uploads\/2024\/09\/cropped-vieassociative_favicon.ico.png\",\"width\":512,\"height\":512,\"caption\":\"Vie Associative\"},\"image\":{\"@id\":\"https:\/\/vieassociative.be\/actualites\/#\/schema\/logo\/image\/\"}},{\"@type\":\"Person\",\"@id\":\"https:\/\/vieassociative.be\/actualites\/#\/schema\/person\/b87ac4f82f9d4e7b7cec7395b679edc4\",\"name\":\"Julien\",\"image\":{\"@type\":\"ImageObject\",\"inLanguage\":\"fr-BE\",\"@id\":\"https:\/\/vieassociative.be\/actualites\/#\/schema\/person\/image\/\",\"url\":\"https:\/\/vieassociative.be\/actualites\/wp-content\/uploads\/2024\/09\/vie-associative-1-150x150.jpg\",\"contentUrl\":\"https:\/\/vieassociative.be\/actualites\/wp-content\/uploads\/2024\/09\/vie-associative-1-150x150.jpg\",\"caption\":\"Julien\"},\"description\":\"Je suis Julien, r\u00e9dacteur pour Vie Associative. Passionn\u00e9 par le monde associatif depuis plus de 10 ans, j'ai \u00e0 c\u0153ur de partager des histoires inspirantes et de mettre en lumi\u00e8re les initiatives locales. Mon objectif est de sensibiliser et d'encourager l'engagement communautaire \u00e0 travers mes articles.\",\"sameAs\":[\"https:\/\/vieassociative.be\/\"]}]}<\/script>\n<!-- \/ Yoast SEO plugin. -->","yoast_head_json":{"title":"Microsoft a une solution pour le dernier probl\u00e8me de l'\u00e9cran bleu de Windows | Vie Associative","robots":{"index":"index","follow":"follow","max-snippet":"max-snippet:-1","max-image-preview":"max-image-preview:large","max-video-preview":"max-video-preview:-1"},"canonical":"https:\/\/vieassociative.be\/actualites\/microsoft-a-une-solution-pour-le-dernier-probleme-de-lecran-bleu-de-windows\/","og_locale":"fr_FR","og_type":"article","og_title":"Microsoft a une solution pour le dernier probl\u00e8me de l'\u00e9cran bleu de Windows | Vie Associative","og_description":"Une mise \u00e0 jour pr\u00e9c\u00e9dente provoque un plan de votre PC. Si votre ordinateur Windows s&rsquo;\u00e9crase de fa\u00e7on inattendue et vous montre une erreur d&rsquo;\u00e9cran","og_url":"https:\/\/vieassociative.be\/actualites\/microsoft-a-une-solution-pour-le-dernier-probleme-de-lecran-bleu-de-windows\/","og_site_name":"Vie Associative","article_published_time":"2025-04-17T00:17:19+00:00","og_image":[{"width":279,"height":92,"url":"https:\/\/vieassociative.be\/actualites\/wp-content\/uploads\/2024\/09\/header_backgroundk-01-e1726694325946.png","type":"image\/png"}],"author":"Julien","twitter_card":"summary_large_image","twitter_misc":{"\u00c9crit par":"Julien","Dur\u00e9e de lecture est.":"2 minutes"},"schema":{"@context":"https:\/\/schema.org","@graph":[{"@type":"Article","@id":"https:\/\/vieassociative.be\/actualites\/microsoft-a-une-solution-pour-le-dernier-probleme-de-lecran-bleu-de-windows\/#article","isPartOf":{"@id":"https:\/\/vieassociative.be\/actualites\/microsoft-a-une-solution-pour-le-dernier-probleme-de-lecran-bleu-de-windows\/"},"author":{"name":"Julien","@id":"https:\/\/vieassociative.be\/actualites\/#\/schema\/person\/b87ac4f82f9d4e7b7cec7395b679edc4"},"headline":"Microsoft a une solution pour le dernier probl\u00e8me de l&rsquo;\u00e9cran bleu de Windows","datePublished":"2025-04-17T00:17:19+00:00","dateModified":"2025-04-17T00:17:19+00:00","mainEntityOfPage":{"@id":"https:\/\/vieassociative.be\/actualites\/microsoft-a-une-solution-pour-le-dernier-probleme-de-lecran-bleu-de-windows\/"},"wordCount":410,"publisher":{"@id":"https:\/\/vieassociative.be\/actualites\/#organization"},"image":{"@id":"https:\/\/vieassociative.be\/actualites\/microsoft-a-une-solution-pour-le-dernier-probleme-de-lecran-bleu-de-windows\/#primaryimage"},"thumbnailUrl":"https:\/\/vieassociative.be\/actualites\/wp-content\/uploads\/2025\/04\/Microsoft-a-une-solution-pour-le-dernier-probleme-de-lecran.jpg","keywords":["bleu","dernier","l\u00e9cran","Microsoft","pour","probl\u00e8me","solution","une","Windows"],"articleSection":["Technologie"],"inLanguage":"fr-BE"},{"@type":"WebPage","@id":"https:\/\/vieassociative.be\/actualites\/microsoft-a-une-solution-pour-le-dernier-probleme-de-lecran-bleu-de-windows\/","url":"https:\/\/vieassociative.be\/actualites\/microsoft-a-une-solution-pour-le-dernier-probleme-de-lecran-bleu-de-windows\/","name":"Microsoft a une solution pour le dernier probl\u00e8me de l'\u00e9cran bleu de Windows | Vie Associative","isPartOf":{"@id":"https:\/\/vieassociative.be\/actualites\/#website"},"primaryImageOfPage":{"@id":"https:\/\/vieassociative.be\/actualites\/microsoft-a-une-solution-pour-le-dernier-probleme-de-lecran-bleu-de-windows\/#primaryimage"},"image":{"@id":"https:\/\/vieassociative.be\/actualites\/microsoft-a-une-solution-pour-le-dernier-probleme-de-lecran-bleu-de-windows\/#primaryimage"},"thumbnailUrl":"https:\/\/vieassociative.be\/actualites\/wp-content\/uploads\/2025\/04\/Microsoft-a-une-solution-pour-le-dernier-probleme-de-lecran.jpg","datePublished":"2025-04-17T00:17:19+00:00","dateModified":"2025-04-17T00:17:19+00:00","breadcrumb":{"@id":"https:\/\/vieassociative.be\/actualites\/microsoft-a-une-solution-pour-le-dernier-probleme-de-lecran-bleu-de-windows\/#breadcrumb"},"inLanguage":"fr-BE","potentialAction":[{"@type":"ReadAction","target":["https:\/\/vieassociative.be\/actualites\/microsoft-a-une-solution-pour-le-dernier-probleme-de-lecran-bleu-de-windows\/"]}]},{"@type":"ImageObject","inLanguage":"fr-BE","@id":"https:\/\/vieassociative.be\/actualites\/microsoft-a-une-solution-pour-le-dernier-probleme-de-lecran-bleu-de-windows\/#primaryimage","url":"https:\/\/vieassociative.be\/actualites\/wp-content\/uploads\/2025\/04\/Microsoft-a-une-solution-pour-le-dernier-probleme-de-lecran.jpg","contentUrl":"https:\/\/vieassociative.be\/actualites\/wp-content\/uploads\/2025\/04\/Microsoft-a-une-solution-pour-le-dernier-probleme-de-lecran.jpg","width":1200,"height":675,"caption":"Microsoft a une solution pour le dernier probl\u00e8me de l'\u00e9cran bleu de Windows"},{"@type":"BreadcrumbList","@id":"https:\/\/vieassociative.be\/actualites\/microsoft-a-une-solution-pour-le-dernier-probleme-de-lecran-bleu-de-windows\/#breadcrumb","itemListElement":[{"@type":"ListItem","position":1,"name":"Accueil","item":"https:\/\/vieassociative.be\/actualites\/"},{"@type":"ListItem","position":2,"name":"Microsoft a une solution pour le dernier probl\u00e8me de l&rsquo;\u00e9cran bleu de Windows"}]},{"@type":"WebSite","@id":"https:\/\/vieassociative.be\/actualites\/#website","url":"https:\/\/vieassociative.be\/actualites\/","name":"Vie Associative","description":"","publisher":{"@id":"https:\/\/vieassociative.be\/actualites\/#organization"},"potentialAction":[{"@type":"SearchAction","target":{"@type":"EntryPoint","urlTemplate":"https:\/\/vieassociative.be\/actualites\/?s={search_term_string}"},"query-input":{"@type":"PropertyValueSpecification","valueRequired":true,"valueName":"search_term_string"}}],"inLanguage":"fr-BE"},{"@type":"Organization","@id":"https:\/\/vieassociative.be\/actualites\/#organization","name":"Vie Associative","url":"https:\/\/vieassociative.be\/actualites\/","logo":{"@type":"ImageObject","inLanguage":"fr-BE","@id":"https:\/\/vieassociative.be\/actualites\/#\/schema\/logo\/image\/","url":"https:\/\/vieassociative.be\/actualites\/wp-content\/uploads\/2024\/09\/cropped-vieassociative_favicon.ico.png","contentUrl":"https:\/\/vieassociative.be\/actualites\/wp-content\/uploads\/2024\/09\/cropped-vieassociative_favicon.ico.png","width":512,"height":512,"caption":"Vie Associative"},"image":{"@id":"https:\/\/vieassociative.be\/actualites\/#\/schema\/logo\/image\/"}},{"@type":"Person","@id":"https:\/\/vieassociative.be\/actualites\/#\/schema\/person\/b87ac4f82f9d4e7b7cec7395b679edc4","name":"Julien","image":{"@type":"ImageObject","inLanguage":"fr-BE","@id":"https:\/\/vieassociative.be\/actualites\/#\/schema\/person\/image\/","url":"https:\/\/vieassociative.be\/actualites\/wp-content\/uploads\/2024\/09\/vie-associative-1-150x150.jpg","contentUrl":"https:\/\/vieassociative.be\/actualites\/wp-content\/uploads\/2024\/09\/vie-associative-1-150x150.jpg","caption":"Julien"},"description":"Je suis Julien, r\u00e9dacteur pour Vie Associative. Passionn\u00e9 par le monde associatif depuis plus de 10 ans, j'ai \u00e0 c\u0153ur de partager des histoires inspirantes et de mettre en lumi\u00e8re les initiatives locales. Mon objectif est de sensibiliser et d'encourager l'engagement communautaire \u00e0 travers mes articles.","sameAs":["https:\/\/vieassociative.be\/"]}]}},"_links":{"self":[{"href":"https:\/\/vieassociative.be\/actualites\/wp-json\/wp\/v2\/posts\/6783"}],"collection":[{"href":"https:\/\/vieassociative.be\/actualites\/wp-json\/wp\/v2\/posts"}],"about":[{"href":"https:\/\/vieassociative.be\/actualites\/wp-json\/wp\/v2\/types\/post"}],"author":[{"embeddable":true,"href":"https:\/\/vieassociative.be\/actualites\/wp-json\/wp\/v2\/users\/1"}],"replies":[{"embeddable":true,"href":"https:\/\/vieassociative.be\/actualites\/wp-json\/wp\/v2\/comments?post=6783"}],"version-history":[{"count":0,"href":"https:\/\/vieassociative.be\/actualites\/wp-json\/wp\/v2\/posts\/6783\/revisions"}],"wp:featuredmedia":[{"embeddable":true,"href":"https:\/\/vieassociative.be\/actualites\/wp-json\/wp\/v2\/media\/6784"}],"wp:attachment":[{"href":"https:\/\/vieassociative.be\/actualites\/wp-json\/wp\/v2\/media?parent=6783"}],"wp:term":[{"taxonomy":"category","embeddable":true,"href":"https:\/\/vieassociative.be\/actualites\/wp-json\/wp\/v2\/categories?post=6783"},{"taxonomy":"post_tag","embeddable":true,"href":"https:\/\/vieassociative.be\/actualites\/wp-json\/wp\/v2\/tags?post=6783"}],"curies":[{"name":"wp","href":"https:\/\/api.w.org\/{rel}","templated":true}]}}