{"id":6779,"date":"2025-04-17T00:17:02","date_gmt":"2025-04-16T22:17:02","guid":{"rendered":"https:\/\/vieassociative.be\/actualites\/pour-la-vitesse-et-la-facilite-considerez-le-brie-cuit-au-four-au-micro-ondes\/"},"modified":"2025-04-17T00:17:02","modified_gmt":"2025-04-16T22:17:02","slug":"pour-la-vitesse-et-la-facilite-considerez-le-brie-cuit-au-four-au-micro-ondes","status":"publish","type":"post","link":"https:\/\/vieassociative.be\/actualites\/pour-la-vitesse-et-la-facilite-considerez-le-brie-cuit-au-four-au-micro-ondes\/","title":{"rendered":"Pour la vitesse et la facilit\u00e9, consid\u00e9rez le brie \u00abcuit au four\u00bb au micro-ondes"},"content":{"rendered":"<div class=\"mt-4 leading-6 md:mb-8\">Le brie cuit au four n&rsquo;a pas besoin d&rsquo;\u00eatre compliqu\u00e9. En fait, il n&rsquo;a m\u00eame pas besoin d&rsquo;\u00eatre cuit.<\/div>\n<p><\/p>\n<p>Un brie cuit au four est le bienvenu \u00e0 tous les rassemblements de fantaisie, comme No\u00ebl ou le r\u00e9veillon du Nouvel An, mais ce n&rsquo;est pas trop bougie pour le Super Bowl non plus. Heck, ce n&rsquo;est m\u00eame pas trop bougie pour un jeudi apr\u00e8s-midi, si vous me demandez. Comme son titre l&rsquo;indiquerait, la cuisson d&rsquo;un brie cuit au four semble \u00eatre une \u00e9tape n\u00e9cessaire, mais cela, mes amis, est de la merde. Vous pouvez le rendre rapide, facile et d\u00e9contract\u00e9 le jour du match en micro-ondes votre brie.<\/p>\n<h3>1. Assiez votre fromage<\/h3>\n<div class=\"eloquent-imagery-image\">\n<div class=\"flex justify-center\">\n                    <img decoding=\"async\" class=\"border border-gray-100\" src=\"https:\/\/vieassociative.be\/actualites\/wp-content\/uploads\/2025\/04\/Pour-la-vitesse-et-la-facilite-considerez-le-brie-cuit.jpg\" alt=\"Roue de brie dans un bol \u00e0 micro-ondes.\" width=\"2000\" height=\"1125\" loading=\"lazy\"  >\n            <\/div>\n<\/p><\/div>\n<p>Tandis que Brie en Cro\u00fbte &#8211; le genre envelopp\u00e9 dans une p\u00e2te feuillet\u00e9e &#8211; il est n\u00e9cessaire de temps dans le four, tous les rayons cuits au four ne sont pas envelopp\u00e9s. Ils sont juste r\u00e9chauff\u00e9s jusqu&rsquo;\u00e0 ce qu&rsquo;ils soient chauds, des roues fondamentales de fromage, et il ne faut pas grand-chose pour que cela se produise. Prenez n&rsquo;importe quelle vieille roue de brie ou de camembert et lib\u00e9rez-la de tout r\u00e9cipient en bois et \u00e9crasant en plastique. Placer le brie sur un plat ou un bol au micro-ondes. J&rsquo;aime ces larges bols \u00e0 soupe en c\u00e9ramique qui ont des fond plats et des c\u00f4t\u00e9s hauts, mais une assiette avec un bord fonctionne aussi bien. L&rsquo;id\u00e9e est d&#8217;emp\u00eacher tout fromage qui coule de s&rsquo;\u00e9chapper sur la table, alors \u00e9vitez les surfaces plates, comme les planches de fromage, les ardoises ou les planches \u00e0 d\u00e9couper sans bord. <\/p>\n<h3>2. Chauffez-le en rafales<\/h3>\n<p>Mettez l&rsquo;assiette ou le bol de brie au micro-ondes et chauffez-le pendant 20 secondes. V\u00e9rifiez le fromage pour voir \u00e0 quel point il est fondu en le poussant doucement avec votre doigt. Il est probablement encore ferme au centre, mais commence \u00e0 adoucir sur les bords. Donnez-lui encore 20 secondes au micro-ondes et v\u00e9rifiez \u00e0 nouveau. Vous continuerez \u00e0 chauffer le fromage jusqu&rsquo;\u00e0 ce que le centre soit l\u00e9g\u00e8rement doux, environ une minute et demie.  <\/p>\n<p>Les micro-ondes varient l\u00e9g\u00e8rement, et une roue de fromage de 13 onces prendra plus de temps \u00e0 se r\u00e9chauffer que six onces, alors v\u00e9rifiez fr\u00e9quemment pour vous assurer de ne pas en faire trop. Apr\u00e8s une minute de chauffage, je commence g\u00e9n\u00e9ralement \u00e0 v\u00e9rifier le fromage toutes les 10 ou 15 secondes jusqu&rsquo;\u00e0 ce que je sois satisfait. <\/p>\n<div class=\"pogoClear relative my-10 border-b-(1.5px) border-t-(1.5px) border-dashed border-black py-5 sm:my-14 sm:border-0 sm:py-0\" x-cloak x-data=\"{ commentsCount: null }\" x-init=\"commentsCount = await window.openweb.getMessagesCount(115819)\" x-show=\"commentsCount !== null &amp;&amp; commentsCount &gt; 0\">\n<div class=\"absolute top-1\/2 hidden w-full -translate-y-1\/2 border-t-(1.5px) border-dashed border-black sm:block\"><\/div>\n<div class=\"relative flex justify-center\">\n<div class=\"flex max-w-max items-center gap-x-3 bg-white px-5\">\n<div class=\"relative\">\n                <span class=\"absolute left-1\/2 top-1\/2 -translate-x-1\/2 -translate-y-1\/2 font-akshar text-sm font-medium text-black\" x-text=\"commentsCount\"><\/span><\/p>\n<p>                <svg class=\"h-8 w-8 text-black\">\n                    <use href=\"http:\/\/lifehacker.com\/images\/icons\/spritemap.svg#sprite-chat-bubble\"><\/use>\n                <\/svg>\n            <\/div>\n<p>            <span class=\"text-sm font-medium text-black\">Que pensez-vous jusqu&rsquo;\u00e0 pr\u00e9sent? <button class=\"font-semibold text-brand-green underline hover:text-brand-green-700\" onclick=\"window.openweb.scrollToComments(115819)\">Publier un commentaire.<\/button><\/span>\n        <\/div>\n<\/p><\/div>\n<\/div>\n<h3>3. Ajouter les garnitures et servir<\/h3>\n<p>Une fois que le brie se sent pr\u00eat, servez-le imm\u00e9diatement. Vous pouvez l&rsquo;habiller avec des garnitures, comme des noix hach\u00e9es, des fruits s\u00e9ch\u00e9s, de la confiture de bacon, du miel, des garnitures supr\u00eame Crunchwrap ou de la garder claire. Prenez la puce, la carotte, la tranche de pomme ou le bretzel la plus proche et \u00e9touffez-la dans une boule de laiterie gluante. Avant de le savoir, le spectacle \u00e0 mi-temps sera termin\u00e9 et vous devrez micro-ondes une autre roue. Heureusement, le prochain tour sera pr\u00eat avant la fin des publicit\u00e9s.<\/p>\n","protected":false},"excerpt":{"rendered":"<p>Le brie cuit au four n&rsquo;a pas besoin d&rsquo;\u00eatre compliqu\u00e9. En fait, il n&rsquo;a m\u00eame pas besoin d&rsquo;\u00eatre cuit. Un brie cuit au four est<\/p>\n","protected":false},"author":1,"featured_media":6780,"comment_status":"","ping_status":"","sticky":false,"template":"","format":"standard","meta":{"footnotes":""},"categories":[1],"tags":[6450,6449,6451,448,4716,81,5060],"class_list":["post-6779","post","type-post","status-publish","format-standard","has-post-thumbnail","hentry","category-non-classe","tag-brie","tag-considerez","tag-cuit","tag-facilite","tag-microondes","tag-pour","tag-vitesse","generate-columns","tablet-grid-50","mobile-grid-100","grid-parent","grid-33"],"yoast_head":"<!-- This site is optimized with the Yoast SEO plugin v24.0 - https:\/\/yoast.com\/wordpress\/plugins\/seo\/ -->\n<title>Pour la vitesse et la facilit\u00e9, consid\u00e9rez le brie \u00abcuit au four\u00bb au micro-ondes | Vie Associative<\/title>\n<meta name=\"robots\" content=\"index, follow, max-snippet:-1, max-image-preview:large, max-video-preview:-1\" \/>\n<link rel=\"canonical\" href=\"https:\/\/vieassociative.be\/actualites\/pour-la-vitesse-et-la-facilite-considerez-le-brie-cuit-au-four-au-micro-ondes\/\" \/>\n<meta property=\"og:locale\" content=\"fr_FR\" \/>\n<meta property=\"og:type\" content=\"article\" \/>\n<meta property=\"og:title\" content=\"Pour la vitesse et la facilit\u00e9, consid\u00e9rez le brie \u00abcuit au four\u00bb au micro-ondes | Vie Associative\" \/>\n<meta property=\"og:description\" content=\"Le brie cuit au four n&rsquo;a pas besoin d&rsquo;\u00eatre compliqu\u00e9. En fait, il n&rsquo;a m\u00eame pas besoin d&rsquo;\u00eatre cuit. Un brie cuit au four est\" \/>\n<meta property=\"og:url\" content=\"https:\/\/vieassociative.be\/actualites\/pour-la-vitesse-et-la-facilite-considerez-le-brie-cuit-au-four-au-micro-ondes\/\" \/>\n<meta property=\"og:site_name\" content=\"Vie Associative\" \/>\n<meta property=\"article:published_time\" content=\"2025-04-16T22:17:02+00:00\" \/>\n<meta property=\"og:image\" content=\"https:\/\/vieassociative.be\/actualites\/wp-content\/uploads\/2025\/04\/Pour-la-vitesse-et-la-facilite-considerez-le-brie-cuit.jpg\" \/>\n<meta name=\"author\" content=\"Julien\" \/>\n<meta name=\"twitter:card\" content=\"summary_large_image\" \/>\n<meta name=\"twitter:label1\" content=\"\u00c9crit par\" \/>\n\t<meta name=\"twitter:data1\" content=\"Julien\" \/>\n\t<meta name=\"twitter:label2\" content=\"Dur\u00e9e de lecture est.\" \/>\n\t<meta name=\"twitter:data2\" content=\"3 minutes\" \/>\n<script type=\"application\/ld+json\" class=\"yoast-schema-graph\">{\"@context\":\"https:\/\/schema.org\",\"@graph\":[{\"@type\":\"Article\",\"@id\":\"https:\/\/vieassociative.be\/actualites\/pour-la-vitesse-et-la-facilite-considerez-le-brie-cuit-au-four-au-micro-ondes\/#article\",\"isPartOf\":{\"@id\":\"https:\/\/vieassociative.be\/actualites\/pour-la-vitesse-et-la-facilite-considerez-le-brie-cuit-au-four-au-micro-ondes\/\"},\"author\":{\"name\":\"Julien\",\"@id\":\"https:\/\/vieassociative.be\/actualites\/#\/schema\/person\/b87ac4f82f9d4e7b7cec7395b679edc4\"},\"headline\":\"Pour la vitesse et la facilit\u00e9, consid\u00e9rez le brie \u00abcuit au four\u00bb au micro-ondes\",\"datePublished\":\"2025-04-16T22:17:02+00:00\",\"dateModified\":\"2025-04-16T22:17:02+00:00\",\"mainEntityOfPage\":{\"@id\":\"https:\/\/vieassociative.be\/actualites\/pour-la-vitesse-et-la-facilite-considerez-le-brie-cuit-au-four-au-micro-ondes\/\"},\"wordCount\":555,\"publisher\":{\"@id\":\"https:\/\/vieassociative.be\/actualites\/#organization\"},\"image\":{\"@id\":\"https:\/\/vieassociative.be\/actualites\/pour-la-vitesse-et-la-facilite-considerez-le-brie-cuit-au-four-au-micro-ondes\/#primaryimage\"},\"thumbnailUrl\":\"https:\/\/vieassociative.be\/actualites\/wp-content\/uploads\/2025\/04\/1744841823_Pour-la-vitesse-et-la-facilite-considerez-le-brie-cuit.jpg\",\"keywords\":[\"brie\",\"consid\u00e9rez\",\"cuit\",\"facilite\",\"microondes\",\"pour\",\"vitesse\"],\"inLanguage\":\"fr-BE\"},{\"@type\":\"WebPage\",\"@id\":\"https:\/\/vieassociative.be\/actualites\/pour-la-vitesse-et-la-facilite-considerez-le-brie-cuit-au-four-au-micro-ondes\/\",\"url\":\"https:\/\/vieassociative.be\/actualites\/pour-la-vitesse-et-la-facilite-considerez-le-brie-cuit-au-four-au-micro-ondes\/\",\"name\":\"Pour la vitesse et la facilit\u00e9, consid\u00e9rez le brie \u00abcuit au four\u00bb au micro-ondes | Vie Associative\",\"isPartOf\":{\"@id\":\"https:\/\/vieassociative.be\/actualites\/#website\"},\"primaryImageOfPage\":{\"@id\":\"https:\/\/vieassociative.be\/actualites\/pour-la-vitesse-et-la-facilite-considerez-le-brie-cuit-au-four-au-micro-ondes\/#primaryimage\"},\"image\":{\"@id\":\"https:\/\/vieassociative.be\/actualites\/pour-la-vitesse-et-la-facilite-considerez-le-brie-cuit-au-four-au-micro-ondes\/#primaryimage\"},\"thumbnailUrl\":\"https:\/\/vieassociative.be\/actualites\/wp-content\/uploads\/2025\/04\/1744841823_Pour-la-vitesse-et-la-facilite-considerez-le-brie-cuit.jpg\",\"datePublished\":\"2025-04-16T22:17:02+00:00\",\"dateModified\":\"2025-04-16T22:17:02+00:00\",\"breadcrumb\":{\"@id\":\"https:\/\/vieassociative.be\/actualites\/pour-la-vitesse-et-la-facilite-considerez-le-brie-cuit-au-four-au-micro-ondes\/#breadcrumb\"},\"inLanguage\":\"fr-BE\",\"potentialAction\":[{\"@type\":\"ReadAction\",\"target\":[\"https:\/\/vieassociative.be\/actualites\/pour-la-vitesse-et-la-facilite-considerez-le-brie-cuit-au-four-au-micro-ondes\/\"]}]},{\"@type\":\"ImageObject\",\"inLanguage\":\"fr-BE\",\"@id\":\"https:\/\/vieassociative.be\/actualites\/pour-la-vitesse-et-la-facilite-considerez-le-brie-cuit-au-four-au-micro-ondes\/#primaryimage\",\"url\":\"https:\/\/vieassociative.be\/actualites\/wp-content\/uploads\/2025\/04\/1744841823_Pour-la-vitesse-et-la-facilite-considerez-le-brie-cuit.jpg\",\"contentUrl\":\"https:\/\/vieassociative.be\/actualites\/wp-content\/uploads\/2025\/04\/1744841823_Pour-la-vitesse-et-la-facilite-considerez-le-brie-cuit.jpg\",\"width\":1200,\"height\":675,\"caption\":\"Pour la vitesse et la facilit\u00e9, consid\u00e9rez le brie \u00abcuit au four\u00bb au micro-ondes\"},{\"@type\":\"BreadcrumbList\",\"@id\":\"https:\/\/vieassociative.be\/actualites\/pour-la-vitesse-et-la-facilite-considerez-le-brie-cuit-au-four-au-micro-ondes\/#breadcrumb\",\"itemListElement\":[{\"@type\":\"ListItem\",\"position\":1,\"name\":\"Accueil\",\"item\":\"https:\/\/vieassociative.be\/actualites\/\"},{\"@type\":\"ListItem\",\"position\":2,\"name\":\"Pour la vitesse et la facilit\u00e9, consid\u00e9rez le brie \u00abcuit au four\u00bb au micro-ondes\"}]},{\"@type\":\"WebSite\",\"@id\":\"https:\/\/vieassociative.be\/actualites\/#website\",\"url\":\"https:\/\/vieassociative.be\/actualites\/\",\"name\":\"Vie Associative\",\"description\":\"\",\"publisher\":{\"@id\":\"https:\/\/vieassociative.be\/actualites\/#organization\"},\"potentialAction\":[{\"@type\":\"SearchAction\",\"target\":{\"@type\":\"EntryPoint\",\"urlTemplate\":\"https:\/\/vieassociative.be\/actualites\/?s={search_term_string}\"},\"query-input\":{\"@type\":\"PropertyValueSpecification\",\"valueRequired\":true,\"valueName\":\"search_term_string\"}}],\"inLanguage\":\"fr-BE\"},{\"@type\":\"Organization\",\"@id\":\"https:\/\/vieassociative.be\/actualites\/#organization\",\"name\":\"Vie Associative\",\"url\":\"https:\/\/vieassociative.be\/actualites\/\",\"logo\":{\"@type\":\"ImageObject\",\"inLanguage\":\"fr-BE\",\"@id\":\"https:\/\/vieassociative.be\/actualites\/#\/schema\/logo\/image\/\",\"url\":\"https:\/\/vieassociative.be\/actualites\/wp-content\/uploads\/2024\/09\/cropped-vieassociative_favicon.ico.png\",\"contentUrl\":\"https:\/\/vieassociative.be\/actualites\/wp-content\/uploads\/2024\/09\/cropped-vieassociative_favicon.ico.png\",\"width\":512,\"height\":512,\"caption\":\"Vie Associative\"},\"image\":{\"@id\":\"https:\/\/vieassociative.be\/actualites\/#\/schema\/logo\/image\/\"}},{\"@type\":\"Person\",\"@id\":\"https:\/\/vieassociative.be\/actualites\/#\/schema\/person\/b87ac4f82f9d4e7b7cec7395b679edc4\",\"name\":\"Julien\",\"image\":{\"@type\":\"ImageObject\",\"inLanguage\":\"fr-BE\",\"@id\":\"https:\/\/vieassociative.be\/actualites\/#\/schema\/person\/image\/\",\"url\":\"https:\/\/vieassociative.be\/actualites\/wp-content\/uploads\/2024\/09\/vie-associative-1-150x150.jpg\",\"contentUrl\":\"https:\/\/vieassociative.be\/actualites\/wp-content\/uploads\/2024\/09\/vie-associative-1-150x150.jpg\",\"caption\":\"Julien\"},\"description\":\"Je suis Julien, r\u00e9dacteur pour Vie Associative. Passionn\u00e9 par le monde associatif depuis plus de 10 ans, j'ai \u00e0 c\u0153ur de partager des histoires inspirantes et de mettre en lumi\u00e8re les initiatives locales. Mon objectif est de sensibiliser et d'encourager l'engagement communautaire \u00e0 travers mes articles.\",\"sameAs\":[\"https:\/\/vieassociative.be\/\"]}]}<\/script>\n<!-- \/ Yoast SEO plugin. -->","yoast_head_json":{"title":"Pour la vitesse et la facilit\u00e9, consid\u00e9rez le brie \u00abcuit au four\u00bb au micro-ondes | Vie Associative","robots":{"index":"index","follow":"follow","max-snippet":"max-snippet:-1","max-image-preview":"max-image-preview:large","max-video-preview":"max-video-preview:-1"},"canonical":"https:\/\/vieassociative.be\/actualites\/pour-la-vitesse-et-la-facilite-considerez-le-brie-cuit-au-four-au-micro-ondes\/","og_locale":"fr_FR","og_type":"article","og_title":"Pour la vitesse et la facilit\u00e9, consid\u00e9rez le brie \u00abcuit au four\u00bb au micro-ondes | Vie Associative","og_description":"Le brie cuit au four n&rsquo;a pas besoin d&rsquo;\u00eatre compliqu\u00e9. En fait, il n&rsquo;a m\u00eame pas besoin d&rsquo;\u00eatre cuit. Un brie cuit au four est","og_url":"https:\/\/vieassociative.be\/actualites\/pour-la-vitesse-et-la-facilite-considerez-le-brie-cuit-au-four-au-micro-ondes\/","og_site_name":"Vie Associative","article_published_time":"2025-04-16T22:17:02+00:00","og_image":[{"url":"https:\/\/vieassociative.be\/actualites\/wp-content\/uploads\/2025\/04\/Pour-la-vitesse-et-la-facilite-considerez-le-brie-cuit.jpg","type":"","width":"","height":""}],"author":"Julien","twitter_card":"summary_large_image","twitter_misc":{"\u00c9crit par":"Julien","Dur\u00e9e de lecture est.":"3 minutes"},"schema":{"@context":"https:\/\/schema.org","@graph":[{"@type":"Article","@id":"https:\/\/vieassociative.be\/actualites\/pour-la-vitesse-et-la-facilite-considerez-le-brie-cuit-au-four-au-micro-ondes\/#article","isPartOf":{"@id":"https:\/\/vieassociative.be\/actualites\/pour-la-vitesse-et-la-facilite-considerez-le-brie-cuit-au-four-au-micro-ondes\/"},"author":{"name":"Julien","@id":"https:\/\/vieassociative.be\/actualites\/#\/schema\/person\/b87ac4f82f9d4e7b7cec7395b679edc4"},"headline":"Pour la vitesse et la facilit\u00e9, consid\u00e9rez le brie \u00abcuit au four\u00bb au micro-ondes","datePublished":"2025-04-16T22:17:02+00:00","dateModified":"2025-04-16T22:17:02+00:00","mainEntityOfPage":{"@id":"https:\/\/vieassociative.be\/actualites\/pour-la-vitesse-et-la-facilite-considerez-le-brie-cuit-au-four-au-micro-ondes\/"},"wordCount":555,"publisher":{"@id":"https:\/\/vieassociative.be\/actualites\/#organization"},"image":{"@id":"https:\/\/vieassociative.be\/actualites\/pour-la-vitesse-et-la-facilite-considerez-le-brie-cuit-au-four-au-micro-ondes\/#primaryimage"},"thumbnailUrl":"https:\/\/vieassociative.be\/actualites\/wp-content\/uploads\/2025\/04\/1744841823_Pour-la-vitesse-et-la-facilite-considerez-le-brie-cuit.jpg","keywords":["brie","consid\u00e9rez","cuit","facilite","microondes","pour","vitesse"],"inLanguage":"fr-BE"},{"@type":"WebPage","@id":"https:\/\/vieassociative.be\/actualites\/pour-la-vitesse-et-la-facilite-considerez-le-brie-cuit-au-four-au-micro-ondes\/","url":"https:\/\/vieassociative.be\/actualites\/pour-la-vitesse-et-la-facilite-considerez-le-brie-cuit-au-four-au-micro-ondes\/","name":"Pour la vitesse et la facilit\u00e9, consid\u00e9rez le brie \u00abcuit au four\u00bb au micro-ondes | Vie Associative","isPartOf":{"@id":"https:\/\/vieassociative.be\/actualites\/#website"},"primaryImageOfPage":{"@id":"https:\/\/vieassociative.be\/actualites\/pour-la-vitesse-et-la-facilite-considerez-le-brie-cuit-au-four-au-micro-ondes\/#primaryimage"},"image":{"@id":"https:\/\/vieassociative.be\/actualites\/pour-la-vitesse-et-la-facilite-considerez-le-brie-cuit-au-four-au-micro-ondes\/#primaryimage"},"thumbnailUrl":"https:\/\/vieassociative.be\/actualites\/wp-content\/uploads\/2025\/04\/1744841823_Pour-la-vitesse-et-la-facilite-considerez-le-brie-cuit.jpg","datePublished":"2025-04-16T22:17:02+00:00","dateModified":"2025-04-16T22:17:02+00:00","breadcrumb":{"@id":"https:\/\/vieassociative.be\/actualites\/pour-la-vitesse-et-la-facilite-considerez-le-brie-cuit-au-four-au-micro-ondes\/#breadcrumb"},"inLanguage":"fr-BE","potentialAction":[{"@type":"ReadAction","target":["https:\/\/vieassociative.be\/actualites\/pour-la-vitesse-et-la-facilite-considerez-le-brie-cuit-au-four-au-micro-ondes\/"]}]},{"@type":"ImageObject","inLanguage":"fr-BE","@id":"https:\/\/vieassociative.be\/actualites\/pour-la-vitesse-et-la-facilite-considerez-le-brie-cuit-au-four-au-micro-ondes\/#primaryimage","url":"https:\/\/vieassociative.be\/actualites\/wp-content\/uploads\/2025\/04\/1744841823_Pour-la-vitesse-et-la-facilite-considerez-le-brie-cuit.jpg","contentUrl":"https:\/\/vieassociative.be\/actualites\/wp-content\/uploads\/2025\/04\/1744841823_Pour-la-vitesse-et-la-facilite-considerez-le-brie-cuit.jpg","width":1200,"height":675,"caption":"Pour la vitesse et la facilit\u00e9, consid\u00e9rez le brie \u00abcuit au four\u00bb au micro-ondes"},{"@type":"BreadcrumbList","@id":"https:\/\/vieassociative.be\/actualites\/pour-la-vitesse-et-la-facilite-considerez-le-brie-cuit-au-four-au-micro-ondes\/#breadcrumb","itemListElement":[{"@type":"ListItem","position":1,"name":"Accueil","item":"https:\/\/vieassociative.be\/actualites\/"},{"@type":"ListItem","position":2,"name":"Pour la vitesse et la facilit\u00e9, consid\u00e9rez le brie \u00abcuit au four\u00bb au micro-ondes"}]},{"@type":"WebSite","@id":"https:\/\/vieassociative.be\/actualites\/#website","url":"https:\/\/vieassociative.be\/actualites\/","name":"Vie Associative","description":"","publisher":{"@id":"https:\/\/vieassociative.be\/actualites\/#organization"},"potentialAction":[{"@type":"SearchAction","target":{"@type":"EntryPoint","urlTemplate":"https:\/\/vieassociative.be\/actualites\/?s={search_term_string}"},"query-input":{"@type":"PropertyValueSpecification","valueRequired":true,"valueName":"search_term_string"}}],"inLanguage":"fr-BE"},{"@type":"Organization","@id":"https:\/\/vieassociative.be\/actualites\/#organization","name":"Vie Associative","url":"https:\/\/vieassociative.be\/actualites\/","logo":{"@type":"ImageObject","inLanguage":"fr-BE","@id":"https:\/\/vieassociative.be\/actualites\/#\/schema\/logo\/image\/","url":"https:\/\/vieassociative.be\/actualites\/wp-content\/uploads\/2024\/09\/cropped-vieassociative_favicon.ico.png","contentUrl":"https:\/\/vieassociative.be\/actualites\/wp-content\/uploads\/2024\/09\/cropped-vieassociative_favicon.ico.png","width":512,"height":512,"caption":"Vie Associative"},"image":{"@id":"https:\/\/vieassociative.be\/actualites\/#\/schema\/logo\/image\/"}},{"@type":"Person","@id":"https:\/\/vieassociative.be\/actualites\/#\/schema\/person\/b87ac4f82f9d4e7b7cec7395b679edc4","name":"Julien","image":{"@type":"ImageObject","inLanguage":"fr-BE","@id":"https:\/\/vieassociative.be\/actualites\/#\/schema\/person\/image\/","url":"https:\/\/vieassociative.be\/actualites\/wp-content\/uploads\/2024\/09\/vie-associative-1-150x150.jpg","contentUrl":"https:\/\/vieassociative.be\/actualites\/wp-content\/uploads\/2024\/09\/vie-associative-1-150x150.jpg","caption":"Julien"},"description":"Je suis Julien, r\u00e9dacteur pour Vie Associative. Passionn\u00e9 par le monde associatif depuis plus de 10 ans, j'ai \u00e0 c\u0153ur de partager des histoires inspirantes et de mettre en lumi\u00e8re les initiatives locales. Mon objectif est de sensibiliser et d'encourager l'engagement communautaire \u00e0 travers mes articles.","sameAs":["https:\/\/vieassociative.be\/"]}]}},"_links":{"self":[{"href":"https:\/\/vieassociative.be\/actualites\/wp-json\/wp\/v2\/posts\/6779"}],"collection":[{"href":"https:\/\/vieassociative.be\/actualites\/wp-json\/wp\/v2\/posts"}],"about":[{"href":"https:\/\/vieassociative.be\/actualites\/wp-json\/wp\/v2\/types\/post"}],"author":[{"embeddable":true,"href":"https:\/\/vieassociative.be\/actualites\/wp-json\/wp\/v2\/users\/1"}],"replies":[{"embeddable":true,"href":"https:\/\/vieassociative.be\/actualites\/wp-json\/wp\/v2\/comments?post=6779"}],"version-history":[{"count":0,"href":"https:\/\/vieassociative.be\/actualites\/wp-json\/wp\/v2\/posts\/6779\/revisions"}],"wp:featuredmedia":[{"embeddable":true,"href":"https:\/\/vieassociative.be\/actualites\/wp-json\/wp\/v2\/media\/6780"}],"wp:attachment":[{"href":"https:\/\/vieassociative.be\/actualites\/wp-json\/wp\/v2\/media?parent=6779"}],"wp:term":[{"taxonomy":"category","embeddable":true,"href":"https:\/\/vieassociative.be\/actualites\/wp-json\/wp\/v2\/categories?post=6779"},{"taxonomy":"post_tag","embeddable":true,"href":"https:\/\/vieassociative.be\/actualites\/wp-json\/wp\/v2\/tags?post=6779"}],"curies":[{"name":"wp","href":"https:\/\/api.w.org\/{rel}","templated":true}]}}