{"id":6777,"date":"2025-04-16T22:18:33","date_gmt":"2025-04-16T20:18:33","guid":{"rendered":"https:\/\/vieassociative.be\/actualites\/notre-entreprise-doit-egalement-livrer-a-san-siro-aujourdhui\/"},"modified":"2025-04-16T22:18:33","modified_gmt":"2025-04-16T20:18:33","slug":"notre-entreprise-doit-egalement-livrer-a-san-siro-aujourdhui","status":"publish","type":"post","link":"https:\/\/vieassociative.be\/actualites\/notre-entreprise-doit-egalement-livrer-a-san-siro-aujourdhui\/","title":{"rendered":"\u00ab\u00a0Notre\u00a0\u00bb entreprise doit \u00e9galement livrer \u00e0 San Siro aujourd&rsquo;hui"},"content":{"rendered":"<p><strong>\u00c0 Milan, le Bayern doit livrer contre l&rsquo;Inter apr\u00e8s le premier match de 1: 2. Et l&rsquo;entra\u00eeneur souligne clairement les \u00e9paules sur la pression. Pour l&rsquo;ancien capitaine de l&rsquo;\u00e9quipe nationale belge, la rencontre de cette soir\u00e9e est d\u00e9j\u00e0 quelque chose comme le jeu de l&rsquo;ann\u00e9e.<\/strong><\/p>\n<p><span id=\"more-413493\"><\/span>L&rsquo;annonce de Vincent Kompany ne pouvait pas \u00eatre plus claire. L&rsquo;entra\u00eeneur du FC Bayern Munich a remport\u00e9 son devoir avant le quart de finale de la Ligue des champions contre l&rsquo;Inter Milan contre l&rsquo;Inter Milan (21 h 00\/in Belgium en direct sur Pickx + Sports) avec une annonce claire et un jeune.<\/p>\n<div id=\"attachment_413500\" class=\"wp-caption alignleft\" style=\"max-width: 300px\"><img fetchpriority=\"high\" decoding=\"async\" class=\"wp-image-413500 size-medium\" src=\"https:\/\/vieassociative.be\/actualites\/wp-content\/uploads\/2025\/04\/Notre-entreprise-doit-egalement-livrer-a-San-Siro-aujourdhui.jpg\" alt=\"\" width=\"300\" height=\"200\"><\/p>\n<p class=\"wp-caption-text\">04.04.2025, Bavi\u00e8re, Munich: Harry Kane (R) du FC Bayern et Inters Francesco Acerbi se bat pour le ballon. Photo: Sven Hoppe \/ DPA<\/p>\n<\/div>\n<p>\u00ab\u00a0La pression n&rsquo;est pas sur les \u00e9paules de Jonas Urbig, ce qui est tr\u00e8s jeune\u00a0\u00bb, a d\u00e9clar\u00e9 Kompany avant le match \u00e0 l&rsquo;ext\u00e9rieur, dans lequel les r\u00e9sidents de Munich doivent rattraper un 1-2 \u00e0 la premi\u00e8re \u00e9tape. \u00ab\u00a0La pression est toujours sur les joueurs exp\u00e9riment\u00e9s. Ils devraient s&rsquo;assurer que nous avan\u00e7ons.\u00a0\u00bb Et bien s\u00fbr, l&rsquo;entra\u00eeneur aussi comment Kompany a ajout\u00e9 avec un sourire. Il doit \u00e9galement livrer \u00e0 San Siro.<\/p>\n<p><strong>&#8211; Kane et le mauvais sommeil:<\/strong> Le marqueur d&rsquo;objectif Harry Kane a \u00e9galement \u00e9t\u00e9 autoris\u00e9 \u00e0 se sentir adress\u00e9. L&rsquo;Anglais de 31 ans est conscient qu&rsquo;apr\u00e8s son poste de poteau lors du match aller du stade Giuseppe-Mazza, il est dans une certaine mesure dans la dette Bring.<\/p>\n<p>\u00ab\u00a0Je m&rsquo;attendais \u00e0 exploiter cette opportunit\u00e9\u00a0\u00bb, a d\u00e9clar\u00e9 Kane \u00e0 la conf\u00e9rence de presse de Kane \u00e0 Milan mardi soir. Apr\u00e8s des matchs importants, il ne dorme pas bien de toute fa\u00e7on &#8211; mais apr\u00e8s les 1-0 manqu\u00e9s il y a une semaine, il a dormi encore pire.<\/p>\n<p>Kane est clair que le match retour est \u00e9galement important lorsque le champion allemand de record de football veut toujours entrer en demi-finale. Malgr\u00e9 l&rsquo;erreur, l&rsquo;Anglais continue de croire: \u00ab\u00a0Ce serait pire si je n&rsquo;avais aucune chance.\u00a0\u00bb<\/p>\n<div id=\"attachment_413502\" class=\"wp-caption alignleft\" style=\"max-width: 300px\"><img decoding=\"async\" class=\"wp-image-413502 size-medium\" src=\"https:\/\/vieassociative.be\/actualites\/wp-content\/uploads\/2025\/04\/1744834713_283_Notre-entreprise-doit-egalement-livrer-a-San-Siro-aujourdhui.jpg\" alt=\"\" width=\"300\" height=\"233\"><\/p>\n<p class=\"wp-caption-text\">07.04.2025, Bavi\u00e8re, Munich: gardien de but Jonas Urbig en action. Photo: Sven Hoppe \/ DPA<\/p>\n<\/div>\n<p><strong>&#8211; 34 buts en 41 matchs comp\u00e9titifs:<\/strong> En g\u00e9n\u00e9ral, il distingue Kane et c&rsquo;est qu&rsquo;il ne doute jamais m\u00eame apr\u00e8s les \u00e9checs et les l\u00e2ches. \u00ab\u00a0J&rsquo;ai jou\u00e9 de nombreux matchs importants\u00a0\u00bb, a-t-il d\u00e9clar\u00e9. Il a marqu\u00e9 dix buts en douze missions en Ligue des champions cette saison, et il a marqu\u00e9 34 fois en 41 matchs de comp\u00e9tition. \u00ab\u00a0Nous devons \u00eatre plus coh\u00e9rents devant le but\u00a0\u00bb, a-t-il d\u00e9clar\u00e9. Et signifiait lui-m\u00eame.<\/p>\n<p><strong>&#8211; pleine confiance dans le jeune Urbig:<\/strong> Et Urbig? Le gardien de but tr\u00e8s talentueux, qui est venu au Big FC Bayern de la banque de remplacement du Club de deuxi\u00e8me division 1. Le FC K\u00f6ln au d\u00e9but de l&rsquo;ann\u00e9e, doit \u00e9galement remplacer le gardien record de Milan en Allemagne, Manuel Neuer.<\/p>\n<p>C&rsquo;est le match de quatri\u00e8me classe du joueur de 21 ans qui a d\u00fb accepter ses deux premiers buts sur la sc\u00e8ne internationale lors du match aller contre l&rsquo;Inter. \u00ab\u00a0Nous avons pleinement confiance que nous pouvons le faire avec Jonas Urbig\u00a0\u00bb, a d\u00e9clar\u00e9 Kompany.<\/p>\n<p>Le gardien natif Neuer, qui \u00e9tait toujours port\u00e9 disparu dans le veau apr\u00e8s une d\u00e9chirure des fibres musculaires, s&rsquo;est rendu en Italie et gardera ses doigts crois\u00e9s pour son jeune adjoint en tant que spectateur dans les tribunes. L&rsquo;homme de 39 ans esp\u00e8re pouvoir diriger la Bavi\u00e8re en demi-finale contre le FC Barcelone en tant que capitaine \u00e0 nouveau. (DPA \/ CRE)<\/p>\n<p><em><strong>Sur le sujet, voir \u00e9galement l&rsquo;article suivant sur OD:<\/strong><\/em><\/p>\n<div class=\"responsive-embed widescreen\">\n<blockquote class=\"wp-embedded-content\" data-secret=\"Iim5mhGd5O\">\n<p>Borussia Dortmund et Aston Villa Mlle Miracles contre le FC Barcelone et Paris SG<\/p>\n<\/blockquote>\n<p><iframe loading=\"lazy\" class=\"wp-embedded-content\" sandbox=\"allow-scripts\" security=\"restricted\" style=\"position: absolute; visibility: hidden;\" title=\"\u201eBorussia Dortmund und Aston Villa verpassen Wunder gegen den FC Barcelona und Paris SG\u201c \u2014 Ostbelgien Direkt\" src=\"https:\/\/ostbelgiendirekt.be\/about:blank\" data-secret=\"Iim5mhGd5O\" width=\"500\" height=\"282\" frameborder=\"0\" marginwidth=\"0\" marginheight=\"0\" scrolling=\"no\" data-rocket-lazyload=\"fitvidscompatible\" data-lazy-src=\"https:\/\/ostbelgiendirekt.be\/dortmund-und-aston-villa-413474\/embed#?secret=rLED740un9#?secret=Iim5mhGd5O\"><\/iframe><noscript><iframe class=\"wp-embedded-content\" sandbox=\"allow-scripts\" security=\"restricted\" style=\"position: absolute; visibility: hidden;\" title=\"\u201eBorussia Dortmund und Aston Villa verpassen Wunder gegen den FC Barcelona und Paris SG\u201c \u2014 Ostbelgien Direkt\" src=\"https:\/\/ostbelgiendirekt.be\/dortmund-und-aston-villa-413474\/embed#?secret=rLED740un9#?secret=Iim5mhGd5O\" data-secret=\"Iim5mhGd5O\" width=\"500\" height=\"282\" frameborder=\"0\" marginwidth=\"0\" marginheight=\"0\" scrolling=\"no\"><\/iframe><\/noscript><\/p>\n<\/div>\n","protected":false},"excerpt":{"rendered":"<p>\u00c0 Milan, le Bayern doit livrer contre l&rsquo;Inter apr\u00e8s le premier match de 1: 2. Et l&rsquo;entra\u00eeneur souligne clairement les \u00e9paules sur la pression. Pour<\/p>\n","protected":false},"author":1,"featured_media":6778,"comment_status":"","ping_status":"","sticky":false,"template":"","format":"standard","meta":{"footnotes":""},"categories":[298],"tags":[2330,2552,172,6445,6446,609,6447,6448],"class_list":["post-6777","post","type-post","status-publish","format-standard","has-post-thumbnail","hentry","category-belgique","tag-aujourdhui","tag-doit","tag-egalement","tag-entreprise","tag-livrer","tag-notre","tag-san","tag-siro","generate-columns","tablet-grid-50","mobile-grid-100","grid-parent","grid-33"],"yoast_head":"<!-- This site is optimized with the Yoast SEO plugin v24.0 - https:\/\/yoast.com\/wordpress\/plugins\/seo\/ -->\n<title>&quot;Notre&quot; entreprise doit \u00e9galement livrer \u00e0 San Siro aujourd&#039;hui | Vie Associative<\/title>\n<meta name=\"robots\" content=\"index, follow, max-snippet:-1, max-image-preview:large, max-video-preview:-1\" \/>\n<link rel=\"canonical\" href=\"https:\/\/vieassociative.be\/actualites\/notre-entreprise-doit-egalement-livrer-a-san-siro-aujourdhui\/\" \/>\n<meta property=\"og:locale\" content=\"fr_FR\" \/>\n<meta property=\"og:type\" content=\"article\" \/>\n<meta property=\"og:title\" content=\"&quot;Notre&quot; entreprise doit \u00e9galement livrer \u00e0 San Siro aujourd&#039;hui | Vie Associative\" \/>\n<meta property=\"og:description\" content=\"\u00c0 Milan, le Bayern doit livrer contre l&rsquo;Inter apr\u00e8s le premier match de 1: 2. Et l&rsquo;entra\u00eeneur souligne clairement les \u00e9paules sur la pression. Pour\" \/>\n<meta property=\"og:url\" content=\"https:\/\/vieassociative.be\/actualites\/notre-entreprise-doit-egalement-livrer-a-san-siro-aujourdhui\/\" \/>\n<meta property=\"og:site_name\" content=\"Vie Associative\" \/>\n<meta property=\"article:published_time\" content=\"2025-04-16T20:18:33+00:00\" \/>\n<meta property=\"og:image\" content=\"https:\/\/vieassociative.be\/actualites\/wp-content\/uploads\/2024\/09\/header_backgroundk-01-e1726694325946.png\" \/>\n\t<meta property=\"og:image:width\" content=\"279\" \/>\n\t<meta property=\"og:image:height\" content=\"92\" \/>\n\t<meta property=\"og:image:type\" content=\"image\/png\" \/>\n<meta name=\"author\" content=\"Julien\" \/>\n<meta name=\"twitter:card\" content=\"summary_large_image\" \/>\n<meta name=\"twitter:label1\" content=\"\u00c9crit par\" \/>\n\t<meta name=\"twitter:data1\" content=\"Julien\" \/>\n\t<meta name=\"twitter:label2\" content=\"Dur\u00e9e de lecture est.\" \/>\n\t<meta name=\"twitter:data2\" content=\"3 minutes\" \/>\n<script type=\"application\/ld+json\" class=\"yoast-schema-graph\">{\"@context\":\"https:\/\/schema.org\",\"@graph\":[{\"@type\":\"Article\",\"@id\":\"https:\/\/vieassociative.be\/actualites\/notre-entreprise-doit-egalement-livrer-a-san-siro-aujourdhui\/#article\",\"isPartOf\":{\"@id\":\"https:\/\/vieassociative.be\/actualites\/notre-entreprise-doit-egalement-livrer-a-san-siro-aujourdhui\/\"},\"author\":{\"name\":\"Julien\",\"@id\":\"https:\/\/vieassociative.be\/actualites\/#\/schema\/person\/b87ac4f82f9d4e7b7cec7395b679edc4\"},\"headline\":\"\u00ab\u00a0Notre\u00a0\u00bb entreprise doit \u00e9galement livrer \u00e0 San Siro aujourd&rsquo;hui\",\"datePublished\":\"2025-04-16T20:18:33+00:00\",\"dateModified\":\"2025-04-16T20:18:33+00:00\",\"mainEntityOfPage\":{\"@id\":\"https:\/\/vieassociative.be\/actualites\/notre-entreprise-doit-egalement-livrer-a-san-siro-aujourdhui\/\"},\"wordCount\":650,\"publisher\":{\"@id\":\"https:\/\/vieassociative.be\/actualites\/#organization\"},\"image\":{\"@id\":\"https:\/\/vieassociative.be\/actualites\/notre-entreprise-doit-egalement-livrer-a-san-siro-aujourdhui\/#primaryimage\"},\"thumbnailUrl\":\"https:\/\/vieassociative.be\/actualites\/wp-content\/uploads\/2025\/04\/1744834714_Notre-entreprise-doit-egalement-livrer-a-San-Siro-aujourdhui.jpg\",\"keywords\":[\"aujourdhui\",\"doit\",\"\u00e9galement\",\"entreprise\",\"livrer\",\"notre\",\"San\",\"Siro\"],\"articleSection\":[\"Belgique\"],\"inLanguage\":\"fr-BE\"},{\"@type\":\"WebPage\",\"@id\":\"https:\/\/vieassociative.be\/actualites\/notre-entreprise-doit-egalement-livrer-a-san-siro-aujourdhui\/\",\"url\":\"https:\/\/vieassociative.be\/actualites\/notre-entreprise-doit-egalement-livrer-a-san-siro-aujourdhui\/\",\"name\":\"\\\"Notre\\\" entreprise doit \u00e9galement livrer \u00e0 San Siro aujourd'hui | Vie Associative\",\"isPartOf\":{\"@id\":\"https:\/\/vieassociative.be\/actualites\/#website\"},\"primaryImageOfPage\":{\"@id\":\"https:\/\/vieassociative.be\/actualites\/notre-entreprise-doit-egalement-livrer-a-san-siro-aujourdhui\/#primaryimage\"},\"image\":{\"@id\":\"https:\/\/vieassociative.be\/actualites\/notre-entreprise-doit-egalement-livrer-a-san-siro-aujourdhui\/#primaryimage\"},\"thumbnailUrl\":\"https:\/\/vieassociative.be\/actualites\/wp-content\/uploads\/2025\/04\/1744834714_Notre-entreprise-doit-egalement-livrer-a-San-Siro-aujourdhui.jpg\",\"datePublished\":\"2025-04-16T20:18:33+00:00\",\"dateModified\":\"2025-04-16T20:18:33+00:00\",\"breadcrumb\":{\"@id\":\"https:\/\/vieassociative.be\/actualites\/notre-entreprise-doit-egalement-livrer-a-san-siro-aujourdhui\/#breadcrumb\"},\"inLanguage\":\"fr-BE\",\"potentialAction\":[{\"@type\":\"ReadAction\",\"target\":[\"https:\/\/vieassociative.be\/actualites\/notre-entreprise-doit-egalement-livrer-a-san-siro-aujourdhui\/\"]}]},{\"@type\":\"ImageObject\",\"inLanguage\":\"fr-BE\",\"@id\":\"https:\/\/vieassociative.be\/actualites\/notre-entreprise-doit-egalement-livrer-a-san-siro-aujourdhui\/#primaryimage\",\"url\":\"https:\/\/vieassociative.be\/actualites\/wp-content\/uploads\/2025\/04\/1744834714_Notre-entreprise-doit-egalement-livrer-a-San-Siro-aujourdhui.jpg\",\"contentUrl\":\"https:\/\/vieassociative.be\/actualites\/wp-content\/uploads\/2025\/04\/1744834714_Notre-entreprise-doit-egalement-livrer-a-San-Siro-aujourdhui.jpg\",\"width\":1200,\"height\":800,\"caption\":\"\\\"Notre\\\" entreprise doit \u00e9galement livrer \u00e0 San Siro aujourd'hui\"},{\"@type\":\"BreadcrumbList\",\"@id\":\"https:\/\/vieassociative.be\/actualites\/notre-entreprise-doit-egalement-livrer-a-san-siro-aujourdhui\/#breadcrumb\",\"itemListElement\":[{\"@type\":\"ListItem\",\"position\":1,\"name\":\"Accueil\",\"item\":\"https:\/\/vieassociative.be\/actualites\/\"},{\"@type\":\"ListItem\",\"position\":2,\"name\":\"\u00ab\u00a0Notre\u00a0\u00bb entreprise doit \u00e9galement livrer \u00e0 San Siro aujourd&rsquo;hui\"}]},{\"@type\":\"WebSite\",\"@id\":\"https:\/\/vieassociative.be\/actualites\/#website\",\"url\":\"https:\/\/vieassociative.be\/actualites\/\",\"name\":\"Vie Associative\",\"description\":\"\",\"publisher\":{\"@id\":\"https:\/\/vieassociative.be\/actualites\/#organization\"},\"potentialAction\":[{\"@type\":\"SearchAction\",\"target\":{\"@type\":\"EntryPoint\",\"urlTemplate\":\"https:\/\/vieassociative.be\/actualites\/?s={search_term_string}\"},\"query-input\":{\"@type\":\"PropertyValueSpecification\",\"valueRequired\":true,\"valueName\":\"search_term_string\"}}],\"inLanguage\":\"fr-BE\"},{\"@type\":\"Organization\",\"@id\":\"https:\/\/vieassociative.be\/actualites\/#organization\",\"name\":\"Vie Associative\",\"url\":\"https:\/\/vieassociative.be\/actualites\/\",\"logo\":{\"@type\":\"ImageObject\",\"inLanguage\":\"fr-BE\",\"@id\":\"https:\/\/vieassociative.be\/actualites\/#\/schema\/logo\/image\/\",\"url\":\"https:\/\/vieassociative.be\/actualites\/wp-content\/uploads\/2024\/09\/cropped-vieassociative_favicon.ico.png\",\"contentUrl\":\"https:\/\/vieassociative.be\/actualites\/wp-content\/uploads\/2024\/09\/cropped-vieassociative_favicon.ico.png\",\"width\":512,\"height\":512,\"caption\":\"Vie Associative\"},\"image\":{\"@id\":\"https:\/\/vieassociative.be\/actualites\/#\/schema\/logo\/image\/\"}},{\"@type\":\"Person\",\"@id\":\"https:\/\/vieassociative.be\/actualites\/#\/schema\/person\/b87ac4f82f9d4e7b7cec7395b679edc4\",\"name\":\"Julien\",\"image\":{\"@type\":\"ImageObject\",\"inLanguage\":\"fr-BE\",\"@id\":\"https:\/\/vieassociative.be\/actualites\/#\/schema\/person\/image\/\",\"url\":\"https:\/\/vieassociative.be\/actualites\/wp-content\/uploads\/2024\/09\/vie-associative-1-150x150.jpg\",\"contentUrl\":\"https:\/\/vieassociative.be\/actualites\/wp-content\/uploads\/2024\/09\/vie-associative-1-150x150.jpg\",\"caption\":\"Julien\"},\"description\":\"Je suis Julien, r\u00e9dacteur pour Vie Associative. Passionn\u00e9 par le monde associatif depuis plus de 10 ans, j'ai \u00e0 c\u0153ur de partager des histoires inspirantes et de mettre en lumi\u00e8re les initiatives locales. Mon objectif est de sensibiliser et d'encourager l'engagement communautaire \u00e0 travers mes articles.\",\"sameAs\":[\"https:\/\/vieassociative.be\/\"]}]}<\/script>\n<!-- \/ Yoast SEO plugin. -->","yoast_head_json":{"title":"\"Notre\" entreprise doit \u00e9galement livrer \u00e0 San Siro aujourd'hui | Vie Associative","robots":{"index":"index","follow":"follow","max-snippet":"max-snippet:-1","max-image-preview":"max-image-preview:large","max-video-preview":"max-video-preview:-1"},"canonical":"https:\/\/vieassociative.be\/actualites\/notre-entreprise-doit-egalement-livrer-a-san-siro-aujourdhui\/","og_locale":"fr_FR","og_type":"article","og_title":"\"Notre\" entreprise doit \u00e9galement livrer \u00e0 San Siro aujourd'hui | Vie Associative","og_description":"\u00c0 Milan, le Bayern doit livrer contre l&rsquo;Inter apr\u00e8s le premier match de 1: 2. Et l&rsquo;entra\u00eeneur souligne clairement les \u00e9paules sur la pression. Pour","og_url":"https:\/\/vieassociative.be\/actualites\/notre-entreprise-doit-egalement-livrer-a-san-siro-aujourdhui\/","og_site_name":"Vie Associative","article_published_time":"2025-04-16T20:18:33+00:00","og_image":[{"width":279,"height":92,"url":"https:\/\/vieassociative.be\/actualites\/wp-content\/uploads\/2024\/09\/header_backgroundk-01-e1726694325946.png","type":"image\/png"}],"author":"Julien","twitter_card":"summary_large_image","twitter_misc":{"\u00c9crit par":"Julien","Dur\u00e9e de lecture est.":"3 minutes"},"schema":{"@context":"https:\/\/schema.org","@graph":[{"@type":"Article","@id":"https:\/\/vieassociative.be\/actualites\/notre-entreprise-doit-egalement-livrer-a-san-siro-aujourdhui\/#article","isPartOf":{"@id":"https:\/\/vieassociative.be\/actualites\/notre-entreprise-doit-egalement-livrer-a-san-siro-aujourdhui\/"},"author":{"name":"Julien","@id":"https:\/\/vieassociative.be\/actualites\/#\/schema\/person\/b87ac4f82f9d4e7b7cec7395b679edc4"},"headline":"\u00ab\u00a0Notre\u00a0\u00bb entreprise doit \u00e9galement livrer \u00e0 San Siro aujourd&rsquo;hui","datePublished":"2025-04-16T20:18:33+00:00","dateModified":"2025-04-16T20:18:33+00:00","mainEntityOfPage":{"@id":"https:\/\/vieassociative.be\/actualites\/notre-entreprise-doit-egalement-livrer-a-san-siro-aujourdhui\/"},"wordCount":650,"publisher":{"@id":"https:\/\/vieassociative.be\/actualites\/#organization"},"image":{"@id":"https:\/\/vieassociative.be\/actualites\/notre-entreprise-doit-egalement-livrer-a-san-siro-aujourdhui\/#primaryimage"},"thumbnailUrl":"https:\/\/vieassociative.be\/actualites\/wp-content\/uploads\/2025\/04\/1744834714_Notre-entreprise-doit-egalement-livrer-a-San-Siro-aujourdhui.jpg","keywords":["aujourdhui","doit","\u00e9galement","entreprise","livrer","notre","San","Siro"],"articleSection":["Belgique"],"inLanguage":"fr-BE"},{"@type":"WebPage","@id":"https:\/\/vieassociative.be\/actualites\/notre-entreprise-doit-egalement-livrer-a-san-siro-aujourdhui\/","url":"https:\/\/vieassociative.be\/actualites\/notre-entreprise-doit-egalement-livrer-a-san-siro-aujourdhui\/","name":"\"Notre\" entreprise doit \u00e9galement livrer \u00e0 San Siro aujourd'hui | Vie Associative","isPartOf":{"@id":"https:\/\/vieassociative.be\/actualites\/#website"},"primaryImageOfPage":{"@id":"https:\/\/vieassociative.be\/actualites\/notre-entreprise-doit-egalement-livrer-a-san-siro-aujourdhui\/#primaryimage"},"image":{"@id":"https:\/\/vieassociative.be\/actualites\/notre-entreprise-doit-egalement-livrer-a-san-siro-aujourdhui\/#primaryimage"},"thumbnailUrl":"https:\/\/vieassociative.be\/actualites\/wp-content\/uploads\/2025\/04\/1744834714_Notre-entreprise-doit-egalement-livrer-a-San-Siro-aujourdhui.jpg","datePublished":"2025-04-16T20:18:33+00:00","dateModified":"2025-04-16T20:18:33+00:00","breadcrumb":{"@id":"https:\/\/vieassociative.be\/actualites\/notre-entreprise-doit-egalement-livrer-a-san-siro-aujourdhui\/#breadcrumb"},"inLanguage":"fr-BE","potentialAction":[{"@type":"ReadAction","target":["https:\/\/vieassociative.be\/actualites\/notre-entreprise-doit-egalement-livrer-a-san-siro-aujourdhui\/"]}]},{"@type":"ImageObject","inLanguage":"fr-BE","@id":"https:\/\/vieassociative.be\/actualites\/notre-entreprise-doit-egalement-livrer-a-san-siro-aujourdhui\/#primaryimage","url":"https:\/\/vieassociative.be\/actualites\/wp-content\/uploads\/2025\/04\/1744834714_Notre-entreprise-doit-egalement-livrer-a-San-Siro-aujourdhui.jpg","contentUrl":"https:\/\/vieassociative.be\/actualites\/wp-content\/uploads\/2025\/04\/1744834714_Notre-entreprise-doit-egalement-livrer-a-San-Siro-aujourdhui.jpg","width":1200,"height":800,"caption":"\"Notre\" entreprise doit \u00e9galement livrer \u00e0 San Siro aujourd'hui"},{"@type":"BreadcrumbList","@id":"https:\/\/vieassociative.be\/actualites\/notre-entreprise-doit-egalement-livrer-a-san-siro-aujourdhui\/#breadcrumb","itemListElement":[{"@type":"ListItem","position":1,"name":"Accueil","item":"https:\/\/vieassociative.be\/actualites\/"},{"@type":"ListItem","position":2,"name":"\u00ab\u00a0Notre\u00a0\u00bb entreprise doit \u00e9galement livrer \u00e0 San Siro aujourd&rsquo;hui"}]},{"@type":"WebSite","@id":"https:\/\/vieassociative.be\/actualites\/#website","url":"https:\/\/vieassociative.be\/actualites\/","name":"Vie Associative","description":"","publisher":{"@id":"https:\/\/vieassociative.be\/actualites\/#organization"},"potentialAction":[{"@type":"SearchAction","target":{"@type":"EntryPoint","urlTemplate":"https:\/\/vieassociative.be\/actualites\/?s={search_term_string}"},"query-input":{"@type":"PropertyValueSpecification","valueRequired":true,"valueName":"search_term_string"}}],"inLanguage":"fr-BE"},{"@type":"Organization","@id":"https:\/\/vieassociative.be\/actualites\/#organization","name":"Vie Associative","url":"https:\/\/vieassociative.be\/actualites\/","logo":{"@type":"ImageObject","inLanguage":"fr-BE","@id":"https:\/\/vieassociative.be\/actualites\/#\/schema\/logo\/image\/","url":"https:\/\/vieassociative.be\/actualites\/wp-content\/uploads\/2024\/09\/cropped-vieassociative_favicon.ico.png","contentUrl":"https:\/\/vieassociative.be\/actualites\/wp-content\/uploads\/2024\/09\/cropped-vieassociative_favicon.ico.png","width":512,"height":512,"caption":"Vie Associative"},"image":{"@id":"https:\/\/vieassociative.be\/actualites\/#\/schema\/logo\/image\/"}},{"@type":"Person","@id":"https:\/\/vieassociative.be\/actualites\/#\/schema\/person\/b87ac4f82f9d4e7b7cec7395b679edc4","name":"Julien","image":{"@type":"ImageObject","inLanguage":"fr-BE","@id":"https:\/\/vieassociative.be\/actualites\/#\/schema\/person\/image\/","url":"https:\/\/vieassociative.be\/actualites\/wp-content\/uploads\/2024\/09\/vie-associative-1-150x150.jpg","contentUrl":"https:\/\/vieassociative.be\/actualites\/wp-content\/uploads\/2024\/09\/vie-associative-1-150x150.jpg","caption":"Julien"},"description":"Je suis Julien, r\u00e9dacteur pour Vie Associative. Passionn\u00e9 par le monde associatif depuis plus de 10 ans, j'ai \u00e0 c\u0153ur de partager des histoires inspirantes et de mettre en lumi\u00e8re les initiatives locales. Mon objectif est de sensibiliser et d'encourager l'engagement communautaire \u00e0 travers mes articles.","sameAs":["https:\/\/vieassociative.be\/"]}]}},"_links":{"self":[{"href":"https:\/\/vieassociative.be\/actualites\/wp-json\/wp\/v2\/posts\/6777"}],"collection":[{"href":"https:\/\/vieassociative.be\/actualites\/wp-json\/wp\/v2\/posts"}],"about":[{"href":"https:\/\/vieassociative.be\/actualites\/wp-json\/wp\/v2\/types\/post"}],"author":[{"embeddable":true,"href":"https:\/\/vieassociative.be\/actualites\/wp-json\/wp\/v2\/users\/1"}],"replies":[{"embeddable":true,"href":"https:\/\/vieassociative.be\/actualites\/wp-json\/wp\/v2\/comments?post=6777"}],"version-history":[{"count":0,"href":"https:\/\/vieassociative.be\/actualites\/wp-json\/wp\/v2\/posts\/6777\/revisions"}],"wp:featuredmedia":[{"embeddable":true,"href":"https:\/\/vieassociative.be\/actualites\/wp-json\/wp\/v2\/media\/6778"}],"wp:attachment":[{"href":"https:\/\/vieassociative.be\/actualites\/wp-json\/wp\/v2\/media?parent=6777"}],"wp:term":[{"taxonomy":"category","embeddable":true,"href":"https:\/\/vieassociative.be\/actualites\/wp-json\/wp\/v2\/categories?post=6777"},{"taxonomy":"post_tag","embeddable":true,"href":"https:\/\/vieassociative.be\/actualites\/wp-json\/wp\/v2\/tags?post=6777"}],"curies":[{"name":"wp","href":"https:\/\/api.w.org\/{rel}","templated":true}]}}