{"id":6775,"date":"2025-04-16T21:17:39","date_gmt":"2025-04-16T19:17:39","guid":{"rendered":"https:\/\/vieassociative.be\/actualites\/arbee-est-le-remplacement-du-barman-que-je-cherchais\/"},"modified":"2025-04-16T21:17:39","modified_gmt":"2025-04-16T19:17:39","slug":"arbee-est-le-remplacement-du-barman-que-je-cherchais","status":"publish","type":"post","link":"https:\/\/vieassociative.be\/actualites\/arbee-est-le-remplacement-du-barman-que-je-cherchais\/","title":{"rendered":"Arbee est le remplacement du barman que je cherchais"},"content":{"rendered":"<div class=\"mt-4 leading-6 md:mb-8\">Nettoyez l&rsquo;encombrement dans la barre de menu de votre Mac.<\/div>\n<p><\/p>\n<p>En tant que personne dont le travail consiste \u00e0 tester et \u00e0 \u00e9crire sur les applications Mac, une barre de menu bond\u00e9e est un danger professionnel. Jusqu&rsquo;\u00e0 son changement de propri\u00e9t\u00e9 l&rsquo;ann\u00e9e derni\u00e8re, ma recommandation de choix pour ranger votre barre de menu \u00e9tait barman. Mais une fois qu&rsquo;il est devenu clair que nous ne savons pas vraiment qui poss\u00e8de Bartender maintenant, j&rsquo;ai essay\u00e9 quelques alternatives, et aucune d&rsquo;entre elles n&rsquo;avait toutes les fonctionnalit\u00e9s que je cherchais. Donc, j&rsquo;ai abandonn\u00e9 les gestionnaires de barres de menu jusqu&rsquo;\u00e0 r\u00e9cemment, lorsque les applications de ma barre de menu ont commenc\u00e9 \u00e0 s&rsquo;\u00e9tendre plus de la moiti\u00e9 de mon \u00e9cran et que j&rsquo;avais du mal \u00e0 localiser la application que je cherchais. <\/p>\n<p>C&rsquo;est \u00e0 ce moment-l\u00e0 que j&rsquo;ai d\u00e9couvert Barbee, un puissant gestionnaire de barre de menu pour Mac. Il peut tout faire, de cacher des ic\u00f4nes de barre de menu inutiles \u00e0 la personnalisation de la forme de votre barre de menu et m\u00eame de l&rsquo;apparence du logo Apple dans le coin sup\u00e9rieur gauche de votre \u00e9cran.<\/p>\n<p>L&rsquo;application est un t\u00e9l\u00e9chargement gratuit et est livr\u00e9 avec un essai gratuit de trois jours pour que vous puissiez essayer toutes ses fonctionnalit\u00e9s. Notez que vous ne serez m\u00eame pas factur\u00e9 automatiquement \u00e0 la fin de l&rsquo;essai. Vous perdrez simplement l&rsquo;acc\u00e8s aux fonctionnalit\u00e9s de l&rsquo;application, et vous pouvez ensuite payer 7 $ pour un d\u00e9verrouillage unique ou choisir les frais d&rsquo;abonnement annuels de 3 $. Cela vous permet d&rsquo;essayer Barbee sans pression pour voir si cela fonctionne pour vous.<\/p>\n<p>Barbee n\u00e9cessite l&rsquo;accessibilit\u00e9 et les autorisations d&rsquo;enregistrement d&rsquo;\u00e9cran pour vous permettre d&rsquo;utiliser toutes ses fonctionnalit\u00e9s. Ces autorisations permettent \u00e0 l&rsquo;application d&rsquo;afficher diff\u00e9rentes dispositions de barres de menu et de vous permettre de configurer et d&rsquo;ex\u00e9cuter des automatisations, ce qui est une fonctionnalit\u00e9 inestimable pour moi. Cependant, si vous \u00eates inquiet, sachez que l&rsquo;application est en bac \u00e0 sable, il est donc limit\u00e9 dans la quantit\u00e9 de ses donn\u00e9es \u00e0 laquelle il peut acc\u00e9der via ces autorisations.<\/p>\n<h2 id=\"changing-menu-bar-layouts-in-barbee\">Modification des dispositions de barre de menu dans Barbee<\/h2>\n<div class=\"eloquent-imagery-image\">\n<div class=\"flex justify-center\">\n                    <img decoding=\"async\" class=\"border border-gray-100\" src=\"https:\/\/vieassociative.be\/actualites\/wp-content\/uploads\/2025\/04\/Arbee-est-le-remplacement-du-barman-que-je-cherchais.jpg\" alt=\"Modes de barre de menu (normal et avanc\u00e9) dans Barbee pour Mac.\" width=\"2000\" height=\"1124\" loading=\"lazy\"  >\n            <\/div>\n<\/p><\/div>\n<p>Le <strong>Disposition de la barre de menu<\/strong> La page des param\u00e8tres est votre meilleur endroit pour commencer \u00e0 Barbee, car c&rsquo;est l\u00e0 que vous organisez r\u00e9ellement lesquelles de vos ic\u00f4nes de barre de menu sont cach\u00e9es. Ici, vous pouvez choisir les applications que vous souhaitez toujours voir, telles que les applications de surveillance des calendriers ou des performances, tout en d\u00e9pla\u00e7ant le reste vers la section cach\u00e9e. Il y a aussi une section \u00ab\u00a0toujours cach\u00e9e\u00a0\u00bb, ce qui est id\u00e9al pour les applications qui ne peuvent pas fonctionner si elles ne sont pas dans la barre de menu. Dans mon cas, l&rsquo;une d&rsquo;entre elles est d\u00e9bouch\u00e9e, ce qui mue le micro du Mac lorsque je tape. J&rsquo;ai besoin d&rsquo;ex\u00e9cuter cette application tout le temps, mais je ne veux jamais voir son ic\u00f4ne de barre de menu. La diff\u00e9rence? Vous pouvez r\u00e9v\u00e9ler temporairement des ic\u00f4nes cach\u00e9es en cas de besoin, mais pas toujours cach\u00e9es.<\/p>\n<p>Cette application propose \u00e9galement de nombreux ajustements disponibles dans son menu Param\u00e8tres, et je recommande fortement de les parcourir pour en tirer le meilleur parti. Sous <strong>Param\u00e8tres de Barbee> G\u00e9n\u00e9ral> Mode<\/strong>par exemple, vous pouvez choisir entre <strong>Mode normal<\/strong> et <strong>Mode am\u00e9lior\u00e9<\/strong>. En mode normal, lorsque vous r\u00e9v\u00e9lez les ic\u00f4nes cach\u00e9es, l&rsquo;application les affiche dans la barre de menu, juste \u00e0 c\u00f4t\u00e9 des ic\u00f4nes visibles. Mais le mode am\u00e9lior\u00e9 les affiche \u00e0 la place dans un petit menu flottant. Pour ceux qui ont beaucoup d&rsquo;ic\u00f4nes de barre de menu (\u00e0 peu pr\u00e8s tout le public cible pour ce type d&rsquo;application), c&rsquo;est une fonctionnalit\u00e9 excellente.<\/p>\n<div class=\"pogoClear relative my-10 border-b-(1.5px) border-t-(1.5px) border-dashed border-black py-5 sm:my-14 sm:border-0 sm:py-0\" x-cloak x-data=\"{ commentsCount: null }\" x-init=\"commentsCount = await window.openweb.getMessagesCount(01JRZRC032FCAX1CRA53SSTZSX)\" x-show=\"commentsCount !== null &amp;&amp; commentsCount &gt; 0\">\n<div class=\"absolute top-1\/2 hidden w-full -translate-y-1\/2 border-t-(1.5px) border-dashed border-black sm:block\"><\/div>\n<div class=\"relative flex justify-center\">\n<div class=\"flex max-w-max items-center gap-x-3 bg-white px-5\">\n<div class=\"relative\">\n                <span class=\"absolute left-1\/2 top-1\/2 -translate-x-1\/2 -translate-y-1\/2 font-akshar text-sm font-medium text-black\" x-text=\"commentsCount\"><\/span><\/p>\n<p>                <svg class=\"h-8 w-8 text-black\">\n                    <use href=\"http:\/\/lifehacker.com\/images\/icons\/spritemap.svg#sprite-chat-bubble\"><\/use>\n                <\/svg>\n            <\/div>\n<p>            <span class=\"text-sm font-medium text-black\">Que pensez-vous jusqu&rsquo;\u00e0 pr\u00e9sent? <button class=\"font-semibold text-brand-green underline hover:text-brand-green-700\" onclick=\"window.openweb.scrollToComments(01JRZRC032FCAX1CRA53SSTZSX)\">Publier un commentaire.<\/button><\/span>\n        <\/div>\n<\/p><\/div>\n<\/div>\n<p>Vous pouvez \u00e9galement personnaliser l&rsquo;aspect et la sensation de la barre de menu dans le <strong>Apparence du bar de menu<\/strong> section. Cela vous permet de modifier la forme de la barre de menu, et vous pouvez choisir si vous voulez qu&rsquo;il ait des coins arrondis, une teinte diff\u00e9rente, et m\u00eame si vous souhaitez utiliser une disposition s\u00e9par\u00e9e o\u00f9 les menus d&rsquo;applications apparaissent dans une barre de menu s\u00e9par\u00e9e \u00e0 gauche. Je pr\u00e9f\u00e8re un look plus unifi\u00e9, donc ce n&rsquo;est pas pour moi, mais je n&rsquo;ai pas pu r\u00e9sister \u00e0 changer le logo Apple en la variante arc-en-ciel classique, qui est peut-\u00eatre l&rsquo;une de mes fonctionnalit\u00e9s de Barbee pr\u00e9f\u00e9r\u00e9es.<\/p>\n<h2 id=\"automation-and-other-options\">Automatisation et autres options<\/h2>\n<div class=\"eloquent-imagery-image\">\n<div class=\"flex justify-center\">\n                    <img decoding=\"async\" class=\"border border-gray-100\" src=\"https:\/\/vieassociative.be\/actualites\/wp-content\/uploads\/2025\/04\/1744831059_260_Arbee-est-le-remplacement-du-barman-que-je-cherchais.jpg\" alt=\"Diff\u00e9rentes dispositions de barre de menu dans Barbee pour Mac.\" width=\"2000\" height=\"1125\" loading=\"lazy\"  >\n            <\/div>\n<\/p><\/div>\n<p>Barbee a \u00e9galement une section d&rsquo;automatisation qui vous permet d&rsquo;afficher ou de masquer certaines ic\u00f4nes de barre de menu en fonction des d\u00e9clencheurs. L&rsquo;exemple le plus simple est le widget de la batterie, que je ne veux vraiment voir que lorsque la batterie est faible. Alors, je suis all\u00e9 \u00e0 <strong>Param\u00e8tres de Barbee> Automation<\/strong> et a rapidement ajout\u00e9 une nouvelle automatisation pour y arriver. Vous pouvez configurer des d\u00e9clencheurs similaires avec \u00e0 peu pr\u00e8s chaque ic\u00f4ne de la barre de menu, alors n&rsquo;h\u00e9sitez pas \u00e0 le configurer en fonction de vos besoins. <\/p>\n<p>J&rsquo;ai \u00e9galement ajout\u00e9 un raccourci clavier personnalis\u00e9 pour voir les \u00e9l\u00e9ments de menu cach\u00e9s, ce qui acc\u00e9l\u00e8re un peu mon flux de travail. Vous pouvez le faire en allant au <strong>Raccourcis<\/strong> Section dans les param\u00e8tres de l&rsquo;application. Le <strong>G\u00e9n\u00e9ral<\/strong> La page des param\u00e8tres a \u00e9galement de nombreuses autres options utiles. Assurez-vous d&rsquo;activer le lancement \u00e0 Connexion pour faire allumer l&rsquo;application chaque fois que vous utilisez votre Mac, ainsi que l&rsquo;option de dur\u00e9e de vie de la batterie pour vous assurer que Barbee ne consomme pas une quantit\u00e9 d\u00e9mesur\u00e9e de puissance. Il existe \u00e9galement des fonctionnalit\u00e9s de niche, mais des fonctionnalit\u00e9s utiles de cette page, comme la possibilit\u00e9 d&rsquo;afficher toutes les ic\u00f4nes de la barre de menu lorsque vous utilisez un affichage externe. C&rsquo;est bien \u00e0 avoir, car l&rsquo;\u00e9cran de mon MacBook Air a un bien immobilier limit\u00e9, mais lorsque je le branche \u00e0 mon moniteur ultra-r\u00e9alit\u00e9, je n&rsquo;ai pas besoin de masquer les ic\u00f4nes de la barre de menu. <\/p>\n","protected":false},"excerpt":{"rendered":"<p>Nettoyez l&rsquo;encombrement dans la barre de menu de votre Mac. En tant que personne dont le travail consiste \u00e0 tester et \u00e0 \u00e9crire sur les<\/p>\n","protected":false},"author":1,"featured_media":6776,"comment_status":"","ping_status":"","sticky":false,"template":"","format":"standard","meta":{"footnotes":""},"categories":[13],"tags":[6441,6443,6444,76,6442],"class_list":["post-6775","post","type-post","status-publish","format-standard","has-post-thumbnail","hentry","category-technologie","tag-arbee","tag-barman","tag-cherchais","tag-est","tag-remplacement","generate-columns","tablet-grid-50","mobile-grid-100","grid-parent","grid-33"],"yoast_head":"<!-- This site is optimized with the Yoast SEO plugin v24.0 - https:\/\/yoast.com\/wordpress\/plugins\/seo\/ -->\n<title>Arbee est le remplacement du barman que je cherchais | Vie Associative<\/title>\n<meta name=\"robots\" content=\"index, follow, max-snippet:-1, max-image-preview:large, max-video-preview:-1\" \/>\n<link rel=\"canonical\" href=\"https:\/\/vieassociative.be\/actualites\/arbee-est-le-remplacement-du-barman-que-je-cherchais\/\" \/>\n<meta property=\"og:locale\" content=\"fr_FR\" \/>\n<meta property=\"og:type\" content=\"article\" \/>\n<meta property=\"og:title\" content=\"Arbee est le remplacement du barman que je cherchais | Vie Associative\" \/>\n<meta property=\"og:description\" content=\"Nettoyez l&rsquo;encombrement dans la barre de menu de votre Mac. En tant que personne dont le travail consiste \u00e0 tester et \u00e0 \u00e9crire sur les\" \/>\n<meta property=\"og:url\" content=\"https:\/\/vieassociative.be\/actualites\/arbee-est-le-remplacement-du-barman-que-je-cherchais\/\" \/>\n<meta property=\"og:site_name\" content=\"Vie Associative\" \/>\n<meta property=\"article:published_time\" content=\"2025-04-16T19:17:39+00:00\" \/>\n<meta property=\"og:image\" content=\"https:\/\/vieassociative.be\/actualites\/wp-content\/uploads\/2025\/04\/Arbee-est-le-remplacement-du-barman-que-je-cherchais.jpg\" \/>\n<meta name=\"author\" content=\"Julien\" \/>\n<meta name=\"twitter:card\" content=\"summary_large_image\" \/>\n<meta name=\"twitter:label1\" content=\"\u00c9crit par\" \/>\n\t<meta name=\"twitter:data1\" content=\"Julien\" \/>\n\t<meta name=\"twitter:label2\" content=\"Dur\u00e9e de lecture est.\" \/>\n\t<meta name=\"twitter:data2\" content=\"5 minutes\" \/>\n<script type=\"application\/ld+json\" class=\"yoast-schema-graph\">{\"@context\":\"https:\/\/schema.org\",\"@graph\":[{\"@type\":\"Article\",\"@id\":\"https:\/\/vieassociative.be\/actualites\/arbee-est-le-remplacement-du-barman-que-je-cherchais\/#article\",\"isPartOf\":{\"@id\":\"https:\/\/vieassociative.be\/actualites\/arbee-est-le-remplacement-du-barman-que-je-cherchais\/\"},\"author\":{\"name\":\"Julien\",\"@id\":\"https:\/\/vieassociative.be\/actualites\/#\/schema\/person\/b87ac4f82f9d4e7b7cec7395b679edc4\"},\"headline\":\"Arbee est le remplacement du barman que je cherchais\",\"datePublished\":\"2025-04-16T19:17:39+00:00\",\"dateModified\":\"2025-04-16T19:17:39+00:00\",\"mainEntityOfPage\":{\"@id\":\"https:\/\/vieassociative.be\/actualites\/arbee-est-le-remplacement-du-barman-que-je-cherchais\/\"},\"wordCount\":1106,\"publisher\":{\"@id\":\"https:\/\/vieassociative.be\/actualites\/#organization\"},\"image\":{\"@id\":\"https:\/\/vieassociative.be\/actualites\/arbee-est-le-remplacement-du-barman-que-je-cherchais\/#primaryimage\"},\"thumbnailUrl\":\"https:\/\/vieassociative.be\/actualites\/wp-content\/uploads\/2025\/04\/1744831060_Arbee-est-le-remplacement-du-barman-que-je-cherchais.jpg\",\"keywords\":[\"Arbee\",\"barman\",\"cherchais\",\"est\",\"remplacement\"],\"articleSection\":[\"Technologie\"],\"inLanguage\":\"fr-BE\"},{\"@type\":\"WebPage\",\"@id\":\"https:\/\/vieassociative.be\/actualites\/arbee-est-le-remplacement-du-barman-que-je-cherchais\/\",\"url\":\"https:\/\/vieassociative.be\/actualites\/arbee-est-le-remplacement-du-barman-que-je-cherchais\/\",\"name\":\"Arbee est le remplacement du barman que je cherchais | Vie Associative\",\"isPartOf\":{\"@id\":\"https:\/\/vieassociative.be\/actualites\/#website\"},\"primaryImageOfPage\":{\"@id\":\"https:\/\/vieassociative.be\/actualites\/arbee-est-le-remplacement-du-barman-que-je-cherchais\/#primaryimage\"},\"image\":{\"@id\":\"https:\/\/vieassociative.be\/actualites\/arbee-est-le-remplacement-du-barman-que-je-cherchais\/#primaryimage\"},\"thumbnailUrl\":\"https:\/\/vieassociative.be\/actualites\/wp-content\/uploads\/2025\/04\/1744831060_Arbee-est-le-remplacement-du-barman-que-je-cherchais.jpg\",\"datePublished\":\"2025-04-16T19:17:39+00:00\",\"dateModified\":\"2025-04-16T19:17:39+00:00\",\"breadcrumb\":{\"@id\":\"https:\/\/vieassociative.be\/actualites\/arbee-est-le-remplacement-du-barman-que-je-cherchais\/#breadcrumb\"},\"inLanguage\":\"fr-BE\",\"potentialAction\":[{\"@type\":\"ReadAction\",\"target\":[\"https:\/\/vieassociative.be\/actualites\/arbee-est-le-remplacement-du-barman-que-je-cherchais\/\"]}]},{\"@type\":\"ImageObject\",\"inLanguage\":\"fr-BE\",\"@id\":\"https:\/\/vieassociative.be\/actualites\/arbee-est-le-remplacement-du-barman-que-je-cherchais\/#primaryimage\",\"url\":\"https:\/\/vieassociative.be\/actualites\/wp-content\/uploads\/2025\/04\/1744831060_Arbee-est-le-remplacement-du-barman-que-je-cherchais.jpg\",\"contentUrl\":\"https:\/\/vieassociative.be\/actualites\/wp-content\/uploads\/2025\/04\/1744831060_Arbee-est-le-remplacement-du-barman-que-je-cherchais.jpg\",\"width\":1200,\"height\":675,\"caption\":\"Arbee est le remplacement du barman que je cherchais\"},{\"@type\":\"BreadcrumbList\",\"@id\":\"https:\/\/vieassociative.be\/actualites\/arbee-est-le-remplacement-du-barman-que-je-cherchais\/#breadcrumb\",\"itemListElement\":[{\"@type\":\"ListItem\",\"position\":1,\"name\":\"Accueil\",\"item\":\"https:\/\/vieassociative.be\/actualites\/\"},{\"@type\":\"ListItem\",\"position\":2,\"name\":\"Arbee est le remplacement du barman que je cherchais\"}]},{\"@type\":\"WebSite\",\"@id\":\"https:\/\/vieassociative.be\/actualites\/#website\",\"url\":\"https:\/\/vieassociative.be\/actualites\/\",\"name\":\"Vie Associative\",\"description\":\"\",\"publisher\":{\"@id\":\"https:\/\/vieassociative.be\/actualites\/#organization\"},\"potentialAction\":[{\"@type\":\"SearchAction\",\"target\":{\"@type\":\"EntryPoint\",\"urlTemplate\":\"https:\/\/vieassociative.be\/actualites\/?s={search_term_string}\"},\"query-input\":{\"@type\":\"PropertyValueSpecification\",\"valueRequired\":true,\"valueName\":\"search_term_string\"}}],\"inLanguage\":\"fr-BE\"},{\"@type\":\"Organization\",\"@id\":\"https:\/\/vieassociative.be\/actualites\/#organization\",\"name\":\"Vie Associative\",\"url\":\"https:\/\/vieassociative.be\/actualites\/\",\"logo\":{\"@type\":\"ImageObject\",\"inLanguage\":\"fr-BE\",\"@id\":\"https:\/\/vieassociative.be\/actualites\/#\/schema\/logo\/image\/\",\"url\":\"https:\/\/vieassociative.be\/actualites\/wp-content\/uploads\/2024\/09\/cropped-vieassociative_favicon.ico.png\",\"contentUrl\":\"https:\/\/vieassociative.be\/actualites\/wp-content\/uploads\/2024\/09\/cropped-vieassociative_favicon.ico.png\",\"width\":512,\"height\":512,\"caption\":\"Vie Associative\"},\"image\":{\"@id\":\"https:\/\/vieassociative.be\/actualites\/#\/schema\/logo\/image\/\"}},{\"@type\":\"Person\",\"@id\":\"https:\/\/vieassociative.be\/actualites\/#\/schema\/person\/b87ac4f82f9d4e7b7cec7395b679edc4\",\"name\":\"Julien\",\"image\":{\"@type\":\"ImageObject\",\"inLanguage\":\"fr-BE\",\"@id\":\"https:\/\/vieassociative.be\/actualites\/#\/schema\/person\/image\/\",\"url\":\"https:\/\/vieassociative.be\/actualites\/wp-content\/uploads\/2024\/09\/vie-associative-1-150x150.jpg\",\"contentUrl\":\"https:\/\/vieassociative.be\/actualites\/wp-content\/uploads\/2024\/09\/vie-associative-1-150x150.jpg\",\"caption\":\"Julien\"},\"description\":\"Je suis Julien, r\u00e9dacteur pour Vie Associative. Passionn\u00e9 par le monde associatif depuis plus de 10 ans, j'ai \u00e0 c\u0153ur de partager des histoires inspirantes et de mettre en lumi\u00e8re les initiatives locales. Mon objectif est de sensibiliser et d'encourager l'engagement communautaire \u00e0 travers mes articles.\",\"sameAs\":[\"https:\/\/vieassociative.be\/\"]}]}<\/script>\n<!-- \/ Yoast SEO plugin. -->","yoast_head_json":{"title":"Arbee est le remplacement du barman que je cherchais | Vie Associative","robots":{"index":"index","follow":"follow","max-snippet":"max-snippet:-1","max-image-preview":"max-image-preview:large","max-video-preview":"max-video-preview:-1"},"canonical":"https:\/\/vieassociative.be\/actualites\/arbee-est-le-remplacement-du-barman-que-je-cherchais\/","og_locale":"fr_FR","og_type":"article","og_title":"Arbee est le remplacement du barman que je cherchais | Vie Associative","og_description":"Nettoyez l&rsquo;encombrement dans la barre de menu de votre Mac. En tant que personne dont le travail consiste \u00e0 tester et \u00e0 \u00e9crire sur les","og_url":"https:\/\/vieassociative.be\/actualites\/arbee-est-le-remplacement-du-barman-que-je-cherchais\/","og_site_name":"Vie Associative","article_published_time":"2025-04-16T19:17:39+00:00","og_image":[{"url":"https:\/\/vieassociative.be\/actualites\/wp-content\/uploads\/2025\/04\/Arbee-est-le-remplacement-du-barman-que-je-cherchais.jpg","type":"","width":"","height":""}],"author":"Julien","twitter_card":"summary_large_image","twitter_misc":{"\u00c9crit par":"Julien","Dur\u00e9e de lecture est.":"5 minutes"},"schema":{"@context":"https:\/\/schema.org","@graph":[{"@type":"Article","@id":"https:\/\/vieassociative.be\/actualites\/arbee-est-le-remplacement-du-barman-que-je-cherchais\/#article","isPartOf":{"@id":"https:\/\/vieassociative.be\/actualites\/arbee-est-le-remplacement-du-barman-que-je-cherchais\/"},"author":{"name":"Julien","@id":"https:\/\/vieassociative.be\/actualites\/#\/schema\/person\/b87ac4f82f9d4e7b7cec7395b679edc4"},"headline":"Arbee est le remplacement du barman que je cherchais","datePublished":"2025-04-16T19:17:39+00:00","dateModified":"2025-04-16T19:17:39+00:00","mainEntityOfPage":{"@id":"https:\/\/vieassociative.be\/actualites\/arbee-est-le-remplacement-du-barman-que-je-cherchais\/"},"wordCount":1106,"publisher":{"@id":"https:\/\/vieassociative.be\/actualites\/#organization"},"image":{"@id":"https:\/\/vieassociative.be\/actualites\/arbee-est-le-remplacement-du-barman-que-je-cherchais\/#primaryimage"},"thumbnailUrl":"https:\/\/vieassociative.be\/actualites\/wp-content\/uploads\/2025\/04\/1744831060_Arbee-est-le-remplacement-du-barman-que-je-cherchais.jpg","keywords":["Arbee","barman","cherchais","est","remplacement"],"articleSection":["Technologie"],"inLanguage":"fr-BE"},{"@type":"WebPage","@id":"https:\/\/vieassociative.be\/actualites\/arbee-est-le-remplacement-du-barman-que-je-cherchais\/","url":"https:\/\/vieassociative.be\/actualites\/arbee-est-le-remplacement-du-barman-que-je-cherchais\/","name":"Arbee est le remplacement du barman que je cherchais | Vie Associative","isPartOf":{"@id":"https:\/\/vieassociative.be\/actualites\/#website"},"primaryImageOfPage":{"@id":"https:\/\/vieassociative.be\/actualites\/arbee-est-le-remplacement-du-barman-que-je-cherchais\/#primaryimage"},"image":{"@id":"https:\/\/vieassociative.be\/actualites\/arbee-est-le-remplacement-du-barman-que-je-cherchais\/#primaryimage"},"thumbnailUrl":"https:\/\/vieassociative.be\/actualites\/wp-content\/uploads\/2025\/04\/1744831060_Arbee-est-le-remplacement-du-barman-que-je-cherchais.jpg","datePublished":"2025-04-16T19:17:39+00:00","dateModified":"2025-04-16T19:17:39+00:00","breadcrumb":{"@id":"https:\/\/vieassociative.be\/actualites\/arbee-est-le-remplacement-du-barman-que-je-cherchais\/#breadcrumb"},"inLanguage":"fr-BE","potentialAction":[{"@type":"ReadAction","target":["https:\/\/vieassociative.be\/actualites\/arbee-est-le-remplacement-du-barman-que-je-cherchais\/"]}]},{"@type":"ImageObject","inLanguage":"fr-BE","@id":"https:\/\/vieassociative.be\/actualites\/arbee-est-le-remplacement-du-barman-que-je-cherchais\/#primaryimage","url":"https:\/\/vieassociative.be\/actualites\/wp-content\/uploads\/2025\/04\/1744831060_Arbee-est-le-remplacement-du-barman-que-je-cherchais.jpg","contentUrl":"https:\/\/vieassociative.be\/actualites\/wp-content\/uploads\/2025\/04\/1744831060_Arbee-est-le-remplacement-du-barman-que-je-cherchais.jpg","width":1200,"height":675,"caption":"Arbee est le remplacement du barman que je cherchais"},{"@type":"BreadcrumbList","@id":"https:\/\/vieassociative.be\/actualites\/arbee-est-le-remplacement-du-barman-que-je-cherchais\/#breadcrumb","itemListElement":[{"@type":"ListItem","position":1,"name":"Accueil","item":"https:\/\/vieassociative.be\/actualites\/"},{"@type":"ListItem","position":2,"name":"Arbee est le remplacement du barman que je cherchais"}]},{"@type":"WebSite","@id":"https:\/\/vieassociative.be\/actualites\/#website","url":"https:\/\/vieassociative.be\/actualites\/","name":"Vie Associative","description":"","publisher":{"@id":"https:\/\/vieassociative.be\/actualites\/#organization"},"potentialAction":[{"@type":"SearchAction","target":{"@type":"EntryPoint","urlTemplate":"https:\/\/vieassociative.be\/actualites\/?s={search_term_string}"},"query-input":{"@type":"PropertyValueSpecification","valueRequired":true,"valueName":"search_term_string"}}],"inLanguage":"fr-BE"},{"@type":"Organization","@id":"https:\/\/vieassociative.be\/actualites\/#organization","name":"Vie Associative","url":"https:\/\/vieassociative.be\/actualites\/","logo":{"@type":"ImageObject","inLanguage":"fr-BE","@id":"https:\/\/vieassociative.be\/actualites\/#\/schema\/logo\/image\/","url":"https:\/\/vieassociative.be\/actualites\/wp-content\/uploads\/2024\/09\/cropped-vieassociative_favicon.ico.png","contentUrl":"https:\/\/vieassociative.be\/actualites\/wp-content\/uploads\/2024\/09\/cropped-vieassociative_favicon.ico.png","width":512,"height":512,"caption":"Vie Associative"},"image":{"@id":"https:\/\/vieassociative.be\/actualites\/#\/schema\/logo\/image\/"}},{"@type":"Person","@id":"https:\/\/vieassociative.be\/actualites\/#\/schema\/person\/b87ac4f82f9d4e7b7cec7395b679edc4","name":"Julien","image":{"@type":"ImageObject","inLanguage":"fr-BE","@id":"https:\/\/vieassociative.be\/actualites\/#\/schema\/person\/image\/","url":"https:\/\/vieassociative.be\/actualites\/wp-content\/uploads\/2024\/09\/vie-associative-1-150x150.jpg","contentUrl":"https:\/\/vieassociative.be\/actualites\/wp-content\/uploads\/2024\/09\/vie-associative-1-150x150.jpg","caption":"Julien"},"description":"Je suis Julien, r\u00e9dacteur pour Vie Associative. Passionn\u00e9 par le monde associatif depuis plus de 10 ans, j'ai \u00e0 c\u0153ur de partager des histoires inspirantes et de mettre en lumi\u00e8re les initiatives locales. Mon objectif est de sensibiliser et d'encourager l'engagement communautaire \u00e0 travers mes articles.","sameAs":["https:\/\/vieassociative.be\/"]}]}},"_links":{"self":[{"href":"https:\/\/vieassociative.be\/actualites\/wp-json\/wp\/v2\/posts\/6775"}],"collection":[{"href":"https:\/\/vieassociative.be\/actualites\/wp-json\/wp\/v2\/posts"}],"about":[{"href":"https:\/\/vieassociative.be\/actualites\/wp-json\/wp\/v2\/types\/post"}],"author":[{"embeddable":true,"href":"https:\/\/vieassociative.be\/actualites\/wp-json\/wp\/v2\/users\/1"}],"replies":[{"embeddable":true,"href":"https:\/\/vieassociative.be\/actualites\/wp-json\/wp\/v2\/comments?post=6775"}],"version-history":[{"count":0,"href":"https:\/\/vieassociative.be\/actualites\/wp-json\/wp\/v2\/posts\/6775\/revisions"}],"wp:featuredmedia":[{"embeddable":true,"href":"https:\/\/vieassociative.be\/actualites\/wp-json\/wp\/v2\/media\/6776"}],"wp:attachment":[{"href":"https:\/\/vieassociative.be\/actualites\/wp-json\/wp\/v2\/media?parent=6775"}],"wp:term":[{"taxonomy":"category","embeddable":true,"href":"https:\/\/vieassociative.be\/actualites\/wp-json\/wp\/v2\/categories?post=6775"},{"taxonomy":"post_tag","embeddable":true,"href":"https:\/\/vieassociative.be\/actualites\/wp-json\/wp\/v2\/tags?post=6775"}],"curies":[{"name":"wp","href":"https:\/\/api.w.org\/{rel}","templated":true}]}}