{"id":6771,"date":"2025-04-16T16:17:27","date_gmt":"2025-04-16T14:17:27","guid":{"rendered":"https:\/\/vieassociative.be\/actualites\/generation-rauchfrei-commence-dans-la-dg-signes-pour-les-zones-sans-fumee-placees-dans-la-municipalite-de-raeren\/"},"modified":"2025-04-16T16:17:27","modified_gmt":"2025-04-16T14:17:27","slug":"generation-rauchfrei-commence-dans-la-dg-signes-pour-les-zones-sans-fumee-placees-dans-la-municipalite-de-raeren","status":"publish","type":"post","link":"https:\/\/vieassociative.be\/actualites\/generation-rauchfrei-commence-dans-la-dg-signes-pour-les-zones-sans-fumee-placees-dans-la-municipalite-de-raeren\/","title":{"rendered":"\u00ab\u00a0Generation Rauchfrei\u00a0\u00bb commence dans la DG &#8211; Signes pour les zones sans fum\u00e9e plac\u00e9es dans la municipalit\u00e9 de Raeren"},"content":{"rendered":"<p><strong>Avec le placement officiel des premiers signes \u00e0 Raeren, la campagne \u00abGeneration Rauchfrei\u00bb commence maintenant \u00e9galement dans la DG. L&rsquo;initiative poursuit l&rsquo;objectif de cr\u00e9er des environnements sans fum\u00e9e pour les enfants et les adolescents &#8211; en particulier dans des endroits tels que des terrains de jeux, des cours scolaires ou des installations sportives. La municipalit\u00e9 de Raeren agit comme une communaut\u00e9 pilote.<\/strong><\/p>\n<p><span id=\"more-413507\"><\/span>La communaut\u00e9 de la poterie met ainsi un signe visible de la protection des plus jeunes membres de notre communaut\u00e9. \u00ab\u00a0Generation Rauchfrei\u00a0\u00bb est une sensibilisation largement cr\u00e9\u00e9e \u00e0 la conscience qui a \u00e9t\u00e9 cr\u00e9\u00e9e en Flandre et est d\u00e9sormais ancr\u00e9e \u00e0 la fois dans la strat\u00e9gie d&rsquo;interd\u00e9d\u00e9ration pour les actionnaires sans fum\u00e9e. Elle veut grandir que tous les enfants n\u00e9s en 2019 grandiront dans une soci\u00e9t\u00e9 dans laquelle le tabagisme n&rsquo;appartient plus \u00e0 la norme sociale.<\/p>\n<div id=\"attachment_413516\" class=\"wp-caption alignleft\" style=\"max-width: 300px\"><img fetchpriority=\"high\" decoding=\"async\" class=\"wp-image-413516 size-medium\" src=\"https:\/\/vieassociative.be\/actualites\/wp-content\/uploads\/2025\/04\/Generation-Rauchfrei-commence-dans-la-DG-Signes-pour-les.jpg\" alt=\"\" width=\"300\" height=\"201\"  ><\/p>\n<p class=\"wp-caption-text\">Un signe avec l&rsquo;inscription \u00ab\u00a0Ici je joue \u00e0 la fum\u00e9e\u00a0\u00bb. Photo: Patrick von Staufenberg<\/p>\n<\/div>\n<p>Tom Simon, juge profane de la municipalit\u00e9 de Raeren, souligne: \u00ab\u00a0En tant que communaut\u00e9, il est tr\u00e8s important pour nous de prendre conscience.<\/p>\n<p>Dans la DG, la campagne est mise en \u0153uvre par le groupe de travail pour la pr\u00e9vention de la toxicomanie et la support de vie (ASL) en coop\u00e9ration avec le service de sant\u00e9. Le gouvernement DG a repris le financement des documents de campagne avec une contribution d&rsquo;environ 9 190 euros.<\/p>\n<p>Un total de 96 panneaux de signalisation et neuf mod\u00e8les de marquage au sol r\u00e9utilisables ont \u00e9t\u00e9 achet\u00e9s pour \u00e9quiper les municipalit\u00e9s d&rsquo;un ensemble de d\u00e9marrage.<\/p>\n<div id=\"attachment_413526\" class=\"wp-caption alignleft\" style=\"max-width: 300px\"><img decoding=\"async\" class=\"wp-image-413526 size-medium\" src=\"https:\/\/vieassociative.be\/actualites\/wp-content\/uploads\/2025\/04\/1744813047_151_Generation-Rauchfrei-commence-dans-la-DG-Signes-pour-les.jpg\" alt=\"\" width=\"300\" height=\"200\"  ><\/p>\n<p class=\"wp-caption-text\">Un mod\u00e8le de marquage au sol r\u00e9utilisable. Photo: Patrick von Staufenberg<\/p>\n<\/div>\n<p>Les panneaux portent des inscriptions telles que \u00ab\u00a0Ici je joue \u00e0 la fum\u00e9e\u00a0\u00bb ou \u00ab\u00a0Bienvenue dans cette zone sans fum\u00e9e\u00a0\u00bb. Carolin Scheliga, directrice g\u00e9n\u00e9rale de l&rsquo;ASL, explique: \u00ab\u00a0Il ne s&rsquo;agit pas de r\u00e9pression ou de punition, mais d&rsquo;un appel conscient: celui qui fume ici non seulement viole une loi, mais met \u00e9galement en danger un mod\u00e8le sain pour les petits.\u00a0\u00bb<\/p>\n<p>L&rsquo;initiative appelle tous les citoyens, clubs et organisations \u00e0 faire campagne pour des environnements sans fum\u00e9e. Le mat\u00e9riel de campagne num\u00e9rique est disponible gratuitement sur le site Web. Un mat\u00e9riel suppl\u00e9mentaire peut \u00e9galement y \u00eatre command\u00e9.<\/p>\n<p>Le ministre de la Sant\u00e9 Lydia Klinkenberg (ProDG) souligne: \u00ab\u00a0Le fait que ce projet est maintenant \u00e9galement mis en \u0153uvre dans la DG est une \u00e9tape importante pour la protection de la sant\u00e9 dans la r\u00e9gion. Parce que chaque mesure visible aide \u00e0 ancrer le sujet dans la perception du public &#8211; et donc \u00e0 faire un changement dans la r\u00e9flexion \u00e0 long terme: envers une soci\u00e9t\u00e9 dans laquelle les enfants peuvent grandir en bonne sant\u00e9 et \u00e0 la fum\u00e9e.\u00a0\u00bb<\/p>\n<p><i>De plus amples informations sur la campagne et les opportunit\u00e9s de participation peuvent \u00eatre trouv\u00e9es \u00e0 <u>www.generaierookvrij.be\/deutsch<\/u><\/i><\/p>\n","protected":false},"excerpt":{"rendered":"<p>Avec le placement officiel des premiers signes \u00e0 Raeren, la campagne \u00abGeneration Rauchfrei\u00bb commence maintenant \u00e9galement dans la DG. L&rsquo;initiative poursuit l&rsquo;objectif de cr\u00e9er des<\/p>\n","protected":false},"author":1,"featured_media":6772,"comment_status":"","ping_status":"","sticky":false,"template":"","format":"standard","meta":{"footnotes":""},"categories":[298],"tags":[1051,166,5868,2328,14,6437,6436,81,2645,6435,130,1140,1940],"class_list":["post-6771","post","type-post","status-publish","format-standard","has-post-thumbnail","hentry","category-belgique","tag-commence","tag-dans","tag-fumee","tag-generation","tag-les","tag-municipalite","tag-placees","tag-pour","tag-raeren","tag-rauchfrei","tag-sans","tag-signes","tag-zones","generate-columns","tablet-grid-50","mobile-grid-100","grid-parent","grid-33"],"yoast_head":"<!-- This site is optimized with the Yoast SEO plugin v24.0 - https:\/\/yoast.com\/wordpress\/plugins\/seo\/ -->\n<title>&quot;Generation Rauchfrei&quot; commence dans la DG - Signes pour les zones sans fum\u00e9e plac\u00e9es dans la municipalit\u00e9 de Raeren | Vie Associative<\/title>\n<meta name=\"robots\" content=\"index, follow, max-snippet:-1, max-image-preview:large, max-video-preview:-1\" \/>\n<link rel=\"canonical\" href=\"https:\/\/vieassociative.be\/actualites\/generation-rauchfrei-commence-dans-la-dg-signes-pour-les-zones-sans-fumee-placees-dans-la-municipalite-de-raeren\/\" \/>\n<meta property=\"og:locale\" content=\"fr_FR\" \/>\n<meta property=\"og:type\" content=\"article\" \/>\n<meta property=\"og:title\" content=\"&quot;Generation Rauchfrei&quot; commence dans la DG - Signes pour les zones sans fum\u00e9e plac\u00e9es dans la municipalit\u00e9 de Raeren | Vie Associative\" \/>\n<meta property=\"og:description\" content=\"Avec le placement officiel des premiers signes \u00e0 Raeren, la campagne \u00abGeneration Rauchfrei\u00bb commence maintenant \u00e9galement dans la DG. L&rsquo;initiative poursuit l&rsquo;objectif de cr\u00e9er des\" \/>\n<meta property=\"og:url\" content=\"https:\/\/vieassociative.be\/actualites\/generation-rauchfrei-commence-dans-la-dg-signes-pour-les-zones-sans-fumee-placees-dans-la-municipalite-de-raeren\/\" \/>\n<meta property=\"og:site_name\" content=\"Vie Associative\" \/>\n<meta property=\"article:published_time\" content=\"2025-04-16T14:17:27+00:00\" \/>\n<meta property=\"og:image\" content=\"https:\/\/vieassociative.be\/actualites\/wp-content\/uploads\/2024\/09\/header_backgroundk-01-e1726694325946.png\" \/>\n\t<meta property=\"og:image:width\" content=\"279\" \/>\n\t<meta property=\"og:image:height\" content=\"92\" \/>\n\t<meta property=\"og:image:type\" content=\"image\/png\" \/>\n<meta name=\"author\" content=\"Julien\" \/>\n<meta name=\"twitter:card\" content=\"summary_large_image\" \/>\n<meta name=\"twitter:label1\" content=\"\u00c9crit par\" \/>\n\t<meta name=\"twitter:data1\" content=\"Julien\" \/>\n\t<meta name=\"twitter:label2\" content=\"Dur\u00e9e de lecture est.\" \/>\n\t<meta name=\"twitter:data2\" content=\"2 minutes\" \/>\n<script type=\"application\/ld+json\" class=\"yoast-schema-graph\">{\"@context\":\"https:\/\/schema.org\",\"@graph\":[{\"@type\":\"Article\",\"@id\":\"https:\/\/vieassociative.be\/actualites\/generation-rauchfrei-commence-dans-la-dg-signes-pour-les-zones-sans-fumee-placees-dans-la-municipalite-de-raeren\/#article\",\"isPartOf\":{\"@id\":\"https:\/\/vieassociative.be\/actualites\/generation-rauchfrei-commence-dans-la-dg-signes-pour-les-zones-sans-fumee-placees-dans-la-municipalite-de-raeren\/\"},\"author\":{\"name\":\"Julien\",\"@id\":\"https:\/\/vieassociative.be\/actualites\/#\/schema\/person\/b87ac4f82f9d4e7b7cec7395b679edc4\"},\"headline\":\"\u00ab\u00a0Generation Rauchfrei\u00a0\u00bb commence dans la DG &#8211; Signes pour les zones sans fum\u00e9e plac\u00e9es dans la municipalit\u00e9 de Raeren\",\"datePublished\":\"2025-04-16T14:17:27+00:00\",\"dateModified\":\"2025-04-16T14:17:27+00:00\",\"mainEntityOfPage\":{\"@id\":\"https:\/\/vieassociative.be\/actualites\/generation-rauchfrei-commence-dans-la-dg-signes-pour-les-zones-sans-fumee-placees-dans-la-municipalite-de-raeren\/\"},\"wordCount\":515,\"publisher\":{\"@id\":\"https:\/\/vieassociative.be\/actualites\/#organization\"},\"image\":{\"@id\":\"https:\/\/vieassociative.be\/actualites\/generation-rauchfrei-commence-dans-la-dg-signes-pour-les-zones-sans-fumee-placees-dans-la-municipalite-de-raeren\/#primaryimage\"},\"thumbnailUrl\":\"https:\/\/vieassociative.be\/actualites\/wp-content\/uploads\/2025\/04\/1744813047_Generation-Rauchfrei-commence-dans-la-DG-Signes-pour-les.jpg\",\"keywords\":[\"commenc\u00e9\",\"dans\",\"fum\u00e9e\",\"g\u00e9n\u00e9ration\",\"Les\",\"municipalit\u00e9\",\"plac\u00e9es\",\"pour\",\"Raeren\",\"Rauchfrei\",\"sans\",\"signes\",\"zones\"],\"articleSection\":[\"Belgique\"],\"inLanguage\":\"fr-BE\"},{\"@type\":\"WebPage\",\"@id\":\"https:\/\/vieassociative.be\/actualites\/generation-rauchfrei-commence-dans-la-dg-signes-pour-les-zones-sans-fumee-placees-dans-la-municipalite-de-raeren\/\",\"url\":\"https:\/\/vieassociative.be\/actualites\/generation-rauchfrei-commence-dans-la-dg-signes-pour-les-zones-sans-fumee-placees-dans-la-municipalite-de-raeren\/\",\"name\":\"\\\"Generation Rauchfrei\\\" commence dans la DG - Signes pour les zones sans fum\u00e9e plac\u00e9es dans la municipalit\u00e9 de Raeren | Vie Associative\",\"isPartOf\":{\"@id\":\"https:\/\/vieassociative.be\/actualites\/#website\"},\"primaryImageOfPage\":{\"@id\":\"https:\/\/vieassociative.be\/actualites\/generation-rauchfrei-commence-dans-la-dg-signes-pour-les-zones-sans-fumee-placees-dans-la-municipalite-de-raeren\/#primaryimage\"},\"image\":{\"@id\":\"https:\/\/vieassociative.be\/actualites\/generation-rauchfrei-commence-dans-la-dg-signes-pour-les-zones-sans-fumee-placees-dans-la-municipalite-de-raeren\/#primaryimage\"},\"thumbnailUrl\":\"https:\/\/vieassociative.be\/actualites\/wp-content\/uploads\/2025\/04\/1744813047_Generation-Rauchfrei-commence-dans-la-DG-Signes-pour-les.jpg\",\"datePublished\":\"2025-04-16T14:17:27+00:00\",\"dateModified\":\"2025-04-16T14:17:27+00:00\",\"breadcrumb\":{\"@id\":\"https:\/\/vieassociative.be\/actualites\/generation-rauchfrei-commence-dans-la-dg-signes-pour-les-zones-sans-fumee-placees-dans-la-municipalite-de-raeren\/#breadcrumb\"},\"inLanguage\":\"fr-BE\",\"potentialAction\":[{\"@type\":\"ReadAction\",\"target\":[\"https:\/\/vieassociative.be\/actualites\/generation-rauchfrei-commence-dans-la-dg-signes-pour-les-zones-sans-fumee-placees-dans-la-municipalite-de-raeren\/\"]}]},{\"@type\":\"ImageObject\",\"inLanguage\":\"fr-BE\",\"@id\":\"https:\/\/vieassociative.be\/actualites\/generation-rauchfrei-commence-dans-la-dg-signes-pour-les-zones-sans-fumee-placees-dans-la-municipalite-de-raeren\/#primaryimage\",\"url\":\"https:\/\/vieassociative.be\/actualites\/wp-content\/uploads\/2025\/04\/1744813047_Generation-Rauchfrei-commence-dans-la-DG-Signes-pour-les.jpg\",\"contentUrl\":\"https:\/\/vieassociative.be\/actualites\/wp-content\/uploads\/2025\/04\/1744813047_Generation-Rauchfrei-commence-dans-la-DG-Signes-pour-les.jpg\",\"width\":1300,\"height\":869,\"caption\":\"\\\"Generation Rauchfrei\\\" commence dans la DG - Signes pour les zones sans fum\u00e9e plac\u00e9es dans la municipalit\u00e9 de Raeren\"},{\"@type\":\"BreadcrumbList\",\"@id\":\"https:\/\/vieassociative.be\/actualites\/generation-rauchfrei-commence-dans-la-dg-signes-pour-les-zones-sans-fumee-placees-dans-la-municipalite-de-raeren\/#breadcrumb\",\"itemListElement\":[{\"@type\":\"ListItem\",\"position\":1,\"name\":\"Accueil\",\"item\":\"https:\/\/vieassociative.be\/actualites\/\"},{\"@type\":\"ListItem\",\"position\":2,\"name\":\"\u00ab\u00a0Generation Rauchfrei\u00a0\u00bb commence dans la DG &#8211; Signes pour les zones sans fum\u00e9e plac\u00e9es dans la municipalit\u00e9 de Raeren\"}]},{\"@type\":\"WebSite\",\"@id\":\"https:\/\/vieassociative.be\/actualites\/#website\",\"url\":\"https:\/\/vieassociative.be\/actualites\/\",\"name\":\"Vie Associative\",\"description\":\"\",\"publisher\":{\"@id\":\"https:\/\/vieassociative.be\/actualites\/#organization\"},\"potentialAction\":[{\"@type\":\"SearchAction\",\"target\":{\"@type\":\"EntryPoint\",\"urlTemplate\":\"https:\/\/vieassociative.be\/actualites\/?s={search_term_string}\"},\"query-input\":{\"@type\":\"PropertyValueSpecification\",\"valueRequired\":true,\"valueName\":\"search_term_string\"}}],\"inLanguage\":\"fr-BE\"},{\"@type\":\"Organization\",\"@id\":\"https:\/\/vieassociative.be\/actualites\/#organization\",\"name\":\"Vie Associative\",\"url\":\"https:\/\/vieassociative.be\/actualites\/\",\"logo\":{\"@type\":\"ImageObject\",\"inLanguage\":\"fr-BE\",\"@id\":\"https:\/\/vieassociative.be\/actualites\/#\/schema\/logo\/image\/\",\"url\":\"https:\/\/vieassociative.be\/actualites\/wp-content\/uploads\/2024\/09\/cropped-vieassociative_favicon.ico.png\",\"contentUrl\":\"https:\/\/vieassociative.be\/actualites\/wp-content\/uploads\/2024\/09\/cropped-vieassociative_favicon.ico.png\",\"width\":512,\"height\":512,\"caption\":\"Vie Associative\"},\"image\":{\"@id\":\"https:\/\/vieassociative.be\/actualites\/#\/schema\/logo\/image\/\"}},{\"@type\":\"Person\",\"@id\":\"https:\/\/vieassociative.be\/actualites\/#\/schema\/person\/b87ac4f82f9d4e7b7cec7395b679edc4\",\"name\":\"Julien\",\"image\":{\"@type\":\"ImageObject\",\"inLanguage\":\"fr-BE\",\"@id\":\"https:\/\/vieassociative.be\/actualites\/#\/schema\/person\/image\/\",\"url\":\"https:\/\/vieassociative.be\/actualites\/wp-content\/uploads\/2024\/09\/vie-associative-1-150x150.jpg\",\"contentUrl\":\"https:\/\/vieassociative.be\/actualites\/wp-content\/uploads\/2024\/09\/vie-associative-1-150x150.jpg\",\"caption\":\"Julien\"},\"description\":\"Je suis Julien, r\u00e9dacteur pour Vie Associative. Passionn\u00e9 par le monde associatif depuis plus de 10 ans, j'ai \u00e0 c\u0153ur de partager des histoires inspirantes et de mettre en lumi\u00e8re les initiatives locales. Mon objectif est de sensibiliser et d'encourager l'engagement communautaire \u00e0 travers mes articles.\",\"sameAs\":[\"https:\/\/vieassociative.be\/\"]}]}<\/script>\n<!-- \/ Yoast SEO plugin. -->","yoast_head_json":{"title":"\"Generation Rauchfrei\" commence dans la DG - Signes pour les zones sans fum\u00e9e plac\u00e9es dans la municipalit\u00e9 de Raeren | Vie Associative","robots":{"index":"index","follow":"follow","max-snippet":"max-snippet:-1","max-image-preview":"max-image-preview:large","max-video-preview":"max-video-preview:-1"},"canonical":"https:\/\/vieassociative.be\/actualites\/generation-rauchfrei-commence-dans-la-dg-signes-pour-les-zones-sans-fumee-placees-dans-la-municipalite-de-raeren\/","og_locale":"fr_FR","og_type":"article","og_title":"\"Generation Rauchfrei\" commence dans la DG - Signes pour les zones sans fum\u00e9e plac\u00e9es dans la municipalit\u00e9 de Raeren | Vie Associative","og_description":"Avec le placement officiel des premiers signes \u00e0 Raeren, la campagne \u00abGeneration Rauchfrei\u00bb commence maintenant \u00e9galement dans la DG. L&rsquo;initiative poursuit l&rsquo;objectif de cr\u00e9er des","og_url":"https:\/\/vieassociative.be\/actualites\/generation-rauchfrei-commence-dans-la-dg-signes-pour-les-zones-sans-fumee-placees-dans-la-municipalite-de-raeren\/","og_site_name":"Vie Associative","article_published_time":"2025-04-16T14:17:27+00:00","og_image":[{"width":279,"height":92,"url":"https:\/\/vieassociative.be\/actualites\/wp-content\/uploads\/2024\/09\/header_backgroundk-01-e1726694325946.png","type":"image\/png"}],"author":"Julien","twitter_card":"summary_large_image","twitter_misc":{"\u00c9crit par":"Julien","Dur\u00e9e de lecture est.":"2 minutes"},"schema":{"@context":"https:\/\/schema.org","@graph":[{"@type":"Article","@id":"https:\/\/vieassociative.be\/actualites\/generation-rauchfrei-commence-dans-la-dg-signes-pour-les-zones-sans-fumee-placees-dans-la-municipalite-de-raeren\/#article","isPartOf":{"@id":"https:\/\/vieassociative.be\/actualites\/generation-rauchfrei-commence-dans-la-dg-signes-pour-les-zones-sans-fumee-placees-dans-la-municipalite-de-raeren\/"},"author":{"name":"Julien","@id":"https:\/\/vieassociative.be\/actualites\/#\/schema\/person\/b87ac4f82f9d4e7b7cec7395b679edc4"},"headline":"\u00ab\u00a0Generation Rauchfrei\u00a0\u00bb commence dans la DG &#8211; Signes pour les zones sans fum\u00e9e plac\u00e9es dans la municipalit\u00e9 de Raeren","datePublished":"2025-04-16T14:17:27+00:00","dateModified":"2025-04-16T14:17:27+00:00","mainEntityOfPage":{"@id":"https:\/\/vieassociative.be\/actualites\/generation-rauchfrei-commence-dans-la-dg-signes-pour-les-zones-sans-fumee-placees-dans-la-municipalite-de-raeren\/"},"wordCount":515,"publisher":{"@id":"https:\/\/vieassociative.be\/actualites\/#organization"},"image":{"@id":"https:\/\/vieassociative.be\/actualites\/generation-rauchfrei-commence-dans-la-dg-signes-pour-les-zones-sans-fumee-placees-dans-la-municipalite-de-raeren\/#primaryimage"},"thumbnailUrl":"https:\/\/vieassociative.be\/actualites\/wp-content\/uploads\/2025\/04\/1744813047_Generation-Rauchfrei-commence-dans-la-DG-Signes-pour-les.jpg","keywords":["commenc\u00e9","dans","fum\u00e9e","g\u00e9n\u00e9ration","Les","municipalit\u00e9","plac\u00e9es","pour","Raeren","Rauchfrei","sans","signes","zones"],"articleSection":["Belgique"],"inLanguage":"fr-BE"},{"@type":"WebPage","@id":"https:\/\/vieassociative.be\/actualites\/generation-rauchfrei-commence-dans-la-dg-signes-pour-les-zones-sans-fumee-placees-dans-la-municipalite-de-raeren\/","url":"https:\/\/vieassociative.be\/actualites\/generation-rauchfrei-commence-dans-la-dg-signes-pour-les-zones-sans-fumee-placees-dans-la-municipalite-de-raeren\/","name":"\"Generation Rauchfrei\" commence dans la DG - Signes pour les zones sans fum\u00e9e plac\u00e9es dans la municipalit\u00e9 de Raeren | Vie Associative","isPartOf":{"@id":"https:\/\/vieassociative.be\/actualites\/#website"},"primaryImageOfPage":{"@id":"https:\/\/vieassociative.be\/actualites\/generation-rauchfrei-commence-dans-la-dg-signes-pour-les-zones-sans-fumee-placees-dans-la-municipalite-de-raeren\/#primaryimage"},"image":{"@id":"https:\/\/vieassociative.be\/actualites\/generation-rauchfrei-commence-dans-la-dg-signes-pour-les-zones-sans-fumee-placees-dans-la-municipalite-de-raeren\/#primaryimage"},"thumbnailUrl":"https:\/\/vieassociative.be\/actualites\/wp-content\/uploads\/2025\/04\/1744813047_Generation-Rauchfrei-commence-dans-la-DG-Signes-pour-les.jpg","datePublished":"2025-04-16T14:17:27+00:00","dateModified":"2025-04-16T14:17:27+00:00","breadcrumb":{"@id":"https:\/\/vieassociative.be\/actualites\/generation-rauchfrei-commence-dans-la-dg-signes-pour-les-zones-sans-fumee-placees-dans-la-municipalite-de-raeren\/#breadcrumb"},"inLanguage":"fr-BE","potentialAction":[{"@type":"ReadAction","target":["https:\/\/vieassociative.be\/actualites\/generation-rauchfrei-commence-dans-la-dg-signes-pour-les-zones-sans-fumee-placees-dans-la-municipalite-de-raeren\/"]}]},{"@type":"ImageObject","inLanguage":"fr-BE","@id":"https:\/\/vieassociative.be\/actualites\/generation-rauchfrei-commence-dans-la-dg-signes-pour-les-zones-sans-fumee-placees-dans-la-municipalite-de-raeren\/#primaryimage","url":"https:\/\/vieassociative.be\/actualites\/wp-content\/uploads\/2025\/04\/1744813047_Generation-Rauchfrei-commence-dans-la-DG-Signes-pour-les.jpg","contentUrl":"https:\/\/vieassociative.be\/actualites\/wp-content\/uploads\/2025\/04\/1744813047_Generation-Rauchfrei-commence-dans-la-DG-Signes-pour-les.jpg","width":1300,"height":869,"caption":"\"Generation Rauchfrei\" commence dans la DG - Signes pour les zones sans fum\u00e9e plac\u00e9es dans la municipalit\u00e9 de Raeren"},{"@type":"BreadcrumbList","@id":"https:\/\/vieassociative.be\/actualites\/generation-rauchfrei-commence-dans-la-dg-signes-pour-les-zones-sans-fumee-placees-dans-la-municipalite-de-raeren\/#breadcrumb","itemListElement":[{"@type":"ListItem","position":1,"name":"Accueil","item":"https:\/\/vieassociative.be\/actualites\/"},{"@type":"ListItem","position":2,"name":"\u00ab\u00a0Generation Rauchfrei\u00a0\u00bb commence dans la DG &#8211; Signes pour les zones sans fum\u00e9e plac\u00e9es dans la municipalit\u00e9 de Raeren"}]},{"@type":"WebSite","@id":"https:\/\/vieassociative.be\/actualites\/#website","url":"https:\/\/vieassociative.be\/actualites\/","name":"Vie Associative","description":"","publisher":{"@id":"https:\/\/vieassociative.be\/actualites\/#organization"},"potentialAction":[{"@type":"SearchAction","target":{"@type":"EntryPoint","urlTemplate":"https:\/\/vieassociative.be\/actualites\/?s={search_term_string}"},"query-input":{"@type":"PropertyValueSpecification","valueRequired":true,"valueName":"search_term_string"}}],"inLanguage":"fr-BE"},{"@type":"Organization","@id":"https:\/\/vieassociative.be\/actualites\/#organization","name":"Vie Associative","url":"https:\/\/vieassociative.be\/actualites\/","logo":{"@type":"ImageObject","inLanguage":"fr-BE","@id":"https:\/\/vieassociative.be\/actualites\/#\/schema\/logo\/image\/","url":"https:\/\/vieassociative.be\/actualites\/wp-content\/uploads\/2024\/09\/cropped-vieassociative_favicon.ico.png","contentUrl":"https:\/\/vieassociative.be\/actualites\/wp-content\/uploads\/2024\/09\/cropped-vieassociative_favicon.ico.png","width":512,"height":512,"caption":"Vie Associative"},"image":{"@id":"https:\/\/vieassociative.be\/actualites\/#\/schema\/logo\/image\/"}},{"@type":"Person","@id":"https:\/\/vieassociative.be\/actualites\/#\/schema\/person\/b87ac4f82f9d4e7b7cec7395b679edc4","name":"Julien","image":{"@type":"ImageObject","inLanguage":"fr-BE","@id":"https:\/\/vieassociative.be\/actualites\/#\/schema\/person\/image\/","url":"https:\/\/vieassociative.be\/actualites\/wp-content\/uploads\/2024\/09\/vie-associative-1-150x150.jpg","contentUrl":"https:\/\/vieassociative.be\/actualites\/wp-content\/uploads\/2024\/09\/vie-associative-1-150x150.jpg","caption":"Julien"},"description":"Je suis Julien, r\u00e9dacteur pour Vie Associative. Passionn\u00e9 par le monde associatif depuis plus de 10 ans, j'ai \u00e0 c\u0153ur de partager des histoires inspirantes et de mettre en lumi\u00e8re les initiatives locales. Mon objectif est de sensibiliser et d'encourager l'engagement communautaire \u00e0 travers mes articles.","sameAs":["https:\/\/vieassociative.be\/"]}]}},"_links":{"self":[{"href":"https:\/\/vieassociative.be\/actualites\/wp-json\/wp\/v2\/posts\/6771"}],"collection":[{"href":"https:\/\/vieassociative.be\/actualites\/wp-json\/wp\/v2\/posts"}],"about":[{"href":"https:\/\/vieassociative.be\/actualites\/wp-json\/wp\/v2\/types\/post"}],"author":[{"embeddable":true,"href":"https:\/\/vieassociative.be\/actualites\/wp-json\/wp\/v2\/users\/1"}],"replies":[{"embeddable":true,"href":"https:\/\/vieassociative.be\/actualites\/wp-json\/wp\/v2\/comments?post=6771"}],"version-history":[{"count":0,"href":"https:\/\/vieassociative.be\/actualites\/wp-json\/wp\/v2\/posts\/6771\/revisions"}],"wp:featuredmedia":[{"embeddable":true,"href":"https:\/\/vieassociative.be\/actualites\/wp-json\/wp\/v2\/media\/6772"}],"wp:attachment":[{"href":"https:\/\/vieassociative.be\/actualites\/wp-json\/wp\/v2\/media?parent=6771"}],"wp:term":[{"taxonomy":"category","embeddable":true,"href":"https:\/\/vieassociative.be\/actualites\/wp-json\/wp\/v2\/categories?post=6771"},{"taxonomy":"post_tag","embeddable":true,"href":"https:\/\/vieassociative.be\/actualites\/wp-json\/wp\/v2\/tags?post=6771"}],"curies":[{"name":"wp","href":"https:\/\/api.w.org\/{rel}","templated":true}]}}