{"id":6769,"date":"2025-04-16T15:18:15","date_gmt":"2025-04-16T13:18:15","guid":{"rendered":"https:\/\/vieassociative.be\/actualites\/ne-supprimez-pas-ce-dossier-vide-sur-windows-11\/"},"modified":"2025-04-16T15:18:15","modified_gmt":"2025-04-16T13:18:15","slug":"ne-supprimez-pas-ce-dossier-vide-sur-windows-11","status":"publish","type":"post","link":"https:\/\/vieassociative.be\/actualites\/ne-supprimez-pas-ce-dossier-vide-sur-windows-11\/","title":{"rendered":"Ne supprimez pas ce dossier vide sur Windows 11"},"content":{"rendered":"<div class=\"mt-4 leading-6 md:mb-8\">\u00ab\u00a0Inetpub\u00a0\u00bb est une partie cruciale d&rsquo;un correctif de s\u00e9curit\u00e9 &#8211; c&rsquo;est quoi faire si vous l&rsquo;avez d\u00e9j\u00e0 supprim\u00e9.<\/div>\n<p><\/p>\n<p>Il peut \u00eatre alarmant de trouver un dossier ou un fichier inconnu sur votre ordinateur, notamment parce que les logiciels malveillants peuvent installer des fichiers temporaires \u00e0 votre connaissance qui permettent \u00e0 une infection de se cacher ou de se propager. Si vous \u00eates un utilisateur de Windows 11, le \u00ab\u00a0Inetpub\u00a0\u00bb vide qui est r\u00e9cemment apparu sur votre ordinateur n&rsquo;est pas malveillant &#8211; et il est en fait essentiel de corriger un d\u00e9faut de s\u00e9curit\u00e9 dans votre syst\u00e8me.  <\/p>\n<p>Le dossier, rep\u00e9r\u00e9 la semaine derni\u00e8re par Windows, a \u00e9t\u00e9 cr\u00e9\u00e9 sur les appareils des utilisateurs lors de la plus r\u00e9cente mise \u00e0 jour de la fen\u00eatre 11 du patch mardi. Il fait partie d&rsquo;une correction de s\u00e9curit\u00e9 pour une \u00e9l\u00e9vation de la vuln\u00e9rabilit\u00e9 des privil\u00e8ges (\u00e9tiquet\u00e9e CVE-2025-21204) dans la pile de mise \u00e0 jour Windows qui permet aux attaquants d&rsquo;acc\u00e9der \u00e0 modifier les fichiers syst\u00e8me ou les dossiers, bien que les derniers rapports de Windows selon lesquels Microsoft n&rsquo;ait pas pr\u00e9cis\u00e9 comment le dossier est li\u00e9 au correctif autre que d&rsquo;offrir \u00ab\u00a0une protection accrue\u00a0\u00bb. <\/p>\n<p>Si vous trouvez le dossier Inetpub sur votre appareil, <em>Ne le supprimez pas<\/em>. Si vous l&rsquo;avez d\u00e9j\u00e0 fait, ne d\u00e9sesp\u00e9rez pas &#8211; vous pouvez le r\u00e9cup\u00e9rer pour vous assurer que la vuln\u00e9rabilit\u00e9 est corrig\u00e9e. <\/p>\n<h2 id=\"how-to-recover-a-deleted-inetpub-folder-on-windows-11\">Comment r\u00e9cup\u00e9rer un dossier \u00ab\u00a0Inetpub\u00a0\u00bb supprim\u00e9 sur Windows 11<\/h2>\n<p>Si vous avez accidentellement supprim\u00e9 le dossier INETPUB vide sur votre ordinateur ex\u00e9cutant Windows 11, vous devez le restaurer pour que le patch de s\u00e9curit\u00e9 soit efficace. Bien que vous puissiez normalement r\u00e9cup\u00e9rer les fichiers et les dossiers supprim\u00e9s du bac de recyclage, de l&rsquo;historique des fichiers ou d&rsquo;une sauvegarde (ou de l&rsquo;utilisation du logiciel de r\u00e9cup\u00e9ration), il existe un processus sp\u00e9cifique pour restaurer le dossier INETPUB comme d\u00e9crit par Windows plus tard: <\/p>\n<div class=\"pogoClear relative my-10 border-b-(1.5px) border-t-(1.5px) border-dashed border-black py-5 sm:my-14 sm:border-0 sm:py-0\" x-cloak x-data=\"{ commentsCount: null }\" x-init=\"commentsCount = await window.openweb.getMessagesCount(01JRXJCEDMEP23EJBDZXD37QHE)\" x-show=\"commentsCount !== null &amp;&amp; commentsCount &gt; 0\">\n<div class=\"absolute top-1\/2 hidden w-full -translate-y-1\/2 border-t-(1.5px) border-dashed border-black sm:block\"><\/div>\n<div class=\"relative flex justify-center\">\n<div class=\"flex max-w-max items-center gap-x-3 bg-white px-5\">\n<div class=\"relative\">\n                <span class=\"absolute left-1\/2 top-1\/2 -translate-x-1\/2 -translate-y-1\/2 font-akshar text-sm font-medium text-black\" x-text=\"commentsCount\"><\/span><\/p>\n<p>                <svg class=\"h-8 w-8 text-black\">\n                    <use href=\"http:\/\/lifehacker.com\/images\/icons\/spritemap.svg#sprite-chat-bubble\"><\/use>\n                <\/svg>\n            <\/div>\n<p>            <span class=\"text-sm font-medium text-black\">Que pensez-vous jusqu&rsquo;\u00e0 pr\u00e9sent? <button class=\"font-semibold text-brand-green underline hover:text-brand-green-700\" onclick=\"window.openweb.scrollToComments(01JRXJCEDMEP23EJBDZXD37QHE)\">Publier un commentaire.<\/button><\/span>\n        <\/div>\n<\/p><\/div>\n<\/div>\n<ol>\n<li>\n<p>Aller \u00e0 <strong>Panneau de configuration> Programmes> Programmes et fonctionnalit\u00e9s<\/strong>. <\/p>\n<\/li>\n<li>\n<p>Faire un clic <strong>Activer ou d\u00e9sactiver les fonctionnalit\u00e9s<\/strong> Pour tirer une bo\u00eete de dialogue. <\/p>\n<\/li>\n<li>\n<p>Cochez la case \u00e0 c\u00f4t\u00e9 de <strong>Services d&rsquo;information sur Internet<\/strong> et cliquer <strong>D&rsquo;ACCORD<\/strong>. <\/p>\n<\/li>\n<\/ol>\n<p>Cela recr\u00e9era le dossier supprim\u00e9 avec les m\u00eames protections de s\u00e9curit\u00e9 que l&rsquo;original. <\/p>\n","protected":false},"excerpt":{"rendered":"<p>\u00ab\u00a0Inetpub\u00a0\u00bb est une partie cruciale d&rsquo;un correctif de s\u00e9curit\u00e9 &#8211; c&rsquo;est quoi faire si vous l&rsquo;avez d\u00e9j\u00e0 supprim\u00e9. Il peut \u00eatre alarmant de trouver un<\/p>\n","protected":false},"author":1,"featured_media":6770,"comment_status":"","ping_status":"","sticky":false,"template":"","format":"standard","meta":{"footnotes":""},"categories":[13],"tags":[6301,126,1509,33,2686,171],"class_list":["post-6769","post","type-post","status-publish","format-standard","has-post-thumbnail","hentry","category-technologie","tag-dossier","tag-pas","tag-supprimez","tag-sur","tag-vide","tag-windows","generate-columns","tablet-grid-50","mobile-grid-100","grid-parent","grid-33"],"yoast_head":"<!-- This site is optimized with the Yoast SEO plugin v24.0 - https:\/\/yoast.com\/wordpress\/plugins\/seo\/ -->\n<title>Ne supprimez pas ce dossier vide sur Windows 11 | Vie Associative<\/title>\n<meta name=\"robots\" content=\"index, follow, max-snippet:-1, max-image-preview:large, max-video-preview:-1\" \/>\n<link rel=\"canonical\" href=\"https:\/\/vieassociative.be\/actualites\/ne-supprimez-pas-ce-dossier-vide-sur-windows-11\/\" \/>\n<meta property=\"og:locale\" content=\"fr_FR\" \/>\n<meta property=\"og:type\" content=\"article\" \/>\n<meta property=\"og:title\" content=\"Ne supprimez pas ce dossier vide sur Windows 11 | Vie Associative\" \/>\n<meta property=\"og:description\" content=\"\u00ab\u00a0Inetpub\u00a0\u00bb est une partie cruciale d&rsquo;un correctif de s\u00e9curit\u00e9 &#8211; c&rsquo;est quoi faire si vous l&rsquo;avez d\u00e9j\u00e0 supprim\u00e9. Il peut \u00eatre alarmant de trouver un\" \/>\n<meta property=\"og:url\" content=\"https:\/\/vieassociative.be\/actualites\/ne-supprimez-pas-ce-dossier-vide-sur-windows-11\/\" \/>\n<meta property=\"og:site_name\" content=\"Vie Associative\" \/>\n<meta property=\"article:published_time\" content=\"2025-04-16T13:18:15+00:00\" \/>\n<meta property=\"og:image\" content=\"https:\/\/vieassociative.be\/actualites\/wp-content\/uploads\/2024\/09\/header_backgroundk-01-e1726694325946.png\" \/>\n\t<meta property=\"og:image:width\" content=\"279\" \/>\n\t<meta property=\"og:image:height\" content=\"92\" \/>\n\t<meta property=\"og:image:type\" content=\"image\/png\" \/>\n<meta name=\"author\" content=\"Julien\" \/>\n<meta name=\"twitter:card\" content=\"summary_large_image\" \/>\n<meta name=\"twitter:label1\" content=\"\u00c9crit par\" \/>\n\t<meta name=\"twitter:data1\" content=\"Julien\" \/>\n\t<meta name=\"twitter:label2\" content=\"Dur\u00e9e de lecture est.\" \/>\n\t<meta name=\"twitter:data2\" content=\"2 minutes\" \/>\n<script type=\"application\/ld+json\" class=\"yoast-schema-graph\">{\"@context\":\"https:\/\/schema.org\",\"@graph\":[{\"@type\":\"Article\",\"@id\":\"https:\/\/vieassociative.be\/actualites\/ne-supprimez-pas-ce-dossier-vide-sur-windows-11\/#article\",\"isPartOf\":{\"@id\":\"https:\/\/vieassociative.be\/actualites\/ne-supprimez-pas-ce-dossier-vide-sur-windows-11\/\"},\"author\":{\"name\":\"Julien\",\"@id\":\"https:\/\/vieassociative.be\/actualites\/#\/schema\/person\/b87ac4f82f9d4e7b7cec7395b679edc4\"},\"headline\":\"Ne supprimez pas ce dossier vide sur Windows 11\",\"datePublished\":\"2025-04-16T13:18:15+00:00\",\"dateModified\":\"2025-04-16T13:18:15+00:00\",\"mainEntityOfPage\":{\"@id\":\"https:\/\/vieassociative.be\/actualites\/ne-supprimez-pas-ce-dossier-vide-sur-windows-11\/\"},\"wordCount\":421,\"publisher\":{\"@id\":\"https:\/\/vieassociative.be\/actualites\/#organization\"},\"image\":{\"@id\":\"https:\/\/vieassociative.be\/actualites\/ne-supprimez-pas-ce-dossier-vide-sur-windows-11\/#primaryimage\"},\"thumbnailUrl\":\"https:\/\/vieassociative.be\/actualites\/wp-content\/uploads\/2025\/04\/Ne-supprimez-pas-ce-dossier-vide-sur-Windows-11.jpg\",\"keywords\":[\"dossier\",\"pas\",\"supprimez\",\"sur\",\"vide\",\"Windows\"],\"articleSection\":[\"Technologie\"],\"inLanguage\":\"fr-BE\"},{\"@type\":\"WebPage\",\"@id\":\"https:\/\/vieassociative.be\/actualites\/ne-supprimez-pas-ce-dossier-vide-sur-windows-11\/\",\"url\":\"https:\/\/vieassociative.be\/actualites\/ne-supprimez-pas-ce-dossier-vide-sur-windows-11\/\",\"name\":\"Ne supprimez pas ce dossier vide sur Windows 11 | Vie Associative\",\"isPartOf\":{\"@id\":\"https:\/\/vieassociative.be\/actualites\/#website\"},\"primaryImageOfPage\":{\"@id\":\"https:\/\/vieassociative.be\/actualites\/ne-supprimez-pas-ce-dossier-vide-sur-windows-11\/#primaryimage\"},\"image\":{\"@id\":\"https:\/\/vieassociative.be\/actualites\/ne-supprimez-pas-ce-dossier-vide-sur-windows-11\/#primaryimage\"},\"thumbnailUrl\":\"https:\/\/vieassociative.be\/actualites\/wp-content\/uploads\/2025\/04\/Ne-supprimez-pas-ce-dossier-vide-sur-Windows-11.jpg\",\"datePublished\":\"2025-04-16T13:18:15+00:00\",\"dateModified\":\"2025-04-16T13:18:15+00:00\",\"breadcrumb\":{\"@id\":\"https:\/\/vieassociative.be\/actualites\/ne-supprimez-pas-ce-dossier-vide-sur-windows-11\/#breadcrumb\"},\"inLanguage\":\"fr-BE\",\"potentialAction\":[{\"@type\":\"ReadAction\",\"target\":[\"https:\/\/vieassociative.be\/actualites\/ne-supprimez-pas-ce-dossier-vide-sur-windows-11\/\"]}]},{\"@type\":\"ImageObject\",\"inLanguage\":\"fr-BE\",\"@id\":\"https:\/\/vieassociative.be\/actualites\/ne-supprimez-pas-ce-dossier-vide-sur-windows-11\/#primaryimage\",\"url\":\"https:\/\/vieassociative.be\/actualites\/wp-content\/uploads\/2025\/04\/Ne-supprimez-pas-ce-dossier-vide-sur-Windows-11.jpg\",\"contentUrl\":\"https:\/\/vieassociative.be\/actualites\/wp-content\/uploads\/2025\/04\/Ne-supprimez-pas-ce-dossier-vide-sur-Windows-11.jpg\",\"width\":1200,\"height\":675,\"caption\":\"Ne supprimez pas ce dossier vide sur Windows 11\"},{\"@type\":\"BreadcrumbList\",\"@id\":\"https:\/\/vieassociative.be\/actualites\/ne-supprimez-pas-ce-dossier-vide-sur-windows-11\/#breadcrumb\",\"itemListElement\":[{\"@type\":\"ListItem\",\"position\":1,\"name\":\"Accueil\",\"item\":\"https:\/\/vieassociative.be\/actualites\/\"},{\"@type\":\"ListItem\",\"position\":2,\"name\":\"Ne supprimez pas ce dossier vide sur Windows 11\"}]},{\"@type\":\"WebSite\",\"@id\":\"https:\/\/vieassociative.be\/actualites\/#website\",\"url\":\"https:\/\/vieassociative.be\/actualites\/\",\"name\":\"Vie Associative\",\"description\":\"\",\"publisher\":{\"@id\":\"https:\/\/vieassociative.be\/actualites\/#organization\"},\"potentialAction\":[{\"@type\":\"SearchAction\",\"target\":{\"@type\":\"EntryPoint\",\"urlTemplate\":\"https:\/\/vieassociative.be\/actualites\/?s={search_term_string}\"},\"query-input\":{\"@type\":\"PropertyValueSpecification\",\"valueRequired\":true,\"valueName\":\"search_term_string\"}}],\"inLanguage\":\"fr-BE\"},{\"@type\":\"Organization\",\"@id\":\"https:\/\/vieassociative.be\/actualites\/#organization\",\"name\":\"Vie Associative\",\"url\":\"https:\/\/vieassociative.be\/actualites\/\",\"logo\":{\"@type\":\"ImageObject\",\"inLanguage\":\"fr-BE\",\"@id\":\"https:\/\/vieassociative.be\/actualites\/#\/schema\/logo\/image\/\",\"url\":\"https:\/\/vieassociative.be\/actualites\/wp-content\/uploads\/2024\/09\/cropped-vieassociative_favicon.ico.png\",\"contentUrl\":\"https:\/\/vieassociative.be\/actualites\/wp-content\/uploads\/2024\/09\/cropped-vieassociative_favicon.ico.png\",\"width\":512,\"height\":512,\"caption\":\"Vie Associative\"},\"image\":{\"@id\":\"https:\/\/vieassociative.be\/actualites\/#\/schema\/logo\/image\/\"}},{\"@type\":\"Person\",\"@id\":\"https:\/\/vieassociative.be\/actualites\/#\/schema\/person\/b87ac4f82f9d4e7b7cec7395b679edc4\",\"name\":\"Julien\",\"image\":{\"@type\":\"ImageObject\",\"inLanguage\":\"fr-BE\",\"@id\":\"https:\/\/vieassociative.be\/actualites\/#\/schema\/person\/image\/\",\"url\":\"https:\/\/vieassociative.be\/actualites\/wp-content\/uploads\/2024\/09\/vie-associative-1-150x150.jpg\",\"contentUrl\":\"https:\/\/vieassociative.be\/actualites\/wp-content\/uploads\/2024\/09\/vie-associative-1-150x150.jpg\",\"caption\":\"Julien\"},\"description\":\"Je suis Julien, r\u00e9dacteur pour Vie Associative. Passionn\u00e9 par le monde associatif depuis plus de 10 ans, j'ai \u00e0 c\u0153ur de partager des histoires inspirantes et de mettre en lumi\u00e8re les initiatives locales. Mon objectif est de sensibiliser et d'encourager l'engagement communautaire \u00e0 travers mes articles.\",\"sameAs\":[\"https:\/\/vieassociative.be\/\"]}]}<\/script>\n<!-- \/ Yoast SEO plugin. -->","yoast_head_json":{"title":"Ne supprimez pas ce dossier vide sur Windows 11 | Vie Associative","robots":{"index":"index","follow":"follow","max-snippet":"max-snippet:-1","max-image-preview":"max-image-preview:large","max-video-preview":"max-video-preview:-1"},"canonical":"https:\/\/vieassociative.be\/actualites\/ne-supprimez-pas-ce-dossier-vide-sur-windows-11\/","og_locale":"fr_FR","og_type":"article","og_title":"Ne supprimez pas ce dossier vide sur Windows 11 | Vie Associative","og_description":"\u00ab\u00a0Inetpub\u00a0\u00bb est une partie cruciale d&rsquo;un correctif de s\u00e9curit\u00e9 &#8211; c&rsquo;est quoi faire si vous l&rsquo;avez d\u00e9j\u00e0 supprim\u00e9. Il peut \u00eatre alarmant de trouver un","og_url":"https:\/\/vieassociative.be\/actualites\/ne-supprimez-pas-ce-dossier-vide-sur-windows-11\/","og_site_name":"Vie Associative","article_published_time":"2025-04-16T13:18:15+00:00","og_image":[{"width":279,"height":92,"url":"https:\/\/vieassociative.be\/actualites\/wp-content\/uploads\/2024\/09\/header_backgroundk-01-e1726694325946.png","type":"image\/png"}],"author":"Julien","twitter_card":"summary_large_image","twitter_misc":{"\u00c9crit par":"Julien","Dur\u00e9e de lecture est.":"2 minutes"},"schema":{"@context":"https:\/\/schema.org","@graph":[{"@type":"Article","@id":"https:\/\/vieassociative.be\/actualites\/ne-supprimez-pas-ce-dossier-vide-sur-windows-11\/#article","isPartOf":{"@id":"https:\/\/vieassociative.be\/actualites\/ne-supprimez-pas-ce-dossier-vide-sur-windows-11\/"},"author":{"name":"Julien","@id":"https:\/\/vieassociative.be\/actualites\/#\/schema\/person\/b87ac4f82f9d4e7b7cec7395b679edc4"},"headline":"Ne supprimez pas ce dossier vide sur Windows 11","datePublished":"2025-04-16T13:18:15+00:00","dateModified":"2025-04-16T13:18:15+00:00","mainEntityOfPage":{"@id":"https:\/\/vieassociative.be\/actualites\/ne-supprimez-pas-ce-dossier-vide-sur-windows-11\/"},"wordCount":421,"publisher":{"@id":"https:\/\/vieassociative.be\/actualites\/#organization"},"image":{"@id":"https:\/\/vieassociative.be\/actualites\/ne-supprimez-pas-ce-dossier-vide-sur-windows-11\/#primaryimage"},"thumbnailUrl":"https:\/\/vieassociative.be\/actualites\/wp-content\/uploads\/2025\/04\/Ne-supprimez-pas-ce-dossier-vide-sur-Windows-11.jpg","keywords":["dossier","pas","supprimez","sur","vide","Windows"],"articleSection":["Technologie"],"inLanguage":"fr-BE"},{"@type":"WebPage","@id":"https:\/\/vieassociative.be\/actualites\/ne-supprimez-pas-ce-dossier-vide-sur-windows-11\/","url":"https:\/\/vieassociative.be\/actualites\/ne-supprimez-pas-ce-dossier-vide-sur-windows-11\/","name":"Ne supprimez pas ce dossier vide sur Windows 11 | Vie Associative","isPartOf":{"@id":"https:\/\/vieassociative.be\/actualites\/#website"},"primaryImageOfPage":{"@id":"https:\/\/vieassociative.be\/actualites\/ne-supprimez-pas-ce-dossier-vide-sur-windows-11\/#primaryimage"},"image":{"@id":"https:\/\/vieassociative.be\/actualites\/ne-supprimez-pas-ce-dossier-vide-sur-windows-11\/#primaryimage"},"thumbnailUrl":"https:\/\/vieassociative.be\/actualites\/wp-content\/uploads\/2025\/04\/Ne-supprimez-pas-ce-dossier-vide-sur-Windows-11.jpg","datePublished":"2025-04-16T13:18:15+00:00","dateModified":"2025-04-16T13:18:15+00:00","breadcrumb":{"@id":"https:\/\/vieassociative.be\/actualites\/ne-supprimez-pas-ce-dossier-vide-sur-windows-11\/#breadcrumb"},"inLanguage":"fr-BE","potentialAction":[{"@type":"ReadAction","target":["https:\/\/vieassociative.be\/actualites\/ne-supprimez-pas-ce-dossier-vide-sur-windows-11\/"]}]},{"@type":"ImageObject","inLanguage":"fr-BE","@id":"https:\/\/vieassociative.be\/actualites\/ne-supprimez-pas-ce-dossier-vide-sur-windows-11\/#primaryimage","url":"https:\/\/vieassociative.be\/actualites\/wp-content\/uploads\/2025\/04\/Ne-supprimez-pas-ce-dossier-vide-sur-Windows-11.jpg","contentUrl":"https:\/\/vieassociative.be\/actualites\/wp-content\/uploads\/2025\/04\/Ne-supprimez-pas-ce-dossier-vide-sur-Windows-11.jpg","width":1200,"height":675,"caption":"Ne supprimez pas ce dossier vide sur Windows 11"},{"@type":"BreadcrumbList","@id":"https:\/\/vieassociative.be\/actualites\/ne-supprimez-pas-ce-dossier-vide-sur-windows-11\/#breadcrumb","itemListElement":[{"@type":"ListItem","position":1,"name":"Accueil","item":"https:\/\/vieassociative.be\/actualites\/"},{"@type":"ListItem","position":2,"name":"Ne supprimez pas ce dossier vide sur Windows 11"}]},{"@type":"WebSite","@id":"https:\/\/vieassociative.be\/actualites\/#website","url":"https:\/\/vieassociative.be\/actualites\/","name":"Vie Associative","description":"","publisher":{"@id":"https:\/\/vieassociative.be\/actualites\/#organization"},"potentialAction":[{"@type":"SearchAction","target":{"@type":"EntryPoint","urlTemplate":"https:\/\/vieassociative.be\/actualites\/?s={search_term_string}"},"query-input":{"@type":"PropertyValueSpecification","valueRequired":true,"valueName":"search_term_string"}}],"inLanguage":"fr-BE"},{"@type":"Organization","@id":"https:\/\/vieassociative.be\/actualites\/#organization","name":"Vie Associative","url":"https:\/\/vieassociative.be\/actualites\/","logo":{"@type":"ImageObject","inLanguage":"fr-BE","@id":"https:\/\/vieassociative.be\/actualites\/#\/schema\/logo\/image\/","url":"https:\/\/vieassociative.be\/actualites\/wp-content\/uploads\/2024\/09\/cropped-vieassociative_favicon.ico.png","contentUrl":"https:\/\/vieassociative.be\/actualites\/wp-content\/uploads\/2024\/09\/cropped-vieassociative_favicon.ico.png","width":512,"height":512,"caption":"Vie Associative"},"image":{"@id":"https:\/\/vieassociative.be\/actualites\/#\/schema\/logo\/image\/"}},{"@type":"Person","@id":"https:\/\/vieassociative.be\/actualites\/#\/schema\/person\/b87ac4f82f9d4e7b7cec7395b679edc4","name":"Julien","image":{"@type":"ImageObject","inLanguage":"fr-BE","@id":"https:\/\/vieassociative.be\/actualites\/#\/schema\/person\/image\/","url":"https:\/\/vieassociative.be\/actualites\/wp-content\/uploads\/2024\/09\/vie-associative-1-150x150.jpg","contentUrl":"https:\/\/vieassociative.be\/actualites\/wp-content\/uploads\/2024\/09\/vie-associative-1-150x150.jpg","caption":"Julien"},"description":"Je suis Julien, r\u00e9dacteur pour Vie Associative. Passionn\u00e9 par le monde associatif depuis plus de 10 ans, j'ai \u00e0 c\u0153ur de partager des histoires inspirantes et de mettre en lumi\u00e8re les initiatives locales. Mon objectif est de sensibiliser et d'encourager l'engagement communautaire \u00e0 travers mes articles.","sameAs":["https:\/\/vieassociative.be\/"]}]}},"_links":{"self":[{"href":"https:\/\/vieassociative.be\/actualites\/wp-json\/wp\/v2\/posts\/6769"}],"collection":[{"href":"https:\/\/vieassociative.be\/actualites\/wp-json\/wp\/v2\/posts"}],"about":[{"href":"https:\/\/vieassociative.be\/actualites\/wp-json\/wp\/v2\/types\/post"}],"author":[{"embeddable":true,"href":"https:\/\/vieassociative.be\/actualites\/wp-json\/wp\/v2\/users\/1"}],"replies":[{"embeddable":true,"href":"https:\/\/vieassociative.be\/actualites\/wp-json\/wp\/v2\/comments?post=6769"}],"version-history":[{"count":0,"href":"https:\/\/vieassociative.be\/actualites\/wp-json\/wp\/v2\/posts\/6769\/revisions"}],"wp:featuredmedia":[{"embeddable":true,"href":"https:\/\/vieassociative.be\/actualites\/wp-json\/wp\/v2\/media\/6770"}],"wp:attachment":[{"href":"https:\/\/vieassociative.be\/actualites\/wp-json\/wp\/v2\/media?parent=6769"}],"wp:term":[{"taxonomy":"category","embeddable":true,"href":"https:\/\/vieassociative.be\/actualites\/wp-json\/wp\/v2\/categories?post=6769"},{"taxonomy":"post_tag","embeddable":true,"href":"https:\/\/vieassociative.be\/actualites\/wp-json\/wp\/v2\/tags?post=6769"}],"curies":[{"name":"wp","href":"https:\/\/api.w.org\/{rel}","templated":true}]}}