{"id":6762,"date":"2025-04-16T10:18:48","date_gmt":"2025-04-16T08:18:48","guid":{"rendered":"https:\/\/vieassociative.be\/actualites\/moins-et-moins-les-belges-voyagent-aux-etats-unis-leffet-trump\/"},"modified":"2025-04-16T10:18:48","modified_gmt":"2025-04-16T08:18:48","slug":"moins-et-moins-les-belges-voyagent-aux-etats-unis-leffet-trump","status":"publish","type":"post","link":"https:\/\/vieassociative.be\/actualites\/moins-et-moins-les-belges-voyagent-aux-etats-unis-leffet-trump\/","title":{"rendered":"Moins et moins les Belges voyagent aux \u00c9tats-Unis: l&rsquo;effet Trump?"},"content":{"rendered":"<p><strong>Un effet Trump est clairement perceptible dans les voyages aux \u00c9tats-Unis: le nombre de touristes europ\u00e9ens qui se sont rendus aux \u00c9tats-Unis a fortement diminu\u00e9 en mars et a atteint le niveau le plus bas depuis la crise financi\u00e8re en 2009.<\/strong><\/p>\n<p><span id=\"more-413429\"><\/span>Le voyage en Belgique a \u00e9galement enregistr\u00e9 une baisse significative. La r\u00e9ticence g\u00e9n\u00e9rale a \u00e9t\u00e9 renforc\u00e9e par les avertissements du service f\u00e9d\u00e9ral (F\u00f6d) ext\u00e9rieur avant les risques d&rsquo;arrestation \u00e0 la fronti\u00e8re.<\/p>\n<p>En mars, le nombre d&rsquo;Europ\u00e9ens entrant aux \u00c9tats-Unis a enregistr\u00e9 la baisse la plus forte depuis la crise financi\u00e8re en 2009. Le nombre de voyages aux Belges a diminu\u00e9 de 16% depuis le deuxi\u00e8me mandat du pr\u00e9sident am\u00e9ricain Donald Trump, tel que rapport\u00e9 mardi par les deux journaux d&rsquo;affaires belges \u00ab\u00a0L&rsquo;Echo\u00a0\u00bb et \u00ab\u00a0De Tijd\u00a0\u00bb mardi.<\/p>\n<p>En mars 2025, 905 603 visiteurs d&rsquo;Europe occidentale sont entr\u00e9s aux \u00c9tats-Unis, selon les donn\u00e9es provisoires de l&rsquo;autorit\u00e9 du tourisme, qui fait partie du minist\u00e8re am\u00e9ricain du commerce.<\/p>\n<div id=\"attachment_413436\" class=\"wp-caption alignleft\" style=\"max-width: 200px\"><img fetchpriority=\"high\" decoding=\"async\" class=\"wp-image-413436 size-medium\" src=\"https:\/\/vieassociative.be\/actualites\/wp-content\/uploads\/2025\/04\/Moins-et-moins-les-Belges-voyagent-aux-Etats-Unis-leffet-Trump.jpg\" alt=\"\" width=\"200\" height=\"300\"  ><\/p>\n<p class=\"wp-caption-text\">\u00c0 quel point \u00eates-vous libre de la Statue de la Libert\u00e9? Photo: pixabay<\/p>\n<\/div>\n<p>Il s&rsquo;agit d&rsquo;une baisse de 17% dans la comparaison de l&rsquo;ann\u00e9e et donc de la baisse significative de la comparaison annuelle (sans pand\u00e9mie) depuis 2009, lorsque les \u00c9tats-Unis sont entr\u00e9s dans la Grande R\u00e9cession en raison de la crise financi\u00e8re.<\/p>\n<p>De la Belgique, 18 824 personnes se sont rendus aux \u00c9tats-Unis le mois dernier. C&rsquo;\u00e9tait 16% de moins que l&rsquo;ann\u00e9e pr\u00e9c\u00e9dente, par laquelle la baisse a continu\u00e9 de s&rsquo;acc\u00e9l\u00e9rer par rapport \u00e0 f\u00e9vrier (-9%) et janvier (-3%). Les chiffres confirment ainsi les d\u00e9clarations de plusieurs dirigeants de l&rsquo;industrie du tourisme, qui observent une baisse significative des r\u00e9servations de voyages aux \u00c9tats-Unis.<\/p>\n<p>Le site Web du F\u00f6d avec des instructions de voyage belge d\u00e9crit les \u00c9tats-Unis comme un \u00ab\u00a0pays relativement s\u00fbr pour les touristes\u00a0\u00bb, mais avertit que \u00ab\u00a0le risque d&rsquo;\u00eatre temporairement d\u00e9tenu \u00e0 la fronti\u00e8re ou d&rsquo;\u00eatre rendu dans le pays d&rsquo;origine avec le premier vol\u00a0\u00bb.<\/p>\n<p>Litt\u00e9ralement cela signifie sous <u>https:\/\/diplomacy.belgium.be\/fr\/<\/u>: \u00ab\u00a0Des infractions p\u00e9nales, des informations incorrectes sur l&rsquo;objectif de la r\u00e9sidence ou m\u00eame un mineur d\u00e9passant la dur\u00e9e du s\u00e9jour peuvent entra\u00eener une arrestation, une d\u00e9tention, des forces de l&rsquo;ordre et une expulsion, \u00e0 la fois lorsqu&rsquo;elles entrent dans le pays et lorsqu&rsquo;ils partent. En outre, les agents d&rsquo;immigration peuvent exiger de rechercher des appareils \u00e9lectroniques tels que les smartphones, les ordinateurs et les cam\u00e9ras.\u00a0\u00bb<\/p>\n<p>En fait, les touristes belges se sont r\u00e9cemment plaints d&rsquo;avoir \u00e9t\u00e9 enregistr\u00e9s par l&rsquo;autorit\u00e9 d&rsquo;immigration et de douane pendant plusieurs jours, dans certains cas, m\u00eame sans raison apparente, comme l&rsquo;\u00e9crivent les deux journaux. (Cre)<\/p>\n","protected":false},"excerpt":{"rendered":"<p>Un effet Trump est clairement perceptible dans les voyages aux \u00c9tats-Unis: le nombre de touristes europ\u00e9ens qui se sont rendus aux \u00c9tats-Unis a fortement diminu\u00e9<\/p>\n","protected":false},"author":1,"featured_media":6763,"comment_status":"","ping_status":"","sticky":false,"template":"","format":"standard","meta":{"footnotes":""},"categories":[298],"tags":[289,397,290,6433,14,469,2425,6432],"class_list":["post-6762","post","type-post","status-publish","format-standard","has-post-thumbnail","hentry","category-belgique","tag-aux","tag-belges","tag-etatsunis","tag-leffet","tag-les","tag-moins","tag-trump","tag-voyagent","generate-columns","tablet-grid-50","mobile-grid-100","grid-parent","grid-33"],"yoast_head":"<!-- This site is optimized with the Yoast SEO plugin v24.0 - https:\/\/yoast.com\/wordpress\/plugins\/seo\/ -->\n<title>Moins et moins les Belges voyagent aux \u00c9tats-Unis: l&#039;effet Trump? | Vie Associative<\/title>\n<meta name=\"robots\" content=\"index, follow, max-snippet:-1, max-image-preview:large, max-video-preview:-1\" \/>\n<link rel=\"canonical\" href=\"https:\/\/vieassociative.be\/actualites\/moins-et-moins-les-belges-voyagent-aux-etats-unis-leffet-trump\/\" \/>\n<meta property=\"og:locale\" content=\"fr_FR\" \/>\n<meta property=\"og:type\" content=\"article\" \/>\n<meta property=\"og:title\" content=\"Moins et moins les Belges voyagent aux \u00c9tats-Unis: l&#039;effet Trump? | Vie Associative\" \/>\n<meta property=\"og:description\" content=\"Un effet Trump est clairement perceptible dans les voyages aux \u00c9tats-Unis: le nombre de touristes europ\u00e9ens qui se sont rendus aux \u00c9tats-Unis a fortement diminu\u00e9\" \/>\n<meta property=\"og:url\" content=\"https:\/\/vieassociative.be\/actualites\/moins-et-moins-les-belges-voyagent-aux-etats-unis-leffet-trump\/\" \/>\n<meta property=\"og:site_name\" content=\"Vie Associative\" \/>\n<meta property=\"article:published_time\" content=\"2025-04-16T08:18:48+00:00\" \/>\n<meta property=\"og:image\" content=\"https:\/\/vieassociative.be\/actualites\/wp-content\/uploads\/2024\/09\/header_backgroundk-01-e1726694325946.png\" \/>\n\t<meta property=\"og:image:width\" content=\"279\" \/>\n\t<meta property=\"og:image:height\" content=\"92\" \/>\n\t<meta property=\"og:image:type\" content=\"image\/png\" \/>\n<meta name=\"author\" content=\"Julien\" \/>\n<meta name=\"twitter:card\" content=\"summary_large_image\" \/>\n<meta name=\"twitter:label1\" content=\"\u00c9crit par\" \/>\n\t<meta name=\"twitter:data1\" content=\"Julien\" \/>\n\t<meta name=\"twitter:label2\" content=\"Dur\u00e9e de lecture est.\" \/>\n\t<meta name=\"twitter:data2\" content=\"2 minutes\" \/>\n<script type=\"application\/ld+json\" class=\"yoast-schema-graph\">{\"@context\":\"https:\/\/schema.org\",\"@graph\":[{\"@type\":\"Article\",\"@id\":\"https:\/\/vieassociative.be\/actualites\/moins-et-moins-les-belges-voyagent-aux-etats-unis-leffet-trump\/#article\",\"isPartOf\":{\"@id\":\"https:\/\/vieassociative.be\/actualites\/moins-et-moins-les-belges-voyagent-aux-etats-unis-leffet-trump\/\"},\"author\":{\"name\":\"Julien\",\"@id\":\"https:\/\/vieassociative.be\/actualites\/#\/schema\/person\/b87ac4f82f9d4e7b7cec7395b679edc4\"},\"headline\":\"Moins et moins les Belges voyagent aux \u00c9tats-Unis: l&rsquo;effet Trump?\",\"datePublished\":\"2025-04-16T08:18:48+00:00\",\"dateModified\":\"2025-04-16T08:18:48+00:00\",\"mainEntityOfPage\":{\"@id\":\"https:\/\/vieassociative.be\/actualites\/moins-et-moins-les-belges-voyagent-aux-etats-unis-leffet-trump\/\"},\"wordCount\":492,\"publisher\":{\"@id\":\"https:\/\/vieassociative.be\/actualites\/#organization\"},\"image\":{\"@id\":\"https:\/\/vieassociative.be\/actualites\/moins-et-moins-les-belges-voyagent-aux-etats-unis-leffet-trump\/#primaryimage\"},\"thumbnailUrl\":\"https:\/\/vieassociative.be\/actualites\/wp-content\/uploads\/2025\/04\/1744791529_Moins-et-moins-les-Belges-voyagent-aux-Etats-Unis-leffet-Trump.jpg\",\"keywords\":[\"aux\",\"Belges\",\"\u00c9tatsUnis\",\"leffet\",\"Les\",\"moins\",\"Trump\",\"voyagent\"],\"articleSection\":[\"Belgique\"],\"inLanguage\":\"fr-BE\"},{\"@type\":\"WebPage\",\"@id\":\"https:\/\/vieassociative.be\/actualites\/moins-et-moins-les-belges-voyagent-aux-etats-unis-leffet-trump\/\",\"url\":\"https:\/\/vieassociative.be\/actualites\/moins-et-moins-les-belges-voyagent-aux-etats-unis-leffet-trump\/\",\"name\":\"Moins et moins les Belges voyagent aux \u00c9tats-Unis: l'effet Trump? | Vie Associative\",\"isPartOf\":{\"@id\":\"https:\/\/vieassociative.be\/actualites\/#website\"},\"primaryImageOfPage\":{\"@id\":\"https:\/\/vieassociative.be\/actualites\/moins-et-moins-les-belges-voyagent-aux-etats-unis-leffet-trump\/#primaryimage\"},\"image\":{\"@id\":\"https:\/\/vieassociative.be\/actualites\/moins-et-moins-les-belges-voyagent-aux-etats-unis-leffet-trump\/#primaryimage\"},\"thumbnailUrl\":\"https:\/\/vieassociative.be\/actualites\/wp-content\/uploads\/2025\/04\/1744791529_Moins-et-moins-les-Belges-voyagent-aux-Etats-Unis-leffet-Trump.jpg\",\"datePublished\":\"2025-04-16T08:18:48+00:00\",\"dateModified\":\"2025-04-16T08:18:48+00:00\",\"breadcrumb\":{\"@id\":\"https:\/\/vieassociative.be\/actualites\/moins-et-moins-les-belges-voyagent-aux-etats-unis-leffet-trump\/#breadcrumb\"},\"inLanguage\":\"fr-BE\",\"potentialAction\":[{\"@type\":\"ReadAction\",\"target\":[\"https:\/\/vieassociative.be\/actualites\/moins-et-moins-les-belges-voyagent-aux-etats-unis-leffet-trump\/\"]}]},{\"@type\":\"ImageObject\",\"inLanguage\":\"fr-BE\",\"@id\":\"https:\/\/vieassociative.be\/actualites\/moins-et-moins-les-belges-voyagent-aux-etats-unis-leffet-trump\/#primaryimage\",\"url\":\"https:\/\/vieassociative.be\/actualites\/wp-content\/uploads\/2025\/04\/1744791529_Moins-et-moins-les-Belges-voyagent-aux-Etats-Unis-leffet-Trump.jpg\",\"contentUrl\":\"https:\/\/vieassociative.be\/actualites\/wp-content\/uploads\/2025\/04\/1744791529_Moins-et-moins-les-Belges-voyagent-aux-Etats-Unis-leffet-Trump.jpg\",\"width\":1280,\"height\":441,\"caption\":\"Moins et moins les Belges voyagent aux \u00c9tats-Unis: l'effet Trump?\"},{\"@type\":\"BreadcrumbList\",\"@id\":\"https:\/\/vieassociative.be\/actualites\/moins-et-moins-les-belges-voyagent-aux-etats-unis-leffet-trump\/#breadcrumb\",\"itemListElement\":[{\"@type\":\"ListItem\",\"position\":1,\"name\":\"Accueil\",\"item\":\"https:\/\/vieassociative.be\/actualites\/\"},{\"@type\":\"ListItem\",\"position\":2,\"name\":\"Moins et moins les Belges voyagent aux \u00c9tats-Unis: l&rsquo;effet Trump?\"}]},{\"@type\":\"WebSite\",\"@id\":\"https:\/\/vieassociative.be\/actualites\/#website\",\"url\":\"https:\/\/vieassociative.be\/actualites\/\",\"name\":\"Vie Associative\",\"description\":\"\",\"publisher\":{\"@id\":\"https:\/\/vieassociative.be\/actualites\/#organization\"},\"potentialAction\":[{\"@type\":\"SearchAction\",\"target\":{\"@type\":\"EntryPoint\",\"urlTemplate\":\"https:\/\/vieassociative.be\/actualites\/?s={search_term_string}\"},\"query-input\":{\"@type\":\"PropertyValueSpecification\",\"valueRequired\":true,\"valueName\":\"search_term_string\"}}],\"inLanguage\":\"fr-BE\"},{\"@type\":\"Organization\",\"@id\":\"https:\/\/vieassociative.be\/actualites\/#organization\",\"name\":\"Vie Associative\",\"url\":\"https:\/\/vieassociative.be\/actualites\/\",\"logo\":{\"@type\":\"ImageObject\",\"inLanguage\":\"fr-BE\",\"@id\":\"https:\/\/vieassociative.be\/actualites\/#\/schema\/logo\/image\/\",\"url\":\"https:\/\/vieassociative.be\/actualites\/wp-content\/uploads\/2024\/09\/cropped-vieassociative_favicon.ico.png\",\"contentUrl\":\"https:\/\/vieassociative.be\/actualites\/wp-content\/uploads\/2024\/09\/cropped-vieassociative_favicon.ico.png\",\"width\":512,\"height\":512,\"caption\":\"Vie Associative\"},\"image\":{\"@id\":\"https:\/\/vieassociative.be\/actualites\/#\/schema\/logo\/image\/\"}},{\"@type\":\"Person\",\"@id\":\"https:\/\/vieassociative.be\/actualites\/#\/schema\/person\/b87ac4f82f9d4e7b7cec7395b679edc4\",\"name\":\"Julien\",\"image\":{\"@type\":\"ImageObject\",\"inLanguage\":\"fr-BE\",\"@id\":\"https:\/\/vieassociative.be\/actualites\/#\/schema\/person\/image\/\",\"url\":\"https:\/\/vieassociative.be\/actualites\/wp-content\/uploads\/2024\/09\/vie-associative-1-150x150.jpg\",\"contentUrl\":\"https:\/\/vieassociative.be\/actualites\/wp-content\/uploads\/2024\/09\/vie-associative-1-150x150.jpg\",\"caption\":\"Julien\"},\"description\":\"Je suis Julien, r\u00e9dacteur pour Vie Associative. Passionn\u00e9 par le monde associatif depuis plus de 10 ans, j'ai \u00e0 c\u0153ur de partager des histoires inspirantes et de mettre en lumi\u00e8re les initiatives locales. Mon objectif est de sensibiliser et d'encourager l'engagement communautaire \u00e0 travers mes articles.\",\"sameAs\":[\"https:\/\/vieassociative.be\/\"]}]}<\/script>\n<!-- \/ Yoast SEO plugin. -->","yoast_head_json":{"title":"Moins et moins les Belges voyagent aux \u00c9tats-Unis: l'effet Trump? | Vie Associative","robots":{"index":"index","follow":"follow","max-snippet":"max-snippet:-1","max-image-preview":"max-image-preview:large","max-video-preview":"max-video-preview:-1"},"canonical":"https:\/\/vieassociative.be\/actualites\/moins-et-moins-les-belges-voyagent-aux-etats-unis-leffet-trump\/","og_locale":"fr_FR","og_type":"article","og_title":"Moins et moins les Belges voyagent aux \u00c9tats-Unis: l'effet Trump? | Vie Associative","og_description":"Un effet Trump est clairement perceptible dans les voyages aux \u00c9tats-Unis: le nombre de touristes europ\u00e9ens qui se sont rendus aux \u00c9tats-Unis a fortement diminu\u00e9","og_url":"https:\/\/vieassociative.be\/actualites\/moins-et-moins-les-belges-voyagent-aux-etats-unis-leffet-trump\/","og_site_name":"Vie Associative","article_published_time":"2025-04-16T08:18:48+00:00","og_image":[{"width":279,"height":92,"url":"https:\/\/vieassociative.be\/actualites\/wp-content\/uploads\/2024\/09\/header_backgroundk-01-e1726694325946.png","type":"image\/png"}],"author":"Julien","twitter_card":"summary_large_image","twitter_misc":{"\u00c9crit par":"Julien","Dur\u00e9e de lecture est.":"2 minutes"},"schema":{"@context":"https:\/\/schema.org","@graph":[{"@type":"Article","@id":"https:\/\/vieassociative.be\/actualites\/moins-et-moins-les-belges-voyagent-aux-etats-unis-leffet-trump\/#article","isPartOf":{"@id":"https:\/\/vieassociative.be\/actualites\/moins-et-moins-les-belges-voyagent-aux-etats-unis-leffet-trump\/"},"author":{"name":"Julien","@id":"https:\/\/vieassociative.be\/actualites\/#\/schema\/person\/b87ac4f82f9d4e7b7cec7395b679edc4"},"headline":"Moins et moins les Belges voyagent aux \u00c9tats-Unis: l&rsquo;effet Trump?","datePublished":"2025-04-16T08:18:48+00:00","dateModified":"2025-04-16T08:18:48+00:00","mainEntityOfPage":{"@id":"https:\/\/vieassociative.be\/actualites\/moins-et-moins-les-belges-voyagent-aux-etats-unis-leffet-trump\/"},"wordCount":492,"publisher":{"@id":"https:\/\/vieassociative.be\/actualites\/#organization"},"image":{"@id":"https:\/\/vieassociative.be\/actualites\/moins-et-moins-les-belges-voyagent-aux-etats-unis-leffet-trump\/#primaryimage"},"thumbnailUrl":"https:\/\/vieassociative.be\/actualites\/wp-content\/uploads\/2025\/04\/1744791529_Moins-et-moins-les-Belges-voyagent-aux-Etats-Unis-leffet-Trump.jpg","keywords":["aux","Belges","\u00c9tatsUnis","leffet","Les","moins","Trump","voyagent"],"articleSection":["Belgique"],"inLanguage":"fr-BE"},{"@type":"WebPage","@id":"https:\/\/vieassociative.be\/actualites\/moins-et-moins-les-belges-voyagent-aux-etats-unis-leffet-trump\/","url":"https:\/\/vieassociative.be\/actualites\/moins-et-moins-les-belges-voyagent-aux-etats-unis-leffet-trump\/","name":"Moins et moins les Belges voyagent aux \u00c9tats-Unis: l'effet Trump? | Vie Associative","isPartOf":{"@id":"https:\/\/vieassociative.be\/actualites\/#website"},"primaryImageOfPage":{"@id":"https:\/\/vieassociative.be\/actualites\/moins-et-moins-les-belges-voyagent-aux-etats-unis-leffet-trump\/#primaryimage"},"image":{"@id":"https:\/\/vieassociative.be\/actualites\/moins-et-moins-les-belges-voyagent-aux-etats-unis-leffet-trump\/#primaryimage"},"thumbnailUrl":"https:\/\/vieassociative.be\/actualites\/wp-content\/uploads\/2025\/04\/1744791529_Moins-et-moins-les-Belges-voyagent-aux-Etats-Unis-leffet-Trump.jpg","datePublished":"2025-04-16T08:18:48+00:00","dateModified":"2025-04-16T08:18:48+00:00","breadcrumb":{"@id":"https:\/\/vieassociative.be\/actualites\/moins-et-moins-les-belges-voyagent-aux-etats-unis-leffet-trump\/#breadcrumb"},"inLanguage":"fr-BE","potentialAction":[{"@type":"ReadAction","target":["https:\/\/vieassociative.be\/actualites\/moins-et-moins-les-belges-voyagent-aux-etats-unis-leffet-trump\/"]}]},{"@type":"ImageObject","inLanguage":"fr-BE","@id":"https:\/\/vieassociative.be\/actualites\/moins-et-moins-les-belges-voyagent-aux-etats-unis-leffet-trump\/#primaryimage","url":"https:\/\/vieassociative.be\/actualites\/wp-content\/uploads\/2025\/04\/1744791529_Moins-et-moins-les-Belges-voyagent-aux-Etats-Unis-leffet-Trump.jpg","contentUrl":"https:\/\/vieassociative.be\/actualites\/wp-content\/uploads\/2025\/04\/1744791529_Moins-et-moins-les-Belges-voyagent-aux-Etats-Unis-leffet-Trump.jpg","width":1280,"height":441,"caption":"Moins et moins les Belges voyagent aux \u00c9tats-Unis: l'effet Trump?"},{"@type":"BreadcrumbList","@id":"https:\/\/vieassociative.be\/actualites\/moins-et-moins-les-belges-voyagent-aux-etats-unis-leffet-trump\/#breadcrumb","itemListElement":[{"@type":"ListItem","position":1,"name":"Accueil","item":"https:\/\/vieassociative.be\/actualites\/"},{"@type":"ListItem","position":2,"name":"Moins et moins les Belges voyagent aux \u00c9tats-Unis: l&rsquo;effet Trump?"}]},{"@type":"WebSite","@id":"https:\/\/vieassociative.be\/actualites\/#website","url":"https:\/\/vieassociative.be\/actualites\/","name":"Vie Associative","description":"","publisher":{"@id":"https:\/\/vieassociative.be\/actualites\/#organization"},"potentialAction":[{"@type":"SearchAction","target":{"@type":"EntryPoint","urlTemplate":"https:\/\/vieassociative.be\/actualites\/?s={search_term_string}"},"query-input":{"@type":"PropertyValueSpecification","valueRequired":true,"valueName":"search_term_string"}}],"inLanguage":"fr-BE"},{"@type":"Organization","@id":"https:\/\/vieassociative.be\/actualites\/#organization","name":"Vie Associative","url":"https:\/\/vieassociative.be\/actualites\/","logo":{"@type":"ImageObject","inLanguage":"fr-BE","@id":"https:\/\/vieassociative.be\/actualites\/#\/schema\/logo\/image\/","url":"https:\/\/vieassociative.be\/actualites\/wp-content\/uploads\/2024\/09\/cropped-vieassociative_favicon.ico.png","contentUrl":"https:\/\/vieassociative.be\/actualites\/wp-content\/uploads\/2024\/09\/cropped-vieassociative_favicon.ico.png","width":512,"height":512,"caption":"Vie Associative"},"image":{"@id":"https:\/\/vieassociative.be\/actualites\/#\/schema\/logo\/image\/"}},{"@type":"Person","@id":"https:\/\/vieassociative.be\/actualites\/#\/schema\/person\/b87ac4f82f9d4e7b7cec7395b679edc4","name":"Julien","image":{"@type":"ImageObject","inLanguage":"fr-BE","@id":"https:\/\/vieassociative.be\/actualites\/#\/schema\/person\/image\/","url":"https:\/\/vieassociative.be\/actualites\/wp-content\/uploads\/2024\/09\/vie-associative-1-150x150.jpg","contentUrl":"https:\/\/vieassociative.be\/actualites\/wp-content\/uploads\/2024\/09\/vie-associative-1-150x150.jpg","caption":"Julien"},"description":"Je suis Julien, r\u00e9dacteur pour Vie Associative. Passionn\u00e9 par le monde associatif depuis plus de 10 ans, j'ai \u00e0 c\u0153ur de partager des histoires inspirantes et de mettre en lumi\u00e8re les initiatives locales. Mon objectif est de sensibiliser et d'encourager l'engagement communautaire \u00e0 travers mes articles.","sameAs":["https:\/\/vieassociative.be\/"]}]}},"_links":{"self":[{"href":"https:\/\/vieassociative.be\/actualites\/wp-json\/wp\/v2\/posts\/6762"}],"collection":[{"href":"https:\/\/vieassociative.be\/actualites\/wp-json\/wp\/v2\/posts"}],"about":[{"href":"https:\/\/vieassociative.be\/actualites\/wp-json\/wp\/v2\/types\/post"}],"author":[{"embeddable":true,"href":"https:\/\/vieassociative.be\/actualites\/wp-json\/wp\/v2\/users\/1"}],"replies":[{"embeddable":true,"href":"https:\/\/vieassociative.be\/actualites\/wp-json\/wp\/v2\/comments?post=6762"}],"version-history":[{"count":0,"href":"https:\/\/vieassociative.be\/actualites\/wp-json\/wp\/v2\/posts\/6762\/revisions"}],"wp:featuredmedia":[{"embeddable":true,"href":"https:\/\/vieassociative.be\/actualites\/wp-json\/wp\/v2\/media\/6763"}],"wp:attachment":[{"href":"https:\/\/vieassociative.be\/actualites\/wp-json\/wp\/v2\/media?parent=6762"}],"wp:term":[{"taxonomy":"category","embeddable":true,"href":"https:\/\/vieassociative.be\/actualites\/wp-json\/wp\/v2\/categories?post=6762"},{"taxonomy":"post_tag","embeddable":true,"href":"https:\/\/vieassociative.be\/actualites\/wp-json\/wp\/v2\/tags?post=6762"}],"curies":[{"name":"wp","href":"https:\/\/api.w.org\/{rel}","templated":true}]}}