{"id":6756,"date":"2025-04-16T04:17:34","date_gmt":"2025-04-16T02:17:34","guid":{"rendered":"https:\/\/vieassociative.be\/actualites\/borussia-dortmund-et-aston-villa-mlle-miracles-contre-le-fc-barcelone-et-paris-sg\/"},"modified":"2025-04-16T04:17:34","modified_gmt":"2025-04-16T02:17:34","slug":"borussia-dortmund-et-aston-villa-mlle-miracles-contre-le-fc-barcelone-et-paris-sg","status":"publish","type":"post","link":"https:\/\/vieassociative.be\/actualites\/borussia-dortmund-et-aston-villa-mlle-miracles-contre-le-fc-barcelone-et-paris-sg\/","title":{"rendered":"Borussia Dortmund et Aston Villa Mlle Miracles contre le FC Barcelone et Paris SG"},"content":{"rendered":"<p><strong>Sur les deux premiers deuxi\u00e8me matchs en quart de finale de la Ligue des champions, il n&rsquo;y avait plus d&rsquo;attentes dans l&rsquo;opinion des r\u00e9sultats clairs lors des premiers jambes. Cependant, l&rsquo;inverse \u00e9tait le cas: le Borussia Dortmund et Aston Villa \u00e0 la fin pas beaucoup pour un miracle contre Barcelone et Paris Saint-Germain.<\/strong><\/p>\n<p><span id=\"more-413474\"><\/span>Six jours apr\u00e8s la d\u00e9faite de 0: 4 \u00e0 Barcelone, le Borussia Dortmund a montr\u00e9 une bien meilleure performance et a pu mettre fin \u00e0 la s\u00e9rie de succ\u00e8s des 24 jeux comp\u00e9titifs de Catalans invaincus avec la victoire 3: 1 (1: 0).<\/p>\n<p>Un pack \u00e0 trois de Serhou Guirassy (11e minute, p\u00e9nalit\u00e9 \/ 49. \/ 76.) Bien que les Dortmunders aient pu gagner, mais plus pour progresser. Gr\u00e2ce \u00e0 un propre objectif de Ramy Bensebaini (54e), les invit\u00e9s sont venus dans l&rsquo;intervalle. En demi-finale, le FC Barcelone rencontre l&rsquo;Inter Milan ou le FC Bayern Munich, qui s&rsquo;affrontent mercredi.<\/p>\n<\/p>\n<div id=\"attachment_413479\" class=\"wp-caption alignleft\" style=\"max-width: 300px\"><img fetchpriority=\"high\" decoding=\"async\" class=\"wp-image-413479 size-medium\" src=\"https:\/\/vieassociative.be\/actualites\/wp-content\/uploads\/2025\/04\/Borussia-Dortmund-et-Aston-Villa-Mlle-Miracles-contre-le-FC.jpg\" alt=\"\" width=\"300\" height=\"195\"><\/p>\n<p class=\"wp-caption-text\">15\/04\/2025, Grande-Bretagne, Birmingham: Youri Tielemans d&rsquo;Aston Villa descend lorsque Willian Pacho l&rsquo;a fait tomber par Paris Saint-Germain. Photo: David Davies \/ Pa Wire \/ DPA<\/p>\n<\/div>\n<p>Paris Saint-Germain a trembl\u00e9 en demi-finale de la Ligue des champions avec une d\u00e9faite \u00e0 Aston Villa. Le favori du titre a perdu le spectaculaire quart de finale secondaire avec les Anglais avec 2: 3 (2: 1), mais gr\u00e2ce au succ\u00e8s 3-1 du match aller.<\/p>\n<p>Avant le match, il y avait bri\u00e8vement confusion parce que l&rsquo;hymne de la Ligue Europa avait \u00e9t\u00e9 jou\u00e9 au lieu de l&rsquo;hymne de la classe royale. Les joueurs des deux \u00e9quipes ont souri.<\/p>\n<p>L&rsquo;ancien Dortmund Achraf Hakimi (11e minute) et Nuno Mendes (27e) ont apport\u00e9 les invit\u00e9s t\u00f4t apr\u00e8s la rupture musicale. Mais ensuite, Youri Tielemans (34e), John McGinn (55e) et Ezri Konsa (57.) ont transform\u00e9 le jeu rapide en faveur de l&rsquo;\u00e9quipe de l&rsquo;entra\u00eeneur Unai Emery. Cependant, Villa n&rsquo;a pas marqu\u00e9 un autre but, \u00e9galement parce que Paris \u00e9tait \u00e9tonnamment en toute confiance apr\u00e8s le d\u00e9ficit.<\/p>\n<p>En demi-finale, les Fran\u00e7ais rencontrent d\u00e9sormais le vainqueur du match entre le Real Madrid et le FC Arsenal \u00e0 partir de fin avril. Les Anglais avaient remport\u00e9 le match aller 3-0. (DPA)<\/p>\n","protected":false},"excerpt":{"rendered":"<p>Sur les deux premiers deuxi\u00e8me matchs en quart de finale de la Ligue des champions, il n&rsquo;y avait plus d&rsquo;attentes dans l&rsquo;opinion des r\u00e9sultats clairs<\/p>\n","protected":false},"author":1,"featured_media":6757,"comment_status":"","ping_status":"","sticky":false,"template":"","format":"standard","meta":{"footnotes":""},"categories":[298],"tags":[5464,371,4677,796,2475,6430,6356,2447,5465],"class_list":["post-6756","post","type-post","status-publish","format-standard","has-post-thumbnail","hentry","category-belgique","tag-aston","tag-barcelone","tag-borussia","tag-contre","tag-dortmund","tag-miracles","tag-mlle","tag-paris","tag-villa","generate-columns","tablet-grid-50","mobile-grid-100","grid-parent","grid-33"],"yoast_head":"<!-- This site is optimized with the Yoast SEO plugin v24.0 - https:\/\/yoast.com\/wordpress\/plugins\/seo\/ -->\n<title>Borussia Dortmund et Aston Villa Mlle Miracles contre le FC Barcelone et Paris SG | Vie Associative<\/title>\n<meta name=\"robots\" content=\"index, follow, max-snippet:-1, max-image-preview:large, max-video-preview:-1\" \/>\n<link rel=\"canonical\" href=\"https:\/\/vieassociative.be\/actualites\/borussia-dortmund-et-aston-villa-mlle-miracles-contre-le-fc-barcelone-et-paris-sg\/\" \/>\n<meta property=\"og:locale\" content=\"fr_FR\" \/>\n<meta property=\"og:type\" content=\"article\" \/>\n<meta property=\"og:title\" content=\"Borussia Dortmund et Aston Villa Mlle Miracles contre le FC Barcelone et Paris SG | Vie Associative\" \/>\n<meta property=\"og:description\" content=\"Sur les deux premiers deuxi\u00e8me matchs en quart de finale de la Ligue des champions, il n&rsquo;y avait plus d&rsquo;attentes dans l&rsquo;opinion des r\u00e9sultats clairs\" \/>\n<meta property=\"og:url\" content=\"https:\/\/vieassociative.be\/actualites\/borussia-dortmund-et-aston-villa-mlle-miracles-contre-le-fc-barcelone-et-paris-sg\/\" \/>\n<meta property=\"og:site_name\" content=\"Vie Associative\" \/>\n<meta property=\"article:published_time\" content=\"2025-04-16T02:17:34+00:00\" \/>\n<meta property=\"og:image\" content=\"https:\/\/vieassociative.be\/actualites\/wp-content\/uploads\/2024\/09\/header_backgroundk-01-e1726694325946.png\" \/>\n\t<meta property=\"og:image:width\" content=\"279\" \/>\n\t<meta property=\"og:image:height\" content=\"92\" \/>\n\t<meta property=\"og:image:type\" content=\"image\/png\" \/>\n<meta name=\"author\" content=\"Julien\" \/>\n<meta name=\"twitter:card\" content=\"summary_large_image\" \/>\n<meta name=\"twitter:label1\" content=\"\u00c9crit par\" \/>\n\t<meta name=\"twitter:data1\" content=\"Julien\" \/>\n\t<meta name=\"twitter:label2\" content=\"Dur\u00e9e de lecture est.\" \/>\n\t<meta name=\"twitter:data2\" content=\"2 minutes\" \/>\n<script type=\"application\/ld+json\" class=\"yoast-schema-graph\">{\"@context\":\"https:\/\/schema.org\",\"@graph\":[{\"@type\":\"Article\",\"@id\":\"https:\/\/vieassociative.be\/actualites\/borussia-dortmund-et-aston-villa-mlle-miracles-contre-le-fc-barcelone-et-paris-sg\/#article\",\"isPartOf\":{\"@id\":\"https:\/\/vieassociative.be\/actualites\/borussia-dortmund-et-aston-villa-mlle-miracles-contre-le-fc-barcelone-et-paris-sg\/\"},\"author\":{\"name\":\"Julien\",\"@id\":\"https:\/\/vieassociative.be\/actualites\/#\/schema\/person\/b87ac4f82f9d4e7b7cec7395b679edc4\"},\"headline\":\"Borussia Dortmund et Aston Villa Mlle Miracles contre le FC Barcelone et Paris SG\",\"datePublished\":\"2025-04-16T02:17:34+00:00\",\"dateModified\":\"2025-04-16T02:17:34+00:00\",\"mainEntityOfPage\":{\"@id\":\"https:\/\/vieassociative.be\/actualites\/borussia-dortmund-et-aston-villa-mlle-miracles-contre-le-fc-barcelone-et-paris-sg\/\"},\"wordCount\":376,\"publisher\":{\"@id\":\"https:\/\/vieassociative.be\/actualites\/#organization\"},\"image\":{\"@id\":\"https:\/\/vieassociative.be\/actualites\/borussia-dortmund-et-aston-villa-mlle-miracles-contre-le-fc-barcelone-et-paris-sg\/#primaryimage\"},\"thumbnailUrl\":\"https:\/\/vieassociative.be\/actualites\/wp-content\/uploads\/2025\/04\/1744769855_Borussia-Dortmund-et-Aston-Villa-Mlle-Miracles-contre-le-FC.jpg\",\"keywords\":[\"Aston\",\"Barcelone\",\"Borussia\",\"contre\",\"Dortmund\",\"Miracles\",\"Mlle\",\"Paris\",\"Villa\"],\"articleSection\":[\"Belgique\"],\"inLanguage\":\"fr-BE\"},{\"@type\":\"WebPage\",\"@id\":\"https:\/\/vieassociative.be\/actualites\/borussia-dortmund-et-aston-villa-mlle-miracles-contre-le-fc-barcelone-et-paris-sg\/\",\"url\":\"https:\/\/vieassociative.be\/actualites\/borussia-dortmund-et-aston-villa-mlle-miracles-contre-le-fc-barcelone-et-paris-sg\/\",\"name\":\"Borussia Dortmund et Aston Villa Mlle Miracles contre le FC Barcelone et Paris SG | Vie Associative\",\"isPartOf\":{\"@id\":\"https:\/\/vieassociative.be\/actualites\/#website\"},\"primaryImageOfPage\":{\"@id\":\"https:\/\/vieassociative.be\/actualites\/borussia-dortmund-et-aston-villa-mlle-miracles-contre-le-fc-barcelone-et-paris-sg\/#primaryimage\"},\"image\":{\"@id\":\"https:\/\/vieassociative.be\/actualites\/borussia-dortmund-et-aston-villa-mlle-miracles-contre-le-fc-barcelone-et-paris-sg\/#primaryimage\"},\"thumbnailUrl\":\"https:\/\/vieassociative.be\/actualites\/wp-content\/uploads\/2025\/04\/1744769855_Borussia-Dortmund-et-Aston-Villa-Mlle-Miracles-contre-le-FC.jpg\",\"datePublished\":\"2025-04-16T02:17:34+00:00\",\"dateModified\":\"2025-04-16T02:17:34+00:00\",\"breadcrumb\":{\"@id\":\"https:\/\/vieassociative.be\/actualites\/borussia-dortmund-et-aston-villa-mlle-miracles-contre-le-fc-barcelone-et-paris-sg\/#breadcrumb\"},\"inLanguage\":\"fr-BE\",\"potentialAction\":[{\"@type\":\"ReadAction\",\"target\":[\"https:\/\/vieassociative.be\/actualites\/borussia-dortmund-et-aston-villa-mlle-miracles-contre-le-fc-barcelone-et-paris-sg\/\"]}]},{\"@type\":\"ImageObject\",\"inLanguage\":\"fr-BE\",\"@id\":\"https:\/\/vieassociative.be\/actualites\/borussia-dortmund-et-aston-villa-mlle-miracles-contre-le-fc-barcelone-et-paris-sg\/#primaryimage\",\"url\":\"https:\/\/vieassociative.be\/actualites\/wp-content\/uploads\/2025\/04\/1744769855_Borussia-Dortmund-et-Aston-Villa-Mlle-Miracles-contre-le-FC.jpg\",\"contentUrl\":\"https:\/\/vieassociative.be\/actualites\/wp-content\/uploads\/2025\/04\/1744769855_Borussia-Dortmund-et-Aston-Villa-Mlle-Miracles-contre-le-FC.jpg\",\"width\":1200,\"height\":800,\"caption\":\"Borussia Dortmund et Aston Villa Mlle Miracles contre le FC Barcelone et Paris SG\"},{\"@type\":\"BreadcrumbList\",\"@id\":\"https:\/\/vieassociative.be\/actualites\/borussia-dortmund-et-aston-villa-mlle-miracles-contre-le-fc-barcelone-et-paris-sg\/#breadcrumb\",\"itemListElement\":[{\"@type\":\"ListItem\",\"position\":1,\"name\":\"Accueil\",\"item\":\"https:\/\/vieassociative.be\/actualites\/\"},{\"@type\":\"ListItem\",\"position\":2,\"name\":\"Borussia Dortmund et Aston Villa Mlle Miracles contre le FC Barcelone et Paris SG\"}]},{\"@type\":\"WebSite\",\"@id\":\"https:\/\/vieassociative.be\/actualites\/#website\",\"url\":\"https:\/\/vieassociative.be\/actualites\/\",\"name\":\"Vie Associative\",\"description\":\"\",\"publisher\":{\"@id\":\"https:\/\/vieassociative.be\/actualites\/#organization\"},\"potentialAction\":[{\"@type\":\"SearchAction\",\"target\":{\"@type\":\"EntryPoint\",\"urlTemplate\":\"https:\/\/vieassociative.be\/actualites\/?s={search_term_string}\"},\"query-input\":{\"@type\":\"PropertyValueSpecification\",\"valueRequired\":true,\"valueName\":\"search_term_string\"}}],\"inLanguage\":\"fr-BE\"},{\"@type\":\"Organization\",\"@id\":\"https:\/\/vieassociative.be\/actualites\/#organization\",\"name\":\"Vie Associative\",\"url\":\"https:\/\/vieassociative.be\/actualites\/\",\"logo\":{\"@type\":\"ImageObject\",\"inLanguage\":\"fr-BE\",\"@id\":\"https:\/\/vieassociative.be\/actualites\/#\/schema\/logo\/image\/\",\"url\":\"https:\/\/vieassociative.be\/actualites\/wp-content\/uploads\/2024\/09\/cropped-vieassociative_favicon.ico.png\",\"contentUrl\":\"https:\/\/vieassociative.be\/actualites\/wp-content\/uploads\/2024\/09\/cropped-vieassociative_favicon.ico.png\",\"width\":512,\"height\":512,\"caption\":\"Vie Associative\"},\"image\":{\"@id\":\"https:\/\/vieassociative.be\/actualites\/#\/schema\/logo\/image\/\"}},{\"@type\":\"Person\",\"@id\":\"https:\/\/vieassociative.be\/actualites\/#\/schema\/person\/b87ac4f82f9d4e7b7cec7395b679edc4\",\"name\":\"Julien\",\"image\":{\"@type\":\"ImageObject\",\"inLanguage\":\"fr-BE\",\"@id\":\"https:\/\/vieassociative.be\/actualites\/#\/schema\/person\/image\/\",\"url\":\"https:\/\/vieassociative.be\/actualites\/wp-content\/uploads\/2024\/09\/vie-associative-1-150x150.jpg\",\"contentUrl\":\"https:\/\/vieassociative.be\/actualites\/wp-content\/uploads\/2024\/09\/vie-associative-1-150x150.jpg\",\"caption\":\"Julien\"},\"description\":\"Je suis Julien, r\u00e9dacteur pour Vie Associative. Passionn\u00e9 par le monde associatif depuis plus de 10 ans, j'ai \u00e0 c\u0153ur de partager des histoires inspirantes et de mettre en lumi\u00e8re les initiatives locales. Mon objectif est de sensibiliser et d'encourager l'engagement communautaire \u00e0 travers mes articles.\",\"sameAs\":[\"https:\/\/vieassociative.be\/\"]}]}<\/script>\n<!-- \/ Yoast SEO plugin. -->","yoast_head_json":{"title":"Borussia Dortmund et Aston Villa Mlle Miracles contre le FC Barcelone et Paris SG | Vie Associative","robots":{"index":"index","follow":"follow","max-snippet":"max-snippet:-1","max-image-preview":"max-image-preview:large","max-video-preview":"max-video-preview:-1"},"canonical":"https:\/\/vieassociative.be\/actualites\/borussia-dortmund-et-aston-villa-mlle-miracles-contre-le-fc-barcelone-et-paris-sg\/","og_locale":"fr_FR","og_type":"article","og_title":"Borussia Dortmund et Aston Villa Mlle Miracles contre le FC Barcelone et Paris SG | Vie Associative","og_description":"Sur les deux premiers deuxi\u00e8me matchs en quart de finale de la Ligue des champions, il n&rsquo;y avait plus d&rsquo;attentes dans l&rsquo;opinion des r\u00e9sultats clairs","og_url":"https:\/\/vieassociative.be\/actualites\/borussia-dortmund-et-aston-villa-mlle-miracles-contre-le-fc-barcelone-et-paris-sg\/","og_site_name":"Vie Associative","article_published_time":"2025-04-16T02:17:34+00:00","og_image":[{"width":279,"height":92,"url":"https:\/\/vieassociative.be\/actualites\/wp-content\/uploads\/2024\/09\/header_backgroundk-01-e1726694325946.png","type":"image\/png"}],"author":"Julien","twitter_card":"summary_large_image","twitter_misc":{"\u00c9crit par":"Julien","Dur\u00e9e de lecture est.":"2 minutes"},"schema":{"@context":"https:\/\/schema.org","@graph":[{"@type":"Article","@id":"https:\/\/vieassociative.be\/actualites\/borussia-dortmund-et-aston-villa-mlle-miracles-contre-le-fc-barcelone-et-paris-sg\/#article","isPartOf":{"@id":"https:\/\/vieassociative.be\/actualites\/borussia-dortmund-et-aston-villa-mlle-miracles-contre-le-fc-barcelone-et-paris-sg\/"},"author":{"name":"Julien","@id":"https:\/\/vieassociative.be\/actualites\/#\/schema\/person\/b87ac4f82f9d4e7b7cec7395b679edc4"},"headline":"Borussia Dortmund et Aston Villa Mlle Miracles contre le FC Barcelone et Paris SG","datePublished":"2025-04-16T02:17:34+00:00","dateModified":"2025-04-16T02:17:34+00:00","mainEntityOfPage":{"@id":"https:\/\/vieassociative.be\/actualites\/borussia-dortmund-et-aston-villa-mlle-miracles-contre-le-fc-barcelone-et-paris-sg\/"},"wordCount":376,"publisher":{"@id":"https:\/\/vieassociative.be\/actualites\/#organization"},"image":{"@id":"https:\/\/vieassociative.be\/actualites\/borussia-dortmund-et-aston-villa-mlle-miracles-contre-le-fc-barcelone-et-paris-sg\/#primaryimage"},"thumbnailUrl":"https:\/\/vieassociative.be\/actualites\/wp-content\/uploads\/2025\/04\/1744769855_Borussia-Dortmund-et-Aston-Villa-Mlle-Miracles-contre-le-FC.jpg","keywords":["Aston","Barcelone","Borussia","contre","Dortmund","Miracles","Mlle","Paris","Villa"],"articleSection":["Belgique"],"inLanguage":"fr-BE"},{"@type":"WebPage","@id":"https:\/\/vieassociative.be\/actualites\/borussia-dortmund-et-aston-villa-mlle-miracles-contre-le-fc-barcelone-et-paris-sg\/","url":"https:\/\/vieassociative.be\/actualites\/borussia-dortmund-et-aston-villa-mlle-miracles-contre-le-fc-barcelone-et-paris-sg\/","name":"Borussia Dortmund et Aston Villa Mlle Miracles contre le FC Barcelone et Paris SG | Vie Associative","isPartOf":{"@id":"https:\/\/vieassociative.be\/actualites\/#website"},"primaryImageOfPage":{"@id":"https:\/\/vieassociative.be\/actualites\/borussia-dortmund-et-aston-villa-mlle-miracles-contre-le-fc-barcelone-et-paris-sg\/#primaryimage"},"image":{"@id":"https:\/\/vieassociative.be\/actualites\/borussia-dortmund-et-aston-villa-mlle-miracles-contre-le-fc-barcelone-et-paris-sg\/#primaryimage"},"thumbnailUrl":"https:\/\/vieassociative.be\/actualites\/wp-content\/uploads\/2025\/04\/1744769855_Borussia-Dortmund-et-Aston-Villa-Mlle-Miracles-contre-le-FC.jpg","datePublished":"2025-04-16T02:17:34+00:00","dateModified":"2025-04-16T02:17:34+00:00","breadcrumb":{"@id":"https:\/\/vieassociative.be\/actualites\/borussia-dortmund-et-aston-villa-mlle-miracles-contre-le-fc-barcelone-et-paris-sg\/#breadcrumb"},"inLanguage":"fr-BE","potentialAction":[{"@type":"ReadAction","target":["https:\/\/vieassociative.be\/actualites\/borussia-dortmund-et-aston-villa-mlle-miracles-contre-le-fc-barcelone-et-paris-sg\/"]}]},{"@type":"ImageObject","inLanguage":"fr-BE","@id":"https:\/\/vieassociative.be\/actualites\/borussia-dortmund-et-aston-villa-mlle-miracles-contre-le-fc-barcelone-et-paris-sg\/#primaryimage","url":"https:\/\/vieassociative.be\/actualites\/wp-content\/uploads\/2025\/04\/1744769855_Borussia-Dortmund-et-Aston-Villa-Mlle-Miracles-contre-le-FC.jpg","contentUrl":"https:\/\/vieassociative.be\/actualites\/wp-content\/uploads\/2025\/04\/1744769855_Borussia-Dortmund-et-Aston-Villa-Mlle-Miracles-contre-le-FC.jpg","width":1200,"height":800,"caption":"Borussia Dortmund et Aston Villa Mlle Miracles contre le FC Barcelone et Paris SG"},{"@type":"BreadcrumbList","@id":"https:\/\/vieassociative.be\/actualites\/borussia-dortmund-et-aston-villa-mlle-miracles-contre-le-fc-barcelone-et-paris-sg\/#breadcrumb","itemListElement":[{"@type":"ListItem","position":1,"name":"Accueil","item":"https:\/\/vieassociative.be\/actualites\/"},{"@type":"ListItem","position":2,"name":"Borussia Dortmund et Aston Villa Mlle Miracles contre le FC Barcelone et Paris SG"}]},{"@type":"WebSite","@id":"https:\/\/vieassociative.be\/actualites\/#website","url":"https:\/\/vieassociative.be\/actualites\/","name":"Vie Associative","description":"","publisher":{"@id":"https:\/\/vieassociative.be\/actualites\/#organization"},"potentialAction":[{"@type":"SearchAction","target":{"@type":"EntryPoint","urlTemplate":"https:\/\/vieassociative.be\/actualites\/?s={search_term_string}"},"query-input":{"@type":"PropertyValueSpecification","valueRequired":true,"valueName":"search_term_string"}}],"inLanguage":"fr-BE"},{"@type":"Organization","@id":"https:\/\/vieassociative.be\/actualites\/#organization","name":"Vie Associative","url":"https:\/\/vieassociative.be\/actualites\/","logo":{"@type":"ImageObject","inLanguage":"fr-BE","@id":"https:\/\/vieassociative.be\/actualites\/#\/schema\/logo\/image\/","url":"https:\/\/vieassociative.be\/actualites\/wp-content\/uploads\/2024\/09\/cropped-vieassociative_favicon.ico.png","contentUrl":"https:\/\/vieassociative.be\/actualites\/wp-content\/uploads\/2024\/09\/cropped-vieassociative_favicon.ico.png","width":512,"height":512,"caption":"Vie Associative"},"image":{"@id":"https:\/\/vieassociative.be\/actualites\/#\/schema\/logo\/image\/"}},{"@type":"Person","@id":"https:\/\/vieassociative.be\/actualites\/#\/schema\/person\/b87ac4f82f9d4e7b7cec7395b679edc4","name":"Julien","image":{"@type":"ImageObject","inLanguage":"fr-BE","@id":"https:\/\/vieassociative.be\/actualites\/#\/schema\/person\/image\/","url":"https:\/\/vieassociative.be\/actualites\/wp-content\/uploads\/2024\/09\/vie-associative-1-150x150.jpg","contentUrl":"https:\/\/vieassociative.be\/actualites\/wp-content\/uploads\/2024\/09\/vie-associative-1-150x150.jpg","caption":"Julien"},"description":"Je suis Julien, r\u00e9dacteur pour Vie Associative. Passionn\u00e9 par le monde associatif depuis plus de 10 ans, j'ai \u00e0 c\u0153ur de partager des histoires inspirantes et de mettre en lumi\u00e8re les initiatives locales. Mon objectif est de sensibiliser et d'encourager l'engagement communautaire \u00e0 travers mes articles.","sameAs":["https:\/\/vieassociative.be\/"]}]}},"_links":{"self":[{"href":"https:\/\/vieassociative.be\/actualites\/wp-json\/wp\/v2\/posts\/6756"}],"collection":[{"href":"https:\/\/vieassociative.be\/actualites\/wp-json\/wp\/v2\/posts"}],"about":[{"href":"https:\/\/vieassociative.be\/actualites\/wp-json\/wp\/v2\/types\/post"}],"author":[{"embeddable":true,"href":"https:\/\/vieassociative.be\/actualites\/wp-json\/wp\/v2\/users\/1"}],"replies":[{"embeddable":true,"href":"https:\/\/vieassociative.be\/actualites\/wp-json\/wp\/v2\/comments?post=6756"}],"version-history":[{"count":0,"href":"https:\/\/vieassociative.be\/actualites\/wp-json\/wp\/v2\/posts\/6756\/revisions"}],"wp:featuredmedia":[{"embeddable":true,"href":"https:\/\/vieassociative.be\/actualites\/wp-json\/wp\/v2\/media\/6757"}],"wp:attachment":[{"href":"https:\/\/vieassociative.be\/actualites\/wp-json\/wp\/v2\/media?parent=6756"}],"wp:term":[{"taxonomy":"category","embeddable":true,"href":"https:\/\/vieassociative.be\/actualites\/wp-json\/wp\/v2\/categories?post=6756"},{"taxonomy":"post_tag","embeddable":true,"href":"https:\/\/vieassociative.be\/actualites\/wp-json\/wp\/v2\/tags?post=6756"}],"curies":[{"name":"wp","href":"https:\/\/api.w.org\/{rel}","templated":true}]}}