{"id":6754,"date":"2025-04-16T03:17:57","date_gmt":"2025-04-16T01:17:57","guid":{"rendered":"https:\/\/vieassociative.be\/actualites\/ce-kindle-paperwhite-de-la-11e-generation-coute-moins-de-100\/"},"modified":"2025-04-16T03:17:57","modified_gmt":"2025-04-16T01:17:57","slug":"ce-kindle-paperwhite-de-la-11e-generation-coute-moins-de-100","status":"publish","type":"post","link":"https:\/\/vieassociative.be\/actualites\/ce-kindle-paperwhite-de-la-11e-generation-coute-moins-de-100\/","title":{"rendered":"Ce Kindle Paperwhite de la 11e g\u00e9n\u00e9ration co\u00fbte moins de 100 $"},"content":{"rendered":"<div class=\"mt-4 leading-6 md:mb-8\">Pour les gens qui lisent souvent ou qui veulent un lecteur \u00e9lectronique remis \u00e0 neuf adapt\u00e9 aux voyages qui ne se soucie pas d&rsquo;une \u00e9claboussure.<\/div>\n<p><\/p>\n<p>Si vous avez l&rsquo;intention de prendre un liseur \u00e9lectronique pour la premi\u00e8re fois, cette affaire de papier Kindle sur Woot pourrait valoir un examen plus approfondi, surtout si cela ne vous d\u00e9range pas un produit doucement utilis\u00e9. Il s&rsquo;agit du mod\u00e8le de 11e g\u00e9n\u00e9ration de 2021, r\u00e9nov\u00e9 \u00e0 la condition de grade A, \u00e0 partir de 89,99 $ pour 16 Go et 109,99 $ pour les versions de 32 Go. Vous pouvez frapper 5 $ de r\u00e9duction avec du code <em>Feux de feu<\/em> \u00c0 la caisse, mais seulement jusqu&rsquo;au 29 avril &#8211; ou jusqu&rsquo;\u00e0 ce qu&rsquo;ils vendent. <\/p>\n<div class=\"pogoClear mb-12 mt-10 rounded-md border-2 border-gray-100 py-7 shadow-xl md:py-6\">\n<div class=\"flex flex-wrap justify-between px-7 text-black no-underline md:flex-nowrap md:px-8\">\n<div class=\"order-1 mx-auto flex flex-col justify-center md:order-2 md:ml-4 md:w-full md:grow\">\n<div class=\"block cursor-pointer text-center font-akshar text-2xl font-medium leading-7 text-brand-green duration-200 ease-in-out hover:text-brand-green-700 md:text-left md:text-xl md:leading-6\">Paperwhite de 11e g\u00e9n\u00e9ration (Condition A de grade A)\n                <\/div>\n<div class=\"mt-4 hidden md:flex md:justify-between\">\n<div class=\"self-end\">\n<div class=\"mb-0 h-11 md:flex md:flex-col md:justify-center\">\n<div class=\" font-sans leading-4 text-black\">\n<div class=\"flex flex-wrap items-center justify-center gap-x-1 md:justify-start\">\n        <span class=\"font-bold\"><\/p>\n<p>            89,99 $<br \/>\n                            <span class=\"font-medium\">\u00e0 Woot <\/span><br \/>\n                    <\/span>\n            <\/div>\n<\/p><\/div>\n<\/p><\/div>\n<\/p><\/div>\n<div class=\"w-44 self-end\">\n                            <button class=\"flex justify-center items-center w-full bg-brand-green text-white text-base font-sans font-medium rounded-md hover:bg-brand-green-700 hover:cursor-pointer md:text-sm h-11\"><\/p>\n<p>    Conclure un accord<br \/>\n<\/button>\n                        <\/div>\n<\/p><\/div>\n<\/p><\/div>\n<div class=\"order-2 mt-5 h-auto w-full md:order-1 md:mt-0 md:hidden\">\n<div class=\"flex aspect-video items-center justify-center\">\n                                            <img decoding=\"async\" class=\"m-0 max-h-full max-w-full rounded-md\" src=\"https:\/\/vieassociative.be\/actualites\/wp-content\/uploads\/2025\/04\/Ce-Kindle-Paperwhite-de-la-11e-generation-coute-moins-de.png\" alt=\"Kindle Paperwhite\" width=\"auto\" height=\"auto\" loading=\"lazy\">\n                                    <\/div>\n<\/p><\/div>\n<div class=\"order-2 ml-2 hidden w-32 shrink-0 items-center md:order-1 md:ml-0 md:flex\">\n<div class=\"flex aspect-video items-center justify-center\">\n                                            <img decoding=\"async\" class=\"m-0 max-h-full max-w-full rounded-md\" src=\"https:\/\/vieassociative.be\/actualites\/wp-content\/uploads\/2025\/04\/Ce-Kindle-Paperwhite-de-la-11e-generation-coute-moins-de.png\" alt=\"Kindle Paperwhite\" width=\"auto\" height=\"auto\" loading=\"lazy\">\n                                    <\/div>\n<\/p><\/div>\n<div class=\"order-3 flex grow flex-wrap md:hidden md:grow-0\">\n<div class=\"mt-4 w-full\">\n                        <button class=\"flex justify-center items-center w-full bg-brand-green text-white text-base font-sans font-medium rounded-md hover:bg-brand-green-700 hover:cursor-pointer md:text-sm h-11\"><\/p>\n<p>    Conclure un accord<br \/>\n<\/button>\n                    <\/div>\n<div class=\"mx-2 mt-4 w-full\">\n<div class=\" font-sans leading-4 text-black\">\n<div class=\"flex flex-wrap items-center justify-center gap-x-1 md:justify-start\">\n        <span class=\"font-bold\"><\/p>\n<p>            89,99 $<br \/>\n                            <span class=\"font-medium\">\u00e0 Woot <\/span><br \/>\n                    <\/span>\n            <\/div>\n<\/p><\/div>\n<\/p><\/div>\n<\/p><\/div>\n<\/p><\/div>\n<\/div>\n<p>Ce sont des unit\u00e9s r\u00e9nov\u00e9es, donc il peut y avoir des signes d&rsquo;usure l\u00e9gers. Mais Woot dit qu&rsquo;ils ont tous \u00e9t\u00e9 test\u00e9s et effac\u00e9s pour fonctionner comme neufs, et chacun est livr\u00e9 avec une garantie limit\u00e9e de 90 jours. Si vous recherchez le nouveau mod\u00e8le, cependant, l&rsquo;Amazon Kindle Paperwhite 2024 est disponible pour 159,99 $. Lisez sa revue approfondie pour le comparer avec le mod\u00e8le 2021 et voir lequel correspond mieux \u00e0 vos besoins.<\/p>\n<p>PCMAG a d\u00e9cern\u00e9 \u00e0 ce mod\u00e8le le meilleur lecteur de livre \u00e9lectronique de l&rsquo;ann\u00e9e 2021, ainsi que leur r\u00e9dacteur en chef. Ce que vous obtenez ici est un lecteur avec un \u00e9cran sans \u00e9clat de 6,8 pouces (330ppi) qui utilise la technologie en ligne E, donc c&rsquo;est comme lire sur papier. Il est \u00e9galement plus facile dans les yeux gr\u00e2ce \u00e0 son r\u00e9glage de lumi\u00e8re chaude qui s&rsquo;adapte \u00e0 votre environnement. Par rapport aux mod\u00e8les plus anciens, celui-ci vous donnerait plus de texte par page, un front plus plat qui emp\u00eache la salet\u00e9 et un affichage plus lumineux pour la lecture de la lumi\u00e8re du jour. Il est \u00e9galement imperm\u00e9able IPX8, ce qui signifie que vous pouvez lire dans le bain, pr\u00e8s de la piscine ou \u00e0 la plage. <\/p>\n<div class=\"pogoClear relative my-10 border-b-(1.5px) border-t-(1.5px) border-dashed border-black py-5 sm:my-14 sm:border-0 sm:py-0\" x-cloak x-data=\"{ commentsCount: null }\" x-init=\"commentsCount = await window.openweb.getMessagesCount(01JRX1WY97EETTCZ0K9E925ZQZ)\" x-show=\"commentsCount !== null &amp;&amp; commentsCount &gt; 0\">\n<div class=\"absolute top-1\/2 hidden w-full -translate-y-1\/2 border-t-(1.5px) border-dashed border-black sm:block\"><\/div>\n<div class=\"relative flex justify-center\">\n<div class=\"flex max-w-max items-center gap-x-3 bg-white px-5\">\n<div class=\"relative\">\n                <span class=\"absolute left-1\/2 top-1\/2 -translate-x-1\/2 -translate-y-1\/2 font-akshar text-sm font-medium text-black\" x-text=\"commentsCount\"><\/span><\/p>\n<p>                <svg class=\"h-8 w-8 text-black\">\n                    <use href=\"http:\/\/lifehacker.com\/images\/icons\/spritemap.svg#sprite-chat-bubble\"><\/use>\n                <\/svg>\n            <\/div>\n<p>            <span class=\"text-sm font-medium text-black\">Que pensez-vous jusqu&rsquo;\u00e0 pr\u00e9sent? <button class=\"font-semibold text-brand-green underline hover:text-brand-green-700\" onclick=\"window.openweb.scrollToComments(01JRX1WY97EETTCZ0K9E925ZQZ)\">Publier un commentaire.<\/button><\/span>\n        <\/div>\n<\/p><\/div>\n<\/div>\n<p>Ces versions, comme la plupart des Kindles, affichent des annonces sur l&rsquo;\u00e9cran de verrouillage \u00e0 moins que vous ne payiez un suppl\u00e9ment pour les supprimer plus tard. La construction elle-m\u00eame est l\u00e9g\u00e8re et confortable \u00e0 tenir, pesant un peu plus de sept onces. Il utilise USB-C pour la charge, bien qu&rsquo;Amazon ne comprenne qu&rsquo;un c\u00e2ble, pas la brique de puissance. En ce qui concerne le stockage, le mod\u00e8le de 16 Go devrait \u00eatre suffisant pour des milliers d&rsquo;ebooks, tandis que la version 32 Go ajoute une marge pour les livres audio et les PDF. Il prend en charge \u00e0 la fois 2,4 GHz et 5 GHz WiFi, mais ne peut pas se connecter aux r\u00e9seaux entre pairs.<\/p>\n","protected":false},"excerpt":{"rendered":"<p>Pour les gens qui lisent souvent ou qui veulent un lecteur \u00e9lectronique remis \u00e0 neuf adapt\u00e9 aux voyages qui ne se soucie pas d&rsquo;une \u00e9claboussure.<\/p>\n","protected":false},"author":1,"featured_media":6755,"comment_status":"","ping_status":"","sticky":false,"template":"","format":"standard","meta":{"footnotes":""},"categories":[13],"tags":[6429,1122,2328,2263,469,3585],"class_list":["post-6754","post","type-post","status-publish","format-standard","has-post-thumbnail","hentry","category-technologie","tag-11e","tag-coute","tag-generation","tag-kindle","tag-moins","tag-paperwhite","generate-columns","tablet-grid-50","mobile-grid-100","grid-parent","grid-33"],"yoast_head":"<!-- This site is optimized with the Yoast SEO plugin v24.0 - https:\/\/yoast.com\/wordpress\/plugins\/seo\/ -->\n<title>Ce Kindle Paperwhite de la 11e g\u00e9n\u00e9ration co\u00fbte moins de 100 $ | Vie Associative<\/title>\n<meta name=\"robots\" content=\"index, follow, max-snippet:-1, max-image-preview:large, max-video-preview:-1\" \/>\n<link rel=\"canonical\" href=\"https:\/\/vieassociative.be\/actualites\/ce-kindle-paperwhite-de-la-11e-generation-coute-moins-de-100\/\" \/>\n<meta property=\"og:locale\" content=\"fr_FR\" \/>\n<meta property=\"og:type\" content=\"article\" \/>\n<meta property=\"og:title\" content=\"Ce Kindle Paperwhite de la 11e g\u00e9n\u00e9ration co\u00fbte moins de 100 $ | Vie Associative\" \/>\n<meta property=\"og:description\" content=\"Pour les gens qui lisent souvent ou qui veulent un lecteur \u00e9lectronique remis \u00e0 neuf adapt\u00e9 aux voyages qui ne se soucie pas d&rsquo;une \u00e9claboussure.\" \/>\n<meta property=\"og:url\" content=\"https:\/\/vieassociative.be\/actualites\/ce-kindle-paperwhite-de-la-11e-generation-coute-moins-de-100\/\" \/>\n<meta property=\"og:site_name\" content=\"Vie Associative\" \/>\n<meta property=\"article:published_time\" content=\"2025-04-16T01:17:57+00:00\" \/>\n<meta property=\"og:image\" content=\"https:\/\/vieassociative.be\/actualites\/wp-content\/uploads\/2025\/04\/Ce-Kindle-Paperwhite-de-la-11e-generation-coute-moins-de.png\" \/>\n<meta name=\"author\" content=\"Julien\" \/>\n<meta name=\"twitter:card\" content=\"summary_large_image\" \/>\n<meta name=\"twitter:label1\" content=\"\u00c9crit par\" \/>\n\t<meta name=\"twitter:data1\" content=\"Julien\" \/>\n\t<meta name=\"twitter:label2\" content=\"Dur\u00e9e de lecture est.\" \/>\n\t<meta name=\"twitter:data2\" content=\"2 minutes\" \/>\n<script type=\"application\/ld+json\" class=\"yoast-schema-graph\">{\"@context\":\"https:\/\/schema.org\",\"@graph\":[{\"@type\":\"Article\",\"@id\":\"https:\/\/vieassociative.be\/actualites\/ce-kindle-paperwhite-de-la-11e-generation-coute-moins-de-100\/#article\",\"isPartOf\":{\"@id\":\"https:\/\/vieassociative.be\/actualites\/ce-kindle-paperwhite-de-la-11e-generation-coute-moins-de-100\/\"},\"author\":{\"name\":\"Julien\",\"@id\":\"https:\/\/vieassociative.be\/actualites\/#\/schema\/person\/b87ac4f82f9d4e7b7cec7395b679edc4\"},\"headline\":\"Ce Kindle Paperwhite de la 11e g\u00e9n\u00e9ration co\u00fbte moins de 100 $\",\"datePublished\":\"2025-04-16T01:17:57+00:00\",\"dateModified\":\"2025-04-16T01:17:57+00:00\",\"mainEntityOfPage\":{\"@id\":\"https:\/\/vieassociative.be\/actualites\/ce-kindle-paperwhite-de-la-11e-generation-coute-moins-de-100\/\"},\"wordCount\":499,\"publisher\":{\"@id\":\"https:\/\/vieassociative.be\/actualites\/#organization\"},\"image\":{\"@id\":\"https:\/\/vieassociative.be\/actualites\/ce-kindle-paperwhite-de-la-11e-generation-coute-moins-de-100\/#primaryimage\"},\"thumbnailUrl\":\"https:\/\/vieassociative.be\/actualites\/wp-content\/uploads\/2025\/04\/1744766278_Ce-Kindle-Paperwhite-de-la-11e-generation-coute-moins-de.png\",\"keywords\":[\"11e\",\"co\u00fbte\",\"g\u00e9n\u00e9ration\",\"Kindle\",\"moins\",\"Paperwhite\"],\"articleSection\":[\"Technologie\"],\"inLanguage\":\"fr-BE\"},{\"@type\":\"WebPage\",\"@id\":\"https:\/\/vieassociative.be\/actualites\/ce-kindle-paperwhite-de-la-11e-generation-coute-moins-de-100\/\",\"url\":\"https:\/\/vieassociative.be\/actualites\/ce-kindle-paperwhite-de-la-11e-generation-coute-moins-de-100\/\",\"name\":\"Ce Kindle Paperwhite de la 11e g\u00e9n\u00e9ration co\u00fbte moins de 100 $ | Vie Associative\",\"isPartOf\":{\"@id\":\"https:\/\/vieassociative.be\/actualites\/#website\"},\"primaryImageOfPage\":{\"@id\":\"https:\/\/vieassociative.be\/actualites\/ce-kindle-paperwhite-de-la-11e-generation-coute-moins-de-100\/#primaryimage\"},\"image\":{\"@id\":\"https:\/\/vieassociative.be\/actualites\/ce-kindle-paperwhite-de-la-11e-generation-coute-moins-de-100\/#primaryimage\"},\"thumbnailUrl\":\"https:\/\/vieassociative.be\/actualites\/wp-content\/uploads\/2025\/04\/1744766278_Ce-Kindle-Paperwhite-de-la-11e-generation-coute-moins-de.png\",\"datePublished\":\"2025-04-16T01:17:57+00:00\",\"dateModified\":\"2025-04-16T01:17:57+00:00\",\"breadcrumb\":{\"@id\":\"https:\/\/vieassociative.be\/actualites\/ce-kindle-paperwhite-de-la-11e-generation-coute-moins-de-100\/#breadcrumb\"},\"inLanguage\":\"fr-BE\",\"potentialAction\":[{\"@type\":\"ReadAction\",\"target\":[\"https:\/\/vieassociative.be\/actualites\/ce-kindle-paperwhite-de-la-11e-generation-coute-moins-de-100\/\"]}]},{\"@type\":\"ImageObject\",\"inLanguage\":\"fr-BE\",\"@id\":\"https:\/\/vieassociative.be\/actualites\/ce-kindle-paperwhite-de-la-11e-generation-coute-moins-de-100\/#primaryimage\",\"url\":\"https:\/\/vieassociative.be\/actualites\/wp-content\/uploads\/2025\/04\/1744766278_Ce-Kindle-Paperwhite-de-la-11e-generation-coute-moins-de.png\",\"contentUrl\":\"https:\/\/vieassociative.be\/actualites\/wp-content\/uploads\/2025\/04\/1744766278_Ce-Kindle-Paperwhite-de-la-11e-generation-coute-moins-de.png\",\"width\":1200,\"height\":675,\"caption\":\"Ce Kindle Paperwhite de la 11e g\u00e9n\u00e9ration co\u00fbte moins de 100 $\"},{\"@type\":\"BreadcrumbList\",\"@id\":\"https:\/\/vieassociative.be\/actualites\/ce-kindle-paperwhite-de-la-11e-generation-coute-moins-de-100\/#breadcrumb\",\"itemListElement\":[{\"@type\":\"ListItem\",\"position\":1,\"name\":\"Accueil\",\"item\":\"https:\/\/vieassociative.be\/actualites\/\"},{\"@type\":\"ListItem\",\"position\":2,\"name\":\"Ce Kindle Paperwhite de la 11e g\u00e9n\u00e9ration co\u00fbte moins de 100 $\"}]},{\"@type\":\"WebSite\",\"@id\":\"https:\/\/vieassociative.be\/actualites\/#website\",\"url\":\"https:\/\/vieassociative.be\/actualites\/\",\"name\":\"Vie Associative\",\"description\":\"\",\"publisher\":{\"@id\":\"https:\/\/vieassociative.be\/actualites\/#organization\"},\"potentialAction\":[{\"@type\":\"SearchAction\",\"target\":{\"@type\":\"EntryPoint\",\"urlTemplate\":\"https:\/\/vieassociative.be\/actualites\/?s={search_term_string}\"},\"query-input\":{\"@type\":\"PropertyValueSpecification\",\"valueRequired\":true,\"valueName\":\"search_term_string\"}}],\"inLanguage\":\"fr-BE\"},{\"@type\":\"Organization\",\"@id\":\"https:\/\/vieassociative.be\/actualites\/#organization\",\"name\":\"Vie Associative\",\"url\":\"https:\/\/vieassociative.be\/actualites\/\",\"logo\":{\"@type\":\"ImageObject\",\"inLanguage\":\"fr-BE\",\"@id\":\"https:\/\/vieassociative.be\/actualites\/#\/schema\/logo\/image\/\",\"url\":\"https:\/\/vieassociative.be\/actualites\/wp-content\/uploads\/2024\/09\/cropped-vieassociative_favicon.ico.png\",\"contentUrl\":\"https:\/\/vieassociative.be\/actualites\/wp-content\/uploads\/2024\/09\/cropped-vieassociative_favicon.ico.png\",\"width\":512,\"height\":512,\"caption\":\"Vie Associative\"},\"image\":{\"@id\":\"https:\/\/vieassociative.be\/actualites\/#\/schema\/logo\/image\/\"}},{\"@type\":\"Person\",\"@id\":\"https:\/\/vieassociative.be\/actualites\/#\/schema\/person\/b87ac4f82f9d4e7b7cec7395b679edc4\",\"name\":\"Julien\",\"image\":{\"@type\":\"ImageObject\",\"inLanguage\":\"fr-BE\",\"@id\":\"https:\/\/vieassociative.be\/actualites\/#\/schema\/person\/image\/\",\"url\":\"https:\/\/vieassociative.be\/actualites\/wp-content\/uploads\/2024\/09\/vie-associative-1-150x150.jpg\",\"contentUrl\":\"https:\/\/vieassociative.be\/actualites\/wp-content\/uploads\/2024\/09\/vie-associative-1-150x150.jpg\",\"caption\":\"Julien\"},\"description\":\"Je suis Julien, r\u00e9dacteur pour Vie Associative. Passionn\u00e9 par le monde associatif depuis plus de 10 ans, j'ai \u00e0 c\u0153ur de partager des histoires inspirantes et de mettre en lumi\u00e8re les initiatives locales. Mon objectif est de sensibiliser et d'encourager l'engagement communautaire \u00e0 travers mes articles.\",\"sameAs\":[\"https:\/\/vieassociative.be\/\"]}]}<\/script>\n<!-- \/ Yoast SEO plugin. -->","yoast_head_json":{"title":"Ce Kindle Paperwhite de la 11e g\u00e9n\u00e9ration co\u00fbte moins de 100 $ | Vie Associative","robots":{"index":"index","follow":"follow","max-snippet":"max-snippet:-1","max-image-preview":"max-image-preview:large","max-video-preview":"max-video-preview:-1"},"canonical":"https:\/\/vieassociative.be\/actualites\/ce-kindle-paperwhite-de-la-11e-generation-coute-moins-de-100\/","og_locale":"fr_FR","og_type":"article","og_title":"Ce Kindle Paperwhite de la 11e g\u00e9n\u00e9ration co\u00fbte moins de 100 $ | Vie Associative","og_description":"Pour les gens qui lisent souvent ou qui veulent un lecteur \u00e9lectronique remis \u00e0 neuf adapt\u00e9 aux voyages qui ne se soucie pas d&rsquo;une \u00e9claboussure.","og_url":"https:\/\/vieassociative.be\/actualites\/ce-kindle-paperwhite-de-la-11e-generation-coute-moins-de-100\/","og_site_name":"Vie Associative","article_published_time":"2025-04-16T01:17:57+00:00","og_image":[{"url":"https:\/\/vieassociative.be\/actualites\/wp-content\/uploads\/2025\/04\/Ce-Kindle-Paperwhite-de-la-11e-generation-coute-moins-de.png","type":"","width":"","height":""}],"author":"Julien","twitter_card":"summary_large_image","twitter_misc":{"\u00c9crit par":"Julien","Dur\u00e9e de lecture est.":"2 minutes"},"schema":{"@context":"https:\/\/schema.org","@graph":[{"@type":"Article","@id":"https:\/\/vieassociative.be\/actualites\/ce-kindle-paperwhite-de-la-11e-generation-coute-moins-de-100\/#article","isPartOf":{"@id":"https:\/\/vieassociative.be\/actualites\/ce-kindle-paperwhite-de-la-11e-generation-coute-moins-de-100\/"},"author":{"name":"Julien","@id":"https:\/\/vieassociative.be\/actualites\/#\/schema\/person\/b87ac4f82f9d4e7b7cec7395b679edc4"},"headline":"Ce Kindle Paperwhite de la 11e g\u00e9n\u00e9ration co\u00fbte moins de 100 $","datePublished":"2025-04-16T01:17:57+00:00","dateModified":"2025-04-16T01:17:57+00:00","mainEntityOfPage":{"@id":"https:\/\/vieassociative.be\/actualites\/ce-kindle-paperwhite-de-la-11e-generation-coute-moins-de-100\/"},"wordCount":499,"publisher":{"@id":"https:\/\/vieassociative.be\/actualites\/#organization"},"image":{"@id":"https:\/\/vieassociative.be\/actualites\/ce-kindle-paperwhite-de-la-11e-generation-coute-moins-de-100\/#primaryimage"},"thumbnailUrl":"https:\/\/vieassociative.be\/actualites\/wp-content\/uploads\/2025\/04\/1744766278_Ce-Kindle-Paperwhite-de-la-11e-generation-coute-moins-de.png","keywords":["11e","co\u00fbte","g\u00e9n\u00e9ration","Kindle","moins","Paperwhite"],"articleSection":["Technologie"],"inLanguage":"fr-BE"},{"@type":"WebPage","@id":"https:\/\/vieassociative.be\/actualites\/ce-kindle-paperwhite-de-la-11e-generation-coute-moins-de-100\/","url":"https:\/\/vieassociative.be\/actualites\/ce-kindle-paperwhite-de-la-11e-generation-coute-moins-de-100\/","name":"Ce Kindle Paperwhite de la 11e g\u00e9n\u00e9ration co\u00fbte moins de 100 $ | Vie Associative","isPartOf":{"@id":"https:\/\/vieassociative.be\/actualites\/#website"},"primaryImageOfPage":{"@id":"https:\/\/vieassociative.be\/actualites\/ce-kindle-paperwhite-de-la-11e-generation-coute-moins-de-100\/#primaryimage"},"image":{"@id":"https:\/\/vieassociative.be\/actualites\/ce-kindle-paperwhite-de-la-11e-generation-coute-moins-de-100\/#primaryimage"},"thumbnailUrl":"https:\/\/vieassociative.be\/actualites\/wp-content\/uploads\/2025\/04\/1744766278_Ce-Kindle-Paperwhite-de-la-11e-generation-coute-moins-de.png","datePublished":"2025-04-16T01:17:57+00:00","dateModified":"2025-04-16T01:17:57+00:00","breadcrumb":{"@id":"https:\/\/vieassociative.be\/actualites\/ce-kindle-paperwhite-de-la-11e-generation-coute-moins-de-100\/#breadcrumb"},"inLanguage":"fr-BE","potentialAction":[{"@type":"ReadAction","target":["https:\/\/vieassociative.be\/actualites\/ce-kindle-paperwhite-de-la-11e-generation-coute-moins-de-100\/"]}]},{"@type":"ImageObject","inLanguage":"fr-BE","@id":"https:\/\/vieassociative.be\/actualites\/ce-kindle-paperwhite-de-la-11e-generation-coute-moins-de-100\/#primaryimage","url":"https:\/\/vieassociative.be\/actualites\/wp-content\/uploads\/2025\/04\/1744766278_Ce-Kindle-Paperwhite-de-la-11e-generation-coute-moins-de.png","contentUrl":"https:\/\/vieassociative.be\/actualites\/wp-content\/uploads\/2025\/04\/1744766278_Ce-Kindle-Paperwhite-de-la-11e-generation-coute-moins-de.png","width":1200,"height":675,"caption":"Ce Kindle Paperwhite de la 11e g\u00e9n\u00e9ration co\u00fbte moins de 100 $"},{"@type":"BreadcrumbList","@id":"https:\/\/vieassociative.be\/actualites\/ce-kindle-paperwhite-de-la-11e-generation-coute-moins-de-100\/#breadcrumb","itemListElement":[{"@type":"ListItem","position":1,"name":"Accueil","item":"https:\/\/vieassociative.be\/actualites\/"},{"@type":"ListItem","position":2,"name":"Ce Kindle Paperwhite de la 11e g\u00e9n\u00e9ration co\u00fbte moins de 100 $"}]},{"@type":"WebSite","@id":"https:\/\/vieassociative.be\/actualites\/#website","url":"https:\/\/vieassociative.be\/actualites\/","name":"Vie Associative","description":"","publisher":{"@id":"https:\/\/vieassociative.be\/actualites\/#organization"},"potentialAction":[{"@type":"SearchAction","target":{"@type":"EntryPoint","urlTemplate":"https:\/\/vieassociative.be\/actualites\/?s={search_term_string}"},"query-input":{"@type":"PropertyValueSpecification","valueRequired":true,"valueName":"search_term_string"}}],"inLanguage":"fr-BE"},{"@type":"Organization","@id":"https:\/\/vieassociative.be\/actualites\/#organization","name":"Vie Associative","url":"https:\/\/vieassociative.be\/actualites\/","logo":{"@type":"ImageObject","inLanguage":"fr-BE","@id":"https:\/\/vieassociative.be\/actualites\/#\/schema\/logo\/image\/","url":"https:\/\/vieassociative.be\/actualites\/wp-content\/uploads\/2024\/09\/cropped-vieassociative_favicon.ico.png","contentUrl":"https:\/\/vieassociative.be\/actualites\/wp-content\/uploads\/2024\/09\/cropped-vieassociative_favicon.ico.png","width":512,"height":512,"caption":"Vie Associative"},"image":{"@id":"https:\/\/vieassociative.be\/actualites\/#\/schema\/logo\/image\/"}},{"@type":"Person","@id":"https:\/\/vieassociative.be\/actualites\/#\/schema\/person\/b87ac4f82f9d4e7b7cec7395b679edc4","name":"Julien","image":{"@type":"ImageObject","inLanguage":"fr-BE","@id":"https:\/\/vieassociative.be\/actualites\/#\/schema\/person\/image\/","url":"https:\/\/vieassociative.be\/actualites\/wp-content\/uploads\/2024\/09\/vie-associative-1-150x150.jpg","contentUrl":"https:\/\/vieassociative.be\/actualites\/wp-content\/uploads\/2024\/09\/vie-associative-1-150x150.jpg","caption":"Julien"},"description":"Je suis Julien, r\u00e9dacteur pour Vie Associative. Passionn\u00e9 par le monde associatif depuis plus de 10 ans, j'ai \u00e0 c\u0153ur de partager des histoires inspirantes et de mettre en lumi\u00e8re les initiatives locales. Mon objectif est de sensibiliser et d'encourager l'engagement communautaire \u00e0 travers mes articles.","sameAs":["https:\/\/vieassociative.be\/"]}]}},"_links":{"self":[{"href":"https:\/\/vieassociative.be\/actualites\/wp-json\/wp\/v2\/posts\/6754"}],"collection":[{"href":"https:\/\/vieassociative.be\/actualites\/wp-json\/wp\/v2\/posts"}],"about":[{"href":"https:\/\/vieassociative.be\/actualites\/wp-json\/wp\/v2\/types\/post"}],"author":[{"embeddable":true,"href":"https:\/\/vieassociative.be\/actualites\/wp-json\/wp\/v2\/users\/1"}],"replies":[{"embeddable":true,"href":"https:\/\/vieassociative.be\/actualites\/wp-json\/wp\/v2\/comments?post=6754"}],"version-history":[{"count":0,"href":"https:\/\/vieassociative.be\/actualites\/wp-json\/wp\/v2\/posts\/6754\/revisions"}],"wp:featuredmedia":[{"embeddable":true,"href":"https:\/\/vieassociative.be\/actualites\/wp-json\/wp\/v2\/media\/6755"}],"wp:attachment":[{"href":"https:\/\/vieassociative.be\/actualites\/wp-json\/wp\/v2\/media?parent=6754"}],"wp:term":[{"taxonomy":"category","embeddable":true,"href":"https:\/\/vieassociative.be\/actualites\/wp-json\/wp\/v2\/categories?post=6754"},{"taxonomy":"post_tag","embeddable":true,"href":"https:\/\/vieassociative.be\/actualites\/wp-json\/wp\/v2\/tags?post=6754"}],"curies":[{"name":"wp","href":"https:\/\/api.w.org\/{rel}","templated":true}]}}