{"id":6740,"date":"2025-04-15T16:17:52","date_gmt":"2025-04-15T14:17:52","guid":{"rendered":"https:\/\/vieassociative.be\/actualites\/delegation-de-belge-orientale-a-namur-reprise-des-conferences-sur-la-route-de-secours-pour-le-n62\/"},"modified":"2025-04-15T16:17:52","modified_gmt":"2025-04-15T14:17:52","slug":"delegation-de-belge-orientale-a-namur-reprise-des-conferences-sur-la-route-de-secours-pour-le-n62","status":"publish","type":"post","link":"https:\/\/vieassociative.be\/actualites\/delegation-de-belge-orientale-a-namur-reprise-des-conferences-sur-la-route-de-secours-pour-le-n62\/","title":{"rendered":"D\u00e9l\u00e9gation de Belge orientale \u00e0 Namur: reprise des conf\u00e9rences sur la route de secours pour le N62"},"content":{"rendered":"<p><strong>Il est le principal diff\u00e9rend \u00e0 South Eifel depuis de nombreuses ann\u00e9es: le N62 entre Gr\u00fcfflingen et la fronti\u00e8re luxembourgeois. La route r\u00e9gionale a besoin d&rsquo;un soulagement de toute urgence.<\/strong><\/p>\n<p><span id=\"more-413419\"><\/span>Avec Jean-Paul Bastin, chef de groupe des \u00ab\u00a0Les Engages\u00a0\u00bb au Parlement de la r\u00e9gion de Walloon et maire de Malmedy, et Jean Lafleur, Sch\u00f6ffe pour les travaux publics de la municipalit\u00e9 de Burg-Reuland, est le ministre r\u00e9gional de l&rsquo;UE, le ministre r\u00e9gional Fran\u00e7ois, le ministre r\u00e9gional de Namur, a \u00e9t\u00e9 responsable de Namur avec le ministre r\u00e9gional Fran\u00e7ois pour le fait de NAMULLIOINT FORCHIOLDE ANT MOCH ET MOCH ET MOCHA (Les Engages) se sont rencontr\u00e9s pour un entretien d&#8217;embauche.<\/p>\n<div id=\"attachment_16419\" class=\"wp-caption alignleft\" style=\"max-width: 300px\"><img fetchpriority=\"high\" decoding=\"async\" class=\"wp-image-16419 size-medium\" src=\"https:\/\/vieassociative.be\/actualites\/wp-content\/uploads\/2025\/04\/Delegation-de-Belge-orientale-a-Namur-reprise-des-conferences-sur.jpg\" alt=\"\" width=\"300\" height=\"199\"  ><\/p>\n<p class=\"wp-caption-text\">Le N62 \u00e0 South Eifel chauffe les esprits depuis de nombreuses ann\u00e9es. Photo: priv\u00e9<\/p>\n<\/div>\n<p>Le sujet central a \u00e9t\u00e9 la reprise des pourparlers pour r\u00e9aliser la route de secours pour le N62, qui relie les communaut\u00e9s de DG du Sud au Grand Duch\u00e9 du Luxembourg. Apr\u00e8s un contournement pr\u00e9vu au cours de la p\u00e9riode 2016-2019, il n&rsquo;a pas \u00e9t\u00e9 poursuivi dans les plans d&rsquo;infrastructure suivants dans la r\u00e9gion de Walloon. Les co\u00fbts de construction des contournement ont \u00e9t\u00e9 estim\u00e9s \u00e0 40 millions d&rsquo;euros en 2013.<\/p>\n<p>Avec Bastin et Lafleur, Arimont a soulign\u00e9 le besoin urgent de soulager les villages adjacents. Avec environ 12 000 v\u00e9hicules par jour, le N62 est la route la plus utilis\u00e9e de l&rsquo;Eifel. C&rsquo;\u00e9tait une rue de connexion pour toute la r\u00e9gion frontali\u00e8re, c&rsquo;est pourquoi l&rsquo;utilisation du financement europ\u00e9en, par exemple dans le cadre de la grande r\u00e9gion, doit \u00e9galement \u00eatre envisag\u00e9e, a-t-il d\u00e9clar\u00e9.<\/p>\n<div id=\"attachment_16281\" class=\"wp-caption alignleft\" style=\"max-width: 300px\"><img decoding=\"async\" class=\"wp-image-16281 size-medium\" src=\"https:\/\/vieassociative.be\/actualites\/wp-content\/uploads\/2025\/04\/1744726672_126_Delegation-de-Belge-orientale-a-Namur-reprise-des-conferences-sur.jpg\" alt=\"\" width=\"300\" height=\"201\"  ><\/p>\n<p class=\"wp-caption-text\">Il y a toujours des accidents s\u00e9rieux sur le N62. Photo: priv\u00e9<\/p>\n<\/div>\n<p>\u00c0 cet \u00e9gard, les contacts avec les gouvernements de la DG et le Grand Duch\u00e9 du Luxembourg doivent \u00eatre approfondis en ce qui concerne les mod\u00e8les de financement possibles &#8211; y compris lors de la r\u00e9union conjointe des gouvernements de la r\u00e9gion de Walloon et de la DG d\u00e9but juillet.<\/p>\n<p>Le d\u00e9put\u00e9 de l&rsquo;UE Belge de l&rsquo;Est a \u00e9galement abord\u00e9 la r\u00e9forme de la directive europ\u00e9enne du football et l&rsquo;innovation par rapport au permis de conduire pour les v\u00e9hicules dits d&rsquo;urgence. En cons\u00e9quence, il sera possible \u00e0 l&rsquo;avenir de conduire des v\u00e9hicules d&rsquo;urgence tels que des cliniques ambulatoires ou des incendies pouvant aller jusqu&rsquo;\u00e0 cinq tonnes avec la classe B de permis de conduire apr\u00e8s le conducteur (\u00e0 partir de l&rsquo;\u00e2ge de 20 ans) a suivi une formation correspondante.<\/p>\n<p>Jusqu&rsquo;\u00e0 pr\u00e9sent, une licence C distincte a \u00e9t\u00e9 n\u00e9cessaire pour conduire ces v\u00e9hicules \u00e0 partir de 3,5 tonnes. La r\u00e9gion walonique sera responsable des cours ou tests de formation pertinents. Arimont a fait pression pour une mise en \u0153uvre rapide, car la r\u00e9forme des directives de permis de conduire pourrait signifier une simplification significative pour de nombreux b\u00e9n\u00e9voles des services d&rsquo;urgence.<\/p>\n","protected":false},"excerpt":{"rendered":"<p>Il est le principal diff\u00e9rend \u00e0 South Eifel depuis de nombreuses ann\u00e9es: le N62 entre Gr\u00fcfflingen et la fronti\u00e8re luxembourgeois. La route r\u00e9gionale a besoin<\/p>\n","protected":false},"author":1,"featured_media":6741,"comment_status":"","ping_status":"","sticky":false,"template":"","format":"standard","meta":{"footnotes":""},"categories":[298],"tags":[410,6419,6416,29,6420,6417,2717,81,6418,3474,4014,33],"class_list":["post-6740","post","type-post","status-publish","format-standard","has-post-thumbnail","hentry","category-belgique","tag-belge","tag-conferences","tag-delegation","tag-des","tag-n62","tag-namur","tag-orientale","tag-pour","tag-reprise","tag-route","tag-secours","tag-sur","generate-columns","tablet-grid-50","mobile-grid-100","grid-parent","grid-33"],"yoast_head":"<!-- This site is optimized with the Yoast SEO plugin v24.0 - https:\/\/yoast.com\/wordpress\/plugins\/seo\/ -->\n<title>D\u00e9l\u00e9gation de Belge orientale \u00e0 Namur: reprise des conf\u00e9rences sur la route de secours pour le N62 | Vie Associative<\/title>\n<meta name=\"robots\" content=\"index, follow, max-snippet:-1, max-image-preview:large, max-video-preview:-1\" \/>\n<link rel=\"canonical\" href=\"https:\/\/vieassociative.be\/actualites\/delegation-de-belge-orientale-a-namur-reprise-des-conferences-sur-la-route-de-secours-pour-le-n62\/\" \/>\n<meta property=\"og:locale\" content=\"fr_FR\" \/>\n<meta property=\"og:type\" content=\"article\" \/>\n<meta property=\"og:title\" content=\"D\u00e9l\u00e9gation de Belge orientale \u00e0 Namur: reprise des conf\u00e9rences sur la route de secours pour le N62 | Vie Associative\" \/>\n<meta property=\"og:description\" content=\"Il est le principal diff\u00e9rend \u00e0 South Eifel depuis de nombreuses ann\u00e9es: le N62 entre Gr\u00fcfflingen et la fronti\u00e8re luxembourgeois. La route r\u00e9gionale a besoin\" \/>\n<meta property=\"og:url\" content=\"https:\/\/vieassociative.be\/actualites\/delegation-de-belge-orientale-a-namur-reprise-des-conferences-sur-la-route-de-secours-pour-le-n62\/\" \/>\n<meta property=\"og:site_name\" content=\"Vie Associative\" \/>\n<meta property=\"article:published_time\" content=\"2025-04-15T14:17:52+00:00\" \/>\n<meta property=\"og:image\" content=\"https:\/\/vieassociative.be\/actualites\/wp-content\/uploads\/2024\/09\/header_backgroundk-01-e1726694325946.png\" \/>\n\t<meta property=\"og:image:width\" content=\"279\" \/>\n\t<meta property=\"og:image:height\" content=\"92\" \/>\n\t<meta property=\"og:image:type\" content=\"image\/png\" \/>\n<meta name=\"author\" content=\"Julien\" \/>\n<meta name=\"twitter:card\" content=\"summary_large_image\" \/>\n<meta name=\"twitter:label1\" content=\"\u00c9crit par\" \/>\n\t<meta name=\"twitter:data1\" content=\"Julien\" \/>\n\t<meta name=\"twitter:label2\" content=\"Dur\u00e9e de lecture est.\" \/>\n\t<meta name=\"twitter:data2\" content=\"2 minutes\" \/>\n<script type=\"application\/ld+json\" class=\"yoast-schema-graph\">{\"@context\":\"https:\/\/schema.org\",\"@graph\":[{\"@type\":\"Article\",\"@id\":\"https:\/\/vieassociative.be\/actualites\/delegation-de-belge-orientale-a-namur-reprise-des-conferences-sur-la-route-de-secours-pour-le-n62\/#article\",\"isPartOf\":{\"@id\":\"https:\/\/vieassociative.be\/actualites\/delegation-de-belge-orientale-a-namur-reprise-des-conferences-sur-la-route-de-secours-pour-le-n62\/\"},\"author\":{\"name\":\"Julien\",\"@id\":\"https:\/\/vieassociative.be\/actualites\/#\/schema\/person\/b87ac4f82f9d4e7b7cec7395b679edc4\"},\"headline\":\"D\u00e9l\u00e9gation de Belge orientale \u00e0 Namur: reprise des conf\u00e9rences sur la route de secours pour le N62\",\"datePublished\":\"2025-04-15T14:17:52+00:00\",\"dateModified\":\"2025-04-15T14:17:52+00:00\",\"mainEntityOfPage\":{\"@id\":\"https:\/\/vieassociative.be\/actualites\/delegation-de-belge-orientale-a-namur-reprise-des-conferences-sur-la-route-de-secours-pour-le-n62\/\"},\"wordCount\":533,\"publisher\":{\"@id\":\"https:\/\/vieassociative.be\/actualites\/#organization\"},\"image\":{\"@id\":\"https:\/\/vieassociative.be\/actualites\/delegation-de-belge-orientale-a-namur-reprise-des-conferences-sur-la-route-de-secours-pour-le-n62\/#primaryimage\"},\"thumbnailUrl\":\"https:\/\/vieassociative.be\/actualites\/wp-content\/uploads\/2025\/04\/Delegation-de-Belge-orientale-a-Namur-reprise-des-conferences-sur.jpeg\",\"keywords\":[\"belge\",\"conf\u00e9rences\",\"D\u00e9l\u00e9gation\",\"Des\",\"N62\",\"Namur\",\"orientale\",\"pour\",\"reprise\",\"route\",\"secours\",\"sur\"],\"articleSection\":[\"Belgique\"],\"inLanguage\":\"fr-BE\"},{\"@type\":\"WebPage\",\"@id\":\"https:\/\/vieassociative.be\/actualites\/delegation-de-belge-orientale-a-namur-reprise-des-conferences-sur-la-route-de-secours-pour-le-n62\/\",\"url\":\"https:\/\/vieassociative.be\/actualites\/delegation-de-belge-orientale-a-namur-reprise-des-conferences-sur-la-route-de-secours-pour-le-n62\/\",\"name\":\"D\u00e9l\u00e9gation de Belge orientale \u00e0 Namur: reprise des conf\u00e9rences sur la route de secours pour le N62 | Vie Associative\",\"isPartOf\":{\"@id\":\"https:\/\/vieassociative.be\/actualites\/#website\"},\"primaryImageOfPage\":{\"@id\":\"https:\/\/vieassociative.be\/actualites\/delegation-de-belge-orientale-a-namur-reprise-des-conferences-sur-la-route-de-secours-pour-le-n62\/#primaryimage\"},\"image\":{\"@id\":\"https:\/\/vieassociative.be\/actualites\/delegation-de-belge-orientale-a-namur-reprise-des-conferences-sur-la-route-de-secours-pour-le-n62\/#primaryimage\"},\"thumbnailUrl\":\"https:\/\/vieassociative.be\/actualites\/wp-content\/uploads\/2025\/04\/Delegation-de-Belge-orientale-a-Namur-reprise-des-conferences-sur.jpeg\",\"datePublished\":\"2025-04-15T14:17:52+00:00\",\"dateModified\":\"2025-04-15T14:17:52+00:00\",\"breadcrumb\":{\"@id\":\"https:\/\/vieassociative.be\/actualites\/delegation-de-belge-orientale-a-namur-reprise-des-conferences-sur-la-route-de-secours-pour-le-n62\/#breadcrumb\"},\"inLanguage\":\"fr-BE\",\"potentialAction\":[{\"@type\":\"ReadAction\",\"target\":[\"https:\/\/vieassociative.be\/actualites\/delegation-de-belge-orientale-a-namur-reprise-des-conferences-sur-la-route-de-secours-pour-le-n62\/\"]}]},{\"@type\":\"ImageObject\",\"inLanguage\":\"fr-BE\",\"@id\":\"https:\/\/vieassociative.be\/actualites\/delegation-de-belge-orientale-a-namur-reprise-des-conferences-sur-la-route-de-secours-pour-le-n62\/#primaryimage\",\"url\":\"https:\/\/vieassociative.be\/actualites\/wp-content\/uploads\/2025\/04\/Delegation-de-Belge-orientale-a-Namur-reprise-des-conferences-sur.jpeg\",\"contentUrl\":\"https:\/\/vieassociative.be\/actualites\/wp-content\/uploads\/2025\/04\/Delegation-de-Belge-orientale-a-Namur-reprise-des-conferences-sur.jpeg\",\"width\":2016,\"height\":1512,\"caption\":\"D\u00e9l\u00e9gation de Belge orientale \u00e0 Namur: reprise des conf\u00e9rences sur la route de secours pour le N62\"},{\"@type\":\"BreadcrumbList\",\"@id\":\"https:\/\/vieassociative.be\/actualites\/delegation-de-belge-orientale-a-namur-reprise-des-conferences-sur-la-route-de-secours-pour-le-n62\/#breadcrumb\",\"itemListElement\":[{\"@type\":\"ListItem\",\"position\":1,\"name\":\"Accueil\",\"item\":\"https:\/\/vieassociative.be\/actualites\/\"},{\"@type\":\"ListItem\",\"position\":2,\"name\":\"D\u00e9l\u00e9gation de Belge orientale \u00e0 Namur: reprise des conf\u00e9rences sur la route de secours pour le N62\"}]},{\"@type\":\"WebSite\",\"@id\":\"https:\/\/vieassociative.be\/actualites\/#website\",\"url\":\"https:\/\/vieassociative.be\/actualites\/\",\"name\":\"Vie Associative\",\"description\":\"\",\"publisher\":{\"@id\":\"https:\/\/vieassociative.be\/actualites\/#organization\"},\"potentialAction\":[{\"@type\":\"SearchAction\",\"target\":{\"@type\":\"EntryPoint\",\"urlTemplate\":\"https:\/\/vieassociative.be\/actualites\/?s={search_term_string}\"},\"query-input\":{\"@type\":\"PropertyValueSpecification\",\"valueRequired\":true,\"valueName\":\"search_term_string\"}}],\"inLanguage\":\"fr-BE\"},{\"@type\":\"Organization\",\"@id\":\"https:\/\/vieassociative.be\/actualites\/#organization\",\"name\":\"Vie Associative\",\"url\":\"https:\/\/vieassociative.be\/actualites\/\",\"logo\":{\"@type\":\"ImageObject\",\"inLanguage\":\"fr-BE\",\"@id\":\"https:\/\/vieassociative.be\/actualites\/#\/schema\/logo\/image\/\",\"url\":\"https:\/\/vieassociative.be\/actualites\/wp-content\/uploads\/2024\/09\/cropped-vieassociative_favicon.ico.png\",\"contentUrl\":\"https:\/\/vieassociative.be\/actualites\/wp-content\/uploads\/2024\/09\/cropped-vieassociative_favicon.ico.png\",\"width\":512,\"height\":512,\"caption\":\"Vie Associative\"},\"image\":{\"@id\":\"https:\/\/vieassociative.be\/actualites\/#\/schema\/logo\/image\/\"}},{\"@type\":\"Person\",\"@id\":\"https:\/\/vieassociative.be\/actualites\/#\/schema\/person\/b87ac4f82f9d4e7b7cec7395b679edc4\",\"name\":\"Julien\",\"image\":{\"@type\":\"ImageObject\",\"inLanguage\":\"fr-BE\",\"@id\":\"https:\/\/vieassociative.be\/actualites\/#\/schema\/person\/image\/\",\"url\":\"https:\/\/vieassociative.be\/actualites\/wp-content\/uploads\/2024\/09\/vie-associative-1-150x150.jpg\",\"contentUrl\":\"https:\/\/vieassociative.be\/actualites\/wp-content\/uploads\/2024\/09\/vie-associative-1-150x150.jpg\",\"caption\":\"Julien\"},\"description\":\"Je suis Julien, r\u00e9dacteur pour Vie Associative. Passionn\u00e9 par le monde associatif depuis plus de 10 ans, j'ai \u00e0 c\u0153ur de partager des histoires inspirantes et de mettre en lumi\u00e8re les initiatives locales. Mon objectif est de sensibiliser et d'encourager l'engagement communautaire \u00e0 travers mes articles.\",\"sameAs\":[\"https:\/\/vieassociative.be\/\"]}]}<\/script>\n<!-- \/ Yoast SEO plugin. -->","yoast_head_json":{"title":"D\u00e9l\u00e9gation de Belge orientale \u00e0 Namur: reprise des conf\u00e9rences sur la route de secours pour le N62 | Vie Associative","robots":{"index":"index","follow":"follow","max-snippet":"max-snippet:-1","max-image-preview":"max-image-preview:large","max-video-preview":"max-video-preview:-1"},"canonical":"https:\/\/vieassociative.be\/actualites\/delegation-de-belge-orientale-a-namur-reprise-des-conferences-sur-la-route-de-secours-pour-le-n62\/","og_locale":"fr_FR","og_type":"article","og_title":"D\u00e9l\u00e9gation de Belge orientale \u00e0 Namur: reprise des conf\u00e9rences sur la route de secours pour le N62 | Vie Associative","og_description":"Il est le principal diff\u00e9rend \u00e0 South Eifel depuis de nombreuses ann\u00e9es: le N62 entre Gr\u00fcfflingen et la fronti\u00e8re luxembourgeois. La route r\u00e9gionale a besoin","og_url":"https:\/\/vieassociative.be\/actualites\/delegation-de-belge-orientale-a-namur-reprise-des-conferences-sur-la-route-de-secours-pour-le-n62\/","og_site_name":"Vie Associative","article_published_time":"2025-04-15T14:17:52+00:00","og_image":[{"width":279,"height":92,"url":"https:\/\/vieassociative.be\/actualites\/wp-content\/uploads\/2024\/09\/header_backgroundk-01-e1726694325946.png","type":"image\/png"}],"author":"Julien","twitter_card":"summary_large_image","twitter_misc":{"\u00c9crit par":"Julien","Dur\u00e9e de lecture est.":"2 minutes"},"schema":{"@context":"https:\/\/schema.org","@graph":[{"@type":"Article","@id":"https:\/\/vieassociative.be\/actualites\/delegation-de-belge-orientale-a-namur-reprise-des-conferences-sur-la-route-de-secours-pour-le-n62\/#article","isPartOf":{"@id":"https:\/\/vieassociative.be\/actualites\/delegation-de-belge-orientale-a-namur-reprise-des-conferences-sur-la-route-de-secours-pour-le-n62\/"},"author":{"name":"Julien","@id":"https:\/\/vieassociative.be\/actualites\/#\/schema\/person\/b87ac4f82f9d4e7b7cec7395b679edc4"},"headline":"D\u00e9l\u00e9gation de Belge orientale \u00e0 Namur: reprise des conf\u00e9rences sur la route de secours pour le N62","datePublished":"2025-04-15T14:17:52+00:00","dateModified":"2025-04-15T14:17:52+00:00","mainEntityOfPage":{"@id":"https:\/\/vieassociative.be\/actualites\/delegation-de-belge-orientale-a-namur-reprise-des-conferences-sur-la-route-de-secours-pour-le-n62\/"},"wordCount":533,"publisher":{"@id":"https:\/\/vieassociative.be\/actualites\/#organization"},"image":{"@id":"https:\/\/vieassociative.be\/actualites\/delegation-de-belge-orientale-a-namur-reprise-des-conferences-sur-la-route-de-secours-pour-le-n62\/#primaryimage"},"thumbnailUrl":"https:\/\/vieassociative.be\/actualites\/wp-content\/uploads\/2025\/04\/Delegation-de-Belge-orientale-a-Namur-reprise-des-conferences-sur.jpeg","keywords":["belge","conf\u00e9rences","D\u00e9l\u00e9gation","Des","N62","Namur","orientale","pour","reprise","route","secours","sur"],"articleSection":["Belgique"],"inLanguage":"fr-BE"},{"@type":"WebPage","@id":"https:\/\/vieassociative.be\/actualites\/delegation-de-belge-orientale-a-namur-reprise-des-conferences-sur-la-route-de-secours-pour-le-n62\/","url":"https:\/\/vieassociative.be\/actualites\/delegation-de-belge-orientale-a-namur-reprise-des-conferences-sur-la-route-de-secours-pour-le-n62\/","name":"D\u00e9l\u00e9gation de Belge orientale \u00e0 Namur: reprise des conf\u00e9rences sur la route de secours pour le N62 | Vie Associative","isPartOf":{"@id":"https:\/\/vieassociative.be\/actualites\/#website"},"primaryImageOfPage":{"@id":"https:\/\/vieassociative.be\/actualites\/delegation-de-belge-orientale-a-namur-reprise-des-conferences-sur-la-route-de-secours-pour-le-n62\/#primaryimage"},"image":{"@id":"https:\/\/vieassociative.be\/actualites\/delegation-de-belge-orientale-a-namur-reprise-des-conferences-sur-la-route-de-secours-pour-le-n62\/#primaryimage"},"thumbnailUrl":"https:\/\/vieassociative.be\/actualites\/wp-content\/uploads\/2025\/04\/Delegation-de-Belge-orientale-a-Namur-reprise-des-conferences-sur.jpeg","datePublished":"2025-04-15T14:17:52+00:00","dateModified":"2025-04-15T14:17:52+00:00","breadcrumb":{"@id":"https:\/\/vieassociative.be\/actualites\/delegation-de-belge-orientale-a-namur-reprise-des-conferences-sur-la-route-de-secours-pour-le-n62\/#breadcrumb"},"inLanguage":"fr-BE","potentialAction":[{"@type":"ReadAction","target":["https:\/\/vieassociative.be\/actualites\/delegation-de-belge-orientale-a-namur-reprise-des-conferences-sur-la-route-de-secours-pour-le-n62\/"]}]},{"@type":"ImageObject","inLanguage":"fr-BE","@id":"https:\/\/vieassociative.be\/actualites\/delegation-de-belge-orientale-a-namur-reprise-des-conferences-sur-la-route-de-secours-pour-le-n62\/#primaryimage","url":"https:\/\/vieassociative.be\/actualites\/wp-content\/uploads\/2025\/04\/Delegation-de-Belge-orientale-a-Namur-reprise-des-conferences-sur.jpeg","contentUrl":"https:\/\/vieassociative.be\/actualites\/wp-content\/uploads\/2025\/04\/Delegation-de-Belge-orientale-a-Namur-reprise-des-conferences-sur.jpeg","width":2016,"height":1512,"caption":"D\u00e9l\u00e9gation de Belge orientale \u00e0 Namur: reprise des conf\u00e9rences sur la route de secours pour le N62"},{"@type":"BreadcrumbList","@id":"https:\/\/vieassociative.be\/actualites\/delegation-de-belge-orientale-a-namur-reprise-des-conferences-sur-la-route-de-secours-pour-le-n62\/#breadcrumb","itemListElement":[{"@type":"ListItem","position":1,"name":"Accueil","item":"https:\/\/vieassociative.be\/actualites\/"},{"@type":"ListItem","position":2,"name":"D\u00e9l\u00e9gation de Belge orientale \u00e0 Namur: reprise des conf\u00e9rences sur la route de secours pour le N62"}]},{"@type":"WebSite","@id":"https:\/\/vieassociative.be\/actualites\/#website","url":"https:\/\/vieassociative.be\/actualites\/","name":"Vie Associative","description":"","publisher":{"@id":"https:\/\/vieassociative.be\/actualites\/#organization"},"potentialAction":[{"@type":"SearchAction","target":{"@type":"EntryPoint","urlTemplate":"https:\/\/vieassociative.be\/actualites\/?s={search_term_string}"},"query-input":{"@type":"PropertyValueSpecification","valueRequired":true,"valueName":"search_term_string"}}],"inLanguage":"fr-BE"},{"@type":"Organization","@id":"https:\/\/vieassociative.be\/actualites\/#organization","name":"Vie Associative","url":"https:\/\/vieassociative.be\/actualites\/","logo":{"@type":"ImageObject","inLanguage":"fr-BE","@id":"https:\/\/vieassociative.be\/actualites\/#\/schema\/logo\/image\/","url":"https:\/\/vieassociative.be\/actualites\/wp-content\/uploads\/2024\/09\/cropped-vieassociative_favicon.ico.png","contentUrl":"https:\/\/vieassociative.be\/actualites\/wp-content\/uploads\/2024\/09\/cropped-vieassociative_favicon.ico.png","width":512,"height":512,"caption":"Vie Associative"},"image":{"@id":"https:\/\/vieassociative.be\/actualites\/#\/schema\/logo\/image\/"}},{"@type":"Person","@id":"https:\/\/vieassociative.be\/actualites\/#\/schema\/person\/b87ac4f82f9d4e7b7cec7395b679edc4","name":"Julien","image":{"@type":"ImageObject","inLanguage":"fr-BE","@id":"https:\/\/vieassociative.be\/actualites\/#\/schema\/person\/image\/","url":"https:\/\/vieassociative.be\/actualites\/wp-content\/uploads\/2024\/09\/vie-associative-1-150x150.jpg","contentUrl":"https:\/\/vieassociative.be\/actualites\/wp-content\/uploads\/2024\/09\/vie-associative-1-150x150.jpg","caption":"Julien"},"description":"Je suis Julien, r\u00e9dacteur pour Vie Associative. Passionn\u00e9 par le monde associatif depuis plus de 10 ans, j'ai \u00e0 c\u0153ur de partager des histoires inspirantes et de mettre en lumi\u00e8re les initiatives locales. Mon objectif est de sensibiliser et d'encourager l'engagement communautaire \u00e0 travers mes articles.","sameAs":["https:\/\/vieassociative.be\/"]}]}},"_links":{"self":[{"href":"https:\/\/vieassociative.be\/actualites\/wp-json\/wp\/v2\/posts\/6740"}],"collection":[{"href":"https:\/\/vieassociative.be\/actualites\/wp-json\/wp\/v2\/posts"}],"about":[{"href":"https:\/\/vieassociative.be\/actualites\/wp-json\/wp\/v2\/types\/post"}],"author":[{"embeddable":true,"href":"https:\/\/vieassociative.be\/actualites\/wp-json\/wp\/v2\/users\/1"}],"replies":[{"embeddable":true,"href":"https:\/\/vieassociative.be\/actualites\/wp-json\/wp\/v2\/comments?post=6740"}],"version-history":[{"count":0,"href":"https:\/\/vieassociative.be\/actualites\/wp-json\/wp\/v2\/posts\/6740\/revisions"}],"wp:featuredmedia":[{"embeddable":true,"href":"https:\/\/vieassociative.be\/actualites\/wp-json\/wp\/v2\/media\/6741"}],"wp:attachment":[{"href":"https:\/\/vieassociative.be\/actualites\/wp-json\/wp\/v2\/media?parent=6740"}],"wp:term":[{"taxonomy":"category","embeddable":true,"href":"https:\/\/vieassociative.be\/actualites\/wp-json\/wp\/v2\/categories?post=6740"},{"taxonomy":"post_tag","embeddable":true,"href":"https:\/\/vieassociative.be\/actualites\/wp-json\/wp\/v2\/tags?post=6740"}],"curies":[{"name":"wp","href":"https:\/\/api.w.org\/{rel}","templated":true}]}}