{"id":6736,"date":"2025-04-15T14:17:46","date_gmt":"2025-04-15T12:17:46","guid":{"rendered":"https:\/\/vieassociative.be\/actualites\/six-raisons-inattendues-vos-factures-de-services-publics-sont-enormes\/"},"modified":"2025-04-15T14:17:46","modified_gmt":"2025-04-15T12:17:46","slug":"six-raisons-inattendues-vos-factures-de-services-publics-sont-enormes","status":"publish","type":"post","link":"https:\/\/vieassociative.be\/actualites\/six-raisons-inattendues-vos-factures-de-services-publics-sont-enormes\/","title":{"rendered":"Six raisons inattendues, vos factures de services publics sont \u00e9normes"},"content":{"rendered":"<div class=\"mt-4 leading-6 md:mb-8\">Il pourrait y avoir une raison \u00e9trange derri\u00e8re vos factures mensuelles en fl\u00e8che.<\/div>\n<p><\/p>\n<p>Poss\u00e9der une maison est super, \u00e0 l&rsquo;exception des factures de services publics qui l&rsquo;accompagnent. Le co\u00fbt moyen du gaz et de l&rsquo;\u00e9lectricit\u00e9 aux \u00c9tats-Unis est de 206,22 $ par mois, et si vous \u00eates impatient de payer moins, vous avez probablement fait les choses \u00e9videntes &#8211; consiste \u00e0 constituer votre utilisation, \u00e0 sceller (ou \u00e0 remplacer) vos fen\u00eatres et vos portes, ou m\u00eame en utilisant vos appareils \u00e0 des moments hors pointe.<\/p>\n<p>Mais si vous avez couvert les bases et que vos factures semblent encore trop \u00e9lev\u00e9es, il est temps de creuser plus profond\u00e9ment. Parfois, les raisons derri\u00e8re une facture de services publics inhabituellement importante ne sont pas du tout \u00e9videntes et n&rsquo;ont rien \u00e0 voir avec vos comportements ou vos mod\u00e8les d&rsquo;utilisation. Voici six proc\u00e9dures inattendues &#8211; mais pas enti\u00e8rement improbables &#8211; pour une facture plus \u00e9lev\u00e9e.<\/p>\n<h2 id=\"your-appliances-are-older\">Vos appareils sont plus \u00e2g\u00e9s<\/h2>\n<p>Si votre facture d&rsquo;\u00e9lectricit\u00e9 a augment\u00e9 r\u00e9guli\u00e8rement, \u00e9tudiez les appareils \u00e9lectrom\u00e9nagers de votre maison. Les notes d&rsquo;efficacit\u00e9 sur cet autocollant qui sont livr\u00e9es avec votre nouveau four ou chauffe-eau sont destin\u00e9es \u00e0 un appareil dans un \u00e9tat neuf. Malheureusement, les appareils sont tr\u00e8s rapides \u00e0 bien des \u00e9gards &#8211; en seulement deux ans, par exemple, la consommation d&rsquo;\u00e9lectricit\u00e9 d&rsquo;un r\u00e9frig\u00e9rateur peut grimper de 11%.<\/p>\n<p>Cela ne signifie pas que vous devez remplacer vos appareils tous les deux ans, mais ce n&rsquo;est pas parce qu&rsquo;ils fonctionnent toujours qu&rsquo;ils le font efficacement. Si vos factures de services publics deviennent plus grosses, consid\u00e9rez la vie \u00abutile\u00bb de ces appareils &#8211; \u00e0 mesure qu&rsquo;ils vieillissent, ils tireront plus d&rsquo;\u00e9nergie pour faire le m\u00eame travail.<\/p>\n<ul>\n<li>\n<p><strong>R\u00e9frig\u00e9rateurs: <\/strong>Les r\u00e9frig\u00e9rateurs durent g\u00e9n\u00e9ralement en moyenne 14 ans, mais les phoques autour de la porte commencent \u00e0 s&rsquo;user apr\u00e8s environ 8 ans. Au fur et \u00e0 mesure que son efficacit\u00e9 tombe, elle tirera plus de puissance pour compenser, ballonnera vos factures.<\/p>\n<\/li>\n<li>\n<p><strong>Lave-vaisselle:<\/strong> Environ 10 ans.<\/p>\n<\/li>\n<li>\n<p><strong>Machines \u00e0 laver:<\/strong> Environ 10 ans.<\/p>\n<\/li>\n<li>\n<p><strong>S\u00e9chants:<\/strong> Environ 13 ans.<\/p>\n<\/li>\n<li>\n<p><strong>Micro-ondes:<\/strong> Environ 9 ans.<\/p>\n<\/li>\n<li>\n<p><strong>Fours, gammes et po\u00eales:<\/strong> Les mod\u00e8les de gaz peuvent fonctionner efficacement pendant 15 ans, mais les mod\u00e8les \u00e9lectriques ont une dur\u00e9e de vie l\u00e9g\u00e8rement plus courte, environ 13 ans.<\/p>\n<\/li>\n<\/ul>\n<p>Une autre consid\u00e9ration? Appareils \u00ab\u00a0Vampire\u00a0\u00bb. Vous pouvez (et devriez probablement) d\u00e9brancher les appareils de comptoir comme les cafeti\u00e8res lorsqu&rsquo;ils ne sont pas utilis\u00e9s, et si vous partez en long voyage, vous devriez envisager de d\u00e9brancher des po\u00eales, des t\u00e9l\u00e9viseurs et d&rsquo;autres appareils qui sirotent en continu votre pouvoir, ce qui fait monter la facture.<\/p>\n<h2 id=\"inefficient-interior-design-choices\">Choix de design d&rsquo;int\u00e9rieur inefficace<\/h2>\n<p>Les choix de disposition et de conception dans votre maison peuvent avoir un impact important sur vos factures de services publics, car ils peuvent rendre plus difficile la chauffe et refroidir votre maison. M\u00eame si vous d\u00e9finissez votre thermostat sur une temp\u00e9rature et un calendrier raisonnables, si votre fournaise, votre chaudi\u00e8re ou votre syst\u00e8me de climatisation doivent faire des heures suppl\u00e9mentaires pour maintenir ces temp\u00e9ratures, vos factures de services publics montent en fl\u00e8che. <\/p>\n<p>Quelques consid\u00e9rations lors du remodelage ou du r\u00e9arrangement des meubles:<\/p>\n<div class=\"pogoClear relative my-10 border-b-(1.5px) border-t-(1.5px) border-dashed border-black py-5 sm:my-14 sm:border-0 sm:py-0\" x-cloak x-data=\"{ commentsCount: null }\" x-init=\"commentsCount = await window.openweb.getMessagesCount(01JRDPKDAP5VD07HKFRJ3RRF1P)\" x-show=\"commentsCount !== null &amp;&amp; commentsCount &gt; 0\">\n<div class=\"absolute top-1\/2 hidden w-full -translate-y-1\/2 border-t-(1.5px) border-dashed border-black sm:block\"><\/div>\n<div class=\"relative flex justify-center\">\n<div class=\"flex max-w-max items-center gap-x-3 bg-white px-5\">\n<div class=\"relative\">\n                <span class=\"absolute left-1\/2 top-1\/2 -translate-x-1\/2 -translate-y-1\/2 font-akshar text-sm font-medium text-black\" x-text=\"commentsCount\"><\/span><\/p>\n<p>                <svg class=\"h-8 w-8 text-black\">\n                    <use href=\"http:\/\/lifehacker.com\/images\/icons\/spritemap.svg#sprite-chat-bubble\"><\/use>\n                <\/svg>\n            <\/div>\n<p>            <span class=\"text-sm font-medium text-black\">Que pensez-vous jusqu&rsquo;\u00e0 pr\u00e9sent? <button class=\"font-semibold text-brand-green underline hover:text-brand-green-700\" onclick=\"window.openweb.scrollToComments(01JRDPKDAP5VD07HKFRJ3RRF1P)\">Publier un commentaire.<\/button><\/span>\n        <\/div>\n<\/p><\/div>\n<\/div>\n<ul>\n<li>\n<p><strong>Poutres expos\u00e9es.<\/strong> Ces poutres rustiques expos\u00e9es peuvent ajouter beaucoup de charme \u00e0 votre espace, mais ajoutent \u00e9galement des co\u00fbts de chauffage et de refroidissement. Exposer les poutres signifie qu&rsquo;il n&rsquo;y a pas d&rsquo;isolation l\u00e0-haut, donc la chaleur et le froid seront simplement transf\u00e9r\u00e9s \u00e0 travers votre toit, et votre facture de services publics augmentera.<\/p>\n<\/li>\n<li>\n<p><strong>Hauts plafonds.<\/strong> M\u00eame sans poutres expos\u00e9es, les hauts plafonds rendent plus difficile de chauffer et de refroidir votre espace, simplement parce que votre syst\u00e8me de CVC devra travailler plus dur pour refroidir ou chauffer un plus grand volume d&rsquo;espace.<\/p>\n<\/li>\n<li>\n<p><strong>Mise en page.<\/strong> Si vous avez des meubles bloquant des sources de chaleur ou des \u00e9vents CVC, vous faites fonctionner votre syst\u00e8me deux fois plus difficile \u00e0 chauffer et \u00e0 refroidir votre maison. De m\u00eame, les traitements \u00e0 longue fen\u00eatre qui couvrent les radiateurs peuvent faire monter vos factures. L&rsquo;ouverture de votre disposition autant que possible en \u00e9liminant les \u00abpauses\u00bb comme les \u00e9tag\u00e8res ou les meubles hauts peut aider \u00e0 refroidir et chaud \u00e0 couler librement, ce qui permet \u00e0 vos syst\u00e8mes de contr\u00f4ler plus facilement le climat.<\/p>\n<\/li>\n<li>\n<p><strong>Brique expos\u00e9e.<\/strong> Peu importe \u00e0 quel point vos murs sont \u00e9pais, Brick n&rsquo;est pas un grand isolant. La valeur R (une mesure de la r\u00e9sistance thermique) de la brique n&rsquo;est que de 3, mais les parois ext\u00e9rieures dans la plupart des maisons ont besoin d&rsquo;une valeur R d&rsquo;au moins R-13. Exposer cette brique sera incroyable et conduire vos factures de services publics vers le ciel.<\/p>\n<\/li>\n<\/ul>\n<h2 id=\"your-water-heater-setting\">Votre r\u00e9glage du chauffe-eau<\/h2>\n<p>Lorsque vous installez un nouveau chauffe-eau, les chances sont bonnes que la temp\u00e9rature par d\u00e9faut d\u00e9finie par le fabricant est de 140 \u00b0 F. C&rsquo;est assez chaud &#8211; assez pour que l&rsquo;eau provoque de graves br\u00fblures avec seulement quelques secondes d&rsquo;exposition. Du point de vue de l&rsquo;\u00e9nergie, ce n&rsquo;est tout simplement pas un cadre efficace, car une grande partie de cette chaleur se perd, for\u00e7ant votre chauffe-eau \u00e0 travailler plus dur. Vous ne remarquerez probablement pas beaucoup de diff\u00e9rence si vous le baissez \u00e0 120 \u00b0 F. Ce n&rsquo;est pas seulement un pari plus s\u00fbr, cela peut \u00e9galement vous faire \u00e9conomiser jusqu&rsquo;\u00e0 22% de r\u00e9duction sur vos factures de services publics. <\/p>\n<h2 id=\"defective-wiring\">C\u00e2blage d\u00e9fectueux<\/h2>\n<p>Le c\u00e2blage d\u00e9fectueux &#8211; en raison d&rsquo;une installation incorrecte ou d&rsquo;un \u00e2ge simple &#8211; peut fuiter l&rsquo;\u00e9lectricit\u00e9, ce qui signifie que vous payez pour l&rsquo;\u00e9lectricit\u00e9 que vous n&rsquo;utilisez pas. L&rsquo;ancien c\u00e2blage peut \u00e9galement dominer les appareils et les luminaires, en leur pompant plus de jus que ce dont ils ont besoin. Cela n&rsquo;augmente pas seulement vos factures de services publics inutilement, mais il peut souligner vos appareils et raccourcir leur dur\u00e9e de vie.<\/p>\n<h2 id=\"youve-got-a-freeloader\">Tu as un freeloader<\/h2>\n<p>Une autre raison possible pour laquelle vos factures de services publics sont si \u00e9lev\u00e9es? Quelqu&rsquo;un pourrait vous voler. L&rsquo;eau, l&rsquo;\u00e9lectricit\u00e9 et m\u00eame votre service Internet peuvent \u00eatre d\u00e9tourn\u00e9s et divis\u00e9s, vous laissant subventionner l&rsquo;utilisation de quelqu&rsquo;un d&rsquo;autre. Quelques signes r\u00e9v\u00e9lateurs sont des rallonges branch\u00e9es sur les prises ext\u00e9rieures, des fouilles myst\u00e9rieuses autour de votre propri\u00e9t\u00e9 et des tuyaux voyous attach\u00e9s \u00e0 vos robinets ext\u00e9rieurs.<\/p>\n<h2 id=\"cryptocurrency-mining\">Exploitation de crypto-monnaie<\/h2>\n<p>Non, vraiment: selon l&rsquo;endroit o\u00f9 vous vivez, les entreprises de crypto-monnaie peuvent augmenter vos factures de services publics. L&rsquo;exploitation de la crypto-monnaie n\u00e9cessite beaucoup d&rsquo;\u00e9nergie, et de nombreuses entreprises de crypto ont conclu des accords amoureux avec des services publics locaux pour obtenir des tarifs d&rsquo;\u00e9lectricit\u00e9 r\u00e9duits &#8211; avec les co\u00fbts parfois transmis aux consommateurs r\u00e9guliers. Au Texas, par exemple, les consommateurs r\u00e9sidentiels ont vu leurs factures d&rsquo;\u00e9lectricit\u00e9 augmenter de pr\u00e8s de 5% en raison de taux subventionn\u00e9s pour les entreprises cryptographiques locales, et il existe des sc\u00e9narios similaires \u00e0 New York, en Pennsylvanie, en G\u00e9orgie et en Arkansas.<\/p>\n","protected":false},"excerpt":{"rendered":"<p>Il pourrait y avoir une raison \u00e9trange derri\u00e8re vos factures mensuelles en fl\u00e8che. Poss\u00e9der une maison est super, \u00e0 l&rsquo;exception des factures de services publics<\/p>\n","protected":false},"author":1,"featured_media":6737,"comment_status":"","ping_status":"","sticky":false,"template":"","format":"standard","meta":{"footnotes":""},"categories":[41],"tags":[4889,6061,2529,4851,2692,1427,18,27],"class_list":["post-6736","post","type-post","status-publish","format-standard","has-post-thumbnail","hentry","category-argent","tag-enormes","tag-factures","tag-inattendues","tag-publics","tag-raisons","tag-services","tag-sont","tag-vos","generate-columns","tablet-grid-50","mobile-grid-100","grid-parent","grid-33"],"yoast_head":"<!-- This site is optimized with the Yoast SEO plugin v24.0 - https:\/\/yoast.com\/wordpress\/plugins\/seo\/ -->\n<title>Six raisons inattendues, vos factures de services publics sont \u00e9normes | Vie Associative<\/title>\n<meta name=\"robots\" content=\"index, follow, max-snippet:-1, max-image-preview:large, max-video-preview:-1\" \/>\n<link rel=\"canonical\" href=\"https:\/\/vieassociative.be\/actualites\/six-raisons-inattendues-vos-factures-de-services-publics-sont-enormes\/\" \/>\n<meta property=\"og:locale\" content=\"fr_FR\" \/>\n<meta property=\"og:type\" content=\"article\" \/>\n<meta property=\"og:title\" content=\"Six raisons inattendues, vos factures de services publics sont \u00e9normes | Vie Associative\" \/>\n<meta property=\"og:description\" content=\"Il pourrait y avoir une raison \u00e9trange derri\u00e8re vos factures mensuelles en fl\u00e8che. Poss\u00e9der une maison est super, \u00e0 l&rsquo;exception des factures de services publics\" \/>\n<meta property=\"og:url\" content=\"https:\/\/vieassociative.be\/actualites\/six-raisons-inattendues-vos-factures-de-services-publics-sont-enormes\/\" \/>\n<meta property=\"og:site_name\" content=\"Vie Associative\" \/>\n<meta property=\"article:published_time\" content=\"2025-04-15T12:17:46+00:00\" \/>\n<meta property=\"og:image\" content=\"https:\/\/vieassociative.be\/actualites\/wp-content\/uploads\/2024\/09\/header_backgroundk-01-e1726694325946.png\" \/>\n\t<meta property=\"og:image:width\" content=\"279\" \/>\n\t<meta property=\"og:image:height\" content=\"92\" \/>\n\t<meta property=\"og:image:type\" content=\"image\/png\" \/>\n<meta name=\"author\" content=\"Julien\" \/>\n<meta name=\"twitter:card\" content=\"summary_large_image\" \/>\n<meta name=\"twitter:label1\" content=\"\u00c9crit par\" \/>\n\t<meta name=\"twitter:data1\" content=\"Julien\" \/>\n\t<meta name=\"twitter:label2\" content=\"Dur\u00e9e de lecture est.\" \/>\n\t<meta name=\"twitter:data2\" content=\"6 minutes\" \/>\n<script type=\"application\/ld+json\" class=\"yoast-schema-graph\">{\"@context\":\"https:\/\/schema.org\",\"@graph\":[{\"@type\":\"Article\",\"@id\":\"https:\/\/vieassociative.be\/actualites\/six-raisons-inattendues-vos-factures-de-services-publics-sont-enormes\/#article\",\"isPartOf\":{\"@id\":\"https:\/\/vieassociative.be\/actualites\/six-raisons-inattendues-vos-factures-de-services-publics-sont-enormes\/\"},\"author\":{\"name\":\"Julien\",\"@id\":\"https:\/\/vieassociative.be\/actualites\/#\/schema\/person\/b87ac4f82f9d4e7b7cec7395b679edc4\"},\"headline\":\"Six raisons inattendues, vos factures de services publics sont \u00e9normes\",\"datePublished\":\"2025-04-15T12:17:46+00:00\",\"dateModified\":\"2025-04-15T12:17:46+00:00\",\"mainEntityOfPage\":{\"@id\":\"https:\/\/vieassociative.be\/actualites\/six-raisons-inattendues-vos-factures-de-services-publics-sont-enormes\/\"},\"wordCount\":1251,\"publisher\":{\"@id\":\"https:\/\/vieassociative.be\/actualites\/#organization\"},\"image\":{\"@id\":\"https:\/\/vieassociative.be\/actualites\/six-raisons-inattendues-vos-factures-de-services-publics-sont-enormes\/#primaryimage\"},\"thumbnailUrl\":\"https:\/\/vieassociative.be\/actualites\/wp-content\/uploads\/2025\/04\/Six-raisons-inattendues-vos-factures-de-services-publics-sont-enormes.png\",\"keywords\":[\"\u00e9normes\",\"factures\",\"inattendues\",\"publics\",\"raisons\",\"services\",\"sont\",\"vos\"],\"articleSection\":[\"Argent\"],\"inLanguage\":\"fr-BE\"},{\"@type\":\"WebPage\",\"@id\":\"https:\/\/vieassociative.be\/actualites\/six-raisons-inattendues-vos-factures-de-services-publics-sont-enormes\/\",\"url\":\"https:\/\/vieassociative.be\/actualites\/six-raisons-inattendues-vos-factures-de-services-publics-sont-enormes\/\",\"name\":\"Six raisons inattendues, vos factures de services publics sont \u00e9normes | Vie Associative\",\"isPartOf\":{\"@id\":\"https:\/\/vieassociative.be\/actualites\/#website\"},\"primaryImageOfPage\":{\"@id\":\"https:\/\/vieassociative.be\/actualites\/six-raisons-inattendues-vos-factures-de-services-publics-sont-enormes\/#primaryimage\"},\"image\":{\"@id\":\"https:\/\/vieassociative.be\/actualites\/six-raisons-inattendues-vos-factures-de-services-publics-sont-enormes\/#primaryimage\"},\"thumbnailUrl\":\"https:\/\/vieassociative.be\/actualites\/wp-content\/uploads\/2025\/04\/Six-raisons-inattendues-vos-factures-de-services-publics-sont-enormes.png\",\"datePublished\":\"2025-04-15T12:17:46+00:00\",\"dateModified\":\"2025-04-15T12:17:46+00:00\",\"breadcrumb\":{\"@id\":\"https:\/\/vieassociative.be\/actualites\/six-raisons-inattendues-vos-factures-de-services-publics-sont-enormes\/#breadcrumb\"},\"inLanguage\":\"fr-BE\",\"potentialAction\":[{\"@type\":\"ReadAction\",\"target\":[\"https:\/\/vieassociative.be\/actualites\/six-raisons-inattendues-vos-factures-de-services-publics-sont-enormes\/\"]}]},{\"@type\":\"ImageObject\",\"inLanguage\":\"fr-BE\",\"@id\":\"https:\/\/vieassociative.be\/actualites\/six-raisons-inattendues-vos-factures-de-services-publics-sont-enormes\/#primaryimage\",\"url\":\"https:\/\/vieassociative.be\/actualites\/wp-content\/uploads\/2025\/04\/Six-raisons-inattendues-vos-factures-de-services-publics-sont-enormes.png\",\"contentUrl\":\"https:\/\/vieassociative.be\/actualites\/wp-content\/uploads\/2025\/04\/Six-raisons-inattendues-vos-factures-de-services-publics-sont-enormes.png\",\"width\":1200,\"height\":675,\"caption\":\"Six raisons inattendues, vos factures de services publics sont \u00e9normes\"},{\"@type\":\"BreadcrumbList\",\"@id\":\"https:\/\/vieassociative.be\/actualites\/six-raisons-inattendues-vos-factures-de-services-publics-sont-enormes\/#breadcrumb\",\"itemListElement\":[{\"@type\":\"ListItem\",\"position\":1,\"name\":\"Accueil\",\"item\":\"https:\/\/vieassociative.be\/actualites\/\"},{\"@type\":\"ListItem\",\"position\":2,\"name\":\"Six raisons inattendues, vos factures de services publics sont \u00e9normes\"}]},{\"@type\":\"WebSite\",\"@id\":\"https:\/\/vieassociative.be\/actualites\/#website\",\"url\":\"https:\/\/vieassociative.be\/actualites\/\",\"name\":\"Vie Associative\",\"description\":\"\",\"publisher\":{\"@id\":\"https:\/\/vieassociative.be\/actualites\/#organization\"},\"potentialAction\":[{\"@type\":\"SearchAction\",\"target\":{\"@type\":\"EntryPoint\",\"urlTemplate\":\"https:\/\/vieassociative.be\/actualites\/?s={search_term_string}\"},\"query-input\":{\"@type\":\"PropertyValueSpecification\",\"valueRequired\":true,\"valueName\":\"search_term_string\"}}],\"inLanguage\":\"fr-BE\"},{\"@type\":\"Organization\",\"@id\":\"https:\/\/vieassociative.be\/actualites\/#organization\",\"name\":\"Vie Associative\",\"url\":\"https:\/\/vieassociative.be\/actualites\/\",\"logo\":{\"@type\":\"ImageObject\",\"inLanguage\":\"fr-BE\",\"@id\":\"https:\/\/vieassociative.be\/actualites\/#\/schema\/logo\/image\/\",\"url\":\"https:\/\/vieassociative.be\/actualites\/wp-content\/uploads\/2024\/09\/cropped-vieassociative_favicon.ico.png\",\"contentUrl\":\"https:\/\/vieassociative.be\/actualites\/wp-content\/uploads\/2024\/09\/cropped-vieassociative_favicon.ico.png\",\"width\":512,\"height\":512,\"caption\":\"Vie Associative\"},\"image\":{\"@id\":\"https:\/\/vieassociative.be\/actualites\/#\/schema\/logo\/image\/\"}},{\"@type\":\"Person\",\"@id\":\"https:\/\/vieassociative.be\/actualites\/#\/schema\/person\/b87ac4f82f9d4e7b7cec7395b679edc4\",\"name\":\"Julien\",\"image\":{\"@type\":\"ImageObject\",\"inLanguage\":\"fr-BE\",\"@id\":\"https:\/\/vieassociative.be\/actualites\/#\/schema\/person\/image\/\",\"url\":\"https:\/\/vieassociative.be\/actualites\/wp-content\/uploads\/2024\/09\/vie-associative-1-150x150.jpg\",\"contentUrl\":\"https:\/\/vieassociative.be\/actualites\/wp-content\/uploads\/2024\/09\/vie-associative-1-150x150.jpg\",\"caption\":\"Julien\"},\"description\":\"Je suis Julien, r\u00e9dacteur pour Vie Associative. Passionn\u00e9 par le monde associatif depuis plus de 10 ans, j'ai \u00e0 c\u0153ur de partager des histoires inspirantes et de mettre en lumi\u00e8re les initiatives locales. Mon objectif est de sensibiliser et d'encourager l'engagement communautaire \u00e0 travers mes articles.\",\"sameAs\":[\"https:\/\/vieassociative.be\/\"]}]}<\/script>\n<!-- \/ Yoast SEO plugin. -->","yoast_head_json":{"title":"Six raisons inattendues, vos factures de services publics sont \u00e9normes | Vie Associative","robots":{"index":"index","follow":"follow","max-snippet":"max-snippet:-1","max-image-preview":"max-image-preview:large","max-video-preview":"max-video-preview:-1"},"canonical":"https:\/\/vieassociative.be\/actualites\/six-raisons-inattendues-vos-factures-de-services-publics-sont-enormes\/","og_locale":"fr_FR","og_type":"article","og_title":"Six raisons inattendues, vos factures de services publics sont \u00e9normes | Vie Associative","og_description":"Il pourrait y avoir une raison \u00e9trange derri\u00e8re vos factures mensuelles en fl\u00e8che. Poss\u00e9der une maison est super, \u00e0 l&rsquo;exception des factures de services publics","og_url":"https:\/\/vieassociative.be\/actualites\/six-raisons-inattendues-vos-factures-de-services-publics-sont-enormes\/","og_site_name":"Vie Associative","article_published_time":"2025-04-15T12:17:46+00:00","og_image":[{"width":279,"height":92,"url":"https:\/\/vieassociative.be\/actualites\/wp-content\/uploads\/2024\/09\/header_backgroundk-01-e1726694325946.png","type":"image\/png"}],"author":"Julien","twitter_card":"summary_large_image","twitter_misc":{"\u00c9crit par":"Julien","Dur\u00e9e de lecture est.":"6 minutes"},"schema":{"@context":"https:\/\/schema.org","@graph":[{"@type":"Article","@id":"https:\/\/vieassociative.be\/actualites\/six-raisons-inattendues-vos-factures-de-services-publics-sont-enormes\/#article","isPartOf":{"@id":"https:\/\/vieassociative.be\/actualites\/six-raisons-inattendues-vos-factures-de-services-publics-sont-enormes\/"},"author":{"name":"Julien","@id":"https:\/\/vieassociative.be\/actualites\/#\/schema\/person\/b87ac4f82f9d4e7b7cec7395b679edc4"},"headline":"Six raisons inattendues, vos factures de services publics sont \u00e9normes","datePublished":"2025-04-15T12:17:46+00:00","dateModified":"2025-04-15T12:17:46+00:00","mainEntityOfPage":{"@id":"https:\/\/vieassociative.be\/actualites\/six-raisons-inattendues-vos-factures-de-services-publics-sont-enormes\/"},"wordCount":1251,"publisher":{"@id":"https:\/\/vieassociative.be\/actualites\/#organization"},"image":{"@id":"https:\/\/vieassociative.be\/actualites\/six-raisons-inattendues-vos-factures-de-services-publics-sont-enormes\/#primaryimage"},"thumbnailUrl":"https:\/\/vieassociative.be\/actualites\/wp-content\/uploads\/2025\/04\/Six-raisons-inattendues-vos-factures-de-services-publics-sont-enormes.png","keywords":["\u00e9normes","factures","inattendues","publics","raisons","services","sont","vos"],"articleSection":["Argent"],"inLanguage":"fr-BE"},{"@type":"WebPage","@id":"https:\/\/vieassociative.be\/actualites\/six-raisons-inattendues-vos-factures-de-services-publics-sont-enormes\/","url":"https:\/\/vieassociative.be\/actualites\/six-raisons-inattendues-vos-factures-de-services-publics-sont-enormes\/","name":"Six raisons inattendues, vos factures de services publics sont \u00e9normes | Vie Associative","isPartOf":{"@id":"https:\/\/vieassociative.be\/actualites\/#website"},"primaryImageOfPage":{"@id":"https:\/\/vieassociative.be\/actualites\/six-raisons-inattendues-vos-factures-de-services-publics-sont-enormes\/#primaryimage"},"image":{"@id":"https:\/\/vieassociative.be\/actualites\/six-raisons-inattendues-vos-factures-de-services-publics-sont-enormes\/#primaryimage"},"thumbnailUrl":"https:\/\/vieassociative.be\/actualites\/wp-content\/uploads\/2025\/04\/Six-raisons-inattendues-vos-factures-de-services-publics-sont-enormes.png","datePublished":"2025-04-15T12:17:46+00:00","dateModified":"2025-04-15T12:17:46+00:00","breadcrumb":{"@id":"https:\/\/vieassociative.be\/actualites\/six-raisons-inattendues-vos-factures-de-services-publics-sont-enormes\/#breadcrumb"},"inLanguage":"fr-BE","potentialAction":[{"@type":"ReadAction","target":["https:\/\/vieassociative.be\/actualites\/six-raisons-inattendues-vos-factures-de-services-publics-sont-enormes\/"]}]},{"@type":"ImageObject","inLanguage":"fr-BE","@id":"https:\/\/vieassociative.be\/actualites\/six-raisons-inattendues-vos-factures-de-services-publics-sont-enormes\/#primaryimage","url":"https:\/\/vieassociative.be\/actualites\/wp-content\/uploads\/2025\/04\/Six-raisons-inattendues-vos-factures-de-services-publics-sont-enormes.png","contentUrl":"https:\/\/vieassociative.be\/actualites\/wp-content\/uploads\/2025\/04\/Six-raisons-inattendues-vos-factures-de-services-publics-sont-enormes.png","width":1200,"height":675,"caption":"Six raisons inattendues, vos factures de services publics sont \u00e9normes"},{"@type":"BreadcrumbList","@id":"https:\/\/vieassociative.be\/actualites\/six-raisons-inattendues-vos-factures-de-services-publics-sont-enormes\/#breadcrumb","itemListElement":[{"@type":"ListItem","position":1,"name":"Accueil","item":"https:\/\/vieassociative.be\/actualites\/"},{"@type":"ListItem","position":2,"name":"Six raisons inattendues, vos factures de services publics sont \u00e9normes"}]},{"@type":"WebSite","@id":"https:\/\/vieassociative.be\/actualites\/#website","url":"https:\/\/vieassociative.be\/actualites\/","name":"Vie Associative","description":"","publisher":{"@id":"https:\/\/vieassociative.be\/actualites\/#organization"},"potentialAction":[{"@type":"SearchAction","target":{"@type":"EntryPoint","urlTemplate":"https:\/\/vieassociative.be\/actualites\/?s={search_term_string}"},"query-input":{"@type":"PropertyValueSpecification","valueRequired":true,"valueName":"search_term_string"}}],"inLanguage":"fr-BE"},{"@type":"Organization","@id":"https:\/\/vieassociative.be\/actualites\/#organization","name":"Vie Associative","url":"https:\/\/vieassociative.be\/actualites\/","logo":{"@type":"ImageObject","inLanguage":"fr-BE","@id":"https:\/\/vieassociative.be\/actualites\/#\/schema\/logo\/image\/","url":"https:\/\/vieassociative.be\/actualites\/wp-content\/uploads\/2024\/09\/cropped-vieassociative_favicon.ico.png","contentUrl":"https:\/\/vieassociative.be\/actualites\/wp-content\/uploads\/2024\/09\/cropped-vieassociative_favicon.ico.png","width":512,"height":512,"caption":"Vie Associative"},"image":{"@id":"https:\/\/vieassociative.be\/actualites\/#\/schema\/logo\/image\/"}},{"@type":"Person","@id":"https:\/\/vieassociative.be\/actualites\/#\/schema\/person\/b87ac4f82f9d4e7b7cec7395b679edc4","name":"Julien","image":{"@type":"ImageObject","inLanguage":"fr-BE","@id":"https:\/\/vieassociative.be\/actualites\/#\/schema\/person\/image\/","url":"https:\/\/vieassociative.be\/actualites\/wp-content\/uploads\/2024\/09\/vie-associative-1-150x150.jpg","contentUrl":"https:\/\/vieassociative.be\/actualites\/wp-content\/uploads\/2024\/09\/vie-associative-1-150x150.jpg","caption":"Julien"},"description":"Je suis Julien, r\u00e9dacteur pour Vie Associative. Passionn\u00e9 par le monde associatif depuis plus de 10 ans, j'ai \u00e0 c\u0153ur de partager des histoires inspirantes et de mettre en lumi\u00e8re les initiatives locales. Mon objectif est de sensibiliser et d'encourager l'engagement communautaire \u00e0 travers mes articles.","sameAs":["https:\/\/vieassociative.be\/"]}]}},"_links":{"self":[{"href":"https:\/\/vieassociative.be\/actualites\/wp-json\/wp\/v2\/posts\/6736"}],"collection":[{"href":"https:\/\/vieassociative.be\/actualites\/wp-json\/wp\/v2\/posts"}],"about":[{"href":"https:\/\/vieassociative.be\/actualites\/wp-json\/wp\/v2\/types\/post"}],"author":[{"embeddable":true,"href":"https:\/\/vieassociative.be\/actualites\/wp-json\/wp\/v2\/users\/1"}],"replies":[{"embeddable":true,"href":"https:\/\/vieassociative.be\/actualites\/wp-json\/wp\/v2\/comments?post=6736"}],"version-history":[{"count":0,"href":"https:\/\/vieassociative.be\/actualites\/wp-json\/wp\/v2\/posts\/6736\/revisions"}],"wp:featuredmedia":[{"embeddable":true,"href":"https:\/\/vieassociative.be\/actualites\/wp-json\/wp\/v2\/media\/6737"}],"wp:attachment":[{"href":"https:\/\/vieassociative.be\/actualites\/wp-json\/wp\/v2\/media?parent=6736"}],"wp:term":[{"taxonomy":"category","embeddable":true,"href":"https:\/\/vieassociative.be\/actualites\/wp-json\/wp\/v2\/categories?post=6736"},{"taxonomy":"post_tag","embeddable":true,"href":"https:\/\/vieassociative.be\/actualites\/wp-json\/wp\/v2\/tags?post=6736"}],"curies":[{"name":"wp","href":"https:\/\/api.w.org\/{rel}","templated":true}]}}