{"id":6730,"date":"2025-04-15T10:18:42","date_gmt":"2025-04-15T08:18:42","guid":{"rendered":"https:\/\/vieassociative.be\/actualites\/a-eupen-untere-bergstrase-et-klotzerbahn-se-presentent-en-tant-que-centre-de-terrasse-sur-la-place-du-marche\/"},"modified":"2025-04-15T10:18:42","modified_gmt":"2025-04-15T08:18:42","slug":"a-eupen-untere-bergstrase-et-klotzerbahn-se-presentent-en-tant-que-centre-de-terrasse-sur-la-place-du-marche","status":"publish","type":"post","link":"https:\/\/vieassociative.be\/actualites\/a-eupen-untere-bergstrase-et-klotzerbahn-se-presentent-en-tant-que-centre-de-terrasse-sur-la-place-du-marche\/","title":{"rendered":"\u00c0 Eupen, Untere Bergstra\u00dfe et Kl\u00f6tzerbahn se pr\u00e9sentent en tant que centre de terrasse sur la place du march\u00e9"},"content":{"rendered":"<p><strong>Pendant des ann\u00e9es, le march\u00e9 a \u00e9t\u00e9 le centre d&rsquo;Eupen. C&rsquo;\u00e9tait l&rsquo;endroit id\u00e9al, surtout de mars \u00e0 octobre, quand il s&rsquo;agit de s&rsquo;installer sur une terrasse confortable. Mais cela a un peu chang\u00e9 au fil du temps.<\/strong><\/p>\n<p><span id=\"more-413359\"><\/span>Bien qu&rsquo;une boulangerie de caf\u00e9s au coin de la Klosterstra\u00dfe et dans la construction de la fronti\u00e8re Echo ait \u00e9tabli un restaurant et ouvert le \u00ab\u00a0Old Inn\u00a0\u00bb tous les jours, le march\u00e9 se d\u00e9veloppe m\u00eame les jours chauds lorsque \u00ab\u00a0Panciera\u00a0\u00bb avec des gobelets de glace et des glaces ne d\u00e9veloppe plus le m\u00eame Fair lorsque la \u00ab\u00a0Gambrinus\u00a0\u00bb ou le \u00ab\u00a0Paparazzi\u00a0\u00bb et DiMitri Antridis et sa fille \u00ab\u00a0.<\/p>\n<div id=\"attachment_413370\" class=\"wp-caption alignleft\" style=\"max-width: 225px\"><img fetchpriority=\"high\" decoding=\"async\" class=\"wp-image-413370 size-medium\" src=\"https:\/\/vieassociative.be\/actualites\/wp-content\/uploads\/2025\/04\/A-Eupen-Untere-Bergstrase-et-Klotzerbahn-se-presentent-en-tant.jpg\" alt=\"\" width=\"225\" height=\"300\"><\/p>\n<p class=\"wp-caption-text\">Vue de la place du march\u00e9 Eupen et de l&rsquo;\u00e9glise paroissiale de St. Nikolaus. Photo: OD<\/p>\n<\/div>\n<p>Surtout le dimanche, lorsque le \u00ab\u00a0Caf\u00e9 Fonk\u00a0\u00bb a ferm\u00e9, bien qu&rsquo;il n&rsquo;y ait pas de p\u00e9nurie de clients, il n&rsquo;y a rien de plus comme c&rsquo;\u00e9tait auparavant. Ensuite, la terrasse de \u00ab\u00a0l&rsquo;ancre d&rsquo;or\u00a0\u00bb est le seul \u00e9l\u00e9ment revigorant de loin.<\/p>\n<p>En attendant, le \u00ab\u00a0palais\u00a0\u00bb est \u00e0 nouveau orphelin. Ni en tant que restaurant italien ni en tant que restaurant \u00ab\u00a0\u00e9picerie sur le march\u00e9\u00a0\u00bb n&rsquo;\u00e9tait le restaurant, qu&rsquo;Antoniadis avait \u00e9t\u00e9 repens\u00e9 \u00e0 l&rsquo;\u00e9poque, une attraction. L&rsquo;ancien bar du bistrot \u00ab\u00a0Oscar\u00a0\u00bb n&rsquo;a pas non plus pu s&rsquo;\u00e9tablir depuis que Mazen Al Kassab a d\u00e9m\u00e9nag\u00e9.<\/p>\n<p>Le d\u00e9veloppement ci-dessous, o\u00f9 le \u00ab\u00a0Ratskeller\u00a0\u00bb et le \u00ab\u00a0Caf\u00e9 Columbus\u00a0\u00bb, tous deux d&rsquo;Eupen sont devenus une partie int\u00e9grante, ont re\u00e7u l&rsquo;entreprise. Le \u00ab\u00a0Caf\u00e9 Columbus\u00a0\u00bb est mieux occup\u00e9, m\u00eame les beaux jours que jamais. Un salon de cr\u00e8me glac\u00e9e, une pizzeria et le \u00abCaf\u00e9 Kalimera\u00bb ont ajout\u00e9 \u00e0 l&rsquo;\u00e9poque et respir\u00e9 encore plus de vie sur la route du Lower Mountain.<\/p>\n<p>Si l&rsquo;endroit sur le clown pouvait \u00e9galement \u00eatre relanc\u00e9, et pas seulement \u00e0 l&rsquo;ouverture de la saison du carnaval le 11 novembre. Ou le jeudi des femmes \u00e2g\u00e9es, la Lower Bergstrasse serait depuis longtemps l&rsquo;attraction la plus importante d&rsquo;Eupen.<\/p>\n<p>Le Kl\u00f6tzerbahn s&rsquo;est \u00e9galement \u00e9panoui dans un endroit attrayant au fil du temps. Les terrasses de \u00ab\u00a0Citybar\u00a0\u00bb, \u00ab\u00a0White Pepper\u00a0\u00bb, \u00ab\u00a0Tam-Tam\u00a0\u00bb et \u00ab\u00a0Pieretti\u00a0\u00bb font de cet endroit autour de l&rsquo;attraction des enfants \u00ab\u00a0W\u00e4serscheff\u00a0\u00bb les jours ensoleill\u00e9s un lieu de compensation. (Cre)<\/p>\n","protected":false},"excerpt":{"rendered":"<p>Pendant des ann\u00e9es, le march\u00e9 a \u00e9t\u00e9 le centre d&rsquo;Eupen. C&rsquo;\u00e9tait l&rsquo;endroit id\u00e9al, surtout de mars \u00e0 octobre, quand il s&rsquo;agit de s&rsquo;installer sur une<\/p>\n","protected":false},"author":1,"featured_media":6731,"comment_status":"","ping_status":"","sticky":false,"template":"","format":"standard","meta":{"footnotes":""},"categories":[298],"tags":[6410,5279,2329,4479,1523,204,6411,33,1745,6412,6409],"class_list":["post-6730","post","type-post","status-publish","format-standard","has-post-thumbnail","hentry","category-belgique","tag-bergstrase","tag-centre","tag-eupen","tag-klotzerbahn","tag-marche","tag-place","tag-presentent","tag-sur","tag-tant","tag-terrasse","tag-untere","generate-columns","tablet-grid-50","mobile-grid-100","grid-parent","grid-33"],"yoast_head":"<!-- This site is optimized with the Yoast SEO plugin v24.0 - https:\/\/yoast.com\/wordpress\/plugins\/seo\/ -->\n<title>\u00c0 Eupen, Untere Bergstra\u00dfe et Kl\u00f6tzerbahn se pr\u00e9sentent en tant que centre de terrasse sur la place du march\u00e9 | Vie Associative<\/title>\n<meta name=\"robots\" content=\"index, follow, max-snippet:-1, max-image-preview:large, max-video-preview:-1\" \/>\n<link rel=\"canonical\" href=\"https:\/\/vieassociative.be\/actualites\/a-eupen-untere-bergstrase-et-klotzerbahn-se-presentent-en-tant-que-centre-de-terrasse-sur-la-place-du-marche\/\" \/>\n<meta property=\"og:locale\" content=\"fr_FR\" \/>\n<meta property=\"og:type\" content=\"article\" \/>\n<meta property=\"og:title\" content=\"\u00c0 Eupen, Untere Bergstra\u00dfe et Kl\u00f6tzerbahn se pr\u00e9sentent en tant que centre de terrasse sur la place du march\u00e9 | Vie Associative\" \/>\n<meta property=\"og:description\" content=\"Pendant des ann\u00e9es, le march\u00e9 a \u00e9t\u00e9 le centre d&rsquo;Eupen. C&rsquo;\u00e9tait l&rsquo;endroit id\u00e9al, surtout de mars \u00e0 octobre, quand il s&rsquo;agit de s&rsquo;installer sur une\" \/>\n<meta property=\"og:url\" content=\"https:\/\/vieassociative.be\/actualites\/a-eupen-untere-bergstrase-et-klotzerbahn-se-presentent-en-tant-que-centre-de-terrasse-sur-la-place-du-marche\/\" \/>\n<meta property=\"og:site_name\" content=\"Vie Associative\" \/>\n<meta property=\"article:published_time\" content=\"2025-04-15T08:18:42+00:00\" \/>\n<meta property=\"og:image\" content=\"https:\/\/vieassociative.be\/actualites\/wp-content\/uploads\/2024\/09\/header_backgroundk-01-e1726694325946.png\" \/>\n\t<meta property=\"og:image:width\" content=\"279\" \/>\n\t<meta property=\"og:image:height\" content=\"92\" \/>\n\t<meta property=\"og:image:type\" content=\"image\/png\" \/>\n<meta name=\"author\" content=\"Julien\" \/>\n<meta name=\"twitter:card\" content=\"summary_large_image\" \/>\n<meta name=\"twitter:label1\" content=\"\u00c9crit par\" \/>\n\t<meta name=\"twitter:data1\" content=\"Julien\" \/>\n\t<meta name=\"twitter:label2\" content=\"Dur\u00e9e de lecture est.\" \/>\n\t<meta name=\"twitter:data2\" content=\"2 minutes\" \/>\n<script type=\"application\/ld+json\" class=\"yoast-schema-graph\">{\"@context\":\"https:\/\/schema.org\",\"@graph\":[{\"@type\":\"Article\",\"@id\":\"https:\/\/vieassociative.be\/actualites\/a-eupen-untere-bergstrase-et-klotzerbahn-se-presentent-en-tant-que-centre-de-terrasse-sur-la-place-du-marche\/#article\",\"isPartOf\":{\"@id\":\"https:\/\/vieassociative.be\/actualites\/a-eupen-untere-bergstrase-et-klotzerbahn-se-presentent-en-tant-que-centre-de-terrasse-sur-la-place-du-marche\/\"},\"author\":{\"name\":\"Julien\",\"@id\":\"https:\/\/vieassociative.be\/actualites\/#\/schema\/person\/b87ac4f82f9d4e7b7cec7395b679edc4\"},\"headline\":\"\u00c0 Eupen, Untere Bergstra\u00dfe et Kl\u00f6tzerbahn se pr\u00e9sentent en tant que centre de terrasse sur la place du march\u00e9\",\"datePublished\":\"2025-04-15T08:18:42+00:00\",\"dateModified\":\"2025-04-15T08:18:42+00:00\",\"mainEntityOfPage\":{\"@id\":\"https:\/\/vieassociative.be\/actualites\/a-eupen-untere-bergstrase-et-klotzerbahn-se-presentent-en-tant-que-centre-de-terrasse-sur-la-place-du-marche\/\"},\"wordCount\":416,\"publisher\":{\"@id\":\"https:\/\/vieassociative.be\/actualites\/#organization\"},\"image\":{\"@id\":\"https:\/\/vieassociative.be\/actualites\/a-eupen-untere-bergstrase-et-klotzerbahn-se-presentent-en-tant-que-centre-de-terrasse-sur-la-place-du-marche\/#primaryimage\"},\"thumbnailUrl\":\"https:\/\/vieassociative.be\/actualites\/wp-content\/uploads\/2025\/04\/1744705122_A-Eupen-Untere-Bergstrase-et-Klotzerbahn-se-presentent-en-tant.jpg\",\"keywords\":[\"Bergstra\u00dfe\",\"centre\",\"Eupen\",\"Kl\u00f6tzerbahn\",\"march\u00e9\",\"place\",\"pr\u00e9sentent\",\"sur\",\"tant\",\"terrasse\",\"Untere\"],\"articleSection\":[\"Belgique\"],\"inLanguage\":\"fr-BE\"},{\"@type\":\"WebPage\",\"@id\":\"https:\/\/vieassociative.be\/actualites\/a-eupen-untere-bergstrase-et-klotzerbahn-se-presentent-en-tant-que-centre-de-terrasse-sur-la-place-du-marche\/\",\"url\":\"https:\/\/vieassociative.be\/actualites\/a-eupen-untere-bergstrase-et-klotzerbahn-se-presentent-en-tant-que-centre-de-terrasse-sur-la-place-du-marche\/\",\"name\":\"\u00c0 Eupen, Untere Bergstra\u00dfe et Kl\u00f6tzerbahn se pr\u00e9sentent en tant que centre de terrasse sur la place du march\u00e9 | Vie Associative\",\"isPartOf\":{\"@id\":\"https:\/\/vieassociative.be\/actualites\/#website\"},\"primaryImageOfPage\":{\"@id\":\"https:\/\/vieassociative.be\/actualites\/a-eupen-untere-bergstrase-et-klotzerbahn-se-presentent-en-tant-que-centre-de-terrasse-sur-la-place-du-marche\/#primaryimage\"},\"image\":{\"@id\":\"https:\/\/vieassociative.be\/actualites\/a-eupen-untere-bergstrase-et-klotzerbahn-se-presentent-en-tant-que-centre-de-terrasse-sur-la-place-du-marche\/#primaryimage\"},\"thumbnailUrl\":\"https:\/\/vieassociative.be\/actualites\/wp-content\/uploads\/2025\/04\/1744705122_A-Eupen-Untere-Bergstrase-et-Klotzerbahn-se-presentent-en-tant.jpg\",\"datePublished\":\"2025-04-15T08:18:42+00:00\",\"dateModified\":\"2025-04-15T08:18:42+00:00\",\"breadcrumb\":{\"@id\":\"https:\/\/vieassociative.be\/actualites\/a-eupen-untere-bergstrase-et-klotzerbahn-se-presentent-en-tant-que-centre-de-terrasse-sur-la-place-du-marche\/#breadcrumb\"},\"inLanguage\":\"fr-BE\",\"potentialAction\":[{\"@type\":\"ReadAction\",\"target\":[\"https:\/\/vieassociative.be\/actualites\/a-eupen-untere-bergstrase-et-klotzerbahn-se-presentent-en-tant-que-centre-de-terrasse-sur-la-place-du-marche\/\"]}]},{\"@type\":\"ImageObject\",\"inLanguage\":\"fr-BE\",\"@id\":\"https:\/\/vieassociative.be\/actualites\/a-eupen-untere-bergstrase-et-klotzerbahn-se-presentent-en-tant-que-centre-de-terrasse-sur-la-place-du-marche\/#primaryimage\",\"url\":\"https:\/\/vieassociative.be\/actualites\/wp-content\/uploads\/2025\/04\/1744705122_A-Eupen-Untere-Bergstrase-et-Klotzerbahn-se-presentent-en-tant.jpg\",\"contentUrl\":\"https:\/\/vieassociative.be\/actualites\/wp-content\/uploads\/2025\/04\/1744705122_A-Eupen-Untere-Bergstrase-et-Klotzerbahn-se-presentent-en-tant.jpg\",\"width\":2560,\"height\":852,\"caption\":\"\u00c0 Eupen, Untere Bergstra\u00dfe et Kl\u00f6tzerbahn se pr\u00e9sentent en tant que centre de terrasse sur la place du march\u00e9\"},{\"@type\":\"BreadcrumbList\",\"@id\":\"https:\/\/vieassociative.be\/actualites\/a-eupen-untere-bergstrase-et-klotzerbahn-se-presentent-en-tant-que-centre-de-terrasse-sur-la-place-du-marche\/#breadcrumb\",\"itemListElement\":[{\"@type\":\"ListItem\",\"position\":1,\"name\":\"Accueil\",\"item\":\"https:\/\/vieassociative.be\/actualites\/\"},{\"@type\":\"ListItem\",\"position\":2,\"name\":\"\u00c0 Eupen, Untere Bergstra\u00dfe et Kl\u00f6tzerbahn se pr\u00e9sentent en tant que centre de terrasse sur la place du march\u00e9\"}]},{\"@type\":\"WebSite\",\"@id\":\"https:\/\/vieassociative.be\/actualites\/#website\",\"url\":\"https:\/\/vieassociative.be\/actualites\/\",\"name\":\"Vie Associative\",\"description\":\"\",\"publisher\":{\"@id\":\"https:\/\/vieassociative.be\/actualites\/#organization\"},\"potentialAction\":[{\"@type\":\"SearchAction\",\"target\":{\"@type\":\"EntryPoint\",\"urlTemplate\":\"https:\/\/vieassociative.be\/actualites\/?s={search_term_string}\"},\"query-input\":{\"@type\":\"PropertyValueSpecification\",\"valueRequired\":true,\"valueName\":\"search_term_string\"}}],\"inLanguage\":\"fr-BE\"},{\"@type\":\"Organization\",\"@id\":\"https:\/\/vieassociative.be\/actualites\/#organization\",\"name\":\"Vie Associative\",\"url\":\"https:\/\/vieassociative.be\/actualites\/\",\"logo\":{\"@type\":\"ImageObject\",\"inLanguage\":\"fr-BE\",\"@id\":\"https:\/\/vieassociative.be\/actualites\/#\/schema\/logo\/image\/\",\"url\":\"https:\/\/vieassociative.be\/actualites\/wp-content\/uploads\/2024\/09\/cropped-vieassociative_favicon.ico.png\",\"contentUrl\":\"https:\/\/vieassociative.be\/actualites\/wp-content\/uploads\/2024\/09\/cropped-vieassociative_favicon.ico.png\",\"width\":512,\"height\":512,\"caption\":\"Vie Associative\"},\"image\":{\"@id\":\"https:\/\/vieassociative.be\/actualites\/#\/schema\/logo\/image\/\"}},{\"@type\":\"Person\",\"@id\":\"https:\/\/vieassociative.be\/actualites\/#\/schema\/person\/b87ac4f82f9d4e7b7cec7395b679edc4\",\"name\":\"Julien\",\"image\":{\"@type\":\"ImageObject\",\"inLanguage\":\"fr-BE\",\"@id\":\"https:\/\/vieassociative.be\/actualites\/#\/schema\/person\/image\/\",\"url\":\"https:\/\/vieassociative.be\/actualites\/wp-content\/uploads\/2024\/09\/vie-associative-1-150x150.jpg\",\"contentUrl\":\"https:\/\/vieassociative.be\/actualites\/wp-content\/uploads\/2024\/09\/vie-associative-1-150x150.jpg\",\"caption\":\"Julien\"},\"description\":\"Je suis Julien, r\u00e9dacteur pour Vie Associative. Passionn\u00e9 par le monde associatif depuis plus de 10 ans, j'ai \u00e0 c\u0153ur de partager des histoires inspirantes et de mettre en lumi\u00e8re les initiatives locales. Mon objectif est de sensibiliser et d'encourager l'engagement communautaire \u00e0 travers mes articles.\",\"sameAs\":[\"https:\/\/vieassociative.be\/\"]}]}<\/script>\n<!-- \/ Yoast SEO plugin. -->","yoast_head_json":{"title":"\u00c0 Eupen, Untere Bergstra\u00dfe et Kl\u00f6tzerbahn se pr\u00e9sentent en tant que centre de terrasse sur la place du march\u00e9 | Vie Associative","robots":{"index":"index","follow":"follow","max-snippet":"max-snippet:-1","max-image-preview":"max-image-preview:large","max-video-preview":"max-video-preview:-1"},"canonical":"https:\/\/vieassociative.be\/actualites\/a-eupen-untere-bergstrase-et-klotzerbahn-se-presentent-en-tant-que-centre-de-terrasse-sur-la-place-du-marche\/","og_locale":"fr_FR","og_type":"article","og_title":"\u00c0 Eupen, Untere Bergstra\u00dfe et Kl\u00f6tzerbahn se pr\u00e9sentent en tant que centre de terrasse sur la place du march\u00e9 | Vie Associative","og_description":"Pendant des ann\u00e9es, le march\u00e9 a \u00e9t\u00e9 le centre d&rsquo;Eupen. C&rsquo;\u00e9tait l&rsquo;endroit id\u00e9al, surtout de mars \u00e0 octobre, quand il s&rsquo;agit de s&rsquo;installer sur une","og_url":"https:\/\/vieassociative.be\/actualites\/a-eupen-untere-bergstrase-et-klotzerbahn-se-presentent-en-tant-que-centre-de-terrasse-sur-la-place-du-marche\/","og_site_name":"Vie Associative","article_published_time":"2025-04-15T08:18:42+00:00","og_image":[{"width":279,"height":92,"url":"https:\/\/vieassociative.be\/actualites\/wp-content\/uploads\/2024\/09\/header_backgroundk-01-e1726694325946.png","type":"image\/png"}],"author":"Julien","twitter_card":"summary_large_image","twitter_misc":{"\u00c9crit par":"Julien","Dur\u00e9e de lecture est.":"2 minutes"},"schema":{"@context":"https:\/\/schema.org","@graph":[{"@type":"Article","@id":"https:\/\/vieassociative.be\/actualites\/a-eupen-untere-bergstrase-et-klotzerbahn-se-presentent-en-tant-que-centre-de-terrasse-sur-la-place-du-marche\/#article","isPartOf":{"@id":"https:\/\/vieassociative.be\/actualites\/a-eupen-untere-bergstrase-et-klotzerbahn-se-presentent-en-tant-que-centre-de-terrasse-sur-la-place-du-marche\/"},"author":{"name":"Julien","@id":"https:\/\/vieassociative.be\/actualites\/#\/schema\/person\/b87ac4f82f9d4e7b7cec7395b679edc4"},"headline":"\u00c0 Eupen, Untere Bergstra\u00dfe et Kl\u00f6tzerbahn se pr\u00e9sentent en tant que centre de terrasse sur la place du march\u00e9","datePublished":"2025-04-15T08:18:42+00:00","dateModified":"2025-04-15T08:18:42+00:00","mainEntityOfPage":{"@id":"https:\/\/vieassociative.be\/actualites\/a-eupen-untere-bergstrase-et-klotzerbahn-se-presentent-en-tant-que-centre-de-terrasse-sur-la-place-du-marche\/"},"wordCount":416,"publisher":{"@id":"https:\/\/vieassociative.be\/actualites\/#organization"},"image":{"@id":"https:\/\/vieassociative.be\/actualites\/a-eupen-untere-bergstrase-et-klotzerbahn-se-presentent-en-tant-que-centre-de-terrasse-sur-la-place-du-marche\/#primaryimage"},"thumbnailUrl":"https:\/\/vieassociative.be\/actualites\/wp-content\/uploads\/2025\/04\/1744705122_A-Eupen-Untere-Bergstrase-et-Klotzerbahn-se-presentent-en-tant.jpg","keywords":["Bergstra\u00dfe","centre","Eupen","Kl\u00f6tzerbahn","march\u00e9","place","pr\u00e9sentent","sur","tant","terrasse","Untere"],"articleSection":["Belgique"],"inLanguage":"fr-BE"},{"@type":"WebPage","@id":"https:\/\/vieassociative.be\/actualites\/a-eupen-untere-bergstrase-et-klotzerbahn-se-presentent-en-tant-que-centre-de-terrasse-sur-la-place-du-marche\/","url":"https:\/\/vieassociative.be\/actualites\/a-eupen-untere-bergstrase-et-klotzerbahn-se-presentent-en-tant-que-centre-de-terrasse-sur-la-place-du-marche\/","name":"\u00c0 Eupen, Untere Bergstra\u00dfe et Kl\u00f6tzerbahn se pr\u00e9sentent en tant que centre de terrasse sur la place du march\u00e9 | Vie Associative","isPartOf":{"@id":"https:\/\/vieassociative.be\/actualites\/#website"},"primaryImageOfPage":{"@id":"https:\/\/vieassociative.be\/actualites\/a-eupen-untere-bergstrase-et-klotzerbahn-se-presentent-en-tant-que-centre-de-terrasse-sur-la-place-du-marche\/#primaryimage"},"image":{"@id":"https:\/\/vieassociative.be\/actualites\/a-eupen-untere-bergstrase-et-klotzerbahn-se-presentent-en-tant-que-centre-de-terrasse-sur-la-place-du-marche\/#primaryimage"},"thumbnailUrl":"https:\/\/vieassociative.be\/actualites\/wp-content\/uploads\/2025\/04\/1744705122_A-Eupen-Untere-Bergstrase-et-Klotzerbahn-se-presentent-en-tant.jpg","datePublished":"2025-04-15T08:18:42+00:00","dateModified":"2025-04-15T08:18:42+00:00","breadcrumb":{"@id":"https:\/\/vieassociative.be\/actualites\/a-eupen-untere-bergstrase-et-klotzerbahn-se-presentent-en-tant-que-centre-de-terrasse-sur-la-place-du-marche\/#breadcrumb"},"inLanguage":"fr-BE","potentialAction":[{"@type":"ReadAction","target":["https:\/\/vieassociative.be\/actualites\/a-eupen-untere-bergstrase-et-klotzerbahn-se-presentent-en-tant-que-centre-de-terrasse-sur-la-place-du-marche\/"]}]},{"@type":"ImageObject","inLanguage":"fr-BE","@id":"https:\/\/vieassociative.be\/actualites\/a-eupen-untere-bergstrase-et-klotzerbahn-se-presentent-en-tant-que-centre-de-terrasse-sur-la-place-du-marche\/#primaryimage","url":"https:\/\/vieassociative.be\/actualites\/wp-content\/uploads\/2025\/04\/1744705122_A-Eupen-Untere-Bergstrase-et-Klotzerbahn-se-presentent-en-tant.jpg","contentUrl":"https:\/\/vieassociative.be\/actualites\/wp-content\/uploads\/2025\/04\/1744705122_A-Eupen-Untere-Bergstrase-et-Klotzerbahn-se-presentent-en-tant.jpg","width":2560,"height":852,"caption":"\u00c0 Eupen, Untere Bergstra\u00dfe et Kl\u00f6tzerbahn se pr\u00e9sentent en tant que centre de terrasse sur la place du march\u00e9"},{"@type":"BreadcrumbList","@id":"https:\/\/vieassociative.be\/actualites\/a-eupen-untere-bergstrase-et-klotzerbahn-se-presentent-en-tant-que-centre-de-terrasse-sur-la-place-du-marche\/#breadcrumb","itemListElement":[{"@type":"ListItem","position":1,"name":"Accueil","item":"https:\/\/vieassociative.be\/actualites\/"},{"@type":"ListItem","position":2,"name":"\u00c0 Eupen, Untere Bergstra\u00dfe et Kl\u00f6tzerbahn se pr\u00e9sentent en tant que centre de terrasse sur la place du march\u00e9"}]},{"@type":"WebSite","@id":"https:\/\/vieassociative.be\/actualites\/#website","url":"https:\/\/vieassociative.be\/actualites\/","name":"Vie Associative","description":"","publisher":{"@id":"https:\/\/vieassociative.be\/actualites\/#organization"},"potentialAction":[{"@type":"SearchAction","target":{"@type":"EntryPoint","urlTemplate":"https:\/\/vieassociative.be\/actualites\/?s={search_term_string}"},"query-input":{"@type":"PropertyValueSpecification","valueRequired":true,"valueName":"search_term_string"}}],"inLanguage":"fr-BE"},{"@type":"Organization","@id":"https:\/\/vieassociative.be\/actualites\/#organization","name":"Vie Associative","url":"https:\/\/vieassociative.be\/actualites\/","logo":{"@type":"ImageObject","inLanguage":"fr-BE","@id":"https:\/\/vieassociative.be\/actualites\/#\/schema\/logo\/image\/","url":"https:\/\/vieassociative.be\/actualites\/wp-content\/uploads\/2024\/09\/cropped-vieassociative_favicon.ico.png","contentUrl":"https:\/\/vieassociative.be\/actualites\/wp-content\/uploads\/2024\/09\/cropped-vieassociative_favicon.ico.png","width":512,"height":512,"caption":"Vie Associative"},"image":{"@id":"https:\/\/vieassociative.be\/actualites\/#\/schema\/logo\/image\/"}},{"@type":"Person","@id":"https:\/\/vieassociative.be\/actualites\/#\/schema\/person\/b87ac4f82f9d4e7b7cec7395b679edc4","name":"Julien","image":{"@type":"ImageObject","inLanguage":"fr-BE","@id":"https:\/\/vieassociative.be\/actualites\/#\/schema\/person\/image\/","url":"https:\/\/vieassociative.be\/actualites\/wp-content\/uploads\/2024\/09\/vie-associative-1-150x150.jpg","contentUrl":"https:\/\/vieassociative.be\/actualites\/wp-content\/uploads\/2024\/09\/vie-associative-1-150x150.jpg","caption":"Julien"},"description":"Je suis Julien, r\u00e9dacteur pour Vie Associative. Passionn\u00e9 par le monde associatif depuis plus de 10 ans, j'ai \u00e0 c\u0153ur de partager des histoires inspirantes et de mettre en lumi\u00e8re les initiatives locales. Mon objectif est de sensibiliser et d'encourager l'engagement communautaire \u00e0 travers mes articles.","sameAs":["https:\/\/vieassociative.be\/"]}]}},"_links":{"self":[{"href":"https:\/\/vieassociative.be\/actualites\/wp-json\/wp\/v2\/posts\/6730"}],"collection":[{"href":"https:\/\/vieassociative.be\/actualites\/wp-json\/wp\/v2\/posts"}],"about":[{"href":"https:\/\/vieassociative.be\/actualites\/wp-json\/wp\/v2\/types\/post"}],"author":[{"embeddable":true,"href":"https:\/\/vieassociative.be\/actualites\/wp-json\/wp\/v2\/users\/1"}],"replies":[{"embeddable":true,"href":"https:\/\/vieassociative.be\/actualites\/wp-json\/wp\/v2\/comments?post=6730"}],"version-history":[{"count":0,"href":"https:\/\/vieassociative.be\/actualites\/wp-json\/wp\/v2\/posts\/6730\/revisions"}],"wp:featuredmedia":[{"embeddable":true,"href":"https:\/\/vieassociative.be\/actualites\/wp-json\/wp\/v2\/media\/6731"}],"wp:attachment":[{"href":"https:\/\/vieassociative.be\/actualites\/wp-json\/wp\/v2\/media?parent=6730"}],"wp:term":[{"taxonomy":"category","embeddable":true,"href":"https:\/\/vieassociative.be\/actualites\/wp-json\/wp\/v2\/categories?post=6730"},{"taxonomy":"post_tag","embeddable":true,"href":"https:\/\/vieassociative.be\/actualites\/wp-json\/wp\/v2\/tags?post=6730"}],"curies":[{"name":"wp","href":"https:\/\/api.w.org\/{rel}","templated":true}]}}