{"id":673,"date":"2024-09-30T04:23:50","date_gmt":"2024-09-30T02:23:50","guid":{"rendered":"https:\/\/vieassociative.be\/actualites\/le-rapport-de-temps-decran-dapple-nest-pas-precis-pour-suivre-vos-habitudes\/"},"modified":"2024-09-30T04:23:50","modified_gmt":"2024-09-30T02:23:50","slug":"le-rapport-de-temps-decran-dapple-nest-pas-precis-pour-suivre-vos-habitudes","status":"publish","type":"post","link":"https:\/\/vieassociative.be\/actualites\/le-rapport-de-temps-decran-dapple-nest-pas-precis-pour-suivre-vos-habitudes\/","title":{"rendered":"Le rapport de temps d&rsquo;\u00e9cran d&rsquo;Apple n&rsquo;est pas pr\u00e9cis pour suivre vos habitudes"},"content":{"rendered":"<p>iOS 12 est sorti et beaucoup de gens r\u00e9alisent soudain qu&rsquo;ils passent beaucoup trop de temps sur leur smartphone. <em>Chemin. Aussi. Beaucoup. Temps.<\/em> Tout cela gr\u00e2ce \u00e0 la fonction Screen Time que vous trouverez dans le menu Param\u00e8tres de votre appareil, juste sous \u00ab Ne pas d\u00e9ranger \u00bb. Appuyez dessus et votre iPhone ou iPad vous donnera toutes sortes d&rsquo;informations effrayantes\u00a0: combien d&rsquo;heures vous avez pass\u00e9 coll\u00e9 dessus, ce que vous avez fait et m\u00eame combien vous l&rsquo;avez r\u00e9cup\u00e9r\u00e9 (\u00e0 l&rsquo;heure pr\u00e8s, m\u00eame).<\/p>\n<p>Voici cependant le probl\u00e8me. La fonctionnalit\u00e9 Screen Time d&rsquo;Apple est \u00e0 moiti\u00e9 cuite. Il fait exactement ce qu&rsquo;il est cens\u00e9 faire, et c&rsquo;est pourquoi il s&rsquo;agit d&rsquo;un moyen incoh\u00e9rent et inexact de vraiment avoir une id\u00e9e de vos habitudes de d\u00e9pendance aux appareils.<\/p>\n<h3>La Question\u00a0:<\/h3>\n<blockquote class=\"twitterEmbed twitter-tweet\"><p>\n<a rel=\"nofollow noopener\" class=\"text-gray-600\" href=\"https:\/\/twitter.com\/MarkLowe1\/status\/1043776930028359680\" title=\"open in a new window\" target=\"_blank\"><\/p>\n<p>Ce Tweet est actuellement indisponible. Il est peut-\u00eatre en cours de chargement ou a \u00e9t\u00e9 supprim\u00e9.<br \/>\n<\/a>\n<\/p><\/blockquote>\n<h3><\/h3>\n<h3>La r\u00e9ponse\u00a0:<\/h3>\n<p>J&rsquo;ai vu des tweets et des messages sur le forum qui demandent tous la m\u00eame chose\u00a0: comment exclure les applications du comptage dans Screen Time\u00a0? (Quelques amis m&rsquo;ont \u00e9galement pos\u00e9 cette question apr\u00e8s avoir confi\u00e9 que leur total de temps d&rsquo;\u00e9cran semblait beaucoup plus \u00e9lev\u00e9 que pr\u00e9vu.)<\/p>\n<p>La r\u00e9ponse courte est qu&rsquo;il n&rsquo;existe actuellement aucun moyen d&#8217;emp\u00eacher Screen Time de suivre une application individuelle. Et c&rsquo;est un gros faux pas de la part d&rsquo;Apple. Comme le tweet le fait allusion \u2013 et c&rsquo;est quelque chose que je viens de tester moi-m\u00eame \u2013 l&rsquo;outil d&rsquo;Apple compte tout ce qui se passe lorsque l&rsquo;\u00e9cran de votre appareil est allum\u00e9. <\/p>\n<p>Vous pouvez utiliser Spotify ou Apple Music autant que vous le souhaitez lorsque l&rsquo;\u00e9cran est \u00e9teint, et cela ne gonflera pas vos heures. Cependant, conduisez une voiture avec une application de cartographie activ\u00e9e et Apple comptera vos regards occasionnels sur vos directions comme du temps d&rsquo;\u00e9cran. Si vous devez faire un trajet d&rsquo;une heure pour vous rendre au travail chaque jour, cela repr\u00e9sente dix heures suppl\u00e9mentaires de temps d&rsquo;\u00e9cran sur votre compteur : g\u00e9n\u00e9ralement class\u00e9es dans la cat\u00e9gorie \u00ab Lecture et r\u00e9f\u00e9rence \u00bb, ce qui est en soi inutile.<\/p>\n<blockquote class=\"twitterEmbed twitter-tweet\"><p>\n<a rel=\"nofollow noopener\" class=\"text-gray-600\" href=\"https:\/\/twitter.com\/rombarcz\/status\/1042319398558728192\" title=\"open in a new window\" target=\"_blank\"><\/p>\n<p>Ce Tweet est actuellement indisponible. Il est peut-\u00eatre en cours de chargement ou a \u00e9t\u00e9 supprim\u00e9.<br \/>\n<\/a>\n<\/p><\/blockquote>\n<p>Je comprends, je le fais. La fonctionnalit\u00e9 Screen Time d&rsquo;Apple est cens\u00e9e faire exactement ce que son nom l&rsquo;indique\u00a0: fournir un rapport sur tout ce que vous faites lorsque l&rsquo;\u00e9cran est allum\u00e9, en supposant que vous devez interagir avec votre iPhone ou iPad d&rsquo;une mani\u00e8re ou d&rsquo;une autre. La fonctionnalit\u00e9 fonctionne parfaitement, juste <em>aussi<\/em> parfaitement. <\/p>\n<p>Au lieu de cela, Apple devrait donner aux utilisateurs la possibilit\u00e9 de recat\u00e9goriser les applications comme autre chose \u2013 \u00ab Navigation \u00bb ou \u00ab Autre \u00bb, par exemple \u2013 ou de leur permettre de cr\u00e9er une courte liste d&rsquo;applications automatiquement exclues du d\u00e9compte des heures. <\/p>\n<p>Pendant que tu pouvais tricher et mettre <em>Fortnite<\/em> dans cette liste, la seule personne \u00e0 qui vous faites vraiment du mal, c&rsquo;est vous-m\u00eame. Et je suis pr\u00eat \u00e0 parier que de plus en plus de gens aimeraient une repr\u00e9sentation pr\u00e9cise du temps qu&rsquo;ils passent \u00e0 utiliser leurs appareils de mani\u00e8re significative plut\u00f4t qu&rsquo;une astuce rapide pour \u00e9chapper \u00e0 la d\u00e9tection sur un utilitaire qu&rsquo;ils n&rsquo;ont m\u00eame pas besoin d&rsquo;activer en premier lieu. .<\/p>\n<h3>Comment faire en sorte que Screen Time fonctionne pour vous<\/h3>\n<p>Rien n\u2019indique qu\u2019Apple va d\u00e9ployer un correctif pour ce probl\u00e8me. (Cela semble \u00eatre quelque chose que n&rsquo;importe qui aurait pu attraper en se rendant \u00e0 Cupertino.) Vous avez quelques solutions pour y rem\u00e9dier vous-m\u00eame, mais elles ne sont pas id\u00e9ales. <\/p>\n<p>Tout d&rsquo;abord, si vous souhaitez vraiment un rapport de temps d&rsquo;\u00e9cran aussi pr\u00e9cis que possible, vous devez envisager d&rsquo;\u00e9teindre l&rsquo;\u00e9cran de votre appareil et d&rsquo;utiliser plut\u00f4t les notifications audio de votre application de cartographie. Je ne pense pas que ce compromis en vaille la peine, mais c&rsquo;est une option.<\/p>\n<p>Deuxi\u00e8mement, vous pouvez utiliser un r\u00e9cepteur compatible CarPlay. Si votre voiture n&rsquo;en poss\u00e8de pas et que vous ne souhaitez pas acheter un appareil de rechange, vous n&rsquo;avez pas de chance. Cependant, j&rsquo;ai pu confirmer aujourd&rsquo;hui que regarder Google Maps sur mon r\u00e9cepteur CarPlay (avec l&rsquo;\u00e9cran de mon iPhone connect\u00e9 \u00e9teint) n&rsquo;\u00e9tait pas comptabilis\u00e9 par Screen Time. (La m\u00eame chose \u00e9tait vraie pour mon application de podcast, Castro.)<\/p>\n<p>Si vous \u00eates dans une autre situation o\u00f9 votre nombre de temps d&rsquo;\u00e9cran est horriblement bas (si vous testez le prototype d&rsquo;interface utilisateur de votre application sur votre iPhone, par exemple), vous devrez accepter que ce que dit votre appareil \u00e0 propos de votre d\u00e9pendance \u00e0 l&rsquo;appareil ne l&rsquo;est pas. va refl\u00e9ter la fa\u00e7on dont vous l\u2019utilisez r\u00e9ellement. Ne stressez pas. Prenez le temps d&rsquo;\u00e9cran pour ce qu&rsquo;il est\u00a0: un moyen utile de suivre <em>quelques<\/em> activit\u00e9 de l&rsquo;application, mais seulement si vous utilisez l&rsquo;outil pour approfondir ce que vous faites. Ne vous laissez pas d\u00e9courager par le grand nombre total.<\/p>\n<p>Et si votre enfant se plaint parce qu&rsquo;il a d\u00e9pass\u00e9 vos limites de temps d&rsquo;\u00e9cran alors qu&rsquo;il conduit pour faire des courses, et qu&rsquo;il ne peut d\u00e9sormais plus utiliser Snapchat avec ses amis, eh bien&#8230; la vie est cruelle, n&rsquo;est-ce pas\u00a0? Peut-\u00eatre qu&rsquo;ils pourraient \u00e9crire une lettre \u00e0 Tim Cook, maintenant qu&rsquo;ils ont utilis\u00e9 tout leur temps iPhone pour la journ\u00e9e.<\/p>\n<p><script async src=\"https:\/\/platform.twitter.com\/widgets.js\" charset=\"utf-8\"><\/script><\/p>\n","protected":false},"excerpt":{"rendered":"<p>iOS 12 est sorti et beaucoup de gens r\u00e9alisent soudain qu&rsquo;ils passent beaucoup trop de temps sur leur smartphone. Chemin. Aussi. Beaucoup. Temps. Tout cela<\/p>\n","protected":false},"author":1,"featured_media":674,"comment_status":"","ping_status":"","sticky":false,"template":"","format":"standard","meta":{"footnotes":""},"categories":[13],"tags":[590,945,1084,1082,126,81,1083,1081,243,790,27],"class_list":["post-673","post","type-post","status-publish","format-standard","has-post-thumbnail","hentry","category-technologie","tag-dapple","tag-decran","tag-habitudes","tag-nest","tag-pas","tag-pour","tag-precis","tag-rapport","tag-suivre","tag-temps","tag-vos","generate-columns","tablet-grid-50","mobile-grid-100","grid-parent","grid-33"],"yoast_head":"<!-- This site is optimized with the Yoast SEO plugin v24.0 - https:\/\/yoast.com\/wordpress\/plugins\/seo\/ -->\n<title>Le rapport de temps d&#039;\u00e9cran d&#039;Apple n&#039;est pas pr\u00e9cis pour suivre vos habitudes | Vie Associative<\/title>\n<meta name=\"robots\" content=\"index, follow, max-snippet:-1, max-image-preview:large, max-video-preview:-1\" \/>\n<link rel=\"canonical\" href=\"https:\/\/vieassociative.be\/actualites\/le-rapport-de-temps-decran-dapple-nest-pas-precis-pour-suivre-vos-habitudes\/\" \/>\n<meta property=\"og:locale\" content=\"fr_FR\" \/>\n<meta property=\"og:type\" content=\"article\" \/>\n<meta property=\"og:title\" content=\"Le rapport de temps d&#039;\u00e9cran d&#039;Apple n&#039;est pas pr\u00e9cis pour suivre vos habitudes | Vie Associative\" \/>\n<meta property=\"og:description\" content=\"iOS 12 est sorti et beaucoup de gens r\u00e9alisent soudain qu&rsquo;ils passent beaucoup trop de temps sur leur smartphone. Chemin. Aussi. Beaucoup. Temps. Tout cela\" \/>\n<meta property=\"og:url\" content=\"https:\/\/vieassociative.be\/actualites\/le-rapport-de-temps-decran-dapple-nest-pas-precis-pour-suivre-vos-habitudes\/\" \/>\n<meta property=\"og:site_name\" content=\"Vie Associative\" \/>\n<meta property=\"article:published_time\" content=\"2024-09-30T02:23:50+00:00\" \/>\n<meta property=\"og:image\" content=\"https:\/\/vieassociative.be\/actualites\/wp-content\/uploads\/2024\/09\/header_backgroundk-01-e1726694325946.png\" \/>\n\t<meta property=\"og:image:width\" content=\"279\" \/>\n\t<meta property=\"og:image:height\" content=\"92\" \/>\n\t<meta property=\"og:image:type\" content=\"image\/png\" \/>\n<meta name=\"author\" content=\"Julien\" \/>\n<meta name=\"twitter:card\" content=\"summary_large_image\" \/>\n<meta name=\"twitter:label1\" content=\"\u00c9crit par\" \/>\n\t<meta name=\"twitter:data1\" content=\"Julien\" \/>\n\t<meta name=\"twitter:label2\" content=\"Dur\u00e9e de lecture est.\" \/>\n\t<meta name=\"twitter:data2\" content=\"5 minutes\" \/>\n<script type=\"application\/ld+json\" class=\"yoast-schema-graph\">{\"@context\":\"https:\/\/schema.org\",\"@graph\":[{\"@type\":\"Article\",\"@id\":\"https:\/\/vieassociative.be\/actualites\/le-rapport-de-temps-decran-dapple-nest-pas-precis-pour-suivre-vos-habitudes\/#article\",\"isPartOf\":{\"@id\":\"https:\/\/vieassociative.be\/actualites\/le-rapport-de-temps-decran-dapple-nest-pas-precis-pour-suivre-vos-habitudes\/\"},\"author\":{\"name\":\"Julien\",\"@id\":\"https:\/\/vieassociative.be\/actualites\/#\/schema\/person\/b87ac4f82f9d4e7b7cec7395b679edc4\"},\"headline\":\"Le rapport de temps d&rsquo;\u00e9cran d&rsquo;Apple n&rsquo;est pas pr\u00e9cis pour suivre vos habitudes\",\"datePublished\":\"2024-09-30T02:23:50+00:00\",\"dateModified\":\"2024-09-30T02:23:50+00:00\",\"mainEntityOfPage\":{\"@id\":\"https:\/\/vieassociative.be\/actualites\/le-rapport-de-temps-decran-dapple-nest-pas-precis-pour-suivre-vos-habitudes\/\"},\"wordCount\":983,\"publisher\":{\"@id\":\"https:\/\/vieassociative.be\/actualites\/#organization\"},\"image\":{\"@id\":\"https:\/\/vieassociative.be\/actualites\/le-rapport-de-temps-decran-dapple-nest-pas-precis-pour-suivre-vos-habitudes\/#primaryimage\"},\"thumbnailUrl\":\"https:\/\/vieassociative.be\/actualites\/wp-content\/uploads\/2024\/09\/Le-rapport-de-temps-decran-dApple-nest-pas-precis-pour.png\",\"keywords\":[\"dApple\",\"d\u00e9cran\",\"habitudes\",\"nest\",\"pas\",\"pour\",\"pr\u00e9cis\",\"rapport\",\"suivre\",\"temps\",\"vos\"],\"articleSection\":[\"Technologie\"],\"inLanguage\":\"fr-BE\"},{\"@type\":\"WebPage\",\"@id\":\"https:\/\/vieassociative.be\/actualites\/le-rapport-de-temps-decran-dapple-nest-pas-precis-pour-suivre-vos-habitudes\/\",\"url\":\"https:\/\/vieassociative.be\/actualites\/le-rapport-de-temps-decran-dapple-nest-pas-precis-pour-suivre-vos-habitudes\/\",\"name\":\"Le rapport de temps d'\u00e9cran d'Apple n'est pas pr\u00e9cis pour suivre vos habitudes | Vie Associative\",\"isPartOf\":{\"@id\":\"https:\/\/vieassociative.be\/actualites\/#website\"},\"primaryImageOfPage\":{\"@id\":\"https:\/\/vieassociative.be\/actualites\/le-rapport-de-temps-decran-dapple-nest-pas-precis-pour-suivre-vos-habitudes\/#primaryimage\"},\"image\":{\"@id\":\"https:\/\/vieassociative.be\/actualites\/le-rapport-de-temps-decran-dapple-nest-pas-precis-pour-suivre-vos-habitudes\/#primaryimage\"},\"thumbnailUrl\":\"https:\/\/vieassociative.be\/actualites\/wp-content\/uploads\/2024\/09\/Le-rapport-de-temps-decran-dApple-nest-pas-precis-pour.png\",\"datePublished\":\"2024-09-30T02:23:50+00:00\",\"dateModified\":\"2024-09-30T02:23:50+00:00\",\"breadcrumb\":{\"@id\":\"https:\/\/vieassociative.be\/actualites\/le-rapport-de-temps-decran-dapple-nest-pas-precis-pour-suivre-vos-habitudes\/#breadcrumb\"},\"inLanguage\":\"fr-BE\",\"potentialAction\":[{\"@type\":\"ReadAction\",\"target\":[\"https:\/\/vieassociative.be\/actualites\/le-rapport-de-temps-decran-dapple-nest-pas-precis-pour-suivre-vos-habitudes\/\"]}]},{\"@type\":\"ImageObject\",\"inLanguage\":\"fr-BE\",\"@id\":\"https:\/\/vieassociative.be\/actualites\/le-rapport-de-temps-decran-dapple-nest-pas-precis-pour-suivre-vos-habitudes\/#primaryimage\",\"url\":\"https:\/\/vieassociative.be\/actualites\/wp-content\/uploads\/2024\/09\/Le-rapport-de-temps-decran-dApple-nest-pas-precis-pour.png\",\"contentUrl\":\"https:\/\/vieassociative.be\/actualites\/wp-content\/uploads\/2024\/09\/Le-rapport-de-temps-decran-dApple-nest-pas-precis-pour.png\",\"width\":1200,\"height\":675,\"caption\":\"Le rapport de temps d'\u00e9cran d'Apple n'est pas pr\u00e9cis pour suivre vos habitudes\"},{\"@type\":\"BreadcrumbList\",\"@id\":\"https:\/\/vieassociative.be\/actualites\/le-rapport-de-temps-decran-dapple-nest-pas-precis-pour-suivre-vos-habitudes\/#breadcrumb\",\"itemListElement\":[{\"@type\":\"ListItem\",\"position\":1,\"name\":\"Accueil\",\"item\":\"https:\/\/vieassociative.be\/actualites\/\"},{\"@type\":\"ListItem\",\"position\":2,\"name\":\"Le rapport de temps d&rsquo;\u00e9cran d&rsquo;Apple n&rsquo;est pas pr\u00e9cis pour suivre vos habitudes\"}]},{\"@type\":\"WebSite\",\"@id\":\"https:\/\/vieassociative.be\/actualites\/#website\",\"url\":\"https:\/\/vieassociative.be\/actualites\/\",\"name\":\"Vie Associative\",\"description\":\"\",\"publisher\":{\"@id\":\"https:\/\/vieassociative.be\/actualites\/#organization\"},\"potentialAction\":[{\"@type\":\"SearchAction\",\"target\":{\"@type\":\"EntryPoint\",\"urlTemplate\":\"https:\/\/vieassociative.be\/actualites\/?s={search_term_string}\"},\"query-input\":{\"@type\":\"PropertyValueSpecification\",\"valueRequired\":true,\"valueName\":\"search_term_string\"}}],\"inLanguage\":\"fr-BE\"},{\"@type\":\"Organization\",\"@id\":\"https:\/\/vieassociative.be\/actualites\/#organization\",\"name\":\"Vie Associative\",\"url\":\"https:\/\/vieassociative.be\/actualites\/\",\"logo\":{\"@type\":\"ImageObject\",\"inLanguage\":\"fr-BE\",\"@id\":\"https:\/\/vieassociative.be\/actualites\/#\/schema\/logo\/image\/\",\"url\":\"https:\/\/vieassociative.be\/actualites\/wp-content\/uploads\/2024\/09\/cropped-vieassociative_favicon.ico.png\",\"contentUrl\":\"https:\/\/vieassociative.be\/actualites\/wp-content\/uploads\/2024\/09\/cropped-vieassociative_favicon.ico.png\",\"width\":512,\"height\":512,\"caption\":\"Vie Associative\"},\"image\":{\"@id\":\"https:\/\/vieassociative.be\/actualites\/#\/schema\/logo\/image\/\"}},{\"@type\":\"Person\",\"@id\":\"https:\/\/vieassociative.be\/actualites\/#\/schema\/person\/b87ac4f82f9d4e7b7cec7395b679edc4\",\"name\":\"Julien\",\"image\":{\"@type\":\"ImageObject\",\"inLanguage\":\"fr-BE\",\"@id\":\"https:\/\/vieassociative.be\/actualites\/#\/schema\/person\/image\/\",\"url\":\"https:\/\/vieassociative.be\/actualites\/wp-content\/uploads\/2024\/09\/vie-associative-1-150x150.jpg\",\"contentUrl\":\"https:\/\/vieassociative.be\/actualites\/wp-content\/uploads\/2024\/09\/vie-associative-1-150x150.jpg\",\"caption\":\"Julien\"},\"description\":\"Je suis Julien, r\u00e9dacteur pour Vie Associative. Passionn\u00e9 par le monde associatif depuis plus de 10 ans, j'ai \u00e0 c\u0153ur de partager des histoires inspirantes et de mettre en lumi\u00e8re les initiatives locales. Mon objectif est de sensibiliser et d'encourager l'engagement communautaire \u00e0 travers mes articles.\",\"sameAs\":[\"https:\/\/vieassociative.be\/\"]}]}<\/script>\n<!-- \/ Yoast SEO plugin. -->","yoast_head_json":{"title":"Le rapport de temps d'\u00e9cran d'Apple n'est pas pr\u00e9cis pour suivre vos habitudes | Vie Associative","robots":{"index":"index","follow":"follow","max-snippet":"max-snippet:-1","max-image-preview":"max-image-preview:large","max-video-preview":"max-video-preview:-1"},"canonical":"https:\/\/vieassociative.be\/actualites\/le-rapport-de-temps-decran-dapple-nest-pas-precis-pour-suivre-vos-habitudes\/","og_locale":"fr_FR","og_type":"article","og_title":"Le rapport de temps d'\u00e9cran d'Apple n'est pas pr\u00e9cis pour suivre vos habitudes | Vie Associative","og_description":"iOS 12 est sorti et beaucoup de gens r\u00e9alisent soudain qu&rsquo;ils passent beaucoup trop de temps sur leur smartphone. Chemin. Aussi. Beaucoup. Temps. Tout cela","og_url":"https:\/\/vieassociative.be\/actualites\/le-rapport-de-temps-decran-dapple-nest-pas-precis-pour-suivre-vos-habitudes\/","og_site_name":"Vie Associative","article_published_time":"2024-09-30T02:23:50+00:00","og_image":[{"width":279,"height":92,"url":"https:\/\/vieassociative.be\/actualites\/wp-content\/uploads\/2024\/09\/header_backgroundk-01-e1726694325946.png","type":"image\/png"}],"author":"Julien","twitter_card":"summary_large_image","twitter_misc":{"\u00c9crit par":"Julien","Dur\u00e9e de lecture est.":"5 minutes"},"schema":{"@context":"https:\/\/schema.org","@graph":[{"@type":"Article","@id":"https:\/\/vieassociative.be\/actualites\/le-rapport-de-temps-decran-dapple-nest-pas-precis-pour-suivre-vos-habitudes\/#article","isPartOf":{"@id":"https:\/\/vieassociative.be\/actualites\/le-rapport-de-temps-decran-dapple-nest-pas-precis-pour-suivre-vos-habitudes\/"},"author":{"name":"Julien","@id":"https:\/\/vieassociative.be\/actualites\/#\/schema\/person\/b87ac4f82f9d4e7b7cec7395b679edc4"},"headline":"Le rapport de temps d&rsquo;\u00e9cran d&rsquo;Apple n&rsquo;est pas pr\u00e9cis pour suivre vos habitudes","datePublished":"2024-09-30T02:23:50+00:00","dateModified":"2024-09-30T02:23:50+00:00","mainEntityOfPage":{"@id":"https:\/\/vieassociative.be\/actualites\/le-rapport-de-temps-decran-dapple-nest-pas-precis-pour-suivre-vos-habitudes\/"},"wordCount":983,"publisher":{"@id":"https:\/\/vieassociative.be\/actualites\/#organization"},"image":{"@id":"https:\/\/vieassociative.be\/actualites\/le-rapport-de-temps-decran-dapple-nest-pas-precis-pour-suivre-vos-habitudes\/#primaryimage"},"thumbnailUrl":"https:\/\/vieassociative.be\/actualites\/wp-content\/uploads\/2024\/09\/Le-rapport-de-temps-decran-dApple-nest-pas-precis-pour.png","keywords":["dApple","d\u00e9cran","habitudes","nest","pas","pour","pr\u00e9cis","rapport","suivre","temps","vos"],"articleSection":["Technologie"],"inLanguage":"fr-BE"},{"@type":"WebPage","@id":"https:\/\/vieassociative.be\/actualites\/le-rapport-de-temps-decran-dapple-nest-pas-precis-pour-suivre-vos-habitudes\/","url":"https:\/\/vieassociative.be\/actualites\/le-rapport-de-temps-decran-dapple-nest-pas-precis-pour-suivre-vos-habitudes\/","name":"Le rapport de temps d'\u00e9cran d'Apple n'est pas pr\u00e9cis pour suivre vos habitudes | Vie Associative","isPartOf":{"@id":"https:\/\/vieassociative.be\/actualites\/#website"},"primaryImageOfPage":{"@id":"https:\/\/vieassociative.be\/actualites\/le-rapport-de-temps-decran-dapple-nest-pas-precis-pour-suivre-vos-habitudes\/#primaryimage"},"image":{"@id":"https:\/\/vieassociative.be\/actualites\/le-rapport-de-temps-decran-dapple-nest-pas-precis-pour-suivre-vos-habitudes\/#primaryimage"},"thumbnailUrl":"https:\/\/vieassociative.be\/actualites\/wp-content\/uploads\/2024\/09\/Le-rapport-de-temps-decran-dApple-nest-pas-precis-pour.png","datePublished":"2024-09-30T02:23:50+00:00","dateModified":"2024-09-30T02:23:50+00:00","breadcrumb":{"@id":"https:\/\/vieassociative.be\/actualites\/le-rapport-de-temps-decran-dapple-nest-pas-precis-pour-suivre-vos-habitudes\/#breadcrumb"},"inLanguage":"fr-BE","potentialAction":[{"@type":"ReadAction","target":["https:\/\/vieassociative.be\/actualites\/le-rapport-de-temps-decran-dapple-nest-pas-precis-pour-suivre-vos-habitudes\/"]}]},{"@type":"ImageObject","inLanguage":"fr-BE","@id":"https:\/\/vieassociative.be\/actualites\/le-rapport-de-temps-decran-dapple-nest-pas-precis-pour-suivre-vos-habitudes\/#primaryimage","url":"https:\/\/vieassociative.be\/actualites\/wp-content\/uploads\/2024\/09\/Le-rapport-de-temps-decran-dApple-nest-pas-precis-pour.png","contentUrl":"https:\/\/vieassociative.be\/actualites\/wp-content\/uploads\/2024\/09\/Le-rapport-de-temps-decran-dApple-nest-pas-precis-pour.png","width":1200,"height":675,"caption":"Le rapport de temps d'\u00e9cran d'Apple n'est pas pr\u00e9cis pour suivre vos habitudes"},{"@type":"BreadcrumbList","@id":"https:\/\/vieassociative.be\/actualites\/le-rapport-de-temps-decran-dapple-nest-pas-precis-pour-suivre-vos-habitudes\/#breadcrumb","itemListElement":[{"@type":"ListItem","position":1,"name":"Accueil","item":"https:\/\/vieassociative.be\/actualites\/"},{"@type":"ListItem","position":2,"name":"Le rapport de temps d&rsquo;\u00e9cran d&rsquo;Apple n&rsquo;est pas pr\u00e9cis pour suivre vos habitudes"}]},{"@type":"WebSite","@id":"https:\/\/vieassociative.be\/actualites\/#website","url":"https:\/\/vieassociative.be\/actualites\/","name":"Vie Associative","description":"","publisher":{"@id":"https:\/\/vieassociative.be\/actualites\/#organization"},"potentialAction":[{"@type":"SearchAction","target":{"@type":"EntryPoint","urlTemplate":"https:\/\/vieassociative.be\/actualites\/?s={search_term_string}"},"query-input":{"@type":"PropertyValueSpecification","valueRequired":true,"valueName":"search_term_string"}}],"inLanguage":"fr-BE"},{"@type":"Organization","@id":"https:\/\/vieassociative.be\/actualites\/#organization","name":"Vie Associative","url":"https:\/\/vieassociative.be\/actualites\/","logo":{"@type":"ImageObject","inLanguage":"fr-BE","@id":"https:\/\/vieassociative.be\/actualites\/#\/schema\/logo\/image\/","url":"https:\/\/vieassociative.be\/actualites\/wp-content\/uploads\/2024\/09\/cropped-vieassociative_favicon.ico.png","contentUrl":"https:\/\/vieassociative.be\/actualites\/wp-content\/uploads\/2024\/09\/cropped-vieassociative_favicon.ico.png","width":512,"height":512,"caption":"Vie Associative"},"image":{"@id":"https:\/\/vieassociative.be\/actualites\/#\/schema\/logo\/image\/"}},{"@type":"Person","@id":"https:\/\/vieassociative.be\/actualites\/#\/schema\/person\/b87ac4f82f9d4e7b7cec7395b679edc4","name":"Julien","image":{"@type":"ImageObject","inLanguage":"fr-BE","@id":"https:\/\/vieassociative.be\/actualites\/#\/schema\/person\/image\/","url":"https:\/\/vieassociative.be\/actualites\/wp-content\/uploads\/2024\/09\/vie-associative-1-150x150.jpg","contentUrl":"https:\/\/vieassociative.be\/actualites\/wp-content\/uploads\/2024\/09\/vie-associative-1-150x150.jpg","caption":"Julien"},"description":"Je suis Julien, r\u00e9dacteur pour Vie Associative. Passionn\u00e9 par le monde associatif depuis plus de 10 ans, j'ai \u00e0 c\u0153ur de partager des histoires inspirantes et de mettre en lumi\u00e8re les initiatives locales. Mon objectif est de sensibiliser et d'encourager l'engagement communautaire \u00e0 travers mes articles.","sameAs":["https:\/\/vieassociative.be\/"]}]}},"_links":{"self":[{"href":"https:\/\/vieassociative.be\/actualites\/wp-json\/wp\/v2\/posts\/673"}],"collection":[{"href":"https:\/\/vieassociative.be\/actualites\/wp-json\/wp\/v2\/posts"}],"about":[{"href":"https:\/\/vieassociative.be\/actualites\/wp-json\/wp\/v2\/types\/post"}],"author":[{"embeddable":true,"href":"https:\/\/vieassociative.be\/actualites\/wp-json\/wp\/v2\/users\/1"}],"replies":[{"embeddable":true,"href":"https:\/\/vieassociative.be\/actualites\/wp-json\/wp\/v2\/comments?post=673"}],"version-history":[{"count":0,"href":"https:\/\/vieassociative.be\/actualites\/wp-json\/wp\/v2\/posts\/673\/revisions"}],"wp:featuredmedia":[{"embeddable":true,"href":"https:\/\/vieassociative.be\/actualites\/wp-json\/wp\/v2\/media\/674"}],"wp:attachment":[{"href":"https:\/\/vieassociative.be\/actualites\/wp-json\/wp\/v2\/media?parent=673"}],"wp:term":[{"taxonomy":"category","embeddable":true,"href":"https:\/\/vieassociative.be\/actualites\/wp-json\/wp\/v2\/categories?post=673"},{"taxonomy":"post_tag","embeddable":true,"href":"https:\/\/vieassociative.be\/actualites\/wp-json\/wp\/v2\/tags?post=673"}],"curies":[{"name":"wp","href":"https:\/\/api.w.org\/{rel}","templated":true}]}}