{"id":6725,"date":"2025-04-15T06:24:48","date_gmt":"2025-04-15T04:24:48","guid":{"rendered":"https:\/\/vieassociative.be\/actualites\/la-delicieuse-facon-que-jai-utilisee-le-dernier-de-mes-peches-dete\/"},"modified":"2025-04-15T06:24:48","modified_gmt":"2025-04-15T04:24:48","slug":"la-delicieuse-facon-que-jai-utilisee-le-dernier-de-mes-peches-dete","status":"publish","type":"post","link":"https:\/\/vieassociative.be\/actualites\/la-delicieuse-facon-que-jai-utilisee-le-dernier-de-mes-peches-dete\/","title":{"rendered":"La d\u00e9licieuse fa\u00e7on que j&rsquo;ai utilis\u00e9e le dernier de mes p\u00eaches d&rsquo;\u00e9t\u00e9"},"content":{"rendered":"<div class=\"mt-4 leading-6 md:mb-8\">La saison des fruits \u00e0 l&rsquo;\u00e9tranger se termine, alors fermez-le avec une bouff\u00e9e.<\/div>\n<p><\/p>\n<p>Le d\u00e9but de l&rsquo;automne est un temps doux-amer pour les fanatiques de p\u00eache comme moi. Je savoure le temps plus frais, mais je sais que c&rsquo;est la fin d&rsquo;une autre saison de p\u00eache fantastique, et le d\u00e9but d&rsquo;une longue attente jusqu&rsquo;au d\u00e9but. Personnellement, j&rsquo;ai utilis\u00e9 mes p\u00eaches d&rsquo;\u00e9t\u00e9 dernier faisant une magnifique p\u00eache \u00e0 quatre p\u00eaches danoises.<\/p>\n<p>Quelqu&rsquo;un m&rsquo;a demand\u00e9 une fois: en supposant que nous parlons de maturit\u00e9 de pointe, quel fruit pensez-vous que c&rsquo;est le meilleur? Sans h\u00e9sitation, j&rsquo;ai dit la p\u00eache. Lorsque vous obtenez un lot de bonnes p\u00eaches, il n&rsquo;y a rien d&rsquo;intimidation \u00e0 terminer une douzaine en une semaine. Ils sont sucr\u00e9s avec une touche d&rsquo;acide et super juteux, et la texture offre la quantit\u00e9 parfaite de r\u00e9sistance sans aller farine. J&rsquo;aime g\u00e9n\u00e9ralement les manger frais, mais r\u00e9cemment je ne les mangeais pas assez vite &#8211; dans une journ\u00e9e d&rsquo;achat d&rsquo;un tas de Trader Joe&rsquo;s \u00e0 Brooklyn, ils ont commenc\u00e9 \u00e0 devenir sensiblement m\u00fbrs. <em>Aussi<\/em> m\u00fbr.<\/p>\n<p>J&rsquo;ai d\u00e9cid\u00e9 de peau et de les mettre au point de cong\u00e9lation, mais j&rsquo;ai gard\u00e9 des tranches pour un dessert de p\u00eache rapide. Ce \u00e0 quoi je ne m&rsquo;attendais pas, c&rsquo;est que je d\u00e9geais ces m\u00eames p\u00eaches surgel\u00e9es en quelques jours afin de pouvoir faire plus de ces fausses danois de p\u00eache. Cette recette est un \u00e9tourdissant absolu: suspect\u00e9 \u00e0 faire, et vous n&rsquo;avez besoin que de quatre ingr\u00e9dients. <\/p>\n<h2 id=\"how-to-make-easy-peach-danishes\">Comment faire des p\u00eaches faciles Danois<\/h2>\n<p>Techniquement, ce ne sont pas de \u00ab\u00a0vrais\u00a0\u00bb danois, mais ils sont certainement proches. Pour la p\u00e2tisserie, j&rsquo;utilise la p\u00e2te feuillet\u00e9e en section cong\u00e9lateur en magasin car elle est facile et a bon go\u00fbt. J&rsquo;enl\u00e8ve la peau quand je cuit avec des p\u00eaches, mais vous n&rsquo;avez pas \u00e0 le faire. C&rsquo;est facile \u00e0 faire: marquer simplement un \u00abx\u00bb \u00e0 la base de la p\u00eache et lui donner un blanchie de 30 secondes dans un pot d&rsquo;eau bouillante. Rincez la p\u00eache dans l&rsquo;eau froide et \u00e9pluchez la peau de la marque \u00abX\u00bb que vous avez faite. Tirez la p\u00eache et coupez-la en tranches. <\/p>\n<div class=\"eloquent-imagery-image\">\n<div class=\"flex justify-center\">\n                    <img decoding=\"async\" class=\"border border-gray-100\" src=\"https:\/\/vieassociative.be\/actualites\/wp-content\/uploads\/2025\/04\/La-delicieuse-facon-que-jai-utilisee-le-dernier-de-mes.jpg\" alt=\"Un couteau sur une planche \u00e0 d\u00e9couper devant une p\u00e2te feuillet\u00e9e crue.\" width=\"2000\" height=\"1124\" loading=\"lazy\"  >\n            <\/div>\n<\/p><\/div>\n<p>De l\u00e0, il s&rsquo;agit juste de faire la garniture du fromage et de rassembler les pi\u00e8ces. J&rsquo;ai fait une garniture de fromage \u00e0 la cr\u00e8me l\u00e9g\u00e8rement sucr\u00e9e, ce qui ne pouvait pas \u00eatre plus facile: le sucre en poudre et le fromage \u00e0 la cr\u00e8me se m\u00e9langent facilement pour faire une garniture riche, sucr\u00e9e et acidul\u00e9e qui joue bien avec tous les fruits d&rsquo;\u00e9t\u00e9. Ajoutez une cuiller\u00e9e \u00e0 des carr\u00e9s de p\u00e2te feuillet\u00e9e et garnir de tranches de p\u00eache. <\/p>\n<div class=\"eloquent-imagery-image\">\n<div class=\"flex justify-center\">\n                    <img decoding=\"async\" class=\"border border-gray-100\" src=\"https:\/\/vieassociative.be\/actualites\/wp-content\/uploads\/2025\/04\/1744691088_98_La-delicieuse-facon-que-jai-utilisee-le-dernier-de-mes.jpg\" alt=\"Tranches de p\u00eache et fromage \u00e0 la cr\u00e8me Force sur une p\u00e2te feuillet\u00e9e crue.\" width=\"2000\" height=\"1124\" loading=\"lazy\"  >\n            <\/div>\n<\/p><\/div>\n<p>Ce danois rapide cuit haut et produit une pr\u00e9sentation dynamique avec des bords pointus et un centre fruit\u00e9 coul\u00e9. Les textures et les saveurs ajoutent plus de drame. Il y a le croquant fragile du bord de la p\u00e2tisserie, la garniture cach\u00e9e soyeuse et le fruit vif et tendre pour ajouter du contraste. C&rsquo;est le petit-d\u00e9jeuner parfait avec du caf\u00e9 ou un ramassage appropri\u00e9 dans l&rsquo;apr\u00e8s-midi. <\/p>\n<p>Ce sont mieux appr\u00e9ci\u00e9s le jour o\u00f9 ils sont fabriqu\u00e9s, car les restes sont ternes. Heureusement, ils prennent \u00e0 peine tout le temps pour vous assembler, vous pouvez donc facilement les faire frais. <\/p>\n<h2 id=\"easy-peach-danish-recipe\">Recette danoise de p\u00eache facile<\/h2>\n<p>Ingr\u00e9dients:<\/p>\n<div class=\"pogoClear relative my-10 border-b-(1.5px) border-t-(1.5px) border-dashed border-black py-5 sm:my-14 sm:border-0 sm:py-0\" x-cloak x-data=\"{ commentsCount: null }\" x-init=\"commentsCount = await window.openweb.getMessagesCount(119657)\" x-show=\"commentsCount !== null &amp;&amp; commentsCount &gt; 0\">\n<div class=\"absolute top-1\/2 hidden w-full -translate-y-1\/2 border-t-(1.5px) border-dashed border-black sm:block\"><\/div>\n<div class=\"relative flex justify-center\">\n<div class=\"flex max-w-max items-center gap-x-3 bg-white px-5\">\n<div class=\"relative\">\n                <span class=\"absolute left-1\/2 top-1\/2 -translate-x-1\/2 -translate-y-1\/2 font-akshar text-sm font-medium text-black\" x-text=\"commentsCount\"><\/span><\/p>\n<p>                <svg class=\"h-8 w-8 text-black\">\n                    <use href=\"http:\/\/lifehacker.com\/images\/icons\/spritemap.svg#sprite-chat-bubble\"><\/use>\n                <\/svg>\n            <\/div>\n<p>            <span class=\"text-sm font-medium text-black\">Que pensez-vous jusqu&rsquo;\u00e0 pr\u00e9sent? <button class=\"font-semibold text-brand-green underline hover:text-brand-green-700\" onclick=\"window.openweb.scrollToComments(119657)\">Publier un commentaire.<\/button><\/span>\n        <\/div>\n<\/p><\/div>\n<\/div>\n<ul>\n<li>\n<p>1 feuille de p\u00e2te feuillet\u00e9e surgel\u00e9e, d\u00e9congel\u00e9e<\/p>\n<\/li>\n<li>\n<p>2 onces de fromage \u00e0 la cr\u00e8me, ramolli<\/p>\n<\/li>\n<li>\n<p>2 cuill\u00e8res \u00e0 soupe de sucre en poudre<\/p>\n<\/li>\n<li>\n<p>1 ou 2 p\u00eaches, pel\u00e9es et tranch\u00e9es<\/p>\n<\/li>\n<\/ul>\n<p>1. Pr\u00e9chauffer le four \u00e0 400 \u00b0 F. Tapisser une plaque \u00e0 p\u00e2tisserie de papier parchemin.<\/p>\n<p>2. Faites une garniture de fromage \u00e0 la cr\u00e8me sucr\u00e9e en remuant le sucre en poudre avec le fromage \u00e0 la cr\u00e8me douce. <\/p>\n<p>2. Disposez une feuille de p\u00e2te feuillet\u00e9e d\u00e9congel\u00e9e sur un peu de farine pour \u00e9viter de coller. Coupez-le en six rectangles \u00e9gaux. Placer les rectangles sur la feuille de p\u00e2tisserie doubl\u00e9e de parchemin avec un pouce ou deux d&rsquo;espace entre les deux. (Vous pouvez brosser les bords ext\u00e9rieurs avec un lavage d&rsquo;oeufs si vous souhaitez plus de brunissement.)<\/p>\n<p>3. Dollop une cuill\u00e8re \u00e0 soupe de m\u00e9lange de fromage \u00e0 la cr\u00e8me au centre de chaque rectangle et placez quelques tranches de p\u00eache sur le dessus. Cuire les Danois pendant environ 15 minutes, ou jusqu&rsquo;\u00e0 ce qu&rsquo;ils soient bien bruns et compl\u00e8tement lev\u00e9s. <\/p>\n","protected":false},"excerpt":{"rendered":"<p>La saison des fruits \u00e0 l&rsquo;\u00e9tranger se termine, alors fermez-le avec une bouff\u00e9e. Le d\u00e9but de l&rsquo;automne est un temps doux-amer pour les fanatiques de<\/p>\n","protected":false},"author":1,"featured_media":6726,"comment_status":"","ping_status":"","sticky":false,"template":"","format":"standard","meta":{"footnotes":""},"categories":[1],"tags":[6405,2682,122,531,823,87,1205,6406],"class_list":["post-6725","post","type-post","status-publish","format-standard","has-post-thumbnail","hentry","category-non-classe","tag-delicieuse","tag-dernier","tag-dete","tag-facon","tag-jai","tag-mes","tag-peches","tag-utilisee","generate-columns","tablet-grid-50","mobile-grid-100","grid-parent","grid-33"],"yoast_head":"<!-- This site is optimized with the Yoast SEO plugin v24.0 - https:\/\/yoast.com\/wordpress\/plugins\/seo\/ -->\n<title>La d\u00e9licieuse fa\u00e7on que j&#039;ai utilis\u00e9e le dernier de mes p\u00eaches d&#039;\u00e9t\u00e9 | Vie Associative<\/title>\n<meta name=\"robots\" content=\"index, follow, max-snippet:-1, max-image-preview:large, max-video-preview:-1\" \/>\n<link rel=\"canonical\" href=\"https:\/\/vieassociative.be\/actualites\/la-delicieuse-facon-que-jai-utilisee-le-dernier-de-mes-peches-dete\/\" \/>\n<meta property=\"og:locale\" content=\"fr_FR\" \/>\n<meta property=\"og:type\" content=\"article\" \/>\n<meta property=\"og:title\" content=\"La d\u00e9licieuse fa\u00e7on que j&#039;ai utilis\u00e9e le dernier de mes p\u00eaches d&#039;\u00e9t\u00e9 | Vie Associative\" \/>\n<meta property=\"og:description\" content=\"La saison des fruits \u00e0 l&rsquo;\u00e9tranger se termine, alors fermez-le avec une bouff\u00e9e. Le d\u00e9but de l&rsquo;automne est un temps doux-amer pour les fanatiques de\" \/>\n<meta property=\"og:url\" content=\"https:\/\/vieassociative.be\/actualites\/la-delicieuse-facon-que-jai-utilisee-le-dernier-de-mes-peches-dete\/\" \/>\n<meta property=\"og:site_name\" content=\"Vie Associative\" \/>\n<meta property=\"article:published_time\" content=\"2025-04-15T04:24:48+00:00\" \/>\n<meta property=\"og:image\" content=\"https:\/\/vieassociative.be\/actualites\/wp-content\/uploads\/2025\/04\/La-delicieuse-facon-que-jai-utilisee-le-dernier-de-mes.jpg\" \/>\n<meta name=\"author\" content=\"Julien\" \/>\n<meta name=\"twitter:card\" content=\"summary_large_image\" \/>\n<meta name=\"twitter:label1\" content=\"\u00c9crit par\" \/>\n\t<meta name=\"twitter:data1\" content=\"Julien\" \/>\n\t<meta name=\"twitter:label2\" content=\"Dur\u00e9e de lecture est.\" \/>\n\t<meta name=\"twitter:data2\" content=\"4 minutes\" \/>\n<script type=\"application\/ld+json\" class=\"yoast-schema-graph\">{\"@context\":\"https:\/\/schema.org\",\"@graph\":[{\"@type\":\"Article\",\"@id\":\"https:\/\/vieassociative.be\/actualites\/la-delicieuse-facon-que-jai-utilisee-le-dernier-de-mes-peches-dete\/#article\",\"isPartOf\":{\"@id\":\"https:\/\/vieassociative.be\/actualites\/la-delicieuse-facon-que-jai-utilisee-le-dernier-de-mes-peches-dete\/\"},\"author\":{\"name\":\"Julien\",\"@id\":\"https:\/\/vieassociative.be\/actualites\/#\/schema\/person\/b87ac4f82f9d4e7b7cec7395b679edc4\"},\"headline\":\"La d\u00e9licieuse fa\u00e7on que j&rsquo;ai utilis\u00e9e le dernier de mes p\u00eaches d&rsquo;\u00e9t\u00e9\",\"datePublished\":\"2025-04-15T04:24:48+00:00\",\"dateModified\":\"2025-04-15T04:24:48+00:00\",\"mainEntityOfPage\":{\"@id\":\"https:\/\/vieassociative.be\/actualites\/la-delicieuse-facon-que-jai-utilisee-le-dernier-de-mes-peches-dete\/\"},\"wordCount\":826,\"publisher\":{\"@id\":\"https:\/\/vieassociative.be\/actualites\/#organization\"},\"image\":{\"@id\":\"https:\/\/vieassociative.be\/actualites\/la-delicieuse-facon-que-jai-utilisee-le-dernier-de-mes-peches-dete\/#primaryimage\"},\"thumbnailUrl\":\"https:\/\/vieassociative.be\/actualites\/wp-content\/uploads\/2025\/04\/1744691089_La-delicieuse-facon-que-jai-utilisee-le-dernier-de-mes.jpg\",\"keywords\":[\"d\u00e9licieuse\",\"dernier\",\"d\u00e9t\u00e9\",\"fa\u00e7on\",\"Jai\",\"Mes\",\"p\u00eaches\",\"utilis\u00e9e\"],\"inLanguage\":\"fr-BE\"},{\"@type\":\"WebPage\",\"@id\":\"https:\/\/vieassociative.be\/actualites\/la-delicieuse-facon-que-jai-utilisee-le-dernier-de-mes-peches-dete\/\",\"url\":\"https:\/\/vieassociative.be\/actualites\/la-delicieuse-facon-que-jai-utilisee-le-dernier-de-mes-peches-dete\/\",\"name\":\"La d\u00e9licieuse fa\u00e7on que j'ai utilis\u00e9e le dernier de mes p\u00eaches d'\u00e9t\u00e9 | Vie Associative\",\"isPartOf\":{\"@id\":\"https:\/\/vieassociative.be\/actualites\/#website\"},\"primaryImageOfPage\":{\"@id\":\"https:\/\/vieassociative.be\/actualites\/la-delicieuse-facon-que-jai-utilisee-le-dernier-de-mes-peches-dete\/#primaryimage\"},\"image\":{\"@id\":\"https:\/\/vieassociative.be\/actualites\/la-delicieuse-facon-que-jai-utilisee-le-dernier-de-mes-peches-dete\/#primaryimage\"},\"thumbnailUrl\":\"https:\/\/vieassociative.be\/actualites\/wp-content\/uploads\/2025\/04\/1744691089_La-delicieuse-facon-que-jai-utilisee-le-dernier-de-mes.jpg\",\"datePublished\":\"2025-04-15T04:24:48+00:00\",\"dateModified\":\"2025-04-15T04:24:48+00:00\",\"breadcrumb\":{\"@id\":\"https:\/\/vieassociative.be\/actualites\/la-delicieuse-facon-que-jai-utilisee-le-dernier-de-mes-peches-dete\/#breadcrumb\"},\"inLanguage\":\"fr-BE\",\"potentialAction\":[{\"@type\":\"ReadAction\",\"target\":[\"https:\/\/vieassociative.be\/actualites\/la-delicieuse-facon-que-jai-utilisee-le-dernier-de-mes-peches-dete\/\"]}]},{\"@type\":\"ImageObject\",\"inLanguage\":\"fr-BE\",\"@id\":\"https:\/\/vieassociative.be\/actualites\/la-delicieuse-facon-que-jai-utilisee-le-dernier-de-mes-peches-dete\/#primaryimage\",\"url\":\"https:\/\/vieassociative.be\/actualites\/wp-content\/uploads\/2025\/04\/1744691089_La-delicieuse-facon-que-jai-utilisee-le-dernier-de-mes.jpg\",\"contentUrl\":\"https:\/\/vieassociative.be\/actualites\/wp-content\/uploads\/2025\/04\/1744691089_La-delicieuse-facon-que-jai-utilisee-le-dernier-de-mes.jpg\",\"width\":1200,\"height\":675,\"caption\":\"La d\u00e9licieuse fa\u00e7on que j'ai utilis\u00e9e le dernier de mes p\u00eaches d'\u00e9t\u00e9\"},{\"@type\":\"BreadcrumbList\",\"@id\":\"https:\/\/vieassociative.be\/actualites\/la-delicieuse-facon-que-jai-utilisee-le-dernier-de-mes-peches-dete\/#breadcrumb\",\"itemListElement\":[{\"@type\":\"ListItem\",\"position\":1,\"name\":\"Accueil\",\"item\":\"https:\/\/vieassociative.be\/actualites\/\"},{\"@type\":\"ListItem\",\"position\":2,\"name\":\"La d\u00e9licieuse fa\u00e7on que j&rsquo;ai utilis\u00e9e le dernier de mes p\u00eaches d&rsquo;\u00e9t\u00e9\"}]},{\"@type\":\"WebSite\",\"@id\":\"https:\/\/vieassociative.be\/actualites\/#website\",\"url\":\"https:\/\/vieassociative.be\/actualites\/\",\"name\":\"Vie Associative\",\"description\":\"\",\"publisher\":{\"@id\":\"https:\/\/vieassociative.be\/actualites\/#organization\"},\"potentialAction\":[{\"@type\":\"SearchAction\",\"target\":{\"@type\":\"EntryPoint\",\"urlTemplate\":\"https:\/\/vieassociative.be\/actualites\/?s={search_term_string}\"},\"query-input\":{\"@type\":\"PropertyValueSpecification\",\"valueRequired\":true,\"valueName\":\"search_term_string\"}}],\"inLanguage\":\"fr-BE\"},{\"@type\":\"Organization\",\"@id\":\"https:\/\/vieassociative.be\/actualites\/#organization\",\"name\":\"Vie Associative\",\"url\":\"https:\/\/vieassociative.be\/actualites\/\",\"logo\":{\"@type\":\"ImageObject\",\"inLanguage\":\"fr-BE\",\"@id\":\"https:\/\/vieassociative.be\/actualites\/#\/schema\/logo\/image\/\",\"url\":\"https:\/\/vieassociative.be\/actualites\/wp-content\/uploads\/2024\/09\/cropped-vieassociative_favicon.ico.png\",\"contentUrl\":\"https:\/\/vieassociative.be\/actualites\/wp-content\/uploads\/2024\/09\/cropped-vieassociative_favicon.ico.png\",\"width\":512,\"height\":512,\"caption\":\"Vie Associative\"},\"image\":{\"@id\":\"https:\/\/vieassociative.be\/actualites\/#\/schema\/logo\/image\/\"}},{\"@type\":\"Person\",\"@id\":\"https:\/\/vieassociative.be\/actualites\/#\/schema\/person\/b87ac4f82f9d4e7b7cec7395b679edc4\",\"name\":\"Julien\",\"image\":{\"@type\":\"ImageObject\",\"inLanguage\":\"fr-BE\",\"@id\":\"https:\/\/vieassociative.be\/actualites\/#\/schema\/person\/image\/\",\"url\":\"https:\/\/vieassociative.be\/actualites\/wp-content\/uploads\/2024\/09\/vie-associative-1-150x150.jpg\",\"contentUrl\":\"https:\/\/vieassociative.be\/actualites\/wp-content\/uploads\/2024\/09\/vie-associative-1-150x150.jpg\",\"caption\":\"Julien\"},\"description\":\"Je suis Julien, r\u00e9dacteur pour Vie Associative. Passionn\u00e9 par le monde associatif depuis plus de 10 ans, j'ai \u00e0 c\u0153ur de partager des histoires inspirantes et de mettre en lumi\u00e8re les initiatives locales. Mon objectif est de sensibiliser et d'encourager l'engagement communautaire \u00e0 travers mes articles.\",\"sameAs\":[\"https:\/\/vieassociative.be\/\"]}]}<\/script>\n<!-- \/ Yoast SEO plugin. -->","yoast_head_json":{"title":"La d\u00e9licieuse fa\u00e7on que j'ai utilis\u00e9e le dernier de mes p\u00eaches d'\u00e9t\u00e9 | Vie Associative","robots":{"index":"index","follow":"follow","max-snippet":"max-snippet:-1","max-image-preview":"max-image-preview:large","max-video-preview":"max-video-preview:-1"},"canonical":"https:\/\/vieassociative.be\/actualites\/la-delicieuse-facon-que-jai-utilisee-le-dernier-de-mes-peches-dete\/","og_locale":"fr_FR","og_type":"article","og_title":"La d\u00e9licieuse fa\u00e7on que j'ai utilis\u00e9e le dernier de mes p\u00eaches d'\u00e9t\u00e9 | Vie Associative","og_description":"La saison des fruits \u00e0 l&rsquo;\u00e9tranger se termine, alors fermez-le avec une bouff\u00e9e. Le d\u00e9but de l&rsquo;automne est un temps doux-amer pour les fanatiques de","og_url":"https:\/\/vieassociative.be\/actualites\/la-delicieuse-facon-que-jai-utilisee-le-dernier-de-mes-peches-dete\/","og_site_name":"Vie Associative","article_published_time":"2025-04-15T04:24:48+00:00","og_image":[{"url":"https:\/\/vieassociative.be\/actualites\/wp-content\/uploads\/2025\/04\/La-delicieuse-facon-que-jai-utilisee-le-dernier-de-mes.jpg","type":"","width":"","height":""}],"author":"Julien","twitter_card":"summary_large_image","twitter_misc":{"\u00c9crit par":"Julien","Dur\u00e9e de lecture est.":"4 minutes"},"schema":{"@context":"https:\/\/schema.org","@graph":[{"@type":"Article","@id":"https:\/\/vieassociative.be\/actualites\/la-delicieuse-facon-que-jai-utilisee-le-dernier-de-mes-peches-dete\/#article","isPartOf":{"@id":"https:\/\/vieassociative.be\/actualites\/la-delicieuse-facon-que-jai-utilisee-le-dernier-de-mes-peches-dete\/"},"author":{"name":"Julien","@id":"https:\/\/vieassociative.be\/actualites\/#\/schema\/person\/b87ac4f82f9d4e7b7cec7395b679edc4"},"headline":"La d\u00e9licieuse fa\u00e7on que j&rsquo;ai utilis\u00e9e le dernier de mes p\u00eaches d&rsquo;\u00e9t\u00e9","datePublished":"2025-04-15T04:24:48+00:00","dateModified":"2025-04-15T04:24:48+00:00","mainEntityOfPage":{"@id":"https:\/\/vieassociative.be\/actualites\/la-delicieuse-facon-que-jai-utilisee-le-dernier-de-mes-peches-dete\/"},"wordCount":826,"publisher":{"@id":"https:\/\/vieassociative.be\/actualites\/#organization"},"image":{"@id":"https:\/\/vieassociative.be\/actualites\/la-delicieuse-facon-que-jai-utilisee-le-dernier-de-mes-peches-dete\/#primaryimage"},"thumbnailUrl":"https:\/\/vieassociative.be\/actualites\/wp-content\/uploads\/2025\/04\/1744691089_La-delicieuse-facon-que-jai-utilisee-le-dernier-de-mes.jpg","keywords":["d\u00e9licieuse","dernier","d\u00e9t\u00e9","fa\u00e7on","Jai","Mes","p\u00eaches","utilis\u00e9e"],"inLanguage":"fr-BE"},{"@type":"WebPage","@id":"https:\/\/vieassociative.be\/actualites\/la-delicieuse-facon-que-jai-utilisee-le-dernier-de-mes-peches-dete\/","url":"https:\/\/vieassociative.be\/actualites\/la-delicieuse-facon-que-jai-utilisee-le-dernier-de-mes-peches-dete\/","name":"La d\u00e9licieuse fa\u00e7on que j'ai utilis\u00e9e le dernier de mes p\u00eaches d'\u00e9t\u00e9 | Vie Associative","isPartOf":{"@id":"https:\/\/vieassociative.be\/actualites\/#website"},"primaryImageOfPage":{"@id":"https:\/\/vieassociative.be\/actualites\/la-delicieuse-facon-que-jai-utilisee-le-dernier-de-mes-peches-dete\/#primaryimage"},"image":{"@id":"https:\/\/vieassociative.be\/actualites\/la-delicieuse-facon-que-jai-utilisee-le-dernier-de-mes-peches-dete\/#primaryimage"},"thumbnailUrl":"https:\/\/vieassociative.be\/actualites\/wp-content\/uploads\/2025\/04\/1744691089_La-delicieuse-facon-que-jai-utilisee-le-dernier-de-mes.jpg","datePublished":"2025-04-15T04:24:48+00:00","dateModified":"2025-04-15T04:24:48+00:00","breadcrumb":{"@id":"https:\/\/vieassociative.be\/actualites\/la-delicieuse-facon-que-jai-utilisee-le-dernier-de-mes-peches-dete\/#breadcrumb"},"inLanguage":"fr-BE","potentialAction":[{"@type":"ReadAction","target":["https:\/\/vieassociative.be\/actualites\/la-delicieuse-facon-que-jai-utilisee-le-dernier-de-mes-peches-dete\/"]}]},{"@type":"ImageObject","inLanguage":"fr-BE","@id":"https:\/\/vieassociative.be\/actualites\/la-delicieuse-facon-que-jai-utilisee-le-dernier-de-mes-peches-dete\/#primaryimage","url":"https:\/\/vieassociative.be\/actualites\/wp-content\/uploads\/2025\/04\/1744691089_La-delicieuse-facon-que-jai-utilisee-le-dernier-de-mes.jpg","contentUrl":"https:\/\/vieassociative.be\/actualites\/wp-content\/uploads\/2025\/04\/1744691089_La-delicieuse-facon-que-jai-utilisee-le-dernier-de-mes.jpg","width":1200,"height":675,"caption":"La d\u00e9licieuse fa\u00e7on que j'ai utilis\u00e9e le dernier de mes p\u00eaches d'\u00e9t\u00e9"},{"@type":"BreadcrumbList","@id":"https:\/\/vieassociative.be\/actualites\/la-delicieuse-facon-que-jai-utilisee-le-dernier-de-mes-peches-dete\/#breadcrumb","itemListElement":[{"@type":"ListItem","position":1,"name":"Accueil","item":"https:\/\/vieassociative.be\/actualites\/"},{"@type":"ListItem","position":2,"name":"La d\u00e9licieuse fa\u00e7on que j&rsquo;ai utilis\u00e9e le dernier de mes p\u00eaches d&rsquo;\u00e9t\u00e9"}]},{"@type":"WebSite","@id":"https:\/\/vieassociative.be\/actualites\/#website","url":"https:\/\/vieassociative.be\/actualites\/","name":"Vie Associative","description":"","publisher":{"@id":"https:\/\/vieassociative.be\/actualites\/#organization"},"potentialAction":[{"@type":"SearchAction","target":{"@type":"EntryPoint","urlTemplate":"https:\/\/vieassociative.be\/actualites\/?s={search_term_string}"},"query-input":{"@type":"PropertyValueSpecification","valueRequired":true,"valueName":"search_term_string"}}],"inLanguage":"fr-BE"},{"@type":"Organization","@id":"https:\/\/vieassociative.be\/actualites\/#organization","name":"Vie Associative","url":"https:\/\/vieassociative.be\/actualites\/","logo":{"@type":"ImageObject","inLanguage":"fr-BE","@id":"https:\/\/vieassociative.be\/actualites\/#\/schema\/logo\/image\/","url":"https:\/\/vieassociative.be\/actualites\/wp-content\/uploads\/2024\/09\/cropped-vieassociative_favicon.ico.png","contentUrl":"https:\/\/vieassociative.be\/actualites\/wp-content\/uploads\/2024\/09\/cropped-vieassociative_favicon.ico.png","width":512,"height":512,"caption":"Vie Associative"},"image":{"@id":"https:\/\/vieassociative.be\/actualites\/#\/schema\/logo\/image\/"}},{"@type":"Person","@id":"https:\/\/vieassociative.be\/actualites\/#\/schema\/person\/b87ac4f82f9d4e7b7cec7395b679edc4","name":"Julien","image":{"@type":"ImageObject","inLanguage":"fr-BE","@id":"https:\/\/vieassociative.be\/actualites\/#\/schema\/person\/image\/","url":"https:\/\/vieassociative.be\/actualites\/wp-content\/uploads\/2024\/09\/vie-associative-1-150x150.jpg","contentUrl":"https:\/\/vieassociative.be\/actualites\/wp-content\/uploads\/2024\/09\/vie-associative-1-150x150.jpg","caption":"Julien"},"description":"Je suis Julien, r\u00e9dacteur pour Vie Associative. Passionn\u00e9 par le monde associatif depuis plus de 10 ans, j'ai \u00e0 c\u0153ur de partager des histoires inspirantes et de mettre en lumi\u00e8re les initiatives locales. Mon objectif est de sensibiliser et d'encourager l'engagement communautaire \u00e0 travers mes articles.","sameAs":["https:\/\/vieassociative.be\/"]}]}},"_links":{"self":[{"href":"https:\/\/vieassociative.be\/actualites\/wp-json\/wp\/v2\/posts\/6725"}],"collection":[{"href":"https:\/\/vieassociative.be\/actualites\/wp-json\/wp\/v2\/posts"}],"about":[{"href":"https:\/\/vieassociative.be\/actualites\/wp-json\/wp\/v2\/types\/post"}],"author":[{"embeddable":true,"href":"https:\/\/vieassociative.be\/actualites\/wp-json\/wp\/v2\/users\/1"}],"replies":[{"embeddable":true,"href":"https:\/\/vieassociative.be\/actualites\/wp-json\/wp\/v2\/comments?post=6725"}],"version-history":[{"count":0,"href":"https:\/\/vieassociative.be\/actualites\/wp-json\/wp\/v2\/posts\/6725\/revisions"}],"wp:featuredmedia":[{"embeddable":true,"href":"https:\/\/vieassociative.be\/actualites\/wp-json\/wp\/v2\/media\/6726"}],"wp:attachment":[{"href":"https:\/\/vieassociative.be\/actualites\/wp-json\/wp\/v2\/media?parent=6725"}],"wp:term":[{"taxonomy":"category","embeddable":true,"href":"https:\/\/vieassociative.be\/actualites\/wp-json\/wp\/v2\/categories?post=6725"},{"taxonomy":"post_tag","embeddable":true,"href":"https:\/\/vieassociative.be\/actualites\/wp-json\/wp\/v2\/tags?post=6725"}],"curies":[{"name":"wp","href":"https:\/\/api.w.org\/{rel}","templated":true}]}}