{"id":6715,"date":"2025-04-14T22:17:47","date_gmt":"2025-04-14T20:17:47","guid":{"rendered":"https:\/\/vieassociative.be\/actualites\/le-milliardaire-jeff-bezos-tire-a-nouveau-katy-perry-et-son-propre-partenaire-dans-lespace-apres-seulement-1022-minutes-sur-terre\/"},"modified":"2025-04-14T22:17:47","modified_gmt":"2025-04-14T20:17:47","slug":"le-milliardaire-jeff-bezos-tire-a-nouveau-katy-perry-et-son-propre-partenaire-dans-lespace-apres-seulement-1022-minutes-sur-terre","status":"publish","type":"post","link":"https:\/\/vieassociative.be\/actualites\/le-milliardaire-jeff-bezos-tire-a-nouveau-katy-perry-et-son-propre-partenaire-dans-lespace-apres-seulement-1022-minutes-sur-terre\/","title":{"rendered":"Le milliardaire Jeff Bezos tire \u00e0 nouveau Katy Perry et son propre partenaire dans l&rsquo;espace apr\u00e8s seulement 10:22 minutes sur Terre"},"content":{"rendered":"<p><strong>Environ dix minutes d&rsquo;urgence: la pop star Katy Perry et le partenaire du milliardaire Jeff Bezos ont termin\u00e9 un court voyage dans l&rsquo;espace. Perry a \u00e9galement chant\u00e9 une chanson.<\/strong><\/p>\n<p><span id=\"more-413396\"><\/span>Le partenaire de Multi-ilarche Bezos vole bri\u00e8vement dans l&rsquo;espace avec la pop star Katy Perry &#8211; avec Bezos &lsquo;Rocket. Ce qui ressemble au d\u00e9but d&rsquo;une blague moyenne s&rsquo;est produit en Am\u00e9rique. Dans le flux en direct, les astronautes de l&rsquo;\u00e9quipage exclusivement f\u00e9minin ont \u00e9t\u00e9 entendus et c\u00e9l\u00e9br\u00e9s \u00e0 plus de 100 kilom\u00e8tres. Une personne \u00e0 bord semblait crier: \u00ab\u00a0Nous sommes dans l&rsquo;espace!\u00a0\u00bb<\/p>\n<p><strong>&#8211; en quelques minutes \u00e0 une hauteur de 105 kilom\u00e8tres:<\/strong> Le \u00ab\u00a0New Shepard\u00a0\u00bb a amen\u00e9 Perry et Lauren S\u00e1nchez avec le mod\u00e9rateur am\u00e9ricain Gayle King, les scientifiques Aisha Bowe et Amanda Nguyen ainsi que l&rsquo;entrepreneur Kerianne Flynn \u00e0 une hauteur maximale de 105 kilom\u00e8tres au-dessus de la Terre. <\/p>\n<\/p>\n<div id=\"attachment_413400\" class=\"wp-caption alignleft\" style=\"max-width: 300px\"><img fetchpriority=\"high\" decoding=\"async\" class=\"wp-image-413400 size-medium\" src=\"https:\/\/vieassociative.be\/actualites\/wp-content\/uploads\/2025\/04\/Le-milliardaire-Jeff-Bezos-tire-a-nouveau-Katy-Perry-et.jpg\" alt=\"\" width=\"300\" height=\"169\"  ><\/p>\n<p class=\"wp-caption-text\">14\/04\/2025, \u00c9tats-Unis, -: Photo d&rsquo;\u00e9cran de la chanteuse Katy Perry apr\u00e8s son vol avec le vaisseau spatial New Shepard NS-31 par Blue Origin. Photo: Blue Origin \/ YouTube \/ Press Association \/ DPA<\/p>\n<\/div>\n<p>Apr\u00e8s seulement 10h22, la capsule de la Blue Origin Space Company a remis sur terre en toute s\u00e9curit\u00e9. La vitesse de pointe sur le chemin de l&rsquo;espace \u00e9tait d&rsquo;environ 3 600 kilom\u00e8tres par heure.<\/p>\n<p>\u00ab\u00a0Je r\u00eave depuis 15 ans que je volais dans l&rsquo;espace\u00a0\u00bb, a \u00e9crit Perry (\u00ab\u00a0Firework\u00a0\u00bb, \u00ab\u00a0Roar\u00a0\u00bb, \u00ab\u00a0J&rsquo;ai embrass\u00e9 une fille\u00a0\u00bb) avant le d\u00e9part. Elle a \u00e9galement annonc\u00e9 qu&rsquo;elle voulait chanter dans un atterrissage sans annexe, il est devenu clair que la femme de 40 ans a r\u00e9ellement r\u00e9alis\u00e9 certaines lignes des succ\u00e8s \u00ab\u00a0What A Wonderful World\u00a0\u00bb dans l&rsquo;espace.<\/p>\n<p><strong>&#8211; Embrasser pour le sol du d\u00e9sert:<\/strong> Elle avait auparavant couvert la chanson de Louis Armstrong lors de concerts. \u00ab\u00a0Je ne savais pas qu&rsquo;un jour je d\u00e9ciderais d&rsquo;en chanter un peu dans l&rsquo;espace\u00a0\u00bb, a d\u00e9clar\u00e9 Perry. Apr\u00e8s l&rsquo;atterrissage, elle s&rsquo;est agenouill\u00e9e sur le sol du d\u00e9sert et a embrass\u00e9 le sable.<\/p>\n<p>Apr\u00e8s l&rsquo;atterrissage r\u00e9ussi, Bezos a personnellement ouvert la trappe de la capsule spatiale. S\u00e1nchez a d\u00e9crit sa vision de la terre depuis l&rsquo;espace comme suit: \u00ab\u00a0C&rsquo;\u00e9tait calme, mais en m\u00eame temps tr\u00e8s vivant. Et vous le regardez et pensez: nous sommes tous dans un bateau. C&rsquo;est tout ce \u00e0 quoi je peux penser: nous sommes plus connect\u00e9s que vous ne le pensez.\u00a0\u00bb Lauren S\u00e1nchez a con\u00e7u les combinaisons spatiales bleues de la Mission NS-31 en coop\u00e9ration avec le label de mode de New York Monse.<\/p>\n<p>&#8211;<strong> Offre pour les touristes:<\/strong> La fus\u00e9e commence dans le d\u00e9sert du Texas pr\u00e8s de Van Horn et vole en grande partie automatiquement. Blue Origin propose les courts voyages pour les touristes spatiaux depuis plusieurs ann\u00e9es. Avant le d\u00e9part en cours, dix de ces voyages avaient d\u00e9j\u00e0 \u00e9t\u00e9 achev\u00e9s avec succ\u00e8s, selon les informations, il y avait un total de 52 personnes.<\/p>\n<div id=\"attachment_413401\" class=\"wp-caption alignleft\" style=\"max-width: 300px\"><img decoding=\"async\" class=\"wp-image-413401 size-medium\" src=\"https:\/\/vieassociative.be\/actualites\/wp-content\/uploads\/2025\/04\/1744661867_690_Le-milliardaire-Jeff-Bezos-tire-a-nouveau-Katy-Perry-et.jpg\" alt=\"\" width=\"300\" height=\"200\"><\/p>\n<p class=\"wp-caption-text\">14\/04\/2025, \u00c9tats-Unis, West Texas: au premier rang, Sitting, LR: Lauren Sanchez et Kerianne Flynn et debout \u00e0 l&rsquo;arri\u00e8re, LR: Amanda Nguyen, Katy Perry, Gayle King et Aisha Bowe. Photo: Origine non cr\u00e9dit\u00e9 \/ bleue via AP \/ DPA<\/p>\n<\/div>\n<p>Lors du premier vol en 2021, le fondateur Bezos lui-m\u00eame \u00e9tait \u00e0 bord. D&rsquo;autres soci\u00e9t\u00e9s spatiales priv\u00e9es, telles que Virgin Galactic de l&rsquo;entrepreneur britannique Richard Branson ou SpaceX du milliardaire Tech Elon Musk, des offres similaires.<\/p>\n<p>Officiellement, Blue Origin ne fournit aucune information sur le prix des voyages. Les estimations sont de plusieurs centaines de milliers de dollars. \u00c0 maintes reprises, la soci\u00e9t\u00e9 a \u00e9galement pris des c\u00e9l\u00e9brit\u00e9s en tant qu&rsquo;invit\u00e9s d&rsquo;honneur \u00e0 des fins de relations publiques, pour l&rsquo;exemple, l&rsquo;acteur canadien William Shatner, qui est devenu mondial avec son r\u00f4le de capitaine Kirk dans \u00ab\u00a0Star Trek\u00a0\u00bb.<\/p>\n<p>Le com\u00e9dien Pete Davidson a annul\u00e9 un vol pr\u00e9vu en 2022. Cette fois, vous pouvez \u00e9galement supposer que tous les participants n&rsquo;ont pas pay\u00e9, du moins pas le prix plein.<\/p>\n<p>&#8211; Stress pour l&rsquo;environnement: il y avait eu des critiques de masse avant le d\u00e9part. L&rsquo;actrice am\u00e9ricaine Olivia Munn a d\u00e9clar\u00e9 pour la derni\u00e8re fois dans une interview t\u00e9l\u00e9vis\u00e9e qu&rsquo;il y avait tellement de choses plus importantes dans le monde. Le tout semble \u00ab\u00a0insatiable\u00a0\u00bb pour elle.<\/p>\n<p>De nombreux scientifiques critiquent le tourisme spatial depuis longtemps, en particulier pour les stations climatiques. Chaque lancement de fus\u00e9e repr\u00e9sente un fardeau sur l&rsquo;environnement, par exemple, a d\u00e9clar\u00e9 l&rsquo;ancien directeur spatial europ\u00e9en Jan W\u00f6rner r\u00e9cemment dans l&rsquo;inforadio RBB24. (DPA)<\/p>\n","protected":false},"excerpt":{"rendered":"<p>Environ dix minutes d&rsquo;urgence: la pop star Katy Perry et le partenaire du milliardaire Jeff Bezos ont termin\u00e9 un court voyage dans l&rsquo;espace. Perry a<\/p>\n","protected":false},"author":1,"featured_media":6716,"comment_status":"","ping_status":"","sticky":false,"template":"","format":"standard","meta":{"footnotes":""},"categories":[298],"tags":[472,4770,166,6390,6391,1013,6389,2584,553,113,6392,2292,2583,800,33,1166,4476],"class_list":["post-6715","post","type-post","status-publish","format-standard","has-post-thumbnail","hentry","category-belgique","tag-apres","tag-bezos","tag-dans","tag-jeff","tag-katy","tag-lespace","tag-milliardaire","tag-minutes","tag-nouveau","tag-partenaire","tag-perry","tag-propre","tag-seulement","tag-son","tag-sur","tag-terre","tag-tire","generate-columns","tablet-grid-50","mobile-grid-100","grid-parent","grid-33"],"yoast_head":"<!-- This site is optimized with the Yoast SEO plugin v24.0 - https:\/\/yoast.com\/wordpress\/plugins\/seo\/ -->\n<title>Le milliardaire Jeff Bezos tire \u00e0 nouveau Katy Perry et son propre partenaire dans l&#039;espace apr\u00e8s seulement 10:22 minutes sur Terre | Vie Associative<\/title>\n<meta name=\"robots\" content=\"index, follow, max-snippet:-1, max-image-preview:large, max-video-preview:-1\" \/>\n<link rel=\"canonical\" href=\"https:\/\/vieassociative.be\/actualites\/le-milliardaire-jeff-bezos-tire-a-nouveau-katy-perry-et-son-propre-partenaire-dans-lespace-apres-seulement-1022-minutes-sur-terre\/\" \/>\n<meta property=\"og:locale\" content=\"fr_FR\" \/>\n<meta property=\"og:type\" content=\"article\" \/>\n<meta property=\"og:title\" content=\"Le milliardaire Jeff Bezos tire \u00e0 nouveau Katy Perry et son propre partenaire dans l&#039;espace apr\u00e8s seulement 10:22 minutes sur Terre | Vie Associative\" \/>\n<meta property=\"og:description\" content=\"Environ dix minutes d&rsquo;urgence: la pop star Katy Perry et le partenaire du milliardaire Jeff Bezos ont termin\u00e9 un court voyage dans l&rsquo;espace. Perry a\" \/>\n<meta property=\"og:url\" content=\"https:\/\/vieassociative.be\/actualites\/le-milliardaire-jeff-bezos-tire-a-nouveau-katy-perry-et-son-propre-partenaire-dans-lespace-apres-seulement-1022-minutes-sur-terre\/\" \/>\n<meta property=\"og:site_name\" content=\"Vie Associative\" \/>\n<meta property=\"article:published_time\" content=\"2025-04-14T20:17:47+00:00\" \/>\n<meta property=\"og:image\" content=\"https:\/\/vieassociative.be\/actualites\/wp-content\/uploads\/2024\/09\/header_backgroundk-01-e1726694325946.png\" \/>\n\t<meta property=\"og:image:width\" content=\"279\" \/>\n\t<meta property=\"og:image:height\" content=\"92\" \/>\n\t<meta property=\"og:image:type\" content=\"image\/png\" \/>\n<meta name=\"author\" content=\"Julien\" \/>\n<meta name=\"twitter:card\" content=\"summary_large_image\" \/>\n<meta name=\"twitter:label1\" content=\"\u00c9crit par\" \/>\n\t<meta name=\"twitter:data1\" content=\"Julien\" \/>\n\t<meta name=\"twitter:label2\" content=\"Dur\u00e9e de lecture est.\" \/>\n\t<meta name=\"twitter:data2\" content=\"4 minutes\" \/>\n<script type=\"application\/ld+json\" class=\"yoast-schema-graph\">{\"@context\":\"https:\/\/schema.org\",\"@graph\":[{\"@type\":\"Article\",\"@id\":\"https:\/\/vieassociative.be\/actualites\/le-milliardaire-jeff-bezos-tire-a-nouveau-katy-perry-et-son-propre-partenaire-dans-lespace-apres-seulement-1022-minutes-sur-terre\/#article\",\"isPartOf\":{\"@id\":\"https:\/\/vieassociative.be\/actualites\/le-milliardaire-jeff-bezos-tire-a-nouveau-katy-perry-et-son-propre-partenaire-dans-lespace-apres-seulement-1022-minutes-sur-terre\/\"},\"author\":{\"name\":\"Julien\",\"@id\":\"https:\/\/vieassociative.be\/actualites\/#\/schema\/person\/b87ac4f82f9d4e7b7cec7395b679edc4\"},\"headline\":\"Le milliardaire Jeff Bezos tire \u00e0 nouveau Katy Perry et son propre partenaire dans l&rsquo;espace apr\u00e8s seulement 10:22 minutes sur Terre\",\"datePublished\":\"2025-04-14T20:17:47+00:00\",\"dateModified\":\"2025-04-14T20:17:47+00:00\",\"mainEntityOfPage\":{\"@id\":\"https:\/\/vieassociative.be\/actualites\/le-milliardaire-jeff-bezos-tire-a-nouveau-katy-perry-et-son-propre-partenaire-dans-lespace-apres-seulement-1022-minutes-sur-terre\/\"},\"wordCount\":817,\"publisher\":{\"@id\":\"https:\/\/vieassociative.be\/actualites\/#organization\"},\"image\":{\"@id\":\"https:\/\/vieassociative.be\/actualites\/le-milliardaire-jeff-bezos-tire-a-nouveau-katy-perry-et-son-propre-partenaire-dans-lespace-apres-seulement-1022-minutes-sur-terre\/#primaryimage\"},\"thumbnailUrl\":\"https:\/\/vieassociative.be\/actualites\/wp-content\/uploads\/2025\/04\/1744661868_Le-milliardaire-Jeff-Bezos-tire-a-nouveau-Katy-Perry-et.jpg\",\"keywords\":[\"Apr\u00e8s\",\"Bezos\",\"dans\",\"Jeff\",\"Katy\",\"lespace\",\"milliardaire\",\"minutes\",\"nouveau\",\"partenaire\",\"Perry\",\"propre\",\"seulement\",\"son\",\"sur\",\"terre\",\"tir\u00e9\"],\"articleSection\":[\"Belgique\"],\"inLanguage\":\"fr-BE\"},{\"@type\":\"WebPage\",\"@id\":\"https:\/\/vieassociative.be\/actualites\/le-milliardaire-jeff-bezos-tire-a-nouveau-katy-perry-et-son-propre-partenaire-dans-lespace-apres-seulement-1022-minutes-sur-terre\/\",\"url\":\"https:\/\/vieassociative.be\/actualites\/le-milliardaire-jeff-bezos-tire-a-nouveau-katy-perry-et-son-propre-partenaire-dans-lespace-apres-seulement-1022-minutes-sur-terre\/\",\"name\":\"Le milliardaire Jeff Bezos tire \u00e0 nouveau Katy Perry et son propre partenaire dans l'espace apr\u00e8s seulement 10:22 minutes sur Terre | Vie Associative\",\"isPartOf\":{\"@id\":\"https:\/\/vieassociative.be\/actualites\/#website\"},\"primaryImageOfPage\":{\"@id\":\"https:\/\/vieassociative.be\/actualites\/le-milliardaire-jeff-bezos-tire-a-nouveau-katy-perry-et-son-propre-partenaire-dans-lespace-apres-seulement-1022-minutes-sur-terre\/#primaryimage\"},\"image\":{\"@id\":\"https:\/\/vieassociative.be\/actualites\/le-milliardaire-jeff-bezos-tire-a-nouveau-katy-perry-et-son-propre-partenaire-dans-lespace-apres-seulement-1022-minutes-sur-terre\/#primaryimage\"},\"thumbnailUrl\":\"https:\/\/vieassociative.be\/actualites\/wp-content\/uploads\/2025\/04\/1744661868_Le-milliardaire-Jeff-Bezos-tire-a-nouveau-Katy-Perry-et.jpg\",\"datePublished\":\"2025-04-14T20:17:47+00:00\",\"dateModified\":\"2025-04-14T20:17:47+00:00\",\"breadcrumb\":{\"@id\":\"https:\/\/vieassociative.be\/actualites\/le-milliardaire-jeff-bezos-tire-a-nouveau-katy-perry-et-son-propre-partenaire-dans-lespace-apres-seulement-1022-minutes-sur-terre\/#breadcrumb\"},\"inLanguage\":\"fr-BE\",\"potentialAction\":[{\"@type\":\"ReadAction\",\"target\":[\"https:\/\/vieassociative.be\/actualites\/le-milliardaire-jeff-bezos-tire-a-nouveau-katy-perry-et-son-propre-partenaire-dans-lespace-apres-seulement-1022-minutes-sur-terre\/\"]}]},{\"@type\":\"ImageObject\",\"inLanguage\":\"fr-BE\",\"@id\":\"https:\/\/vieassociative.be\/actualites\/le-milliardaire-jeff-bezos-tire-a-nouveau-katy-perry-et-son-propre-partenaire-dans-lespace-apres-seulement-1022-minutes-sur-terre\/#primaryimage\",\"url\":\"https:\/\/vieassociative.be\/actualites\/wp-content\/uploads\/2025\/04\/1744661868_Le-milliardaire-Jeff-Bezos-tire-a-nouveau-Katy-Perry-et.jpg\",\"contentUrl\":\"https:\/\/vieassociative.be\/actualites\/wp-content\/uploads\/2025\/04\/1744661868_Le-milliardaire-Jeff-Bezos-tire-a-nouveau-Katy-Perry-et.jpg\",\"width\":1200,\"height\":900,\"caption\":\"Le milliardaire Jeff Bezos tire \u00e0 nouveau Katy Perry et son propre partenaire dans l'espace apr\u00e8s seulement 10:22 minutes sur Terre\"},{\"@type\":\"BreadcrumbList\",\"@id\":\"https:\/\/vieassociative.be\/actualites\/le-milliardaire-jeff-bezos-tire-a-nouveau-katy-perry-et-son-propre-partenaire-dans-lespace-apres-seulement-1022-minutes-sur-terre\/#breadcrumb\",\"itemListElement\":[{\"@type\":\"ListItem\",\"position\":1,\"name\":\"Accueil\",\"item\":\"https:\/\/vieassociative.be\/actualites\/\"},{\"@type\":\"ListItem\",\"position\":2,\"name\":\"Le milliardaire Jeff Bezos tire \u00e0 nouveau Katy Perry et son propre partenaire dans l&rsquo;espace apr\u00e8s seulement 10:22 minutes sur Terre\"}]},{\"@type\":\"WebSite\",\"@id\":\"https:\/\/vieassociative.be\/actualites\/#website\",\"url\":\"https:\/\/vieassociative.be\/actualites\/\",\"name\":\"Vie Associative\",\"description\":\"\",\"publisher\":{\"@id\":\"https:\/\/vieassociative.be\/actualites\/#organization\"},\"potentialAction\":[{\"@type\":\"SearchAction\",\"target\":{\"@type\":\"EntryPoint\",\"urlTemplate\":\"https:\/\/vieassociative.be\/actualites\/?s={search_term_string}\"},\"query-input\":{\"@type\":\"PropertyValueSpecification\",\"valueRequired\":true,\"valueName\":\"search_term_string\"}}],\"inLanguage\":\"fr-BE\"},{\"@type\":\"Organization\",\"@id\":\"https:\/\/vieassociative.be\/actualites\/#organization\",\"name\":\"Vie Associative\",\"url\":\"https:\/\/vieassociative.be\/actualites\/\",\"logo\":{\"@type\":\"ImageObject\",\"inLanguage\":\"fr-BE\",\"@id\":\"https:\/\/vieassociative.be\/actualites\/#\/schema\/logo\/image\/\",\"url\":\"https:\/\/vieassociative.be\/actualites\/wp-content\/uploads\/2024\/09\/cropped-vieassociative_favicon.ico.png\",\"contentUrl\":\"https:\/\/vieassociative.be\/actualites\/wp-content\/uploads\/2024\/09\/cropped-vieassociative_favicon.ico.png\",\"width\":512,\"height\":512,\"caption\":\"Vie Associative\"},\"image\":{\"@id\":\"https:\/\/vieassociative.be\/actualites\/#\/schema\/logo\/image\/\"}},{\"@type\":\"Person\",\"@id\":\"https:\/\/vieassociative.be\/actualites\/#\/schema\/person\/b87ac4f82f9d4e7b7cec7395b679edc4\",\"name\":\"Julien\",\"image\":{\"@type\":\"ImageObject\",\"inLanguage\":\"fr-BE\",\"@id\":\"https:\/\/vieassociative.be\/actualites\/#\/schema\/person\/image\/\",\"url\":\"https:\/\/vieassociative.be\/actualites\/wp-content\/uploads\/2024\/09\/vie-associative-1-150x150.jpg\",\"contentUrl\":\"https:\/\/vieassociative.be\/actualites\/wp-content\/uploads\/2024\/09\/vie-associative-1-150x150.jpg\",\"caption\":\"Julien\"},\"description\":\"Je suis Julien, r\u00e9dacteur pour Vie Associative. Passionn\u00e9 par le monde associatif depuis plus de 10 ans, j'ai \u00e0 c\u0153ur de partager des histoires inspirantes et de mettre en lumi\u00e8re les initiatives locales. Mon objectif est de sensibiliser et d'encourager l'engagement communautaire \u00e0 travers mes articles.\",\"sameAs\":[\"https:\/\/vieassociative.be\/\"]}]}<\/script>\n<!-- \/ Yoast SEO plugin. -->","yoast_head_json":{"title":"Le milliardaire Jeff Bezos tire \u00e0 nouveau Katy Perry et son propre partenaire dans l'espace apr\u00e8s seulement 10:22 minutes sur Terre | Vie Associative","robots":{"index":"index","follow":"follow","max-snippet":"max-snippet:-1","max-image-preview":"max-image-preview:large","max-video-preview":"max-video-preview:-1"},"canonical":"https:\/\/vieassociative.be\/actualites\/le-milliardaire-jeff-bezos-tire-a-nouveau-katy-perry-et-son-propre-partenaire-dans-lespace-apres-seulement-1022-minutes-sur-terre\/","og_locale":"fr_FR","og_type":"article","og_title":"Le milliardaire Jeff Bezos tire \u00e0 nouveau Katy Perry et son propre partenaire dans l'espace apr\u00e8s seulement 10:22 minutes sur Terre | Vie Associative","og_description":"Environ dix minutes d&rsquo;urgence: la pop star Katy Perry et le partenaire du milliardaire Jeff Bezos ont termin\u00e9 un court voyage dans l&rsquo;espace. Perry a","og_url":"https:\/\/vieassociative.be\/actualites\/le-milliardaire-jeff-bezos-tire-a-nouveau-katy-perry-et-son-propre-partenaire-dans-lespace-apres-seulement-1022-minutes-sur-terre\/","og_site_name":"Vie Associative","article_published_time":"2025-04-14T20:17:47+00:00","og_image":[{"width":279,"height":92,"url":"https:\/\/vieassociative.be\/actualites\/wp-content\/uploads\/2024\/09\/header_backgroundk-01-e1726694325946.png","type":"image\/png"}],"author":"Julien","twitter_card":"summary_large_image","twitter_misc":{"\u00c9crit par":"Julien","Dur\u00e9e de lecture est.":"4 minutes"},"schema":{"@context":"https:\/\/schema.org","@graph":[{"@type":"Article","@id":"https:\/\/vieassociative.be\/actualites\/le-milliardaire-jeff-bezos-tire-a-nouveau-katy-perry-et-son-propre-partenaire-dans-lespace-apres-seulement-1022-minutes-sur-terre\/#article","isPartOf":{"@id":"https:\/\/vieassociative.be\/actualites\/le-milliardaire-jeff-bezos-tire-a-nouveau-katy-perry-et-son-propre-partenaire-dans-lespace-apres-seulement-1022-minutes-sur-terre\/"},"author":{"name":"Julien","@id":"https:\/\/vieassociative.be\/actualites\/#\/schema\/person\/b87ac4f82f9d4e7b7cec7395b679edc4"},"headline":"Le milliardaire Jeff Bezos tire \u00e0 nouveau Katy Perry et son propre partenaire dans l&rsquo;espace apr\u00e8s seulement 10:22 minutes sur Terre","datePublished":"2025-04-14T20:17:47+00:00","dateModified":"2025-04-14T20:17:47+00:00","mainEntityOfPage":{"@id":"https:\/\/vieassociative.be\/actualites\/le-milliardaire-jeff-bezos-tire-a-nouveau-katy-perry-et-son-propre-partenaire-dans-lespace-apres-seulement-1022-minutes-sur-terre\/"},"wordCount":817,"publisher":{"@id":"https:\/\/vieassociative.be\/actualites\/#organization"},"image":{"@id":"https:\/\/vieassociative.be\/actualites\/le-milliardaire-jeff-bezos-tire-a-nouveau-katy-perry-et-son-propre-partenaire-dans-lespace-apres-seulement-1022-minutes-sur-terre\/#primaryimage"},"thumbnailUrl":"https:\/\/vieassociative.be\/actualites\/wp-content\/uploads\/2025\/04\/1744661868_Le-milliardaire-Jeff-Bezos-tire-a-nouveau-Katy-Perry-et.jpg","keywords":["Apr\u00e8s","Bezos","dans","Jeff","Katy","lespace","milliardaire","minutes","nouveau","partenaire","Perry","propre","seulement","son","sur","terre","tir\u00e9"],"articleSection":["Belgique"],"inLanguage":"fr-BE"},{"@type":"WebPage","@id":"https:\/\/vieassociative.be\/actualites\/le-milliardaire-jeff-bezos-tire-a-nouveau-katy-perry-et-son-propre-partenaire-dans-lespace-apres-seulement-1022-minutes-sur-terre\/","url":"https:\/\/vieassociative.be\/actualites\/le-milliardaire-jeff-bezos-tire-a-nouveau-katy-perry-et-son-propre-partenaire-dans-lespace-apres-seulement-1022-minutes-sur-terre\/","name":"Le milliardaire Jeff Bezos tire \u00e0 nouveau Katy Perry et son propre partenaire dans l'espace apr\u00e8s seulement 10:22 minutes sur Terre | Vie Associative","isPartOf":{"@id":"https:\/\/vieassociative.be\/actualites\/#website"},"primaryImageOfPage":{"@id":"https:\/\/vieassociative.be\/actualites\/le-milliardaire-jeff-bezos-tire-a-nouveau-katy-perry-et-son-propre-partenaire-dans-lespace-apres-seulement-1022-minutes-sur-terre\/#primaryimage"},"image":{"@id":"https:\/\/vieassociative.be\/actualites\/le-milliardaire-jeff-bezos-tire-a-nouveau-katy-perry-et-son-propre-partenaire-dans-lespace-apres-seulement-1022-minutes-sur-terre\/#primaryimage"},"thumbnailUrl":"https:\/\/vieassociative.be\/actualites\/wp-content\/uploads\/2025\/04\/1744661868_Le-milliardaire-Jeff-Bezos-tire-a-nouveau-Katy-Perry-et.jpg","datePublished":"2025-04-14T20:17:47+00:00","dateModified":"2025-04-14T20:17:47+00:00","breadcrumb":{"@id":"https:\/\/vieassociative.be\/actualites\/le-milliardaire-jeff-bezos-tire-a-nouveau-katy-perry-et-son-propre-partenaire-dans-lespace-apres-seulement-1022-minutes-sur-terre\/#breadcrumb"},"inLanguage":"fr-BE","potentialAction":[{"@type":"ReadAction","target":["https:\/\/vieassociative.be\/actualites\/le-milliardaire-jeff-bezos-tire-a-nouveau-katy-perry-et-son-propre-partenaire-dans-lespace-apres-seulement-1022-minutes-sur-terre\/"]}]},{"@type":"ImageObject","inLanguage":"fr-BE","@id":"https:\/\/vieassociative.be\/actualites\/le-milliardaire-jeff-bezos-tire-a-nouveau-katy-perry-et-son-propre-partenaire-dans-lespace-apres-seulement-1022-minutes-sur-terre\/#primaryimage","url":"https:\/\/vieassociative.be\/actualites\/wp-content\/uploads\/2025\/04\/1744661868_Le-milliardaire-Jeff-Bezos-tire-a-nouveau-Katy-Perry-et.jpg","contentUrl":"https:\/\/vieassociative.be\/actualites\/wp-content\/uploads\/2025\/04\/1744661868_Le-milliardaire-Jeff-Bezos-tire-a-nouveau-Katy-Perry-et.jpg","width":1200,"height":900,"caption":"Le milliardaire Jeff Bezos tire \u00e0 nouveau Katy Perry et son propre partenaire dans l'espace apr\u00e8s seulement 10:22 minutes sur Terre"},{"@type":"BreadcrumbList","@id":"https:\/\/vieassociative.be\/actualites\/le-milliardaire-jeff-bezos-tire-a-nouveau-katy-perry-et-son-propre-partenaire-dans-lespace-apres-seulement-1022-minutes-sur-terre\/#breadcrumb","itemListElement":[{"@type":"ListItem","position":1,"name":"Accueil","item":"https:\/\/vieassociative.be\/actualites\/"},{"@type":"ListItem","position":2,"name":"Le milliardaire Jeff Bezos tire \u00e0 nouveau Katy Perry et son propre partenaire dans l&rsquo;espace apr\u00e8s seulement 10:22 minutes sur Terre"}]},{"@type":"WebSite","@id":"https:\/\/vieassociative.be\/actualites\/#website","url":"https:\/\/vieassociative.be\/actualites\/","name":"Vie Associative","description":"","publisher":{"@id":"https:\/\/vieassociative.be\/actualites\/#organization"},"potentialAction":[{"@type":"SearchAction","target":{"@type":"EntryPoint","urlTemplate":"https:\/\/vieassociative.be\/actualites\/?s={search_term_string}"},"query-input":{"@type":"PropertyValueSpecification","valueRequired":true,"valueName":"search_term_string"}}],"inLanguage":"fr-BE"},{"@type":"Organization","@id":"https:\/\/vieassociative.be\/actualites\/#organization","name":"Vie Associative","url":"https:\/\/vieassociative.be\/actualites\/","logo":{"@type":"ImageObject","inLanguage":"fr-BE","@id":"https:\/\/vieassociative.be\/actualites\/#\/schema\/logo\/image\/","url":"https:\/\/vieassociative.be\/actualites\/wp-content\/uploads\/2024\/09\/cropped-vieassociative_favicon.ico.png","contentUrl":"https:\/\/vieassociative.be\/actualites\/wp-content\/uploads\/2024\/09\/cropped-vieassociative_favicon.ico.png","width":512,"height":512,"caption":"Vie Associative"},"image":{"@id":"https:\/\/vieassociative.be\/actualites\/#\/schema\/logo\/image\/"}},{"@type":"Person","@id":"https:\/\/vieassociative.be\/actualites\/#\/schema\/person\/b87ac4f82f9d4e7b7cec7395b679edc4","name":"Julien","image":{"@type":"ImageObject","inLanguage":"fr-BE","@id":"https:\/\/vieassociative.be\/actualites\/#\/schema\/person\/image\/","url":"https:\/\/vieassociative.be\/actualites\/wp-content\/uploads\/2024\/09\/vie-associative-1-150x150.jpg","contentUrl":"https:\/\/vieassociative.be\/actualites\/wp-content\/uploads\/2024\/09\/vie-associative-1-150x150.jpg","caption":"Julien"},"description":"Je suis Julien, r\u00e9dacteur pour Vie Associative. Passionn\u00e9 par le monde associatif depuis plus de 10 ans, j'ai \u00e0 c\u0153ur de partager des histoires inspirantes et de mettre en lumi\u00e8re les initiatives locales. Mon objectif est de sensibiliser et d'encourager l'engagement communautaire \u00e0 travers mes articles.","sameAs":["https:\/\/vieassociative.be\/"]}]}},"_links":{"self":[{"href":"https:\/\/vieassociative.be\/actualites\/wp-json\/wp\/v2\/posts\/6715"}],"collection":[{"href":"https:\/\/vieassociative.be\/actualites\/wp-json\/wp\/v2\/posts"}],"about":[{"href":"https:\/\/vieassociative.be\/actualites\/wp-json\/wp\/v2\/types\/post"}],"author":[{"embeddable":true,"href":"https:\/\/vieassociative.be\/actualites\/wp-json\/wp\/v2\/users\/1"}],"replies":[{"embeddable":true,"href":"https:\/\/vieassociative.be\/actualites\/wp-json\/wp\/v2\/comments?post=6715"}],"version-history":[{"count":0,"href":"https:\/\/vieassociative.be\/actualites\/wp-json\/wp\/v2\/posts\/6715\/revisions"}],"wp:featuredmedia":[{"embeddable":true,"href":"https:\/\/vieassociative.be\/actualites\/wp-json\/wp\/v2\/media\/6716"}],"wp:attachment":[{"href":"https:\/\/vieassociative.be\/actualites\/wp-json\/wp\/v2\/media?parent=6715"}],"wp:term":[{"taxonomy":"category","embeddable":true,"href":"https:\/\/vieassociative.be\/actualites\/wp-json\/wp\/v2\/categories?post=6715"},{"taxonomy":"post_tag","embeddable":true,"href":"https:\/\/vieassociative.be\/actualites\/wp-json\/wp\/v2\/tags?post=6715"}],"curies":[{"name":"wp","href":"https:\/\/api.w.org\/{rel}","templated":true}]}}