{"id":6707,"date":"2025-04-14T15:17:42","date_gmt":"2025-04-14T13:17:42","guid":{"rendered":"https:\/\/vieassociative.be\/actualites\/cette-camera-de-securite-a-domicile-tres-bien-notee-coute-25-en-ce-moment\/"},"modified":"2025-04-14T15:17:42","modified_gmt":"2025-04-14T13:17:42","slug":"cette-camera-de-securite-a-domicile-tres-bien-notee-coute-25-en-ce-moment","status":"publish","type":"post","link":"https:\/\/vieassociative.be\/actualites\/cette-camera-de-securite-a-domicile-tres-bien-notee-coute-25-en-ce-moment\/","title":{"rendered":"Cette cam\u00e9ra de s\u00e9curit\u00e9 \u00e0 domicile tr\u00e8s bien not\u00e9e co\u00fbte 25 $ en ce moment"},"content":{"rendered":"<div class=\"mt-4 leading-6 md:mb-8\">Une petite cam\u00e9ra capable qui garde les choses simples et abordables, sans vous verrouiller dans les abonnements.<\/div>\n<p><\/p>\n<p>Si vous recherchez une cam\u00e9ra de s\u00e9curit\u00e9 \u00e0 domicile qui ne co\u00fbte pas une fortune mais offre toujours une vid\u00e9o nette et des fonctionnalit\u00e9s intelligentes, le TP-Link TAPO C120 pourrait valoir un examen plus approfondi. \u00c0 24,99 $ (contre 39,99 $), il sape beaucoup de concurrence tout en offrant toujours une vid\u00e9o 2K, une vision nocturne de couleur et un contr\u00f4le vocal via Alexa et Google Assistant. <\/p>\n<div class=\"pogoClear mb-12 mt-10 rounded-md border-2 border-gray-100 py-7 shadow-xl md:py-6\">\n<div class=\"flex flex-wrap justify-between px-7 text-black no-underline md:flex-nowrap md:px-8\">\n<div class=\"order-1 mx-auto flex flex-col justify-center md:order-2 md:ml-4 md:w-full md:grow\">\n<div class=\"block cursor-pointer text-center font-akshar text-2xl font-medium leading-7 text-brand-green duration-200 ease-in-out hover:text-brand-green-700 md:text-left md:text-xl md:leading-6\">TP-Link Tapo Indoor \/ Outdoor Home Security Wi-Fi Camera C120\n                <\/div>\n<div class=\"mt-4 hidden md:flex md:justify-between\">\n<div class=\"self-end\">\n<div class=\"mb-0 h-11 md:flex md:flex-col md:justify-center\">\n<div class=\" font-sans leading-4 text-black\">\n<div class=\"flex flex-wrap items-center justify-center gap-x-1 md:justify-start\">\n        <span class=\"font-bold\"><\/p>\n<p>            24,99 $<br \/>\n                            <span class=\"font-medium\">\u00e0 Amazon<\/span><br \/>\n                    <\/span><br \/>\n                    <img decoding=\"async\" class=\"mt-0 h-(15px)\" src=\"https:\/\/vieassociative.be\/actualites\/wp-content\/uploads\/2025\/04\/Cette-camera-de-securite-a-domicile-tres-bien-notee-coute.svg.svg+xml\" title=\"Amazon Prime\" alt=\"Amazon Prime\">\n            <\/div>\n<div class=\"flex items-center justify-center gap-x-1 font-bold md:justify-start\">\n            <span class=\"text-sm line-through\">39,99 $<\/span><br \/>\n            <span class=\"text-sm text-brand-green\">\u00c9conomisez 15,00 $<\/span>\n        <\/div>\n<\/p><\/div>\n<\/p><\/div>\n<\/p><\/div>\n<div class=\"w-44 self-end\">\n                            <button class=\"flex justify-center items-center w-full bg-brand-green text-white text-base font-sans font-medium rounded-md hover:bg-brand-green-700 hover:cursor-pointer md:text-sm h-11\"><\/p>\n<p>    Conclure un accord<br \/>\n<\/button>\n                        <\/div>\n<\/p><\/div>\n<\/p><\/div>\n<div class=\"order-2 mt-5 h-auto w-full md:order-1 md:mt-0 md:hidden\">\n<div class=\"flex aspect-video items-center justify-center\">\n                                            <img decoding=\"async\" class=\"m-0 max-h-full max-w-full rounded-md\" src=\"https:\/\/vieassociative.be\/actualites\/wp-content\/uploads\/2025\/04\/Cette-camera-de-securite-a-domicile-tres-bien-notee-coute.jpg\" alt=\"TP-Link Tapo Indoor \/ Outdoor Home Security Wi-Fi Camera C120\" width=\"auto\" height=\"auto\" loading=\"lazy\">\n                                    <\/div>\n<\/p><\/div>\n<div class=\"order-2 ml-2 hidden w-32 shrink-0 items-center md:order-1 md:ml-0 md:flex\">\n<div class=\"flex aspect-video items-center justify-center\">\n                                            <img decoding=\"async\" class=\"m-0 max-h-full max-w-full rounded-md\" src=\"https:\/\/vieassociative.be\/actualites\/wp-content\/uploads\/2025\/04\/Cette-camera-de-securite-a-domicile-tres-bien-notee-coute.jpg\" alt=\"TP-Link Tapo Indoor \/ Outdoor Home Security Wi-Fi Camera C120\" width=\"auto\" height=\"auto\" loading=\"lazy\">\n                                    <\/div>\n<\/p><\/div>\n<div class=\"order-3 flex grow flex-wrap md:hidden md:grow-0\">\n<div class=\"mt-4 w-full\">\n                        <button class=\"flex justify-center items-center w-full bg-brand-green text-white text-base font-sans font-medium rounded-md hover:bg-brand-green-700 hover:cursor-pointer md:text-sm h-11\"><\/p>\n<p>    Conclure un accord<br \/>\n<\/button>\n                    <\/div>\n<div class=\"mx-2 mt-4 w-full\">\n<div class=\" font-sans leading-4 text-black\">\n<div class=\"flex flex-wrap items-center justify-center gap-x-1 md:justify-start\">\n        <span class=\"font-bold\"><\/p>\n<p>            24,99 $<br \/>\n                            <span class=\"font-medium\">\u00e0 Amazon<\/span><br \/>\n                    <\/span><br \/>\n                    <img decoding=\"async\" class=\"mt-0 h-(15px)\" src=\"https:\/\/vieassociative.be\/actualites\/wp-content\/uploads\/2025\/04\/Cette-camera-de-securite-a-domicile-tres-bien-notee-coute.svg.svg+xml\" title=\"Amazon Prime\" alt=\"Amazon Prime\">\n            <\/div>\n<div class=\"flex items-center justify-center gap-x-1 font-bold md:justify-start\">\n            <span class=\"text-sm line-through\">39,99 $<\/span><br \/>\n            <span class=\"text-sm text-brand-green\">\u00c9conomisez 15,00 $<\/span>\n        <\/div>\n<\/p><\/div>\n<\/p><\/div>\n<\/p><\/div>\n<\/p><\/div>\n<\/div>\n<p>Il est compact, un peu plus de deux pouces de large, avec un design propre qui s&rsquo;adapte tout aussi facilement sur une \u00e9tag\u00e8re que sur un mur ext\u00e9rieur. Et gr\u00e2ce \u00e0 sa base magn\u00e9tique et \u00e0 sa cote IP66 r\u00e9sistante aux intemp\u00e9ries, vous pouvez le monter \u00e0 l&rsquo;int\u00e9rieur ou sans stress sur les \u00e9l\u00e9ments. Cela dit, il se branche avec le c\u00e2ble USB-C de 10 pieds inclus, il n&rsquo;est donc pas aliment\u00e9 par batterie, mais vous n&rsquo;aurez pas non plus de recharge fr\u00e9quente.<\/p>\n<p>Ce que le TP-Link TAPO C120 fait bien, c&rsquo;est la fonctionnalit\u00e9 de base. Son flux vid\u00e9o est net gr\u00e2ce \u00e0 son capteur 4MP (avec un champ de vision \u00e0 120 degr\u00e9s), et il vous donne une vision nocturne en couleur (en utilisant son capteur de lumi\u00e8re \u00e9toile plus ses projecteurs int\u00e9gr\u00e9s) lorsqu&rsquo;il y a une lumi\u00e8re ambiante &#8211; ou m\u00eame dans l&rsquo;obscurit\u00e9 compl\u00e8te si vous bascule les LED blancs. Et si vous ne voulez pas \u00e9clairer les choses, vous pouvez toujours passer en mode infrarouge noir et blanc via l&rsquo;application compagnon. La d\u00e9tection de mouvement est personnalisable &#8211; vous pouvez le d\u00e9finir pour vous informer uniquement pour les personnes ou les voitures, par exemple, ce qui maintient les alertes de spam en \u00e9chec. Vous obtenez l&rsquo;option de stocker des clips localement \u00e0 l&rsquo;aide de votre propre carte microSD (jusqu&rsquo;\u00e0 512 Go) ou de payer le stockage cloud via Tapo Care. Cet abonnement commence \u00e0 3,49 $ \/ mois et ajoute des choses comme un historique de clip plus long et un meilleur filtrage, mais c&rsquo;est facultatif si vous \u00eates d&rsquo;accord pour g\u00e9rer le stockage vous-m\u00eame.<\/p>\n<div class=\"pogoClear relative my-10 border-b-(1.5px) border-t-(1.5px) border-dashed border-black py-5 sm:my-14 sm:border-0 sm:py-0\" x-cloak x-data=\"{ commentsCount: null }\" x-init=\"commentsCount = await window.openweb.getMessagesCount(01JRSKAAJ58XQX15X5H6J5RCRH)\" x-show=\"commentsCount !== null &amp;&amp; commentsCount &gt; 0\">\n<div class=\"absolute top-1\/2 hidden w-full -translate-y-1\/2 border-t-(1.5px) border-dashed border-black sm:block\"><\/div>\n<div class=\"relative flex justify-center\">\n<div class=\"flex max-w-max items-center gap-x-3 bg-white px-5\">\n<div class=\"relative\">\n                <span class=\"absolute left-1\/2 top-1\/2 -translate-x-1\/2 -translate-y-1\/2 font-akshar text-sm font-medium text-black\" x-text=\"commentsCount\"><\/span><\/p>\n<p>                <svg class=\"h-8 w-8 text-black\">\n                    <use href=\"http:\/\/lifehacker.com\/images\/icons\/spritemap.svg#sprite-chat-bubble\"><\/use>\n                <\/svg>\n            <\/div>\n<p>            <span class=\"text-sm font-medium text-black\">Que pensez-vous jusqu&rsquo;\u00e0 pr\u00e9sent? <button class=\"font-semibold text-brand-green underline hover:text-brand-green-700\" onclick=\"window.openweb.scrollToComments(01JRSKAAJ58XQX15X5H6J5RCRH)\">Publier un commentaire.<\/button><\/span>\n        <\/div>\n<\/p><\/div>\n<\/div>\n<p>Cela dit, il ne prend pas en charge Apple Homekit ou IFTTT, selon cette revue PCMAG. Google Assistant et Alexa fonctionnent bien, en particulier pour la visualisation du flux sur les \u00e9crans intelligents, mais l&rsquo;automatisation est limit\u00e9e au-del\u00e0 de cela. L&rsquo;audio bidirectionnel est \u00e9galement l\u00e0, mais vous devez maintenir un bouton sur l&rsquo;application pour parler, ce qui peut \u00eatre ennuyeux si vous l&rsquo;utilisez fr\u00e9quemment. Pourtant, les images qu&rsquo;il capture &#8211; en particulier la nuit &#8211; est meilleure que ce que vous attendez d&rsquo;une cam\u00e9ra de moins de 30 $.<\/p>\n","protected":false},"excerpt":{"rendered":"<p>Une petite cam\u00e9ra capable qui garde les choses simples et abordables, sans vous verrouiller dans les abonnements. Si vous recherchez une cam\u00e9ra de s\u00e9curit\u00e9 \u00e0<\/p>\n","protected":false},"author":1,"featured_media":6708,"comment_status":"","ping_status":"","sticky":false,"template":"","format":"standard","meta":{"footnotes":""},"categories":[13],"tags":[254,1487,206,1122,2351,1429,6381,151,2493],"class_list":["post-6707","post","type-post","status-publish","format-standard","has-post-thumbnail","hentry","category-technologie","tag-bien","tag-camera","tag-cette","tag-coute","tag-domicile","tag-moment","tag-notee","tag-securite","tag-tres","generate-columns","tablet-grid-50","mobile-grid-100","grid-parent","grid-33"],"yoast_head":"<!-- This site is optimized with the Yoast SEO plugin v24.0 - https:\/\/yoast.com\/wordpress\/plugins\/seo\/ -->\n<title>Cette cam\u00e9ra de s\u00e9curit\u00e9 \u00e0 domicile tr\u00e8s bien not\u00e9e co\u00fbte 25 $ en ce moment | Vie Associative<\/title>\n<meta name=\"robots\" content=\"index, follow, max-snippet:-1, max-image-preview:large, max-video-preview:-1\" \/>\n<link rel=\"canonical\" href=\"https:\/\/vieassociative.be\/actualites\/cette-camera-de-securite-a-domicile-tres-bien-notee-coute-25-en-ce-moment\/\" \/>\n<meta property=\"og:locale\" content=\"fr_FR\" \/>\n<meta property=\"og:type\" content=\"article\" \/>\n<meta property=\"og:title\" content=\"Cette cam\u00e9ra de s\u00e9curit\u00e9 \u00e0 domicile tr\u00e8s bien not\u00e9e co\u00fbte 25 $ en ce moment | Vie Associative\" \/>\n<meta property=\"og:description\" content=\"Une petite cam\u00e9ra capable qui garde les choses simples et abordables, sans vous verrouiller dans les abonnements. Si vous recherchez une cam\u00e9ra de s\u00e9curit\u00e9 \u00e0\" \/>\n<meta property=\"og:url\" content=\"https:\/\/vieassociative.be\/actualites\/cette-camera-de-securite-a-domicile-tres-bien-notee-coute-25-en-ce-moment\/\" \/>\n<meta property=\"og:site_name\" content=\"Vie Associative\" \/>\n<meta property=\"article:published_time\" content=\"2025-04-14T13:17:42+00:00\" \/>\n<meta property=\"og:image\" content=\"https:\/\/vieassociative.be\/actualites\/wp-content\/uploads\/2025\/04\/Cette-camera-de-securite-a-domicile-tres-bien-notee-coute.svg.svg+xml\" \/>\n<meta name=\"author\" content=\"Julien\" \/>\n<meta name=\"twitter:card\" content=\"summary_large_image\" \/>\n<meta name=\"twitter:label1\" content=\"\u00c9crit par\" \/>\n\t<meta name=\"twitter:data1\" content=\"Julien\" \/>\n\t<meta name=\"twitter:label2\" content=\"Dur\u00e9e de lecture est.\" \/>\n\t<meta name=\"twitter:data2\" content=\"2 minutes\" \/>\n<script type=\"application\/ld+json\" class=\"yoast-schema-graph\">{\"@context\":\"https:\/\/schema.org\",\"@graph\":[{\"@type\":\"Article\",\"@id\":\"https:\/\/vieassociative.be\/actualites\/cette-camera-de-securite-a-domicile-tres-bien-notee-coute-25-en-ce-moment\/#article\",\"isPartOf\":{\"@id\":\"https:\/\/vieassociative.be\/actualites\/cette-camera-de-securite-a-domicile-tres-bien-notee-coute-25-en-ce-moment\/\"},\"author\":{\"name\":\"Julien\",\"@id\":\"https:\/\/vieassociative.be\/actualites\/#\/schema\/person\/b87ac4f82f9d4e7b7cec7395b679edc4\"},\"headline\":\"Cette cam\u00e9ra de s\u00e9curit\u00e9 \u00e0 domicile tr\u00e8s bien not\u00e9e co\u00fbte 25 $ en ce moment\",\"datePublished\":\"2025-04-14T13:17:42+00:00\",\"dateModified\":\"2025-04-14T13:17:42+00:00\",\"mainEntityOfPage\":{\"@id\":\"https:\/\/vieassociative.be\/actualites\/cette-camera-de-securite-a-domicile-tres-bien-notee-coute-25-en-ce-moment\/\"},\"wordCount\":516,\"publisher\":{\"@id\":\"https:\/\/vieassociative.be\/actualites\/#organization\"},\"image\":{\"@id\":\"https:\/\/vieassociative.be\/actualites\/cette-camera-de-securite-a-domicile-tres-bien-notee-coute-25-en-ce-moment\/#primaryimage\"},\"thumbnailUrl\":\"https:\/\/vieassociative.be\/actualites\/wp-content\/uploads\/2025\/04\/Cette-camera-de-securite-a-domicile-tres-bien-notee-coute.png\",\"keywords\":[\"bien\",\"cam\u00e9ra\",\"cette\",\"co\u00fbte\",\"domicile\",\"moment\",\"not\u00e9e\",\"s\u00e9curit\u00e9\",\"tr\u00e8s\"],\"articleSection\":[\"Technologie\"],\"inLanguage\":\"fr-BE\"},{\"@type\":\"WebPage\",\"@id\":\"https:\/\/vieassociative.be\/actualites\/cette-camera-de-securite-a-domicile-tres-bien-notee-coute-25-en-ce-moment\/\",\"url\":\"https:\/\/vieassociative.be\/actualites\/cette-camera-de-securite-a-domicile-tres-bien-notee-coute-25-en-ce-moment\/\",\"name\":\"Cette cam\u00e9ra de s\u00e9curit\u00e9 \u00e0 domicile tr\u00e8s bien not\u00e9e co\u00fbte 25 $ en ce moment | Vie Associative\",\"isPartOf\":{\"@id\":\"https:\/\/vieassociative.be\/actualites\/#website\"},\"primaryImageOfPage\":{\"@id\":\"https:\/\/vieassociative.be\/actualites\/cette-camera-de-securite-a-domicile-tres-bien-notee-coute-25-en-ce-moment\/#primaryimage\"},\"image\":{\"@id\":\"https:\/\/vieassociative.be\/actualites\/cette-camera-de-securite-a-domicile-tres-bien-notee-coute-25-en-ce-moment\/#primaryimage\"},\"thumbnailUrl\":\"https:\/\/vieassociative.be\/actualites\/wp-content\/uploads\/2025\/04\/Cette-camera-de-securite-a-domicile-tres-bien-notee-coute.png\",\"datePublished\":\"2025-04-14T13:17:42+00:00\",\"dateModified\":\"2025-04-14T13:17:42+00:00\",\"breadcrumb\":{\"@id\":\"https:\/\/vieassociative.be\/actualites\/cette-camera-de-securite-a-domicile-tres-bien-notee-coute-25-en-ce-moment\/#breadcrumb\"},\"inLanguage\":\"fr-BE\",\"potentialAction\":[{\"@type\":\"ReadAction\",\"target\":[\"https:\/\/vieassociative.be\/actualites\/cette-camera-de-securite-a-domicile-tres-bien-notee-coute-25-en-ce-moment\/\"]}]},{\"@type\":\"ImageObject\",\"inLanguage\":\"fr-BE\",\"@id\":\"https:\/\/vieassociative.be\/actualites\/cette-camera-de-securite-a-domicile-tres-bien-notee-coute-25-en-ce-moment\/#primaryimage\",\"url\":\"https:\/\/vieassociative.be\/actualites\/wp-content\/uploads\/2025\/04\/Cette-camera-de-securite-a-domicile-tres-bien-notee-coute.png\",\"contentUrl\":\"https:\/\/vieassociative.be\/actualites\/wp-content\/uploads\/2025\/04\/Cette-camera-de-securite-a-domicile-tres-bien-notee-coute.png\",\"width\":1200,\"height\":675,\"caption\":\"Cette cam\u00e9ra de s\u00e9curit\u00e9 \u00e0 domicile tr\u00e8s bien not\u00e9e co\u00fbte 25 $ en ce moment\"},{\"@type\":\"BreadcrumbList\",\"@id\":\"https:\/\/vieassociative.be\/actualites\/cette-camera-de-securite-a-domicile-tres-bien-notee-coute-25-en-ce-moment\/#breadcrumb\",\"itemListElement\":[{\"@type\":\"ListItem\",\"position\":1,\"name\":\"Accueil\",\"item\":\"https:\/\/vieassociative.be\/actualites\/\"},{\"@type\":\"ListItem\",\"position\":2,\"name\":\"Cette cam\u00e9ra de s\u00e9curit\u00e9 \u00e0 domicile tr\u00e8s bien not\u00e9e co\u00fbte 25 $ en ce moment\"}]},{\"@type\":\"WebSite\",\"@id\":\"https:\/\/vieassociative.be\/actualites\/#website\",\"url\":\"https:\/\/vieassociative.be\/actualites\/\",\"name\":\"Vie Associative\",\"description\":\"\",\"publisher\":{\"@id\":\"https:\/\/vieassociative.be\/actualites\/#organization\"},\"potentialAction\":[{\"@type\":\"SearchAction\",\"target\":{\"@type\":\"EntryPoint\",\"urlTemplate\":\"https:\/\/vieassociative.be\/actualites\/?s={search_term_string}\"},\"query-input\":{\"@type\":\"PropertyValueSpecification\",\"valueRequired\":true,\"valueName\":\"search_term_string\"}}],\"inLanguage\":\"fr-BE\"},{\"@type\":\"Organization\",\"@id\":\"https:\/\/vieassociative.be\/actualites\/#organization\",\"name\":\"Vie Associative\",\"url\":\"https:\/\/vieassociative.be\/actualites\/\",\"logo\":{\"@type\":\"ImageObject\",\"inLanguage\":\"fr-BE\",\"@id\":\"https:\/\/vieassociative.be\/actualites\/#\/schema\/logo\/image\/\",\"url\":\"https:\/\/vieassociative.be\/actualites\/wp-content\/uploads\/2024\/09\/cropped-vieassociative_favicon.ico.png\",\"contentUrl\":\"https:\/\/vieassociative.be\/actualites\/wp-content\/uploads\/2024\/09\/cropped-vieassociative_favicon.ico.png\",\"width\":512,\"height\":512,\"caption\":\"Vie Associative\"},\"image\":{\"@id\":\"https:\/\/vieassociative.be\/actualites\/#\/schema\/logo\/image\/\"}},{\"@type\":\"Person\",\"@id\":\"https:\/\/vieassociative.be\/actualites\/#\/schema\/person\/b87ac4f82f9d4e7b7cec7395b679edc4\",\"name\":\"Julien\",\"image\":{\"@type\":\"ImageObject\",\"inLanguage\":\"fr-BE\",\"@id\":\"https:\/\/vieassociative.be\/actualites\/#\/schema\/person\/image\/\",\"url\":\"https:\/\/vieassociative.be\/actualites\/wp-content\/uploads\/2024\/09\/vie-associative-1-150x150.jpg\",\"contentUrl\":\"https:\/\/vieassociative.be\/actualites\/wp-content\/uploads\/2024\/09\/vie-associative-1-150x150.jpg\",\"caption\":\"Julien\"},\"description\":\"Je suis Julien, r\u00e9dacteur pour Vie Associative. Passionn\u00e9 par le monde associatif depuis plus de 10 ans, j'ai \u00e0 c\u0153ur de partager des histoires inspirantes et de mettre en lumi\u00e8re les initiatives locales. Mon objectif est de sensibiliser et d'encourager l'engagement communautaire \u00e0 travers mes articles.\",\"sameAs\":[\"https:\/\/vieassociative.be\/\"]}]}<\/script>\n<!-- \/ Yoast SEO plugin. -->","yoast_head_json":{"title":"Cette cam\u00e9ra de s\u00e9curit\u00e9 \u00e0 domicile tr\u00e8s bien not\u00e9e co\u00fbte 25 $ en ce moment | Vie Associative","robots":{"index":"index","follow":"follow","max-snippet":"max-snippet:-1","max-image-preview":"max-image-preview:large","max-video-preview":"max-video-preview:-1"},"canonical":"https:\/\/vieassociative.be\/actualites\/cette-camera-de-securite-a-domicile-tres-bien-notee-coute-25-en-ce-moment\/","og_locale":"fr_FR","og_type":"article","og_title":"Cette cam\u00e9ra de s\u00e9curit\u00e9 \u00e0 domicile tr\u00e8s bien not\u00e9e co\u00fbte 25 $ en ce moment | Vie Associative","og_description":"Une petite cam\u00e9ra capable qui garde les choses simples et abordables, sans vous verrouiller dans les abonnements. Si vous recherchez une cam\u00e9ra de s\u00e9curit\u00e9 \u00e0","og_url":"https:\/\/vieassociative.be\/actualites\/cette-camera-de-securite-a-domicile-tres-bien-notee-coute-25-en-ce-moment\/","og_site_name":"Vie Associative","article_published_time":"2025-04-14T13:17:42+00:00","og_image":[{"url":"https:\/\/vieassociative.be\/actualites\/wp-content\/uploads\/2025\/04\/Cette-camera-de-securite-a-domicile-tres-bien-notee-coute.svg.svg+xml","type":"","width":"","height":""}],"author":"Julien","twitter_card":"summary_large_image","twitter_misc":{"\u00c9crit par":"Julien","Dur\u00e9e de lecture est.":"2 minutes"},"schema":{"@context":"https:\/\/schema.org","@graph":[{"@type":"Article","@id":"https:\/\/vieassociative.be\/actualites\/cette-camera-de-securite-a-domicile-tres-bien-notee-coute-25-en-ce-moment\/#article","isPartOf":{"@id":"https:\/\/vieassociative.be\/actualites\/cette-camera-de-securite-a-domicile-tres-bien-notee-coute-25-en-ce-moment\/"},"author":{"name":"Julien","@id":"https:\/\/vieassociative.be\/actualites\/#\/schema\/person\/b87ac4f82f9d4e7b7cec7395b679edc4"},"headline":"Cette cam\u00e9ra de s\u00e9curit\u00e9 \u00e0 domicile tr\u00e8s bien not\u00e9e co\u00fbte 25 $ en ce moment","datePublished":"2025-04-14T13:17:42+00:00","dateModified":"2025-04-14T13:17:42+00:00","mainEntityOfPage":{"@id":"https:\/\/vieassociative.be\/actualites\/cette-camera-de-securite-a-domicile-tres-bien-notee-coute-25-en-ce-moment\/"},"wordCount":516,"publisher":{"@id":"https:\/\/vieassociative.be\/actualites\/#organization"},"image":{"@id":"https:\/\/vieassociative.be\/actualites\/cette-camera-de-securite-a-domicile-tres-bien-notee-coute-25-en-ce-moment\/#primaryimage"},"thumbnailUrl":"https:\/\/vieassociative.be\/actualites\/wp-content\/uploads\/2025\/04\/Cette-camera-de-securite-a-domicile-tres-bien-notee-coute.png","keywords":["bien","cam\u00e9ra","cette","co\u00fbte","domicile","moment","not\u00e9e","s\u00e9curit\u00e9","tr\u00e8s"],"articleSection":["Technologie"],"inLanguage":"fr-BE"},{"@type":"WebPage","@id":"https:\/\/vieassociative.be\/actualites\/cette-camera-de-securite-a-domicile-tres-bien-notee-coute-25-en-ce-moment\/","url":"https:\/\/vieassociative.be\/actualites\/cette-camera-de-securite-a-domicile-tres-bien-notee-coute-25-en-ce-moment\/","name":"Cette cam\u00e9ra de s\u00e9curit\u00e9 \u00e0 domicile tr\u00e8s bien not\u00e9e co\u00fbte 25 $ en ce moment | Vie Associative","isPartOf":{"@id":"https:\/\/vieassociative.be\/actualites\/#website"},"primaryImageOfPage":{"@id":"https:\/\/vieassociative.be\/actualites\/cette-camera-de-securite-a-domicile-tres-bien-notee-coute-25-en-ce-moment\/#primaryimage"},"image":{"@id":"https:\/\/vieassociative.be\/actualites\/cette-camera-de-securite-a-domicile-tres-bien-notee-coute-25-en-ce-moment\/#primaryimage"},"thumbnailUrl":"https:\/\/vieassociative.be\/actualites\/wp-content\/uploads\/2025\/04\/Cette-camera-de-securite-a-domicile-tres-bien-notee-coute.png","datePublished":"2025-04-14T13:17:42+00:00","dateModified":"2025-04-14T13:17:42+00:00","breadcrumb":{"@id":"https:\/\/vieassociative.be\/actualites\/cette-camera-de-securite-a-domicile-tres-bien-notee-coute-25-en-ce-moment\/#breadcrumb"},"inLanguage":"fr-BE","potentialAction":[{"@type":"ReadAction","target":["https:\/\/vieassociative.be\/actualites\/cette-camera-de-securite-a-domicile-tres-bien-notee-coute-25-en-ce-moment\/"]}]},{"@type":"ImageObject","inLanguage":"fr-BE","@id":"https:\/\/vieassociative.be\/actualites\/cette-camera-de-securite-a-domicile-tres-bien-notee-coute-25-en-ce-moment\/#primaryimage","url":"https:\/\/vieassociative.be\/actualites\/wp-content\/uploads\/2025\/04\/Cette-camera-de-securite-a-domicile-tres-bien-notee-coute.png","contentUrl":"https:\/\/vieassociative.be\/actualites\/wp-content\/uploads\/2025\/04\/Cette-camera-de-securite-a-domicile-tres-bien-notee-coute.png","width":1200,"height":675,"caption":"Cette cam\u00e9ra de s\u00e9curit\u00e9 \u00e0 domicile tr\u00e8s bien not\u00e9e co\u00fbte 25 $ en ce moment"},{"@type":"BreadcrumbList","@id":"https:\/\/vieassociative.be\/actualites\/cette-camera-de-securite-a-domicile-tres-bien-notee-coute-25-en-ce-moment\/#breadcrumb","itemListElement":[{"@type":"ListItem","position":1,"name":"Accueil","item":"https:\/\/vieassociative.be\/actualites\/"},{"@type":"ListItem","position":2,"name":"Cette cam\u00e9ra de s\u00e9curit\u00e9 \u00e0 domicile tr\u00e8s bien not\u00e9e co\u00fbte 25 $ en ce moment"}]},{"@type":"WebSite","@id":"https:\/\/vieassociative.be\/actualites\/#website","url":"https:\/\/vieassociative.be\/actualites\/","name":"Vie Associative","description":"","publisher":{"@id":"https:\/\/vieassociative.be\/actualites\/#organization"},"potentialAction":[{"@type":"SearchAction","target":{"@type":"EntryPoint","urlTemplate":"https:\/\/vieassociative.be\/actualites\/?s={search_term_string}"},"query-input":{"@type":"PropertyValueSpecification","valueRequired":true,"valueName":"search_term_string"}}],"inLanguage":"fr-BE"},{"@type":"Organization","@id":"https:\/\/vieassociative.be\/actualites\/#organization","name":"Vie Associative","url":"https:\/\/vieassociative.be\/actualites\/","logo":{"@type":"ImageObject","inLanguage":"fr-BE","@id":"https:\/\/vieassociative.be\/actualites\/#\/schema\/logo\/image\/","url":"https:\/\/vieassociative.be\/actualites\/wp-content\/uploads\/2024\/09\/cropped-vieassociative_favicon.ico.png","contentUrl":"https:\/\/vieassociative.be\/actualites\/wp-content\/uploads\/2024\/09\/cropped-vieassociative_favicon.ico.png","width":512,"height":512,"caption":"Vie Associative"},"image":{"@id":"https:\/\/vieassociative.be\/actualites\/#\/schema\/logo\/image\/"}},{"@type":"Person","@id":"https:\/\/vieassociative.be\/actualites\/#\/schema\/person\/b87ac4f82f9d4e7b7cec7395b679edc4","name":"Julien","image":{"@type":"ImageObject","inLanguage":"fr-BE","@id":"https:\/\/vieassociative.be\/actualites\/#\/schema\/person\/image\/","url":"https:\/\/vieassociative.be\/actualites\/wp-content\/uploads\/2024\/09\/vie-associative-1-150x150.jpg","contentUrl":"https:\/\/vieassociative.be\/actualites\/wp-content\/uploads\/2024\/09\/vie-associative-1-150x150.jpg","caption":"Julien"},"description":"Je suis Julien, r\u00e9dacteur pour Vie Associative. Passionn\u00e9 par le monde associatif depuis plus de 10 ans, j'ai \u00e0 c\u0153ur de partager des histoires inspirantes et de mettre en lumi\u00e8re les initiatives locales. Mon objectif est de sensibiliser et d'encourager l'engagement communautaire \u00e0 travers mes articles.","sameAs":["https:\/\/vieassociative.be\/"]}]}},"_links":{"self":[{"href":"https:\/\/vieassociative.be\/actualites\/wp-json\/wp\/v2\/posts\/6707"}],"collection":[{"href":"https:\/\/vieassociative.be\/actualites\/wp-json\/wp\/v2\/posts"}],"about":[{"href":"https:\/\/vieassociative.be\/actualites\/wp-json\/wp\/v2\/types\/post"}],"author":[{"embeddable":true,"href":"https:\/\/vieassociative.be\/actualites\/wp-json\/wp\/v2\/users\/1"}],"replies":[{"embeddable":true,"href":"https:\/\/vieassociative.be\/actualites\/wp-json\/wp\/v2\/comments?post=6707"}],"version-history":[{"count":0,"href":"https:\/\/vieassociative.be\/actualites\/wp-json\/wp\/v2\/posts\/6707\/revisions"}],"wp:featuredmedia":[{"embeddable":true,"href":"https:\/\/vieassociative.be\/actualites\/wp-json\/wp\/v2\/media\/6708"}],"wp:attachment":[{"href":"https:\/\/vieassociative.be\/actualites\/wp-json\/wp\/v2\/media?parent=6707"}],"wp:term":[{"taxonomy":"category","embeddable":true,"href":"https:\/\/vieassociative.be\/actualites\/wp-json\/wp\/v2\/categories?post=6707"},{"taxonomy":"post_tag","embeddable":true,"href":"https:\/\/vieassociative.be\/actualites\/wp-json\/wp\/v2\/tags?post=6707"}],"curies":[{"name":"wp","href":"https:\/\/api.w.org\/{rel}","templated":true}]}}