{"id":6703,"date":"2025-04-14T09:18:37","date_gmt":"2025-04-14T07:18:37","guid":{"rendered":"https:\/\/vieassociative.be\/actualites\/instagram-pourrait-enfin-obtenir-une-application-ipad-et-comment-lutiliser-en-attendant\/"},"modified":"2025-04-14T09:18:37","modified_gmt":"2025-04-14T07:18:37","slug":"instagram-pourrait-enfin-obtenir-une-application-ipad-et-comment-lutiliser-en-attendant","status":"publish","type":"post","link":"https:\/\/vieassociative.be\/actualites\/instagram-pourrait-enfin-obtenir-une-application-ipad-et-comment-lutiliser-en-attendant\/","title":{"rendered":"Instagram pourrait enfin obtenir une application iPad (et comment l&rsquo;utiliser en attendant)"},"content":{"rendered":"<div class=\"mt-4 leading-6 md:mb-8\">Lecrolling sur l&rsquo;iPad frappe diff\u00e9rent.<\/div>\n<p><\/p>\n<p>Hallelujah, la menace de l&rsquo;interdiction de Tiktok (encore une fois retard\u00e9e) pourrait simplement obtenir les utilisateurs d&rsquo;Instagram ce qu&rsquo;ils attend depuis 2010 &#8211; une application iPad. Au cours des deux derni\u00e8res ann\u00e9es, Instagram a clairement indiqu\u00e9 que l&rsquo;iPad n&rsquo;est tout simplement pas une priorit\u00e9 pour l&rsquo;entreprise, mais il semble maintenant que cela aurait pu changer.<\/p>\n<p>Selon un nouveau rapport de l&rsquo;information, Instagram pr\u00e9voit de profiter pleinement du statut juridique incertain de Tiktok aux \u00c9tats-Unis pour introduire de nouvelles fonctionnalit\u00e9s qui combleraient le vide laiss\u00e9 par la sortie potentielle de son concurrent du march\u00e9. <\/p>\n<p>En 2022, le chef d&rsquo;Instagram, Adam Mosseri, a r\u00e9pondu \u00e0 un tweet de l&rsquo;influenceur technologique Marques Brownlee, refusant les demandes d&rsquo;une application iPad en disant que \u00ab\u00a0ce n&rsquo;est toujours pas un groupe assez grand de personnes pour \u00eatre une priorit\u00e9. Esp\u00e9rant y arriver \u00e0 un moment donn\u00e9, mais en ce moment, nous sommes tr\u00e8s \u00e0 la t\u00eate sur d&rsquo;autres choses.\u00a0\u00bb<\/p>\n<p>Mais maintenant, en 2025, l&rsquo;information indique qu&rsquo;elle a parl\u00e9 \u00e0 un m\u00e9ta-employ\u00e9 qui aurait acc\u00e8s aux plans de l&rsquo;entreprise pour rattraper Tiktok, qui incluent enfin (mais sans s&rsquo;y limiter) une application iPad. Cette d\u00e9cision verrait la soci\u00e9t\u00e9 publier une solution d&rsquo;iPad native qui pourrait mieux se tenir \u00e0 Tiktok, qui a la lecture vid\u00e9o en plein \u00e9cran en mode vertical, et m\u00eame un mode paysage d\u00e9di\u00e9 qui remplit un espace vide avec des commentaires et d&rsquo;autres fonctionnalit\u00e9s. <\/p>\n<h2 id=\"why-we-desperately-need-an-instagram-app-for-ipad\">Pourquoi nous avons d\u00e9sesp\u00e9r\u00e9ment besoin d&rsquo;une application Instagram pour iPad<\/h2>\n<p>Instagram sur une tablette est tout simplement logique. L&rsquo;\u00e9cran est plus grand, et mieux, et il est beaucoup plus agr\u00e9able de regarder le nouveau contenu en bobine \u00e0 forme plus long sur un \u00e9cran de taille de tablette. Sans parler du fait que tant de cr\u00e9ateurs utilisent l&rsquo;iPad pour modifier les bobines et les photos publi\u00e9es sur le r\u00e9seau de toute fa\u00e7on. Avoir une application Instagram d\u00e9di\u00e9e ferait des merveilles pour leur flux de travail.<\/p>\n<p>Ensuite, il y a des gens comme moi, qui utilisent Instagram sur le Mac et l&rsquo;iPad, pour freiner la d\u00e9pendance \u00e0 l&rsquo;iPhone et le temps d&rsquo;\u00e9cran. Je trouve qu&rsquo;il est tout simplement plus facile d&rsquo;\u00eatre conscient de vos r\u00e9seaux sociaux quand il n&rsquo;est pas sur votre smartphone, et j&rsquo;aimerais ne pas avoir \u00e0 jouer avec l&rsquo;application Web ou la compatibilit\u00e9 des applications iPhone pour le faire.<\/p>\n<h2 id=\"how-to-add-the-instagram-web-app-to-the-ipad\">Comment ajouter l&rsquo;application Web Instagram \u00e0 l&rsquo;iPad<\/h2>\n<div class=\"eloquent-imagery-image\">\n<div class=\"flex justify-center\">\n                    <img decoding=\"async\" class=\"border border-gray-100\" src=\"https:\/\/vieassociative.be\/actualites\/wp-content\/uploads\/2025\/04\/Instagram-pourrait-enfin-obtenir-une-application-iPad-et-comment-lutiliser.png\" alt=\"Profil Lifehacker dans Instagram Web App.\" width=\"2000\" height=\"1397\" loading=\"lazy\"  >\n            <\/div>\n<\/p><\/div>\n<p>Mais ce n&rsquo;est pas parce que Meta travaille sur une application Instagram qu&rsquo;il sera disponible rapidement. L&rsquo;entreprise pourrait \u00e9galement modifier ses plans.<\/p>\n<p>Pour l&rsquo;instant, votre meilleur pari pour utiliser Instagram sur un iPad est d&rsquo;utiliser l&rsquo;application Web. R\u00e9cemment, l&rsquo;exp\u00e9rience du site Web d&rsquo;Instagram s&rsquo;est bien am\u00e9lior\u00e9e. Ce n&rsquo;est plus seulement un site Web \u00e0 nu. Il y a la barre lat\u00e9rale verticale, et les DM apparaissent dans une interface \u00e0 deux volets qui est r\u00e9ellement utilisable.<\/p>\n<div class=\"pogoClear relative my-10 border-b-(1.5px) border-t-(1.5px) border-dashed border-black py-5 sm:my-14 sm:border-0 sm:py-0\" x-cloak x-data=\"{ commentsCount: null }\" x-init=\"commentsCount = await window.openweb.getMessagesCount(01JRGA5N54YJEK2YE7CYDV32YD)\" x-show=\"commentsCount !== null &amp;&amp; commentsCount &gt; 0\">\n<div class=\"absolute top-1\/2 hidden w-full -translate-y-1\/2 border-t-(1.5px) border-dashed border-black sm:block\"><\/div>\n<div class=\"relative flex justify-center\">\n<div class=\"flex max-w-max items-center gap-x-3 bg-white px-5\">\n<div class=\"relative\">\n                <span class=\"absolute left-1\/2 top-1\/2 -translate-x-1\/2 -translate-y-1\/2 font-akshar text-sm font-medium text-black\" x-text=\"commentsCount\"><\/span><\/p>\n<p>                <svg class=\"h-8 w-8 text-black\">\n                    <use href=\"http:\/\/lifehacker.com\/images\/icons\/spritemap.svg#sprite-chat-bubble\"><\/use>\n                <\/svg>\n            <\/div>\n<p>            <span class=\"text-sm font-medium text-black\">Que pensez-vous jusqu&rsquo;\u00e0 pr\u00e9sent? <button class=\"font-semibold text-brand-green underline hover:text-brand-green-700\" onclick=\"window.openweb.scrollToComments(01JRGA5N54YJEK2YE7CYDV32YD)\">Publier un commentaire.<\/button><\/span>\n        <\/div>\n<\/p><\/div>\n<\/div>\n<p>De plus, si vous acc\u00e9dez \u00e0 l&rsquo;onglet des bobines, vous obtenez un flux infini de vid\u00e9os de rouleaux de d\u00e9filement comme vous le faites sur l&rsquo;application Instagram. Bien s\u00fbr, la seule diff\u00e9rence est que cela ne sera pas aussi fluide ou r\u00e9actif que l&rsquo;application officielle.<\/p>\n<p>Vous pouvez m\u00eame s\u00e9parer l&rsquo;application Web de Safari. Apr\u00e8s avoir ouvert le site Web, appuyez sur le bouton Partager et utilisez le <strong>Ajouter \u00e0 l&rsquo;\u00e9cran d&rsquo;accueil<\/strong> option. Ensuite, appuyez sur ajouter. Une nouvelle \u00ab\u00a0application\u00a0\u00bb Instagram appara\u00eet sur l&rsquo;\u00e9cran d&rsquo;accueil.<\/p>\n<p>Lorsque vous appuyez sur l&rsquo;instagram \u00ab\u00a0App\u00a0\u00bb, il ouvrira d\u00e9sormais le site Web Instagram comme sa propre petite application, sans barre d&rsquo;outils, onglets ou autres sites Web. <\/p>\n<h2 id=\"you-can-also-try-using-the-blown-up-instagram-iphone-app-on-your-ipad\">Vous pouvez \u00e9galement essayer d&rsquo;utiliser l&rsquo;application iPhone Instagram souffl\u00e9e sur votre iPad<\/h2>\n<div class=\"eloquent-imagery-image\">\n<div class=\"flex justify-center\">\n                    <img decoding=\"async\" class=\"border border-gray-100\" src=\"https:\/\/vieassociative.be\/actualites\/wp-content\/uploads\/2025\/04\/1744615117_981_Instagram-pourrait-enfin-obtenir-une-application-iPad-et-comment-lutiliser.png\" alt=\"Instagram pour iPhone fonctionnant sur l'iPad.\" width=\"2000\" height=\"1397\" loading=\"lazy\"  >\n            <\/div>\n<\/p><\/div>\n<p>Alternativement, vous pouvez \u00e9galement simplement installer et utiliser l&rsquo;application Instagram iPhone sur votre iPad. Cela fonctionne, mais par d\u00e9faut, il s&rsquo;affiche dans une fen\u00eatre de taille iPhone comiquement petite au milieu de votre \u00e9cran. Vous pouvez \u00e9tendre la taille de la fen\u00eatre \u00e0 l&rsquo;aide du bouton Zoom, ce qui le rend un peu passable.<\/p>\n<p>L&rsquo;avantage de cette approche, si vous pouvez g\u00e9rer l&rsquo;interface souffl\u00e9e, c&rsquo;est qu&rsquo;il est plus riche en fonctionnalit\u00e9s que d&rsquo;utiliser le site Web. Par exemple, sur l&rsquo;application Web, vous ne pouvez pas republier des histoires ou accepter des collaborateurs. L&rsquo;ex\u00e9cution de l&rsquo;application iPhone Instagram, m\u00eame dans le mode Blown-Up ridicule, n&rsquo;a pas de telles limitations.<\/p>\n","protected":false},"excerpt":{"rendered":"<p>Lecrolling sur l&rsquo;iPad frappe diff\u00e9rent. Hallelujah, la menace de l&rsquo;interdiction de Tiktok (encore une fois retard\u00e9e) pourrait simplement obtenir les utilisateurs d&rsquo;Instagram ce qu&rsquo;ils attend<\/p>\n","protected":false},"author":1,"featured_media":6704,"comment_status":"","ping_status":"","sticky":false,"template":"","format":"standard","meta":{"footnotes":""},"categories":[13],"tags":[1277,6378,44,545,2282,1915,2186,227,1041,110],"class_list":["post-6703","post","type-post","status-publish","format-standard","has-post-thumbnail","hentry","category-technologie","tag-application","tag-attendant","tag-comment","tag-enfin","tag-instagram","tag-ipad","tag-lutiliser","tag-obtenir","tag-pourrait","tag-une","generate-columns","tablet-grid-50","mobile-grid-100","grid-parent","grid-33"],"yoast_head":"<!-- This site is optimized with the Yoast SEO plugin v24.0 - https:\/\/yoast.com\/wordpress\/plugins\/seo\/ -->\n<title>Instagram pourrait enfin obtenir une application iPad (et comment l&#039;utiliser en attendant) | Vie Associative<\/title>\n<meta name=\"robots\" content=\"index, follow, max-snippet:-1, max-image-preview:large, max-video-preview:-1\" \/>\n<link rel=\"canonical\" href=\"https:\/\/vieassociative.be\/actualites\/instagram-pourrait-enfin-obtenir-une-application-ipad-et-comment-lutiliser-en-attendant\/\" \/>\n<meta property=\"og:locale\" content=\"fr_FR\" \/>\n<meta property=\"og:type\" content=\"article\" \/>\n<meta property=\"og:title\" content=\"Instagram pourrait enfin obtenir une application iPad (et comment l&#039;utiliser en attendant) | Vie Associative\" \/>\n<meta property=\"og:description\" content=\"Lecrolling sur l&rsquo;iPad frappe diff\u00e9rent. Hallelujah, la menace de l&rsquo;interdiction de Tiktok (encore une fois retard\u00e9e) pourrait simplement obtenir les utilisateurs d&rsquo;Instagram ce qu&rsquo;ils attend\" \/>\n<meta property=\"og:url\" content=\"https:\/\/vieassociative.be\/actualites\/instagram-pourrait-enfin-obtenir-une-application-ipad-et-comment-lutiliser-en-attendant\/\" \/>\n<meta property=\"og:site_name\" content=\"Vie Associative\" \/>\n<meta property=\"article:published_time\" content=\"2025-04-14T07:18:37+00:00\" \/>\n<meta property=\"og:image\" content=\"https:\/\/vieassociative.be\/actualites\/wp-content\/uploads\/2025\/04\/Instagram-pourrait-enfin-obtenir-une-application-iPad-et-comment-lutiliser.png\" \/>\n<meta name=\"author\" content=\"Julien\" \/>\n<meta name=\"twitter:card\" content=\"summary_large_image\" \/>\n<meta name=\"twitter:label1\" content=\"\u00c9crit par\" \/>\n\t<meta name=\"twitter:data1\" content=\"Julien\" \/>\n\t<meta name=\"twitter:label2\" content=\"Dur\u00e9e de lecture est.\" \/>\n\t<meta name=\"twitter:data2\" content=\"4 minutes\" \/>\n<script type=\"application\/ld+json\" class=\"yoast-schema-graph\">{\"@context\":\"https:\/\/schema.org\",\"@graph\":[{\"@type\":\"Article\",\"@id\":\"https:\/\/vieassociative.be\/actualites\/instagram-pourrait-enfin-obtenir-une-application-ipad-et-comment-lutiliser-en-attendant\/#article\",\"isPartOf\":{\"@id\":\"https:\/\/vieassociative.be\/actualites\/instagram-pourrait-enfin-obtenir-une-application-ipad-et-comment-lutiliser-en-attendant\/\"},\"author\":{\"name\":\"Julien\",\"@id\":\"https:\/\/vieassociative.be\/actualites\/#\/schema\/person\/b87ac4f82f9d4e7b7cec7395b679edc4\"},\"headline\":\"Instagram pourrait enfin obtenir une application iPad (et comment l&rsquo;utiliser en attendant)\",\"datePublished\":\"2025-04-14T07:18:37+00:00\",\"dateModified\":\"2025-04-14T07:18:37+00:00\",\"mainEntityOfPage\":{\"@id\":\"https:\/\/vieassociative.be\/actualites\/instagram-pourrait-enfin-obtenir-une-application-ipad-et-comment-lutiliser-en-attendant\/\"},\"wordCount\":825,\"publisher\":{\"@id\":\"https:\/\/vieassociative.be\/actualites\/#organization\"},\"image\":{\"@id\":\"https:\/\/vieassociative.be\/actualites\/instagram-pourrait-enfin-obtenir-une-application-ipad-et-comment-lutiliser-en-attendant\/#primaryimage\"},\"thumbnailUrl\":\"https:\/\/vieassociative.be\/actualites\/wp-content\/uploads\/2025\/04\/1744615118_Instagram-pourrait-enfin-obtenir-une-application-iPad-et-comment-lutiliser.png\",\"keywords\":[\"application\",\"attendant\",\"Comment\",\"enfin\",\"Instagram\",\"iPad\",\"lutiliser\",\"obtenir\",\"pourrait\",\"une\"],\"articleSection\":[\"Technologie\"],\"inLanguage\":\"fr-BE\"},{\"@type\":\"WebPage\",\"@id\":\"https:\/\/vieassociative.be\/actualites\/instagram-pourrait-enfin-obtenir-une-application-ipad-et-comment-lutiliser-en-attendant\/\",\"url\":\"https:\/\/vieassociative.be\/actualites\/instagram-pourrait-enfin-obtenir-une-application-ipad-et-comment-lutiliser-en-attendant\/\",\"name\":\"Instagram pourrait enfin obtenir une application iPad (et comment l'utiliser en attendant) | Vie Associative\",\"isPartOf\":{\"@id\":\"https:\/\/vieassociative.be\/actualites\/#website\"},\"primaryImageOfPage\":{\"@id\":\"https:\/\/vieassociative.be\/actualites\/instagram-pourrait-enfin-obtenir-une-application-ipad-et-comment-lutiliser-en-attendant\/#primaryimage\"},\"image\":{\"@id\":\"https:\/\/vieassociative.be\/actualites\/instagram-pourrait-enfin-obtenir-une-application-ipad-et-comment-lutiliser-en-attendant\/#primaryimage\"},\"thumbnailUrl\":\"https:\/\/vieassociative.be\/actualites\/wp-content\/uploads\/2025\/04\/1744615118_Instagram-pourrait-enfin-obtenir-une-application-iPad-et-comment-lutiliser.png\",\"datePublished\":\"2025-04-14T07:18:37+00:00\",\"dateModified\":\"2025-04-14T07:18:37+00:00\",\"breadcrumb\":{\"@id\":\"https:\/\/vieassociative.be\/actualites\/instagram-pourrait-enfin-obtenir-une-application-ipad-et-comment-lutiliser-en-attendant\/#breadcrumb\"},\"inLanguage\":\"fr-BE\",\"potentialAction\":[{\"@type\":\"ReadAction\",\"target\":[\"https:\/\/vieassociative.be\/actualites\/instagram-pourrait-enfin-obtenir-une-application-ipad-et-comment-lutiliser-en-attendant\/\"]}]},{\"@type\":\"ImageObject\",\"inLanguage\":\"fr-BE\",\"@id\":\"https:\/\/vieassociative.be\/actualites\/instagram-pourrait-enfin-obtenir-une-application-ipad-et-comment-lutiliser-en-attendant\/#primaryimage\",\"url\":\"https:\/\/vieassociative.be\/actualites\/wp-content\/uploads\/2025\/04\/1744615118_Instagram-pourrait-enfin-obtenir-une-application-iPad-et-comment-lutiliser.png\",\"contentUrl\":\"https:\/\/vieassociative.be\/actualites\/wp-content\/uploads\/2025\/04\/1744615118_Instagram-pourrait-enfin-obtenir-une-application-iPad-et-comment-lutiliser.png\",\"width\":1200,\"height\":675,\"caption\":\"Instagram pourrait enfin obtenir une application iPad (et comment l'utiliser en attendant)\"},{\"@type\":\"BreadcrumbList\",\"@id\":\"https:\/\/vieassociative.be\/actualites\/instagram-pourrait-enfin-obtenir-une-application-ipad-et-comment-lutiliser-en-attendant\/#breadcrumb\",\"itemListElement\":[{\"@type\":\"ListItem\",\"position\":1,\"name\":\"Accueil\",\"item\":\"https:\/\/vieassociative.be\/actualites\/\"},{\"@type\":\"ListItem\",\"position\":2,\"name\":\"Instagram pourrait enfin obtenir une application iPad (et comment l&rsquo;utiliser en attendant)\"}]},{\"@type\":\"WebSite\",\"@id\":\"https:\/\/vieassociative.be\/actualites\/#website\",\"url\":\"https:\/\/vieassociative.be\/actualites\/\",\"name\":\"Vie Associative\",\"description\":\"\",\"publisher\":{\"@id\":\"https:\/\/vieassociative.be\/actualites\/#organization\"},\"potentialAction\":[{\"@type\":\"SearchAction\",\"target\":{\"@type\":\"EntryPoint\",\"urlTemplate\":\"https:\/\/vieassociative.be\/actualites\/?s={search_term_string}\"},\"query-input\":{\"@type\":\"PropertyValueSpecification\",\"valueRequired\":true,\"valueName\":\"search_term_string\"}}],\"inLanguage\":\"fr-BE\"},{\"@type\":\"Organization\",\"@id\":\"https:\/\/vieassociative.be\/actualites\/#organization\",\"name\":\"Vie Associative\",\"url\":\"https:\/\/vieassociative.be\/actualites\/\",\"logo\":{\"@type\":\"ImageObject\",\"inLanguage\":\"fr-BE\",\"@id\":\"https:\/\/vieassociative.be\/actualites\/#\/schema\/logo\/image\/\",\"url\":\"https:\/\/vieassociative.be\/actualites\/wp-content\/uploads\/2024\/09\/cropped-vieassociative_favicon.ico.png\",\"contentUrl\":\"https:\/\/vieassociative.be\/actualites\/wp-content\/uploads\/2024\/09\/cropped-vieassociative_favicon.ico.png\",\"width\":512,\"height\":512,\"caption\":\"Vie Associative\"},\"image\":{\"@id\":\"https:\/\/vieassociative.be\/actualites\/#\/schema\/logo\/image\/\"}},{\"@type\":\"Person\",\"@id\":\"https:\/\/vieassociative.be\/actualites\/#\/schema\/person\/b87ac4f82f9d4e7b7cec7395b679edc4\",\"name\":\"Julien\",\"image\":{\"@type\":\"ImageObject\",\"inLanguage\":\"fr-BE\",\"@id\":\"https:\/\/vieassociative.be\/actualites\/#\/schema\/person\/image\/\",\"url\":\"https:\/\/vieassociative.be\/actualites\/wp-content\/uploads\/2024\/09\/vie-associative-1-150x150.jpg\",\"contentUrl\":\"https:\/\/vieassociative.be\/actualites\/wp-content\/uploads\/2024\/09\/vie-associative-1-150x150.jpg\",\"caption\":\"Julien\"},\"description\":\"Je suis Julien, r\u00e9dacteur pour Vie Associative. Passionn\u00e9 par le monde associatif depuis plus de 10 ans, j'ai \u00e0 c\u0153ur de partager des histoires inspirantes et de mettre en lumi\u00e8re les initiatives locales. Mon objectif est de sensibiliser et d'encourager l'engagement communautaire \u00e0 travers mes articles.\",\"sameAs\":[\"https:\/\/vieassociative.be\/\"]}]}<\/script>\n<!-- \/ Yoast SEO plugin. -->","yoast_head_json":{"title":"Instagram pourrait enfin obtenir une application iPad (et comment l'utiliser en attendant) | Vie Associative","robots":{"index":"index","follow":"follow","max-snippet":"max-snippet:-1","max-image-preview":"max-image-preview:large","max-video-preview":"max-video-preview:-1"},"canonical":"https:\/\/vieassociative.be\/actualites\/instagram-pourrait-enfin-obtenir-une-application-ipad-et-comment-lutiliser-en-attendant\/","og_locale":"fr_FR","og_type":"article","og_title":"Instagram pourrait enfin obtenir une application iPad (et comment l'utiliser en attendant) | Vie Associative","og_description":"Lecrolling sur l&rsquo;iPad frappe diff\u00e9rent. Hallelujah, la menace de l&rsquo;interdiction de Tiktok (encore une fois retard\u00e9e) pourrait simplement obtenir les utilisateurs d&rsquo;Instagram ce qu&rsquo;ils attend","og_url":"https:\/\/vieassociative.be\/actualites\/instagram-pourrait-enfin-obtenir-une-application-ipad-et-comment-lutiliser-en-attendant\/","og_site_name":"Vie Associative","article_published_time":"2025-04-14T07:18:37+00:00","og_image":[{"url":"https:\/\/vieassociative.be\/actualites\/wp-content\/uploads\/2025\/04\/Instagram-pourrait-enfin-obtenir-une-application-iPad-et-comment-lutiliser.png","type":"","width":"","height":""}],"author":"Julien","twitter_card":"summary_large_image","twitter_misc":{"\u00c9crit par":"Julien","Dur\u00e9e de lecture est.":"4 minutes"},"schema":{"@context":"https:\/\/schema.org","@graph":[{"@type":"Article","@id":"https:\/\/vieassociative.be\/actualites\/instagram-pourrait-enfin-obtenir-une-application-ipad-et-comment-lutiliser-en-attendant\/#article","isPartOf":{"@id":"https:\/\/vieassociative.be\/actualites\/instagram-pourrait-enfin-obtenir-une-application-ipad-et-comment-lutiliser-en-attendant\/"},"author":{"name":"Julien","@id":"https:\/\/vieassociative.be\/actualites\/#\/schema\/person\/b87ac4f82f9d4e7b7cec7395b679edc4"},"headline":"Instagram pourrait enfin obtenir une application iPad (et comment l&rsquo;utiliser en attendant)","datePublished":"2025-04-14T07:18:37+00:00","dateModified":"2025-04-14T07:18:37+00:00","mainEntityOfPage":{"@id":"https:\/\/vieassociative.be\/actualites\/instagram-pourrait-enfin-obtenir-une-application-ipad-et-comment-lutiliser-en-attendant\/"},"wordCount":825,"publisher":{"@id":"https:\/\/vieassociative.be\/actualites\/#organization"},"image":{"@id":"https:\/\/vieassociative.be\/actualites\/instagram-pourrait-enfin-obtenir-une-application-ipad-et-comment-lutiliser-en-attendant\/#primaryimage"},"thumbnailUrl":"https:\/\/vieassociative.be\/actualites\/wp-content\/uploads\/2025\/04\/1744615118_Instagram-pourrait-enfin-obtenir-une-application-iPad-et-comment-lutiliser.png","keywords":["application","attendant","Comment","enfin","Instagram","iPad","lutiliser","obtenir","pourrait","une"],"articleSection":["Technologie"],"inLanguage":"fr-BE"},{"@type":"WebPage","@id":"https:\/\/vieassociative.be\/actualites\/instagram-pourrait-enfin-obtenir-une-application-ipad-et-comment-lutiliser-en-attendant\/","url":"https:\/\/vieassociative.be\/actualites\/instagram-pourrait-enfin-obtenir-une-application-ipad-et-comment-lutiliser-en-attendant\/","name":"Instagram pourrait enfin obtenir une application iPad (et comment l'utiliser en attendant) | Vie Associative","isPartOf":{"@id":"https:\/\/vieassociative.be\/actualites\/#website"},"primaryImageOfPage":{"@id":"https:\/\/vieassociative.be\/actualites\/instagram-pourrait-enfin-obtenir-une-application-ipad-et-comment-lutiliser-en-attendant\/#primaryimage"},"image":{"@id":"https:\/\/vieassociative.be\/actualites\/instagram-pourrait-enfin-obtenir-une-application-ipad-et-comment-lutiliser-en-attendant\/#primaryimage"},"thumbnailUrl":"https:\/\/vieassociative.be\/actualites\/wp-content\/uploads\/2025\/04\/1744615118_Instagram-pourrait-enfin-obtenir-une-application-iPad-et-comment-lutiliser.png","datePublished":"2025-04-14T07:18:37+00:00","dateModified":"2025-04-14T07:18:37+00:00","breadcrumb":{"@id":"https:\/\/vieassociative.be\/actualites\/instagram-pourrait-enfin-obtenir-une-application-ipad-et-comment-lutiliser-en-attendant\/#breadcrumb"},"inLanguage":"fr-BE","potentialAction":[{"@type":"ReadAction","target":["https:\/\/vieassociative.be\/actualites\/instagram-pourrait-enfin-obtenir-une-application-ipad-et-comment-lutiliser-en-attendant\/"]}]},{"@type":"ImageObject","inLanguage":"fr-BE","@id":"https:\/\/vieassociative.be\/actualites\/instagram-pourrait-enfin-obtenir-une-application-ipad-et-comment-lutiliser-en-attendant\/#primaryimage","url":"https:\/\/vieassociative.be\/actualites\/wp-content\/uploads\/2025\/04\/1744615118_Instagram-pourrait-enfin-obtenir-une-application-iPad-et-comment-lutiliser.png","contentUrl":"https:\/\/vieassociative.be\/actualites\/wp-content\/uploads\/2025\/04\/1744615118_Instagram-pourrait-enfin-obtenir-une-application-iPad-et-comment-lutiliser.png","width":1200,"height":675,"caption":"Instagram pourrait enfin obtenir une application iPad (et comment l'utiliser en attendant)"},{"@type":"BreadcrumbList","@id":"https:\/\/vieassociative.be\/actualites\/instagram-pourrait-enfin-obtenir-une-application-ipad-et-comment-lutiliser-en-attendant\/#breadcrumb","itemListElement":[{"@type":"ListItem","position":1,"name":"Accueil","item":"https:\/\/vieassociative.be\/actualites\/"},{"@type":"ListItem","position":2,"name":"Instagram pourrait enfin obtenir une application iPad (et comment l&rsquo;utiliser en attendant)"}]},{"@type":"WebSite","@id":"https:\/\/vieassociative.be\/actualites\/#website","url":"https:\/\/vieassociative.be\/actualites\/","name":"Vie Associative","description":"","publisher":{"@id":"https:\/\/vieassociative.be\/actualites\/#organization"},"potentialAction":[{"@type":"SearchAction","target":{"@type":"EntryPoint","urlTemplate":"https:\/\/vieassociative.be\/actualites\/?s={search_term_string}"},"query-input":{"@type":"PropertyValueSpecification","valueRequired":true,"valueName":"search_term_string"}}],"inLanguage":"fr-BE"},{"@type":"Organization","@id":"https:\/\/vieassociative.be\/actualites\/#organization","name":"Vie Associative","url":"https:\/\/vieassociative.be\/actualites\/","logo":{"@type":"ImageObject","inLanguage":"fr-BE","@id":"https:\/\/vieassociative.be\/actualites\/#\/schema\/logo\/image\/","url":"https:\/\/vieassociative.be\/actualites\/wp-content\/uploads\/2024\/09\/cropped-vieassociative_favicon.ico.png","contentUrl":"https:\/\/vieassociative.be\/actualites\/wp-content\/uploads\/2024\/09\/cropped-vieassociative_favicon.ico.png","width":512,"height":512,"caption":"Vie Associative"},"image":{"@id":"https:\/\/vieassociative.be\/actualites\/#\/schema\/logo\/image\/"}},{"@type":"Person","@id":"https:\/\/vieassociative.be\/actualites\/#\/schema\/person\/b87ac4f82f9d4e7b7cec7395b679edc4","name":"Julien","image":{"@type":"ImageObject","inLanguage":"fr-BE","@id":"https:\/\/vieassociative.be\/actualites\/#\/schema\/person\/image\/","url":"https:\/\/vieassociative.be\/actualites\/wp-content\/uploads\/2024\/09\/vie-associative-1-150x150.jpg","contentUrl":"https:\/\/vieassociative.be\/actualites\/wp-content\/uploads\/2024\/09\/vie-associative-1-150x150.jpg","caption":"Julien"},"description":"Je suis Julien, r\u00e9dacteur pour Vie Associative. Passionn\u00e9 par le monde associatif depuis plus de 10 ans, j'ai \u00e0 c\u0153ur de partager des histoires inspirantes et de mettre en lumi\u00e8re les initiatives locales. Mon objectif est de sensibiliser et d'encourager l'engagement communautaire \u00e0 travers mes articles.","sameAs":["https:\/\/vieassociative.be\/"]}]}},"_links":{"self":[{"href":"https:\/\/vieassociative.be\/actualites\/wp-json\/wp\/v2\/posts\/6703"}],"collection":[{"href":"https:\/\/vieassociative.be\/actualites\/wp-json\/wp\/v2\/posts"}],"about":[{"href":"https:\/\/vieassociative.be\/actualites\/wp-json\/wp\/v2\/types\/post"}],"author":[{"embeddable":true,"href":"https:\/\/vieassociative.be\/actualites\/wp-json\/wp\/v2\/users\/1"}],"replies":[{"embeddable":true,"href":"https:\/\/vieassociative.be\/actualites\/wp-json\/wp\/v2\/comments?post=6703"}],"version-history":[{"count":0,"href":"https:\/\/vieassociative.be\/actualites\/wp-json\/wp\/v2\/posts\/6703\/revisions"}],"wp:featuredmedia":[{"embeddable":true,"href":"https:\/\/vieassociative.be\/actualites\/wp-json\/wp\/v2\/media\/6704"}],"wp:attachment":[{"href":"https:\/\/vieassociative.be\/actualites\/wp-json\/wp\/v2\/media?parent=6703"}],"wp:term":[{"taxonomy":"category","embeddable":true,"href":"https:\/\/vieassociative.be\/actualites\/wp-json\/wp\/v2\/categories?post=6703"},{"taxonomy":"post_tag","embeddable":true,"href":"https:\/\/vieassociative.be\/actualites\/wp-json\/wp\/v2\/tags?post=6703"}],"curies":[{"name":"wp","href":"https:\/\/api.w.org\/{rel}","templated":true}]}}