{"id":6697,"date":"2025-04-14T02:18:02","date_gmt":"2025-04-14T00:18:02","guid":{"rendered":"https:\/\/vieassociative.be\/actualites\/ces-huit-pays-vous-accordent-un-passeport-base-sur-lascendance\/"},"modified":"2025-04-14T02:18:02","modified_gmt":"2025-04-14T00:18:02","slug":"ces-huit-pays-vous-accordent-un-passeport-base-sur-lascendance","status":"publish","type":"post","link":"https:\/\/vieassociative.be\/actualites\/ces-huit-pays-vous-accordent-un-passeport-base-sur-lascendance\/","title":{"rendered":"Ces huit pays vous accordent un passeport bas\u00e9 sur l&rsquo;ascendance"},"content":{"rendered":"<div class=\"mt-4 leading-6 md:mb-8\">Si vos grands-parents sont n\u00e9s dans ces pays, vous pouvez \u00eatre \u00e9ligible \u00e0 la citoyennet\u00e9.<\/div>\n<p><\/p>\n<p>Il existe une poign\u00e9e de fa\u00e7ons d&rsquo;obtenir une double citoyennet\u00e9 dans les pays du monde entier, ce qui vous permet de transporter deux passeports distincts et de profiter des avantages d&rsquo;\u00eatre un ressortissant de deux pays diff\u00e9rents. Une option consiste \u00e0 d\u00e9penser beaucoup d&rsquo;argent sur un \u00abpasseport d&rsquo;or\u00bb, mais un autre est de savoir d&rsquo;o\u00f9 viennent vos anc\u00eatres et si vous vous admirez pour la citoyennet\u00e9 par descendance. <\/p>\n<p>Il existe de nombreux pays du monde qui utilisent le principe de jus sanguinis, ou \u00abdroit de sang\u00bb, pour accorder la citoyennet\u00e9, le plus souvent sur la base de la nationalit\u00e9 d&rsquo;un ou des deux parents (et parfois avec des exigences de r\u00e9sidence suppl\u00e9mentaires). Cependant, il existe une poign\u00e9e qui consid\u00e8re les connexions plus loin dans votre lign\u00e9e familiale pour se qualifier. Si vous avez des grands-parents ou d&rsquo;autres anc\u00eatres des pays suivants, vous pouvez \u00e9galement \u00eatre \u00e9ligible \u00e0 la citoyennet\u00e9. <\/p>\n<h2 id=\"croatia\">Croatie<\/h2>\n<p>La Croatie offre la citoyennet\u00e9 par ascendance aux descendants de toute personne n\u00e9e dans le territoire d\u00e9sormais d\u00e9fini comme la R\u00e9publique de Croatie et qui a \u00e9migr\u00e9 de la r\u00e9gion avant le 8 octobre 1991. Vous n&rsquo;avez pas besoin de parler la langue, de vivre dans le pays pendant une p\u00e9riode de temps ou d&rsquo;avoir le m\u00eame nom de famille que vos anc\u00eatres pour se qualifier &#8211; mais que le processus peut prendre plusieurs ann\u00e9es.<\/p>\n<p>La Croatie est l&rsquo;un des nombreux pays pour lesquels la citoyennet\u00e9 a \u00e9t\u00e9 touch\u00e9e (et compliqu\u00e9e) en d\u00e9calant les fronti\u00e8res, les conflits historiques et d&rsquo;autres impacts de la mondialisation et de la politique. Il y a une poign\u00e9e d&rsquo;autres nations qui accordent \u00e9galement la citoyennet\u00e9 par l&rsquo;ascendance \u00e0 ceux qui ont des liens ethniques &#8211; tels que des \u00e9trangers d&rsquo;origine arm\u00e9nienne, lituanienne ou bulgare dans leurs nations respectives et les Finlandais ethniques de l&rsquo;Espagne, qui est couvert ci-dessous). <\/p>\n<h2 id=\"hungary\">Hongrie<\/h2>\n<p>Si vos parents ou grands-parents tenaient la citoyennet\u00e9 hongroise, vous pouvez demander la citoyennet\u00e9 par descente (\u00e0 quelques exceptions sp\u00e9cifiques). Vous n&rsquo;avez pas besoin de parler hongrois pour \u00eatre \u00e9ligible. Si vos grands-parents venaient de ce qui est maintenant en Hongrie mais a perdu leur citoyennet\u00e9 en raison de trait\u00e9s sign\u00e9s apr\u00e8s la Premi\u00e8re Guerre mondiale ou la Seconde Guerre mondiale, vous pouvez demander une naturalisation simplifi\u00e9e. Pour ce dernier processus, vous devez avoir une comp\u00e9tence \u00ab\u00a0suffisante\u00a0\u00bb en hongrois. <\/p>\n<h2 id=\"ireland\">Irlande<\/h2>\n<p>L&rsquo;Irlande accorde la citoyennet\u00e9 \u00e0 toute personne dont les grands-parents sont n\u00e9s sur l&rsquo;\u00eele d&rsquo;Irlande. Vous devez vous inscrire aupr\u00e8s du registre des naissances \u00e9trang\u00e8res, apr\u00e8s quoi vous pouvez demander un passeport irlandais. Il y a une liste de documents requis et des frais de 278 euros pour les candidats de plus de 18 ans. Selon le minist\u00e8re de l&rsquo;Irlande des Affaires \u00e9trang\u00e8res, le traitement prend environ neuf mois. <\/p>\n<h2 id=\"italy\">Italie<\/h2>\n<p>Les personnes atteintes d&rsquo;anc\u00eatres italiennes sont \u00e9ligibles \u00e0 la citoyennet\u00e9 italienne, m\u00eame si cet anc\u00eatre remonte \u00e0 plusieurs g\u00e9n\u00e9rations. L&rsquo;anc\u00eatre qualifi\u00e9 doit \u00eatre n\u00e9 dans le territoire apr\u00e8s la formation du royaume d&rsquo;Italie en 1861 et ne peut avoir aucune citoyennet\u00e9 suppl\u00e9mentaire. Une demande de citoyennet\u00e9 italienne co\u00fbte 643,70 $ au 1er janvier 2025. <\/p>\n<h2 id=\"portugal\">Portugal<\/h2>\n<p>Si vos grands-parents sont n\u00e9s au Portugal et ont ou avaient ou avaient une citoyennet\u00e9 portugaise, vous pouvez demander la naturalisation par l&rsquo;ascendance. Vous devez avoir une preuve de ma\u00eetrise en portugais et fournir des documents comme les certificats de naissance de vos parents et grands-parents. Les frais de demande sont de 175 euros. <\/p>\n<div class=\"pogoClear relative my-10 border-b-(1.5px) border-t-(1.5px) border-dashed border-black py-5 sm:my-14 sm:border-0 sm:py-0\" x-cloak x-data=\"{ commentsCount: null }\" x-init=\"commentsCount = await window.openweb.getMessagesCount(121546)\" x-show=\"commentsCount !== null &amp;&amp; commentsCount &gt; 0\">\n<div class=\"absolute top-1\/2 hidden w-full -translate-y-1\/2 border-t-(1.5px) border-dashed border-black sm:block\"><\/div>\n<div class=\"relative flex justify-center\">\n<div class=\"flex max-w-max items-center gap-x-3 bg-white px-5\">\n<div class=\"relative\">\n                <span class=\"absolute left-1\/2 top-1\/2 -translate-x-1\/2 -translate-y-1\/2 font-akshar text-sm font-medium text-black\" x-text=\"commentsCount\"><\/span><\/p>\n<p>                <svg class=\"h-8 w-8 text-black\">\n                    <use href=\"http:\/\/lifehacker.com\/images\/icons\/spritemap.svg#sprite-chat-bubble\"><\/use>\n                <\/svg>\n            <\/div>\n<p>            <span class=\"text-sm font-medium text-black\">Que pensez-vous jusqu&rsquo;\u00e0 pr\u00e9sent? <button class=\"font-semibold text-brand-green underline hover:text-brand-green-700\" onclick=\"window.openweb.scrollToComments(121546)\">Publier un commentaire.<\/button><\/span>\n        <\/div>\n<\/p><\/div>\n<\/div>\n<h2 id=\"spain\">Espagne<\/h2>\n<p>La citoyennet\u00e9 espagnole est accord\u00e9e aux descendants de certaines personnes d&rsquo;origine espagnole en vertu de la loi des petits-enfants relativement r\u00e9cente. Si votre grand-parent (ou parent) \u00e9tait exil\u00e9, renonc\u00e9 ou perdu sa nationalit\u00e9 espagnole ou ne pouvait pas devenir citoyen, vous pouvez \u00eatre \u00e9ligible \u00e0 un passeport espagnol. Cependant, vous devez renoncer \u00e0 votre citoyennet\u00e9 d&rsquo;origine \u00e0 moins que vous ne soyez de certains pays d&rsquo;Am\u00e9rique latine, d&rsquo;Andorre, des Philippines, de la Guin\u00e9e \u00e9quatoriale, du Portugal, ou \u00eates un juif s\u00e9farade d&rsquo;origine espagnole.<\/p>\n<h2 id=\"united-kingdom\">Royaume-Uni<\/h2>\n<p>Le visa d&rsquo;ascendance britannique n&rsquo;accorde pas la citoyennet\u00e9 compl\u00e8te \u00e0 l&rsquo;avance, mais il vous permet de vivre, de travailler et \/ ou d&rsquo;\u00e9tudier au Royaume-Uni jusqu&rsquo;\u00e0 cinq ans (et d&rsquo;amener votre partenaire et \/ ou un enfant mineur avec vous). Apr\u00e8s cela, vous pourrez peut-\u00eatre prolonger votre s\u00e9jour pendant cinq ans de plus ou demander un \u00abcong\u00e9 ind\u00e9fini pour rester\u00bb, ce qui peut conduire \u00e0 l&rsquo;admissibilit\u00e9 \u00e0 la citoyennet\u00e9 apr\u00e8s 12 mois. <\/p>\n<p>Pour vous qualifier, vous devez \u00eatre citoyen d&rsquo;un pays du Commonwealth ou du Zimbabwe ou d&rsquo;\u00eatre un citoyen britannique ou national. Vous devez \u00e9galement prouver que l&rsquo;un de vos grands-parents est n\u00e9 au Royaume-Uni, les \u00eeles Anglo-Normandes ou l&rsquo;\u00eele de Man. Un visa d&rsquo;ascendance co\u00fbte 637 \u00a3 et n\u00e9cessite une demande avec une documentation approfondie. <\/p>\n<h2 id=\"israel\">Isra\u00ebl<\/h2>\n<p>Isra\u00ebl accorde la citoyennet\u00e9 aux personnes atteintes d&rsquo;h\u00e9ritage juif en vertu de la loi de retour. Si vous avez un grand-parent juif &#8211; m\u00eame s&rsquo;ils n&rsquo;\u00e9taient pas un citoyen isra\u00e9lien lui-m\u00eame &#8211; vous pouvez revendiquer la citoyennet\u00e9. La loi du retour s&rsquo;applique \u00e9galement \u00e0 toute personne ayant un parent juif ou qui se convertit au juda\u00efsme. Pour obtenir ce statut, vous devez passer par un processus d\u00e9fini \u00e0 votre arriv\u00e9e en Isra\u00ebl. <\/p>\n","protected":false},"excerpt":{"rendered":"<p>Si vos grands-parents sont n\u00e9s dans ces pays, vous pouvez \u00eatre \u00e9ligible \u00e0 la citoyennet\u00e9. Il existe une poign\u00e9e de fa\u00e7ons d&rsquo;obtenir une double citoyennet\u00e9<\/p>\n","protected":false},"author":1,"featured_media":6698,"comment_status":"","ping_status":"","sticky":false,"template":"","format":"standard","meta":{"footnotes":""},"categories":[12],"tags":[6372,582,248,78,6373,9,3513,33,4],"class_list":["post-6697","post","type-post","status-publish","format-standard","has-post-thumbnail","hentry","category-voyage","tag-accordent","tag-base","tag-ces","tag-huit","tag-lascendance","tag-passeport","tag-pays","tag-sur","tag-vous","generate-columns","tablet-grid-50","mobile-grid-100","grid-parent","grid-33"],"yoast_head":"<!-- This site is optimized with the Yoast SEO plugin v24.0 - https:\/\/yoast.com\/wordpress\/plugins\/seo\/ -->\n<title>Ces huit pays vous accordent un passeport bas\u00e9 sur l&#039;ascendance | Vie Associative<\/title>\n<meta name=\"robots\" content=\"index, follow, max-snippet:-1, max-image-preview:large, max-video-preview:-1\" \/>\n<link rel=\"canonical\" href=\"https:\/\/vieassociative.be\/actualites\/ces-huit-pays-vous-accordent-un-passeport-base-sur-lascendance\/\" \/>\n<meta property=\"og:locale\" content=\"fr_FR\" \/>\n<meta property=\"og:type\" content=\"article\" \/>\n<meta property=\"og:title\" content=\"Ces huit pays vous accordent un passeport bas\u00e9 sur l&#039;ascendance | Vie Associative\" \/>\n<meta property=\"og:description\" content=\"Si vos grands-parents sont n\u00e9s dans ces pays, vous pouvez \u00eatre \u00e9ligible \u00e0 la citoyennet\u00e9. Il existe une poign\u00e9e de fa\u00e7ons d&rsquo;obtenir une double citoyennet\u00e9\" \/>\n<meta property=\"og:url\" content=\"https:\/\/vieassociative.be\/actualites\/ces-huit-pays-vous-accordent-un-passeport-base-sur-lascendance\/\" \/>\n<meta property=\"og:site_name\" content=\"Vie Associative\" \/>\n<meta property=\"article:published_time\" content=\"2025-04-14T00:18:02+00:00\" \/>\n<meta property=\"og:image\" content=\"https:\/\/vieassociative.be\/actualites\/wp-content\/uploads\/2024\/09\/header_backgroundk-01-e1726694325946.png\" \/>\n\t<meta property=\"og:image:width\" content=\"279\" \/>\n\t<meta property=\"og:image:height\" content=\"92\" \/>\n\t<meta property=\"og:image:type\" content=\"image\/png\" \/>\n<meta name=\"author\" content=\"Julien\" \/>\n<meta name=\"twitter:card\" content=\"summary_large_image\" \/>\n<meta name=\"twitter:label1\" content=\"\u00c9crit par\" \/>\n\t<meta name=\"twitter:data1\" content=\"Julien\" \/>\n\t<meta name=\"twitter:label2\" content=\"Dur\u00e9e de lecture est.\" \/>\n\t<meta name=\"twitter:data2\" content=\"5 minutes\" \/>\n<script type=\"application\/ld+json\" class=\"yoast-schema-graph\">{\"@context\":\"https:\/\/schema.org\",\"@graph\":[{\"@type\":\"Article\",\"@id\":\"https:\/\/vieassociative.be\/actualites\/ces-huit-pays-vous-accordent-un-passeport-base-sur-lascendance\/#article\",\"isPartOf\":{\"@id\":\"https:\/\/vieassociative.be\/actualites\/ces-huit-pays-vous-accordent-un-passeport-base-sur-lascendance\/\"},\"author\":{\"name\":\"Julien\",\"@id\":\"https:\/\/vieassociative.be\/actualites\/#\/schema\/person\/b87ac4f82f9d4e7b7cec7395b679edc4\"},\"headline\":\"Ces huit pays vous accordent un passeport bas\u00e9 sur l&rsquo;ascendance\",\"datePublished\":\"2025-04-14T00:18:02+00:00\",\"dateModified\":\"2025-04-14T00:18:02+00:00\",\"mainEntityOfPage\":{\"@id\":\"https:\/\/vieassociative.be\/actualites\/ces-huit-pays-vous-accordent-un-passeport-base-sur-lascendance\/\"},\"wordCount\":970,\"publisher\":{\"@id\":\"https:\/\/vieassociative.be\/actualites\/#organization\"},\"image\":{\"@id\":\"https:\/\/vieassociative.be\/actualites\/ces-huit-pays-vous-accordent-un-passeport-base-sur-lascendance\/#primaryimage\"},\"thumbnailUrl\":\"https:\/\/vieassociative.be\/actualites\/wp-content\/uploads\/2025\/04\/Ces-huit-pays-vous-accordent-un-passeport-base-sur-lascendance.png\",\"keywords\":[\"accordent\",\"base\",\"ces\",\"Huit\",\"lascendance\",\"passeport\",\"pays\",\"sur\",\"Vous\"],\"articleSection\":[\"Voyage\"],\"inLanguage\":\"fr-BE\"},{\"@type\":\"WebPage\",\"@id\":\"https:\/\/vieassociative.be\/actualites\/ces-huit-pays-vous-accordent-un-passeport-base-sur-lascendance\/\",\"url\":\"https:\/\/vieassociative.be\/actualites\/ces-huit-pays-vous-accordent-un-passeport-base-sur-lascendance\/\",\"name\":\"Ces huit pays vous accordent un passeport bas\u00e9 sur l'ascendance | Vie Associative\",\"isPartOf\":{\"@id\":\"https:\/\/vieassociative.be\/actualites\/#website\"},\"primaryImageOfPage\":{\"@id\":\"https:\/\/vieassociative.be\/actualites\/ces-huit-pays-vous-accordent-un-passeport-base-sur-lascendance\/#primaryimage\"},\"image\":{\"@id\":\"https:\/\/vieassociative.be\/actualites\/ces-huit-pays-vous-accordent-un-passeport-base-sur-lascendance\/#primaryimage\"},\"thumbnailUrl\":\"https:\/\/vieassociative.be\/actualites\/wp-content\/uploads\/2025\/04\/Ces-huit-pays-vous-accordent-un-passeport-base-sur-lascendance.png\",\"datePublished\":\"2025-04-14T00:18:02+00:00\",\"dateModified\":\"2025-04-14T00:18:02+00:00\",\"breadcrumb\":{\"@id\":\"https:\/\/vieassociative.be\/actualites\/ces-huit-pays-vous-accordent-un-passeport-base-sur-lascendance\/#breadcrumb\"},\"inLanguage\":\"fr-BE\",\"potentialAction\":[{\"@type\":\"ReadAction\",\"target\":[\"https:\/\/vieassociative.be\/actualites\/ces-huit-pays-vous-accordent-un-passeport-base-sur-lascendance\/\"]}]},{\"@type\":\"ImageObject\",\"inLanguage\":\"fr-BE\",\"@id\":\"https:\/\/vieassociative.be\/actualites\/ces-huit-pays-vous-accordent-un-passeport-base-sur-lascendance\/#primaryimage\",\"url\":\"https:\/\/vieassociative.be\/actualites\/wp-content\/uploads\/2025\/04\/Ces-huit-pays-vous-accordent-un-passeport-base-sur-lascendance.png\",\"contentUrl\":\"https:\/\/vieassociative.be\/actualites\/wp-content\/uploads\/2025\/04\/Ces-huit-pays-vous-accordent-un-passeport-base-sur-lascendance.png\",\"width\":1200,\"height\":675,\"caption\":\"Ces huit pays vous accordent un passeport bas\u00e9 sur l'ascendance\"},{\"@type\":\"BreadcrumbList\",\"@id\":\"https:\/\/vieassociative.be\/actualites\/ces-huit-pays-vous-accordent-un-passeport-base-sur-lascendance\/#breadcrumb\",\"itemListElement\":[{\"@type\":\"ListItem\",\"position\":1,\"name\":\"Accueil\",\"item\":\"https:\/\/vieassociative.be\/actualites\/\"},{\"@type\":\"ListItem\",\"position\":2,\"name\":\"Ces huit pays vous accordent un passeport bas\u00e9 sur l&rsquo;ascendance\"}]},{\"@type\":\"WebSite\",\"@id\":\"https:\/\/vieassociative.be\/actualites\/#website\",\"url\":\"https:\/\/vieassociative.be\/actualites\/\",\"name\":\"Vie Associative\",\"description\":\"\",\"publisher\":{\"@id\":\"https:\/\/vieassociative.be\/actualites\/#organization\"},\"potentialAction\":[{\"@type\":\"SearchAction\",\"target\":{\"@type\":\"EntryPoint\",\"urlTemplate\":\"https:\/\/vieassociative.be\/actualites\/?s={search_term_string}\"},\"query-input\":{\"@type\":\"PropertyValueSpecification\",\"valueRequired\":true,\"valueName\":\"search_term_string\"}}],\"inLanguage\":\"fr-BE\"},{\"@type\":\"Organization\",\"@id\":\"https:\/\/vieassociative.be\/actualites\/#organization\",\"name\":\"Vie Associative\",\"url\":\"https:\/\/vieassociative.be\/actualites\/\",\"logo\":{\"@type\":\"ImageObject\",\"inLanguage\":\"fr-BE\",\"@id\":\"https:\/\/vieassociative.be\/actualites\/#\/schema\/logo\/image\/\",\"url\":\"https:\/\/vieassociative.be\/actualites\/wp-content\/uploads\/2024\/09\/cropped-vieassociative_favicon.ico.png\",\"contentUrl\":\"https:\/\/vieassociative.be\/actualites\/wp-content\/uploads\/2024\/09\/cropped-vieassociative_favicon.ico.png\",\"width\":512,\"height\":512,\"caption\":\"Vie Associative\"},\"image\":{\"@id\":\"https:\/\/vieassociative.be\/actualites\/#\/schema\/logo\/image\/\"}},{\"@type\":\"Person\",\"@id\":\"https:\/\/vieassociative.be\/actualites\/#\/schema\/person\/b87ac4f82f9d4e7b7cec7395b679edc4\",\"name\":\"Julien\",\"image\":{\"@type\":\"ImageObject\",\"inLanguage\":\"fr-BE\",\"@id\":\"https:\/\/vieassociative.be\/actualites\/#\/schema\/person\/image\/\",\"url\":\"https:\/\/vieassociative.be\/actualites\/wp-content\/uploads\/2024\/09\/vie-associative-1-150x150.jpg\",\"contentUrl\":\"https:\/\/vieassociative.be\/actualites\/wp-content\/uploads\/2024\/09\/vie-associative-1-150x150.jpg\",\"caption\":\"Julien\"},\"description\":\"Je suis Julien, r\u00e9dacteur pour Vie Associative. Passionn\u00e9 par le monde associatif depuis plus de 10 ans, j'ai \u00e0 c\u0153ur de partager des histoires inspirantes et de mettre en lumi\u00e8re les initiatives locales. Mon objectif est de sensibiliser et d'encourager l'engagement communautaire \u00e0 travers mes articles.\",\"sameAs\":[\"https:\/\/vieassociative.be\/\"]}]}<\/script>\n<!-- \/ Yoast SEO plugin. -->","yoast_head_json":{"title":"Ces huit pays vous accordent un passeport bas\u00e9 sur l'ascendance | Vie Associative","robots":{"index":"index","follow":"follow","max-snippet":"max-snippet:-1","max-image-preview":"max-image-preview:large","max-video-preview":"max-video-preview:-1"},"canonical":"https:\/\/vieassociative.be\/actualites\/ces-huit-pays-vous-accordent-un-passeport-base-sur-lascendance\/","og_locale":"fr_FR","og_type":"article","og_title":"Ces huit pays vous accordent un passeport bas\u00e9 sur l'ascendance | Vie Associative","og_description":"Si vos grands-parents sont n\u00e9s dans ces pays, vous pouvez \u00eatre \u00e9ligible \u00e0 la citoyennet\u00e9. Il existe une poign\u00e9e de fa\u00e7ons d&rsquo;obtenir une double citoyennet\u00e9","og_url":"https:\/\/vieassociative.be\/actualites\/ces-huit-pays-vous-accordent-un-passeport-base-sur-lascendance\/","og_site_name":"Vie Associative","article_published_time":"2025-04-14T00:18:02+00:00","og_image":[{"width":279,"height":92,"url":"https:\/\/vieassociative.be\/actualites\/wp-content\/uploads\/2024\/09\/header_backgroundk-01-e1726694325946.png","type":"image\/png"}],"author":"Julien","twitter_card":"summary_large_image","twitter_misc":{"\u00c9crit par":"Julien","Dur\u00e9e de lecture est.":"5 minutes"},"schema":{"@context":"https:\/\/schema.org","@graph":[{"@type":"Article","@id":"https:\/\/vieassociative.be\/actualites\/ces-huit-pays-vous-accordent-un-passeport-base-sur-lascendance\/#article","isPartOf":{"@id":"https:\/\/vieassociative.be\/actualites\/ces-huit-pays-vous-accordent-un-passeport-base-sur-lascendance\/"},"author":{"name":"Julien","@id":"https:\/\/vieassociative.be\/actualites\/#\/schema\/person\/b87ac4f82f9d4e7b7cec7395b679edc4"},"headline":"Ces huit pays vous accordent un passeport bas\u00e9 sur l&rsquo;ascendance","datePublished":"2025-04-14T00:18:02+00:00","dateModified":"2025-04-14T00:18:02+00:00","mainEntityOfPage":{"@id":"https:\/\/vieassociative.be\/actualites\/ces-huit-pays-vous-accordent-un-passeport-base-sur-lascendance\/"},"wordCount":970,"publisher":{"@id":"https:\/\/vieassociative.be\/actualites\/#organization"},"image":{"@id":"https:\/\/vieassociative.be\/actualites\/ces-huit-pays-vous-accordent-un-passeport-base-sur-lascendance\/#primaryimage"},"thumbnailUrl":"https:\/\/vieassociative.be\/actualites\/wp-content\/uploads\/2025\/04\/Ces-huit-pays-vous-accordent-un-passeport-base-sur-lascendance.png","keywords":["accordent","base","ces","Huit","lascendance","passeport","pays","sur","Vous"],"articleSection":["Voyage"],"inLanguage":"fr-BE"},{"@type":"WebPage","@id":"https:\/\/vieassociative.be\/actualites\/ces-huit-pays-vous-accordent-un-passeport-base-sur-lascendance\/","url":"https:\/\/vieassociative.be\/actualites\/ces-huit-pays-vous-accordent-un-passeport-base-sur-lascendance\/","name":"Ces huit pays vous accordent un passeport bas\u00e9 sur l'ascendance | Vie Associative","isPartOf":{"@id":"https:\/\/vieassociative.be\/actualites\/#website"},"primaryImageOfPage":{"@id":"https:\/\/vieassociative.be\/actualites\/ces-huit-pays-vous-accordent-un-passeport-base-sur-lascendance\/#primaryimage"},"image":{"@id":"https:\/\/vieassociative.be\/actualites\/ces-huit-pays-vous-accordent-un-passeport-base-sur-lascendance\/#primaryimage"},"thumbnailUrl":"https:\/\/vieassociative.be\/actualites\/wp-content\/uploads\/2025\/04\/Ces-huit-pays-vous-accordent-un-passeport-base-sur-lascendance.png","datePublished":"2025-04-14T00:18:02+00:00","dateModified":"2025-04-14T00:18:02+00:00","breadcrumb":{"@id":"https:\/\/vieassociative.be\/actualites\/ces-huit-pays-vous-accordent-un-passeport-base-sur-lascendance\/#breadcrumb"},"inLanguage":"fr-BE","potentialAction":[{"@type":"ReadAction","target":["https:\/\/vieassociative.be\/actualites\/ces-huit-pays-vous-accordent-un-passeport-base-sur-lascendance\/"]}]},{"@type":"ImageObject","inLanguage":"fr-BE","@id":"https:\/\/vieassociative.be\/actualites\/ces-huit-pays-vous-accordent-un-passeport-base-sur-lascendance\/#primaryimage","url":"https:\/\/vieassociative.be\/actualites\/wp-content\/uploads\/2025\/04\/Ces-huit-pays-vous-accordent-un-passeport-base-sur-lascendance.png","contentUrl":"https:\/\/vieassociative.be\/actualites\/wp-content\/uploads\/2025\/04\/Ces-huit-pays-vous-accordent-un-passeport-base-sur-lascendance.png","width":1200,"height":675,"caption":"Ces huit pays vous accordent un passeport bas\u00e9 sur l'ascendance"},{"@type":"BreadcrumbList","@id":"https:\/\/vieassociative.be\/actualites\/ces-huit-pays-vous-accordent-un-passeport-base-sur-lascendance\/#breadcrumb","itemListElement":[{"@type":"ListItem","position":1,"name":"Accueil","item":"https:\/\/vieassociative.be\/actualites\/"},{"@type":"ListItem","position":2,"name":"Ces huit pays vous accordent un passeport bas\u00e9 sur l&rsquo;ascendance"}]},{"@type":"WebSite","@id":"https:\/\/vieassociative.be\/actualites\/#website","url":"https:\/\/vieassociative.be\/actualites\/","name":"Vie Associative","description":"","publisher":{"@id":"https:\/\/vieassociative.be\/actualites\/#organization"},"potentialAction":[{"@type":"SearchAction","target":{"@type":"EntryPoint","urlTemplate":"https:\/\/vieassociative.be\/actualites\/?s={search_term_string}"},"query-input":{"@type":"PropertyValueSpecification","valueRequired":true,"valueName":"search_term_string"}}],"inLanguage":"fr-BE"},{"@type":"Organization","@id":"https:\/\/vieassociative.be\/actualites\/#organization","name":"Vie Associative","url":"https:\/\/vieassociative.be\/actualites\/","logo":{"@type":"ImageObject","inLanguage":"fr-BE","@id":"https:\/\/vieassociative.be\/actualites\/#\/schema\/logo\/image\/","url":"https:\/\/vieassociative.be\/actualites\/wp-content\/uploads\/2024\/09\/cropped-vieassociative_favicon.ico.png","contentUrl":"https:\/\/vieassociative.be\/actualites\/wp-content\/uploads\/2024\/09\/cropped-vieassociative_favicon.ico.png","width":512,"height":512,"caption":"Vie Associative"},"image":{"@id":"https:\/\/vieassociative.be\/actualites\/#\/schema\/logo\/image\/"}},{"@type":"Person","@id":"https:\/\/vieassociative.be\/actualites\/#\/schema\/person\/b87ac4f82f9d4e7b7cec7395b679edc4","name":"Julien","image":{"@type":"ImageObject","inLanguage":"fr-BE","@id":"https:\/\/vieassociative.be\/actualites\/#\/schema\/person\/image\/","url":"https:\/\/vieassociative.be\/actualites\/wp-content\/uploads\/2024\/09\/vie-associative-1-150x150.jpg","contentUrl":"https:\/\/vieassociative.be\/actualites\/wp-content\/uploads\/2024\/09\/vie-associative-1-150x150.jpg","caption":"Julien"},"description":"Je suis Julien, r\u00e9dacteur pour Vie Associative. Passionn\u00e9 par le monde associatif depuis plus de 10 ans, j'ai \u00e0 c\u0153ur de partager des histoires inspirantes et de mettre en lumi\u00e8re les initiatives locales. Mon objectif est de sensibiliser et d'encourager l'engagement communautaire \u00e0 travers mes articles.","sameAs":["https:\/\/vieassociative.be\/"]}]}},"_links":{"self":[{"href":"https:\/\/vieassociative.be\/actualites\/wp-json\/wp\/v2\/posts\/6697"}],"collection":[{"href":"https:\/\/vieassociative.be\/actualites\/wp-json\/wp\/v2\/posts"}],"about":[{"href":"https:\/\/vieassociative.be\/actualites\/wp-json\/wp\/v2\/types\/post"}],"author":[{"embeddable":true,"href":"https:\/\/vieassociative.be\/actualites\/wp-json\/wp\/v2\/users\/1"}],"replies":[{"embeddable":true,"href":"https:\/\/vieassociative.be\/actualites\/wp-json\/wp\/v2\/comments?post=6697"}],"version-history":[{"count":0,"href":"https:\/\/vieassociative.be\/actualites\/wp-json\/wp\/v2\/posts\/6697\/revisions"}],"wp:featuredmedia":[{"embeddable":true,"href":"https:\/\/vieassociative.be\/actualites\/wp-json\/wp\/v2\/media\/6698"}],"wp:attachment":[{"href":"https:\/\/vieassociative.be\/actualites\/wp-json\/wp\/v2\/media?parent=6697"}],"wp:term":[{"taxonomy":"category","embeddable":true,"href":"https:\/\/vieassociative.be\/actualites\/wp-json\/wp\/v2\/categories?post=6697"},{"taxonomy":"post_tag","embeddable":true,"href":"https:\/\/vieassociative.be\/actualites\/wp-json\/wp\/v2\/tags?post=6697"}],"curies":[{"name":"wp","href":"https:\/\/api.w.org\/{rel}","templated":true}]}}