{"id":6693,"date":"2025-04-13T22:18:16","date_gmt":"2025-04-13T20:18:16","guid":{"rendered":"https:\/\/vieassociative.be\/actualites\/apres-le-crash-de-tadej-pogacar-malheur-triple-pour-mathieu-van-der-poel-10th-place-pour-laurenz-rex\/"},"modified":"2025-04-13T22:18:16","modified_gmt":"2025-04-13T20:18:16","slug":"apres-le-crash-de-tadej-pogacar-malheur-triple-pour-mathieu-van-der-poel-10th-place-pour-laurenz-rex","status":"publish","type":"post","link":"https:\/\/vieassociative.be\/actualites\/apres-le-crash-de-tadej-pogacar-malheur-triple-pour-mathieu-van-der-poel-10th-place-pour-laurenz-rex\/","title":{"rendered":"Apr\u00e8s le crash de Tadej Pogacar, Malheur: Triple pour Mathieu van der Poel-10th Place pour Laurenz Rex"},"content":{"rendered":"<p><strong>\u00ab\u00a0A Sunday in Paradise\u00a0\u00bb \u00e9tait le nom du \u00ab\u00a0L&rsquo;Equipe\u00a0\u00bb, mais le pavage pav\u00e9 pour la plupart des professionnels du cyclisme est tout simplement l&rsquo;enfer. Le champion du monde dans le duel des Giants en fait \u00e9galement l&rsquo;exp\u00e9rience.<\/strong><\/p>\n<p><span id=\"more-413321\"><\/span>Lorsque Tadej Pogacar a finalement atteint les v\u00e9n\u00e9rables pentes en b\u00e9ton dans le v\u00e9lo de Roubaix apr\u00e8s son malheur d&rsquo;automne dans l&rsquo;enfer du nord, son grand rival Mathieu van der Poel avait d\u00e9j\u00e0 pris d&rsquo;assaut un triple historique avec trois doigts soulev\u00e9s.<\/p>\n<p>Le champion du Tour de-France slov\u00e8ne n&rsquo;a eu qu&rsquo;\u00e0 se rendre \u00e0 l&rsquo;ex-champion du monde n\u00e9erlandais apr\u00e8s une erreur de conduite avec un d\u00e9tour involontaire dans le green dans la 122e \u00e9dition du spectacle pav\u00e9 de Paris-Roubaix.<\/p>\n<div id=\"attachment_413334\" class=\"wp-caption alignleft\" style=\"max-width: 300px\"><img fetchpriority=\"high\" decoding=\"async\" class=\"wp-image-413334 size-medium\" src=\"https:\/\/vieassociative.be\/actualites\/wp-content\/uploads\/2025\/04\/Apres-le-crash-de-Tadej-Pogacar-Malheur-Triple-pour-Mathieu.jpg\" alt=\"\" width=\"300\" height=\"200\"><\/p>\n<p class=\"wp-caption-text\">13\/04\/2025, France, Roubaix: Le Mathieu Van der Poel n\u00e9erlandais soul\u00e8ve le troph\u00e9e, tandis que le deuxi\u00e8me Tadej Pogacar plac\u00e9 de Slov\u00e9nie et les troisi\u00e8me Mads Pedersen de Danemark Watch sur le podium. Photo: Thibault Camus \/ AP \/ DPA<\/p>\n<\/div>\n<p>Van der Poel, d&rsquo;autre part, \u00e9tait \u00e0 nouveau le grand triomphant \u00e0 Roubaix dans le duel des Giants apr\u00e8s 259,2 kilom\u00e8tres avec une minute de plus d&rsquo;une minute pour la troisi\u00e8me fois cons\u00e9cutive. La derni\u00e8re fois que l&rsquo;italien Francesco Moser l&rsquo;avait r\u00e9alis\u00e9 de 1978 \u00e0 1980.<\/p>\n<p>Pour van der Poel, c&rsquo;\u00e9tait la huiti\u00e8me victoire dans l&rsquo;un des cinq monuments de cyclisme, la course une journ\u00e9e la plus importante au monde. Avec cela, il a tir\u00e9 avec Pogacar, qui avait domin\u00e9 la comp\u00e9tition la semaine derni\u00e8re lors de la tourn\u00e9e de la Flandre.<\/p>\n<p><strong>&#8211; Erreur de conduite Pogacar:<\/strong> Pour Pogacar, son r\u00eave d&rsquo;un grand triomphe a pris fin 38,1 kilom\u00e8tres avant l&rsquo;arriv\u00e9e. Apr\u00e8s une petite erreur de conduite apr\u00e8s une courbe, Pogacar s&rsquo;est dirig\u00e9 vers la barri\u00e8re et est tomb\u00e9. Apr\u00e8s que la cha\u00eene ait \u00e9t\u00e9 dirig\u00e9e \u00e0 nouveau, le slovain All-Rounder a saut\u00e9 sur le v\u00e9lo et s&rsquo;est pr\u00e9cipit\u00e9 par Van der Poel &#8211; sans succ\u00e8s. Lorsqu&rsquo;un d\u00e9faut technique a \u00e9t\u00e9 ajout\u00e9, la moralit\u00e9 a \u00e9t\u00e9 bris\u00e9e. Un d\u00e9faut de Van der Poel n&rsquo;a rien chang\u00e9 \u00e0 15 kilom\u00e8tres avant l&rsquo;arriv\u00e9e.<\/p>\n<p>Un \u00ab\u00a0Sunday in Paradise\u00a0\u00bb, a fait la t\u00eate du journal sportif \u00ab\u00a0L&rsquo;Equipe\u00a0\u00bb. L&rsquo;\u00e9preuve sur les 30 secteurs pav\u00e9s avec une longueur de 55,3 kilom\u00e8tres est tout simplement l&rsquo;enfer pour la plupart des professionnels du v\u00e9lo. Et il y avait un \u00e9change attendu de coups de Giants, qui ont conduit des attaques \u00e9pic\u00e9es alternativement au d\u00e9but de la course. La pluie dans la nuit avait m\u00eame resserr\u00e9 les conditions sur les pav\u00e9s saccad\u00e9s de l&rsquo;\u00e9poque de Napol\u00e9on. En cons\u00e9quence, il y a eu de mauvaises chutes dans la course t\u00f4t.<\/p>\n<div id=\"attachment_413335\" class=\"wp-caption alignleft\" style=\"max-width: 300px\"><img decoding=\"async\" class=\"wp-image-413335 size-medium\" src=\"https:\/\/vieassociative.be\/actualites\/wp-content\/uploads\/2025\/04\/1744575496_155_Apres-le-crash-de-Tadej-Pogacar-Malheur-Triple-pour-Mathieu.jpg\" alt=\"\" width=\"300\" height=\"200\"><\/p>\n<p class=\"wp-caption-text\">13\/04\/2025, France, Roubaix: Le pilote n\u00e9erlandais Mathieu van der Poel d&rsquo;Alpecin-Deceuninck c\u00e9l\u00e8bre sa victoire. Photo: Thibault Camus \/ AP \/ DPA<\/p>\n<\/div>\n<p>Si Van der Poel avait c\u00e9l\u00e9br\u00e9 les victoires en solo souverain \u00e0 Roubaix au cours des deux derni\u00e8res ann\u00e9es, c&rsquo;\u00e9tait beaucoup plus excitant cette fois-ci \u00e0 cause de Pogacar.<\/p>\n<p><strong>&#8211; Rains d&rsquo;attaques des \u00e9toiles:<\/strong> D\u00e9j\u00e0 sur le passage Arenberg \u00e0 environ 100 kilom\u00e8tres avant la fin, le groupe pr\u00e9f\u00e9r\u00e9 s&rsquo;est form\u00e9, qui comprenait \u00e9galement l&rsquo;ancien champion du monde Mads Pedersen. Mais de toutes choses, un plateau a ralenti les Danois dans une attaque de Pogacar 70,7 kilom\u00e8tres avant l&rsquo;arriv\u00e9e. Le Slovenen ne pouvait suivre Van Der Poel et avec beaucoup d&rsquo;efforts vainqueur de l&rsquo;ex-sanremo Jasper Philipsen, qui \u00e9tait \u00e9galement \u00e0 la fin de sa force un peu plus tard.<\/p>\n<p>Parfois, il est \u00e9galement devenu un aper\u00e7u: un spectateur a jet\u00e9 Van der Poel une bouteille de consommation au visage. Cependant, cela n&rsquo;a eu aucune cons\u00e9quence disgracieuse pour le champion du monde crois\u00e9, il a \u00e9t\u00e9 autoris\u00e9 \u00e0 applaudir \u00e0 la fin. Le Raerener Laurenz Rex a fait une place dans le top 10.<\/p>\n<p>Il se poursuit en faisant du v\u00e9lo avec la Triple Amstel Gold Race Ardennes (20 avril), la Floche Walonne (23 avril) et Li\u00e8ge-Bastogne-Li\u00e8ge (27 avril). Pogacar a pr\u00e9vu son d\u00e9part pour les trois courses. Remco Evenepoel devrait \u00e9galement \u00eatre au d\u00e9but de la \u00abdoyenne\u00bb. (DPA \/ CRE)<\/p>\n","protected":false},"excerpt":{"rendered":"<p>\u00ab\u00a0A Sunday in Paradise\u00a0\u00bb \u00e9tait le nom du \u00ab\u00a0L&rsquo;Equipe\u00a0\u00bb, mais le pavage pav\u00e9 pour la plupart des professionnels du cyclisme est tout simplement l&rsquo;enfer. Le<\/p>\n","protected":false},"author":1,"featured_media":6694,"comment_status":"","ping_status":"","sticky":false,"template":"","format":"standard","meta":{"footnotes":""},"categories":[298],"tags":[472,4381,668,6368,6365,6075,204,6367,5976,81,6369,6345,6366,4100],"class_list":["post-6693","post","type-post","status-publish","format-standard","has-post-thumbnail","hentry","category-belgique","tag-apres","tag-crash","tag-der","tag-laurenz","tag-malheur","tag-mathieu","tag-place","tag-poel10th","tag-pogacar","tag-pour","tag-rex","tag-tadej","tag-triple","tag-van","generate-columns","tablet-grid-50","mobile-grid-100","grid-parent","grid-33"],"yoast_head":"<!-- This site is optimized with the Yoast SEO plugin v24.0 - https:\/\/yoast.com\/wordpress\/plugins\/seo\/ -->\n<title>Apr\u00e8s le crash de Tadej Pogacar, Malheur: Triple pour Mathieu van der Poel-10th Place pour Laurenz Rex | Vie Associative<\/title>\n<meta name=\"robots\" content=\"index, follow, max-snippet:-1, max-image-preview:large, max-video-preview:-1\" \/>\n<link rel=\"canonical\" href=\"https:\/\/vieassociative.be\/actualites\/apres-le-crash-de-tadej-pogacar-malheur-triple-pour-mathieu-van-der-poel-10th-place-pour-laurenz-rex\/\" \/>\n<meta property=\"og:locale\" content=\"fr_FR\" \/>\n<meta property=\"og:type\" content=\"article\" \/>\n<meta property=\"og:title\" content=\"Apr\u00e8s le crash de Tadej Pogacar, Malheur: Triple pour Mathieu van der Poel-10th Place pour Laurenz Rex | Vie Associative\" \/>\n<meta property=\"og:description\" content=\"\u00ab\u00a0A Sunday in Paradise\u00a0\u00bb \u00e9tait le nom du \u00ab\u00a0L&rsquo;Equipe\u00a0\u00bb, mais le pavage pav\u00e9 pour la plupart des professionnels du cyclisme est tout simplement l&rsquo;enfer. Le\" \/>\n<meta property=\"og:url\" content=\"https:\/\/vieassociative.be\/actualites\/apres-le-crash-de-tadej-pogacar-malheur-triple-pour-mathieu-van-der-poel-10th-place-pour-laurenz-rex\/\" \/>\n<meta property=\"og:site_name\" content=\"Vie Associative\" \/>\n<meta property=\"article:published_time\" content=\"2025-04-13T20:18:16+00:00\" \/>\n<meta property=\"og:image\" content=\"https:\/\/vieassociative.be\/actualites\/wp-content\/uploads\/2024\/09\/header_backgroundk-01-e1726694325946.png\" \/>\n\t<meta property=\"og:image:width\" content=\"279\" \/>\n\t<meta property=\"og:image:height\" content=\"92\" \/>\n\t<meta property=\"og:image:type\" content=\"image\/png\" \/>\n<meta name=\"author\" content=\"Julien\" \/>\n<meta name=\"twitter:card\" content=\"summary_large_image\" \/>\n<meta name=\"twitter:label1\" content=\"\u00c9crit par\" \/>\n\t<meta name=\"twitter:data1\" content=\"Julien\" \/>\n\t<meta name=\"twitter:label2\" content=\"Dur\u00e9e de lecture est.\" \/>\n\t<meta name=\"twitter:data2\" content=\"4 minutes\" \/>\n<script type=\"application\/ld+json\" class=\"yoast-schema-graph\">{\"@context\":\"https:\/\/schema.org\",\"@graph\":[{\"@type\":\"Article\",\"@id\":\"https:\/\/vieassociative.be\/actualites\/apres-le-crash-de-tadej-pogacar-malheur-triple-pour-mathieu-van-der-poel-10th-place-pour-laurenz-rex\/#article\",\"isPartOf\":{\"@id\":\"https:\/\/vieassociative.be\/actualites\/apres-le-crash-de-tadej-pogacar-malheur-triple-pour-mathieu-van-der-poel-10th-place-pour-laurenz-rex\/\"},\"author\":{\"name\":\"Julien\",\"@id\":\"https:\/\/vieassociative.be\/actualites\/#\/schema\/person\/b87ac4f82f9d4e7b7cec7395b679edc4\"},\"headline\":\"Apr\u00e8s le crash de Tadej Pogacar, Malheur: Triple pour Mathieu van der Poel-10th Place pour Laurenz Rex\",\"datePublished\":\"2025-04-13T20:18:16+00:00\",\"dateModified\":\"2025-04-13T20:18:16+00:00\",\"mainEntityOfPage\":{\"@id\":\"https:\/\/vieassociative.be\/actualites\/apres-le-crash-de-tadej-pogacar-malheur-triple-pour-mathieu-van-der-poel-10th-place-pour-laurenz-rex\/\"},\"wordCount\":756,\"publisher\":{\"@id\":\"https:\/\/vieassociative.be\/actualites\/#organization\"},\"image\":{\"@id\":\"https:\/\/vieassociative.be\/actualites\/apres-le-crash-de-tadej-pogacar-malheur-triple-pour-mathieu-van-der-poel-10th-place-pour-laurenz-rex\/#primaryimage\"},\"thumbnailUrl\":\"https:\/\/vieassociative.be\/actualites\/wp-content\/uploads\/2025\/04\/1744575496_Apres-le-crash-de-Tadej-Pogacar-Malheur-Triple-pour-Mathieu.jpg\",\"keywords\":[\"Apr\u00e8s\",\"Crash\",\"der\",\"Laurenz\",\"Malheur\",\"Mathieu\",\"place\",\"Poel10th\",\"Pogacar\",\"pour\",\"Rex\",\"Tadej\",\"Triple\",\"Van\"],\"articleSection\":[\"Belgique\"],\"inLanguage\":\"fr-BE\"},{\"@type\":\"WebPage\",\"@id\":\"https:\/\/vieassociative.be\/actualites\/apres-le-crash-de-tadej-pogacar-malheur-triple-pour-mathieu-van-der-poel-10th-place-pour-laurenz-rex\/\",\"url\":\"https:\/\/vieassociative.be\/actualites\/apres-le-crash-de-tadej-pogacar-malheur-triple-pour-mathieu-van-der-poel-10th-place-pour-laurenz-rex\/\",\"name\":\"Apr\u00e8s le crash de Tadej Pogacar, Malheur: Triple pour Mathieu van der Poel-10th Place pour Laurenz Rex | Vie Associative\",\"isPartOf\":{\"@id\":\"https:\/\/vieassociative.be\/actualites\/#website\"},\"primaryImageOfPage\":{\"@id\":\"https:\/\/vieassociative.be\/actualites\/apres-le-crash-de-tadej-pogacar-malheur-triple-pour-mathieu-van-der-poel-10th-place-pour-laurenz-rex\/#primaryimage\"},\"image\":{\"@id\":\"https:\/\/vieassociative.be\/actualites\/apres-le-crash-de-tadej-pogacar-malheur-triple-pour-mathieu-van-der-poel-10th-place-pour-laurenz-rex\/#primaryimage\"},\"thumbnailUrl\":\"https:\/\/vieassociative.be\/actualites\/wp-content\/uploads\/2025\/04\/1744575496_Apres-le-crash-de-Tadej-Pogacar-Malheur-Triple-pour-Mathieu.jpg\",\"datePublished\":\"2025-04-13T20:18:16+00:00\",\"dateModified\":\"2025-04-13T20:18:16+00:00\",\"breadcrumb\":{\"@id\":\"https:\/\/vieassociative.be\/actualites\/apres-le-crash-de-tadej-pogacar-malheur-triple-pour-mathieu-van-der-poel-10th-place-pour-laurenz-rex\/#breadcrumb\"},\"inLanguage\":\"fr-BE\",\"potentialAction\":[{\"@type\":\"ReadAction\",\"target\":[\"https:\/\/vieassociative.be\/actualites\/apres-le-crash-de-tadej-pogacar-malheur-triple-pour-mathieu-van-der-poel-10th-place-pour-laurenz-rex\/\"]}]},{\"@type\":\"ImageObject\",\"inLanguage\":\"fr-BE\",\"@id\":\"https:\/\/vieassociative.be\/actualites\/apres-le-crash-de-tadej-pogacar-malheur-triple-pour-mathieu-van-der-poel-10th-place-pour-laurenz-rex\/#primaryimage\",\"url\":\"https:\/\/vieassociative.be\/actualites\/wp-content\/uploads\/2025\/04\/1744575496_Apres-le-crash-de-Tadej-Pogacar-Malheur-Triple-pour-Mathieu.jpg\",\"contentUrl\":\"https:\/\/vieassociative.be\/actualites\/wp-content\/uploads\/2025\/04\/1744575496_Apres-le-crash-de-Tadej-Pogacar-Malheur-Triple-pour-Mathieu.jpg\",\"width\":1200,\"height\":800,\"caption\":\"Apr\u00e8s le crash de Tadej Pogacar, Malheur: Triple pour Mathieu van der Poel-10th Place pour Laurenz Rex\"},{\"@type\":\"BreadcrumbList\",\"@id\":\"https:\/\/vieassociative.be\/actualites\/apres-le-crash-de-tadej-pogacar-malheur-triple-pour-mathieu-van-der-poel-10th-place-pour-laurenz-rex\/#breadcrumb\",\"itemListElement\":[{\"@type\":\"ListItem\",\"position\":1,\"name\":\"Accueil\",\"item\":\"https:\/\/vieassociative.be\/actualites\/\"},{\"@type\":\"ListItem\",\"position\":2,\"name\":\"Apr\u00e8s le crash de Tadej Pogacar, Malheur: Triple pour Mathieu van der Poel-10th Place pour Laurenz Rex\"}]},{\"@type\":\"WebSite\",\"@id\":\"https:\/\/vieassociative.be\/actualites\/#website\",\"url\":\"https:\/\/vieassociative.be\/actualites\/\",\"name\":\"Vie Associative\",\"description\":\"\",\"publisher\":{\"@id\":\"https:\/\/vieassociative.be\/actualites\/#organization\"},\"potentialAction\":[{\"@type\":\"SearchAction\",\"target\":{\"@type\":\"EntryPoint\",\"urlTemplate\":\"https:\/\/vieassociative.be\/actualites\/?s={search_term_string}\"},\"query-input\":{\"@type\":\"PropertyValueSpecification\",\"valueRequired\":true,\"valueName\":\"search_term_string\"}}],\"inLanguage\":\"fr-BE\"},{\"@type\":\"Organization\",\"@id\":\"https:\/\/vieassociative.be\/actualites\/#organization\",\"name\":\"Vie Associative\",\"url\":\"https:\/\/vieassociative.be\/actualites\/\",\"logo\":{\"@type\":\"ImageObject\",\"inLanguage\":\"fr-BE\",\"@id\":\"https:\/\/vieassociative.be\/actualites\/#\/schema\/logo\/image\/\",\"url\":\"https:\/\/vieassociative.be\/actualites\/wp-content\/uploads\/2024\/09\/cropped-vieassociative_favicon.ico.png\",\"contentUrl\":\"https:\/\/vieassociative.be\/actualites\/wp-content\/uploads\/2024\/09\/cropped-vieassociative_favicon.ico.png\",\"width\":512,\"height\":512,\"caption\":\"Vie Associative\"},\"image\":{\"@id\":\"https:\/\/vieassociative.be\/actualites\/#\/schema\/logo\/image\/\"}},{\"@type\":\"Person\",\"@id\":\"https:\/\/vieassociative.be\/actualites\/#\/schema\/person\/b87ac4f82f9d4e7b7cec7395b679edc4\",\"name\":\"Julien\",\"image\":{\"@type\":\"ImageObject\",\"inLanguage\":\"fr-BE\",\"@id\":\"https:\/\/vieassociative.be\/actualites\/#\/schema\/person\/image\/\",\"url\":\"https:\/\/vieassociative.be\/actualites\/wp-content\/uploads\/2024\/09\/vie-associative-1-150x150.jpg\",\"contentUrl\":\"https:\/\/vieassociative.be\/actualites\/wp-content\/uploads\/2024\/09\/vie-associative-1-150x150.jpg\",\"caption\":\"Julien\"},\"description\":\"Je suis Julien, r\u00e9dacteur pour Vie Associative. Passionn\u00e9 par le monde associatif depuis plus de 10 ans, j'ai \u00e0 c\u0153ur de partager des histoires inspirantes et de mettre en lumi\u00e8re les initiatives locales. Mon objectif est de sensibiliser et d'encourager l'engagement communautaire \u00e0 travers mes articles.\",\"sameAs\":[\"https:\/\/vieassociative.be\/\"]}]}<\/script>\n<!-- \/ Yoast SEO plugin. -->","yoast_head_json":{"title":"Apr\u00e8s le crash de Tadej Pogacar, Malheur: Triple pour Mathieu van der Poel-10th Place pour Laurenz Rex | Vie Associative","robots":{"index":"index","follow":"follow","max-snippet":"max-snippet:-1","max-image-preview":"max-image-preview:large","max-video-preview":"max-video-preview:-1"},"canonical":"https:\/\/vieassociative.be\/actualites\/apres-le-crash-de-tadej-pogacar-malheur-triple-pour-mathieu-van-der-poel-10th-place-pour-laurenz-rex\/","og_locale":"fr_FR","og_type":"article","og_title":"Apr\u00e8s le crash de Tadej Pogacar, Malheur: Triple pour Mathieu van der Poel-10th Place pour Laurenz Rex | Vie Associative","og_description":"\u00ab\u00a0A Sunday in Paradise\u00a0\u00bb \u00e9tait le nom du \u00ab\u00a0L&rsquo;Equipe\u00a0\u00bb, mais le pavage pav\u00e9 pour la plupart des professionnels du cyclisme est tout simplement l&rsquo;enfer. Le","og_url":"https:\/\/vieassociative.be\/actualites\/apres-le-crash-de-tadej-pogacar-malheur-triple-pour-mathieu-van-der-poel-10th-place-pour-laurenz-rex\/","og_site_name":"Vie Associative","article_published_time":"2025-04-13T20:18:16+00:00","og_image":[{"width":279,"height":92,"url":"https:\/\/vieassociative.be\/actualites\/wp-content\/uploads\/2024\/09\/header_backgroundk-01-e1726694325946.png","type":"image\/png"}],"author":"Julien","twitter_card":"summary_large_image","twitter_misc":{"\u00c9crit par":"Julien","Dur\u00e9e de lecture est.":"4 minutes"},"schema":{"@context":"https:\/\/schema.org","@graph":[{"@type":"Article","@id":"https:\/\/vieassociative.be\/actualites\/apres-le-crash-de-tadej-pogacar-malheur-triple-pour-mathieu-van-der-poel-10th-place-pour-laurenz-rex\/#article","isPartOf":{"@id":"https:\/\/vieassociative.be\/actualites\/apres-le-crash-de-tadej-pogacar-malheur-triple-pour-mathieu-van-der-poel-10th-place-pour-laurenz-rex\/"},"author":{"name":"Julien","@id":"https:\/\/vieassociative.be\/actualites\/#\/schema\/person\/b87ac4f82f9d4e7b7cec7395b679edc4"},"headline":"Apr\u00e8s le crash de Tadej Pogacar, Malheur: Triple pour Mathieu van der Poel-10th Place pour Laurenz Rex","datePublished":"2025-04-13T20:18:16+00:00","dateModified":"2025-04-13T20:18:16+00:00","mainEntityOfPage":{"@id":"https:\/\/vieassociative.be\/actualites\/apres-le-crash-de-tadej-pogacar-malheur-triple-pour-mathieu-van-der-poel-10th-place-pour-laurenz-rex\/"},"wordCount":756,"publisher":{"@id":"https:\/\/vieassociative.be\/actualites\/#organization"},"image":{"@id":"https:\/\/vieassociative.be\/actualites\/apres-le-crash-de-tadej-pogacar-malheur-triple-pour-mathieu-van-der-poel-10th-place-pour-laurenz-rex\/#primaryimage"},"thumbnailUrl":"https:\/\/vieassociative.be\/actualites\/wp-content\/uploads\/2025\/04\/1744575496_Apres-le-crash-de-Tadej-Pogacar-Malheur-Triple-pour-Mathieu.jpg","keywords":["Apr\u00e8s","Crash","der","Laurenz","Malheur","Mathieu","place","Poel10th","Pogacar","pour","Rex","Tadej","Triple","Van"],"articleSection":["Belgique"],"inLanguage":"fr-BE"},{"@type":"WebPage","@id":"https:\/\/vieassociative.be\/actualites\/apres-le-crash-de-tadej-pogacar-malheur-triple-pour-mathieu-van-der-poel-10th-place-pour-laurenz-rex\/","url":"https:\/\/vieassociative.be\/actualites\/apres-le-crash-de-tadej-pogacar-malheur-triple-pour-mathieu-van-der-poel-10th-place-pour-laurenz-rex\/","name":"Apr\u00e8s le crash de Tadej Pogacar, Malheur: Triple pour Mathieu van der Poel-10th Place pour Laurenz Rex | Vie Associative","isPartOf":{"@id":"https:\/\/vieassociative.be\/actualites\/#website"},"primaryImageOfPage":{"@id":"https:\/\/vieassociative.be\/actualites\/apres-le-crash-de-tadej-pogacar-malheur-triple-pour-mathieu-van-der-poel-10th-place-pour-laurenz-rex\/#primaryimage"},"image":{"@id":"https:\/\/vieassociative.be\/actualites\/apres-le-crash-de-tadej-pogacar-malheur-triple-pour-mathieu-van-der-poel-10th-place-pour-laurenz-rex\/#primaryimage"},"thumbnailUrl":"https:\/\/vieassociative.be\/actualites\/wp-content\/uploads\/2025\/04\/1744575496_Apres-le-crash-de-Tadej-Pogacar-Malheur-Triple-pour-Mathieu.jpg","datePublished":"2025-04-13T20:18:16+00:00","dateModified":"2025-04-13T20:18:16+00:00","breadcrumb":{"@id":"https:\/\/vieassociative.be\/actualites\/apres-le-crash-de-tadej-pogacar-malheur-triple-pour-mathieu-van-der-poel-10th-place-pour-laurenz-rex\/#breadcrumb"},"inLanguage":"fr-BE","potentialAction":[{"@type":"ReadAction","target":["https:\/\/vieassociative.be\/actualites\/apres-le-crash-de-tadej-pogacar-malheur-triple-pour-mathieu-van-der-poel-10th-place-pour-laurenz-rex\/"]}]},{"@type":"ImageObject","inLanguage":"fr-BE","@id":"https:\/\/vieassociative.be\/actualites\/apres-le-crash-de-tadej-pogacar-malheur-triple-pour-mathieu-van-der-poel-10th-place-pour-laurenz-rex\/#primaryimage","url":"https:\/\/vieassociative.be\/actualites\/wp-content\/uploads\/2025\/04\/1744575496_Apres-le-crash-de-Tadej-Pogacar-Malheur-Triple-pour-Mathieu.jpg","contentUrl":"https:\/\/vieassociative.be\/actualites\/wp-content\/uploads\/2025\/04\/1744575496_Apres-le-crash-de-Tadej-Pogacar-Malheur-Triple-pour-Mathieu.jpg","width":1200,"height":800,"caption":"Apr\u00e8s le crash de Tadej Pogacar, Malheur: Triple pour Mathieu van der Poel-10th Place pour Laurenz Rex"},{"@type":"BreadcrumbList","@id":"https:\/\/vieassociative.be\/actualites\/apres-le-crash-de-tadej-pogacar-malheur-triple-pour-mathieu-van-der-poel-10th-place-pour-laurenz-rex\/#breadcrumb","itemListElement":[{"@type":"ListItem","position":1,"name":"Accueil","item":"https:\/\/vieassociative.be\/actualites\/"},{"@type":"ListItem","position":2,"name":"Apr\u00e8s le crash de Tadej Pogacar, Malheur: Triple pour Mathieu van der Poel-10th Place pour Laurenz Rex"}]},{"@type":"WebSite","@id":"https:\/\/vieassociative.be\/actualites\/#website","url":"https:\/\/vieassociative.be\/actualites\/","name":"Vie Associative","description":"","publisher":{"@id":"https:\/\/vieassociative.be\/actualites\/#organization"},"potentialAction":[{"@type":"SearchAction","target":{"@type":"EntryPoint","urlTemplate":"https:\/\/vieassociative.be\/actualites\/?s={search_term_string}"},"query-input":{"@type":"PropertyValueSpecification","valueRequired":true,"valueName":"search_term_string"}}],"inLanguage":"fr-BE"},{"@type":"Organization","@id":"https:\/\/vieassociative.be\/actualites\/#organization","name":"Vie Associative","url":"https:\/\/vieassociative.be\/actualites\/","logo":{"@type":"ImageObject","inLanguage":"fr-BE","@id":"https:\/\/vieassociative.be\/actualites\/#\/schema\/logo\/image\/","url":"https:\/\/vieassociative.be\/actualites\/wp-content\/uploads\/2024\/09\/cropped-vieassociative_favicon.ico.png","contentUrl":"https:\/\/vieassociative.be\/actualites\/wp-content\/uploads\/2024\/09\/cropped-vieassociative_favicon.ico.png","width":512,"height":512,"caption":"Vie Associative"},"image":{"@id":"https:\/\/vieassociative.be\/actualites\/#\/schema\/logo\/image\/"}},{"@type":"Person","@id":"https:\/\/vieassociative.be\/actualites\/#\/schema\/person\/b87ac4f82f9d4e7b7cec7395b679edc4","name":"Julien","image":{"@type":"ImageObject","inLanguage":"fr-BE","@id":"https:\/\/vieassociative.be\/actualites\/#\/schema\/person\/image\/","url":"https:\/\/vieassociative.be\/actualites\/wp-content\/uploads\/2024\/09\/vie-associative-1-150x150.jpg","contentUrl":"https:\/\/vieassociative.be\/actualites\/wp-content\/uploads\/2024\/09\/vie-associative-1-150x150.jpg","caption":"Julien"},"description":"Je suis Julien, r\u00e9dacteur pour Vie Associative. Passionn\u00e9 par le monde associatif depuis plus de 10 ans, j'ai \u00e0 c\u0153ur de partager des histoires inspirantes et de mettre en lumi\u00e8re les initiatives locales. Mon objectif est de sensibiliser et d'encourager l'engagement communautaire \u00e0 travers mes articles.","sameAs":["https:\/\/vieassociative.be\/"]}]}},"_links":{"self":[{"href":"https:\/\/vieassociative.be\/actualites\/wp-json\/wp\/v2\/posts\/6693"}],"collection":[{"href":"https:\/\/vieassociative.be\/actualites\/wp-json\/wp\/v2\/posts"}],"about":[{"href":"https:\/\/vieassociative.be\/actualites\/wp-json\/wp\/v2\/types\/post"}],"author":[{"embeddable":true,"href":"https:\/\/vieassociative.be\/actualites\/wp-json\/wp\/v2\/users\/1"}],"replies":[{"embeddable":true,"href":"https:\/\/vieassociative.be\/actualites\/wp-json\/wp\/v2\/comments?post=6693"}],"version-history":[{"count":0,"href":"https:\/\/vieassociative.be\/actualites\/wp-json\/wp\/v2\/posts\/6693\/revisions"}],"wp:featuredmedia":[{"embeddable":true,"href":"https:\/\/vieassociative.be\/actualites\/wp-json\/wp\/v2\/media\/6694"}],"wp:attachment":[{"href":"https:\/\/vieassociative.be\/actualites\/wp-json\/wp\/v2\/media?parent=6693"}],"wp:term":[{"taxonomy":"category","embeddable":true,"href":"https:\/\/vieassociative.be\/actualites\/wp-json\/wp\/v2\/categories?post=6693"},{"taxonomy":"post_tag","embeddable":true,"href":"https:\/\/vieassociative.be\/actualites\/wp-json\/wp\/v2\/tags?post=6693"}],"curies":[{"name":"wp","href":"https:\/\/api.w.org\/{rel}","templated":true}]}}