{"id":6691,"date":"2025-04-13T21:19:19","date_gmt":"2025-04-13T19:19:19","guid":{"rendered":"https:\/\/vieassociative.be\/actualites\/essayez-ces-correctifs-si-youtube-tv-a-cesse-de-travailler-sur-votre-roku\/"},"modified":"2025-04-13T21:19:19","modified_gmt":"2025-04-13T19:19:19","slug":"essayez-ces-correctifs-si-youtube-tv-a-cesse-de-travailler-sur-votre-roku","status":"publish","type":"post","link":"https:\/\/vieassociative.be\/actualites\/essayez-ces-correctifs-si-youtube-tv-a-cesse-de-travailler-sur-votre-roku\/","title":{"rendered":"Essayez ces correctifs si YouTube TV a cess\u00e9 de travailler sur votre Roku"},"content":{"rendered":"<div class=\"mt-4 leading-6 md:mb-8\">Essayez une mise \u00e0 jour manuelle pour r\u00e9soudre le probl\u00e8me.<\/div>\n<p><\/p>\n<p>L&rsquo;application YouTube TV a disparu pour certains utilisateurs de Roku. Heureusement, si vous \u00eates parmi les personnes touch\u00e9es, il y a quelques correctifs que vous pouvez essayer pour ce probl\u00e8me. <\/p>\n<p>\u00c0 partir de cette semaine, plusieurs utilisateurs sur Reddit et les forums de Roku ont signal\u00e9 s\u00e9par\u00e9ment les num\u00e9ros d&rsquo;ouverture de l&rsquo;application TV YouTube ou m\u00eame de le localiser sur leurs appareils Roku. Ceux qui ont essay\u00e9 de r\u00e9installer l&rsquo;application TV YouTube ont pu voir un bouton d&rsquo;application ouverte, mais l&rsquo;appuyer sur celui-ci a simplement entra\u00een\u00e9 une erreur. Ce qui est pire, c&rsquo;est que les probl\u00e8mes semblent isol\u00e9s \u00e0 Roku, avec des utilisateurs d&rsquo;appareils comme le Google TV Streamer 4K ne publiant pas les m\u00eames plaintes.<\/p>\n<p>Heureusement, ce probl\u00e8me semble seulement avoir un impact sur les personnes avec des appareils Roku d\u00e9di\u00e9s et non des t\u00e9l\u00e9viseurs intelligents avec Roku streaming int\u00e9gr\u00e9. Voici comment vous pouvez essayer de ramener le t\u00e9l\u00e9viseur YouTube s&rsquo;il a disparu de votre Roku.<\/p>\n<h2 id=\"fix-disappearing-youtube-tv-app-on-roku\">Correction de l&rsquo;application TV YouTube disparue sur Roku<\/h2>\n<p>Roku a reconnu le probl\u00e8me et a fourni une solution temporaire pendant qu&rsquo;elle enqu\u00eate. Pour recommencer \u00e0 utiliser l&rsquo;application YouTube TV sur votre Roku, essayez de mettre \u00e0 jour manuellement l&rsquo;appareil. Suivez ces \u00e9tapes:<\/p>\n<div class=\"pogoClear relative my-10 border-b-(1.5px) border-t-(1.5px) border-dashed border-black py-5 sm:my-14 sm:border-0 sm:py-0\" x-cloak x-data=\"{ commentsCount: null }\" x-init=\"commentsCount = await window.openweb.getMessagesCount(01JRGA8VJ2P2E22R58271ZNSJA)\" x-show=\"commentsCount !== null &amp;&amp; commentsCount &gt; 0\">\n<div class=\"absolute top-1\/2 hidden w-full -translate-y-1\/2 border-t-(1.5px) border-dashed border-black sm:block\"><\/div>\n<div class=\"relative flex justify-center\">\n<div class=\"flex max-w-max items-center gap-x-3 bg-white px-5\">\n<div class=\"relative\">\n                <span class=\"absolute left-1\/2 top-1\/2 -translate-x-1\/2 -translate-y-1\/2 font-akshar text-sm font-medium text-black\" x-text=\"commentsCount\"><\/span><\/p>\n<p>                <svg class=\"h-8 w-8 text-black\">\n                    <use href=\"http:\/\/lifehacker.com\/images\/icons\/spritemap.svg#sprite-chat-bubble\"><\/use>\n                <\/svg>\n            <\/div>\n<p>            <span class=\"text-sm font-medium text-black\">Que pensez-vous jusqu&rsquo;\u00e0 pr\u00e9sent? <button class=\"font-semibold text-brand-green underline hover:text-brand-green-700\" onclick=\"window.openweb.scrollToComments(01JRGA8VJ2P2E22R58271ZNSJA)\">Publier un commentaire.<\/button><\/span>\n        <\/div>\n<\/p><\/div>\n<\/div>\n<ol>\n<li>\n<p>Appuyez sur le <strong>Maison<\/strong> bouton de la t\u00e9l\u00e9commande.<\/p>\n<\/li>\n<li>\n<p>S\u00e9lectionner <strong>Param\u00e8tres<\/strong>.<\/p>\n<\/li>\n<li>\n<p>Faire un clic <strong>Syst\u00e8me<\/strong>.<\/p>\n<\/li>\n<li>\n<p>Aller \u00e0 <strong>Mise \u00e0 jour logicielle<\/strong>.<\/p>\n<\/li>\n<li>\n<p>Frapper <strong>V\u00e9rifiez maintenant<\/strong> Pour d\u00e9marrer une mise \u00e0 jour manuelle.<\/p>\n<\/li>\n<\/ol>\n<p>Une fois la mise \u00e0 jour logicielle termin\u00e9e, Roku dit que vous pourriez \u00eatre en mesure de revoir l&rsquo;application TV YouTube sur votre appareil Roku, mais ce n&rsquo;est pas garanti. Si vous rencontrez toujours le probl\u00e8me, certains utilisateurs de Reddit ont \u00e9galement propos\u00e9 d&rsquo;acc\u00e8s \u00e0 la t\u00e9l\u00e9vision YouTube \u00e0 partir de l&rsquo;application YouTube standard, que vous pouvez trouver en bas \u00e0 gauche de l&rsquo;interface de l&rsquo;application.<\/p>\n<p>Ce petit hoquet arrive \u00e0 un mauvais moment pour Roku et YouTube. R\u00e9cemment, Roku a fait la une des journaux pour exp\u00e9rimenter une nouvelle fa\u00e7on de forcer les utilisateurs \u00e0 regarder des publicit\u00e9s, tandis que les prix de YouTube TV ont \u00e9galement augment\u00e9. Alors peut-\u00eatre que la vraie solution \u00e0 ce probl\u00e8me est d&rsquo;arr\u00eater simplement d&rsquo;utiliser YouTube TV. OK, je plaisante, mais bien que l&rsquo;application ait obtenu un lifting, le service peut ne pas toujours offrir de valeur \u00e0 votre argent si le contenu dont vous avez besoin n&rsquo;est pas l\u00e0-dessus.<\/p>\n","protected":false},"excerpt":{"rendered":"<p>Essayez une mise \u00e0 jour manuelle pour r\u00e9soudre le probl\u00e8me. L&rsquo;application YouTube TV a disparu pour certains utilisateurs de Roku. Heureusement, si vous \u00eates parmi<\/p>\n","protected":false},"author":1,"featured_media":6692,"comment_status":"","ping_status":"","sticky":false,"template":"","format":"standard","meta":{"footnotes":""},"categories":[36],"tags":[248,1891,2460,770,5916,33,3226,8,35],"class_list":["post-6691","post","type-post","status-publish","format-standard","has-post-thumbnail","hentry","category-divertissement","tag-ces","tag-cesse","tag-correctifs","tag-essayez","tag-roku","tag-sur","tag-travailler","tag-votre","tag-youtube","generate-columns","tablet-grid-50","mobile-grid-100","grid-parent","grid-33"],"yoast_head":"<!-- This site is optimized with the Yoast SEO plugin v24.0 - https:\/\/yoast.com\/wordpress\/plugins\/seo\/ -->\n<title>Essayez ces correctifs si YouTube TV a cess\u00e9 de travailler sur votre Roku | Vie Associative<\/title>\n<meta name=\"robots\" content=\"index, follow, max-snippet:-1, max-image-preview:large, max-video-preview:-1\" \/>\n<link rel=\"canonical\" href=\"https:\/\/vieassociative.be\/actualites\/essayez-ces-correctifs-si-youtube-tv-a-cesse-de-travailler-sur-votre-roku\/\" \/>\n<meta property=\"og:locale\" content=\"fr_FR\" \/>\n<meta property=\"og:type\" content=\"article\" \/>\n<meta property=\"og:title\" content=\"Essayez ces correctifs si YouTube TV a cess\u00e9 de travailler sur votre Roku | Vie Associative\" \/>\n<meta property=\"og:description\" content=\"Essayez une mise \u00e0 jour manuelle pour r\u00e9soudre le probl\u00e8me. L&rsquo;application YouTube TV a disparu pour certains utilisateurs de Roku. Heureusement, si vous \u00eates parmi\" \/>\n<meta property=\"og:url\" content=\"https:\/\/vieassociative.be\/actualites\/essayez-ces-correctifs-si-youtube-tv-a-cesse-de-travailler-sur-votre-roku\/\" \/>\n<meta property=\"og:site_name\" content=\"Vie Associative\" \/>\n<meta property=\"article:published_time\" content=\"2025-04-13T19:19:19+00:00\" \/>\n<meta property=\"og:image\" content=\"https:\/\/vieassociative.be\/actualites\/wp-content\/uploads\/2024\/09\/header_backgroundk-01-e1726694325946.png\" \/>\n\t<meta property=\"og:image:width\" content=\"279\" \/>\n\t<meta property=\"og:image:height\" content=\"92\" \/>\n\t<meta property=\"og:image:type\" content=\"image\/png\" \/>\n<meta name=\"author\" content=\"Julien\" \/>\n<meta name=\"twitter:card\" content=\"summary_large_image\" \/>\n<meta name=\"twitter:label1\" content=\"\u00c9crit par\" \/>\n\t<meta name=\"twitter:data1\" content=\"Julien\" \/>\n\t<meta name=\"twitter:label2\" content=\"Dur\u00e9e de lecture est.\" \/>\n\t<meta name=\"twitter:data2\" content=\"2 minutes\" \/>\n<script type=\"application\/ld+json\" class=\"yoast-schema-graph\">{\"@context\":\"https:\/\/schema.org\",\"@graph\":[{\"@type\":\"Article\",\"@id\":\"https:\/\/vieassociative.be\/actualites\/essayez-ces-correctifs-si-youtube-tv-a-cesse-de-travailler-sur-votre-roku\/#article\",\"isPartOf\":{\"@id\":\"https:\/\/vieassociative.be\/actualites\/essayez-ces-correctifs-si-youtube-tv-a-cesse-de-travailler-sur-votre-roku\/\"},\"author\":{\"name\":\"Julien\",\"@id\":\"https:\/\/vieassociative.be\/actualites\/#\/schema\/person\/b87ac4f82f9d4e7b7cec7395b679edc4\"},\"headline\":\"Essayez ces correctifs si YouTube TV a cess\u00e9 de travailler sur votre Roku\",\"datePublished\":\"2025-04-13T19:19:19+00:00\",\"dateModified\":\"2025-04-13T19:19:19+00:00\",\"mainEntityOfPage\":{\"@id\":\"https:\/\/vieassociative.be\/actualites\/essayez-ces-correctifs-si-youtube-tv-a-cesse-de-travailler-sur-votre-roku\/\"},\"wordCount\":467,\"publisher\":{\"@id\":\"https:\/\/vieassociative.be\/actualites\/#organization\"},\"image\":{\"@id\":\"https:\/\/vieassociative.be\/actualites\/essayez-ces-correctifs-si-youtube-tv-a-cesse-de-travailler-sur-votre-roku\/#primaryimage\"},\"thumbnailUrl\":\"https:\/\/vieassociative.be\/actualites\/wp-content\/uploads\/2025\/04\/Essayez-ces-correctifs-si-YouTube-TV-a-cesse-de-travailler.png\",\"keywords\":[\"ces\",\"cesse\",\"correctifs\",\"Essayez\",\"Roku\",\"sur\",\"travailler\",\"votre\",\"YouTube\"],\"articleSection\":[\"Divertissement\"],\"inLanguage\":\"fr-BE\"},{\"@type\":\"WebPage\",\"@id\":\"https:\/\/vieassociative.be\/actualites\/essayez-ces-correctifs-si-youtube-tv-a-cesse-de-travailler-sur-votre-roku\/\",\"url\":\"https:\/\/vieassociative.be\/actualites\/essayez-ces-correctifs-si-youtube-tv-a-cesse-de-travailler-sur-votre-roku\/\",\"name\":\"Essayez ces correctifs si YouTube TV a cess\u00e9 de travailler sur votre Roku | Vie Associative\",\"isPartOf\":{\"@id\":\"https:\/\/vieassociative.be\/actualites\/#website\"},\"primaryImageOfPage\":{\"@id\":\"https:\/\/vieassociative.be\/actualites\/essayez-ces-correctifs-si-youtube-tv-a-cesse-de-travailler-sur-votre-roku\/#primaryimage\"},\"image\":{\"@id\":\"https:\/\/vieassociative.be\/actualites\/essayez-ces-correctifs-si-youtube-tv-a-cesse-de-travailler-sur-votre-roku\/#primaryimage\"},\"thumbnailUrl\":\"https:\/\/vieassociative.be\/actualites\/wp-content\/uploads\/2025\/04\/Essayez-ces-correctifs-si-YouTube-TV-a-cesse-de-travailler.png\",\"datePublished\":\"2025-04-13T19:19:19+00:00\",\"dateModified\":\"2025-04-13T19:19:19+00:00\",\"breadcrumb\":{\"@id\":\"https:\/\/vieassociative.be\/actualites\/essayez-ces-correctifs-si-youtube-tv-a-cesse-de-travailler-sur-votre-roku\/#breadcrumb\"},\"inLanguage\":\"fr-BE\",\"potentialAction\":[{\"@type\":\"ReadAction\",\"target\":[\"https:\/\/vieassociative.be\/actualites\/essayez-ces-correctifs-si-youtube-tv-a-cesse-de-travailler-sur-votre-roku\/\"]}]},{\"@type\":\"ImageObject\",\"inLanguage\":\"fr-BE\",\"@id\":\"https:\/\/vieassociative.be\/actualites\/essayez-ces-correctifs-si-youtube-tv-a-cesse-de-travailler-sur-votre-roku\/#primaryimage\",\"url\":\"https:\/\/vieassociative.be\/actualites\/wp-content\/uploads\/2025\/04\/Essayez-ces-correctifs-si-YouTube-TV-a-cesse-de-travailler.png\",\"contentUrl\":\"https:\/\/vieassociative.be\/actualites\/wp-content\/uploads\/2025\/04\/Essayez-ces-correctifs-si-YouTube-TV-a-cesse-de-travailler.png\",\"width\":1200,\"height\":675,\"caption\":\"Essayez ces correctifs si YouTube TV a cess\u00e9 de travailler sur votre Roku\"},{\"@type\":\"BreadcrumbList\",\"@id\":\"https:\/\/vieassociative.be\/actualites\/essayez-ces-correctifs-si-youtube-tv-a-cesse-de-travailler-sur-votre-roku\/#breadcrumb\",\"itemListElement\":[{\"@type\":\"ListItem\",\"position\":1,\"name\":\"Accueil\",\"item\":\"https:\/\/vieassociative.be\/actualites\/\"},{\"@type\":\"ListItem\",\"position\":2,\"name\":\"Essayez ces correctifs si YouTube TV a cess\u00e9 de travailler sur votre Roku\"}]},{\"@type\":\"WebSite\",\"@id\":\"https:\/\/vieassociative.be\/actualites\/#website\",\"url\":\"https:\/\/vieassociative.be\/actualites\/\",\"name\":\"Vie Associative\",\"description\":\"\",\"publisher\":{\"@id\":\"https:\/\/vieassociative.be\/actualites\/#organization\"},\"potentialAction\":[{\"@type\":\"SearchAction\",\"target\":{\"@type\":\"EntryPoint\",\"urlTemplate\":\"https:\/\/vieassociative.be\/actualites\/?s={search_term_string}\"},\"query-input\":{\"@type\":\"PropertyValueSpecification\",\"valueRequired\":true,\"valueName\":\"search_term_string\"}}],\"inLanguage\":\"fr-BE\"},{\"@type\":\"Organization\",\"@id\":\"https:\/\/vieassociative.be\/actualites\/#organization\",\"name\":\"Vie Associative\",\"url\":\"https:\/\/vieassociative.be\/actualites\/\",\"logo\":{\"@type\":\"ImageObject\",\"inLanguage\":\"fr-BE\",\"@id\":\"https:\/\/vieassociative.be\/actualites\/#\/schema\/logo\/image\/\",\"url\":\"https:\/\/vieassociative.be\/actualites\/wp-content\/uploads\/2024\/09\/cropped-vieassociative_favicon.ico.png\",\"contentUrl\":\"https:\/\/vieassociative.be\/actualites\/wp-content\/uploads\/2024\/09\/cropped-vieassociative_favicon.ico.png\",\"width\":512,\"height\":512,\"caption\":\"Vie Associative\"},\"image\":{\"@id\":\"https:\/\/vieassociative.be\/actualites\/#\/schema\/logo\/image\/\"}},{\"@type\":\"Person\",\"@id\":\"https:\/\/vieassociative.be\/actualites\/#\/schema\/person\/b87ac4f82f9d4e7b7cec7395b679edc4\",\"name\":\"Julien\",\"image\":{\"@type\":\"ImageObject\",\"inLanguage\":\"fr-BE\",\"@id\":\"https:\/\/vieassociative.be\/actualites\/#\/schema\/person\/image\/\",\"url\":\"https:\/\/vieassociative.be\/actualites\/wp-content\/uploads\/2024\/09\/vie-associative-1-150x150.jpg\",\"contentUrl\":\"https:\/\/vieassociative.be\/actualites\/wp-content\/uploads\/2024\/09\/vie-associative-1-150x150.jpg\",\"caption\":\"Julien\"},\"description\":\"Je suis Julien, r\u00e9dacteur pour Vie Associative. Passionn\u00e9 par le monde associatif depuis plus de 10 ans, j'ai \u00e0 c\u0153ur de partager des histoires inspirantes et de mettre en lumi\u00e8re les initiatives locales. Mon objectif est de sensibiliser et d'encourager l'engagement communautaire \u00e0 travers mes articles.\",\"sameAs\":[\"https:\/\/vieassociative.be\/\"]}]}<\/script>\n<!-- \/ Yoast SEO plugin. -->","yoast_head_json":{"title":"Essayez ces correctifs si YouTube TV a cess\u00e9 de travailler sur votre Roku | Vie Associative","robots":{"index":"index","follow":"follow","max-snippet":"max-snippet:-1","max-image-preview":"max-image-preview:large","max-video-preview":"max-video-preview:-1"},"canonical":"https:\/\/vieassociative.be\/actualites\/essayez-ces-correctifs-si-youtube-tv-a-cesse-de-travailler-sur-votre-roku\/","og_locale":"fr_FR","og_type":"article","og_title":"Essayez ces correctifs si YouTube TV a cess\u00e9 de travailler sur votre Roku | Vie Associative","og_description":"Essayez une mise \u00e0 jour manuelle pour r\u00e9soudre le probl\u00e8me. L&rsquo;application YouTube TV a disparu pour certains utilisateurs de Roku. Heureusement, si vous \u00eates parmi","og_url":"https:\/\/vieassociative.be\/actualites\/essayez-ces-correctifs-si-youtube-tv-a-cesse-de-travailler-sur-votre-roku\/","og_site_name":"Vie Associative","article_published_time":"2025-04-13T19:19:19+00:00","og_image":[{"width":279,"height":92,"url":"https:\/\/vieassociative.be\/actualites\/wp-content\/uploads\/2024\/09\/header_backgroundk-01-e1726694325946.png","type":"image\/png"}],"author":"Julien","twitter_card":"summary_large_image","twitter_misc":{"\u00c9crit par":"Julien","Dur\u00e9e de lecture est.":"2 minutes"},"schema":{"@context":"https:\/\/schema.org","@graph":[{"@type":"Article","@id":"https:\/\/vieassociative.be\/actualites\/essayez-ces-correctifs-si-youtube-tv-a-cesse-de-travailler-sur-votre-roku\/#article","isPartOf":{"@id":"https:\/\/vieassociative.be\/actualites\/essayez-ces-correctifs-si-youtube-tv-a-cesse-de-travailler-sur-votre-roku\/"},"author":{"name":"Julien","@id":"https:\/\/vieassociative.be\/actualites\/#\/schema\/person\/b87ac4f82f9d4e7b7cec7395b679edc4"},"headline":"Essayez ces correctifs si YouTube TV a cess\u00e9 de travailler sur votre Roku","datePublished":"2025-04-13T19:19:19+00:00","dateModified":"2025-04-13T19:19:19+00:00","mainEntityOfPage":{"@id":"https:\/\/vieassociative.be\/actualites\/essayez-ces-correctifs-si-youtube-tv-a-cesse-de-travailler-sur-votre-roku\/"},"wordCount":467,"publisher":{"@id":"https:\/\/vieassociative.be\/actualites\/#organization"},"image":{"@id":"https:\/\/vieassociative.be\/actualites\/essayez-ces-correctifs-si-youtube-tv-a-cesse-de-travailler-sur-votre-roku\/#primaryimage"},"thumbnailUrl":"https:\/\/vieassociative.be\/actualites\/wp-content\/uploads\/2025\/04\/Essayez-ces-correctifs-si-YouTube-TV-a-cesse-de-travailler.png","keywords":["ces","cesse","correctifs","Essayez","Roku","sur","travailler","votre","YouTube"],"articleSection":["Divertissement"],"inLanguage":"fr-BE"},{"@type":"WebPage","@id":"https:\/\/vieassociative.be\/actualites\/essayez-ces-correctifs-si-youtube-tv-a-cesse-de-travailler-sur-votre-roku\/","url":"https:\/\/vieassociative.be\/actualites\/essayez-ces-correctifs-si-youtube-tv-a-cesse-de-travailler-sur-votre-roku\/","name":"Essayez ces correctifs si YouTube TV a cess\u00e9 de travailler sur votre Roku | Vie Associative","isPartOf":{"@id":"https:\/\/vieassociative.be\/actualites\/#website"},"primaryImageOfPage":{"@id":"https:\/\/vieassociative.be\/actualites\/essayez-ces-correctifs-si-youtube-tv-a-cesse-de-travailler-sur-votre-roku\/#primaryimage"},"image":{"@id":"https:\/\/vieassociative.be\/actualites\/essayez-ces-correctifs-si-youtube-tv-a-cesse-de-travailler-sur-votre-roku\/#primaryimage"},"thumbnailUrl":"https:\/\/vieassociative.be\/actualites\/wp-content\/uploads\/2025\/04\/Essayez-ces-correctifs-si-YouTube-TV-a-cesse-de-travailler.png","datePublished":"2025-04-13T19:19:19+00:00","dateModified":"2025-04-13T19:19:19+00:00","breadcrumb":{"@id":"https:\/\/vieassociative.be\/actualites\/essayez-ces-correctifs-si-youtube-tv-a-cesse-de-travailler-sur-votre-roku\/#breadcrumb"},"inLanguage":"fr-BE","potentialAction":[{"@type":"ReadAction","target":["https:\/\/vieassociative.be\/actualites\/essayez-ces-correctifs-si-youtube-tv-a-cesse-de-travailler-sur-votre-roku\/"]}]},{"@type":"ImageObject","inLanguage":"fr-BE","@id":"https:\/\/vieassociative.be\/actualites\/essayez-ces-correctifs-si-youtube-tv-a-cesse-de-travailler-sur-votre-roku\/#primaryimage","url":"https:\/\/vieassociative.be\/actualites\/wp-content\/uploads\/2025\/04\/Essayez-ces-correctifs-si-YouTube-TV-a-cesse-de-travailler.png","contentUrl":"https:\/\/vieassociative.be\/actualites\/wp-content\/uploads\/2025\/04\/Essayez-ces-correctifs-si-YouTube-TV-a-cesse-de-travailler.png","width":1200,"height":675,"caption":"Essayez ces correctifs si YouTube TV a cess\u00e9 de travailler sur votre Roku"},{"@type":"BreadcrumbList","@id":"https:\/\/vieassociative.be\/actualites\/essayez-ces-correctifs-si-youtube-tv-a-cesse-de-travailler-sur-votre-roku\/#breadcrumb","itemListElement":[{"@type":"ListItem","position":1,"name":"Accueil","item":"https:\/\/vieassociative.be\/actualites\/"},{"@type":"ListItem","position":2,"name":"Essayez ces correctifs si YouTube TV a cess\u00e9 de travailler sur votre Roku"}]},{"@type":"WebSite","@id":"https:\/\/vieassociative.be\/actualites\/#website","url":"https:\/\/vieassociative.be\/actualites\/","name":"Vie Associative","description":"","publisher":{"@id":"https:\/\/vieassociative.be\/actualites\/#organization"},"potentialAction":[{"@type":"SearchAction","target":{"@type":"EntryPoint","urlTemplate":"https:\/\/vieassociative.be\/actualites\/?s={search_term_string}"},"query-input":{"@type":"PropertyValueSpecification","valueRequired":true,"valueName":"search_term_string"}}],"inLanguage":"fr-BE"},{"@type":"Organization","@id":"https:\/\/vieassociative.be\/actualites\/#organization","name":"Vie Associative","url":"https:\/\/vieassociative.be\/actualites\/","logo":{"@type":"ImageObject","inLanguage":"fr-BE","@id":"https:\/\/vieassociative.be\/actualites\/#\/schema\/logo\/image\/","url":"https:\/\/vieassociative.be\/actualites\/wp-content\/uploads\/2024\/09\/cropped-vieassociative_favicon.ico.png","contentUrl":"https:\/\/vieassociative.be\/actualites\/wp-content\/uploads\/2024\/09\/cropped-vieassociative_favicon.ico.png","width":512,"height":512,"caption":"Vie Associative"},"image":{"@id":"https:\/\/vieassociative.be\/actualites\/#\/schema\/logo\/image\/"}},{"@type":"Person","@id":"https:\/\/vieassociative.be\/actualites\/#\/schema\/person\/b87ac4f82f9d4e7b7cec7395b679edc4","name":"Julien","image":{"@type":"ImageObject","inLanguage":"fr-BE","@id":"https:\/\/vieassociative.be\/actualites\/#\/schema\/person\/image\/","url":"https:\/\/vieassociative.be\/actualites\/wp-content\/uploads\/2024\/09\/vie-associative-1-150x150.jpg","contentUrl":"https:\/\/vieassociative.be\/actualites\/wp-content\/uploads\/2024\/09\/vie-associative-1-150x150.jpg","caption":"Julien"},"description":"Je suis Julien, r\u00e9dacteur pour Vie Associative. Passionn\u00e9 par le monde associatif depuis plus de 10 ans, j'ai \u00e0 c\u0153ur de partager des histoires inspirantes et de mettre en lumi\u00e8re les initiatives locales. Mon objectif est de sensibiliser et d'encourager l'engagement communautaire \u00e0 travers mes articles.","sameAs":["https:\/\/vieassociative.be\/"]}]}},"_links":{"self":[{"href":"https:\/\/vieassociative.be\/actualites\/wp-json\/wp\/v2\/posts\/6691"}],"collection":[{"href":"https:\/\/vieassociative.be\/actualites\/wp-json\/wp\/v2\/posts"}],"about":[{"href":"https:\/\/vieassociative.be\/actualites\/wp-json\/wp\/v2\/types\/post"}],"author":[{"embeddable":true,"href":"https:\/\/vieassociative.be\/actualites\/wp-json\/wp\/v2\/users\/1"}],"replies":[{"embeddable":true,"href":"https:\/\/vieassociative.be\/actualites\/wp-json\/wp\/v2\/comments?post=6691"}],"version-history":[{"count":0,"href":"https:\/\/vieassociative.be\/actualites\/wp-json\/wp\/v2\/posts\/6691\/revisions"}],"wp:featuredmedia":[{"embeddable":true,"href":"https:\/\/vieassociative.be\/actualites\/wp-json\/wp\/v2\/media\/6692"}],"wp:attachment":[{"href":"https:\/\/vieassociative.be\/actualites\/wp-json\/wp\/v2\/media?parent=6691"}],"wp:term":[{"taxonomy":"category","embeddable":true,"href":"https:\/\/vieassociative.be\/actualites\/wp-json\/wp\/v2\/categories?post=6691"},{"taxonomy":"post_tag","embeddable":true,"href":"https:\/\/vieassociative.be\/actualites\/wp-json\/wp\/v2\/tags?post=6691"}],"curies":[{"name":"wp","href":"https:\/\/api.w.org\/{rel}","templated":true}]}}