{"id":6678,"date":"2025-04-13T10:17:32","date_gmt":"2025-04-13T08:17:32","guid":{"rendered":"https:\/\/vieassociative.be\/actualites\/malgre-une-heure-en-nombre-alors-queupen-remporte-son-dernier-match-a-domicile-contre-rfc-seraing-2-1\/"},"modified":"2025-04-13T10:17:32","modified_gmt":"2025-04-13T08:17:32","slug":"malgre-une-heure-en-nombre-alors-queupen-remporte-son-dernier-match-a-domicile-contre-rfc-seraing-2-1","status":"publish","type":"post","link":"https:\/\/vieassociative.be\/actualites\/malgre-une-heure-en-nombre-alors-queupen-remporte-son-dernier-match-a-domicile-contre-rfc-seraing-2-1\/","title":{"rendered":"Malgr\u00e9 une heure en nombre, alors qu&rsquo;Eupen remporte son dernier match \u00e0 domicile contre RFC SerAing 2-1"},"content":{"rendered":"<p><strong>Deuxi\u00e8me division de football alors qu&rsquo;Eupen a remport\u00e9 son dernier match \u00e0 domicile de la saison. Le noir et blanc a battu RFC SerAing samedi avec un but de Wedingo en temps suppl\u00e9mentaire avec 2-1, bien qu&rsquo;ils aient \u00e9t\u00e9 en inf\u00e9riorit\u00e9 num\u00e9rique pendant environ une heure apr\u00e8s le carton rouge pour Andrea Piron.<\/strong><\/p>\n<p><span id=\"more-413253\"><\/span>Il y avait une entr\u00e9e gratuite et un programme de soutien pour ce dernier match \u00e0 domicile de la saison. Avec l&rsquo;admission gratuite \u00e0 tous les endroits des stands T2 et T3, le As Eupen voulait remercier les fans pour leur soutien cette saison \u00e0 l&rsquo;occasion du 80e anniversaire du club et c\u00e9l\u00e9brer une belle finale de la saison avec eux.<\/p>\n<p>Avant le coup d&rsquo;envoi, le meilleur jeune joueur de la saison choisi par les fans a \u00e9t\u00e9 proclam\u00e9 et honor\u00e9. C&rsquo;est Dalla Costa.<\/p>\n<\/p>\n<div id=\"attachment_403611\" class=\"wp-caption alignleft\" style=\"max-width: 300px\"><img fetchpriority=\"high\" decoding=\"async\" class=\"wp-image-403611 size-medium\" src=\"https:\/\/vieassociative.be\/actualites\/wp-content\/uploads\/2024\/12\/1733689145_956_Defaite-23-AS-sest-embarrasse-face-a-la-derniere.jpg\" alt=\"\" width=\"300\" height=\"200\"  ><\/p>\n<p class=\"wp-caption-text\">Mersad Selimbegovic, entra\u00eeneur de l&rsquo;Eeupen. Photo: Belga<\/p>\n<\/div>\n<p>Si le nombre de visiteurs dans le stade &#8211; sur la base de l&rsquo;ann\u00e9e fondatrice 1945 &#8211; a atteint la marque de 1 945 personnes, ce qui \u00e9tait \u00e9galement le cas selon l&rsquo;annonce officielle, l&rsquo;association voulait \u00e9galement remercier une remise des boissons de 80 cents. Cette remise pour toutes les boissons appliqu\u00e9e d\u00e8s le d\u00e9but de la pause \u00e0 demi-temps \u00e0 une heure apr\u00e8s le coup de sifflet final dans tous les bars du stade.<\/p>\n<p>L&rsquo;Eupen commence \u00e0 onze: Roufosse-Paeshuyse, Van Genecht, Kennedy, Piron-Keita, D\u00e9om, Caliskan, Charles-Cook-Ejike, Wedingo. L&rsquo;arbitre \u00e9tait le\u2026 Eupen Laurent Willems.<\/p>\n<p>RFC Seraug, form\u00e9 par l&rsquo;ancien joueur Mbaye Leye, \u00e9tait toujours en risque de rel\u00e9gation lors du coup d&rsquo;envoi. Dans une victoire \u00e0 Eupen, les Li\u00e8ge Vorst\u00e4dter ont \u00e9t\u00e9 sauv\u00e9s, ce qui aurait \u00e9galement \u00e9t\u00e9 le cas avec deux matchs nuls lors des deux derniers matchs ou si les s\u00e9rages ont r\u00e9ussi \u00e0 garder le bas de la table Jong Genk \u00e0 distance.<\/p>\n<p>Le fait que l&rsquo;Eupener prenne ce jeu tr\u00e8s au s\u00e9rieux s&rsquo;est pr\u00e9sent\u00e9 apr\u00e8s quatre minutes lorsque le d\u00e9fenseur AS-Mouved Kennedy a donn\u00e9 l&rsquo;AS par la t\u00eate 1-0 dans un coup de pied de d\u00e9cor du D\u00e9om. Puis il est all\u00e9 en f\u00eate. Alors que le gardien de but Roufosse a emp\u00each\u00e9 la p\u00e9r\u00e9quation deux fois et son homologue de Margueron un deuxi\u00e8me but d&rsquo;Eupen, que Kennedy, le marqueur \u00e0 1-0, aurait pu marquer, mais le Canadien n&rsquo;a pas marqu\u00e9 le but cette fois.<\/p>\n<div id=\"attachment_401499\" class=\"wp-caption alignleft\" style=\"max-width: 300px\"><img decoding=\"async\" class=\"wp-image-401499 size-medium\" src=\"https:\/\/vieassociative.be\/actualites\/wp-content\/uploads\/2025\/01\/LAS-Eupen-perd-le-duel-des-relegues-contre-le-RWDM.jpg\" alt=\"\" width=\"300\" height=\"200\"><\/p>\n<p class=\"wp-caption-text\">EUPENS J\u00c9R\u00f4me DEOM. Photo: Belga<\/p>\n<\/div>\n<p>Le As Eupen a ensuite eu encore quelques chances, mais l&rsquo;excellent gardien de gardien de Seraug, Margueron, qui avait sauv\u00e9 un point avec une vari\u00e9t\u00e9 de d\u00e9fil\u00e9s brillants dans son \u00e9quipe il y a une semaine.<\/p>\n<p>Cependant, le gardien d&rsquo;Eupen, Roufosse, \u00e9tait \u00e9galement dans une brillante constitution ce samedi apr\u00e8s-midi d&rsquo;\u00e9t\u00e9, comme cela a \u00e9t\u00e9 montr\u00e9 \u00e0 la 28e minute lorsque Roufosse a clarifi\u00e9 sur la ligne.<\/p>\n<p>Bang \u00e0 la 33e minute, quand Eupens Piron, qui avait saut\u00e9 dans un court pr\u00e9avis pour Pattynama, a \u00e9t\u00e9 expuls\u00e9 par l&rsquo;arbitre Willems apr\u00e8s un effort tr\u00e8s difficile contre un joueur s\u00e9ratif avec Red of the Field. Eupen a d\u00fb faire une heure en inf\u00e9riorit\u00e9 num\u00e9rique. Piron a d\u00e9j\u00e0 fait un d\u00e9butte malheureux \u00e0 Lier en septembre 2024 lorsqu&rsquo;un faux pass catastrophique l&rsquo;a sap\u00e9 apr\u00e8s 23 minutes, ce qui a conduit \u00e0 la t\u00eate 1-0 pour Lierse SK. Jusqu&rsquo;\u00e0 la moiti\u00e9 de temps, les invit\u00e9s de Seraug n&rsquo;ont pas r\u00e9ussi \u00e0 capitaliser sur leur sup\u00e9riorit\u00e9 num\u00e9rique.<\/p>\n<p>Cela devrait changer apr\u00e8s le coup de pied de la seconde moiti\u00e9, car \u00e0 la 47e minute, Diarra a b\u00e9n\u00e9fici\u00e9 d&rsquo;une \u00e9norme erreur du gardien d&rsquo;Eupen Roufosse pour atteindre l&rsquo;\u00e9galisation, 1: 1.<\/p>\n<p>Apr\u00e8s cela, le s\u00e9rage est rest\u00e9 dominant. \u00c0 la 66e minute, cependant, Eupen a de nouveau pris les devants \u00e0 travers Ejike, qui a frapp\u00e9 la marque apr\u00e8s un coup franc de D\u00c9OM. Malheureusement pour l&rsquo;AS, le coup a \u00e9t\u00e9 r\u00e9voqu\u00e9 \u00e0 juste titre en raison du hors-jeu.<\/p>\n<p>Le but gagnant \u00e9tait n\u00e9anmoins en temps suppl\u00e9mentaire. Apr\u00e8s un flanc exemplaire de Pantovic, le Wedingo, qui a \u00e9galement \u00e9t\u00e9 substitu\u00e9, a marqu\u00e9 l&rsquo;objectif \u00e0 2-1. Les s\u00e9ances de RFC doivent continuer \u00e0 s&rsquo;inqui\u00e9ter de la rel\u00e9gation dans la Challenger Pro League. (Cre)<\/p>\n","protected":false},"excerpt":{"rendered":"<p>Deuxi\u00e8me division de football alors qu&rsquo;Eupen a remport\u00e9 son dernier match \u00e0 domicile de la saison. Le noir et blanc a battu RFC SerAing samedi<\/p>\n","protected":false},"author":1,"featured_media":6679,"comment_status":"","ping_status":"","sticky":false,"template":"","format":"standard","meta":{"footnotes":""},"categories":[298],"tags":[422,796,2682,2351,2523,4205,2685,1695,5094,2809,6359,6360,800,110],"class_list":["post-6678","post","type-post","status-publish","format-standard","has-post-thumbnail","hentry","category-belgique","tag-alors","tag-contre","tag-dernier","tag-domicile","tag-heure","tag-malgre","tag-match","tag-nombre","tag-queupen","tag-remporte","tag-rfc","tag-seraing","tag-son","tag-une","generate-columns","tablet-grid-50","mobile-grid-100","grid-parent","grid-33"],"yoast_head":"<!-- This site is optimized with the Yoast SEO plugin v24.0 - https:\/\/yoast.com\/wordpress\/plugins\/seo\/ -->\n<title>Malgr\u00e9 une heure en nombre, alors qu&#039;Eupen remporte son dernier match \u00e0 domicile contre RFC SerAing 2-1 | Vie Associative<\/title>\n<meta name=\"robots\" content=\"index, follow, max-snippet:-1, max-image-preview:large, max-video-preview:-1\" \/>\n<link rel=\"canonical\" href=\"https:\/\/vieassociative.be\/actualites\/malgre-une-heure-en-nombre-alors-queupen-remporte-son-dernier-match-a-domicile-contre-rfc-seraing-2-1\/\" \/>\n<meta property=\"og:locale\" content=\"fr_FR\" \/>\n<meta property=\"og:type\" content=\"article\" \/>\n<meta property=\"og:title\" content=\"Malgr\u00e9 une heure en nombre, alors qu&#039;Eupen remporte son dernier match \u00e0 domicile contre RFC SerAing 2-1 | Vie Associative\" \/>\n<meta property=\"og:description\" content=\"Deuxi\u00e8me division de football alors qu&rsquo;Eupen a remport\u00e9 son dernier match \u00e0 domicile de la saison. Le noir et blanc a battu RFC SerAing samedi\" \/>\n<meta property=\"og:url\" content=\"https:\/\/vieassociative.be\/actualites\/malgre-une-heure-en-nombre-alors-queupen-remporte-son-dernier-match-a-domicile-contre-rfc-seraing-2-1\/\" \/>\n<meta property=\"og:site_name\" content=\"Vie Associative\" \/>\n<meta property=\"article:published_time\" content=\"2025-04-13T08:17:32+00:00\" \/>\n<meta property=\"og:image\" content=\"https:\/\/vieassociative.be\/actualites\/wp-content\/uploads\/2024\/09\/header_backgroundk-01-e1726694325946.png\" \/>\n\t<meta property=\"og:image:width\" content=\"279\" \/>\n\t<meta property=\"og:image:height\" content=\"92\" \/>\n\t<meta property=\"og:image:type\" content=\"image\/png\" \/>\n<meta name=\"author\" content=\"Julien\" \/>\n<meta name=\"twitter:card\" content=\"summary_large_image\" \/>\n<meta name=\"twitter:label1\" content=\"\u00c9crit par\" \/>\n\t<meta name=\"twitter:data1\" content=\"Julien\" \/>\n\t<meta name=\"twitter:label2\" content=\"Dur\u00e9e de lecture est.\" \/>\n\t<meta name=\"twitter:data2\" content=\"4 minutes\" \/>\n<script type=\"application\/ld+json\" class=\"yoast-schema-graph\">{\"@context\":\"https:\/\/schema.org\",\"@graph\":[{\"@type\":\"Article\",\"@id\":\"https:\/\/vieassociative.be\/actualites\/malgre-une-heure-en-nombre-alors-queupen-remporte-son-dernier-match-a-domicile-contre-rfc-seraing-2-1\/#article\",\"isPartOf\":{\"@id\":\"https:\/\/vieassociative.be\/actualites\/malgre-une-heure-en-nombre-alors-queupen-remporte-son-dernier-match-a-domicile-contre-rfc-seraing-2-1\/\"},\"author\":{\"name\":\"Julien\",\"@id\":\"https:\/\/vieassociative.be\/actualites\/#\/schema\/person\/b87ac4f82f9d4e7b7cec7395b679edc4\"},\"headline\":\"Malgr\u00e9 une heure en nombre, alors qu&rsquo;Eupen remporte son dernier match \u00e0 domicile contre RFC SerAing 2-1\",\"datePublished\":\"2025-04-13T08:17:32+00:00\",\"dateModified\":\"2025-04-13T08:17:32+00:00\",\"mainEntityOfPage\":{\"@id\":\"https:\/\/vieassociative.be\/actualites\/malgre-une-heure-en-nombre-alors-queupen-remporte-son-dernier-match-a-domicile-contre-rfc-seraing-2-1\/\"},\"wordCount\":761,\"publisher\":{\"@id\":\"https:\/\/vieassociative.be\/actualites\/#organization\"},\"image\":{\"@id\":\"https:\/\/vieassociative.be\/actualites\/malgre-une-heure-en-nombre-alors-queupen-remporte-son-dernier-match-a-domicile-contre-rfc-seraing-2-1\/#primaryimage\"},\"thumbnailUrl\":\"https:\/\/vieassociative.be\/actualites\/wp-content\/uploads\/2025\/04\/Malgre-une-heure-en-nombre-alors-quEupen-remporte-son-dernier.jpg\",\"keywords\":[\"Alors\",\"contre\",\"dernier\",\"domicile\",\"heure\",\"malgr\u00e9\",\"match\",\"nombre\",\"quEupen\",\"remport\u00e9\",\"RFC\",\"SerAing\",\"son\",\"une\"],\"articleSection\":[\"Belgique\"],\"inLanguage\":\"fr-BE\"},{\"@type\":\"WebPage\",\"@id\":\"https:\/\/vieassociative.be\/actualites\/malgre-une-heure-en-nombre-alors-queupen-remporte-son-dernier-match-a-domicile-contre-rfc-seraing-2-1\/\",\"url\":\"https:\/\/vieassociative.be\/actualites\/malgre-une-heure-en-nombre-alors-queupen-remporte-son-dernier-match-a-domicile-contre-rfc-seraing-2-1\/\",\"name\":\"Malgr\u00e9 une heure en nombre, alors qu'Eupen remporte son dernier match \u00e0 domicile contre RFC SerAing 2-1 | Vie Associative\",\"isPartOf\":{\"@id\":\"https:\/\/vieassociative.be\/actualites\/#website\"},\"primaryImageOfPage\":{\"@id\":\"https:\/\/vieassociative.be\/actualites\/malgre-une-heure-en-nombre-alors-queupen-remporte-son-dernier-match-a-domicile-contre-rfc-seraing-2-1\/#primaryimage\"},\"image\":{\"@id\":\"https:\/\/vieassociative.be\/actualites\/malgre-une-heure-en-nombre-alors-queupen-remporte-son-dernier-match-a-domicile-contre-rfc-seraing-2-1\/#primaryimage\"},\"thumbnailUrl\":\"https:\/\/vieassociative.be\/actualites\/wp-content\/uploads\/2025\/04\/Malgre-une-heure-en-nombre-alors-quEupen-remporte-son-dernier.jpg\",\"datePublished\":\"2025-04-13T08:17:32+00:00\",\"dateModified\":\"2025-04-13T08:17:32+00:00\",\"breadcrumb\":{\"@id\":\"https:\/\/vieassociative.be\/actualites\/malgre-une-heure-en-nombre-alors-queupen-remporte-son-dernier-match-a-domicile-contre-rfc-seraing-2-1\/#breadcrumb\"},\"inLanguage\":\"fr-BE\",\"potentialAction\":[{\"@type\":\"ReadAction\",\"target\":[\"https:\/\/vieassociative.be\/actualites\/malgre-une-heure-en-nombre-alors-queupen-remporte-son-dernier-match-a-domicile-contre-rfc-seraing-2-1\/\"]}]},{\"@type\":\"ImageObject\",\"inLanguage\":\"fr-BE\",\"@id\":\"https:\/\/vieassociative.be\/actualites\/malgre-une-heure-en-nombre-alors-queupen-remporte-son-dernier-match-a-domicile-contre-rfc-seraing-2-1\/#primaryimage\",\"url\":\"https:\/\/vieassociative.be\/actualites\/wp-content\/uploads\/2025\/04\/Malgre-une-heure-en-nombre-alors-quEupen-remporte-son-dernier.jpg\",\"contentUrl\":\"https:\/\/vieassociative.be\/actualites\/wp-content\/uploads\/2025\/04\/Malgre-une-heure-en-nombre-alors-quEupen-remporte-son-dernier.jpg\",\"width\":1200,\"height\":800,\"caption\":\"Malgr\u00e9 une heure en nombre, alors qu'Eupen remporte son dernier match \u00e0 domicile contre RFC SerAing 2-1\"},{\"@type\":\"BreadcrumbList\",\"@id\":\"https:\/\/vieassociative.be\/actualites\/malgre-une-heure-en-nombre-alors-queupen-remporte-son-dernier-match-a-domicile-contre-rfc-seraing-2-1\/#breadcrumb\",\"itemListElement\":[{\"@type\":\"ListItem\",\"position\":1,\"name\":\"Accueil\",\"item\":\"https:\/\/vieassociative.be\/actualites\/\"},{\"@type\":\"ListItem\",\"position\":2,\"name\":\"Malgr\u00e9 une heure en nombre, alors qu&rsquo;Eupen remporte son dernier match \u00e0 domicile contre RFC SerAing 2-1\"}]},{\"@type\":\"WebSite\",\"@id\":\"https:\/\/vieassociative.be\/actualites\/#website\",\"url\":\"https:\/\/vieassociative.be\/actualites\/\",\"name\":\"Vie Associative\",\"description\":\"\",\"publisher\":{\"@id\":\"https:\/\/vieassociative.be\/actualites\/#organization\"},\"potentialAction\":[{\"@type\":\"SearchAction\",\"target\":{\"@type\":\"EntryPoint\",\"urlTemplate\":\"https:\/\/vieassociative.be\/actualites\/?s={search_term_string}\"},\"query-input\":{\"@type\":\"PropertyValueSpecification\",\"valueRequired\":true,\"valueName\":\"search_term_string\"}}],\"inLanguage\":\"fr-BE\"},{\"@type\":\"Organization\",\"@id\":\"https:\/\/vieassociative.be\/actualites\/#organization\",\"name\":\"Vie Associative\",\"url\":\"https:\/\/vieassociative.be\/actualites\/\",\"logo\":{\"@type\":\"ImageObject\",\"inLanguage\":\"fr-BE\",\"@id\":\"https:\/\/vieassociative.be\/actualites\/#\/schema\/logo\/image\/\",\"url\":\"https:\/\/vieassociative.be\/actualites\/wp-content\/uploads\/2024\/09\/cropped-vieassociative_favicon.ico.png\",\"contentUrl\":\"https:\/\/vieassociative.be\/actualites\/wp-content\/uploads\/2024\/09\/cropped-vieassociative_favicon.ico.png\",\"width\":512,\"height\":512,\"caption\":\"Vie Associative\"},\"image\":{\"@id\":\"https:\/\/vieassociative.be\/actualites\/#\/schema\/logo\/image\/\"}},{\"@type\":\"Person\",\"@id\":\"https:\/\/vieassociative.be\/actualites\/#\/schema\/person\/b87ac4f82f9d4e7b7cec7395b679edc4\",\"name\":\"Julien\",\"image\":{\"@type\":\"ImageObject\",\"inLanguage\":\"fr-BE\",\"@id\":\"https:\/\/vieassociative.be\/actualites\/#\/schema\/person\/image\/\",\"url\":\"https:\/\/vieassociative.be\/actualites\/wp-content\/uploads\/2024\/09\/vie-associative-1-150x150.jpg\",\"contentUrl\":\"https:\/\/vieassociative.be\/actualites\/wp-content\/uploads\/2024\/09\/vie-associative-1-150x150.jpg\",\"caption\":\"Julien\"},\"description\":\"Je suis Julien, r\u00e9dacteur pour Vie Associative. Passionn\u00e9 par le monde associatif depuis plus de 10 ans, j'ai \u00e0 c\u0153ur de partager des histoires inspirantes et de mettre en lumi\u00e8re les initiatives locales. Mon objectif est de sensibiliser et d'encourager l'engagement communautaire \u00e0 travers mes articles.\",\"sameAs\":[\"https:\/\/vieassociative.be\/\"]}]}<\/script>\n<!-- \/ Yoast SEO plugin. -->","yoast_head_json":{"title":"Malgr\u00e9 une heure en nombre, alors qu'Eupen remporte son dernier match \u00e0 domicile contre RFC SerAing 2-1 | Vie Associative","robots":{"index":"index","follow":"follow","max-snippet":"max-snippet:-1","max-image-preview":"max-image-preview:large","max-video-preview":"max-video-preview:-1"},"canonical":"https:\/\/vieassociative.be\/actualites\/malgre-une-heure-en-nombre-alors-queupen-remporte-son-dernier-match-a-domicile-contre-rfc-seraing-2-1\/","og_locale":"fr_FR","og_type":"article","og_title":"Malgr\u00e9 une heure en nombre, alors qu'Eupen remporte son dernier match \u00e0 domicile contre RFC SerAing 2-1 | Vie Associative","og_description":"Deuxi\u00e8me division de football alors qu&rsquo;Eupen a remport\u00e9 son dernier match \u00e0 domicile de la saison. Le noir et blanc a battu RFC SerAing samedi","og_url":"https:\/\/vieassociative.be\/actualites\/malgre-une-heure-en-nombre-alors-queupen-remporte-son-dernier-match-a-domicile-contre-rfc-seraing-2-1\/","og_site_name":"Vie Associative","article_published_time":"2025-04-13T08:17:32+00:00","og_image":[{"width":279,"height":92,"url":"https:\/\/vieassociative.be\/actualites\/wp-content\/uploads\/2024\/09\/header_backgroundk-01-e1726694325946.png","type":"image\/png"}],"author":"Julien","twitter_card":"summary_large_image","twitter_misc":{"\u00c9crit par":"Julien","Dur\u00e9e de lecture est.":"4 minutes"},"schema":{"@context":"https:\/\/schema.org","@graph":[{"@type":"Article","@id":"https:\/\/vieassociative.be\/actualites\/malgre-une-heure-en-nombre-alors-queupen-remporte-son-dernier-match-a-domicile-contre-rfc-seraing-2-1\/#article","isPartOf":{"@id":"https:\/\/vieassociative.be\/actualites\/malgre-une-heure-en-nombre-alors-queupen-remporte-son-dernier-match-a-domicile-contre-rfc-seraing-2-1\/"},"author":{"name":"Julien","@id":"https:\/\/vieassociative.be\/actualites\/#\/schema\/person\/b87ac4f82f9d4e7b7cec7395b679edc4"},"headline":"Malgr\u00e9 une heure en nombre, alors qu&rsquo;Eupen remporte son dernier match \u00e0 domicile contre RFC SerAing 2-1","datePublished":"2025-04-13T08:17:32+00:00","dateModified":"2025-04-13T08:17:32+00:00","mainEntityOfPage":{"@id":"https:\/\/vieassociative.be\/actualites\/malgre-une-heure-en-nombre-alors-queupen-remporte-son-dernier-match-a-domicile-contre-rfc-seraing-2-1\/"},"wordCount":761,"publisher":{"@id":"https:\/\/vieassociative.be\/actualites\/#organization"},"image":{"@id":"https:\/\/vieassociative.be\/actualites\/malgre-une-heure-en-nombre-alors-queupen-remporte-son-dernier-match-a-domicile-contre-rfc-seraing-2-1\/#primaryimage"},"thumbnailUrl":"https:\/\/vieassociative.be\/actualites\/wp-content\/uploads\/2025\/04\/Malgre-une-heure-en-nombre-alors-quEupen-remporte-son-dernier.jpg","keywords":["Alors","contre","dernier","domicile","heure","malgr\u00e9","match","nombre","quEupen","remport\u00e9","RFC","SerAing","son","une"],"articleSection":["Belgique"],"inLanguage":"fr-BE"},{"@type":"WebPage","@id":"https:\/\/vieassociative.be\/actualites\/malgre-une-heure-en-nombre-alors-queupen-remporte-son-dernier-match-a-domicile-contre-rfc-seraing-2-1\/","url":"https:\/\/vieassociative.be\/actualites\/malgre-une-heure-en-nombre-alors-queupen-remporte-son-dernier-match-a-domicile-contre-rfc-seraing-2-1\/","name":"Malgr\u00e9 une heure en nombre, alors qu'Eupen remporte son dernier match \u00e0 domicile contre RFC SerAing 2-1 | Vie Associative","isPartOf":{"@id":"https:\/\/vieassociative.be\/actualites\/#website"},"primaryImageOfPage":{"@id":"https:\/\/vieassociative.be\/actualites\/malgre-une-heure-en-nombre-alors-queupen-remporte-son-dernier-match-a-domicile-contre-rfc-seraing-2-1\/#primaryimage"},"image":{"@id":"https:\/\/vieassociative.be\/actualites\/malgre-une-heure-en-nombre-alors-queupen-remporte-son-dernier-match-a-domicile-contre-rfc-seraing-2-1\/#primaryimage"},"thumbnailUrl":"https:\/\/vieassociative.be\/actualites\/wp-content\/uploads\/2025\/04\/Malgre-une-heure-en-nombre-alors-quEupen-remporte-son-dernier.jpg","datePublished":"2025-04-13T08:17:32+00:00","dateModified":"2025-04-13T08:17:32+00:00","breadcrumb":{"@id":"https:\/\/vieassociative.be\/actualites\/malgre-une-heure-en-nombre-alors-queupen-remporte-son-dernier-match-a-domicile-contre-rfc-seraing-2-1\/#breadcrumb"},"inLanguage":"fr-BE","potentialAction":[{"@type":"ReadAction","target":["https:\/\/vieassociative.be\/actualites\/malgre-une-heure-en-nombre-alors-queupen-remporte-son-dernier-match-a-domicile-contre-rfc-seraing-2-1\/"]}]},{"@type":"ImageObject","inLanguage":"fr-BE","@id":"https:\/\/vieassociative.be\/actualites\/malgre-une-heure-en-nombre-alors-queupen-remporte-son-dernier-match-a-domicile-contre-rfc-seraing-2-1\/#primaryimage","url":"https:\/\/vieassociative.be\/actualites\/wp-content\/uploads\/2025\/04\/Malgre-une-heure-en-nombre-alors-quEupen-remporte-son-dernier.jpg","contentUrl":"https:\/\/vieassociative.be\/actualites\/wp-content\/uploads\/2025\/04\/Malgre-une-heure-en-nombre-alors-quEupen-remporte-son-dernier.jpg","width":1200,"height":800,"caption":"Malgr\u00e9 une heure en nombre, alors qu'Eupen remporte son dernier match \u00e0 domicile contre RFC SerAing 2-1"},{"@type":"BreadcrumbList","@id":"https:\/\/vieassociative.be\/actualites\/malgre-une-heure-en-nombre-alors-queupen-remporte-son-dernier-match-a-domicile-contre-rfc-seraing-2-1\/#breadcrumb","itemListElement":[{"@type":"ListItem","position":1,"name":"Accueil","item":"https:\/\/vieassociative.be\/actualites\/"},{"@type":"ListItem","position":2,"name":"Malgr\u00e9 une heure en nombre, alors qu&rsquo;Eupen remporte son dernier match \u00e0 domicile contre RFC SerAing 2-1"}]},{"@type":"WebSite","@id":"https:\/\/vieassociative.be\/actualites\/#website","url":"https:\/\/vieassociative.be\/actualites\/","name":"Vie Associative","description":"","publisher":{"@id":"https:\/\/vieassociative.be\/actualites\/#organization"},"potentialAction":[{"@type":"SearchAction","target":{"@type":"EntryPoint","urlTemplate":"https:\/\/vieassociative.be\/actualites\/?s={search_term_string}"},"query-input":{"@type":"PropertyValueSpecification","valueRequired":true,"valueName":"search_term_string"}}],"inLanguage":"fr-BE"},{"@type":"Organization","@id":"https:\/\/vieassociative.be\/actualites\/#organization","name":"Vie Associative","url":"https:\/\/vieassociative.be\/actualites\/","logo":{"@type":"ImageObject","inLanguage":"fr-BE","@id":"https:\/\/vieassociative.be\/actualites\/#\/schema\/logo\/image\/","url":"https:\/\/vieassociative.be\/actualites\/wp-content\/uploads\/2024\/09\/cropped-vieassociative_favicon.ico.png","contentUrl":"https:\/\/vieassociative.be\/actualites\/wp-content\/uploads\/2024\/09\/cropped-vieassociative_favicon.ico.png","width":512,"height":512,"caption":"Vie Associative"},"image":{"@id":"https:\/\/vieassociative.be\/actualites\/#\/schema\/logo\/image\/"}},{"@type":"Person","@id":"https:\/\/vieassociative.be\/actualites\/#\/schema\/person\/b87ac4f82f9d4e7b7cec7395b679edc4","name":"Julien","image":{"@type":"ImageObject","inLanguage":"fr-BE","@id":"https:\/\/vieassociative.be\/actualites\/#\/schema\/person\/image\/","url":"https:\/\/vieassociative.be\/actualites\/wp-content\/uploads\/2024\/09\/vie-associative-1-150x150.jpg","contentUrl":"https:\/\/vieassociative.be\/actualites\/wp-content\/uploads\/2024\/09\/vie-associative-1-150x150.jpg","caption":"Julien"},"description":"Je suis Julien, r\u00e9dacteur pour Vie Associative. Passionn\u00e9 par le monde associatif depuis plus de 10 ans, j'ai \u00e0 c\u0153ur de partager des histoires inspirantes et de mettre en lumi\u00e8re les initiatives locales. Mon objectif est de sensibiliser et d'encourager l'engagement communautaire \u00e0 travers mes articles.","sameAs":["https:\/\/vieassociative.be\/"]}]}},"_links":{"self":[{"href":"https:\/\/vieassociative.be\/actualites\/wp-json\/wp\/v2\/posts\/6678"}],"collection":[{"href":"https:\/\/vieassociative.be\/actualites\/wp-json\/wp\/v2\/posts"}],"about":[{"href":"https:\/\/vieassociative.be\/actualites\/wp-json\/wp\/v2\/types\/post"}],"author":[{"embeddable":true,"href":"https:\/\/vieassociative.be\/actualites\/wp-json\/wp\/v2\/users\/1"}],"replies":[{"embeddable":true,"href":"https:\/\/vieassociative.be\/actualites\/wp-json\/wp\/v2\/comments?post=6678"}],"version-history":[{"count":0,"href":"https:\/\/vieassociative.be\/actualites\/wp-json\/wp\/v2\/posts\/6678\/revisions"}],"wp:featuredmedia":[{"embeddable":true,"href":"https:\/\/vieassociative.be\/actualites\/wp-json\/wp\/v2\/media\/6679"}],"wp:attachment":[{"href":"https:\/\/vieassociative.be\/actualites\/wp-json\/wp\/v2\/media?parent=6678"}],"wp:term":[{"taxonomy":"category","embeddable":true,"href":"https:\/\/vieassociative.be\/actualites\/wp-json\/wp\/v2\/categories?post=6678"},{"taxonomy":"post_tag","embeddable":true,"href":"https:\/\/vieassociative.be\/actualites\/wp-json\/wp\/v2\/tags?post=6678"}],"curies":[{"name":"wp","href":"https:\/\/api.w.org\/{rel}","templated":true}]}}