{"id":6673,"date":"2025-04-13T04:18:23","date_gmt":"2025-04-13T02:18:23","guid":{"rendered":"https:\/\/vieassociative.be\/actualites\/bvb-agace-la-baviere-munchner-mlle-le-chef-doeuvre\/"},"modified":"2025-04-13T04:18:23","modified_gmt":"2025-04-13T02:18:23","slug":"bvb-agace-la-baviere-munchner-mlle-le-chef-doeuvre","status":"publish","type":"post","link":"https:\/\/vieassociative.be\/actualites\/bvb-agace-la-baviere-munchner-mlle-le-chef-doeuvre\/","title":{"rendered":"BVB agace la Bavi\u00e8re: M\u00fcnchner Mlle le chef-d&rsquo;\u0153uvre"},"content":{"rendered":"<p><strong>Le Cl\u00e1sico allemand n&rsquo;a pas la classe depuis longtemps. Ce n&rsquo;est que lorsque Dortmund prend les devants que le jeu prend une vitesse \u00e0 toute vitesse. L&rsquo;entra\u00eeneur du Bayern Vincent Kompany a une bonne main lors du changement. Ce n&rsquo;est pas suffisant.<\/strong><\/p>\n<p><span id=\"more-413285\"><\/span>Le FC Bayern, cit\u00e9 par Thomas M\u00fcller en tant que capitaine, a rat\u00e9 l&rsquo;\u00e9tape d\u00e9cisive vers le 34e titre de champion du Bundesliga Classic contre le Borussia Dortmund. Trois heures apr\u00e8s le mod\u00e8le 0-0 par le poursuivant Bayer Leverkusen, l&rsquo;\u00e9quipe de Munich a \u00e9galement d\u00fb \u00eatre satisfaite d&rsquo;un match nul dans le 2-2 (0: 0).<\/p>\n<p>L&rsquo;avance du champion allemand de record de football est donc de six points cinq jours avant la fin de la saison. Le Cl\u00e1sico allemand n&rsquo;a \u00e9t\u00e9 \u00e0 la hauteur que de son appel apr\u00e8s la pause. Soudain, le BVB a men\u00e9 trois jours apr\u00e8s le 0: 4-Chicken en Ligue des champions contre le FC Barcelone par une t\u00eate de Maximilian Beier (48e minute).<\/p>\n<div id=\"attachment_413284\" class=\"wp-caption alignleft\" style=\"max-width: 300px\"><img fetchpriority=\"high\" decoding=\"async\" class=\"wp-image-413284 size-medium\" src=\"https:\/\/vieassociative.be\/actualites\/wp-content\/uploads\/2025\/04\/BVB-agace-la-Baviere-Munchner-Mlle-le-chef-doeuvre.jpg\" alt=\"\" width=\"300\" height=\"169\"><\/p>\n<p class=\"wp-caption-text\">04\/12\/2025, Bavaria, Munich: Serge Gnabry (2e VL) du FC Bayern scolaris\u00e9 l&rsquo;objectif \u00e0 2-1. Photo: Tom Weller \/ DPA<\/p>\n<\/div>\n<p><strong>&#8211; Bavaria&rsquo;s Joker Sting:<\/strong> Les Bavarois ont travers\u00e9 le rempla\u00e7ant Raphael Guerreiro (65e) et Serge Gnabry (69e). Mais l&rsquo;\u00e9quipe invit\u00e9e de l&rsquo;ancien entra\u00eeneur de Bavaria Niko Kovac a montr\u00e9 une grande morale devant 75 000 spectateurs dans l&rsquo;ar\u00e8ne d&rsquo;Allianz. Le d\u00e9fenseur Waldemar a r\u00e9ussi \u00e0 2: 2 (75e).<\/p>\n<p>Pour le Bayern, le cours du match et le r\u00e9sultat ont \u00e9t\u00e9 un autre amortisseur avant le deuxi\u00e8me \u00e9tage de la Ligue des champions mercredi prochain \u00e0 l&rsquo;Inter Milan. Ils avaient perdu le quart de finale 1-2 \u00e0 domicile. Le BVB a rat\u00e9 une victoire importante dans la lutte pour un cupplatz europ\u00e9en, mais a montr\u00e9 une r\u00e9action plus que bonne trois jours apr\u00e8s le 0: 4 \u00e0 Barcelone. Les invit\u00e9s, dont le meilleur gardien Gregor Kobel \u00e9tait, a eu la chance que le ballon ait frapp\u00e9 la barre transversale dans une op\u00e9ration de sauvetage par le d\u00e9fenseur Anton (56.).<\/p>\n<p><strong>&#8211; M\u00fcller comme un atout:<\/strong> Apr\u00e8s l&rsquo;utilisation du Joker de M\u00fcller avec le but contre l&rsquo;Inter, l&rsquo;entra\u00eeneur Vincent Kompany a mis la l\u00e9gende sortante du Bayern dans les onze de d\u00e9part cette fois. \u00ab\u00a0Tout simplement parce que Thomas apporte toujours quelque chose\u00a0\u00bb, comme l&rsquo;a expliqu\u00e9 le Belge de Sky avant le coup de pied.<\/p>\n<\/p>\n<div id=\"attachment_413291\" class=\"wp-caption alignnone\" style=\"max-width: 300px\"><img decoding=\"async\" src=\"https:\/\/vieassociative.be\/actualites\/wp-content\/uploads\/2025\/04\/1744510703_770_BVB-agace-la-Baviere-Munchner-Mlle-le-chef-doeuvre.jpg\" alt=\"\" width=\"300\" height=\"200\" class=\"size-medium wp-image-413291\"><\/p>\n<p class=\"wp-caption-text\">04\/12\/2025, Bavi\u00e8re, Munich: l&rsquo;entra\u00eeneur du Bayern Vincent Kompany avant le match. Photo: Tom Weller \/ DPA<\/p>\n<\/div>\n<p>M\u00fcller \u00e9tait en fait un atout. L&rsquo;homme de 35 ans voyageait beaucoup, est apparu comme un mod\u00e8le en tant que 1-1 positif et a \u00e9galement tir\u00e9 avec la droite et la gauche. Mais dans l&rsquo;ensemble, le jeu offensif de Munich manquait de nettet\u00e9 et de coh\u00e9rence. Avant la pause, Josip Stanisic a donn\u00e9 le 1-0 (35e) autoportant de cinq m\u00e8tres. De plus, Michael Olise (40e) et Harry Kane ont \u00e9chou\u00e9 en temps suppl\u00e9mentaire sur le gobelin bien r\u00e9actif.<\/p>\n<p><strong>-La leadership BVB est une surprise:<\/strong> Kovac avait demand\u00e9 plus de mentalit\u00e9, plus de volont\u00e9 de courir, plus de coh\u00e9sion et de compact en cas de catastrophe contre le FC Barcelone. C&rsquo;est pourquoi le capitaine Emre Can et ses coll\u00e8gues ont essay\u00e9 leur chemin. Le poste n&rsquo;a avanc\u00e9 qu&rsquo;au Borussia apr\u00e8s la pause.<\/p>\n<p>La premi\u00e8re attaque invit\u00e9e a pris les devants. Au haut flanc de Julian Rerson, le talent du Bayern Jonas Urbig, qui continue de repr\u00e9senter le Manuel Neuer pas encore en forme dans le but, est rest\u00e9 sur la ligne. Le joueur national Beier a frapp\u00e9 sa t\u00eate sur le deuxi\u00e8me poste. Le but a donn\u00e9 au jeu un coup de pouce \u00e9nerg\u00e9tique.<\/p>\n<p>Le Borussia a soudainement d\u00e9velopp\u00e9 une croyance en la victoire, contrar\u00e9e \u00e0 grande vitesse. Le rempla\u00e7ant Serge Gnabry a ramen\u00e9 le Bayern en jeu, qui est rest\u00e9 ouvert jusqu&rsquo;au temps suppl\u00e9mentaire. (DPA)<\/p>\n","protected":false},"excerpt":{"rendered":"<p>Le Cl\u00e1sico allemand n&rsquo;a pas la classe depuis longtemps. Ce n&rsquo;est que lorsque Dortmund prend les devants que le jeu prend une vitesse \u00e0 toute<\/p>\n","protected":false},"author":1,"featured_media":6674,"comment_status":"","ping_status":"","sticky":false,"template":"","format":"standard","meta":{"footnotes":""},"categories":[298],"tags":[6354,5359,982,6357,6356,6355],"class_list":["post-6673","post","type-post","status-publish","format-standard","has-post-thumbnail","hentry","category-belgique","tag-agace","tag-baviere","tag-bvb","tag-chefdoeuvre","tag-mlle","tag-munchner","generate-columns","tablet-grid-50","mobile-grid-100","grid-parent","grid-33"],"yoast_head":"<!-- This site is optimized with the Yoast SEO plugin v24.0 - https:\/\/yoast.com\/wordpress\/plugins\/seo\/ -->\n<title>BVB agace la Bavi\u00e8re: M\u00fcnchner Mlle le chef-d&#039;\u0153uvre | Vie Associative<\/title>\n<meta name=\"robots\" content=\"index, follow, max-snippet:-1, max-image-preview:large, max-video-preview:-1\" \/>\n<link rel=\"canonical\" href=\"https:\/\/vieassociative.be\/actualites\/bvb-agace-la-baviere-munchner-mlle-le-chef-doeuvre\/\" \/>\n<meta property=\"og:locale\" content=\"fr_FR\" \/>\n<meta property=\"og:type\" content=\"article\" \/>\n<meta property=\"og:title\" content=\"BVB agace la Bavi\u00e8re: M\u00fcnchner Mlle le chef-d&#039;\u0153uvre | Vie Associative\" \/>\n<meta property=\"og:description\" content=\"Le Cl\u00e1sico allemand n&rsquo;a pas la classe depuis longtemps. Ce n&rsquo;est que lorsque Dortmund prend les devants que le jeu prend une vitesse \u00e0 toute\" \/>\n<meta property=\"og:url\" content=\"https:\/\/vieassociative.be\/actualites\/bvb-agace-la-baviere-munchner-mlle-le-chef-doeuvre\/\" \/>\n<meta property=\"og:site_name\" content=\"Vie Associative\" \/>\n<meta property=\"article:published_time\" content=\"2025-04-13T02:18:23+00:00\" \/>\n<meta property=\"og:image\" content=\"https:\/\/vieassociative.be\/actualites\/wp-content\/uploads\/2024\/09\/header_backgroundk-01-e1726694325946.png\" \/>\n\t<meta property=\"og:image:width\" content=\"279\" \/>\n\t<meta property=\"og:image:height\" content=\"92\" \/>\n\t<meta property=\"og:image:type\" content=\"image\/png\" \/>\n<meta name=\"author\" content=\"Julien\" \/>\n<meta name=\"twitter:card\" content=\"summary_large_image\" \/>\n<meta name=\"twitter:label1\" content=\"\u00c9crit par\" \/>\n\t<meta name=\"twitter:data1\" content=\"Julien\" \/>\n\t<meta name=\"twitter:label2\" content=\"Dur\u00e9e de lecture est.\" \/>\n\t<meta name=\"twitter:data2\" content=\"3 minutes\" \/>\n<script type=\"application\/ld+json\" class=\"yoast-schema-graph\">{\"@context\":\"https:\/\/schema.org\",\"@graph\":[{\"@type\":\"Article\",\"@id\":\"https:\/\/vieassociative.be\/actualites\/bvb-agace-la-baviere-munchner-mlle-le-chef-doeuvre\/#article\",\"isPartOf\":{\"@id\":\"https:\/\/vieassociative.be\/actualites\/bvb-agace-la-baviere-munchner-mlle-le-chef-doeuvre\/\"},\"author\":{\"name\":\"Julien\",\"@id\":\"https:\/\/vieassociative.be\/actualites\/#\/schema\/person\/b87ac4f82f9d4e7b7cec7395b679edc4\"},\"headline\":\"BVB agace la Bavi\u00e8re: M\u00fcnchner Mlle le chef-d&rsquo;\u0153uvre\",\"datePublished\":\"2025-04-13T02:18:23+00:00\",\"dateModified\":\"2025-04-13T02:18:23+00:00\",\"mainEntityOfPage\":{\"@id\":\"https:\/\/vieassociative.be\/actualites\/bvb-agace-la-baviere-munchner-mlle-le-chef-doeuvre\/\"},\"wordCount\":688,\"publisher\":{\"@id\":\"https:\/\/vieassociative.be\/actualites\/#organization\"},\"image\":{\"@id\":\"https:\/\/vieassociative.be\/actualites\/bvb-agace-la-baviere-munchner-mlle-le-chef-doeuvre\/#primaryimage\"},\"thumbnailUrl\":\"https:\/\/vieassociative.be\/actualites\/wp-content\/uploads\/2025\/04\/1744510703_BVB-agace-la-Baviere-Munchner-Mlle-le-chef-doeuvre.jpg\",\"keywords\":[\"agace\",\"Bavi\u00e8re\",\"BVB\",\"chefd\u0153uvre\",\"Mlle\",\"M\u00fcnchner\"],\"articleSection\":[\"Belgique\"],\"inLanguage\":\"fr-BE\"},{\"@type\":\"WebPage\",\"@id\":\"https:\/\/vieassociative.be\/actualites\/bvb-agace-la-baviere-munchner-mlle-le-chef-doeuvre\/\",\"url\":\"https:\/\/vieassociative.be\/actualites\/bvb-agace-la-baviere-munchner-mlle-le-chef-doeuvre\/\",\"name\":\"BVB agace la Bavi\u00e8re: M\u00fcnchner Mlle le chef-d'\u0153uvre | Vie Associative\",\"isPartOf\":{\"@id\":\"https:\/\/vieassociative.be\/actualites\/#website\"},\"primaryImageOfPage\":{\"@id\":\"https:\/\/vieassociative.be\/actualites\/bvb-agace-la-baviere-munchner-mlle-le-chef-doeuvre\/#primaryimage\"},\"image\":{\"@id\":\"https:\/\/vieassociative.be\/actualites\/bvb-agace-la-baviere-munchner-mlle-le-chef-doeuvre\/#primaryimage\"},\"thumbnailUrl\":\"https:\/\/vieassociative.be\/actualites\/wp-content\/uploads\/2025\/04\/1744510703_BVB-agace-la-Baviere-Munchner-Mlle-le-chef-doeuvre.jpg\",\"datePublished\":\"2025-04-13T02:18:23+00:00\",\"dateModified\":\"2025-04-13T02:18:23+00:00\",\"breadcrumb\":{\"@id\":\"https:\/\/vieassociative.be\/actualites\/bvb-agace-la-baviere-munchner-mlle-le-chef-doeuvre\/#breadcrumb\"},\"inLanguage\":\"fr-BE\",\"potentialAction\":[{\"@type\":\"ReadAction\",\"target\":[\"https:\/\/vieassociative.be\/actualites\/bvb-agace-la-baviere-munchner-mlle-le-chef-doeuvre\/\"]}]},{\"@type\":\"ImageObject\",\"inLanguage\":\"fr-BE\",\"@id\":\"https:\/\/vieassociative.be\/actualites\/bvb-agace-la-baviere-munchner-mlle-le-chef-doeuvre\/#primaryimage\",\"url\":\"https:\/\/vieassociative.be\/actualites\/wp-content\/uploads\/2025\/04\/1744510703_BVB-agace-la-Baviere-Munchner-Mlle-le-chef-doeuvre.jpg\",\"contentUrl\":\"https:\/\/vieassociative.be\/actualites\/wp-content\/uploads\/2025\/04\/1744510703_BVB-agace-la-Baviere-Munchner-Mlle-le-chef-doeuvre.jpg\",\"width\":1200,\"height\":800,\"caption\":\"BVB agace la Bavi\u00e8re: M\u00fcnchner Mlle le chef-d'\u0153uvre\"},{\"@type\":\"BreadcrumbList\",\"@id\":\"https:\/\/vieassociative.be\/actualites\/bvb-agace-la-baviere-munchner-mlle-le-chef-doeuvre\/#breadcrumb\",\"itemListElement\":[{\"@type\":\"ListItem\",\"position\":1,\"name\":\"Accueil\",\"item\":\"https:\/\/vieassociative.be\/actualites\/\"},{\"@type\":\"ListItem\",\"position\":2,\"name\":\"BVB agace la Bavi\u00e8re: M\u00fcnchner Mlle le chef-d&rsquo;\u0153uvre\"}]},{\"@type\":\"WebSite\",\"@id\":\"https:\/\/vieassociative.be\/actualites\/#website\",\"url\":\"https:\/\/vieassociative.be\/actualites\/\",\"name\":\"Vie Associative\",\"description\":\"\",\"publisher\":{\"@id\":\"https:\/\/vieassociative.be\/actualites\/#organization\"},\"potentialAction\":[{\"@type\":\"SearchAction\",\"target\":{\"@type\":\"EntryPoint\",\"urlTemplate\":\"https:\/\/vieassociative.be\/actualites\/?s={search_term_string}\"},\"query-input\":{\"@type\":\"PropertyValueSpecification\",\"valueRequired\":true,\"valueName\":\"search_term_string\"}}],\"inLanguage\":\"fr-BE\"},{\"@type\":\"Organization\",\"@id\":\"https:\/\/vieassociative.be\/actualites\/#organization\",\"name\":\"Vie Associative\",\"url\":\"https:\/\/vieassociative.be\/actualites\/\",\"logo\":{\"@type\":\"ImageObject\",\"inLanguage\":\"fr-BE\",\"@id\":\"https:\/\/vieassociative.be\/actualites\/#\/schema\/logo\/image\/\",\"url\":\"https:\/\/vieassociative.be\/actualites\/wp-content\/uploads\/2024\/09\/cropped-vieassociative_favicon.ico.png\",\"contentUrl\":\"https:\/\/vieassociative.be\/actualites\/wp-content\/uploads\/2024\/09\/cropped-vieassociative_favicon.ico.png\",\"width\":512,\"height\":512,\"caption\":\"Vie Associative\"},\"image\":{\"@id\":\"https:\/\/vieassociative.be\/actualites\/#\/schema\/logo\/image\/\"}},{\"@type\":\"Person\",\"@id\":\"https:\/\/vieassociative.be\/actualites\/#\/schema\/person\/b87ac4f82f9d4e7b7cec7395b679edc4\",\"name\":\"Julien\",\"image\":{\"@type\":\"ImageObject\",\"inLanguage\":\"fr-BE\",\"@id\":\"https:\/\/vieassociative.be\/actualites\/#\/schema\/person\/image\/\",\"url\":\"https:\/\/vieassociative.be\/actualites\/wp-content\/uploads\/2024\/09\/vie-associative-1-150x150.jpg\",\"contentUrl\":\"https:\/\/vieassociative.be\/actualites\/wp-content\/uploads\/2024\/09\/vie-associative-1-150x150.jpg\",\"caption\":\"Julien\"},\"description\":\"Je suis Julien, r\u00e9dacteur pour Vie Associative. Passionn\u00e9 par le monde associatif depuis plus de 10 ans, j'ai \u00e0 c\u0153ur de partager des histoires inspirantes et de mettre en lumi\u00e8re les initiatives locales. Mon objectif est de sensibiliser et d'encourager l'engagement communautaire \u00e0 travers mes articles.\",\"sameAs\":[\"https:\/\/vieassociative.be\/\"]}]}<\/script>\n<!-- \/ Yoast SEO plugin. -->","yoast_head_json":{"title":"BVB agace la Bavi\u00e8re: M\u00fcnchner Mlle le chef-d'\u0153uvre | Vie Associative","robots":{"index":"index","follow":"follow","max-snippet":"max-snippet:-1","max-image-preview":"max-image-preview:large","max-video-preview":"max-video-preview:-1"},"canonical":"https:\/\/vieassociative.be\/actualites\/bvb-agace-la-baviere-munchner-mlle-le-chef-doeuvre\/","og_locale":"fr_FR","og_type":"article","og_title":"BVB agace la Bavi\u00e8re: M\u00fcnchner Mlle le chef-d'\u0153uvre | Vie Associative","og_description":"Le Cl\u00e1sico allemand n&rsquo;a pas la classe depuis longtemps. Ce n&rsquo;est que lorsque Dortmund prend les devants que le jeu prend une vitesse \u00e0 toute","og_url":"https:\/\/vieassociative.be\/actualites\/bvb-agace-la-baviere-munchner-mlle-le-chef-doeuvre\/","og_site_name":"Vie Associative","article_published_time":"2025-04-13T02:18:23+00:00","og_image":[{"width":279,"height":92,"url":"https:\/\/vieassociative.be\/actualites\/wp-content\/uploads\/2024\/09\/header_backgroundk-01-e1726694325946.png","type":"image\/png"}],"author":"Julien","twitter_card":"summary_large_image","twitter_misc":{"\u00c9crit par":"Julien","Dur\u00e9e de lecture est.":"3 minutes"},"schema":{"@context":"https:\/\/schema.org","@graph":[{"@type":"Article","@id":"https:\/\/vieassociative.be\/actualites\/bvb-agace-la-baviere-munchner-mlle-le-chef-doeuvre\/#article","isPartOf":{"@id":"https:\/\/vieassociative.be\/actualites\/bvb-agace-la-baviere-munchner-mlle-le-chef-doeuvre\/"},"author":{"name":"Julien","@id":"https:\/\/vieassociative.be\/actualites\/#\/schema\/person\/b87ac4f82f9d4e7b7cec7395b679edc4"},"headline":"BVB agace la Bavi\u00e8re: M\u00fcnchner Mlle le chef-d&rsquo;\u0153uvre","datePublished":"2025-04-13T02:18:23+00:00","dateModified":"2025-04-13T02:18:23+00:00","mainEntityOfPage":{"@id":"https:\/\/vieassociative.be\/actualites\/bvb-agace-la-baviere-munchner-mlle-le-chef-doeuvre\/"},"wordCount":688,"publisher":{"@id":"https:\/\/vieassociative.be\/actualites\/#organization"},"image":{"@id":"https:\/\/vieassociative.be\/actualites\/bvb-agace-la-baviere-munchner-mlle-le-chef-doeuvre\/#primaryimage"},"thumbnailUrl":"https:\/\/vieassociative.be\/actualites\/wp-content\/uploads\/2025\/04\/1744510703_BVB-agace-la-Baviere-Munchner-Mlle-le-chef-doeuvre.jpg","keywords":["agace","Bavi\u00e8re","BVB","chefd\u0153uvre","Mlle","M\u00fcnchner"],"articleSection":["Belgique"],"inLanguage":"fr-BE"},{"@type":"WebPage","@id":"https:\/\/vieassociative.be\/actualites\/bvb-agace-la-baviere-munchner-mlle-le-chef-doeuvre\/","url":"https:\/\/vieassociative.be\/actualites\/bvb-agace-la-baviere-munchner-mlle-le-chef-doeuvre\/","name":"BVB agace la Bavi\u00e8re: M\u00fcnchner Mlle le chef-d'\u0153uvre | Vie Associative","isPartOf":{"@id":"https:\/\/vieassociative.be\/actualites\/#website"},"primaryImageOfPage":{"@id":"https:\/\/vieassociative.be\/actualites\/bvb-agace-la-baviere-munchner-mlle-le-chef-doeuvre\/#primaryimage"},"image":{"@id":"https:\/\/vieassociative.be\/actualites\/bvb-agace-la-baviere-munchner-mlle-le-chef-doeuvre\/#primaryimage"},"thumbnailUrl":"https:\/\/vieassociative.be\/actualites\/wp-content\/uploads\/2025\/04\/1744510703_BVB-agace-la-Baviere-Munchner-Mlle-le-chef-doeuvre.jpg","datePublished":"2025-04-13T02:18:23+00:00","dateModified":"2025-04-13T02:18:23+00:00","breadcrumb":{"@id":"https:\/\/vieassociative.be\/actualites\/bvb-agace-la-baviere-munchner-mlle-le-chef-doeuvre\/#breadcrumb"},"inLanguage":"fr-BE","potentialAction":[{"@type":"ReadAction","target":["https:\/\/vieassociative.be\/actualites\/bvb-agace-la-baviere-munchner-mlle-le-chef-doeuvre\/"]}]},{"@type":"ImageObject","inLanguage":"fr-BE","@id":"https:\/\/vieassociative.be\/actualites\/bvb-agace-la-baviere-munchner-mlle-le-chef-doeuvre\/#primaryimage","url":"https:\/\/vieassociative.be\/actualites\/wp-content\/uploads\/2025\/04\/1744510703_BVB-agace-la-Baviere-Munchner-Mlle-le-chef-doeuvre.jpg","contentUrl":"https:\/\/vieassociative.be\/actualites\/wp-content\/uploads\/2025\/04\/1744510703_BVB-agace-la-Baviere-Munchner-Mlle-le-chef-doeuvre.jpg","width":1200,"height":800,"caption":"BVB agace la Bavi\u00e8re: M\u00fcnchner Mlle le chef-d'\u0153uvre"},{"@type":"BreadcrumbList","@id":"https:\/\/vieassociative.be\/actualites\/bvb-agace-la-baviere-munchner-mlle-le-chef-doeuvre\/#breadcrumb","itemListElement":[{"@type":"ListItem","position":1,"name":"Accueil","item":"https:\/\/vieassociative.be\/actualites\/"},{"@type":"ListItem","position":2,"name":"BVB agace la Bavi\u00e8re: M\u00fcnchner Mlle le chef-d&rsquo;\u0153uvre"}]},{"@type":"WebSite","@id":"https:\/\/vieassociative.be\/actualites\/#website","url":"https:\/\/vieassociative.be\/actualites\/","name":"Vie Associative","description":"","publisher":{"@id":"https:\/\/vieassociative.be\/actualites\/#organization"},"potentialAction":[{"@type":"SearchAction","target":{"@type":"EntryPoint","urlTemplate":"https:\/\/vieassociative.be\/actualites\/?s={search_term_string}"},"query-input":{"@type":"PropertyValueSpecification","valueRequired":true,"valueName":"search_term_string"}}],"inLanguage":"fr-BE"},{"@type":"Organization","@id":"https:\/\/vieassociative.be\/actualites\/#organization","name":"Vie Associative","url":"https:\/\/vieassociative.be\/actualites\/","logo":{"@type":"ImageObject","inLanguage":"fr-BE","@id":"https:\/\/vieassociative.be\/actualites\/#\/schema\/logo\/image\/","url":"https:\/\/vieassociative.be\/actualites\/wp-content\/uploads\/2024\/09\/cropped-vieassociative_favicon.ico.png","contentUrl":"https:\/\/vieassociative.be\/actualites\/wp-content\/uploads\/2024\/09\/cropped-vieassociative_favicon.ico.png","width":512,"height":512,"caption":"Vie Associative"},"image":{"@id":"https:\/\/vieassociative.be\/actualites\/#\/schema\/logo\/image\/"}},{"@type":"Person","@id":"https:\/\/vieassociative.be\/actualites\/#\/schema\/person\/b87ac4f82f9d4e7b7cec7395b679edc4","name":"Julien","image":{"@type":"ImageObject","inLanguage":"fr-BE","@id":"https:\/\/vieassociative.be\/actualites\/#\/schema\/person\/image\/","url":"https:\/\/vieassociative.be\/actualites\/wp-content\/uploads\/2024\/09\/vie-associative-1-150x150.jpg","contentUrl":"https:\/\/vieassociative.be\/actualites\/wp-content\/uploads\/2024\/09\/vie-associative-1-150x150.jpg","caption":"Julien"},"description":"Je suis Julien, r\u00e9dacteur pour Vie Associative. Passionn\u00e9 par le monde associatif depuis plus de 10 ans, j'ai \u00e0 c\u0153ur de partager des histoires inspirantes et de mettre en lumi\u00e8re les initiatives locales. Mon objectif est de sensibiliser et d'encourager l'engagement communautaire \u00e0 travers mes articles.","sameAs":["https:\/\/vieassociative.be\/"]}]}},"_links":{"self":[{"href":"https:\/\/vieassociative.be\/actualites\/wp-json\/wp\/v2\/posts\/6673"}],"collection":[{"href":"https:\/\/vieassociative.be\/actualites\/wp-json\/wp\/v2\/posts"}],"about":[{"href":"https:\/\/vieassociative.be\/actualites\/wp-json\/wp\/v2\/types\/post"}],"author":[{"embeddable":true,"href":"https:\/\/vieassociative.be\/actualites\/wp-json\/wp\/v2\/users\/1"}],"replies":[{"embeddable":true,"href":"https:\/\/vieassociative.be\/actualites\/wp-json\/wp\/v2\/comments?post=6673"}],"version-history":[{"count":0,"href":"https:\/\/vieassociative.be\/actualites\/wp-json\/wp\/v2\/posts\/6673\/revisions"}],"wp:featuredmedia":[{"embeddable":true,"href":"https:\/\/vieassociative.be\/actualites\/wp-json\/wp\/v2\/media\/6674"}],"wp:attachment":[{"href":"https:\/\/vieassociative.be\/actualites\/wp-json\/wp\/v2\/media?parent=6673"}],"wp:term":[{"taxonomy":"category","embeddable":true,"href":"https:\/\/vieassociative.be\/actualites\/wp-json\/wp\/v2\/categories?post=6673"},{"taxonomy":"post_tag","embeddable":true,"href":"https:\/\/vieassociative.be\/actualites\/wp-json\/wp\/v2\/tags?post=6673"}],"curies":[{"name":"wp","href":"https:\/\/api.w.org\/{rel}","templated":true}]}}