{"id":6665,"date":"2025-04-13T00:18:15","date_gmt":"2025-04-12T22:18:15","guid":{"rendered":"https:\/\/vieassociative.be\/actualites\/utilisez-votre-transport-de-mais-dete-pour-faire-des-elotes\/"},"modified":"2025-04-13T00:18:15","modified_gmt":"2025-04-12T22:18:15","slug":"utilisez-votre-transport-de-mais-dete-pour-faire-des-elotes","status":"publish","type":"post","link":"https:\/\/vieassociative.be\/actualites\/utilisez-votre-transport-de-mais-dete-pour-faire-des-elotes\/","title":{"rendered":"Utilisez votre transport de ma\u00efs d&rsquo;\u00e9t\u00e9 pour faire des \u00e9lotes"},"content":{"rendered":"<div class=\"mt-4 leading-6 md:mb-8\">Le ma\u00efs d&rsquo;\u00e9t\u00e9 est parfait, mais l&rsquo;habiller \u00e0 l&rsquo;occasion ne fait certainement pas de mal.<\/div>\n<p><\/p>\n<p>Manger du ma\u00efs en \u00e9pi chaque \u00e9t\u00e9 est l&rsquo;un de mes souvenirs d&rsquo;enfance plus importants. J&rsquo;ai grandi dans le New Jersey, et bien que personne n&rsquo;aime entendre de belles choses sur l&rsquo;endroit, il produit un excellent ma\u00efs sucr\u00e9. En effet, c&rsquo;est tellement g\u00e9nial que le beurre et le sel ressemblent plus \u00e0 des accessoires de rechange plut\u00f4t qu&rsquo;\u00e0 des n\u00e9cessit\u00e9s. Mais parfois, la perfection peut \u00eatre \u00e9lev\u00e9e et les \u00e9loges sont un excellent moyen de transformer votre ma\u00efs d&rsquo;\u00e9t\u00e9 en un grand \u00e9v\u00e9nement. <\/p>\n<p>Les \u00e9loges sont des oreilles d&rsquo;humbles de ma\u00efs, mais habill\u00e9es \u00e0 neuf. C&rsquo;est un plat mexicain pr\u00e9par\u00e9 avec des ingr\u00e9dients simples qui ont un grand impact sur la saveur. Vous pouvez faire griller le ma\u00efs, la vapeur ou le faire bouillir, et bien que vous trouverez des recettes qui en recommandent l&rsquo;une sur l&rsquo;autre, c&rsquo;est vraiment \u00e0 la hauteur de vos pr\u00e9f\u00e9rences. De toute \u00e9vidence, vous obtiendrez des saveurs suppl\u00e9mentaires avec des grillades, mais l&rsquo;\u00e9bullition et la vapeur sont des m\u00e9thodes beaucoup plus douces. Je pr\u00e9f\u00e8re l&rsquo;\u00e9bullition car je fais g\u00e9n\u00e9ralement de petits lots et il est facile d&rsquo;\u00e9viter de les trop couverts. <\/p>\n<h2 id=\"how-to-make-elotes\">Comment faire des \u00e9loges<\/h2>\n<p>Cuire autant d&rsquo;oreilles de ma\u00efs que vous le souhaitez dans le style que vous aimez. Une fois le ma\u00efs termin\u00e9, posez-le sur une grille pour refroidir. Cela lui donnera \u00e9galement une chance de s\u00e9cher si vous avez utilis\u00e9 une m\u00e9thode de cuisson aqueuse. Pressez le jus de citron vert dans un bol et ajoutez de la mayonnaise. Utilisez une brosse \u00e0 p\u00e2tisserie pour les m\u00e9langer et peindre la mayo acidul\u00e9e partout dans les \u00e9pis de ma\u00efs. Vous n&rsquo;avez pas besoin de trop de mayonnaise, mais assez pour construire une couche adh\u00e9sive pour le fromage. \u00c9mietter une fresque Queso, ou Cotija, sur une assiette. En travaillant un \u00e0 la fois, roulez le ma\u00efs dans le fromage \u00e9miett\u00e9. J&rsquo;aime utiliser une cuill\u00e8re pour presser le fromage sur des sections tenaces. R\u00e9p\u00e9tez avec les autres oreilles. <\/p>\n<p>C&rsquo;est aussi simple que cela &#8211; les Elotes sont termin\u00e9s. Vous pouvez terminer les oreilles avec de la poudre de chili, du sel ou de la coriandre hach\u00e9e, ou laisser des bols de garnitures pour que les gens le d\u00e9passent en fonction de la pr\u00e9f\u00e9rence. Si vous vivez dans un m\u00e9nage optimiste, essayez d&rsquo;utiliser du yaourt nature ou de la cr\u00e8me sure comme colle. Je recommande d&rsquo;utiliser une brosse \u00e0 p\u00e2tisserie pour ce travail; C&rsquo;est le plus facile et vous emp\u00eache de globbing sur la Mayo. Si vous n&rsquo;avez pas de brosse \u00e0 p\u00e2tisserie, obtenez-en un. Ce ne sont que quelques dollars. D&rsquo;ici l\u00e0, utilisez vos mains. \u00c9coutez, je n&rsquo;ai pas dit que ce serait joli. Si vous les avez, enfilez des gants en vinyle, mais si vous ne le faites pas, il y a toujours du savon et de l&rsquo;eau \u00e0 esp\u00e9rer.<\/p>\n<p>Les \u00e9loges sont sucr\u00e9s et sal\u00e9s, avec une bouff\u00e9e d&rsquo;acidit\u00e9. Le ma\u00efs n&rsquo;arr\u00eate jamais d&rsquo;\u00eatre l&rsquo;\u00e9v\u00e9nement principal &#8211; en fait, l&rsquo;effet cr\u00e9meux de la mayonnaise et du fromage met en \u00e9vidence la douceur des grains. Il est pr\u00e9f\u00e9rable de les consommer chauds et au moment o\u00f9 ils sont pr\u00e9par\u00e9s. Heureusement, ils sont faciles \u00e0 assembler et \u00e0 profiter m\u00eame dans un instant, c&rsquo;est exactement comme \u00e7a que je passe mes \u00e9t\u00e9s. <\/p>\n<h2 id=\"easy-elotes-recipe\">Recette Easy Elotes<\/h2>\n<p>Ingr\u00e9dients:<\/p>\n<div class=\"pogoClear relative my-10 border-b-(1.5px) border-t-(1.5px) border-dashed border-black py-5 sm:my-14 sm:border-0 sm:py-0\" x-cloak x-data=\"{ commentsCount: null }\" x-init=\"commentsCount = await window.openweb.getMessagesCount(118831)\" x-show=\"commentsCount !== null &amp;&amp; commentsCount &gt; 0\">\n<div class=\"absolute top-1\/2 hidden w-full -translate-y-1\/2 border-t-(1.5px) border-dashed border-black sm:block\"><\/div>\n<div class=\"relative flex justify-center\">\n<div class=\"flex max-w-max items-center gap-x-3 bg-white px-5\">\n<div class=\"relative\">\n                <span class=\"absolute left-1\/2 top-1\/2 -translate-x-1\/2 -translate-y-1\/2 font-akshar text-sm font-medium text-black\" x-text=\"commentsCount\"><\/span><\/p>\n<p>                <svg class=\"h-8 w-8 text-black\">\n                    <use href=\"http:\/\/lifehacker.com\/images\/icons\/spritemap.svg#sprite-chat-bubble\"><\/use>\n                <\/svg>\n            <\/div>\n<p>            <span class=\"text-sm font-medium text-black\">Que pensez-vous jusqu&rsquo;\u00e0 pr\u00e9sent? <button class=\"font-semibold text-brand-green underline hover:text-brand-green-700\" onclick=\"window.openweb.scrollToComments(118831)\">Publier un commentaire.<\/button><\/span>\n        <\/div>\n<\/p><\/div>\n<\/div>\n<ul>\n<li>\n<p>4 oreilles de ma\u00efs, priv\u00e9es et cuites<\/p>\n<\/li>\n<li>\n<p>1 cuill\u00e8re \u00e0 soupe de jus de citron vert frais<\/p>\n<\/li>\n<li>\n<p>\u00bc tasse de mayonnaise<\/p>\n<\/li>\n<li>\n<p>\u00bd tasse de fresque de Queso (ou de fromage cotija), \u00e9miett\u00e9<\/p>\n<\/li>\n<li>\n<p>Garniture: sel, coriandre hach\u00e9e, poudre de chili, quartiers de chaux suppl\u00e9mentaires<\/p>\n<\/li>\n<\/ul>\n<p>1. Dans un petit bol, m\u00e9langer le jus de citron vert avec la mayonnaise. Utilisez une brosse \u00e0 p\u00e2tisserie pour enrober soigneusement chaque oreille de ma\u00efs. <\/p>\n<p>2. Ajouter la fresque de Queso \u00e9miett\u00e9e \u00e0 une grande assiette. En travaillant un \u00e0 la fois, roulez chaque \u00e9pi dans le fromage pour enduire. R\u00e9p\u00e9tez ceci avec tout le ma\u00efs. <\/p>\n<p>3. Servir le ma\u00efs sur une assiette ou un plateau garni de plus de fromage \u00e9miett\u00e9, de coriandre hach\u00e9e, de sel et de poudre de chili avec des quartiers de citron vert sur le c\u00f4t\u00e9.<\/p>\n","protected":false},"excerpt":{"rendered":"<p>Le ma\u00efs d&rsquo;\u00e9t\u00e9 est parfait, mais l&rsquo;habiller \u00e0 l&rsquo;occasion ne fait certainement pas de mal. Manger du ma\u00efs en \u00e9pi chaque \u00e9t\u00e9 est l&rsquo;un de<\/p>\n","protected":false},"author":1,"featured_media":6666,"comment_status":"","ping_status":"","sticky":false,"template":"","format":"standard","meta":{"footnotes":""},"categories":[39],"tags":[29,122,6352,127,156,81,6351,105,8],"class_list":["post-6665","post","type-post","status-publish","format-standard","has-post-thumbnail","hentry","category-gastronomie","tag-des","tag-dete","tag-elotes","tag-faire","tag-mais","tag-pour","tag-transport","tag-utilisez","tag-votre","generate-columns","tablet-grid-50","mobile-grid-100","grid-parent","grid-33"],"yoast_head":"<!-- This site is optimized with the Yoast SEO plugin v24.0 - https:\/\/yoast.com\/wordpress\/plugins\/seo\/ -->\n<title>Utilisez votre transport de ma\u00efs d&#039;\u00e9t\u00e9 pour faire des \u00e9lotes | Vie Associative<\/title>\n<meta name=\"robots\" content=\"index, follow, max-snippet:-1, max-image-preview:large, max-video-preview:-1\" \/>\n<link rel=\"canonical\" href=\"https:\/\/vieassociative.be\/actualites\/utilisez-votre-transport-de-mais-dete-pour-faire-des-elotes\/\" \/>\n<meta property=\"og:locale\" content=\"fr_FR\" \/>\n<meta property=\"og:type\" content=\"article\" \/>\n<meta property=\"og:title\" content=\"Utilisez votre transport de ma\u00efs d&#039;\u00e9t\u00e9 pour faire des \u00e9lotes | Vie Associative\" \/>\n<meta property=\"og:description\" content=\"Le ma\u00efs d&rsquo;\u00e9t\u00e9 est parfait, mais l&rsquo;habiller \u00e0 l&rsquo;occasion ne fait certainement pas de mal. Manger du ma\u00efs en \u00e9pi chaque \u00e9t\u00e9 est l&rsquo;un de\" \/>\n<meta property=\"og:url\" content=\"https:\/\/vieassociative.be\/actualites\/utilisez-votre-transport-de-mais-dete-pour-faire-des-elotes\/\" \/>\n<meta property=\"og:site_name\" content=\"Vie Associative\" \/>\n<meta property=\"article:published_time\" content=\"2025-04-12T22:18:15+00:00\" \/>\n<meta property=\"og:image\" content=\"https:\/\/vieassociative.be\/actualites\/wp-content\/uploads\/2024\/09\/header_backgroundk-01-e1726694325946.png\" \/>\n\t<meta property=\"og:image:width\" content=\"279\" \/>\n\t<meta property=\"og:image:height\" content=\"92\" \/>\n\t<meta property=\"og:image:type\" content=\"image\/png\" \/>\n<meta name=\"author\" content=\"Julien\" \/>\n<meta name=\"twitter:card\" content=\"summary_large_image\" \/>\n<meta name=\"twitter:label1\" content=\"\u00c9crit par\" \/>\n\t<meta name=\"twitter:data1\" content=\"Julien\" \/>\n\t<meta name=\"twitter:label2\" content=\"Dur\u00e9e de lecture est.\" \/>\n\t<meta name=\"twitter:data2\" content=\"4 minutes\" \/>\n<script type=\"application\/ld+json\" class=\"yoast-schema-graph\">{\"@context\":\"https:\/\/schema.org\",\"@graph\":[{\"@type\":\"Article\",\"@id\":\"https:\/\/vieassociative.be\/actualites\/utilisez-votre-transport-de-mais-dete-pour-faire-des-elotes\/#article\",\"isPartOf\":{\"@id\":\"https:\/\/vieassociative.be\/actualites\/utilisez-votre-transport-de-mais-dete-pour-faire-des-elotes\/\"},\"author\":{\"name\":\"Julien\",\"@id\":\"https:\/\/vieassociative.be\/actualites\/#\/schema\/person\/b87ac4f82f9d4e7b7cec7395b679edc4\"},\"headline\":\"Utilisez votre transport de ma\u00efs d&rsquo;\u00e9t\u00e9 pour faire des \u00e9lotes\",\"datePublished\":\"2025-04-12T22:18:15+00:00\",\"dateModified\":\"2025-04-12T22:18:15+00:00\",\"mainEntityOfPage\":{\"@id\":\"https:\/\/vieassociative.be\/actualites\/utilisez-votre-transport-de-mais-dete-pour-faire-des-elotes\/\"},\"wordCount\":800,\"publisher\":{\"@id\":\"https:\/\/vieassociative.be\/actualites\/#organization\"},\"image\":{\"@id\":\"https:\/\/vieassociative.be\/actualites\/utilisez-votre-transport-de-mais-dete-pour-faire-des-elotes\/#primaryimage\"},\"thumbnailUrl\":\"https:\/\/vieassociative.be\/actualites\/wp-content\/uploads\/2025\/04\/Utilisez-votre-transport-de-mais-dete-pour-faire-des-elotes.jpg\",\"keywords\":[\"Des\",\"d\u00e9t\u00e9\",\"\u00e9lotes\",\"faire\",\"mais\",\"pour\",\"transport\",\"Utilisez\",\"votre\"],\"articleSection\":[\"Gastronomie\"],\"inLanguage\":\"fr-BE\"},{\"@type\":\"WebPage\",\"@id\":\"https:\/\/vieassociative.be\/actualites\/utilisez-votre-transport-de-mais-dete-pour-faire-des-elotes\/\",\"url\":\"https:\/\/vieassociative.be\/actualites\/utilisez-votre-transport-de-mais-dete-pour-faire-des-elotes\/\",\"name\":\"Utilisez votre transport de ma\u00efs d'\u00e9t\u00e9 pour faire des \u00e9lotes | Vie Associative\",\"isPartOf\":{\"@id\":\"https:\/\/vieassociative.be\/actualites\/#website\"},\"primaryImageOfPage\":{\"@id\":\"https:\/\/vieassociative.be\/actualites\/utilisez-votre-transport-de-mais-dete-pour-faire-des-elotes\/#primaryimage\"},\"image\":{\"@id\":\"https:\/\/vieassociative.be\/actualites\/utilisez-votre-transport-de-mais-dete-pour-faire-des-elotes\/#primaryimage\"},\"thumbnailUrl\":\"https:\/\/vieassociative.be\/actualites\/wp-content\/uploads\/2025\/04\/Utilisez-votre-transport-de-mais-dete-pour-faire-des-elotes.jpg\",\"datePublished\":\"2025-04-12T22:18:15+00:00\",\"dateModified\":\"2025-04-12T22:18:15+00:00\",\"breadcrumb\":{\"@id\":\"https:\/\/vieassociative.be\/actualites\/utilisez-votre-transport-de-mais-dete-pour-faire-des-elotes\/#breadcrumb\"},\"inLanguage\":\"fr-BE\",\"potentialAction\":[{\"@type\":\"ReadAction\",\"target\":[\"https:\/\/vieassociative.be\/actualites\/utilisez-votre-transport-de-mais-dete-pour-faire-des-elotes\/\"]}]},{\"@type\":\"ImageObject\",\"inLanguage\":\"fr-BE\",\"@id\":\"https:\/\/vieassociative.be\/actualites\/utilisez-votre-transport-de-mais-dete-pour-faire-des-elotes\/#primaryimage\",\"url\":\"https:\/\/vieassociative.be\/actualites\/wp-content\/uploads\/2025\/04\/Utilisez-votre-transport-de-mais-dete-pour-faire-des-elotes.jpg\",\"contentUrl\":\"https:\/\/vieassociative.be\/actualites\/wp-content\/uploads\/2025\/04\/Utilisez-votre-transport-de-mais-dete-pour-faire-des-elotes.jpg\",\"width\":1200,\"height\":675,\"caption\":\"Utilisez votre transport de ma\u00efs d'\u00e9t\u00e9 pour faire des \u00e9lotes\"},{\"@type\":\"BreadcrumbList\",\"@id\":\"https:\/\/vieassociative.be\/actualites\/utilisez-votre-transport-de-mais-dete-pour-faire-des-elotes\/#breadcrumb\",\"itemListElement\":[{\"@type\":\"ListItem\",\"position\":1,\"name\":\"Accueil\",\"item\":\"https:\/\/vieassociative.be\/actualites\/\"},{\"@type\":\"ListItem\",\"position\":2,\"name\":\"Utilisez votre transport de ma\u00efs d&rsquo;\u00e9t\u00e9 pour faire des \u00e9lotes\"}]},{\"@type\":\"WebSite\",\"@id\":\"https:\/\/vieassociative.be\/actualites\/#website\",\"url\":\"https:\/\/vieassociative.be\/actualites\/\",\"name\":\"Vie Associative\",\"description\":\"\",\"publisher\":{\"@id\":\"https:\/\/vieassociative.be\/actualites\/#organization\"},\"potentialAction\":[{\"@type\":\"SearchAction\",\"target\":{\"@type\":\"EntryPoint\",\"urlTemplate\":\"https:\/\/vieassociative.be\/actualites\/?s={search_term_string}\"},\"query-input\":{\"@type\":\"PropertyValueSpecification\",\"valueRequired\":true,\"valueName\":\"search_term_string\"}}],\"inLanguage\":\"fr-BE\"},{\"@type\":\"Organization\",\"@id\":\"https:\/\/vieassociative.be\/actualites\/#organization\",\"name\":\"Vie Associative\",\"url\":\"https:\/\/vieassociative.be\/actualites\/\",\"logo\":{\"@type\":\"ImageObject\",\"inLanguage\":\"fr-BE\",\"@id\":\"https:\/\/vieassociative.be\/actualites\/#\/schema\/logo\/image\/\",\"url\":\"https:\/\/vieassociative.be\/actualites\/wp-content\/uploads\/2024\/09\/cropped-vieassociative_favicon.ico.png\",\"contentUrl\":\"https:\/\/vieassociative.be\/actualites\/wp-content\/uploads\/2024\/09\/cropped-vieassociative_favicon.ico.png\",\"width\":512,\"height\":512,\"caption\":\"Vie Associative\"},\"image\":{\"@id\":\"https:\/\/vieassociative.be\/actualites\/#\/schema\/logo\/image\/\"}},{\"@type\":\"Person\",\"@id\":\"https:\/\/vieassociative.be\/actualites\/#\/schema\/person\/b87ac4f82f9d4e7b7cec7395b679edc4\",\"name\":\"Julien\",\"image\":{\"@type\":\"ImageObject\",\"inLanguage\":\"fr-BE\",\"@id\":\"https:\/\/vieassociative.be\/actualites\/#\/schema\/person\/image\/\",\"url\":\"https:\/\/vieassociative.be\/actualites\/wp-content\/uploads\/2024\/09\/vie-associative-1-150x150.jpg\",\"contentUrl\":\"https:\/\/vieassociative.be\/actualites\/wp-content\/uploads\/2024\/09\/vie-associative-1-150x150.jpg\",\"caption\":\"Julien\"},\"description\":\"Je suis Julien, r\u00e9dacteur pour Vie Associative. Passionn\u00e9 par le monde associatif depuis plus de 10 ans, j'ai \u00e0 c\u0153ur de partager des histoires inspirantes et de mettre en lumi\u00e8re les initiatives locales. Mon objectif est de sensibiliser et d'encourager l'engagement communautaire \u00e0 travers mes articles.\",\"sameAs\":[\"https:\/\/vieassociative.be\/\"]}]}<\/script>\n<!-- \/ Yoast SEO plugin. -->","yoast_head_json":{"title":"Utilisez votre transport de ma\u00efs d'\u00e9t\u00e9 pour faire des \u00e9lotes | Vie Associative","robots":{"index":"index","follow":"follow","max-snippet":"max-snippet:-1","max-image-preview":"max-image-preview:large","max-video-preview":"max-video-preview:-1"},"canonical":"https:\/\/vieassociative.be\/actualites\/utilisez-votre-transport-de-mais-dete-pour-faire-des-elotes\/","og_locale":"fr_FR","og_type":"article","og_title":"Utilisez votre transport de ma\u00efs d'\u00e9t\u00e9 pour faire des \u00e9lotes | Vie Associative","og_description":"Le ma\u00efs d&rsquo;\u00e9t\u00e9 est parfait, mais l&rsquo;habiller \u00e0 l&rsquo;occasion ne fait certainement pas de mal. Manger du ma\u00efs en \u00e9pi chaque \u00e9t\u00e9 est l&rsquo;un de","og_url":"https:\/\/vieassociative.be\/actualites\/utilisez-votre-transport-de-mais-dete-pour-faire-des-elotes\/","og_site_name":"Vie Associative","article_published_time":"2025-04-12T22:18:15+00:00","og_image":[{"width":279,"height":92,"url":"https:\/\/vieassociative.be\/actualites\/wp-content\/uploads\/2024\/09\/header_backgroundk-01-e1726694325946.png","type":"image\/png"}],"author":"Julien","twitter_card":"summary_large_image","twitter_misc":{"\u00c9crit par":"Julien","Dur\u00e9e de lecture est.":"4 minutes"},"schema":{"@context":"https:\/\/schema.org","@graph":[{"@type":"Article","@id":"https:\/\/vieassociative.be\/actualites\/utilisez-votre-transport-de-mais-dete-pour-faire-des-elotes\/#article","isPartOf":{"@id":"https:\/\/vieassociative.be\/actualites\/utilisez-votre-transport-de-mais-dete-pour-faire-des-elotes\/"},"author":{"name":"Julien","@id":"https:\/\/vieassociative.be\/actualites\/#\/schema\/person\/b87ac4f82f9d4e7b7cec7395b679edc4"},"headline":"Utilisez votre transport de ma\u00efs d&rsquo;\u00e9t\u00e9 pour faire des \u00e9lotes","datePublished":"2025-04-12T22:18:15+00:00","dateModified":"2025-04-12T22:18:15+00:00","mainEntityOfPage":{"@id":"https:\/\/vieassociative.be\/actualites\/utilisez-votre-transport-de-mais-dete-pour-faire-des-elotes\/"},"wordCount":800,"publisher":{"@id":"https:\/\/vieassociative.be\/actualites\/#organization"},"image":{"@id":"https:\/\/vieassociative.be\/actualites\/utilisez-votre-transport-de-mais-dete-pour-faire-des-elotes\/#primaryimage"},"thumbnailUrl":"https:\/\/vieassociative.be\/actualites\/wp-content\/uploads\/2025\/04\/Utilisez-votre-transport-de-mais-dete-pour-faire-des-elotes.jpg","keywords":["Des","d\u00e9t\u00e9","\u00e9lotes","faire","mais","pour","transport","Utilisez","votre"],"articleSection":["Gastronomie"],"inLanguage":"fr-BE"},{"@type":"WebPage","@id":"https:\/\/vieassociative.be\/actualites\/utilisez-votre-transport-de-mais-dete-pour-faire-des-elotes\/","url":"https:\/\/vieassociative.be\/actualites\/utilisez-votre-transport-de-mais-dete-pour-faire-des-elotes\/","name":"Utilisez votre transport de ma\u00efs d'\u00e9t\u00e9 pour faire des \u00e9lotes | Vie Associative","isPartOf":{"@id":"https:\/\/vieassociative.be\/actualites\/#website"},"primaryImageOfPage":{"@id":"https:\/\/vieassociative.be\/actualites\/utilisez-votre-transport-de-mais-dete-pour-faire-des-elotes\/#primaryimage"},"image":{"@id":"https:\/\/vieassociative.be\/actualites\/utilisez-votre-transport-de-mais-dete-pour-faire-des-elotes\/#primaryimage"},"thumbnailUrl":"https:\/\/vieassociative.be\/actualites\/wp-content\/uploads\/2025\/04\/Utilisez-votre-transport-de-mais-dete-pour-faire-des-elotes.jpg","datePublished":"2025-04-12T22:18:15+00:00","dateModified":"2025-04-12T22:18:15+00:00","breadcrumb":{"@id":"https:\/\/vieassociative.be\/actualites\/utilisez-votre-transport-de-mais-dete-pour-faire-des-elotes\/#breadcrumb"},"inLanguage":"fr-BE","potentialAction":[{"@type":"ReadAction","target":["https:\/\/vieassociative.be\/actualites\/utilisez-votre-transport-de-mais-dete-pour-faire-des-elotes\/"]}]},{"@type":"ImageObject","inLanguage":"fr-BE","@id":"https:\/\/vieassociative.be\/actualites\/utilisez-votre-transport-de-mais-dete-pour-faire-des-elotes\/#primaryimage","url":"https:\/\/vieassociative.be\/actualites\/wp-content\/uploads\/2025\/04\/Utilisez-votre-transport-de-mais-dete-pour-faire-des-elotes.jpg","contentUrl":"https:\/\/vieassociative.be\/actualites\/wp-content\/uploads\/2025\/04\/Utilisez-votre-transport-de-mais-dete-pour-faire-des-elotes.jpg","width":1200,"height":675,"caption":"Utilisez votre transport de ma\u00efs d'\u00e9t\u00e9 pour faire des \u00e9lotes"},{"@type":"BreadcrumbList","@id":"https:\/\/vieassociative.be\/actualites\/utilisez-votre-transport-de-mais-dete-pour-faire-des-elotes\/#breadcrumb","itemListElement":[{"@type":"ListItem","position":1,"name":"Accueil","item":"https:\/\/vieassociative.be\/actualites\/"},{"@type":"ListItem","position":2,"name":"Utilisez votre transport de ma\u00efs d&rsquo;\u00e9t\u00e9 pour faire des \u00e9lotes"}]},{"@type":"WebSite","@id":"https:\/\/vieassociative.be\/actualites\/#website","url":"https:\/\/vieassociative.be\/actualites\/","name":"Vie Associative","description":"","publisher":{"@id":"https:\/\/vieassociative.be\/actualites\/#organization"},"potentialAction":[{"@type":"SearchAction","target":{"@type":"EntryPoint","urlTemplate":"https:\/\/vieassociative.be\/actualites\/?s={search_term_string}"},"query-input":{"@type":"PropertyValueSpecification","valueRequired":true,"valueName":"search_term_string"}}],"inLanguage":"fr-BE"},{"@type":"Organization","@id":"https:\/\/vieassociative.be\/actualites\/#organization","name":"Vie Associative","url":"https:\/\/vieassociative.be\/actualites\/","logo":{"@type":"ImageObject","inLanguage":"fr-BE","@id":"https:\/\/vieassociative.be\/actualites\/#\/schema\/logo\/image\/","url":"https:\/\/vieassociative.be\/actualites\/wp-content\/uploads\/2024\/09\/cropped-vieassociative_favicon.ico.png","contentUrl":"https:\/\/vieassociative.be\/actualites\/wp-content\/uploads\/2024\/09\/cropped-vieassociative_favicon.ico.png","width":512,"height":512,"caption":"Vie Associative"},"image":{"@id":"https:\/\/vieassociative.be\/actualites\/#\/schema\/logo\/image\/"}},{"@type":"Person","@id":"https:\/\/vieassociative.be\/actualites\/#\/schema\/person\/b87ac4f82f9d4e7b7cec7395b679edc4","name":"Julien","image":{"@type":"ImageObject","inLanguage":"fr-BE","@id":"https:\/\/vieassociative.be\/actualites\/#\/schema\/person\/image\/","url":"https:\/\/vieassociative.be\/actualites\/wp-content\/uploads\/2024\/09\/vie-associative-1-150x150.jpg","contentUrl":"https:\/\/vieassociative.be\/actualites\/wp-content\/uploads\/2024\/09\/vie-associative-1-150x150.jpg","caption":"Julien"},"description":"Je suis Julien, r\u00e9dacteur pour Vie Associative. Passionn\u00e9 par le monde associatif depuis plus de 10 ans, j'ai \u00e0 c\u0153ur de partager des histoires inspirantes et de mettre en lumi\u00e8re les initiatives locales. Mon objectif est de sensibiliser et d'encourager l'engagement communautaire \u00e0 travers mes articles.","sameAs":["https:\/\/vieassociative.be\/"]}]}},"_links":{"self":[{"href":"https:\/\/vieassociative.be\/actualites\/wp-json\/wp\/v2\/posts\/6665"}],"collection":[{"href":"https:\/\/vieassociative.be\/actualites\/wp-json\/wp\/v2\/posts"}],"about":[{"href":"https:\/\/vieassociative.be\/actualites\/wp-json\/wp\/v2\/types\/post"}],"author":[{"embeddable":true,"href":"https:\/\/vieassociative.be\/actualites\/wp-json\/wp\/v2\/users\/1"}],"replies":[{"embeddable":true,"href":"https:\/\/vieassociative.be\/actualites\/wp-json\/wp\/v2\/comments?post=6665"}],"version-history":[{"count":0,"href":"https:\/\/vieassociative.be\/actualites\/wp-json\/wp\/v2\/posts\/6665\/revisions"}],"wp:featuredmedia":[{"embeddable":true,"href":"https:\/\/vieassociative.be\/actualites\/wp-json\/wp\/v2\/media\/6666"}],"wp:attachment":[{"href":"https:\/\/vieassociative.be\/actualites\/wp-json\/wp\/v2\/media?parent=6665"}],"wp:term":[{"taxonomy":"category","embeddable":true,"href":"https:\/\/vieassociative.be\/actualites\/wp-json\/wp\/v2\/categories?post=6665"},{"taxonomy":"post_tag","embeddable":true,"href":"https:\/\/vieassociative.be\/actualites\/wp-json\/wp\/v2\/tags?post=6665"}],"curies":[{"name":"wp","href":"https:\/\/api.w.org\/{rel}","templated":true}]}}