{"id":6663,"date":"2025-04-12T22:17:48","date_gmt":"2025-04-12T20:17:48","guid":{"rendered":"https:\/\/vieassociative.be\/actualites\/tadej-pogacar-pour-la-premiere-fois-dans-la-victoire-hell-of-the-north-une-victoire-legere-66-kg-lors-du-122e-classic-classic-paris-roubaix\/"},"modified":"2025-04-12T22:17:48","modified_gmt":"2025-04-12T20:17:48","slug":"tadej-pogacar-pour-la-premiere-fois-dans-la-victoire-hell-of-the-north-une-victoire-legere-66-kg-lors-du-122e-classic-classic-paris-roubaix","status":"publish","type":"post","link":"https:\/\/vieassociative.be\/actualites\/tadej-pogacar-pour-la-premiere-fois-dans-la-victoire-hell-of-the-north-une-victoire-legere-66-kg-lors-du-122e-classic-classic-paris-roubaix\/","title":{"rendered":"Tadej Pogacar pour la premi\u00e8re fois dans la victoire \u00ab\u00a0Hell of the North\u00a0\u00bb &#8211; une victoire l\u00e9g\u00e8re (66 kg) lors du 122e Classic Classic Paris-Roubaix?"},"content":{"rendered":"<p><strong>En tant que premier champion de la tourn\u00e9e en titre depuis Greg Lemond en 1991, Tadej Pogacar osait l&rsquo;aventure avec Paris-Roubaix. Le risque de chute est important sur les pav\u00e9s &#8211; surtout lorsqu&rsquo;il pleut.<\/strong><\/p>\n<p><span id=\"more-413293\"><\/span>Maintenant, la pluie? Lorsque Tadej Pogacar a fait ses d\u00e9buts \u00e0 la torture pav\u00e9e de Paris-Roubaix dimanche, la connaissance exceptionnelle pourrait conna\u00eetre toute la cruaut\u00e9 de l&rsquo;enfer du Nord.<\/p>\n<p>Selon les derni\u00e8res pr\u00e9visions en France, un changement de temps avec la pluie et le vent est attendu dimanche pour la 122e \u00e9dition de la course de v\u00e9lo, qui transformerait les pentes poussi\u00e9reuses en un parcours glissant.<\/p>\n<div id=\"attachment_381493\" class=\"wp-caption alignleft\" style=\"max-width: 300px\"><img fetchpriority=\"high\" decoding=\"async\" class=\"wp-image-381493 size-medium\" src=\"https:\/\/vieassociative.be\/actualites\/wp-content\/uploads\/2025\/04\/Tadej-Pogacar-pour-la-premiere-fois-dans-la-victoire-Hell.jpg\" alt=\"\" width=\"300\" height=\"200\"><\/p>\n<p class=\"wp-caption-text\">07\/07\/2024, France, Roubaix: le deuxi\u00e8me Jasper Philipsen (LR) de la Belgique de Team Alpecin-Deceuninck, le vainqueur Mathieu van der Poel des Pays-Bas de l&rsquo;\u00e9quipe Alpecin-Deceuninck et le troisi\u00e8me Mads Pedersen de Denmark de The Lidl-Trek Team Are the Podium. Photo: Jasper Jacobs \/ Belga \/ DPA<\/p>\n<\/div>\n<p>\u00ab\u00a0C&rsquo;est un nouveau territoire pour moi, mais je suis pr\u00eat pour le d\u00e9fi. Je pense que c&rsquo;est le bon moment. Avec cette forme que j&rsquo;ai juste, je devrais l&rsquo;essayer\u00a0\u00bb, a d\u00e9clar\u00e9 le champion du monde, qui n&rsquo;a pris qu&rsquo;un autre triomphe impressionnant de la tourn\u00e9e de la Flandre dimanche dernier.<\/p>\n<p><strong>&#8211; Records en formation:<\/strong> Pogacar est s\u00e9rieux au sujet de ses ambitions avec la reine de tous les classiques. R\u00e9cemment, lors d&rsquo;un voyage d&rsquo;entra\u00eenement de 213 kilom\u00e8tres, il a ma\u00eetris\u00e9 presque tous les 30 secteurs pav\u00e9s &#8211; les soi-disant pav\u00e9s et ont \u00e9galement \u00e9tabli plusieurs records sur les sections individuelles.<\/p>\n<p>Pogacar typique. Sur les cinq monuments du cyclisme, c&rsquo;est-\u00e0-dire les courses une journ\u00e9e les plus importantes au monde, la star de Wheels Slov\u00e8ne n&rsquo;a toujours pas la victoire \u00e0 Roubaix dans sa collection de troph\u00e9es consid\u00e9rable &#8211; juste comme Milan-Sanremo, o\u00f9 il a \u00e9t\u00e9 troisi\u00e8me jusqu&rsquo;\u00e0 pr\u00e9sent.<\/p>\n<p>\u00ab\u00a0Je veux juste acqu\u00e9rir toute l&rsquo;exp\u00e9rience et tirer le meilleur parti du v\u00e9lo afin de ne pas avoir \u00e0 regretter quoi que ce soit \u00e0 la retraite\u00a0\u00bb, Pogacar d\u00e9crit sa faim de succ\u00e8s sans fin. Les victoires sur les grandes tourn\u00e9es telles que le Tour de France et le Giro d&rsquo;Italia n&rsquo;ont pas \u00e9t\u00e9 suffisantes pour le joueur de 26 ans depuis longtemps.<\/p>\n<p><strong>&#8211; avec 66 kilogrammes sur les pav\u00e9s:<\/strong> Brave ou fou? En tant que poids l\u00e9ger, le Pogacar, qui ne p\u00e8se que 66 kilogrammes avec les stars classiques robustes Mathieu van der Poel (Pays-Bas), les Mads Pedersen (Danemark) ou Wout Van Aert (Belgique) sur les pav\u00e9s des Napol\u00e9ons. Et cela peut \u00eatre sous la pluie. \u00ab\u00a0Ce ne serait plus la m\u00eame histoire\u00a0\u00bb, explique le patron de l&rsquo;\u00e9quipe de Pogacar, Mauro Gianetti, qui avait tent\u00e9 en vain de garder son capitaine du projet.<\/p>\n<div id=\"attachment_413301\" class=\"wp-caption alignleft\" style=\"max-width: 300px\"><img decoding=\"async\" class=\"wp-image-413301 size-medium\" src=\"https:\/\/vieassociative.be\/actualites\/wp-content\/uploads\/2025\/04\/1744489068_197_Tadej-Pogacar-pour-la-premiere-fois-dans-la-victoire-Hell.jpg\" alt=\"\" width=\"300\" height=\"200\"><\/p>\n<p class=\"wp-caption-text\">03.10.2021, France, Roubaix: Sonny Colbrelli (M) de l&rsquo;Italie de l&rsquo;\u00e9quipe Bahrain Victorious remporte la course devant Mathieu van der Poel (L) des Pays-Bas de l&rsquo;\u00e9quipe Alpecine-Fenix \u200b\u200bet Florian Vermeresch du Belgique du Lotto Soudal. Photo: David Stockman \/ Belga \/ DPA<\/p>\n<\/div>\n<p>\u00ab\u00a0Une grave chute pourrait mettre en danger le Tour de France ou toute la saison\u00a0\u00bb, pr\u00e9vient Gianetti des dangers tels que la for\u00eat notoire d&rsquo;Arenberg, o\u00f9 le roi classique Johan Museuw a une fois bris\u00e9 le genou. Consid\u00e9rez les pr\u00e9occupations que Pogacar essuie de c\u00f4t\u00e9: \u00ab\u00a0Cela ne semble pas \u00eatre plus dangereux qu&rsquo;un sprint sur les premi\u00e8res \u00e9tapes du Tour de France.\u00a0\u00bb La derni\u00e8re \u00e9dition de pluie de la course avec des conditions chaotiques a pr\u00e9c\u00e9demment remport\u00e9 le Sonny Colbrelli italien en 2021.<\/p>\n<p><strong>&#8211; Fort de pr\u00e9sentation au Tour 2022:<\/strong> Pogacar a d\u00e9j\u00e0 acquis un peu d&rsquo;exp\u00e9rience sur les routes de terre fran\u00e7aises. En 2015 et 2016, il a particip\u00e9 \u00e0 la course junior, mais n&rsquo;a pas obtenu le top dix. Au stade pav\u00e9 du Tour de France 2022, Pogacar savait comment convaincre le septi\u00e8me, tandis que dans l&rsquo;\u00e9quipe de Visma autour de son rival Jonas Vingegaard Chaos.<\/p>\n<p>Mais la course d&rsquo;un jour est beaucoup plus difficile. 55,3 des 259,2 kilom\u00e8tres mettent sur les pierres saccad\u00e9es qui sont presque aussi grandes que des rochers. Il n&rsquo;y a aucune ascension sur laquelle l&rsquo;escalade du roi Pogacar pourrait faire la diff\u00e9rence. Le coll\u00e8gue de l&rsquo;\u00e9quipe Nils Polit, l&rsquo;\u00e9quipe de Cologne avec le grand moteur, qui \u00e9tait d\u00e9j\u00e0 deuxi\u00e8me (2019) et quatri\u00e8me (2024) \u00e0 Roubaix, devrait l&rsquo;aider.<\/p>\n<p>En tout cas, Pogacar a \u00e9t\u00e9 le premier professionnel du cyclisme depuis l&rsquo;Am\u00e9ricain Greg Lemond en 1991, qui en tant que champion de la tourn\u00e9e de France aborde l&rsquo;aventure \u00e0 Paris-Roubaix. Le dernier vainqueur sortant du France Tour, qui a ensuite \u00e9t\u00e9 \u00e9galement autoris\u00e9 \u00e0 encourager la pente en b\u00e9ton \u00e0 Roubaix, a \u00e9t\u00e9 Eddy Merckx 1973. Des sph\u00e8res dans lesquelles Pogacar a depuis longtemps d\u00e9m\u00e9nag\u00e9. (DPA)<\/p>\n","protected":false},"excerpt":{"rendered":"<p>En tant que premier champion de la tourn\u00e9e en titre depuis Greg Lemond en 1991, Tadej Pogacar osait l&rsquo;aventure avec Paris-Roubaix. Le risque de chute<\/p>\n","protected":false},"author":1,"featured_media":6664,"comment_status":"","ping_status":"","sticky":false,"template":"","format":"standard","meta":{"footnotes":""},"categories":[298],"tags":[6349,4368,166,774,6346,6348,353,6347,6350,5976,81,610,6345,110,784],"class_list":["post-6663","post","type-post","status-publish","format-standard","has-post-thumbnail","hentry","category-belgique","tag-122e","tag-classic","tag-dans","tag-fois","tag-hell","tag-legere","tag-lors","tag-north","tag-parisroubaix","tag-pogacar","tag-pour","tag-premiere","tag-tadej","tag-une","tag-victoire","generate-columns","tablet-grid-50","mobile-grid-100","grid-parent","grid-33"],"yoast_head":"<!-- This site is optimized with the Yoast SEO plugin v24.0 - https:\/\/yoast.com\/wordpress\/plugins\/seo\/ -->\n<title>Tadej Pogacar pour la premi\u00e8re fois dans la victoire &quot;Hell of the North&quot; - une victoire l\u00e9g\u00e8re (66 kg) lors du 122e Classic Classic Paris-Roubaix? | Vie Associative<\/title>\n<meta name=\"robots\" content=\"index, follow, max-snippet:-1, max-image-preview:large, max-video-preview:-1\" \/>\n<link rel=\"canonical\" href=\"https:\/\/vieassociative.be\/actualites\/tadej-pogacar-pour-la-premiere-fois-dans-la-victoire-hell-of-the-north-une-victoire-legere-66-kg-lors-du-122e-classic-classic-paris-roubaix\/\" \/>\n<meta property=\"og:locale\" content=\"fr_FR\" \/>\n<meta property=\"og:type\" content=\"article\" \/>\n<meta property=\"og:title\" content=\"Tadej Pogacar pour la premi\u00e8re fois dans la victoire &quot;Hell of the North&quot; - une victoire l\u00e9g\u00e8re (66 kg) lors du 122e Classic Classic Paris-Roubaix? | Vie Associative\" \/>\n<meta property=\"og:description\" content=\"En tant que premier champion de la tourn\u00e9e en titre depuis Greg Lemond en 1991, Tadej Pogacar osait l&rsquo;aventure avec Paris-Roubaix. Le risque de chute\" \/>\n<meta property=\"og:url\" content=\"https:\/\/vieassociative.be\/actualites\/tadej-pogacar-pour-la-premiere-fois-dans-la-victoire-hell-of-the-north-une-victoire-legere-66-kg-lors-du-122e-classic-classic-paris-roubaix\/\" \/>\n<meta property=\"og:site_name\" content=\"Vie Associative\" \/>\n<meta property=\"article:published_time\" content=\"2025-04-12T20:17:48+00:00\" \/>\n<meta property=\"og:image\" content=\"https:\/\/vieassociative.be\/actualites\/wp-content\/uploads\/2024\/09\/header_backgroundk-01-e1726694325946.png\" \/>\n\t<meta property=\"og:image:width\" content=\"279\" \/>\n\t<meta property=\"og:image:height\" content=\"92\" \/>\n\t<meta property=\"og:image:type\" content=\"image\/png\" \/>\n<meta name=\"author\" content=\"Julien\" \/>\n<meta name=\"twitter:card\" content=\"summary_large_image\" \/>\n<meta name=\"twitter:label1\" content=\"\u00c9crit par\" \/>\n\t<meta name=\"twitter:data1\" content=\"Julien\" \/>\n\t<meta name=\"twitter:label2\" content=\"Dur\u00e9e de lecture est.\" \/>\n\t<meta name=\"twitter:data2\" content=\"4 minutes\" \/>\n<script type=\"application\/ld+json\" class=\"yoast-schema-graph\">{\"@context\":\"https:\/\/schema.org\",\"@graph\":[{\"@type\":\"Article\",\"@id\":\"https:\/\/vieassociative.be\/actualites\/tadej-pogacar-pour-la-premiere-fois-dans-la-victoire-hell-of-the-north-une-victoire-legere-66-kg-lors-du-122e-classic-classic-paris-roubaix\/#article\",\"isPartOf\":{\"@id\":\"https:\/\/vieassociative.be\/actualites\/tadej-pogacar-pour-la-premiere-fois-dans-la-victoire-hell-of-the-north-une-victoire-legere-66-kg-lors-du-122e-classic-classic-paris-roubaix\/\"},\"author\":{\"name\":\"Julien\",\"@id\":\"https:\/\/vieassociative.be\/actualites\/#\/schema\/person\/b87ac4f82f9d4e7b7cec7395b679edc4\"},\"headline\":\"Tadej Pogacar pour la premi\u00e8re fois dans la victoire \u00ab\u00a0Hell of the North\u00a0\u00bb &#8211; une victoire l\u00e9g\u00e8re (66 kg) lors du 122e Classic Classic Paris-Roubaix?\",\"datePublished\":\"2025-04-12T20:17:48+00:00\",\"dateModified\":\"2025-04-12T20:17:48+00:00\",\"mainEntityOfPage\":{\"@id\":\"https:\/\/vieassociative.be\/actualites\/tadej-pogacar-pour-la-premiere-fois-dans-la-victoire-hell-of-the-north-une-victoire-legere-66-kg-lors-du-122e-classic-classic-paris-roubaix\/\"},\"wordCount\":856,\"publisher\":{\"@id\":\"https:\/\/vieassociative.be\/actualites\/#organization\"},\"image\":{\"@id\":\"https:\/\/vieassociative.be\/actualites\/tadej-pogacar-pour-la-premiere-fois-dans-la-victoire-hell-of-the-north-une-victoire-legere-66-kg-lors-du-122e-classic-classic-paris-roubaix\/#primaryimage\"},\"thumbnailUrl\":\"https:\/\/vieassociative.be\/actualites\/wp-content\/uploads\/2025\/04\/1744489069_Tadej-Pogacar-pour-la-premiere-fois-dans-la-victoire-Hell.jpg\",\"keywords\":[\"122e\",\"Classic\",\"dans\",\"fois\",\"Hell\",\"l\u00e9g\u00e8re\",\"lors\",\"North\",\"ParisRoubaix\",\"Pogacar\",\"pour\",\"premi\u00e8re\",\"Tadej\",\"une\",\"victoire\"],\"articleSection\":[\"Belgique\"],\"inLanguage\":\"fr-BE\"},{\"@type\":\"WebPage\",\"@id\":\"https:\/\/vieassociative.be\/actualites\/tadej-pogacar-pour-la-premiere-fois-dans-la-victoire-hell-of-the-north-une-victoire-legere-66-kg-lors-du-122e-classic-classic-paris-roubaix\/\",\"url\":\"https:\/\/vieassociative.be\/actualites\/tadej-pogacar-pour-la-premiere-fois-dans-la-victoire-hell-of-the-north-une-victoire-legere-66-kg-lors-du-122e-classic-classic-paris-roubaix\/\",\"name\":\"Tadej Pogacar pour la premi\u00e8re fois dans la victoire \\\"Hell of the North\\\" - une victoire l\u00e9g\u00e8re (66 kg) lors du 122e Classic Classic Paris-Roubaix? | Vie Associative\",\"isPartOf\":{\"@id\":\"https:\/\/vieassociative.be\/actualites\/#website\"},\"primaryImageOfPage\":{\"@id\":\"https:\/\/vieassociative.be\/actualites\/tadej-pogacar-pour-la-premiere-fois-dans-la-victoire-hell-of-the-north-une-victoire-legere-66-kg-lors-du-122e-classic-classic-paris-roubaix\/#primaryimage\"},\"image\":{\"@id\":\"https:\/\/vieassociative.be\/actualites\/tadej-pogacar-pour-la-premiere-fois-dans-la-victoire-hell-of-the-north-une-victoire-legere-66-kg-lors-du-122e-classic-classic-paris-roubaix\/#primaryimage\"},\"thumbnailUrl\":\"https:\/\/vieassociative.be\/actualites\/wp-content\/uploads\/2025\/04\/1744489069_Tadej-Pogacar-pour-la-premiere-fois-dans-la-victoire-Hell.jpg\",\"datePublished\":\"2025-04-12T20:17:48+00:00\",\"dateModified\":\"2025-04-12T20:17:48+00:00\",\"breadcrumb\":{\"@id\":\"https:\/\/vieassociative.be\/actualites\/tadej-pogacar-pour-la-premiere-fois-dans-la-victoire-hell-of-the-north-une-victoire-legere-66-kg-lors-du-122e-classic-classic-paris-roubaix\/#breadcrumb\"},\"inLanguage\":\"fr-BE\",\"potentialAction\":[{\"@type\":\"ReadAction\",\"target\":[\"https:\/\/vieassociative.be\/actualites\/tadej-pogacar-pour-la-premiere-fois-dans-la-victoire-hell-of-the-north-une-victoire-legere-66-kg-lors-du-122e-classic-classic-paris-roubaix\/\"]}]},{\"@type\":\"ImageObject\",\"inLanguage\":\"fr-BE\",\"@id\":\"https:\/\/vieassociative.be\/actualites\/tadej-pogacar-pour-la-premiere-fois-dans-la-victoire-hell-of-the-north-une-victoire-legere-66-kg-lors-du-122e-classic-classic-paris-roubaix\/#primaryimage\",\"url\":\"https:\/\/vieassociative.be\/actualites\/wp-content\/uploads\/2025\/04\/1744489069_Tadej-Pogacar-pour-la-premiere-fois-dans-la-victoire-Hell.jpg\",\"contentUrl\":\"https:\/\/vieassociative.be\/actualites\/wp-content\/uploads\/2025\/04\/1744489069_Tadej-Pogacar-pour-la-premiere-fois-dans-la-victoire-Hell.jpg\",\"width\":1200,\"height\":800,\"caption\":\"Tadej Pogacar pour la premi\u00e8re fois dans la victoire \\\"Hell of the North\\\" - une victoire l\u00e9g\u00e8re (66 kg) lors du 122e Classic Classic Paris-Roubaix?\"},{\"@type\":\"BreadcrumbList\",\"@id\":\"https:\/\/vieassociative.be\/actualites\/tadej-pogacar-pour-la-premiere-fois-dans-la-victoire-hell-of-the-north-une-victoire-legere-66-kg-lors-du-122e-classic-classic-paris-roubaix\/#breadcrumb\",\"itemListElement\":[{\"@type\":\"ListItem\",\"position\":1,\"name\":\"Accueil\",\"item\":\"https:\/\/vieassociative.be\/actualites\/\"},{\"@type\":\"ListItem\",\"position\":2,\"name\":\"Tadej Pogacar pour la premi\u00e8re fois dans la victoire \u00ab\u00a0Hell of the North\u00a0\u00bb &#8211; une victoire l\u00e9g\u00e8re (66 kg) lors du 122e Classic Classic Paris-Roubaix?\"}]},{\"@type\":\"WebSite\",\"@id\":\"https:\/\/vieassociative.be\/actualites\/#website\",\"url\":\"https:\/\/vieassociative.be\/actualites\/\",\"name\":\"Vie Associative\",\"description\":\"\",\"publisher\":{\"@id\":\"https:\/\/vieassociative.be\/actualites\/#organization\"},\"potentialAction\":[{\"@type\":\"SearchAction\",\"target\":{\"@type\":\"EntryPoint\",\"urlTemplate\":\"https:\/\/vieassociative.be\/actualites\/?s={search_term_string}\"},\"query-input\":{\"@type\":\"PropertyValueSpecification\",\"valueRequired\":true,\"valueName\":\"search_term_string\"}}],\"inLanguage\":\"fr-BE\"},{\"@type\":\"Organization\",\"@id\":\"https:\/\/vieassociative.be\/actualites\/#organization\",\"name\":\"Vie Associative\",\"url\":\"https:\/\/vieassociative.be\/actualites\/\",\"logo\":{\"@type\":\"ImageObject\",\"inLanguage\":\"fr-BE\",\"@id\":\"https:\/\/vieassociative.be\/actualites\/#\/schema\/logo\/image\/\",\"url\":\"https:\/\/vieassociative.be\/actualites\/wp-content\/uploads\/2024\/09\/cropped-vieassociative_favicon.ico.png\",\"contentUrl\":\"https:\/\/vieassociative.be\/actualites\/wp-content\/uploads\/2024\/09\/cropped-vieassociative_favicon.ico.png\",\"width\":512,\"height\":512,\"caption\":\"Vie Associative\"},\"image\":{\"@id\":\"https:\/\/vieassociative.be\/actualites\/#\/schema\/logo\/image\/\"}},{\"@type\":\"Person\",\"@id\":\"https:\/\/vieassociative.be\/actualites\/#\/schema\/person\/b87ac4f82f9d4e7b7cec7395b679edc4\",\"name\":\"Julien\",\"image\":{\"@type\":\"ImageObject\",\"inLanguage\":\"fr-BE\",\"@id\":\"https:\/\/vieassociative.be\/actualites\/#\/schema\/person\/image\/\",\"url\":\"https:\/\/vieassociative.be\/actualites\/wp-content\/uploads\/2024\/09\/vie-associative-1-150x150.jpg\",\"contentUrl\":\"https:\/\/vieassociative.be\/actualites\/wp-content\/uploads\/2024\/09\/vie-associative-1-150x150.jpg\",\"caption\":\"Julien\"},\"description\":\"Je suis Julien, r\u00e9dacteur pour Vie Associative. Passionn\u00e9 par le monde associatif depuis plus de 10 ans, j'ai \u00e0 c\u0153ur de partager des histoires inspirantes et de mettre en lumi\u00e8re les initiatives locales. Mon objectif est de sensibiliser et d'encourager l'engagement communautaire \u00e0 travers mes articles.\",\"sameAs\":[\"https:\/\/vieassociative.be\/\"]}]}<\/script>\n<!-- \/ Yoast SEO plugin. -->","yoast_head_json":{"title":"Tadej Pogacar pour la premi\u00e8re fois dans la victoire \"Hell of the North\" - une victoire l\u00e9g\u00e8re (66 kg) lors du 122e Classic Classic Paris-Roubaix? | Vie Associative","robots":{"index":"index","follow":"follow","max-snippet":"max-snippet:-1","max-image-preview":"max-image-preview:large","max-video-preview":"max-video-preview:-1"},"canonical":"https:\/\/vieassociative.be\/actualites\/tadej-pogacar-pour-la-premiere-fois-dans-la-victoire-hell-of-the-north-une-victoire-legere-66-kg-lors-du-122e-classic-classic-paris-roubaix\/","og_locale":"fr_FR","og_type":"article","og_title":"Tadej Pogacar pour la premi\u00e8re fois dans la victoire \"Hell of the North\" - une victoire l\u00e9g\u00e8re (66 kg) lors du 122e Classic Classic Paris-Roubaix? | Vie Associative","og_description":"En tant que premier champion de la tourn\u00e9e en titre depuis Greg Lemond en 1991, Tadej Pogacar osait l&rsquo;aventure avec Paris-Roubaix. Le risque de chute","og_url":"https:\/\/vieassociative.be\/actualites\/tadej-pogacar-pour-la-premiere-fois-dans-la-victoire-hell-of-the-north-une-victoire-legere-66-kg-lors-du-122e-classic-classic-paris-roubaix\/","og_site_name":"Vie Associative","article_published_time":"2025-04-12T20:17:48+00:00","og_image":[{"width":279,"height":92,"url":"https:\/\/vieassociative.be\/actualites\/wp-content\/uploads\/2024\/09\/header_backgroundk-01-e1726694325946.png","type":"image\/png"}],"author":"Julien","twitter_card":"summary_large_image","twitter_misc":{"\u00c9crit par":"Julien","Dur\u00e9e de lecture est.":"4 minutes"},"schema":{"@context":"https:\/\/schema.org","@graph":[{"@type":"Article","@id":"https:\/\/vieassociative.be\/actualites\/tadej-pogacar-pour-la-premiere-fois-dans-la-victoire-hell-of-the-north-une-victoire-legere-66-kg-lors-du-122e-classic-classic-paris-roubaix\/#article","isPartOf":{"@id":"https:\/\/vieassociative.be\/actualites\/tadej-pogacar-pour-la-premiere-fois-dans-la-victoire-hell-of-the-north-une-victoire-legere-66-kg-lors-du-122e-classic-classic-paris-roubaix\/"},"author":{"name":"Julien","@id":"https:\/\/vieassociative.be\/actualites\/#\/schema\/person\/b87ac4f82f9d4e7b7cec7395b679edc4"},"headline":"Tadej Pogacar pour la premi\u00e8re fois dans la victoire \u00ab\u00a0Hell of the North\u00a0\u00bb &#8211; une victoire l\u00e9g\u00e8re (66 kg) lors du 122e Classic Classic Paris-Roubaix?","datePublished":"2025-04-12T20:17:48+00:00","dateModified":"2025-04-12T20:17:48+00:00","mainEntityOfPage":{"@id":"https:\/\/vieassociative.be\/actualites\/tadej-pogacar-pour-la-premiere-fois-dans-la-victoire-hell-of-the-north-une-victoire-legere-66-kg-lors-du-122e-classic-classic-paris-roubaix\/"},"wordCount":856,"publisher":{"@id":"https:\/\/vieassociative.be\/actualites\/#organization"},"image":{"@id":"https:\/\/vieassociative.be\/actualites\/tadej-pogacar-pour-la-premiere-fois-dans-la-victoire-hell-of-the-north-une-victoire-legere-66-kg-lors-du-122e-classic-classic-paris-roubaix\/#primaryimage"},"thumbnailUrl":"https:\/\/vieassociative.be\/actualites\/wp-content\/uploads\/2025\/04\/1744489069_Tadej-Pogacar-pour-la-premiere-fois-dans-la-victoire-Hell.jpg","keywords":["122e","Classic","dans","fois","Hell","l\u00e9g\u00e8re","lors","North","ParisRoubaix","Pogacar","pour","premi\u00e8re","Tadej","une","victoire"],"articleSection":["Belgique"],"inLanguage":"fr-BE"},{"@type":"WebPage","@id":"https:\/\/vieassociative.be\/actualites\/tadej-pogacar-pour-la-premiere-fois-dans-la-victoire-hell-of-the-north-une-victoire-legere-66-kg-lors-du-122e-classic-classic-paris-roubaix\/","url":"https:\/\/vieassociative.be\/actualites\/tadej-pogacar-pour-la-premiere-fois-dans-la-victoire-hell-of-the-north-une-victoire-legere-66-kg-lors-du-122e-classic-classic-paris-roubaix\/","name":"Tadej Pogacar pour la premi\u00e8re fois dans la victoire \"Hell of the North\" - une victoire l\u00e9g\u00e8re (66 kg) lors du 122e Classic Classic Paris-Roubaix? | Vie Associative","isPartOf":{"@id":"https:\/\/vieassociative.be\/actualites\/#website"},"primaryImageOfPage":{"@id":"https:\/\/vieassociative.be\/actualites\/tadej-pogacar-pour-la-premiere-fois-dans-la-victoire-hell-of-the-north-une-victoire-legere-66-kg-lors-du-122e-classic-classic-paris-roubaix\/#primaryimage"},"image":{"@id":"https:\/\/vieassociative.be\/actualites\/tadej-pogacar-pour-la-premiere-fois-dans-la-victoire-hell-of-the-north-une-victoire-legere-66-kg-lors-du-122e-classic-classic-paris-roubaix\/#primaryimage"},"thumbnailUrl":"https:\/\/vieassociative.be\/actualites\/wp-content\/uploads\/2025\/04\/1744489069_Tadej-Pogacar-pour-la-premiere-fois-dans-la-victoire-Hell.jpg","datePublished":"2025-04-12T20:17:48+00:00","dateModified":"2025-04-12T20:17:48+00:00","breadcrumb":{"@id":"https:\/\/vieassociative.be\/actualites\/tadej-pogacar-pour-la-premiere-fois-dans-la-victoire-hell-of-the-north-une-victoire-legere-66-kg-lors-du-122e-classic-classic-paris-roubaix\/#breadcrumb"},"inLanguage":"fr-BE","potentialAction":[{"@type":"ReadAction","target":["https:\/\/vieassociative.be\/actualites\/tadej-pogacar-pour-la-premiere-fois-dans-la-victoire-hell-of-the-north-une-victoire-legere-66-kg-lors-du-122e-classic-classic-paris-roubaix\/"]}]},{"@type":"ImageObject","inLanguage":"fr-BE","@id":"https:\/\/vieassociative.be\/actualites\/tadej-pogacar-pour-la-premiere-fois-dans-la-victoire-hell-of-the-north-une-victoire-legere-66-kg-lors-du-122e-classic-classic-paris-roubaix\/#primaryimage","url":"https:\/\/vieassociative.be\/actualites\/wp-content\/uploads\/2025\/04\/1744489069_Tadej-Pogacar-pour-la-premiere-fois-dans-la-victoire-Hell.jpg","contentUrl":"https:\/\/vieassociative.be\/actualites\/wp-content\/uploads\/2025\/04\/1744489069_Tadej-Pogacar-pour-la-premiere-fois-dans-la-victoire-Hell.jpg","width":1200,"height":800,"caption":"Tadej Pogacar pour la premi\u00e8re fois dans la victoire \"Hell of the North\" - une victoire l\u00e9g\u00e8re (66 kg) lors du 122e Classic Classic Paris-Roubaix?"},{"@type":"BreadcrumbList","@id":"https:\/\/vieassociative.be\/actualites\/tadej-pogacar-pour-la-premiere-fois-dans-la-victoire-hell-of-the-north-une-victoire-legere-66-kg-lors-du-122e-classic-classic-paris-roubaix\/#breadcrumb","itemListElement":[{"@type":"ListItem","position":1,"name":"Accueil","item":"https:\/\/vieassociative.be\/actualites\/"},{"@type":"ListItem","position":2,"name":"Tadej Pogacar pour la premi\u00e8re fois dans la victoire \u00ab\u00a0Hell of the North\u00a0\u00bb &#8211; une victoire l\u00e9g\u00e8re (66 kg) lors du 122e Classic Classic Paris-Roubaix?"}]},{"@type":"WebSite","@id":"https:\/\/vieassociative.be\/actualites\/#website","url":"https:\/\/vieassociative.be\/actualites\/","name":"Vie Associative","description":"","publisher":{"@id":"https:\/\/vieassociative.be\/actualites\/#organization"},"potentialAction":[{"@type":"SearchAction","target":{"@type":"EntryPoint","urlTemplate":"https:\/\/vieassociative.be\/actualites\/?s={search_term_string}"},"query-input":{"@type":"PropertyValueSpecification","valueRequired":true,"valueName":"search_term_string"}}],"inLanguage":"fr-BE"},{"@type":"Organization","@id":"https:\/\/vieassociative.be\/actualites\/#organization","name":"Vie Associative","url":"https:\/\/vieassociative.be\/actualites\/","logo":{"@type":"ImageObject","inLanguage":"fr-BE","@id":"https:\/\/vieassociative.be\/actualites\/#\/schema\/logo\/image\/","url":"https:\/\/vieassociative.be\/actualites\/wp-content\/uploads\/2024\/09\/cropped-vieassociative_favicon.ico.png","contentUrl":"https:\/\/vieassociative.be\/actualites\/wp-content\/uploads\/2024\/09\/cropped-vieassociative_favicon.ico.png","width":512,"height":512,"caption":"Vie Associative"},"image":{"@id":"https:\/\/vieassociative.be\/actualites\/#\/schema\/logo\/image\/"}},{"@type":"Person","@id":"https:\/\/vieassociative.be\/actualites\/#\/schema\/person\/b87ac4f82f9d4e7b7cec7395b679edc4","name":"Julien","image":{"@type":"ImageObject","inLanguage":"fr-BE","@id":"https:\/\/vieassociative.be\/actualites\/#\/schema\/person\/image\/","url":"https:\/\/vieassociative.be\/actualites\/wp-content\/uploads\/2024\/09\/vie-associative-1-150x150.jpg","contentUrl":"https:\/\/vieassociative.be\/actualites\/wp-content\/uploads\/2024\/09\/vie-associative-1-150x150.jpg","caption":"Julien"},"description":"Je suis Julien, r\u00e9dacteur pour Vie Associative. Passionn\u00e9 par le monde associatif depuis plus de 10 ans, j'ai \u00e0 c\u0153ur de partager des histoires inspirantes et de mettre en lumi\u00e8re les initiatives locales. Mon objectif est de sensibiliser et d'encourager l'engagement communautaire \u00e0 travers mes articles.","sameAs":["https:\/\/vieassociative.be\/"]}]}},"_links":{"self":[{"href":"https:\/\/vieassociative.be\/actualites\/wp-json\/wp\/v2\/posts\/6663"}],"collection":[{"href":"https:\/\/vieassociative.be\/actualites\/wp-json\/wp\/v2\/posts"}],"about":[{"href":"https:\/\/vieassociative.be\/actualites\/wp-json\/wp\/v2\/types\/post"}],"author":[{"embeddable":true,"href":"https:\/\/vieassociative.be\/actualites\/wp-json\/wp\/v2\/users\/1"}],"replies":[{"embeddable":true,"href":"https:\/\/vieassociative.be\/actualites\/wp-json\/wp\/v2\/comments?post=6663"}],"version-history":[{"count":0,"href":"https:\/\/vieassociative.be\/actualites\/wp-json\/wp\/v2\/posts\/6663\/revisions"}],"wp:featuredmedia":[{"embeddable":true,"href":"https:\/\/vieassociative.be\/actualites\/wp-json\/wp\/v2\/media\/6664"}],"wp:attachment":[{"href":"https:\/\/vieassociative.be\/actualites\/wp-json\/wp\/v2\/media?parent=6663"}],"wp:term":[{"taxonomy":"category","embeddable":true,"href":"https:\/\/vieassociative.be\/actualites\/wp-json\/wp\/v2\/categories?post=6663"},{"taxonomy":"post_tag","embeddable":true,"href":"https:\/\/vieassociative.be\/actualites\/wp-json\/wp\/v2\/tags?post=6663"}],"curies":[{"name":"wp","href":"https:\/\/api.w.org\/{rel}","templated":true}]}}