{"id":6657,"date":"2025-04-12T16:18:01","date_gmt":"2025-04-12T14:18:01","guid":{"rendered":"https:\/\/vieassociative.be\/actualites\/faire-des-choses-info-evening-of-the-csp-sur-le-sujet-de-la-protection-des-enfants-et-des-jeunes-a-lere-numerique\/"},"modified":"2025-04-12T16:18:01","modified_gmt":"2025-04-12T14:18:01","slug":"faire-des-choses-info-evening-of-the-csp-sur-le-sujet-de-la-protection-des-enfants-et-des-jeunes-a-lere-numerique","status":"publish","type":"post","link":"https:\/\/vieassociative.be\/actualites\/faire-des-choses-info-evening-of-the-csp-sur-le-sujet-de-la-protection-des-enfants-et-des-jeunes-a-lere-numerique\/","title":{"rendered":"\u00ab\u00a0Faire des choses!\u00a0\u00bb: Info Evening of the CSP sur le sujet de la protection des enfants et des jeunes \u00e0 l&rsquo;\u00e8re num\u00e9rique"},"content":{"rendered":"<p><strong>Mercredi soir, le soir th\u00e8me \u00ab\u00a0Make Dat Thing!\u00a0\u00bb Le CSP East Belgique. L&rsquo;accent \u00e9tait mis sur l&rsquo;utilisation des smartphones et des m\u00e9dias sociaux ainsi que sur les dangers associ\u00e9s pour les enfants et les adolescents.<\/strong><\/p>\n<p><span id=\"more-413240\"><\/span>Apr\u00e8s le premier \u00e9v\u00e9nement du CSP en novembre 2023 \u00e0 Eupen &#8211; \u00e9galement avec la t\u00eate de la Lower Saxony et l&rsquo;expert num\u00e9rique Silke M\u00fcller &#8211; les risques des m\u00e9dias sociaux et de l&rsquo;intelligence artificielle pour les jeunes ont \u00e9t\u00e9 trait\u00e9s lors de la soir\u00e9e successeur.<\/p>\n<p>Au total, environ 150 personnes ont particip\u00e9 \u00e0 l&rsquo;\u00e9v\u00e9nement. L&rsquo;\u00e9v\u00e9nement a commenc\u00e9 par un discours d&rsquo;ouverture de Silke M\u00fcller. Elle est l&rsquo;auteur du livre \u00ab\u00a0Qui prot\u00e8ge nos enfants? &#8211; Comment les familles d&rsquo;intelligence artificielle et les changements scolaires et que faire maintenant\u00a0\u00bb.<\/p>\n<div id=\"attachment_413243\" class=\"wp-caption alignleft\" style=\"max-width: 300px\"><img fetchpriority=\"high\" decoding=\"async\" class=\"wp-image-413243 size-medium\" src=\"https:\/\/vieassociative.be\/actualites\/wp-content\/uploads\/2025\/04\/Faire-des-choses-Info-Evening-of-the-CSP-sur-le.jpg\" alt=\"\" width=\"300\" height=\"200\"><\/p>\n<p class=\"wp-caption-text\">Silke M\u00fcller, directrice et ambassadrice du num\u00e9rique de Lower Saxe, dans son d\u00e9partement d&rsquo;impulsion. Photo: CSP<\/p>\n<\/div>\n<p>En utilisant des exemples r\u00e9els et parfois terrifiants, M\u00fcller a montr\u00e9 quels dangers se cachent dans les r\u00e9seaux sociaux tels que Tikkok et Reddit. Elle a expliqu\u00e9 comment l&rsquo;utilisation incontr\u00f4l\u00e9e des m\u00e9dias num\u00e9riques peut affecter les enfants et les adolescents &#8211; \u00e0 l&rsquo;\u00e9cole et dans la vie quotidienne. Le manque de sommeil, les troubles de la concentration et les comportements addictifs ne sont que quelques-uns des dangers. La responsabilit\u00e9 est d&rsquo;offrir un cadre s\u00fbr pour traiter les m\u00e9dias num\u00e9riques pour les adultes, selon M\u00fcller.<\/p>\n<p>Par la suite, dans un panel Round: Silke M\u00fcller, ministre de l&rsquo;\u00c9ducation J\u00e9r\u00f4me Franssen, chef du groupe parlementaire et enseignant Steffi Pauels, membre du PDG et ancien directeur Marcel Henn et \u00e9tudiant Lea Schommer.<\/p>\n<p>Steffi Pauels a soulign\u00e9 que l&rsquo;intelligence artificielle ne pouvait pas \u00eatre ferm\u00e9e. Il est d&rsquo;autant plus important de promouvoir les comp\u00e9tences futures telles que la pens\u00e9e critique, les comp\u00e9tences en communication, la cr\u00e9ativit\u00e9 et la collaboration &#8211; une orientation qui est \u00e9galement l&rsquo;objectif de l&rsquo;actuel ministre de l&rsquo;\u00c9ducation et est trait\u00e9e. Selon Pauels, ces comp\u00e9tences sont essentielles pour pr\u00e9parer les jeunes \u00e0 un monde de plus en plus num\u00e9rique et complexe.<\/p>\n<p>\u00ab\u00a0Nous avons besoin d&rsquo;un cadre clair qui tient compte de ces d\u00e9veloppements. L&rsquo;\u00e9ducation num\u00e9rique et l&rsquo;IA ne doivent pas \u00eatre consid\u00e9r\u00e9es comme d\u00e9tach\u00e9es, ils doivent faire partie int\u00e9grante de toute unit\u00e9 d&rsquo;enseignement. Les parents et les enseignants ne sont pas non plus autoris\u00e9s \u00e0 rester \u00e0 l&rsquo;ext\u00e9rieur. Ils ont besoin d&rsquo;un soutien pour \u00eatre en mesure d&rsquo;accompagner les enfants et les adolescents de mani\u00e8re comp\u00e9tente\u00a0\u00bb, a d\u00e9clar\u00e9 Pauels en conclusion.<\/p>\n<div id=\"attachment_191394\" class=\"wp-caption alignleft\" style=\"max-width: 300px\"><img decoding=\"async\" class=\"wp-image-191394 size-medium\" src=\"https:\/\/vieassociative.be\/actualites\/wp-content\/uploads\/2025\/04\/Faire-des-choses-Info-Evening-of-the-CSP-sur-le.jpeg\" alt=\"\" width=\"300\" height=\"200\"  ><\/p>\n<p class=\"wp-caption-text\">Photo: Shutterstock<\/p>\n<\/div>\n<p>Marcel Henn a clairement indiqu\u00e9 que les \u00e9l\u00e8ves du primaire \u00e9taient d\u00e9j\u00e0 gravement touch\u00e9s. Il a soulign\u00e9 l&rsquo;importance de l&rsquo;\u00e9ducation m\u00e9diatique pr\u00e9coce pour renforcer les enfants d\u00e8s le d\u00e9but.<\/p>\n<p>L&rsquo;\u00e9l\u00e8ve, Lea Schommer, a d\u00e9crit \u00e0 quel point la pr\u00e9sence et en m\u00eame temps stressait l&rsquo;accessibilit\u00e9 constante \u00e0 travers les smartphones dans la vie scolaire quotidienne. La pression du groupe, les notifications permanentes et l&rsquo;influence des m\u00e9dias sociaux ont non seulement affect\u00e9 la concentration, mais aussi l&rsquo;interaction sociale.<\/p>\n<p>\u00ab\u00a0Je suis insist\u00e9 pour ancrer une restriction d&rsquo;\u00e2ge contraignante, par exemple 14 ans, pour les r\u00e9seaux sociaux et les v\u00e9rifications obligatoires de l&rsquo;\u00e2ge sur les plateformes. Dit Pascal Arimont.<\/p>\n<p>Dans le contexte scolaire, Silke M\u00fcller et le ministre J\u00e9r\u00f4me Franssen sont entr\u00e9s dans l&rsquo;interdiction de l&rsquo;utilisation du t\u00e9l\u00e9phone portable dans les \u00e9coles que le ministre a d\u00e9velopp\u00e9 pour les \u00e9coles de la DG l&rsquo;ann\u00e9e derni\u00e8re et qui entrera en vigueur d\u00e8s l&rsquo;ann\u00e9e scolaire \u00e0 venir. Cette interdiction est un instrument important, mais l&rsquo;utilisation des m\u00e9dias num\u00e9riques doit \u00e9galement \u00eatre consid\u00e9r\u00e9e de mani\u00e8re holistique dans la vie quotidienne. Les deux ont soulign\u00e9 que cette interdiction est l&rsquo;un des nombreux instruments importants.<\/p>\n<p>L&rsquo;\u00e9v\u00e9nement a \u00e9galement offert un espace pour des exp\u00e9riences personnelles, des inqui\u00e9tudes et des suggestions du public. Les parents, les enseignants et les autres parties int\u00e9ress\u00e9es ont profit\u00e9 de l&rsquo;occasion pour r\u00e9pondre directement \u00e0 leurs questions aux participants au panel.<\/p>\n<p>Le CSP East Belgique tire une conclusion positive de la soir\u00e9e. \u00abLa participation anim\u00e9e et les discussions ouvertes montrent \u00e0 quel point le sujet est important.<\/p>\n","protected":false},"excerpt":{"rendered":"<p>Mercredi soir, le soir th\u00e8me \u00ab\u00a0Make Dat Thing!\u00a0\u00bb Le CSP East Belgique. L&rsquo;accent \u00e9tait mis sur l&rsquo;utilisation des smartphones et des m\u00e9dias sociaux ainsi que<\/p>\n","protected":false},"author":1,"featured_media":6658,"comment_status":"","ping_status":"","sticky":false,"template":"","format":"standard","meta":{"footnotes":""},"categories":[298],"tags":[93,2400,29,324,6339,127,6338,5859,4060,651,3054,526,33],"class_list":["post-6657","post","type-post","status-publish","format-standard","has-post-thumbnail","hentry","category-belgique","tag-choses","tag-csp","tag-des","tag-enfants","tag-evening","tag-faire","tag-info","tag-jeunes","tag-lere","tag-numerique","tag-protection","tag-sujet","tag-sur","generate-columns","tablet-grid-50","mobile-grid-100","grid-parent","grid-33"],"yoast_head":"<!-- This site is optimized with the Yoast SEO plugin v24.0 - https:\/\/yoast.com\/wordpress\/plugins\/seo\/ -->\n<title>&quot;Faire des choses!&quot;: Info Evening of the CSP sur le sujet de la protection des enfants et des jeunes \u00e0 l&#039;\u00e8re num\u00e9rique | Vie Associative<\/title>\n<meta name=\"robots\" content=\"index, follow, max-snippet:-1, max-image-preview:large, max-video-preview:-1\" \/>\n<link rel=\"canonical\" href=\"https:\/\/vieassociative.be\/actualites\/faire-des-choses-info-evening-of-the-csp-sur-le-sujet-de-la-protection-des-enfants-et-des-jeunes-a-lere-numerique\/\" \/>\n<meta property=\"og:locale\" content=\"fr_FR\" \/>\n<meta property=\"og:type\" content=\"article\" \/>\n<meta property=\"og:title\" content=\"&quot;Faire des choses!&quot;: Info Evening of the CSP sur le sujet de la protection des enfants et des jeunes \u00e0 l&#039;\u00e8re num\u00e9rique | Vie Associative\" \/>\n<meta property=\"og:description\" content=\"Mercredi soir, le soir th\u00e8me \u00ab\u00a0Make Dat Thing!\u00a0\u00bb Le CSP East Belgique. L&rsquo;accent \u00e9tait mis sur l&rsquo;utilisation des smartphones et des m\u00e9dias sociaux ainsi que\" \/>\n<meta property=\"og:url\" content=\"https:\/\/vieassociative.be\/actualites\/faire-des-choses-info-evening-of-the-csp-sur-le-sujet-de-la-protection-des-enfants-et-des-jeunes-a-lere-numerique\/\" \/>\n<meta property=\"og:site_name\" content=\"Vie Associative\" \/>\n<meta property=\"article:published_time\" content=\"2025-04-12T14:18:01+00:00\" \/>\n<meta property=\"og:image\" content=\"https:\/\/vieassociative.be\/actualites\/wp-content\/uploads\/2024\/09\/header_backgroundk-01-e1726694325946.png\" \/>\n\t<meta property=\"og:image:width\" content=\"279\" \/>\n\t<meta property=\"og:image:height\" content=\"92\" \/>\n\t<meta property=\"og:image:type\" content=\"image\/png\" \/>\n<meta name=\"author\" content=\"Julien\" \/>\n<meta name=\"twitter:card\" content=\"summary_large_image\" \/>\n<meta name=\"twitter:label1\" content=\"\u00c9crit par\" \/>\n\t<meta name=\"twitter:data1\" content=\"Julien\" \/>\n\t<meta name=\"twitter:label2\" content=\"Dur\u00e9e de lecture est.\" \/>\n\t<meta name=\"twitter:data2\" content=\"4 minutes\" \/>\n<script type=\"application\/ld+json\" class=\"yoast-schema-graph\">{\"@context\":\"https:\/\/schema.org\",\"@graph\":[{\"@type\":\"Article\",\"@id\":\"https:\/\/vieassociative.be\/actualites\/faire-des-choses-info-evening-of-the-csp-sur-le-sujet-de-la-protection-des-enfants-et-des-jeunes-a-lere-numerique\/#article\",\"isPartOf\":{\"@id\":\"https:\/\/vieassociative.be\/actualites\/faire-des-choses-info-evening-of-the-csp-sur-le-sujet-de-la-protection-des-enfants-et-des-jeunes-a-lere-numerique\/\"},\"author\":{\"name\":\"Julien\",\"@id\":\"https:\/\/vieassociative.be\/actualites\/#\/schema\/person\/b87ac4f82f9d4e7b7cec7395b679edc4\"},\"headline\":\"\u00ab\u00a0Faire des choses!\u00a0\u00bb: Info Evening of the CSP sur le sujet de la protection des enfants et des jeunes \u00e0 l&rsquo;\u00e8re num\u00e9rique\",\"datePublished\":\"2025-04-12T14:18:01+00:00\",\"dateModified\":\"2025-04-12T14:18:01+00:00\",\"mainEntityOfPage\":{\"@id\":\"https:\/\/vieassociative.be\/actualites\/faire-des-choses-info-evening-of-the-csp-sur-le-sujet-de-la-protection-des-enfants-et-des-jeunes-a-lere-numerique\/\"},\"wordCount\":795,\"publisher\":{\"@id\":\"https:\/\/vieassociative.be\/actualites\/#organization\"},\"image\":{\"@id\":\"https:\/\/vieassociative.be\/actualites\/faire-des-choses-info-evening-of-the-csp-sur-le-sujet-de-la-protection-des-enfants-et-des-jeunes-a-lere-numerique\/#primaryimage\"},\"thumbnailUrl\":\"https:\/\/vieassociative.be\/actualites\/wp-content\/uploads\/2025\/04\/1744467481_Faire-des-choses-Info-Evening-of-the-CSP-sur-le.jpg\",\"keywords\":[\"choses\",\"CSP\",\"Des\",\"enfants\",\"Evening\",\"faire\",\"Info\",\"jeunes\",\"l\u00e8re\",\"num\u00e9rique\",\"protection\",\"sujet\",\"sur\"],\"articleSection\":[\"Belgique\"],\"inLanguage\":\"fr-BE\"},{\"@type\":\"WebPage\",\"@id\":\"https:\/\/vieassociative.be\/actualites\/faire-des-choses-info-evening-of-the-csp-sur-le-sujet-de-la-protection-des-enfants-et-des-jeunes-a-lere-numerique\/\",\"url\":\"https:\/\/vieassociative.be\/actualites\/faire-des-choses-info-evening-of-the-csp-sur-le-sujet-de-la-protection-des-enfants-et-des-jeunes-a-lere-numerique\/\",\"name\":\"\\\"Faire des choses!\\\": Info Evening of the CSP sur le sujet de la protection des enfants et des jeunes \u00e0 l'\u00e8re num\u00e9rique | Vie Associative\",\"isPartOf\":{\"@id\":\"https:\/\/vieassociative.be\/actualites\/#website\"},\"primaryImageOfPage\":{\"@id\":\"https:\/\/vieassociative.be\/actualites\/faire-des-choses-info-evening-of-the-csp-sur-le-sujet-de-la-protection-des-enfants-et-des-jeunes-a-lere-numerique\/#primaryimage\"},\"image\":{\"@id\":\"https:\/\/vieassociative.be\/actualites\/faire-des-choses-info-evening-of-the-csp-sur-le-sujet-de-la-protection-des-enfants-et-des-jeunes-a-lere-numerique\/#primaryimage\"},\"thumbnailUrl\":\"https:\/\/vieassociative.be\/actualites\/wp-content\/uploads\/2025\/04\/1744467481_Faire-des-choses-Info-Evening-of-the-CSP-sur-le.jpg\",\"datePublished\":\"2025-04-12T14:18:01+00:00\",\"dateModified\":\"2025-04-12T14:18:01+00:00\",\"breadcrumb\":{\"@id\":\"https:\/\/vieassociative.be\/actualites\/faire-des-choses-info-evening-of-the-csp-sur-le-sujet-de-la-protection-des-enfants-et-des-jeunes-a-lere-numerique\/#breadcrumb\"},\"inLanguage\":\"fr-BE\",\"potentialAction\":[{\"@type\":\"ReadAction\",\"target\":[\"https:\/\/vieassociative.be\/actualites\/faire-des-choses-info-evening-of-the-csp-sur-le-sujet-de-la-protection-des-enfants-et-des-jeunes-a-lere-numerique\/\"]}]},{\"@type\":\"ImageObject\",\"inLanguage\":\"fr-BE\",\"@id\":\"https:\/\/vieassociative.be\/actualites\/faire-des-choses-info-evening-of-the-csp-sur-le-sujet-de-la-protection-des-enfants-et-des-jeunes-a-lere-numerique\/#primaryimage\",\"url\":\"https:\/\/vieassociative.be\/actualites\/wp-content\/uploads\/2025\/04\/1744467481_Faire-des-choses-Info-Evening-of-the-CSP-sur-le.jpg\",\"contentUrl\":\"https:\/\/vieassociative.be\/actualites\/wp-content\/uploads\/2025\/04\/1744467481_Faire-des-choses-Info-Evening-of-the-CSP-sur-le.jpg\",\"width\":1200,\"height\":800,\"caption\":\"\\\"Faire des choses!\\\": Info Evening of the CSP sur le sujet de la protection des enfants et des jeunes \u00e0 l'\u00e8re num\u00e9rique\"},{\"@type\":\"BreadcrumbList\",\"@id\":\"https:\/\/vieassociative.be\/actualites\/faire-des-choses-info-evening-of-the-csp-sur-le-sujet-de-la-protection-des-enfants-et-des-jeunes-a-lere-numerique\/#breadcrumb\",\"itemListElement\":[{\"@type\":\"ListItem\",\"position\":1,\"name\":\"Accueil\",\"item\":\"https:\/\/vieassociative.be\/actualites\/\"},{\"@type\":\"ListItem\",\"position\":2,\"name\":\"\u00ab\u00a0Faire des choses!\u00a0\u00bb: Info Evening of the CSP sur le sujet de la protection des enfants et des jeunes \u00e0 l&rsquo;\u00e8re num\u00e9rique\"}]},{\"@type\":\"WebSite\",\"@id\":\"https:\/\/vieassociative.be\/actualites\/#website\",\"url\":\"https:\/\/vieassociative.be\/actualites\/\",\"name\":\"Vie Associative\",\"description\":\"\",\"publisher\":{\"@id\":\"https:\/\/vieassociative.be\/actualites\/#organization\"},\"potentialAction\":[{\"@type\":\"SearchAction\",\"target\":{\"@type\":\"EntryPoint\",\"urlTemplate\":\"https:\/\/vieassociative.be\/actualites\/?s={search_term_string}\"},\"query-input\":{\"@type\":\"PropertyValueSpecification\",\"valueRequired\":true,\"valueName\":\"search_term_string\"}}],\"inLanguage\":\"fr-BE\"},{\"@type\":\"Organization\",\"@id\":\"https:\/\/vieassociative.be\/actualites\/#organization\",\"name\":\"Vie Associative\",\"url\":\"https:\/\/vieassociative.be\/actualites\/\",\"logo\":{\"@type\":\"ImageObject\",\"inLanguage\":\"fr-BE\",\"@id\":\"https:\/\/vieassociative.be\/actualites\/#\/schema\/logo\/image\/\",\"url\":\"https:\/\/vieassociative.be\/actualites\/wp-content\/uploads\/2024\/09\/cropped-vieassociative_favicon.ico.png\",\"contentUrl\":\"https:\/\/vieassociative.be\/actualites\/wp-content\/uploads\/2024\/09\/cropped-vieassociative_favicon.ico.png\",\"width\":512,\"height\":512,\"caption\":\"Vie Associative\"},\"image\":{\"@id\":\"https:\/\/vieassociative.be\/actualites\/#\/schema\/logo\/image\/\"}},{\"@type\":\"Person\",\"@id\":\"https:\/\/vieassociative.be\/actualites\/#\/schema\/person\/b87ac4f82f9d4e7b7cec7395b679edc4\",\"name\":\"Julien\",\"image\":{\"@type\":\"ImageObject\",\"inLanguage\":\"fr-BE\",\"@id\":\"https:\/\/vieassociative.be\/actualites\/#\/schema\/person\/image\/\",\"url\":\"https:\/\/vieassociative.be\/actualites\/wp-content\/uploads\/2024\/09\/vie-associative-1-150x150.jpg\",\"contentUrl\":\"https:\/\/vieassociative.be\/actualites\/wp-content\/uploads\/2024\/09\/vie-associative-1-150x150.jpg\",\"caption\":\"Julien\"},\"description\":\"Je suis Julien, r\u00e9dacteur pour Vie Associative. Passionn\u00e9 par le monde associatif depuis plus de 10 ans, j'ai \u00e0 c\u0153ur de partager des histoires inspirantes et de mettre en lumi\u00e8re les initiatives locales. Mon objectif est de sensibiliser et d'encourager l'engagement communautaire \u00e0 travers mes articles.\",\"sameAs\":[\"https:\/\/vieassociative.be\/\"]}]}<\/script>\n<!-- \/ Yoast SEO plugin. -->","yoast_head_json":{"title":"\"Faire des choses!\": Info Evening of the CSP sur le sujet de la protection des enfants et des jeunes \u00e0 l'\u00e8re num\u00e9rique | Vie Associative","robots":{"index":"index","follow":"follow","max-snippet":"max-snippet:-1","max-image-preview":"max-image-preview:large","max-video-preview":"max-video-preview:-1"},"canonical":"https:\/\/vieassociative.be\/actualites\/faire-des-choses-info-evening-of-the-csp-sur-le-sujet-de-la-protection-des-enfants-et-des-jeunes-a-lere-numerique\/","og_locale":"fr_FR","og_type":"article","og_title":"\"Faire des choses!\": Info Evening of the CSP sur le sujet de la protection des enfants et des jeunes \u00e0 l'\u00e8re num\u00e9rique | Vie Associative","og_description":"Mercredi soir, le soir th\u00e8me \u00ab\u00a0Make Dat Thing!\u00a0\u00bb Le CSP East Belgique. L&rsquo;accent \u00e9tait mis sur l&rsquo;utilisation des smartphones et des m\u00e9dias sociaux ainsi que","og_url":"https:\/\/vieassociative.be\/actualites\/faire-des-choses-info-evening-of-the-csp-sur-le-sujet-de-la-protection-des-enfants-et-des-jeunes-a-lere-numerique\/","og_site_name":"Vie Associative","article_published_time":"2025-04-12T14:18:01+00:00","og_image":[{"width":279,"height":92,"url":"https:\/\/vieassociative.be\/actualites\/wp-content\/uploads\/2024\/09\/header_backgroundk-01-e1726694325946.png","type":"image\/png"}],"author":"Julien","twitter_card":"summary_large_image","twitter_misc":{"\u00c9crit par":"Julien","Dur\u00e9e de lecture est.":"4 minutes"},"schema":{"@context":"https:\/\/schema.org","@graph":[{"@type":"Article","@id":"https:\/\/vieassociative.be\/actualites\/faire-des-choses-info-evening-of-the-csp-sur-le-sujet-de-la-protection-des-enfants-et-des-jeunes-a-lere-numerique\/#article","isPartOf":{"@id":"https:\/\/vieassociative.be\/actualites\/faire-des-choses-info-evening-of-the-csp-sur-le-sujet-de-la-protection-des-enfants-et-des-jeunes-a-lere-numerique\/"},"author":{"name":"Julien","@id":"https:\/\/vieassociative.be\/actualites\/#\/schema\/person\/b87ac4f82f9d4e7b7cec7395b679edc4"},"headline":"\u00ab\u00a0Faire des choses!\u00a0\u00bb: Info Evening of the CSP sur le sujet de la protection des enfants et des jeunes \u00e0 l&rsquo;\u00e8re num\u00e9rique","datePublished":"2025-04-12T14:18:01+00:00","dateModified":"2025-04-12T14:18:01+00:00","mainEntityOfPage":{"@id":"https:\/\/vieassociative.be\/actualites\/faire-des-choses-info-evening-of-the-csp-sur-le-sujet-de-la-protection-des-enfants-et-des-jeunes-a-lere-numerique\/"},"wordCount":795,"publisher":{"@id":"https:\/\/vieassociative.be\/actualites\/#organization"},"image":{"@id":"https:\/\/vieassociative.be\/actualites\/faire-des-choses-info-evening-of-the-csp-sur-le-sujet-de-la-protection-des-enfants-et-des-jeunes-a-lere-numerique\/#primaryimage"},"thumbnailUrl":"https:\/\/vieassociative.be\/actualites\/wp-content\/uploads\/2025\/04\/1744467481_Faire-des-choses-Info-Evening-of-the-CSP-sur-le.jpg","keywords":["choses","CSP","Des","enfants","Evening","faire","Info","jeunes","l\u00e8re","num\u00e9rique","protection","sujet","sur"],"articleSection":["Belgique"],"inLanguage":"fr-BE"},{"@type":"WebPage","@id":"https:\/\/vieassociative.be\/actualites\/faire-des-choses-info-evening-of-the-csp-sur-le-sujet-de-la-protection-des-enfants-et-des-jeunes-a-lere-numerique\/","url":"https:\/\/vieassociative.be\/actualites\/faire-des-choses-info-evening-of-the-csp-sur-le-sujet-de-la-protection-des-enfants-et-des-jeunes-a-lere-numerique\/","name":"\"Faire des choses!\": Info Evening of the CSP sur le sujet de la protection des enfants et des jeunes \u00e0 l'\u00e8re num\u00e9rique | Vie Associative","isPartOf":{"@id":"https:\/\/vieassociative.be\/actualites\/#website"},"primaryImageOfPage":{"@id":"https:\/\/vieassociative.be\/actualites\/faire-des-choses-info-evening-of-the-csp-sur-le-sujet-de-la-protection-des-enfants-et-des-jeunes-a-lere-numerique\/#primaryimage"},"image":{"@id":"https:\/\/vieassociative.be\/actualites\/faire-des-choses-info-evening-of-the-csp-sur-le-sujet-de-la-protection-des-enfants-et-des-jeunes-a-lere-numerique\/#primaryimage"},"thumbnailUrl":"https:\/\/vieassociative.be\/actualites\/wp-content\/uploads\/2025\/04\/1744467481_Faire-des-choses-Info-Evening-of-the-CSP-sur-le.jpg","datePublished":"2025-04-12T14:18:01+00:00","dateModified":"2025-04-12T14:18:01+00:00","breadcrumb":{"@id":"https:\/\/vieassociative.be\/actualites\/faire-des-choses-info-evening-of-the-csp-sur-le-sujet-de-la-protection-des-enfants-et-des-jeunes-a-lere-numerique\/#breadcrumb"},"inLanguage":"fr-BE","potentialAction":[{"@type":"ReadAction","target":["https:\/\/vieassociative.be\/actualites\/faire-des-choses-info-evening-of-the-csp-sur-le-sujet-de-la-protection-des-enfants-et-des-jeunes-a-lere-numerique\/"]}]},{"@type":"ImageObject","inLanguage":"fr-BE","@id":"https:\/\/vieassociative.be\/actualites\/faire-des-choses-info-evening-of-the-csp-sur-le-sujet-de-la-protection-des-enfants-et-des-jeunes-a-lere-numerique\/#primaryimage","url":"https:\/\/vieassociative.be\/actualites\/wp-content\/uploads\/2025\/04\/1744467481_Faire-des-choses-Info-Evening-of-the-CSP-sur-le.jpg","contentUrl":"https:\/\/vieassociative.be\/actualites\/wp-content\/uploads\/2025\/04\/1744467481_Faire-des-choses-Info-Evening-of-the-CSP-sur-le.jpg","width":1200,"height":800,"caption":"\"Faire des choses!\": Info Evening of the CSP sur le sujet de la protection des enfants et des jeunes \u00e0 l'\u00e8re num\u00e9rique"},{"@type":"BreadcrumbList","@id":"https:\/\/vieassociative.be\/actualites\/faire-des-choses-info-evening-of-the-csp-sur-le-sujet-de-la-protection-des-enfants-et-des-jeunes-a-lere-numerique\/#breadcrumb","itemListElement":[{"@type":"ListItem","position":1,"name":"Accueil","item":"https:\/\/vieassociative.be\/actualites\/"},{"@type":"ListItem","position":2,"name":"\u00ab\u00a0Faire des choses!\u00a0\u00bb: Info Evening of the CSP sur le sujet de la protection des enfants et des jeunes \u00e0 l&rsquo;\u00e8re num\u00e9rique"}]},{"@type":"WebSite","@id":"https:\/\/vieassociative.be\/actualites\/#website","url":"https:\/\/vieassociative.be\/actualites\/","name":"Vie Associative","description":"","publisher":{"@id":"https:\/\/vieassociative.be\/actualites\/#organization"},"potentialAction":[{"@type":"SearchAction","target":{"@type":"EntryPoint","urlTemplate":"https:\/\/vieassociative.be\/actualites\/?s={search_term_string}"},"query-input":{"@type":"PropertyValueSpecification","valueRequired":true,"valueName":"search_term_string"}}],"inLanguage":"fr-BE"},{"@type":"Organization","@id":"https:\/\/vieassociative.be\/actualites\/#organization","name":"Vie Associative","url":"https:\/\/vieassociative.be\/actualites\/","logo":{"@type":"ImageObject","inLanguage":"fr-BE","@id":"https:\/\/vieassociative.be\/actualites\/#\/schema\/logo\/image\/","url":"https:\/\/vieassociative.be\/actualites\/wp-content\/uploads\/2024\/09\/cropped-vieassociative_favicon.ico.png","contentUrl":"https:\/\/vieassociative.be\/actualites\/wp-content\/uploads\/2024\/09\/cropped-vieassociative_favicon.ico.png","width":512,"height":512,"caption":"Vie Associative"},"image":{"@id":"https:\/\/vieassociative.be\/actualites\/#\/schema\/logo\/image\/"}},{"@type":"Person","@id":"https:\/\/vieassociative.be\/actualites\/#\/schema\/person\/b87ac4f82f9d4e7b7cec7395b679edc4","name":"Julien","image":{"@type":"ImageObject","inLanguage":"fr-BE","@id":"https:\/\/vieassociative.be\/actualites\/#\/schema\/person\/image\/","url":"https:\/\/vieassociative.be\/actualites\/wp-content\/uploads\/2024\/09\/vie-associative-1-150x150.jpg","contentUrl":"https:\/\/vieassociative.be\/actualites\/wp-content\/uploads\/2024\/09\/vie-associative-1-150x150.jpg","caption":"Julien"},"description":"Je suis Julien, r\u00e9dacteur pour Vie Associative. Passionn\u00e9 par le monde associatif depuis plus de 10 ans, j'ai \u00e0 c\u0153ur de partager des histoires inspirantes et de mettre en lumi\u00e8re les initiatives locales. Mon objectif est de sensibiliser et d'encourager l'engagement communautaire \u00e0 travers mes articles.","sameAs":["https:\/\/vieassociative.be\/"]}]}},"_links":{"self":[{"href":"https:\/\/vieassociative.be\/actualites\/wp-json\/wp\/v2\/posts\/6657"}],"collection":[{"href":"https:\/\/vieassociative.be\/actualites\/wp-json\/wp\/v2\/posts"}],"about":[{"href":"https:\/\/vieassociative.be\/actualites\/wp-json\/wp\/v2\/types\/post"}],"author":[{"embeddable":true,"href":"https:\/\/vieassociative.be\/actualites\/wp-json\/wp\/v2\/users\/1"}],"replies":[{"embeddable":true,"href":"https:\/\/vieassociative.be\/actualites\/wp-json\/wp\/v2\/comments?post=6657"}],"version-history":[{"count":0,"href":"https:\/\/vieassociative.be\/actualites\/wp-json\/wp\/v2\/posts\/6657\/revisions"}],"wp:featuredmedia":[{"embeddable":true,"href":"https:\/\/vieassociative.be\/actualites\/wp-json\/wp\/v2\/media\/6658"}],"wp:attachment":[{"href":"https:\/\/vieassociative.be\/actualites\/wp-json\/wp\/v2\/media?parent=6657"}],"wp:term":[{"taxonomy":"category","embeddable":true,"href":"https:\/\/vieassociative.be\/actualites\/wp-json\/wp\/v2\/categories?post=6657"},{"taxonomy":"post_tag","embeddable":true,"href":"https:\/\/vieassociative.be\/actualites\/wp-json\/wp\/v2\/tags?post=6657"}],"curies":[{"name":"wp","href":"https:\/\/api.w.org\/{rel}","templated":true}]}}