{"id":6646,"date":"2025-04-12T08:17:21","date_gmt":"2025-04-12T06:17:21","guid":{"rendered":"https:\/\/vieassociative.be\/actualites\/chatgpt-se-souviendra-bientot-de-tout-ce-que-vous-lavez-jamais-dit-2\/"},"modified":"2025-04-12T08:17:21","modified_gmt":"2025-04-12T06:17:21","slug":"chatgpt-se-souviendra-bientot-de-tout-ce-que-vous-lavez-jamais-dit-2","status":"publish","type":"post","link":"https:\/\/vieassociative.be\/actualites\/chatgpt-se-souviendra-bientot-de-tout-ce-que-vous-lavez-jamais-dit-2\/","title":{"rendered":"Chatgpt se souviendra bient\u00f4t de tout ce que vous l&rsquo;avez jamais dit"},"content":{"rendered":"<div class=\"mt-4 leading-6 md:mb-8\">Un chatbot n&rsquo;oublie jamais.<\/div>\n<p><\/p>\n<p>Faites attention \u00e0 ce que vous partagez avec Chatgpt ces jours-ci: cela se souviendra de tout ce que vous dites. <\/p>\n<p>En effet, Openai d\u00e9ploie une nouvelle mise \u00e0 jour de la m\u00e9moire de Chatgpt qui permet au bot d&rsquo;acc\u00e9der au contenu de tous vos chats pr\u00e9c\u00e9dents. L&rsquo;id\u00e9e est qu&rsquo;en tirant de vos conversations pass\u00e9es, Chatgpt sera en mesure d&rsquo;offrir des r\u00e9sultats plus pertinents \u00e0 vos questions, requ\u00eates et discussions globales. Sam Altman, PDG d&rsquo;Openai, a annonc\u00e9 les modifications de X, vantant l&rsquo;utilit\u00e9 des syst\u00e8mes d&rsquo;IA qui savent tout sur vous:<\/p>\n<blockquote class=\"twitterEmbed twitter-tweet\"><p>\n    <a rel=\"nofollow noopener\" class=\"text-gray-600\" href=\"https:\/\/twitter.com\/sama\/status\/1910380643772665873\" title=\"open in a new window\" target=\"_blank\"><\/p>\n<p>        Ce tweet n&rsquo;est actuellement pas disponible. Il peut \u00eatre charg\u00e9 ou a \u00e9t\u00e9 supprim\u00e9.<br \/>\n    <\/a>\n<\/p><\/blockquote>\n<p>La fonction de m\u00e9moire de Chatgpt a un peu plus d&rsquo;un an \u00e0 ce stade, mais sa fonction a \u00e9t\u00e9 beaucoup plus limit\u00e9e que la mise \u00e0 jour Openai se d\u00e9roule aujourd&rsquo;hui. Chatgpt pourrait se souvenir des pr\u00e9f\u00e9rences ou des demandes de la v\u00f4tre &#8211; peut-\u00eatre que vous avez un style de formatage pr\u00e9f\u00e9r\u00e9 pour les r\u00e9sum\u00e9s, ou un surnom que vous voulez que le bot vous appelle &#8211; et transportez ces souvenirs du chat pour discuter. Cependant, ce n&rsquo;\u00e9tait pas parfait, et ne pouvait pas naturellement tirer des conversations pass\u00e9es, car une fonctionnalit\u00e9 comme \u00ab\u00a0Memory\u00a0\u00bb pourrait impliquer.<\/p>\n<p>Auparavant, le bot a stock\u00e9 ces points de donn\u00e9es dans une banque de \u00absouvenirs enregistr\u00e9s\u00bb. Vous pouvez acc\u00e9der \u00e0 cette banque de m\u00e9moire \u00e0 tout moment et voir ce que le bot avait stock\u00e9 en fonction de vos conversations. C&rsquo;est un peu bizarre de voir ces entr\u00e9es lorsque vous n&rsquo;avez pas demand\u00e9 sp\u00e9cifiquement \u00e0 Chatgpt de se souvenir de quelque chose pour vous &#8211; comme si vous avez d\u00e9couvert qu&rsquo;un nouvel ami note des \u00ab\u00a0faits utiles\u00a0\u00bb \u00e0 votre sujet de conversations pass\u00e9es. C&rsquo;est bizarre.  <\/p>\n<p>Alors que cette fonctionnalit\u00e9 se d\u00e9roule maintenant, il n&rsquo;est pas encore clair comment cela affectera ces souvenirs enregistr\u00e9s. Selon toute vraisemblance, ils dispara\u00eetront, car il n&rsquo;y a pas besoin d&rsquo;une banque de souvenirs sp\u00e9cifiques lorsque Chatgpt peut simplement retirer de tout ce que vous avez dit au bot.  <\/p>\n<p>Je n&rsquo;utilise pas personnellement Chatgpt autant de tests \u00e0 l&rsquo;ext\u00e9rieur de nouvelles fonctionnalit\u00e9s \u00e0 couvrir ici, donc je ne peux pas dire si je trouve cette fonctionnalit\u00e9 particuli\u00e8rement utile ou non. Je peux imaginer comment il pourrait \u00eatre utile de pouvoir r\u00e9f\u00e9rencer quelque chose que vous avez dit au bot dans une conversation pass\u00e9e, surtout sans avoir besoin d&rsquo;\u00e9tablir le bot se souvient en fait d&rsquo;abord, mais je n&rsquo;aime pas non plus l&rsquo;id\u00e9e d&rsquo;un chatbot \u00ab\u00a0se souvenir\u00a0\u00bb <em>tout<\/em> Je l&rsquo;ai d\u00e9j\u00e0 dit. C&rsquo;est peut-\u00eatre parce que je ne suis pas vendu sur l&rsquo;id\u00e9e de l&rsquo;IA g\u00e9n\u00e9ratrice en tant qu&rsquo;assistant personnel, ou peut-\u00eatre que c&rsquo;est parce que j&rsquo;en ai marre que les entreprises technologiques ramassent tellement mes donn\u00e9es. Nous devrons simplement voir \u00e0 quel point cette m\u00e9moire \u00e9tendue est utile \u00e0 mesure que les utilisateurs mettent la main dessus. <\/p>\n<p>Cette fonctionnalit\u00e9 se d\u00e9roulera en premier \u00e0 ChatGpt Plus et aux abonn\u00e9s Pro, mais il n&rsquo;y a pas de mot pour le moment o\u00f9 les utilisateurs gratuits peuvent s&rsquo;attendre \u00e0 l&rsquo;essayer. Les utilisateurs du Royaume-Uni, de l&rsquo;UE, de l&rsquo;Islande, du Liechtenstein, de la Norv\u00e8ge et de la Suisse devront \u00e9galement attendre pour utiliser la fonctionnalit\u00e9, car les lois locales obligent les critiques suppl\u00e9mentaires avant de pouvoir lancer. (Peut-\u00eatre que tous les pays devraient forcer les entreprises de l&rsquo;IA \u00e0 travers des avis suppl\u00e9mentaires avant d&rsquo;exp\u00e9dition.) <\/p>\n<div class=\"pogoClear relative my-10 border-b-(1.5px) border-t-(1.5px) border-dashed border-black py-5 sm:my-14 sm:border-0 sm:py-0\" x-cloak x-data=\"{ commentsCount: null }\" x-init=\"commentsCount = await window.openweb.getMessagesCount(01JRGHJ1GA4K6X2VYXMKMS7XC4)\" x-show=\"commentsCount !== null &amp;&amp; commentsCount &gt; 0\">\n<div class=\"absolute top-1\/2 hidden w-full -translate-y-1\/2 border-t-(1.5px) border-dashed border-black sm:block\"><\/div>\n<div class=\"relative flex justify-center\">\n<div class=\"flex max-w-max items-center gap-x-3 bg-white px-5\">\n<div class=\"relative\">\n                <span class=\"absolute left-1\/2 top-1\/2 -translate-x-1\/2 -translate-y-1\/2 font-akshar text-sm font-medium text-black\" x-text=\"commentsCount\"><\/span><\/p>\n<p>                <svg class=\"h-8 w-8 text-black\">\n                    <use href=\"http:\/\/lifehacker.com\/images\/icons\/spritemap.svg#sprite-chat-bubble\"><\/use>\n                <\/svg>\n            <\/div>\n<p>            <span class=\"text-sm font-medium text-black\">Que pensez-vous jusqu&rsquo;\u00e0 pr\u00e9sent? <button class=\"font-semibold text-brand-green underline hover:text-brand-green-700\" onclick=\"window.openweb.scrollToComments(01JRGHJ1GA4K6X2VYXMKMS7XC4)\">Publier un commentaire.<\/button><\/span>\n        <\/div>\n<\/p><\/div>\n<\/div>\n<h2 id=\"how-to-disable-chatgpts-memory\">Comment d\u00e9sactiver la m\u00e9moire de Chatgpt<\/h2>\n<p>Si vous, comme moi, avez des r\u00e9servations concernant votre chatbot acc\u00e9dant \u00e0 chaque mot de vos conversations pass\u00e9es, il existe un moyen de d\u00e9sactiver cette fonction de m\u00e9moire. <\/p>\n<p>Je n&rsquo;ai pas encore la nouvelle fonctionnalit\u00e9, il est donc possible que cela puisse changer l\u00e9g\u00e8rement. Mais pour le moment, vous pouvez vous diriger vers <strong>Param\u00e8tres> Personnalisation> M\u00e9moire<\/strong>alors d\u00e9sactivez la bascule \u00e0 c\u00f4t\u00e9 de <strong>R\u00e9f\u00e9rences Souvenirs enregistr\u00e9s<\/strong>.  <\/p>\n<p>Si vous voulez garder la fonction de m\u00e9moire, mais que vous ne voulez pas que Chatgpt se souvienne d&rsquo;un chat en particulier, vous pouvez lancer un \u00ab\u00a0chat temporaire\u00a0\u00bb pour vous assurer que la conversation est en quarantaine. (Sachez que Openai peut toujours conserver la transcription jusqu&rsquo;\u00e0 30 jours.) <\/p>\n<p><script async src=\"https:\/\/platform.twitter.com\/widgets.js\" charset=\"utf-8\"><\/script><\/p>\n","protected":false},"excerpt":{"rendered":"<p>Un chatbot n&rsquo;oublie jamais. Faites attention \u00e0 ce que vous partagez avec Chatgpt ces jours-ci: cela se souviendra de tout ce que vous dites. En<\/p>\n","protected":false},"author":1,"featured_media":6618,"comment_status":"","ping_status":"","sticky":false,"template":"","format":"standard","meta":{"footnotes":""},"categories":[13],"tags":[2550,1177,3124,851,4494,6310,236,4],"class_list":["post-6646","post","type-post","status-publish","format-standard","has-post-thumbnail","hentry","category-technologie","tag-bientot","tag-chatgpt","tag-dit","tag-jamais","tag-lavez","tag-souviendra","tag-tout","tag-vous","generate-columns","tablet-grid-50","mobile-grid-100","grid-parent","grid-33"],"yoast_head":"<!-- This site is optimized with the Yoast SEO plugin v24.0 - https:\/\/yoast.com\/wordpress\/plugins\/seo\/ -->\n<title>Chatgpt se souviendra bient\u00f4t de tout ce que vous l&#039;avez jamais dit | Vie Associative<\/title>\n<meta name=\"robots\" content=\"index, follow, max-snippet:-1, max-image-preview:large, max-video-preview:-1\" \/>\n<link rel=\"canonical\" href=\"https:\/\/vieassociative.be\/actualites\/chatgpt-se-souviendra-bientot-de-tout-ce-que-vous-lavez-jamais-dit-2\/\" \/>\n<meta property=\"og:locale\" content=\"fr_FR\" \/>\n<meta property=\"og:type\" content=\"article\" \/>\n<meta property=\"og:title\" content=\"Chatgpt se souviendra bient\u00f4t de tout ce que vous l&#039;avez jamais dit | Vie Associative\" \/>\n<meta property=\"og:description\" content=\"Un chatbot n&rsquo;oublie jamais. Faites attention \u00e0 ce que vous partagez avec Chatgpt ces jours-ci: cela se souviendra de tout ce que vous dites. En\" \/>\n<meta property=\"og:url\" content=\"https:\/\/vieassociative.be\/actualites\/chatgpt-se-souviendra-bientot-de-tout-ce-que-vous-lavez-jamais-dit-2\/\" \/>\n<meta property=\"og:site_name\" content=\"Vie Associative\" \/>\n<meta property=\"article:published_time\" content=\"2025-04-12T06:17:21+00:00\" \/>\n<meta property=\"og:image\" content=\"https:\/\/vieassociative.be\/actualites\/wp-content\/uploads\/2024\/09\/header_backgroundk-01-e1726694325946.png\" \/>\n\t<meta property=\"og:image:width\" content=\"279\" \/>\n\t<meta property=\"og:image:height\" content=\"92\" \/>\n\t<meta property=\"og:image:type\" content=\"image\/png\" \/>\n<meta name=\"author\" content=\"Julien\" \/>\n<meta name=\"twitter:card\" content=\"summary_large_image\" \/>\n<meta name=\"twitter:label1\" content=\"\u00c9crit par\" \/>\n\t<meta name=\"twitter:data1\" content=\"Julien\" \/>\n\t<meta name=\"twitter:label2\" content=\"Dur\u00e9e de lecture est.\" \/>\n\t<meta name=\"twitter:data2\" content=\"4 minutes\" \/>\n<script type=\"application\/ld+json\" class=\"yoast-schema-graph\">{\"@context\":\"https:\/\/schema.org\",\"@graph\":[{\"@type\":\"Article\",\"@id\":\"https:\/\/vieassociative.be\/actualites\/chatgpt-se-souviendra-bientot-de-tout-ce-que-vous-lavez-jamais-dit-2\/#article\",\"isPartOf\":{\"@id\":\"https:\/\/vieassociative.be\/actualites\/chatgpt-se-souviendra-bientot-de-tout-ce-que-vous-lavez-jamais-dit-2\/\"},\"author\":{\"name\":\"Julien\",\"@id\":\"https:\/\/vieassociative.be\/actualites\/#\/schema\/person\/b87ac4f82f9d4e7b7cec7395b679edc4\"},\"headline\":\"Chatgpt se souviendra bient\u00f4t de tout ce que vous l&rsquo;avez jamais dit\",\"datePublished\":\"2025-04-12T06:17:21+00:00\",\"dateModified\":\"2025-04-12T06:17:21+00:00\",\"mainEntityOfPage\":{\"@id\":\"https:\/\/vieassociative.be\/actualites\/chatgpt-se-souviendra-bientot-de-tout-ce-que-vous-lavez-jamais-dit-2\/\"},\"wordCount\":798,\"publisher\":{\"@id\":\"https:\/\/vieassociative.be\/actualites\/#organization\"},\"image\":{\"@id\":\"https:\/\/vieassociative.be\/actualites\/chatgpt-se-souviendra-bientot-de-tout-ce-que-vous-lavez-jamais-dit-2\/#primaryimage\"},\"thumbnailUrl\":\"https:\/\/vieassociative.be\/actualites\/wp-content\/uploads\/2025\/04\/Chatgpt-se-souviendra-bientot-de-tout-ce-que-vous-lavez.jpg\",\"keywords\":[\"bient\u00f4t\",\"ChatGPT\",\"dit\",\"jamais\",\"lavez\",\"souviendra\",\"tout\",\"Vous\"],\"articleSection\":[\"Technologie\"],\"inLanguage\":\"fr-BE\"},{\"@type\":\"WebPage\",\"@id\":\"https:\/\/vieassociative.be\/actualites\/chatgpt-se-souviendra-bientot-de-tout-ce-que-vous-lavez-jamais-dit-2\/\",\"url\":\"https:\/\/vieassociative.be\/actualites\/chatgpt-se-souviendra-bientot-de-tout-ce-que-vous-lavez-jamais-dit-2\/\",\"name\":\"Chatgpt se souviendra bient\u00f4t de tout ce que vous l'avez jamais dit | Vie Associative\",\"isPartOf\":{\"@id\":\"https:\/\/vieassociative.be\/actualites\/#website\"},\"primaryImageOfPage\":{\"@id\":\"https:\/\/vieassociative.be\/actualites\/chatgpt-se-souviendra-bientot-de-tout-ce-que-vous-lavez-jamais-dit-2\/#primaryimage\"},\"image\":{\"@id\":\"https:\/\/vieassociative.be\/actualites\/chatgpt-se-souviendra-bientot-de-tout-ce-que-vous-lavez-jamais-dit-2\/#primaryimage\"},\"thumbnailUrl\":\"https:\/\/vieassociative.be\/actualites\/wp-content\/uploads\/2025\/04\/Chatgpt-se-souviendra-bientot-de-tout-ce-que-vous-lavez.jpg\",\"datePublished\":\"2025-04-12T06:17:21+00:00\",\"dateModified\":\"2025-04-12T06:17:21+00:00\",\"breadcrumb\":{\"@id\":\"https:\/\/vieassociative.be\/actualites\/chatgpt-se-souviendra-bientot-de-tout-ce-que-vous-lavez-jamais-dit-2\/#breadcrumb\"},\"inLanguage\":\"fr-BE\",\"potentialAction\":[{\"@type\":\"ReadAction\",\"target\":[\"https:\/\/vieassociative.be\/actualites\/chatgpt-se-souviendra-bientot-de-tout-ce-que-vous-lavez-jamais-dit-2\/\"]}]},{\"@type\":\"ImageObject\",\"inLanguage\":\"fr-BE\",\"@id\":\"https:\/\/vieassociative.be\/actualites\/chatgpt-se-souviendra-bientot-de-tout-ce-que-vous-lavez-jamais-dit-2\/#primaryimage\",\"url\":\"https:\/\/vieassociative.be\/actualites\/wp-content\/uploads\/2025\/04\/Chatgpt-se-souviendra-bientot-de-tout-ce-que-vous-lavez.jpg\",\"contentUrl\":\"https:\/\/vieassociative.be\/actualites\/wp-content\/uploads\/2025\/04\/Chatgpt-se-souviendra-bientot-de-tout-ce-que-vous-lavez.jpg\",\"width\":1200,\"height\":675,\"caption\":\"Chatgpt se souviendra bient\u00f4t de tout ce que vous l'avez jamais dit\"},{\"@type\":\"BreadcrumbList\",\"@id\":\"https:\/\/vieassociative.be\/actualites\/chatgpt-se-souviendra-bientot-de-tout-ce-que-vous-lavez-jamais-dit-2\/#breadcrumb\",\"itemListElement\":[{\"@type\":\"ListItem\",\"position\":1,\"name\":\"Accueil\",\"item\":\"https:\/\/vieassociative.be\/actualites\/\"},{\"@type\":\"ListItem\",\"position\":2,\"name\":\"Chatgpt se souviendra bient\u00f4t de tout ce que vous l&rsquo;avez jamais dit\"}]},{\"@type\":\"WebSite\",\"@id\":\"https:\/\/vieassociative.be\/actualites\/#website\",\"url\":\"https:\/\/vieassociative.be\/actualites\/\",\"name\":\"Vie Associative\",\"description\":\"\",\"publisher\":{\"@id\":\"https:\/\/vieassociative.be\/actualites\/#organization\"},\"potentialAction\":[{\"@type\":\"SearchAction\",\"target\":{\"@type\":\"EntryPoint\",\"urlTemplate\":\"https:\/\/vieassociative.be\/actualites\/?s={search_term_string}\"},\"query-input\":{\"@type\":\"PropertyValueSpecification\",\"valueRequired\":true,\"valueName\":\"search_term_string\"}}],\"inLanguage\":\"fr-BE\"},{\"@type\":\"Organization\",\"@id\":\"https:\/\/vieassociative.be\/actualites\/#organization\",\"name\":\"Vie Associative\",\"url\":\"https:\/\/vieassociative.be\/actualites\/\",\"logo\":{\"@type\":\"ImageObject\",\"inLanguage\":\"fr-BE\",\"@id\":\"https:\/\/vieassociative.be\/actualites\/#\/schema\/logo\/image\/\",\"url\":\"https:\/\/vieassociative.be\/actualites\/wp-content\/uploads\/2024\/09\/cropped-vieassociative_favicon.ico.png\",\"contentUrl\":\"https:\/\/vieassociative.be\/actualites\/wp-content\/uploads\/2024\/09\/cropped-vieassociative_favicon.ico.png\",\"width\":512,\"height\":512,\"caption\":\"Vie Associative\"},\"image\":{\"@id\":\"https:\/\/vieassociative.be\/actualites\/#\/schema\/logo\/image\/\"}},{\"@type\":\"Person\",\"@id\":\"https:\/\/vieassociative.be\/actualites\/#\/schema\/person\/b87ac4f82f9d4e7b7cec7395b679edc4\",\"name\":\"Julien\",\"image\":{\"@type\":\"ImageObject\",\"inLanguage\":\"fr-BE\",\"@id\":\"https:\/\/vieassociative.be\/actualites\/#\/schema\/person\/image\/\",\"url\":\"https:\/\/vieassociative.be\/actualites\/wp-content\/uploads\/2024\/09\/vie-associative-1-150x150.jpg\",\"contentUrl\":\"https:\/\/vieassociative.be\/actualites\/wp-content\/uploads\/2024\/09\/vie-associative-1-150x150.jpg\",\"caption\":\"Julien\"},\"description\":\"Je suis Julien, r\u00e9dacteur pour Vie Associative. Passionn\u00e9 par le monde associatif depuis plus de 10 ans, j'ai \u00e0 c\u0153ur de partager des histoires inspirantes et de mettre en lumi\u00e8re les initiatives locales. Mon objectif est de sensibiliser et d'encourager l'engagement communautaire \u00e0 travers mes articles.\",\"sameAs\":[\"https:\/\/vieassociative.be\/\"]}]}<\/script>\n<!-- \/ Yoast SEO plugin. -->","yoast_head_json":{"title":"Chatgpt se souviendra bient\u00f4t de tout ce que vous l'avez jamais dit | Vie Associative","robots":{"index":"index","follow":"follow","max-snippet":"max-snippet:-1","max-image-preview":"max-image-preview:large","max-video-preview":"max-video-preview:-1"},"canonical":"https:\/\/vieassociative.be\/actualites\/chatgpt-se-souviendra-bientot-de-tout-ce-que-vous-lavez-jamais-dit-2\/","og_locale":"fr_FR","og_type":"article","og_title":"Chatgpt se souviendra bient\u00f4t de tout ce que vous l'avez jamais dit | Vie Associative","og_description":"Un chatbot n&rsquo;oublie jamais. Faites attention \u00e0 ce que vous partagez avec Chatgpt ces jours-ci: cela se souviendra de tout ce que vous dites. En","og_url":"https:\/\/vieassociative.be\/actualites\/chatgpt-se-souviendra-bientot-de-tout-ce-que-vous-lavez-jamais-dit-2\/","og_site_name":"Vie Associative","article_published_time":"2025-04-12T06:17:21+00:00","og_image":[{"width":279,"height":92,"url":"https:\/\/vieassociative.be\/actualites\/wp-content\/uploads\/2024\/09\/header_backgroundk-01-e1726694325946.png","type":"image\/png"}],"author":"Julien","twitter_card":"summary_large_image","twitter_misc":{"\u00c9crit par":"Julien","Dur\u00e9e de lecture est.":"4 minutes"},"schema":{"@context":"https:\/\/schema.org","@graph":[{"@type":"Article","@id":"https:\/\/vieassociative.be\/actualites\/chatgpt-se-souviendra-bientot-de-tout-ce-que-vous-lavez-jamais-dit-2\/#article","isPartOf":{"@id":"https:\/\/vieassociative.be\/actualites\/chatgpt-se-souviendra-bientot-de-tout-ce-que-vous-lavez-jamais-dit-2\/"},"author":{"name":"Julien","@id":"https:\/\/vieassociative.be\/actualites\/#\/schema\/person\/b87ac4f82f9d4e7b7cec7395b679edc4"},"headline":"Chatgpt se souviendra bient\u00f4t de tout ce que vous l&rsquo;avez jamais dit","datePublished":"2025-04-12T06:17:21+00:00","dateModified":"2025-04-12T06:17:21+00:00","mainEntityOfPage":{"@id":"https:\/\/vieassociative.be\/actualites\/chatgpt-se-souviendra-bientot-de-tout-ce-que-vous-lavez-jamais-dit-2\/"},"wordCount":798,"publisher":{"@id":"https:\/\/vieassociative.be\/actualites\/#organization"},"image":{"@id":"https:\/\/vieassociative.be\/actualites\/chatgpt-se-souviendra-bientot-de-tout-ce-que-vous-lavez-jamais-dit-2\/#primaryimage"},"thumbnailUrl":"https:\/\/vieassociative.be\/actualites\/wp-content\/uploads\/2025\/04\/Chatgpt-se-souviendra-bientot-de-tout-ce-que-vous-lavez.jpg","keywords":["bient\u00f4t","ChatGPT","dit","jamais","lavez","souviendra","tout","Vous"],"articleSection":["Technologie"],"inLanguage":"fr-BE"},{"@type":"WebPage","@id":"https:\/\/vieassociative.be\/actualites\/chatgpt-se-souviendra-bientot-de-tout-ce-que-vous-lavez-jamais-dit-2\/","url":"https:\/\/vieassociative.be\/actualites\/chatgpt-se-souviendra-bientot-de-tout-ce-que-vous-lavez-jamais-dit-2\/","name":"Chatgpt se souviendra bient\u00f4t de tout ce que vous l'avez jamais dit | Vie Associative","isPartOf":{"@id":"https:\/\/vieassociative.be\/actualites\/#website"},"primaryImageOfPage":{"@id":"https:\/\/vieassociative.be\/actualites\/chatgpt-se-souviendra-bientot-de-tout-ce-que-vous-lavez-jamais-dit-2\/#primaryimage"},"image":{"@id":"https:\/\/vieassociative.be\/actualites\/chatgpt-se-souviendra-bientot-de-tout-ce-que-vous-lavez-jamais-dit-2\/#primaryimage"},"thumbnailUrl":"https:\/\/vieassociative.be\/actualites\/wp-content\/uploads\/2025\/04\/Chatgpt-se-souviendra-bientot-de-tout-ce-que-vous-lavez.jpg","datePublished":"2025-04-12T06:17:21+00:00","dateModified":"2025-04-12T06:17:21+00:00","breadcrumb":{"@id":"https:\/\/vieassociative.be\/actualites\/chatgpt-se-souviendra-bientot-de-tout-ce-que-vous-lavez-jamais-dit-2\/#breadcrumb"},"inLanguage":"fr-BE","potentialAction":[{"@type":"ReadAction","target":["https:\/\/vieassociative.be\/actualites\/chatgpt-se-souviendra-bientot-de-tout-ce-que-vous-lavez-jamais-dit-2\/"]}]},{"@type":"ImageObject","inLanguage":"fr-BE","@id":"https:\/\/vieassociative.be\/actualites\/chatgpt-se-souviendra-bientot-de-tout-ce-que-vous-lavez-jamais-dit-2\/#primaryimage","url":"https:\/\/vieassociative.be\/actualites\/wp-content\/uploads\/2025\/04\/Chatgpt-se-souviendra-bientot-de-tout-ce-que-vous-lavez.jpg","contentUrl":"https:\/\/vieassociative.be\/actualites\/wp-content\/uploads\/2025\/04\/Chatgpt-se-souviendra-bientot-de-tout-ce-que-vous-lavez.jpg","width":1200,"height":675,"caption":"Chatgpt se souviendra bient\u00f4t de tout ce que vous l'avez jamais dit"},{"@type":"BreadcrumbList","@id":"https:\/\/vieassociative.be\/actualites\/chatgpt-se-souviendra-bientot-de-tout-ce-que-vous-lavez-jamais-dit-2\/#breadcrumb","itemListElement":[{"@type":"ListItem","position":1,"name":"Accueil","item":"https:\/\/vieassociative.be\/actualites\/"},{"@type":"ListItem","position":2,"name":"Chatgpt se souviendra bient\u00f4t de tout ce que vous l&rsquo;avez jamais dit"}]},{"@type":"WebSite","@id":"https:\/\/vieassociative.be\/actualites\/#website","url":"https:\/\/vieassociative.be\/actualites\/","name":"Vie Associative","description":"","publisher":{"@id":"https:\/\/vieassociative.be\/actualites\/#organization"},"potentialAction":[{"@type":"SearchAction","target":{"@type":"EntryPoint","urlTemplate":"https:\/\/vieassociative.be\/actualites\/?s={search_term_string}"},"query-input":{"@type":"PropertyValueSpecification","valueRequired":true,"valueName":"search_term_string"}}],"inLanguage":"fr-BE"},{"@type":"Organization","@id":"https:\/\/vieassociative.be\/actualites\/#organization","name":"Vie Associative","url":"https:\/\/vieassociative.be\/actualites\/","logo":{"@type":"ImageObject","inLanguage":"fr-BE","@id":"https:\/\/vieassociative.be\/actualites\/#\/schema\/logo\/image\/","url":"https:\/\/vieassociative.be\/actualites\/wp-content\/uploads\/2024\/09\/cropped-vieassociative_favicon.ico.png","contentUrl":"https:\/\/vieassociative.be\/actualites\/wp-content\/uploads\/2024\/09\/cropped-vieassociative_favicon.ico.png","width":512,"height":512,"caption":"Vie Associative"},"image":{"@id":"https:\/\/vieassociative.be\/actualites\/#\/schema\/logo\/image\/"}},{"@type":"Person","@id":"https:\/\/vieassociative.be\/actualites\/#\/schema\/person\/b87ac4f82f9d4e7b7cec7395b679edc4","name":"Julien","image":{"@type":"ImageObject","inLanguage":"fr-BE","@id":"https:\/\/vieassociative.be\/actualites\/#\/schema\/person\/image\/","url":"https:\/\/vieassociative.be\/actualites\/wp-content\/uploads\/2024\/09\/vie-associative-1-150x150.jpg","contentUrl":"https:\/\/vieassociative.be\/actualites\/wp-content\/uploads\/2024\/09\/vie-associative-1-150x150.jpg","caption":"Julien"},"description":"Je suis Julien, r\u00e9dacteur pour Vie Associative. Passionn\u00e9 par le monde associatif depuis plus de 10 ans, j'ai \u00e0 c\u0153ur de partager des histoires inspirantes et de mettre en lumi\u00e8re les initiatives locales. Mon objectif est de sensibiliser et d'encourager l'engagement communautaire \u00e0 travers mes articles.","sameAs":["https:\/\/vieassociative.be\/"]}]}},"_links":{"self":[{"href":"https:\/\/vieassociative.be\/actualites\/wp-json\/wp\/v2\/posts\/6646"}],"collection":[{"href":"https:\/\/vieassociative.be\/actualites\/wp-json\/wp\/v2\/posts"}],"about":[{"href":"https:\/\/vieassociative.be\/actualites\/wp-json\/wp\/v2\/types\/post"}],"author":[{"embeddable":true,"href":"https:\/\/vieassociative.be\/actualites\/wp-json\/wp\/v2\/users\/1"}],"replies":[{"embeddable":true,"href":"https:\/\/vieassociative.be\/actualites\/wp-json\/wp\/v2\/comments?post=6646"}],"version-history":[{"count":0,"href":"https:\/\/vieassociative.be\/actualites\/wp-json\/wp\/v2\/posts\/6646\/revisions"}],"wp:featuredmedia":[{"embeddable":true,"href":"https:\/\/vieassociative.be\/actualites\/wp-json\/wp\/v2\/media\/6618"}],"wp:attachment":[{"href":"https:\/\/vieassociative.be\/actualites\/wp-json\/wp\/v2\/media?parent=6646"}],"wp:term":[{"taxonomy":"category","embeddable":true,"href":"https:\/\/vieassociative.be\/actualites\/wp-json\/wp\/v2\/categories?post=6646"},{"taxonomy":"post_tag","embeddable":true,"href":"https:\/\/vieassociative.be\/actualites\/wp-json\/wp\/v2\/tags?post=6646"}],"curies":[{"name":"wp","href":"https:\/\/api.w.org\/{rel}","templated":true}]}}