{"id":6640,"date":"2025-04-12T04:17:24","date_gmt":"2025-04-12T02:17:24","guid":{"rendered":"https:\/\/vieassociative.be\/actualites\/une-question-delicate-qui-peut-et-doit-etre-posee-aujourdhui-le-president-americain-donald-trump-est-il-fou\/"},"modified":"2025-04-12T04:17:24","modified_gmt":"2025-04-12T02:17:24","slug":"une-question-delicate-qui-peut-et-doit-etre-posee-aujourdhui-le-president-americain-donald-trump-est-il-fou","status":"publish","type":"post","link":"https:\/\/vieassociative.be\/actualites\/une-question-delicate-qui-peut-et-doit-etre-posee-aujourdhui-le-president-americain-donald-trump-est-il-fou\/","title":{"rendered":"Une question d\u00e9licate qui peut et doit \u00eatre pos\u00e9e aujourd&rsquo;hui: le pr\u00e9sident am\u00e9ricain Donald Trump est-il fou?"},"content":{"rendered":"<p><strong>Deux journaux du quotidien belge &#8211; Sudpresse et \u00ab\u00a0La Derni\u00e8re Heure\u00a0\u00bb &#8211; soulevent ce vendredi que, avant la performance du serment de Donald Trump en tant que 47e pr\u00e9sident des \u00c9tats-Unis le 20 janvier 2025, \u00e0 peine personne, sans parler d&rsquo;un journal quotidien: Donald Trump est-il fou?<\/strong><\/p>\n<p><span id=\"more-413180\"><\/span>Sudpresse \u00e9crit: \u00ab\u00a0U -Turn de Trump en ce qui concerne les tarifs, l&rsquo;\u00e9pisode de l&rsquo;ovale Oval Office avec Selenskyj, sa r\u00e9action apr\u00e8s la tentative d&rsquo;assassiner, ses gestes obsc\u00e8nes &#8230; Trump est-il fou?\u00a0\u00bb <\/p>\n<p>L&rsquo;\u00e9quipe \u00e9ditoriale de Sudpresse a pos\u00e9 la question de Stephan Van Den Broecke, professeur de psychologie politique \u00e0 Uclouvain.<\/p>\n<p>Au d\u00e9but, Sudpresse voulait savoir comment la grande diff\u00e9rence dans le comportement de Donald Trump dans son deuxi\u00e8me mandat par rapport au premier de 2017 \u00e0 2021. Van le Broecke dit: \u00ab\u00a0En tout cas, quelque chose de tr\u00e8s important n&rsquo;a chang\u00e9: personne ne retienne aujourd&rsquo;hui ou n&rsquo;est l\u00e0 pour le calmer! To Think etc.\u00a0\u00bb<\/p>\n<div id=\"attachment_407605\" class=\"wp-caption alignleft\" style=\"max-width: 300px\"><img fetchpriority=\"high\" decoding=\"async\" class=\"wp-image-407605 size-medium\" src=\"https:\/\/vieassociative.be\/actualites\/wp-content\/uploads\/2025\/04\/Une-question-delicate-qui-peut-et-doit-etre-posee-aujourdhui.jpg\" alt=\"\" width=\"300\" height=\"200\"><\/p>\n<p class=\"wp-caption-text\">04.02.2025, \u00c9tats-Unis, Washington: le pr\u00e9sident am\u00e9ricain Donald Trump montre un document qu&rsquo;il a sign\u00e9 dans le bureau ovale de la Maison Blanche. Il s&rsquo;agit du r\u00e8glement de mise en \u0153uvre pour quitter le Conseil des droits de l&rsquo;homme des Nations Unies. Photo: Evan Vucci \/ AP \/ DPA<\/p>\n<\/div>\n<p>Selon Van Den Broecke, il y a m\u00eame un danger dans ce deuxi\u00e8me terme qui est encore plus grand que la personnalit\u00e9 de Trump lui-m\u00eame: \u00ab\u00a0C&rsquo;est le manque de r\u00e9sistance des pouvoirs oppos\u00e9s. J&rsquo;esp\u00e8re que m\u00eame s&rsquo;il a une majorit\u00e9 r\u00e9publicaine, il r\u00e9ussit \u00e0 contrer sa tendance dictatoriale.\u00a0\u00bb<\/p>\n<p>La personnalit\u00e9 de Trump dans le bureau ovale avec le pr\u00e9sident ukrainien Wolodymyr Selenskyj le 28 f\u00e9vrier 2025 \u00e9tait la plus \u00e9vidente. Trump s&rsquo;est montr\u00e9 de mani\u00e8re tr\u00e8s agressive et narcissique: \u00ab\u00a0Trump se pr\u00e9sente comme le pr\u00e9sident le plus important des \u00c9tats-Unis de l&rsquo;histoire, comme la personnalit\u00e9 la plus importante du monde. Dans la s\u00e9rie sur les frais de douane, il a fait un revirement, mais finalement il dit. Je d\u00e9cide. J&rsquo;augmente les t\u00e2ches d&rsquo;importation, je les baisse, je d\u00e9cide, je d\u00e9cide.\u00a0\u00bb<\/p>\n<p>Lorsqu&rsquo;on lui a demand\u00e9 comment le narcissisme de Trump peut \u00eatre expliqu\u00e9, le professeur de psychologie politique \u00e0 l&rsquo;Uclouvain a r\u00e9pondu: \u00ab\u00a0Il est souvent li\u00e9 \u00e0 un probl\u00e8me qui s&rsquo;est produit dans la jeunesse. Le livre de Mary Trump, le cousin de Donald Trump, le psychologue, d\u00e9crit un jeunesse relativement malheureux dans la vie de Donald Trump. Son p\u00e8re, un homme d&rsquo;affaires,, n&rsquo;a pas \u00e9t\u00e9 tr\u00e8s chaleureux pour r\u00e9ussir.\u00a0\u00bb<\/p>\n<p>Cependant, Trump a r\u00e9ussi dans les affaires et la politique, r\u00e9pond Sudpresse. Van r\u00e9agit au Broecke comme suit: \u00ab\u00a0Dans l&rsquo;\u00e9conomie? Ceci doit \u00eatre v\u00e9rifi\u00e9. Surtout, il a h\u00e9rit\u00e9 de la fortune et des affaires de son p\u00e8re. Je ne sais pas s&rsquo;il comprend beaucoup.<\/p>\n<div id=\"attachment_409521\" class=\"wp-caption alignleft\" style=\"max-width: 300px\"><img decoding=\"async\" class=\"wp-image-409521 size-medium\" src=\"https:\/\/vieassociative.be\/actualites\/wp-content\/uploads\/2025\/04\/1744424244_623_Une-question-delicate-qui-peut-et-doit-etre-posee-aujourdhui.jpg\" alt=\"\" width=\"300\" height=\"200\"><\/p>\n<p class=\"wp-caption-text\">28.02.2025, \u00c9tats-Unis, Washington: le pr\u00e9sident am\u00e9ricain Donald Trump (Middle R) rencontre le pr\u00e9sident ukrainien Wolodymyr Selenskyj (Centre L) en pr\u00e9sence du ministre am\u00e9ricain des Affaires \u00e9trang\u00e8res Marco Rubio (R) et du vice-pr\u00e9sident am\u00e9ricain JD Vance (2e de la r\u00e9alit\u00e9 virtuelle) au bureau ovale de la Maison Blanche. Photo: Mystyslav Chernov \/ AP \/ DPA<\/p>\n<\/div>\n<p>Lorsqu&rsquo;on lui a demand\u00e9 si Trump \u00e9tait similaire au pr\u00e9sident russe Vladimir Poutine ou \u00e0 d&rsquo;autres personnalit\u00e9s, Van den Broecke r\u00e9pond: \u00ab\u00a0Poutine et Trump ont la m\u00eame sociopathie. Les deux manquent d&#8217;empathie, ils ne prennent pas soin des autres, sont difficiles \u00e0 mettre dans les autres et ne sont pas conscients des effets pour les autres. Les deux ont \u00e9galement une tr\u00e8s bonne image de soi.<\/p>\n<p>\u00ab\u00a0Je ne dis pas que Trump est fou ou n&rsquo;est pas fou. (Cre)<\/p>\n","protected":false},"excerpt":{"rendered":"<p>Deux journaux du quotidien belge &#8211; Sudpresse et \u00ab\u00a0La Derni\u00e8re Heure\u00a0\u00bb &#8211; soulevent ce vendredi que, avant la performance du serment de Donald Trump en<\/p>\n","protected":false},"author":1,"featured_media":6641,"comment_status":"","ping_status":"","sticky":false,"template":"","format":"standard","meta":{"footnotes":""},"categories":[298],"tags":[10,2330,6333,2552,2424,586,23,4523,22,4103,3075,2519,99,2425,110],"class_list":["post-6640","post","type-post","status-publish","format-standard","has-post-thumbnail","hentry","category-belgique","tag-americain","tag-aujourdhui","tag-delicate","tag-doit","tag-donald","tag-estil","tag-etre","tag-fou","tag-peut","tag-posee","tag-president","tag-question","tag-qui","tag-trump","tag-une","generate-columns","tablet-grid-50","mobile-grid-100","grid-parent","grid-33"],"yoast_head":"<!-- This site is optimized with the Yoast SEO plugin v24.0 - https:\/\/yoast.com\/wordpress\/plugins\/seo\/ -->\n<title>Une question d\u00e9licate qui peut et doit \u00eatre pos\u00e9e aujourd&#039;hui: le pr\u00e9sident am\u00e9ricain Donald Trump est-il fou? | Vie Associative<\/title>\n<meta name=\"robots\" content=\"index, follow, max-snippet:-1, max-image-preview:large, max-video-preview:-1\" \/>\n<link rel=\"canonical\" href=\"https:\/\/vieassociative.be\/actualites\/une-question-delicate-qui-peut-et-doit-etre-posee-aujourdhui-le-president-americain-donald-trump-est-il-fou\/\" \/>\n<meta property=\"og:locale\" content=\"fr_FR\" \/>\n<meta property=\"og:type\" content=\"article\" \/>\n<meta property=\"og:title\" content=\"Une question d\u00e9licate qui peut et doit \u00eatre pos\u00e9e aujourd&#039;hui: le pr\u00e9sident am\u00e9ricain Donald Trump est-il fou? | Vie Associative\" \/>\n<meta property=\"og:description\" content=\"Deux journaux du quotidien belge &#8211; Sudpresse et \u00ab\u00a0La Derni\u00e8re Heure\u00a0\u00bb &#8211; soulevent ce vendredi que, avant la performance du serment de Donald Trump en\" \/>\n<meta property=\"og:url\" content=\"https:\/\/vieassociative.be\/actualites\/une-question-delicate-qui-peut-et-doit-etre-posee-aujourdhui-le-president-americain-donald-trump-est-il-fou\/\" \/>\n<meta property=\"og:site_name\" content=\"Vie Associative\" \/>\n<meta property=\"article:published_time\" content=\"2025-04-12T02:17:24+00:00\" \/>\n<meta property=\"og:image\" content=\"https:\/\/vieassociative.be\/actualites\/wp-content\/uploads\/2024\/09\/header_backgroundk-01-e1726694325946.png\" \/>\n\t<meta property=\"og:image:width\" content=\"279\" \/>\n\t<meta property=\"og:image:height\" content=\"92\" \/>\n\t<meta property=\"og:image:type\" content=\"image\/png\" \/>\n<meta name=\"author\" content=\"Julien\" \/>\n<meta name=\"twitter:card\" content=\"summary_large_image\" \/>\n<meta name=\"twitter:label1\" content=\"\u00c9crit par\" \/>\n\t<meta name=\"twitter:data1\" content=\"Julien\" \/>\n\t<meta name=\"twitter:label2\" content=\"Dur\u00e9e de lecture est.\" \/>\n\t<meta name=\"twitter:data2\" content=\"3 minutes\" \/>\n<script type=\"application\/ld+json\" class=\"yoast-schema-graph\">{\"@context\":\"https:\/\/schema.org\",\"@graph\":[{\"@type\":\"Article\",\"@id\":\"https:\/\/vieassociative.be\/actualites\/une-question-delicate-qui-peut-et-doit-etre-posee-aujourdhui-le-president-americain-donald-trump-est-il-fou\/#article\",\"isPartOf\":{\"@id\":\"https:\/\/vieassociative.be\/actualites\/une-question-delicate-qui-peut-et-doit-etre-posee-aujourdhui-le-president-americain-donald-trump-est-il-fou\/\"},\"author\":{\"name\":\"Julien\",\"@id\":\"https:\/\/vieassociative.be\/actualites\/#\/schema\/person\/b87ac4f82f9d4e7b7cec7395b679edc4\"},\"headline\":\"Une question d\u00e9licate qui peut et doit \u00eatre pos\u00e9e aujourd&rsquo;hui: le pr\u00e9sident am\u00e9ricain Donald Trump est-il fou?\",\"datePublished\":\"2025-04-12T02:17:24+00:00\",\"dateModified\":\"2025-04-12T02:17:24+00:00\",\"mainEntityOfPage\":{\"@id\":\"https:\/\/vieassociative.be\/actualites\/une-question-delicate-qui-peut-et-doit-etre-posee-aujourdhui-le-president-americain-donald-trump-est-il-fou\/\"},\"wordCount\":664,\"publisher\":{\"@id\":\"https:\/\/vieassociative.be\/actualites\/#organization\"},\"image\":{\"@id\":\"https:\/\/vieassociative.be\/actualites\/une-question-delicate-qui-peut-et-doit-etre-posee-aujourdhui-le-president-americain-donald-trump-est-il-fou\/#primaryimage\"},\"thumbnailUrl\":\"https:\/\/vieassociative.be\/actualites\/wp-content\/uploads\/2025\/04\/1744424245_Une-question-delicate-qui-peut-et-doit-etre-posee-aujourdhui.jpg\",\"keywords\":[\"am\u00e9ricain\",\"aujourdhui\",\"d\u00e9licate\",\"doit\",\"Donald\",\"estil\",\"\u00eatre\",\"fou\",\"peut\",\"pos\u00e9e\",\"pr\u00e9sident\",\"question\",\"qui\",\"Trump\",\"une\"],\"articleSection\":[\"Belgique\"],\"inLanguage\":\"fr-BE\"},{\"@type\":\"WebPage\",\"@id\":\"https:\/\/vieassociative.be\/actualites\/une-question-delicate-qui-peut-et-doit-etre-posee-aujourdhui-le-president-americain-donald-trump-est-il-fou\/\",\"url\":\"https:\/\/vieassociative.be\/actualites\/une-question-delicate-qui-peut-et-doit-etre-posee-aujourdhui-le-president-americain-donald-trump-est-il-fou\/\",\"name\":\"Une question d\u00e9licate qui peut et doit \u00eatre pos\u00e9e aujourd'hui: le pr\u00e9sident am\u00e9ricain Donald Trump est-il fou? | Vie Associative\",\"isPartOf\":{\"@id\":\"https:\/\/vieassociative.be\/actualites\/#website\"},\"primaryImageOfPage\":{\"@id\":\"https:\/\/vieassociative.be\/actualites\/une-question-delicate-qui-peut-et-doit-etre-posee-aujourdhui-le-president-americain-donald-trump-est-il-fou\/#primaryimage\"},\"image\":{\"@id\":\"https:\/\/vieassociative.be\/actualites\/une-question-delicate-qui-peut-et-doit-etre-posee-aujourdhui-le-president-americain-donald-trump-est-il-fou\/#primaryimage\"},\"thumbnailUrl\":\"https:\/\/vieassociative.be\/actualites\/wp-content\/uploads\/2025\/04\/1744424245_Une-question-delicate-qui-peut-et-doit-etre-posee-aujourdhui.jpg\",\"datePublished\":\"2025-04-12T02:17:24+00:00\",\"dateModified\":\"2025-04-12T02:17:24+00:00\",\"breadcrumb\":{\"@id\":\"https:\/\/vieassociative.be\/actualites\/une-question-delicate-qui-peut-et-doit-etre-posee-aujourdhui-le-president-americain-donald-trump-est-il-fou\/#breadcrumb\"},\"inLanguage\":\"fr-BE\",\"potentialAction\":[{\"@type\":\"ReadAction\",\"target\":[\"https:\/\/vieassociative.be\/actualites\/une-question-delicate-qui-peut-et-doit-etre-posee-aujourdhui-le-president-americain-donald-trump-est-il-fou\/\"]}]},{\"@type\":\"ImageObject\",\"inLanguage\":\"fr-BE\",\"@id\":\"https:\/\/vieassociative.be\/actualites\/une-question-delicate-qui-peut-et-doit-etre-posee-aujourdhui-le-president-americain-donald-trump-est-il-fou\/#primaryimage\",\"url\":\"https:\/\/vieassociative.be\/actualites\/wp-content\/uploads\/2025\/04\/1744424245_Une-question-delicate-qui-peut-et-doit-etre-posee-aujourdhui.jpg\",\"contentUrl\":\"https:\/\/vieassociative.be\/actualites\/wp-content\/uploads\/2025\/04\/1744424245_Une-question-delicate-qui-peut-et-doit-etre-posee-aujourdhui.jpg\",\"width\":1200,\"height\":800,\"caption\":\"Une question d\u00e9licate qui peut et doit \u00eatre pos\u00e9e aujourd'hui: le pr\u00e9sident am\u00e9ricain Donald Trump est-il fou?\"},{\"@type\":\"BreadcrumbList\",\"@id\":\"https:\/\/vieassociative.be\/actualites\/une-question-delicate-qui-peut-et-doit-etre-posee-aujourdhui-le-president-americain-donald-trump-est-il-fou\/#breadcrumb\",\"itemListElement\":[{\"@type\":\"ListItem\",\"position\":1,\"name\":\"Accueil\",\"item\":\"https:\/\/vieassociative.be\/actualites\/\"},{\"@type\":\"ListItem\",\"position\":2,\"name\":\"Une question d\u00e9licate qui peut et doit \u00eatre pos\u00e9e aujourd&rsquo;hui: le pr\u00e9sident am\u00e9ricain Donald Trump est-il fou?\"}]},{\"@type\":\"WebSite\",\"@id\":\"https:\/\/vieassociative.be\/actualites\/#website\",\"url\":\"https:\/\/vieassociative.be\/actualites\/\",\"name\":\"Vie Associative\",\"description\":\"\",\"publisher\":{\"@id\":\"https:\/\/vieassociative.be\/actualites\/#organization\"},\"potentialAction\":[{\"@type\":\"SearchAction\",\"target\":{\"@type\":\"EntryPoint\",\"urlTemplate\":\"https:\/\/vieassociative.be\/actualites\/?s={search_term_string}\"},\"query-input\":{\"@type\":\"PropertyValueSpecification\",\"valueRequired\":true,\"valueName\":\"search_term_string\"}}],\"inLanguage\":\"fr-BE\"},{\"@type\":\"Organization\",\"@id\":\"https:\/\/vieassociative.be\/actualites\/#organization\",\"name\":\"Vie Associative\",\"url\":\"https:\/\/vieassociative.be\/actualites\/\",\"logo\":{\"@type\":\"ImageObject\",\"inLanguage\":\"fr-BE\",\"@id\":\"https:\/\/vieassociative.be\/actualites\/#\/schema\/logo\/image\/\",\"url\":\"https:\/\/vieassociative.be\/actualites\/wp-content\/uploads\/2024\/09\/cropped-vieassociative_favicon.ico.png\",\"contentUrl\":\"https:\/\/vieassociative.be\/actualites\/wp-content\/uploads\/2024\/09\/cropped-vieassociative_favicon.ico.png\",\"width\":512,\"height\":512,\"caption\":\"Vie Associative\"},\"image\":{\"@id\":\"https:\/\/vieassociative.be\/actualites\/#\/schema\/logo\/image\/\"}},{\"@type\":\"Person\",\"@id\":\"https:\/\/vieassociative.be\/actualites\/#\/schema\/person\/b87ac4f82f9d4e7b7cec7395b679edc4\",\"name\":\"Julien\",\"image\":{\"@type\":\"ImageObject\",\"inLanguage\":\"fr-BE\",\"@id\":\"https:\/\/vieassociative.be\/actualites\/#\/schema\/person\/image\/\",\"url\":\"https:\/\/vieassociative.be\/actualites\/wp-content\/uploads\/2024\/09\/vie-associative-1-150x150.jpg\",\"contentUrl\":\"https:\/\/vieassociative.be\/actualites\/wp-content\/uploads\/2024\/09\/vie-associative-1-150x150.jpg\",\"caption\":\"Julien\"},\"description\":\"Je suis Julien, r\u00e9dacteur pour Vie Associative. Passionn\u00e9 par le monde associatif depuis plus de 10 ans, j'ai \u00e0 c\u0153ur de partager des histoires inspirantes et de mettre en lumi\u00e8re les initiatives locales. Mon objectif est de sensibiliser et d'encourager l'engagement communautaire \u00e0 travers mes articles.\",\"sameAs\":[\"https:\/\/vieassociative.be\/\"]}]}<\/script>\n<!-- \/ Yoast SEO plugin. -->","yoast_head_json":{"title":"Une question d\u00e9licate qui peut et doit \u00eatre pos\u00e9e aujourd'hui: le pr\u00e9sident am\u00e9ricain Donald Trump est-il fou? | Vie Associative","robots":{"index":"index","follow":"follow","max-snippet":"max-snippet:-1","max-image-preview":"max-image-preview:large","max-video-preview":"max-video-preview:-1"},"canonical":"https:\/\/vieassociative.be\/actualites\/une-question-delicate-qui-peut-et-doit-etre-posee-aujourdhui-le-president-americain-donald-trump-est-il-fou\/","og_locale":"fr_FR","og_type":"article","og_title":"Une question d\u00e9licate qui peut et doit \u00eatre pos\u00e9e aujourd'hui: le pr\u00e9sident am\u00e9ricain Donald Trump est-il fou? | Vie Associative","og_description":"Deux journaux du quotidien belge &#8211; Sudpresse et \u00ab\u00a0La Derni\u00e8re Heure\u00a0\u00bb &#8211; soulevent ce vendredi que, avant la performance du serment de Donald Trump en","og_url":"https:\/\/vieassociative.be\/actualites\/une-question-delicate-qui-peut-et-doit-etre-posee-aujourdhui-le-president-americain-donald-trump-est-il-fou\/","og_site_name":"Vie Associative","article_published_time":"2025-04-12T02:17:24+00:00","og_image":[{"width":279,"height":92,"url":"https:\/\/vieassociative.be\/actualites\/wp-content\/uploads\/2024\/09\/header_backgroundk-01-e1726694325946.png","type":"image\/png"}],"author":"Julien","twitter_card":"summary_large_image","twitter_misc":{"\u00c9crit par":"Julien","Dur\u00e9e de lecture est.":"3 minutes"},"schema":{"@context":"https:\/\/schema.org","@graph":[{"@type":"Article","@id":"https:\/\/vieassociative.be\/actualites\/une-question-delicate-qui-peut-et-doit-etre-posee-aujourdhui-le-president-americain-donald-trump-est-il-fou\/#article","isPartOf":{"@id":"https:\/\/vieassociative.be\/actualites\/une-question-delicate-qui-peut-et-doit-etre-posee-aujourdhui-le-president-americain-donald-trump-est-il-fou\/"},"author":{"name":"Julien","@id":"https:\/\/vieassociative.be\/actualites\/#\/schema\/person\/b87ac4f82f9d4e7b7cec7395b679edc4"},"headline":"Une question d\u00e9licate qui peut et doit \u00eatre pos\u00e9e aujourd&rsquo;hui: le pr\u00e9sident am\u00e9ricain Donald Trump est-il fou?","datePublished":"2025-04-12T02:17:24+00:00","dateModified":"2025-04-12T02:17:24+00:00","mainEntityOfPage":{"@id":"https:\/\/vieassociative.be\/actualites\/une-question-delicate-qui-peut-et-doit-etre-posee-aujourdhui-le-president-americain-donald-trump-est-il-fou\/"},"wordCount":664,"publisher":{"@id":"https:\/\/vieassociative.be\/actualites\/#organization"},"image":{"@id":"https:\/\/vieassociative.be\/actualites\/une-question-delicate-qui-peut-et-doit-etre-posee-aujourdhui-le-president-americain-donald-trump-est-il-fou\/#primaryimage"},"thumbnailUrl":"https:\/\/vieassociative.be\/actualites\/wp-content\/uploads\/2025\/04\/1744424245_Une-question-delicate-qui-peut-et-doit-etre-posee-aujourdhui.jpg","keywords":["am\u00e9ricain","aujourdhui","d\u00e9licate","doit","Donald","estil","\u00eatre","fou","peut","pos\u00e9e","pr\u00e9sident","question","qui","Trump","une"],"articleSection":["Belgique"],"inLanguage":"fr-BE"},{"@type":"WebPage","@id":"https:\/\/vieassociative.be\/actualites\/une-question-delicate-qui-peut-et-doit-etre-posee-aujourdhui-le-president-americain-donald-trump-est-il-fou\/","url":"https:\/\/vieassociative.be\/actualites\/une-question-delicate-qui-peut-et-doit-etre-posee-aujourdhui-le-president-americain-donald-trump-est-il-fou\/","name":"Une question d\u00e9licate qui peut et doit \u00eatre pos\u00e9e aujourd'hui: le pr\u00e9sident am\u00e9ricain Donald Trump est-il fou? | Vie Associative","isPartOf":{"@id":"https:\/\/vieassociative.be\/actualites\/#website"},"primaryImageOfPage":{"@id":"https:\/\/vieassociative.be\/actualites\/une-question-delicate-qui-peut-et-doit-etre-posee-aujourdhui-le-president-americain-donald-trump-est-il-fou\/#primaryimage"},"image":{"@id":"https:\/\/vieassociative.be\/actualites\/une-question-delicate-qui-peut-et-doit-etre-posee-aujourdhui-le-president-americain-donald-trump-est-il-fou\/#primaryimage"},"thumbnailUrl":"https:\/\/vieassociative.be\/actualites\/wp-content\/uploads\/2025\/04\/1744424245_Une-question-delicate-qui-peut-et-doit-etre-posee-aujourdhui.jpg","datePublished":"2025-04-12T02:17:24+00:00","dateModified":"2025-04-12T02:17:24+00:00","breadcrumb":{"@id":"https:\/\/vieassociative.be\/actualites\/une-question-delicate-qui-peut-et-doit-etre-posee-aujourdhui-le-president-americain-donald-trump-est-il-fou\/#breadcrumb"},"inLanguage":"fr-BE","potentialAction":[{"@type":"ReadAction","target":["https:\/\/vieassociative.be\/actualites\/une-question-delicate-qui-peut-et-doit-etre-posee-aujourdhui-le-president-americain-donald-trump-est-il-fou\/"]}]},{"@type":"ImageObject","inLanguage":"fr-BE","@id":"https:\/\/vieassociative.be\/actualites\/une-question-delicate-qui-peut-et-doit-etre-posee-aujourdhui-le-president-americain-donald-trump-est-il-fou\/#primaryimage","url":"https:\/\/vieassociative.be\/actualites\/wp-content\/uploads\/2025\/04\/1744424245_Une-question-delicate-qui-peut-et-doit-etre-posee-aujourdhui.jpg","contentUrl":"https:\/\/vieassociative.be\/actualites\/wp-content\/uploads\/2025\/04\/1744424245_Une-question-delicate-qui-peut-et-doit-etre-posee-aujourdhui.jpg","width":1200,"height":800,"caption":"Une question d\u00e9licate qui peut et doit \u00eatre pos\u00e9e aujourd'hui: le pr\u00e9sident am\u00e9ricain Donald Trump est-il fou?"},{"@type":"BreadcrumbList","@id":"https:\/\/vieassociative.be\/actualites\/une-question-delicate-qui-peut-et-doit-etre-posee-aujourdhui-le-president-americain-donald-trump-est-il-fou\/#breadcrumb","itemListElement":[{"@type":"ListItem","position":1,"name":"Accueil","item":"https:\/\/vieassociative.be\/actualites\/"},{"@type":"ListItem","position":2,"name":"Une question d\u00e9licate qui peut et doit \u00eatre pos\u00e9e aujourd&rsquo;hui: le pr\u00e9sident am\u00e9ricain Donald Trump est-il fou?"}]},{"@type":"WebSite","@id":"https:\/\/vieassociative.be\/actualites\/#website","url":"https:\/\/vieassociative.be\/actualites\/","name":"Vie Associative","description":"","publisher":{"@id":"https:\/\/vieassociative.be\/actualites\/#organization"},"potentialAction":[{"@type":"SearchAction","target":{"@type":"EntryPoint","urlTemplate":"https:\/\/vieassociative.be\/actualites\/?s={search_term_string}"},"query-input":{"@type":"PropertyValueSpecification","valueRequired":true,"valueName":"search_term_string"}}],"inLanguage":"fr-BE"},{"@type":"Organization","@id":"https:\/\/vieassociative.be\/actualites\/#organization","name":"Vie Associative","url":"https:\/\/vieassociative.be\/actualites\/","logo":{"@type":"ImageObject","inLanguage":"fr-BE","@id":"https:\/\/vieassociative.be\/actualites\/#\/schema\/logo\/image\/","url":"https:\/\/vieassociative.be\/actualites\/wp-content\/uploads\/2024\/09\/cropped-vieassociative_favicon.ico.png","contentUrl":"https:\/\/vieassociative.be\/actualites\/wp-content\/uploads\/2024\/09\/cropped-vieassociative_favicon.ico.png","width":512,"height":512,"caption":"Vie Associative"},"image":{"@id":"https:\/\/vieassociative.be\/actualites\/#\/schema\/logo\/image\/"}},{"@type":"Person","@id":"https:\/\/vieassociative.be\/actualites\/#\/schema\/person\/b87ac4f82f9d4e7b7cec7395b679edc4","name":"Julien","image":{"@type":"ImageObject","inLanguage":"fr-BE","@id":"https:\/\/vieassociative.be\/actualites\/#\/schema\/person\/image\/","url":"https:\/\/vieassociative.be\/actualites\/wp-content\/uploads\/2024\/09\/vie-associative-1-150x150.jpg","contentUrl":"https:\/\/vieassociative.be\/actualites\/wp-content\/uploads\/2024\/09\/vie-associative-1-150x150.jpg","caption":"Julien"},"description":"Je suis Julien, r\u00e9dacteur pour Vie Associative. Passionn\u00e9 par le monde associatif depuis plus de 10 ans, j'ai \u00e0 c\u0153ur de partager des histoires inspirantes et de mettre en lumi\u00e8re les initiatives locales. Mon objectif est de sensibiliser et d'encourager l'engagement communautaire \u00e0 travers mes articles.","sameAs":["https:\/\/vieassociative.be\/"]}]}},"_links":{"self":[{"href":"https:\/\/vieassociative.be\/actualites\/wp-json\/wp\/v2\/posts\/6640"}],"collection":[{"href":"https:\/\/vieassociative.be\/actualites\/wp-json\/wp\/v2\/posts"}],"about":[{"href":"https:\/\/vieassociative.be\/actualites\/wp-json\/wp\/v2\/types\/post"}],"author":[{"embeddable":true,"href":"https:\/\/vieassociative.be\/actualites\/wp-json\/wp\/v2\/users\/1"}],"replies":[{"embeddable":true,"href":"https:\/\/vieassociative.be\/actualites\/wp-json\/wp\/v2\/comments?post=6640"}],"version-history":[{"count":0,"href":"https:\/\/vieassociative.be\/actualites\/wp-json\/wp\/v2\/posts\/6640\/revisions"}],"wp:featuredmedia":[{"embeddable":true,"href":"https:\/\/vieassociative.be\/actualites\/wp-json\/wp\/v2\/media\/6641"}],"wp:attachment":[{"href":"https:\/\/vieassociative.be\/actualites\/wp-json\/wp\/v2\/media?parent=6640"}],"wp:term":[{"taxonomy":"category","embeddable":true,"href":"https:\/\/vieassociative.be\/actualites\/wp-json\/wp\/v2\/categories?post=6640"},{"taxonomy":"post_tag","embeddable":true,"href":"https:\/\/vieassociative.be\/actualites\/wp-json\/wp\/v2\/tags?post=6640"}],"curies":[{"name":"wp","href":"https:\/\/api.w.org\/{rel}","templated":true}]}}