{"id":6638,"date":"2025-04-12T03:18:51","date_gmt":"2025-04-12T01:18:51","guid":{"rendered":"https:\/\/vieassociative.be\/actualites\/microsoft-edge-a-recemment-obtenu-un-boost-de-vitesse\/"},"modified":"2025-04-12T03:18:51","modified_gmt":"2025-04-12T01:18:51","slug":"microsoft-edge-a-recemment-obtenu-un-boost-de-vitesse","status":"publish","type":"post","link":"https:\/\/vieassociative.be\/actualites\/microsoft-edge-a-recemment-obtenu-un-boost-de-vitesse\/","title":{"rendered":"Microsoft Edge a r\u00e9cemment obtenu un boost de vitesse"},"content":{"rendered":"<div class=\"mt-4 leading-6 md:mb-8\">Vous remarquerez peut-\u00eatre des gains jusqu&rsquo;\u00e0 9%.<\/div>\n<p><\/p>\n<p>Pour beaucoup, le seul objectif de Microsoft Edge est de t\u00e9l\u00e9charger enti\u00e8rement un autre navigateur, comme Chrome ou Firefox. Mais ce n&rsquo;est pas Internet Explorer: Edge est un navigateur comp\u00e9tent \u00e0 part enti\u00e8re, que vous ayez un Mac ou un PC. Si vous utilisez le navigateur, vous pourriez \u00eatre agr\u00e9ablement surpris par la fa\u00e7on dont il se sent accrocheur apr\u00e8s l&rsquo;avoir mis \u00e0 jour &#8211; du moins, selon Microsoft.<\/p>\n<h2 id=\"edge-134-and-newers-performance-gains\">Edge 134 et les gains de performance de NOUVERS <\/h2>\n<p>Dans un article de jeudi sur les blogs Windows, Microsoft a confirm\u00e9 que, \u00e0 partir de la version 134, Microsoft Edge est un peu plus rapide que les it\u00e9rations pr\u00e9c\u00e9dentes. En fait, Edge 134 est jusqu&rsquo;\u00e0 9% plus rapide, lorsque vous l&rsquo;ex\u00e9cutez via SpeedBetter 3.0, un outil d&rsquo;analyse comparative pour les navigateurs Web.<\/p>\n<p>Microsoft dit que lors du test de la version 134 de la version 134 sur un Intel i5-13500 ex\u00e9cutant Windows 11, le navigateur marque un 32,7 sur la r\u00e9f\u00e9rence du compteur de vitesse 3.0. La soci\u00e9t\u00e9 la compare \u00e0 Edge 133, qui a marqu\u00e9 29,6, et Edge 132, qui a obtenu un score de 28,8. <\/p>\n<div class=\"eloquent-imagery-image\">\n<div class=\"flex justify-center\">\n                    <img decoding=\"async\" class=\"border border-gray-100\" src=\"https:\/\/vieassociative.be\/actualites\/wp-content\/uploads\/2025\/04\/Microsoft-Edge-a-recemment-obtenu-un-boost-de-vitesse.jpg\" alt=\"Microsoft Chart comparant le bord 132, le bord 133 et le bord 134\" width=\"2000\" height=\"1125\" loading=\"lazy\"  >\n            <\/div>\n<\/p><\/div>\n<p>En plus de ce score de r\u00e9f\u00e9rence brut, Microsoft a vant\u00e9 certaines statistiques Edge 134: la soci\u00e9t\u00e9 affirme que la derni\u00e8re version du navigateur peut naviguer sur le Web 1,7% plus rapidement; Le d\u00e9marrage du navigateur est 2% plus rapide; Et les pages Web sont de 5% \u00e0 7% plus r\u00e9actives par rapport \u00e0 Edge 133. Microsoft a bas\u00e9 ses r\u00e9sultats de sa \u00abt\u00e9l\u00e9m\u00e9trie de terrain\u00bb, ce qui simule comment quelqu&rsquo;un peut utiliser le Web sur divers appareils et sites. <\/p>\n<p>Microsoft n&rsquo;a montr\u00e9 aucun changement sp\u00e9cifique dans Edge 134 qui pourrait contribuer \u00e0 cette augmentation des performances. Cependant, l&rsquo;entreprise attribue le code de code \u00e0 Edge et Chromium (le moteur sous-jacent qui alimente de nombreux navigateurs de toiles, Chrome inclus) pour am\u00e9liorer les vitesses du navigateur. <\/p>\n<p>Microsoft dit que ces am\u00e9liorations peuvent diff\u00e9rer en fonction de votre configuration, ce qui devrait aller sans dire: Edge 134 peut varier en performances entre un PC ex\u00e9cutant Windows 11 et un Mac ex\u00e9cutant MacOS Sequoia. De m\u00eame, un ancien Mac Intel peut fonctionner plus lent que la derni\u00e8re puce Intel sur PC, et il n&rsquo;est pas clair \u00e0 quel point un Mac ex\u00e9cutant le silicium Apple en cours de silicium se compare \u00e0 d&rsquo;autres appareils. Quelle que soit votre configuration, vous pouvez probablement vous attendre \u00e0 ce que cette derni\u00e8re version de Microsoft Edge fonctionne au moins l\u00e9g\u00e8rement mieux apr\u00e8s la mise \u00e0 jour. <\/p>\n<div class=\"pogoClear relative my-10 border-b-(1.5px) border-t-(1.5px) border-dashed border-black py-5 sm:my-14 sm:border-0 sm:py-0\" x-cloak x-data=\"{ commentsCount: null }\" x-init=\"commentsCount = await window.openweb.getMessagesCount(01JRJR0JQNR5F9711V3K5CJ9ZF)\" x-show=\"commentsCount !== null &amp;&amp; commentsCount &gt; 0\">\n<div class=\"absolute top-1\/2 hidden w-full -translate-y-1\/2 border-t-(1.5px) border-dashed border-black sm:block\"><\/div>\n<div class=\"relative flex justify-center\">\n<div class=\"flex max-w-max items-center gap-x-3 bg-white px-5\">\n<div class=\"relative\">\n                <span class=\"absolute left-1\/2 top-1\/2 -translate-x-1\/2 -translate-y-1\/2 font-akshar text-sm font-medium text-black\" x-text=\"commentsCount\"><\/span><\/p>\n<p>                <svg class=\"h-8 w-8 text-black\">\n                    <use href=\"http:\/\/lifehacker.com\/images\/icons\/spritemap.svg#sprite-chat-bubble\"><\/use>\n                <\/svg>\n            <\/div>\n<p>            <span class=\"text-sm font-medium text-black\">Que pensez-vous jusqu&rsquo;\u00e0 pr\u00e9sent? <button class=\"font-semibold text-brand-green underline hover:text-brand-green-700\" onclick=\"window.openweb.scrollToComments(01JRJR0JQNR5F9711V3K5CJ9ZF)\">Publier un commentaire.<\/button><\/span>\n        <\/div>\n<\/p><\/div>\n<\/div>\n<h2 id=\"theres-a-bit-more-to-the-story\">Il y a un peu plus dans l&rsquo;histoire<\/h2>\n<p>Si vous \u00eates un utilisateur Avid Edge, vous savez peut-\u00eatre que Edge 134 n&rsquo;est pas r\u00e9ellement la derni\u00e8re version. Ce serait Edge 135, qui a chut\u00e9 plus t\u00f4t ce mois-ci. Edge 134 est sorti le 6 mars, mais Microsoft n&rsquo;a reconnu ces gains de performances qu&rsquo;au 10 avril. Si vous gardez r\u00e9guli\u00e8rement Edge mis \u00e0 jour, vous avez peut-\u00eatre d\u00e9j\u00e0 v\u00e9cu avec les augmentations de vitesse depuis plus d&rsquo;un mois. Cependant, nous ne le sommes pas tous: lors de la v\u00e9rification de ma propre version d&rsquo;Edge, je l&rsquo;ai trouv\u00e9 toujours sur une version d&rsquo;Edge 133. Maintenant, je suis sur 135 &#8211; je n&rsquo;ai m\u00eame jamais eu la chance d&rsquo;ex\u00e9cuter 134! <\/p>\n<p>Dans mon propre test de test de test tr\u00e8s non officiel de 3,0, 135 ne marquaient que 24,4, plus ou moins 0,67. Cela peut sembler faible par rapport aux tests de Microsoft, mais la derni\u00e8re version de Chrome a marqu\u00e9 22,1, plus ou moins 0,28, tandis que Safari a marqu\u00e9 21,5, plus ou moins 0,92. Je soup\u00e7onne que mes diff\u00e9rentes extensions pourraient affecter les scores, mais j&rsquo;ai quitt\u00e9 toutes les autres applications ouvertes pour ex\u00e9cuter le test (je suis sur un M1 Mac). <\/p>\n<p>Les gains de performance ne sont pas les seules am\u00e9liorations \u00e0 Edge cette ann\u00e9e. En f\u00e9vrier, Microsoft a commenc\u00e9 \u00e0 tester une fonctionnalit\u00e9 qui peut bloquer les fen\u00eatres contextuelles en plein \u00e9cran. Peu de temps apr\u00e8s, la soci\u00e9t\u00e9 a d\u00e9ploy\u00e9 une fonctionnalit\u00e9 de gestion de RAM pour les joueurs qui \u00e9taient en b\u00eata depuis un certain temps.   <\/p>\n","protected":false},"excerpt":{"rendered":"<p>Vous remarquerez peut-\u00eatre des gains jusqu&rsquo;\u00e0 9%. Pour beaucoup, le seul objectif de Microsoft Edge est de t\u00e9l\u00e9charger enti\u00e8rement un autre navigateur, comme Chrome ou<\/p>\n","protected":false},"author":1,"featured_media":6639,"comment_status":"","ping_status":"","sticky":false,"template":"","format":"standard","meta":{"footnotes":""},"categories":[13],"tags":[6332,5244,1190,729,6331,5060],"class_list":["post-6638","post","type-post","status-publish","format-standard","has-post-thumbnail","hentry","category-technologie","tag-boost","tag-edge","tag-microsoft","tag-obtenu","tag-recemment","tag-vitesse","generate-columns","tablet-grid-50","mobile-grid-100","grid-parent","grid-33"],"yoast_head":"<!-- This site is optimized with the Yoast SEO plugin v24.0 - https:\/\/yoast.com\/wordpress\/plugins\/seo\/ -->\n<title>Microsoft Edge a r\u00e9cemment obtenu un boost de vitesse | Vie Associative<\/title>\n<meta name=\"robots\" content=\"index, follow, max-snippet:-1, max-image-preview:large, max-video-preview:-1\" \/>\n<link rel=\"canonical\" href=\"https:\/\/vieassociative.be\/actualites\/microsoft-edge-a-recemment-obtenu-un-boost-de-vitesse\/\" \/>\n<meta property=\"og:locale\" content=\"fr_FR\" \/>\n<meta property=\"og:type\" content=\"article\" \/>\n<meta property=\"og:title\" content=\"Microsoft Edge a r\u00e9cemment obtenu un boost de vitesse | Vie Associative\" \/>\n<meta property=\"og:description\" content=\"Vous remarquerez peut-\u00eatre des gains jusqu&rsquo;\u00e0 9%. Pour beaucoup, le seul objectif de Microsoft Edge est de t\u00e9l\u00e9charger enti\u00e8rement un autre navigateur, comme Chrome ou\" \/>\n<meta property=\"og:url\" content=\"https:\/\/vieassociative.be\/actualites\/microsoft-edge-a-recemment-obtenu-un-boost-de-vitesse\/\" \/>\n<meta property=\"og:site_name\" content=\"Vie Associative\" \/>\n<meta property=\"article:published_time\" content=\"2025-04-12T01:18:51+00:00\" \/>\n<meta property=\"og:image\" content=\"https:\/\/vieassociative.be\/actualites\/wp-content\/uploads\/2025\/04\/Microsoft-Edge-a-recemment-obtenu-un-boost-de-vitesse.jpg\" \/>\n<meta name=\"author\" content=\"Julien\" \/>\n<meta name=\"twitter:card\" content=\"summary_large_image\" \/>\n<meta name=\"twitter:label1\" content=\"\u00c9crit par\" \/>\n\t<meta name=\"twitter:data1\" content=\"Julien\" \/>\n\t<meta name=\"twitter:label2\" content=\"Dur\u00e9e de lecture est.\" \/>\n\t<meta name=\"twitter:data2\" content=\"4 minutes\" \/>\n<script type=\"application\/ld+json\" class=\"yoast-schema-graph\">{\"@context\":\"https:\/\/schema.org\",\"@graph\":[{\"@type\":\"Article\",\"@id\":\"https:\/\/vieassociative.be\/actualites\/microsoft-edge-a-recemment-obtenu-un-boost-de-vitesse\/#article\",\"isPartOf\":{\"@id\":\"https:\/\/vieassociative.be\/actualites\/microsoft-edge-a-recemment-obtenu-un-boost-de-vitesse\/\"},\"author\":{\"name\":\"Julien\",\"@id\":\"https:\/\/vieassociative.be\/actualites\/#\/schema\/person\/b87ac4f82f9d4e7b7cec7395b679edc4\"},\"headline\":\"Microsoft Edge a r\u00e9cemment obtenu un boost de vitesse\",\"datePublished\":\"2025-04-12T01:18:51+00:00\",\"dateModified\":\"2025-04-12T01:18:51+00:00\",\"mainEntityOfPage\":{\"@id\":\"https:\/\/vieassociative.be\/actualites\/microsoft-edge-a-recemment-obtenu-un-boost-de-vitesse\/\"},\"wordCount\":731,\"publisher\":{\"@id\":\"https:\/\/vieassociative.be\/actualites\/#organization\"},\"image\":{\"@id\":\"https:\/\/vieassociative.be\/actualites\/microsoft-edge-a-recemment-obtenu-un-boost-de-vitesse\/#primaryimage\"},\"thumbnailUrl\":\"https:\/\/vieassociative.be\/actualites\/wp-content\/uploads\/2025\/04\/Microsoft-Edge-a-recemment-obtenu-un-boost-de-vitesse.png\",\"keywords\":[\"boost\",\"Edge\",\"Microsoft\",\"obtenu\",\"r\u00e9cemment\",\"vitesse\"],\"articleSection\":[\"Technologie\"],\"inLanguage\":\"fr-BE\"},{\"@type\":\"WebPage\",\"@id\":\"https:\/\/vieassociative.be\/actualites\/microsoft-edge-a-recemment-obtenu-un-boost-de-vitesse\/\",\"url\":\"https:\/\/vieassociative.be\/actualites\/microsoft-edge-a-recemment-obtenu-un-boost-de-vitesse\/\",\"name\":\"Microsoft Edge a r\u00e9cemment obtenu un boost de vitesse | Vie Associative\",\"isPartOf\":{\"@id\":\"https:\/\/vieassociative.be\/actualites\/#website\"},\"primaryImageOfPage\":{\"@id\":\"https:\/\/vieassociative.be\/actualites\/microsoft-edge-a-recemment-obtenu-un-boost-de-vitesse\/#primaryimage\"},\"image\":{\"@id\":\"https:\/\/vieassociative.be\/actualites\/microsoft-edge-a-recemment-obtenu-un-boost-de-vitesse\/#primaryimage\"},\"thumbnailUrl\":\"https:\/\/vieassociative.be\/actualites\/wp-content\/uploads\/2025\/04\/Microsoft-Edge-a-recemment-obtenu-un-boost-de-vitesse.png\",\"datePublished\":\"2025-04-12T01:18:51+00:00\",\"dateModified\":\"2025-04-12T01:18:51+00:00\",\"breadcrumb\":{\"@id\":\"https:\/\/vieassociative.be\/actualites\/microsoft-edge-a-recemment-obtenu-un-boost-de-vitesse\/#breadcrumb\"},\"inLanguage\":\"fr-BE\",\"potentialAction\":[{\"@type\":\"ReadAction\",\"target\":[\"https:\/\/vieassociative.be\/actualites\/microsoft-edge-a-recemment-obtenu-un-boost-de-vitesse\/\"]}]},{\"@type\":\"ImageObject\",\"inLanguage\":\"fr-BE\",\"@id\":\"https:\/\/vieassociative.be\/actualites\/microsoft-edge-a-recemment-obtenu-un-boost-de-vitesse\/#primaryimage\",\"url\":\"https:\/\/vieassociative.be\/actualites\/wp-content\/uploads\/2025\/04\/Microsoft-Edge-a-recemment-obtenu-un-boost-de-vitesse.png\",\"contentUrl\":\"https:\/\/vieassociative.be\/actualites\/wp-content\/uploads\/2025\/04\/Microsoft-Edge-a-recemment-obtenu-un-boost-de-vitesse.png\",\"width\":1200,\"height\":675,\"caption\":\"Microsoft Edge a r\u00e9cemment obtenu un boost de vitesse\"},{\"@type\":\"BreadcrumbList\",\"@id\":\"https:\/\/vieassociative.be\/actualites\/microsoft-edge-a-recemment-obtenu-un-boost-de-vitesse\/#breadcrumb\",\"itemListElement\":[{\"@type\":\"ListItem\",\"position\":1,\"name\":\"Accueil\",\"item\":\"https:\/\/vieassociative.be\/actualites\/\"},{\"@type\":\"ListItem\",\"position\":2,\"name\":\"Microsoft Edge a r\u00e9cemment obtenu un boost de vitesse\"}]},{\"@type\":\"WebSite\",\"@id\":\"https:\/\/vieassociative.be\/actualites\/#website\",\"url\":\"https:\/\/vieassociative.be\/actualites\/\",\"name\":\"Vie Associative\",\"description\":\"\",\"publisher\":{\"@id\":\"https:\/\/vieassociative.be\/actualites\/#organization\"},\"potentialAction\":[{\"@type\":\"SearchAction\",\"target\":{\"@type\":\"EntryPoint\",\"urlTemplate\":\"https:\/\/vieassociative.be\/actualites\/?s={search_term_string}\"},\"query-input\":{\"@type\":\"PropertyValueSpecification\",\"valueRequired\":true,\"valueName\":\"search_term_string\"}}],\"inLanguage\":\"fr-BE\"},{\"@type\":\"Organization\",\"@id\":\"https:\/\/vieassociative.be\/actualites\/#organization\",\"name\":\"Vie Associative\",\"url\":\"https:\/\/vieassociative.be\/actualites\/\",\"logo\":{\"@type\":\"ImageObject\",\"inLanguage\":\"fr-BE\",\"@id\":\"https:\/\/vieassociative.be\/actualites\/#\/schema\/logo\/image\/\",\"url\":\"https:\/\/vieassociative.be\/actualites\/wp-content\/uploads\/2024\/09\/cropped-vieassociative_favicon.ico.png\",\"contentUrl\":\"https:\/\/vieassociative.be\/actualites\/wp-content\/uploads\/2024\/09\/cropped-vieassociative_favicon.ico.png\",\"width\":512,\"height\":512,\"caption\":\"Vie Associative\"},\"image\":{\"@id\":\"https:\/\/vieassociative.be\/actualites\/#\/schema\/logo\/image\/\"}},{\"@type\":\"Person\",\"@id\":\"https:\/\/vieassociative.be\/actualites\/#\/schema\/person\/b87ac4f82f9d4e7b7cec7395b679edc4\",\"name\":\"Julien\",\"image\":{\"@type\":\"ImageObject\",\"inLanguage\":\"fr-BE\",\"@id\":\"https:\/\/vieassociative.be\/actualites\/#\/schema\/person\/image\/\",\"url\":\"https:\/\/vieassociative.be\/actualites\/wp-content\/uploads\/2024\/09\/vie-associative-1-150x150.jpg\",\"contentUrl\":\"https:\/\/vieassociative.be\/actualites\/wp-content\/uploads\/2024\/09\/vie-associative-1-150x150.jpg\",\"caption\":\"Julien\"},\"description\":\"Je suis Julien, r\u00e9dacteur pour Vie Associative. Passionn\u00e9 par le monde associatif depuis plus de 10 ans, j'ai \u00e0 c\u0153ur de partager des histoires inspirantes et de mettre en lumi\u00e8re les initiatives locales. Mon objectif est de sensibiliser et d'encourager l'engagement communautaire \u00e0 travers mes articles.\",\"sameAs\":[\"https:\/\/vieassociative.be\/\"]}]}<\/script>\n<!-- \/ Yoast SEO plugin. -->","yoast_head_json":{"title":"Microsoft Edge a r\u00e9cemment obtenu un boost de vitesse | Vie Associative","robots":{"index":"index","follow":"follow","max-snippet":"max-snippet:-1","max-image-preview":"max-image-preview:large","max-video-preview":"max-video-preview:-1"},"canonical":"https:\/\/vieassociative.be\/actualites\/microsoft-edge-a-recemment-obtenu-un-boost-de-vitesse\/","og_locale":"fr_FR","og_type":"article","og_title":"Microsoft Edge a r\u00e9cemment obtenu un boost de vitesse | Vie Associative","og_description":"Vous remarquerez peut-\u00eatre des gains jusqu&rsquo;\u00e0 9%. Pour beaucoup, le seul objectif de Microsoft Edge est de t\u00e9l\u00e9charger enti\u00e8rement un autre navigateur, comme Chrome ou","og_url":"https:\/\/vieassociative.be\/actualites\/microsoft-edge-a-recemment-obtenu-un-boost-de-vitesse\/","og_site_name":"Vie Associative","article_published_time":"2025-04-12T01:18:51+00:00","og_image":[{"url":"https:\/\/vieassociative.be\/actualites\/wp-content\/uploads\/2025\/04\/Microsoft-Edge-a-recemment-obtenu-un-boost-de-vitesse.jpg","type":"","width":"","height":""}],"author":"Julien","twitter_card":"summary_large_image","twitter_misc":{"\u00c9crit par":"Julien","Dur\u00e9e de lecture est.":"4 minutes"},"schema":{"@context":"https:\/\/schema.org","@graph":[{"@type":"Article","@id":"https:\/\/vieassociative.be\/actualites\/microsoft-edge-a-recemment-obtenu-un-boost-de-vitesse\/#article","isPartOf":{"@id":"https:\/\/vieassociative.be\/actualites\/microsoft-edge-a-recemment-obtenu-un-boost-de-vitesse\/"},"author":{"name":"Julien","@id":"https:\/\/vieassociative.be\/actualites\/#\/schema\/person\/b87ac4f82f9d4e7b7cec7395b679edc4"},"headline":"Microsoft Edge a r\u00e9cemment obtenu un boost de vitesse","datePublished":"2025-04-12T01:18:51+00:00","dateModified":"2025-04-12T01:18:51+00:00","mainEntityOfPage":{"@id":"https:\/\/vieassociative.be\/actualites\/microsoft-edge-a-recemment-obtenu-un-boost-de-vitesse\/"},"wordCount":731,"publisher":{"@id":"https:\/\/vieassociative.be\/actualites\/#organization"},"image":{"@id":"https:\/\/vieassociative.be\/actualites\/microsoft-edge-a-recemment-obtenu-un-boost-de-vitesse\/#primaryimage"},"thumbnailUrl":"https:\/\/vieassociative.be\/actualites\/wp-content\/uploads\/2025\/04\/Microsoft-Edge-a-recemment-obtenu-un-boost-de-vitesse.png","keywords":["boost","Edge","Microsoft","obtenu","r\u00e9cemment","vitesse"],"articleSection":["Technologie"],"inLanguage":"fr-BE"},{"@type":"WebPage","@id":"https:\/\/vieassociative.be\/actualites\/microsoft-edge-a-recemment-obtenu-un-boost-de-vitesse\/","url":"https:\/\/vieassociative.be\/actualites\/microsoft-edge-a-recemment-obtenu-un-boost-de-vitesse\/","name":"Microsoft Edge a r\u00e9cemment obtenu un boost de vitesse | Vie Associative","isPartOf":{"@id":"https:\/\/vieassociative.be\/actualites\/#website"},"primaryImageOfPage":{"@id":"https:\/\/vieassociative.be\/actualites\/microsoft-edge-a-recemment-obtenu-un-boost-de-vitesse\/#primaryimage"},"image":{"@id":"https:\/\/vieassociative.be\/actualites\/microsoft-edge-a-recemment-obtenu-un-boost-de-vitesse\/#primaryimage"},"thumbnailUrl":"https:\/\/vieassociative.be\/actualites\/wp-content\/uploads\/2025\/04\/Microsoft-Edge-a-recemment-obtenu-un-boost-de-vitesse.png","datePublished":"2025-04-12T01:18:51+00:00","dateModified":"2025-04-12T01:18:51+00:00","breadcrumb":{"@id":"https:\/\/vieassociative.be\/actualites\/microsoft-edge-a-recemment-obtenu-un-boost-de-vitesse\/#breadcrumb"},"inLanguage":"fr-BE","potentialAction":[{"@type":"ReadAction","target":["https:\/\/vieassociative.be\/actualites\/microsoft-edge-a-recemment-obtenu-un-boost-de-vitesse\/"]}]},{"@type":"ImageObject","inLanguage":"fr-BE","@id":"https:\/\/vieassociative.be\/actualites\/microsoft-edge-a-recemment-obtenu-un-boost-de-vitesse\/#primaryimage","url":"https:\/\/vieassociative.be\/actualites\/wp-content\/uploads\/2025\/04\/Microsoft-Edge-a-recemment-obtenu-un-boost-de-vitesse.png","contentUrl":"https:\/\/vieassociative.be\/actualites\/wp-content\/uploads\/2025\/04\/Microsoft-Edge-a-recemment-obtenu-un-boost-de-vitesse.png","width":1200,"height":675,"caption":"Microsoft Edge a r\u00e9cemment obtenu un boost de vitesse"},{"@type":"BreadcrumbList","@id":"https:\/\/vieassociative.be\/actualites\/microsoft-edge-a-recemment-obtenu-un-boost-de-vitesse\/#breadcrumb","itemListElement":[{"@type":"ListItem","position":1,"name":"Accueil","item":"https:\/\/vieassociative.be\/actualites\/"},{"@type":"ListItem","position":2,"name":"Microsoft Edge a r\u00e9cemment obtenu un boost de vitesse"}]},{"@type":"WebSite","@id":"https:\/\/vieassociative.be\/actualites\/#website","url":"https:\/\/vieassociative.be\/actualites\/","name":"Vie Associative","description":"","publisher":{"@id":"https:\/\/vieassociative.be\/actualites\/#organization"},"potentialAction":[{"@type":"SearchAction","target":{"@type":"EntryPoint","urlTemplate":"https:\/\/vieassociative.be\/actualites\/?s={search_term_string}"},"query-input":{"@type":"PropertyValueSpecification","valueRequired":true,"valueName":"search_term_string"}}],"inLanguage":"fr-BE"},{"@type":"Organization","@id":"https:\/\/vieassociative.be\/actualites\/#organization","name":"Vie Associative","url":"https:\/\/vieassociative.be\/actualites\/","logo":{"@type":"ImageObject","inLanguage":"fr-BE","@id":"https:\/\/vieassociative.be\/actualites\/#\/schema\/logo\/image\/","url":"https:\/\/vieassociative.be\/actualites\/wp-content\/uploads\/2024\/09\/cropped-vieassociative_favicon.ico.png","contentUrl":"https:\/\/vieassociative.be\/actualites\/wp-content\/uploads\/2024\/09\/cropped-vieassociative_favicon.ico.png","width":512,"height":512,"caption":"Vie Associative"},"image":{"@id":"https:\/\/vieassociative.be\/actualites\/#\/schema\/logo\/image\/"}},{"@type":"Person","@id":"https:\/\/vieassociative.be\/actualites\/#\/schema\/person\/b87ac4f82f9d4e7b7cec7395b679edc4","name":"Julien","image":{"@type":"ImageObject","inLanguage":"fr-BE","@id":"https:\/\/vieassociative.be\/actualites\/#\/schema\/person\/image\/","url":"https:\/\/vieassociative.be\/actualites\/wp-content\/uploads\/2024\/09\/vie-associative-1-150x150.jpg","contentUrl":"https:\/\/vieassociative.be\/actualites\/wp-content\/uploads\/2024\/09\/vie-associative-1-150x150.jpg","caption":"Julien"},"description":"Je suis Julien, r\u00e9dacteur pour Vie Associative. Passionn\u00e9 par le monde associatif depuis plus de 10 ans, j'ai \u00e0 c\u0153ur de partager des histoires inspirantes et de mettre en lumi\u00e8re les initiatives locales. Mon objectif est de sensibiliser et d'encourager l'engagement communautaire \u00e0 travers mes articles.","sameAs":["https:\/\/vieassociative.be\/"]}]}},"_links":{"self":[{"href":"https:\/\/vieassociative.be\/actualites\/wp-json\/wp\/v2\/posts\/6638"}],"collection":[{"href":"https:\/\/vieassociative.be\/actualites\/wp-json\/wp\/v2\/posts"}],"about":[{"href":"https:\/\/vieassociative.be\/actualites\/wp-json\/wp\/v2\/types\/post"}],"author":[{"embeddable":true,"href":"https:\/\/vieassociative.be\/actualites\/wp-json\/wp\/v2\/users\/1"}],"replies":[{"embeddable":true,"href":"https:\/\/vieassociative.be\/actualites\/wp-json\/wp\/v2\/comments?post=6638"}],"version-history":[{"count":0,"href":"https:\/\/vieassociative.be\/actualites\/wp-json\/wp\/v2\/posts\/6638\/revisions"}],"wp:featuredmedia":[{"embeddable":true,"href":"https:\/\/vieassociative.be\/actualites\/wp-json\/wp\/v2\/media\/6639"}],"wp:attachment":[{"href":"https:\/\/vieassociative.be\/actualites\/wp-json\/wp\/v2\/media?parent=6638"}],"wp:term":[{"taxonomy":"category","embeddable":true,"href":"https:\/\/vieassociative.be\/actualites\/wp-json\/wp\/v2\/categories?post=6638"},{"taxonomy":"post_tag","embeddable":true,"href":"https:\/\/vieassociative.be\/actualites\/wp-json\/wp\/v2\/tags?post=6638"}],"curies":[{"name":"wp","href":"https:\/\/api.w.org\/{rel}","templated":true}]}}