{"id":6633,"date":"2025-04-11T22:17:59","date_gmt":"2025-04-11T20:17:59","guid":{"rendered":"https:\/\/vieassociative.be\/actualites\/mockel-ecolo-e23-est-un-nombre-fiable\/"},"modified":"2025-04-11T22:17:59","modified_gmt":"2025-04-11T20:17:59","slug":"mockel-ecolo-e23-est-un-nombre-fiable","status":"publish","type":"post","link":"https:\/\/vieassociative.be\/actualites\/mockel-ecolo-e23-est-un-nombre-fiable\/","title":{"rendered":"Mockel (Ecolo): \u00ab\u00a0E23 est un nombre fiable\u00a0\u00bb"},"content":{"rendered":"<p><strong>Les commentaires de la population de la ligne de bus E23 Eupen-Burg-Reuland ont incit\u00e9 le d\u00e9put\u00e9 r\u00e9gional Ecolo Freddy Mockel, le ministre de la mobilit\u00e9 du Wallon Fran\u00e7ois Desquesnes (Les Engages) de demander des chiffres et des \u00e9valuations d\u00e9taill\u00e9s.<\/strong><\/p>\n<p><span id=\"more-413214\"><\/span>Selon Mockel, les informations dans la r\u00e9ponse sont r\u00e9v\u00e9latrices et informatives. \u00ab\u00a0Le TEC, qui a \u00e9t\u00e9 introduit il y a trois ans, s&rsquo;est r\u00e9v\u00e9l\u00e9.<\/p>\n<p>Le nombre quotidien de passagers de la ligne express E23 entre Eupen et Burg-Reuland est pass\u00e9 de 500 en 2023 \u00e0 600 en 2024. Pendant les vacances, les bus entre 350 (en \u00e9t\u00e9 et hiver) et 550 (pendant les autres vacances) transportent les gens de Hohe Venn. Les arr\u00eats les plus utilis\u00e9s sont Eupen, St. Vith, B\u00fcllingen et B\u00fctgenbach.<\/p>\n<div id=\"attachment_334153\" class=\"wp-caption alignleft\" style=\"max-width: 300px\"><img fetchpriority=\"high\" decoding=\"async\" class=\"wp-image-334153 size-medium\" src=\"https:\/\/vieassociative.be\/actualites\/wp-content\/uploads\/2025\/04\/Mockel-Ecolo-E23-est-un-nombre-fiable.jpeg\" alt=\"\" width=\"300\" height=\"200\"><\/p>\n<p class=\"wp-caption-text\">Le d\u00e9put\u00e9 r\u00e9gional Ecolo Freddy Mockel. Photo: OD<\/p>\n<\/div>\n<p>\u00ab\u00a0\u00c9tant donn\u00e9 que la ligne dessert \u00e9galement une zone touristique, cela m\u00e8ne \u00e0 une bonne charge de travail globale de la ligne \u00e0 diff\u00e9rentes p\u00e9riodes. En plus d&rsquo;excellents num\u00e9ros de passagers \u00e0 l&rsquo;\u00e9cole, les touristes ont \u00e9galement assur\u00e9 une utilisation r\u00e9guli\u00e8re pendant les vacances et les week-ends\u00a0\u00bb, souligne le d\u00e9put\u00e9 r\u00e9gional.<\/p>\n<p>En particulier, Mockel a pos\u00e9 des questions sur l&rsquo;utilisation pendant les heures de diaphonie lorsque les \u00e9l\u00e8ves et les navetteurs utilisent les lignes de bus particuli\u00e8rement intensivement. Selon le ministre Desquesn, le TEC ne compte aucune surcharge probl\u00e9matique de la ligne. Le Tec Vviers-Li\u00e8ge travaille toujours sur une meilleure int\u00e9gration entre la ligne 394 avec un chariot scolaire et la ligne express, surtout dans l&rsquo;apr\u00e8s-midi. Il \u00e9tait tr\u00e8s complexe de concilier les temps de cycle des bus avec les diff\u00e9rents horaires des \u00e9coles. Malheureusement, la fr\u00e9quence ne peut pas \u00eatre augment\u00e9e, car tous les bus disponibles sont utilis\u00e9s aux heures de pointe. La ligne E23 est \u00e9galement une ligne tr\u00e8s fiable, au cours de la p\u00e9riode des mesures, ni les retards ni les suppressions li\u00e9es aux conditions m\u00e9t\u00e9orologiques n&rsquo;ont \u00e9t\u00e9 enregistr\u00e9es.<\/p>\n<p>\u00ab\u00a0De cette fa\u00e7on, le bus peut continuer \u00e0 se transformer en une gamme de mobilit\u00e9 correcte, confortable et fiable dans les zones rurales. Les lignes express et les presque gratuites ont apport\u00e9 une contribution significative \u00e0 de nombreuses personnes. Cela doit \u00eatre obtenu et \u00e9largi\u00a0\u00bb, souligne Freddy Mockel. (Cre)<\/p>\n","protected":false},"excerpt":{"rendered":"<p>Les commentaires de la population de la ligne de bus E23 Eupen-Burg-Reuland ont incit\u00e9 le d\u00e9put\u00e9 r\u00e9gional Ecolo Freddy Mockel, le ministre de la mobilit\u00e9<\/p>\n","protected":false},"author":1,"featured_media":6634,"comment_status":"","ping_status":"","sticky":false,"template":"","format":"standard","meta":{"footnotes":""},"categories":[298],"tags":[6328,2607,76,6329,6327,1695],"class_list":["post-6633","post","type-post","status-publish","format-standard","has-post-thumbnail","hentry","category-belgique","tag-e23","tag-ecolo","tag-est","tag-fiable","tag-mockel","tag-nombre","generate-columns","tablet-grid-50","mobile-grid-100","grid-parent","grid-33"],"yoast_head":"<!-- This site is optimized with the Yoast SEO plugin v24.0 - https:\/\/yoast.com\/wordpress\/plugins\/seo\/ -->\n<title>Mockel (Ecolo): &quot;E23 est un nombre fiable&quot; | Vie Associative<\/title>\n<meta name=\"robots\" content=\"index, follow, max-snippet:-1, max-image-preview:large, max-video-preview:-1\" \/>\n<link rel=\"canonical\" href=\"https:\/\/vieassociative.be\/actualites\/mockel-ecolo-e23-est-un-nombre-fiable\/\" \/>\n<meta property=\"og:locale\" content=\"fr_FR\" \/>\n<meta property=\"og:type\" content=\"article\" \/>\n<meta property=\"og:title\" content=\"Mockel (Ecolo): &quot;E23 est un nombre fiable&quot; | Vie Associative\" \/>\n<meta property=\"og:description\" content=\"Les commentaires de la population de la ligne de bus E23 Eupen-Burg-Reuland ont incit\u00e9 le d\u00e9put\u00e9 r\u00e9gional Ecolo Freddy Mockel, le ministre de la mobilit\u00e9\" \/>\n<meta property=\"og:url\" content=\"https:\/\/vieassociative.be\/actualites\/mockel-ecolo-e23-est-un-nombre-fiable\/\" \/>\n<meta property=\"og:site_name\" content=\"Vie Associative\" \/>\n<meta property=\"article:published_time\" content=\"2025-04-11T20:17:59+00:00\" \/>\n<meta property=\"og:image\" content=\"https:\/\/vieassociative.be\/actualites\/wp-content\/uploads\/2024\/09\/header_backgroundk-01-e1726694325946.png\" \/>\n\t<meta property=\"og:image:width\" content=\"279\" \/>\n\t<meta property=\"og:image:height\" content=\"92\" \/>\n\t<meta property=\"og:image:type\" content=\"image\/png\" \/>\n<meta name=\"author\" content=\"Julien\" \/>\n<meta name=\"twitter:card\" content=\"summary_large_image\" \/>\n<meta name=\"twitter:label1\" content=\"\u00c9crit par\" \/>\n\t<meta name=\"twitter:data1\" content=\"Julien\" \/>\n\t<meta name=\"twitter:label2\" content=\"Dur\u00e9e de lecture est.\" \/>\n\t<meta name=\"twitter:data2\" content=\"2 minutes\" \/>\n<script type=\"application\/ld+json\" class=\"yoast-schema-graph\">{\"@context\":\"https:\/\/schema.org\",\"@graph\":[{\"@type\":\"Article\",\"@id\":\"https:\/\/vieassociative.be\/actualites\/mockel-ecolo-e23-est-un-nombre-fiable\/#article\",\"isPartOf\":{\"@id\":\"https:\/\/vieassociative.be\/actualites\/mockel-ecolo-e23-est-un-nombre-fiable\/\"},\"author\":{\"name\":\"Julien\",\"@id\":\"https:\/\/vieassociative.be\/actualites\/#\/schema\/person\/b87ac4f82f9d4e7b7cec7395b679edc4\"},\"headline\":\"Mockel (Ecolo): \u00ab\u00a0E23 est un nombre fiable\u00a0\u00bb\",\"datePublished\":\"2025-04-11T20:17:59+00:00\",\"dateModified\":\"2025-04-11T20:17:59+00:00\",\"mainEntityOfPage\":{\"@id\":\"https:\/\/vieassociative.be\/actualites\/mockel-ecolo-e23-est-un-nombre-fiable\/\"},\"wordCount\":403,\"publisher\":{\"@id\":\"https:\/\/vieassociative.be\/actualites\/#organization\"},\"image\":{\"@id\":\"https:\/\/vieassociative.be\/actualites\/mockel-ecolo-e23-est-un-nombre-fiable\/#primaryimage\"},\"thumbnailUrl\":\"https:\/\/vieassociative.be\/actualites\/wp-content\/uploads\/2025\/04\/1744402680_Mockel-Ecolo-E23-est-un-nombre-fiable.jpeg\",\"keywords\":[\"E23\",\"Ecolo\",\"est\",\"fiable\",\"Mockel\",\"nombre\"],\"articleSection\":[\"Belgique\"],\"inLanguage\":\"fr-BE\"},{\"@type\":\"WebPage\",\"@id\":\"https:\/\/vieassociative.be\/actualites\/mockel-ecolo-e23-est-un-nombre-fiable\/\",\"url\":\"https:\/\/vieassociative.be\/actualites\/mockel-ecolo-e23-est-un-nombre-fiable\/\",\"name\":\"Mockel (Ecolo): \\\"E23 est un nombre fiable\\\" | Vie Associative\",\"isPartOf\":{\"@id\":\"https:\/\/vieassociative.be\/actualites\/#website\"},\"primaryImageOfPage\":{\"@id\":\"https:\/\/vieassociative.be\/actualites\/mockel-ecolo-e23-est-un-nombre-fiable\/#primaryimage\"},\"image\":{\"@id\":\"https:\/\/vieassociative.be\/actualites\/mockel-ecolo-e23-est-un-nombre-fiable\/#primaryimage\"},\"thumbnailUrl\":\"https:\/\/vieassociative.be\/actualites\/wp-content\/uploads\/2025\/04\/1744402680_Mockel-Ecolo-E23-est-un-nombre-fiable.jpeg\",\"datePublished\":\"2025-04-11T20:17:59+00:00\",\"dateModified\":\"2025-04-11T20:17:59+00:00\",\"breadcrumb\":{\"@id\":\"https:\/\/vieassociative.be\/actualites\/mockel-ecolo-e23-est-un-nombre-fiable\/#breadcrumb\"},\"inLanguage\":\"fr-BE\",\"potentialAction\":[{\"@type\":\"ReadAction\",\"target\":[\"https:\/\/vieassociative.be\/actualites\/mockel-ecolo-e23-est-un-nombre-fiable\/\"]}]},{\"@type\":\"ImageObject\",\"inLanguage\":\"fr-BE\",\"@id\":\"https:\/\/vieassociative.be\/actualites\/mockel-ecolo-e23-est-un-nombre-fiable\/#primaryimage\",\"url\":\"https:\/\/vieassociative.be\/actualites\/wp-content\/uploads\/2025\/04\/1744402680_Mockel-Ecolo-E23-est-un-nombre-fiable.jpeg\",\"contentUrl\":\"https:\/\/vieassociative.be\/actualites\/wp-content\/uploads\/2025\/04\/1744402680_Mockel-Ecolo-E23-est-un-nombre-fiable.jpeg\",\"width\":1600,\"height\":900,\"caption\":\"Mockel (Ecolo): \\\"E23 est un nombre fiable\\\"\"},{\"@type\":\"BreadcrumbList\",\"@id\":\"https:\/\/vieassociative.be\/actualites\/mockel-ecolo-e23-est-un-nombre-fiable\/#breadcrumb\",\"itemListElement\":[{\"@type\":\"ListItem\",\"position\":1,\"name\":\"Accueil\",\"item\":\"https:\/\/vieassociative.be\/actualites\/\"},{\"@type\":\"ListItem\",\"position\":2,\"name\":\"Mockel (Ecolo): \u00ab\u00a0E23 est un nombre fiable\u00a0\u00bb\"}]},{\"@type\":\"WebSite\",\"@id\":\"https:\/\/vieassociative.be\/actualites\/#website\",\"url\":\"https:\/\/vieassociative.be\/actualites\/\",\"name\":\"Vie Associative\",\"description\":\"\",\"publisher\":{\"@id\":\"https:\/\/vieassociative.be\/actualites\/#organization\"},\"potentialAction\":[{\"@type\":\"SearchAction\",\"target\":{\"@type\":\"EntryPoint\",\"urlTemplate\":\"https:\/\/vieassociative.be\/actualites\/?s={search_term_string}\"},\"query-input\":{\"@type\":\"PropertyValueSpecification\",\"valueRequired\":true,\"valueName\":\"search_term_string\"}}],\"inLanguage\":\"fr-BE\"},{\"@type\":\"Organization\",\"@id\":\"https:\/\/vieassociative.be\/actualites\/#organization\",\"name\":\"Vie Associative\",\"url\":\"https:\/\/vieassociative.be\/actualites\/\",\"logo\":{\"@type\":\"ImageObject\",\"inLanguage\":\"fr-BE\",\"@id\":\"https:\/\/vieassociative.be\/actualites\/#\/schema\/logo\/image\/\",\"url\":\"https:\/\/vieassociative.be\/actualites\/wp-content\/uploads\/2024\/09\/cropped-vieassociative_favicon.ico.png\",\"contentUrl\":\"https:\/\/vieassociative.be\/actualites\/wp-content\/uploads\/2024\/09\/cropped-vieassociative_favicon.ico.png\",\"width\":512,\"height\":512,\"caption\":\"Vie Associative\"},\"image\":{\"@id\":\"https:\/\/vieassociative.be\/actualites\/#\/schema\/logo\/image\/\"}},{\"@type\":\"Person\",\"@id\":\"https:\/\/vieassociative.be\/actualites\/#\/schema\/person\/b87ac4f82f9d4e7b7cec7395b679edc4\",\"name\":\"Julien\",\"image\":{\"@type\":\"ImageObject\",\"inLanguage\":\"fr-BE\",\"@id\":\"https:\/\/vieassociative.be\/actualites\/#\/schema\/person\/image\/\",\"url\":\"https:\/\/vieassociative.be\/actualites\/wp-content\/uploads\/2024\/09\/vie-associative-1-150x150.jpg\",\"contentUrl\":\"https:\/\/vieassociative.be\/actualites\/wp-content\/uploads\/2024\/09\/vie-associative-1-150x150.jpg\",\"caption\":\"Julien\"},\"description\":\"Je suis Julien, r\u00e9dacteur pour Vie Associative. Passionn\u00e9 par le monde associatif depuis plus de 10 ans, j'ai \u00e0 c\u0153ur de partager des histoires inspirantes et de mettre en lumi\u00e8re les initiatives locales. Mon objectif est de sensibiliser et d'encourager l'engagement communautaire \u00e0 travers mes articles.\",\"sameAs\":[\"https:\/\/vieassociative.be\/\"]}]}<\/script>\n<!-- \/ Yoast SEO plugin. -->","yoast_head_json":{"title":"Mockel (Ecolo): \"E23 est un nombre fiable\" | Vie Associative","robots":{"index":"index","follow":"follow","max-snippet":"max-snippet:-1","max-image-preview":"max-image-preview:large","max-video-preview":"max-video-preview:-1"},"canonical":"https:\/\/vieassociative.be\/actualites\/mockel-ecolo-e23-est-un-nombre-fiable\/","og_locale":"fr_FR","og_type":"article","og_title":"Mockel (Ecolo): \"E23 est un nombre fiable\" | Vie Associative","og_description":"Les commentaires de la population de la ligne de bus E23 Eupen-Burg-Reuland ont incit\u00e9 le d\u00e9put\u00e9 r\u00e9gional Ecolo Freddy Mockel, le ministre de la mobilit\u00e9","og_url":"https:\/\/vieassociative.be\/actualites\/mockel-ecolo-e23-est-un-nombre-fiable\/","og_site_name":"Vie Associative","article_published_time":"2025-04-11T20:17:59+00:00","og_image":[{"width":279,"height":92,"url":"https:\/\/vieassociative.be\/actualites\/wp-content\/uploads\/2024\/09\/header_backgroundk-01-e1726694325946.png","type":"image\/png"}],"author":"Julien","twitter_card":"summary_large_image","twitter_misc":{"\u00c9crit par":"Julien","Dur\u00e9e de lecture est.":"2 minutes"},"schema":{"@context":"https:\/\/schema.org","@graph":[{"@type":"Article","@id":"https:\/\/vieassociative.be\/actualites\/mockel-ecolo-e23-est-un-nombre-fiable\/#article","isPartOf":{"@id":"https:\/\/vieassociative.be\/actualites\/mockel-ecolo-e23-est-un-nombre-fiable\/"},"author":{"name":"Julien","@id":"https:\/\/vieassociative.be\/actualites\/#\/schema\/person\/b87ac4f82f9d4e7b7cec7395b679edc4"},"headline":"Mockel (Ecolo): \u00ab\u00a0E23 est un nombre fiable\u00a0\u00bb","datePublished":"2025-04-11T20:17:59+00:00","dateModified":"2025-04-11T20:17:59+00:00","mainEntityOfPage":{"@id":"https:\/\/vieassociative.be\/actualites\/mockel-ecolo-e23-est-un-nombre-fiable\/"},"wordCount":403,"publisher":{"@id":"https:\/\/vieassociative.be\/actualites\/#organization"},"image":{"@id":"https:\/\/vieassociative.be\/actualites\/mockel-ecolo-e23-est-un-nombre-fiable\/#primaryimage"},"thumbnailUrl":"https:\/\/vieassociative.be\/actualites\/wp-content\/uploads\/2025\/04\/1744402680_Mockel-Ecolo-E23-est-un-nombre-fiable.jpeg","keywords":["E23","Ecolo","est","fiable","Mockel","nombre"],"articleSection":["Belgique"],"inLanguage":"fr-BE"},{"@type":"WebPage","@id":"https:\/\/vieassociative.be\/actualites\/mockel-ecolo-e23-est-un-nombre-fiable\/","url":"https:\/\/vieassociative.be\/actualites\/mockel-ecolo-e23-est-un-nombre-fiable\/","name":"Mockel (Ecolo): \"E23 est un nombre fiable\" | Vie Associative","isPartOf":{"@id":"https:\/\/vieassociative.be\/actualites\/#website"},"primaryImageOfPage":{"@id":"https:\/\/vieassociative.be\/actualites\/mockel-ecolo-e23-est-un-nombre-fiable\/#primaryimage"},"image":{"@id":"https:\/\/vieassociative.be\/actualites\/mockel-ecolo-e23-est-un-nombre-fiable\/#primaryimage"},"thumbnailUrl":"https:\/\/vieassociative.be\/actualites\/wp-content\/uploads\/2025\/04\/1744402680_Mockel-Ecolo-E23-est-un-nombre-fiable.jpeg","datePublished":"2025-04-11T20:17:59+00:00","dateModified":"2025-04-11T20:17:59+00:00","breadcrumb":{"@id":"https:\/\/vieassociative.be\/actualites\/mockel-ecolo-e23-est-un-nombre-fiable\/#breadcrumb"},"inLanguage":"fr-BE","potentialAction":[{"@type":"ReadAction","target":["https:\/\/vieassociative.be\/actualites\/mockel-ecolo-e23-est-un-nombre-fiable\/"]}]},{"@type":"ImageObject","inLanguage":"fr-BE","@id":"https:\/\/vieassociative.be\/actualites\/mockel-ecolo-e23-est-un-nombre-fiable\/#primaryimage","url":"https:\/\/vieassociative.be\/actualites\/wp-content\/uploads\/2025\/04\/1744402680_Mockel-Ecolo-E23-est-un-nombre-fiable.jpeg","contentUrl":"https:\/\/vieassociative.be\/actualites\/wp-content\/uploads\/2025\/04\/1744402680_Mockel-Ecolo-E23-est-un-nombre-fiable.jpeg","width":1600,"height":900,"caption":"Mockel (Ecolo): \"E23 est un nombre fiable\""},{"@type":"BreadcrumbList","@id":"https:\/\/vieassociative.be\/actualites\/mockel-ecolo-e23-est-un-nombre-fiable\/#breadcrumb","itemListElement":[{"@type":"ListItem","position":1,"name":"Accueil","item":"https:\/\/vieassociative.be\/actualites\/"},{"@type":"ListItem","position":2,"name":"Mockel (Ecolo): \u00ab\u00a0E23 est un nombre fiable\u00a0\u00bb"}]},{"@type":"WebSite","@id":"https:\/\/vieassociative.be\/actualites\/#website","url":"https:\/\/vieassociative.be\/actualites\/","name":"Vie Associative","description":"","publisher":{"@id":"https:\/\/vieassociative.be\/actualites\/#organization"},"potentialAction":[{"@type":"SearchAction","target":{"@type":"EntryPoint","urlTemplate":"https:\/\/vieassociative.be\/actualites\/?s={search_term_string}"},"query-input":{"@type":"PropertyValueSpecification","valueRequired":true,"valueName":"search_term_string"}}],"inLanguage":"fr-BE"},{"@type":"Organization","@id":"https:\/\/vieassociative.be\/actualites\/#organization","name":"Vie Associative","url":"https:\/\/vieassociative.be\/actualites\/","logo":{"@type":"ImageObject","inLanguage":"fr-BE","@id":"https:\/\/vieassociative.be\/actualites\/#\/schema\/logo\/image\/","url":"https:\/\/vieassociative.be\/actualites\/wp-content\/uploads\/2024\/09\/cropped-vieassociative_favicon.ico.png","contentUrl":"https:\/\/vieassociative.be\/actualites\/wp-content\/uploads\/2024\/09\/cropped-vieassociative_favicon.ico.png","width":512,"height":512,"caption":"Vie Associative"},"image":{"@id":"https:\/\/vieassociative.be\/actualites\/#\/schema\/logo\/image\/"}},{"@type":"Person","@id":"https:\/\/vieassociative.be\/actualites\/#\/schema\/person\/b87ac4f82f9d4e7b7cec7395b679edc4","name":"Julien","image":{"@type":"ImageObject","inLanguage":"fr-BE","@id":"https:\/\/vieassociative.be\/actualites\/#\/schema\/person\/image\/","url":"https:\/\/vieassociative.be\/actualites\/wp-content\/uploads\/2024\/09\/vie-associative-1-150x150.jpg","contentUrl":"https:\/\/vieassociative.be\/actualites\/wp-content\/uploads\/2024\/09\/vie-associative-1-150x150.jpg","caption":"Julien"},"description":"Je suis Julien, r\u00e9dacteur pour Vie Associative. Passionn\u00e9 par le monde associatif depuis plus de 10 ans, j'ai \u00e0 c\u0153ur de partager des histoires inspirantes et de mettre en lumi\u00e8re les initiatives locales. Mon objectif est de sensibiliser et d'encourager l'engagement communautaire \u00e0 travers mes articles.","sameAs":["https:\/\/vieassociative.be\/"]}]}},"_links":{"self":[{"href":"https:\/\/vieassociative.be\/actualites\/wp-json\/wp\/v2\/posts\/6633"}],"collection":[{"href":"https:\/\/vieassociative.be\/actualites\/wp-json\/wp\/v2\/posts"}],"about":[{"href":"https:\/\/vieassociative.be\/actualites\/wp-json\/wp\/v2\/types\/post"}],"author":[{"embeddable":true,"href":"https:\/\/vieassociative.be\/actualites\/wp-json\/wp\/v2\/users\/1"}],"replies":[{"embeddable":true,"href":"https:\/\/vieassociative.be\/actualites\/wp-json\/wp\/v2\/comments?post=6633"}],"version-history":[{"count":0,"href":"https:\/\/vieassociative.be\/actualites\/wp-json\/wp\/v2\/posts\/6633\/revisions"}],"wp:featuredmedia":[{"embeddable":true,"href":"https:\/\/vieassociative.be\/actualites\/wp-json\/wp\/v2\/media\/6634"}],"wp:attachment":[{"href":"https:\/\/vieassociative.be\/actualites\/wp-json\/wp\/v2\/media?parent=6633"}],"wp:term":[{"taxonomy":"category","embeddable":true,"href":"https:\/\/vieassociative.be\/actualites\/wp-json\/wp\/v2\/categories?post=6633"},{"taxonomy":"post_tag","embeddable":true,"href":"https:\/\/vieassociative.be\/actualites\/wp-json\/wp\/v2\/tags?post=6633"}],"curies":[{"name":"wp","href":"https:\/\/api.w.org\/{rel}","templated":true}]}}