{"id":6625,"date":"2025-04-11T16:17:35","date_gmt":"2025-04-11T14:17:35","guid":{"rendered":"https:\/\/vieassociative.be\/actualites\/en-raison-de-la-crise-du-cacao-en-afrique-de-louest-les-lapins-au-chocolat-sont-plus-chers-et-plus-petits-cette-annee\/"},"modified":"2025-04-11T16:17:35","modified_gmt":"2025-04-11T14:17:35","slug":"en-raison-de-la-crise-du-cacao-en-afrique-de-louest-les-lapins-au-chocolat-sont-plus-chers-et-plus-petits-cette-annee","status":"publish","type":"post","link":"https:\/\/vieassociative.be\/actualites\/en-raison-de-la-crise-du-cacao-en-afrique-de-louest-les-lapins-au-chocolat-sont-plus-chers-et-plus-petits-cette-annee\/","title":{"rendered":"En raison de la crise du cacao en Afrique de l&rsquo;Ouest, les lapins au chocolat sont plus chers et plus petits cette ann\u00e9e"},"content":{"rendered":"<p><strong>Quiconque ach\u00e8te du chocolat pour le nid de P\u00e2ques cette ann\u00e9e paie beaucoup plus et obtient moins. Les prix records pour le cacao sur le march\u00e9 mondial se refl\u00e8tent dans les lapins au chocolat, les poussins et Co. \u00ab\u00a0Nous voyons le march\u00e9 du chocolat devant une vague d&rsquo;inflation qui s&rsquo;est difficilement produite dans l&rsquo;histoire r\u00e9cente\u00a0\u00bb, pr\u00e9vient la banque d&rsquo;investissement am\u00e9ricaine JP Morgan.<\/strong><\/p>\n<p><span id=\"more-413198\"><\/span>Selon les experts, les moments de cocoles bon march\u00e9 sont enfin termin\u00e9s. L&rsquo;Afrique de l&rsquo;Ouest, d&rsquo;o\u00f9 viennent les trois bons trimestres de tous les haricots, ressentent le changement climatique. Les temps, les parasites et les inquiets et la mauvaise gestion font le prix.<\/p>\n<p>La r\u00e9colte au Ghana s&rsquo;est effondr\u00e9e de pr\u00e8s de la moiti\u00e9 en 2024 &#8211; la pire en deux d\u00e9cennies &#8211; et r\u00e9cup\u00e8re moins que ce qui esp\u00e9rait cette ann\u00e9e. La C\u00f4te d&rsquo;Ivoire a \u00e9galement signal\u00e9 des baisses am\u00e8res. La tonne de cacao a \u00e9t\u00e9 \u00e9chang\u00e9e en 2024 jusqu&rsquo;\u00e0 environ 12 000 euros, six fois plus cher qu&rsquo;il y a quelques ann\u00e9es.<\/p>\n<div id=\"attachment_413202\" class=\"wp-caption alignnone\" style=\"max-width: 300px\"><img fetchpriority=\"high\" decoding=\"async\" class=\"size-medium wp-image-413202\" src=\"https:\/\/vieassociative.be\/actualites\/wp-content\/uploads\/2025\/04\/En-raison-de-la-crise-du-cacao-en-Afrique-de.jpg\" alt=\"\" width=\"300\" height=\"169\"><\/p>\n<p class=\"wp-caption-text\">21.11.2024, Ghana, Sefwi Wiawso: Le fermier de cacao de 67 ans Samuel devant le Ghana r\u00e9colte un fruit de cacao. Photo: Christina Peters \/ DPA<\/p>\n<\/div>\n<p>Lieu de ville au Ghana: Samuel devant lui, 67 ans, se dresse avec une faucille entre 900 cacao dans un village \u00e0 l&rsquo;ouest du pays. Au lieu de neuf sacs de haricots, ce complot en a livr\u00e9 cinq l&rsquo;ann\u00e9e derni\u00e8re. Avec pr\u00e8s de 1,3 tonne de cacao, qui dans l&rsquo;ensemble de sa superficie dans l&rsquo;ensemble, sa femme et il ont gagn\u00e9 environ 2 400 euros. Ses dix enfants vivent \u00e9galement de cela. Cacao Maker veut \u00e0 peine devenir l&rsquo;un d&rsquo;entre eux &#8211; Regina, 18 ans, qui aide pendant les vacances, pr\u00e9f\u00e8re l&rsquo;adapter.<\/p>\n<p>Le cacao est sensible. Trop chaud, trop humide, trop peu de pluie, trop de vent: tout peut ruiner la r\u00e9colte. Le temps en Afrique de l&rsquo;Ouest, o\u00f9 le vent du d\u00e9sert et les mois de pluie alternent, \u00e9tait parfait pendant longtemps. Maintenant, cela devient impr\u00e9visible. \u00ab\u00a0En 20 ou 30 ans, il ne peut plus y avoir de cacao d&rsquo;Afrique de l&rsquo;Ouest\u00a0\u00bb, explique Tedd George, experte en mati\u00e8res premi\u00e8res britanniques. \u00ab\u00a0M\u00eame avec des sc\u00e9narios de chaleur mod\u00e9r\u00e9s, il devient trop sec et trop complexe.\u00a0\u00bb<\/p>\n<div id=\"attachment_413205\" class=\"wp-caption alignleft\" style=\"max-width: 300px\"><img decoding=\"async\" class=\"wp-image-413205 size-medium\" src=\"https:\/\/vieassociative.be\/actualites\/wp-content\/uploads\/2025\/04\/1744381055_596_En-raison-de-la-crise-du-cacao-en-Afrique-de.jpg\" alt=\"\" width=\"300\" height=\"169\"><\/p>\n<p class=\"wp-caption-text\">21.11.2024, Ghana, Sefwi Wiawso: les fruits de cacao sont sur un cacao pendant la r\u00e9colte. Photo: Christina Peters \/ DPA<\/p>\n<\/div>\n<p><strong>&#8211; Cette ann\u00e9e, il a plu trop tard au Ghana et trop peu: <\/strong>La pluie est arriv\u00e9e trop t\u00f4t avant la saison derni\u00e8re, les champignons et les parasites se sont propag\u00e9s devant les arbres. Au Ghana, environ 13 millions de cacao malades ont d\u00fb \u00eatre abattus l&rsquo;ann\u00e9e derni\u00e8re apr\u00e8s les informations de l&rsquo;industrie. Il faut jusqu&rsquo;\u00e0 cinq ans pour que de nouveaux arbres portent des fruits. Remplacer l&rsquo;inventaire obsol\u00e8te en temps utile ne peut pas se permettre de nombreux agriculteurs.<\/p>\n<p>Des prix des supermarch\u00e9s, les agriculteurs de cacao ne re\u00e7oivent que neuf pour cent, selon une \u00e9tude de 2022, qui a cit\u00e9 l&rsquo;ONG britannique Oxfam. Selon un nouveau rapport d&rsquo;Oxfam, les agriculteurs du Ghana gagnent moins de la moiti\u00e9 de ce dont ils ont besoin pour survivre. \u00ab\u00a0Cocoa est un march\u00e9 dans lequel les producteurs produisent un atout tr\u00e8s pr\u00e9cieux, mais ne re\u00e7oivent qu&rsquo;une tr\u00e8s faible proportion de la valeur ajout\u00e9e r\u00e9elle\u00a0\u00bb, explique Agrarrohystrher-Strategin Tracey Allen de la banque d&rsquo;investissement am\u00e9ricaine JP Morgan.<\/p>\n<p>L&rsquo;Autorit\u00e9 du cacao du Ghana ach\u00e8te les haricots des agriculteurs pour environ 70% du prix attendu de la saison. Cette ann\u00e9e, cela repr\u00e9sente environ 3 000 euros par tonne &#8211; plus que jamais, mais encore moins que ce qui est actuellement r\u00e9alis\u00e9 sur les bourses. Selon les experts du march\u00e9, la masse de cacao est revendue pour environ 20 000 euros. Le prix du supermarch\u00e9 pour une tonne de \u00ab\u00a0Goldhase\u00a0\u00bb par Lindt &#038; Spr\u00fcngli est d&rsquo;environ 43 000 euros. Une porte-parole a d\u00e9clar\u00e9 que les augmentations de prix devaient \u00eatre transmises. Le Swiss Chocolate Group a n\u00e9anmoins r\u00e9alis\u00e9 715 millions d&rsquo;euros de b\u00e9n\u00e9fices en 2024.<\/p>\n<div id=\"attachment_413205\" class=\"wp-caption alignleft\" style=\"max-width: 300px\"><img decoding=\"async\" class=\"wp-image-413205 size-medium\" src=\"https:\/\/vieassociative.be\/actualites\/wp-content\/uploads\/2025\/04\/1744381055_596_En-raison-de-la-crise-du-cacao-en-Afrique-de.jpg\" alt=\"\" width=\"300\" height=\"169\"><\/p>\n<p class=\"wp-caption-text\">21.11.2024, Ghana, Sefwi Wiawso: les fruits de cacao sont sur un cacao pendant la r\u00e9colte. Photo: Christina Peters \/ DPA<\/p>\n<\/div>\n<p><strong>&#8211; Il n&rsquo;y a aucun moyen de contourner le cacao de l&rsquo;Afrique de l&rsquo;Ouest:<\/strong> L&rsquo;industrie est consciente de la situation et met de l&rsquo;argent dans des programmes de durabilit\u00e9 tels que celui de l&rsquo;ONG Rainforest All.ice, qui fonctionne au Ghana avec un bon tiers des agriculteurs de cacao. Samuel devant lui a plant\u00e9 des arbres et des r\u00e9coltes d&rsquo;ombre, a am\u00e9lior\u00e9 les sols avec du compost de coque de cacao et a cr\u00e9\u00e9 une ruche.<\/p>\n<p>L&rsquo;id\u00e9e: rendements plus \u00e9lev\u00e9s, moins de d\u00e9forestation, sources suppl\u00e9mentaires de revenus. Avant cela, cela l&rsquo;aide, mais il veut simplement des prix plus \u00e9lev\u00e9s. L&rsquo;organisation OXFAM pr\u00e9voit des paiements plus directs des fabricants et des supermarch\u00e9s.<\/p>\n<p>-Dewer Chocolate lapins ou moins de chocolat chez le lapin: Pour les amateurs de chocolat, l&rsquo;expert du cacao Tedd George voit un sc\u00e9nario effrayant: les bonbons lui-m\u00eame pourraient changer. \u00ab\u00a0Il aura toujours l&rsquo;air et le go\u00fbt, mais il contiendra moins et moins le cacao\u00a0\u00bb, dit-il. Les fabricants exp\u00e9rimentent d\u00e9j\u00e0 des recettes pour remplacer le beurre de cacao par de l&rsquo;huile de graines de coton. (DPA)<\/p>\n","protected":false},"excerpt":{"rendered":"<p>Quiconque ach\u00e8te du chocolat pour le nid de P\u00e2ques cette ann\u00e9e paie beaucoup plus et obtient moins. Les prix records pour le cacao sur le<\/p>\n","protected":false},"author":1,"featured_media":6626,"comment_status":"","ping_status":"","sticky":false,"template":"","format":"standard","meta":{"footnotes":""},"categories":[298],"tags":[6318,549,6317,206,4753,4045,644,6319,14,5631,323,3261,18],"class_list":["post-6625","post","type-post","status-publish","format-standard","has-post-thumbnail","hentry","category-belgique","tag-afrique","tag-annee","tag-cacao","tag-cette","tag-chers","tag-chocolat","tag-crise","tag-lapins","tag-les","tag-louest","tag-petits","tag-raison","tag-sont","generate-columns","tablet-grid-50","mobile-grid-100","grid-parent","grid-33"],"yoast_head":"<!-- This site is optimized with the Yoast SEO plugin v24.0 - https:\/\/yoast.com\/wordpress\/plugins\/seo\/ -->\n<title>En raison de la crise du cacao en Afrique de l&#039;Ouest, les lapins au chocolat sont plus chers et plus petits cette ann\u00e9e | Vie Associative<\/title>\n<meta name=\"robots\" content=\"index, follow, max-snippet:-1, max-image-preview:large, max-video-preview:-1\" \/>\n<link rel=\"canonical\" href=\"https:\/\/vieassociative.be\/actualites\/en-raison-de-la-crise-du-cacao-en-afrique-de-louest-les-lapins-au-chocolat-sont-plus-chers-et-plus-petits-cette-annee\/\" \/>\n<meta property=\"og:locale\" content=\"fr_FR\" \/>\n<meta property=\"og:type\" content=\"article\" \/>\n<meta property=\"og:title\" content=\"En raison de la crise du cacao en Afrique de l&#039;Ouest, les lapins au chocolat sont plus chers et plus petits cette ann\u00e9e | Vie Associative\" \/>\n<meta property=\"og:description\" content=\"Quiconque ach\u00e8te du chocolat pour le nid de P\u00e2ques cette ann\u00e9e paie beaucoup plus et obtient moins. Les prix records pour le cacao sur le\" \/>\n<meta property=\"og:url\" content=\"https:\/\/vieassociative.be\/actualites\/en-raison-de-la-crise-du-cacao-en-afrique-de-louest-les-lapins-au-chocolat-sont-plus-chers-et-plus-petits-cette-annee\/\" \/>\n<meta property=\"og:site_name\" content=\"Vie Associative\" \/>\n<meta property=\"article:published_time\" content=\"2025-04-11T14:17:35+00:00\" \/>\n<meta property=\"og:image\" content=\"https:\/\/vieassociative.be\/actualites\/wp-content\/uploads\/2024\/09\/header_backgroundk-01-e1726694325946.png\" \/>\n\t<meta property=\"og:image:width\" content=\"279\" \/>\n\t<meta property=\"og:image:height\" content=\"92\" \/>\n\t<meta property=\"og:image:type\" content=\"image\/png\" \/>\n<meta name=\"author\" content=\"Julien\" \/>\n<meta name=\"twitter:card\" content=\"summary_large_image\" \/>\n<meta name=\"twitter:label1\" content=\"\u00c9crit par\" \/>\n\t<meta name=\"twitter:data1\" content=\"Julien\" \/>\n\t<meta name=\"twitter:label2\" content=\"Dur\u00e9e de lecture est.\" \/>\n\t<meta name=\"twitter:data2\" content=\"4 minutes\" \/>\n<script type=\"application\/ld+json\" class=\"yoast-schema-graph\">{\"@context\":\"https:\/\/schema.org\",\"@graph\":[{\"@type\":\"Article\",\"@id\":\"https:\/\/vieassociative.be\/actualites\/en-raison-de-la-crise-du-cacao-en-afrique-de-louest-les-lapins-au-chocolat-sont-plus-chers-et-plus-petits-cette-annee\/#article\",\"isPartOf\":{\"@id\":\"https:\/\/vieassociative.be\/actualites\/en-raison-de-la-crise-du-cacao-en-afrique-de-louest-les-lapins-au-chocolat-sont-plus-chers-et-plus-petits-cette-annee\/\"},\"author\":{\"name\":\"Julien\",\"@id\":\"https:\/\/vieassociative.be\/actualites\/#\/schema\/person\/b87ac4f82f9d4e7b7cec7395b679edc4\"},\"headline\":\"En raison de la crise du cacao en Afrique de l&rsquo;Ouest, les lapins au chocolat sont plus chers et plus petits cette ann\u00e9e\",\"datePublished\":\"2025-04-11T14:17:35+00:00\",\"dateModified\":\"2025-04-11T14:17:35+00:00\",\"mainEntityOfPage\":{\"@id\":\"https:\/\/vieassociative.be\/actualites\/en-raison-de-la-crise-du-cacao-en-afrique-de-louest-les-lapins-au-chocolat-sont-plus-chers-et-plus-petits-cette-annee\/\"},\"wordCount\":964,\"publisher\":{\"@id\":\"https:\/\/vieassociative.be\/actualites\/#organization\"},\"image\":{\"@id\":\"https:\/\/vieassociative.be\/actualites\/en-raison-de-la-crise-du-cacao-en-afrique-de-louest-les-lapins-au-chocolat-sont-plus-chers-et-plus-petits-cette-annee\/#primaryimage\"},\"thumbnailUrl\":\"https:\/\/vieassociative.be\/actualites\/wp-content\/uploads\/2025\/04\/1744381055_En-raison-de-la-crise-du-cacao-en-Afrique-de.jpg\",\"keywords\":[\"Afrique\",\"ann\u00e9e\",\"cacao\",\"cette\",\"chers\",\"chocolat\",\"Crise\",\"lapins\",\"Les\",\"louest\",\"petits\",\"raison\",\"sont\"],\"articleSection\":[\"Belgique\"],\"inLanguage\":\"fr-BE\"},{\"@type\":\"WebPage\",\"@id\":\"https:\/\/vieassociative.be\/actualites\/en-raison-de-la-crise-du-cacao-en-afrique-de-louest-les-lapins-au-chocolat-sont-plus-chers-et-plus-petits-cette-annee\/\",\"url\":\"https:\/\/vieassociative.be\/actualites\/en-raison-de-la-crise-du-cacao-en-afrique-de-louest-les-lapins-au-chocolat-sont-plus-chers-et-plus-petits-cette-annee\/\",\"name\":\"En raison de la crise du cacao en Afrique de l'Ouest, les lapins au chocolat sont plus chers et plus petits cette ann\u00e9e | Vie Associative\",\"isPartOf\":{\"@id\":\"https:\/\/vieassociative.be\/actualites\/#website\"},\"primaryImageOfPage\":{\"@id\":\"https:\/\/vieassociative.be\/actualites\/en-raison-de-la-crise-du-cacao-en-afrique-de-louest-les-lapins-au-chocolat-sont-plus-chers-et-plus-petits-cette-annee\/#primaryimage\"},\"image\":{\"@id\":\"https:\/\/vieassociative.be\/actualites\/en-raison-de-la-crise-du-cacao-en-afrique-de-louest-les-lapins-au-chocolat-sont-plus-chers-et-plus-petits-cette-annee\/#primaryimage\"},\"thumbnailUrl\":\"https:\/\/vieassociative.be\/actualites\/wp-content\/uploads\/2025\/04\/1744381055_En-raison-de-la-crise-du-cacao-en-Afrique-de.jpg\",\"datePublished\":\"2025-04-11T14:17:35+00:00\",\"dateModified\":\"2025-04-11T14:17:35+00:00\",\"breadcrumb\":{\"@id\":\"https:\/\/vieassociative.be\/actualites\/en-raison-de-la-crise-du-cacao-en-afrique-de-louest-les-lapins-au-chocolat-sont-plus-chers-et-plus-petits-cette-annee\/#breadcrumb\"},\"inLanguage\":\"fr-BE\",\"potentialAction\":[{\"@type\":\"ReadAction\",\"target\":[\"https:\/\/vieassociative.be\/actualites\/en-raison-de-la-crise-du-cacao-en-afrique-de-louest-les-lapins-au-chocolat-sont-plus-chers-et-plus-petits-cette-annee\/\"]}]},{\"@type\":\"ImageObject\",\"inLanguage\":\"fr-BE\",\"@id\":\"https:\/\/vieassociative.be\/actualites\/en-raison-de-la-crise-du-cacao-en-afrique-de-louest-les-lapins-au-chocolat-sont-plus-chers-et-plus-petits-cette-annee\/#primaryimage\",\"url\":\"https:\/\/vieassociative.be\/actualites\/wp-content\/uploads\/2025\/04\/1744381055_En-raison-de-la-crise-du-cacao-en-Afrique-de.jpg\",\"contentUrl\":\"https:\/\/vieassociative.be\/actualites\/wp-content\/uploads\/2025\/04\/1744381055_En-raison-de-la-crise-du-cacao-en-Afrique-de.jpg\",\"width\":2560,\"height\":1757,\"caption\":\"En raison de la crise du cacao en Afrique de l'Ouest, les lapins au chocolat sont plus chers et plus petits cette ann\u00e9e\"},{\"@type\":\"BreadcrumbList\",\"@id\":\"https:\/\/vieassociative.be\/actualites\/en-raison-de-la-crise-du-cacao-en-afrique-de-louest-les-lapins-au-chocolat-sont-plus-chers-et-plus-petits-cette-annee\/#breadcrumb\",\"itemListElement\":[{\"@type\":\"ListItem\",\"position\":1,\"name\":\"Accueil\",\"item\":\"https:\/\/vieassociative.be\/actualites\/\"},{\"@type\":\"ListItem\",\"position\":2,\"name\":\"En raison de la crise du cacao en Afrique de l&rsquo;Ouest, les lapins au chocolat sont plus chers et plus petits cette ann\u00e9e\"}]},{\"@type\":\"WebSite\",\"@id\":\"https:\/\/vieassociative.be\/actualites\/#website\",\"url\":\"https:\/\/vieassociative.be\/actualites\/\",\"name\":\"Vie Associative\",\"description\":\"\",\"publisher\":{\"@id\":\"https:\/\/vieassociative.be\/actualites\/#organization\"},\"potentialAction\":[{\"@type\":\"SearchAction\",\"target\":{\"@type\":\"EntryPoint\",\"urlTemplate\":\"https:\/\/vieassociative.be\/actualites\/?s={search_term_string}\"},\"query-input\":{\"@type\":\"PropertyValueSpecification\",\"valueRequired\":true,\"valueName\":\"search_term_string\"}}],\"inLanguage\":\"fr-BE\"},{\"@type\":\"Organization\",\"@id\":\"https:\/\/vieassociative.be\/actualites\/#organization\",\"name\":\"Vie Associative\",\"url\":\"https:\/\/vieassociative.be\/actualites\/\",\"logo\":{\"@type\":\"ImageObject\",\"inLanguage\":\"fr-BE\",\"@id\":\"https:\/\/vieassociative.be\/actualites\/#\/schema\/logo\/image\/\",\"url\":\"https:\/\/vieassociative.be\/actualites\/wp-content\/uploads\/2024\/09\/cropped-vieassociative_favicon.ico.png\",\"contentUrl\":\"https:\/\/vieassociative.be\/actualites\/wp-content\/uploads\/2024\/09\/cropped-vieassociative_favicon.ico.png\",\"width\":512,\"height\":512,\"caption\":\"Vie Associative\"},\"image\":{\"@id\":\"https:\/\/vieassociative.be\/actualites\/#\/schema\/logo\/image\/\"}},{\"@type\":\"Person\",\"@id\":\"https:\/\/vieassociative.be\/actualites\/#\/schema\/person\/b87ac4f82f9d4e7b7cec7395b679edc4\",\"name\":\"Julien\",\"image\":{\"@type\":\"ImageObject\",\"inLanguage\":\"fr-BE\",\"@id\":\"https:\/\/vieassociative.be\/actualites\/#\/schema\/person\/image\/\",\"url\":\"https:\/\/vieassociative.be\/actualites\/wp-content\/uploads\/2024\/09\/vie-associative-1-150x150.jpg\",\"contentUrl\":\"https:\/\/vieassociative.be\/actualites\/wp-content\/uploads\/2024\/09\/vie-associative-1-150x150.jpg\",\"caption\":\"Julien\"},\"description\":\"Je suis Julien, r\u00e9dacteur pour Vie Associative. Passionn\u00e9 par le monde associatif depuis plus de 10 ans, j'ai \u00e0 c\u0153ur de partager des histoires inspirantes et de mettre en lumi\u00e8re les initiatives locales. Mon objectif est de sensibiliser et d'encourager l'engagement communautaire \u00e0 travers mes articles.\",\"sameAs\":[\"https:\/\/vieassociative.be\/\"]}]}<\/script>\n<!-- \/ Yoast SEO plugin. -->","yoast_head_json":{"title":"En raison de la crise du cacao en Afrique de l'Ouest, les lapins au chocolat sont plus chers et plus petits cette ann\u00e9e | Vie Associative","robots":{"index":"index","follow":"follow","max-snippet":"max-snippet:-1","max-image-preview":"max-image-preview:large","max-video-preview":"max-video-preview:-1"},"canonical":"https:\/\/vieassociative.be\/actualites\/en-raison-de-la-crise-du-cacao-en-afrique-de-louest-les-lapins-au-chocolat-sont-plus-chers-et-plus-petits-cette-annee\/","og_locale":"fr_FR","og_type":"article","og_title":"En raison de la crise du cacao en Afrique de l'Ouest, les lapins au chocolat sont plus chers et plus petits cette ann\u00e9e | Vie Associative","og_description":"Quiconque ach\u00e8te du chocolat pour le nid de P\u00e2ques cette ann\u00e9e paie beaucoup plus et obtient moins. Les prix records pour le cacao sur le","og_url":"https:\/\/vieassociative.be\/actualites\/en-raison-de-la-crise-du-cacao-en-afrique-de-louest-les-lapins-au-chocolat-sont-plus-chers-et-plus-petits-cette-annee\/","og_site_name":"Vie Associative","article_published_time":"2025-04-11T14:17:35+00:00","og_image":[{"width":279,"height":92,"url":"https:\/\/vieassociative.be\/actualites\/wp-content\/uploads\/2024\/09\/header_backgroundk-01-e1726694325946.png","type":"image\/png"}],"author":"Julien","twitter_card":"summary_large_image","twitter_misc":{"\u00c9crit par":"Julien","Dur\u00e9e de lecture est.":"4 minutes"},"schema":{"@context":"https:\/\/schema.org","@graph":[{"@type":"Article","@id":"https:\/\/vieassociative.be\/actualites\/en-raison-de-la-crise-du-cacao-en-afrique-de-louest-les-lapins-au-chocolat-sont-plus-chers-et-plus-petits-cette-annee\/#article","isPartOf":{"@id":"https:\/\/vieassociative.be\/actualites\/en-raison-de-la-crise-du-cacao-en-afrique-de-louest-les-lapins-au-chocolat-sont-plus-chers-et-plus-petits-cette-annee\/"},"author":{"name":"Julien","@id":"https:\/\/vieassociative.be\/actualites\/#\/schema\/person\/b87ac4f82f9d4e7b7cec7395b679edc4"},"headline":"En raison de la crise du cacao en Afrique de l&rsquo;Ouest, les lapins au chocolat sont plus chers et plus petits cette ann\u00e9e","datePublished":"2025-04-11T14:17:35+00:00","dateModified":"2025-04-11T14:17:35+00:00","mainEntityOfPage":{"@id":"https:\/\/vieassociative.be\/actualites\/en-raison-de-la-crise-du-cacao-en-afrique-de-louest-les-lapins-au-chocolat-sont-plus-chers-et-plus-petits-cette-annee\/"},"wordCount":964,"publisher":{"@id":"https:\/\/vieassociative.be\/actualites\/#organization"},"image":{"@id":"https:\/\/vieassociative.be\/actualites\/en-raison-de-la-crise-du-cacao-en-afrique-de-louest-les-lapins-au-chocolat-sont-plus-chers-et-plus-petits-cette-annee\/#primaryimage"},"thumbnailUrl":"https:\/\/vieassociative.be\/actualites\/wp-content\/uploads\/2025\/04\/1744381055_En-raison-de-la-crise-du-cacao-en-Afrique-de.jpg","keywords":["Afrique","ann\u00e9e","cacao","cette","chers","chocolat","Crise","lapins","Les","louest","petits","raison","sont"],"articleSection":["Belgique"],"inLanguage":"fr-BE"},{"@type":"WebPage","@id":"https:\/\/vieassociative.be\/actualites\/en-raison-de-la-crise-du-cacao-en-afrique-de-louest-les-lapins-au-chocolat-sont-plus-chers-et-plus-petits-cette-annee\/","url":"https:\/\/vieassociative.be\/actualites\/en-raison-de-la-crise-du-cacao-en-afrique-de-louest-les-lapins-au-chocolat-sont-plus-chers-et-plus-petits-cette-annee\/","name":"En raison de la crise du cacao en Afrique de l'Ouest, les lapins au chocolat sont plus chers et plus petits cette ann\u00e9e | Vie Associative","isPartOf":{"@id":"https:\/\/vieassociative.be\/actualites\/#website"},"primaryImageOfPage":{"@id":"https:\/\/vieassociative.be\/actualites\/en-raison-de-la-crise-du-cacao-en-afrique-de-louest-les-lapins-au-chocolat-sont-plus-chers-et-plus-petits-cette-annee\/#primaryimage"},"image":{"@id":"https:\/\/vieassociative.be\/actualites\/en-raison-de-la-crise-du-cacao-en-afrique-de-louest-les-lapins-au-chocolat-sont-plus-chers-et-plus-petits-cette-annee\/#primaryimage"},"thumbnailUrl":"https:\/\/vieassociative.be\/actualites\/wp-content\/uploads\/2025\/04\/1744381055_En-raison-de-la-crise-du-cacao-en-Afrique-de.jpg","datePublished":"2025-04-11T14:17:35+00:00","dateModified":"2025-04-11T14:17:35+00:00","breadcrumb":{"@id":"https:\/\/vieassociative.be\/actualites\/en-raison-de-la-crise-du-cacao-en-afrique-de-louest-les-lapins-au-chocolat-sont-plus-chers-et-plus-petits-cette-annee\/#breadcrumb"},"inLanguage":"fr-BE","potentialAction":[{"@type":"ReadAction","target":["https:\/\/vieassociative.be\/actualites\/en-raison-de-la-crise-du-cacao-en-afrique-de-louest-les-lapins-au-chocolat-sont-plus-chers-et-plus-petits-cette-annee\/"]}]},{"@type":"ImageObject","inLanguage":"fr-BE","@id":"https:\/\/vieassociative.be\/actualites\/en-raison-de-la-crise-du-cacao-en-afrique-de-louest-les-lapins-au-chocolat-sont-plus-chers-et-plus-petits-cette-annee\/#primaryimage","url":"https:\/\/vieassociative.be\/actualites\/wp-content\/uploads\/2025\/04\/1744381055_En-raison-de-la-crise-du-cacao-en-Afrique-de.jpg","contentUrl":"https:\/\/vieassociative.be\/actualites\/wp-content\/uploads\/2025\/04\/1744381055_En-raison-de-la-crise-du-cacao-en-Afrique-de.jpg","width":2560,"height":1757,"caption":"En raison de la crise du cacao en Afrique de l'Ouest, les lapins au chocolat sont plus chers et plus petits cette ann\u00e9e"},{"@type":"BreadcrumbList","@id":"https:\/\/vieassociative.be\/actualites\/en-raison-de-la-crise-du-cacao-en-afrique-de-louest-les-lapins-au-chocolat-sont-plus-chers-et-plus-petits-cette-annee\/#breadcrumb","itemListElement":[{"@type":"ListItem","position":1,"name":"Accueil","item":"https:\/\/vieassociative.be\/actualites\/"},{"@type":"ListItem","position":2,"name":"En raison de la crise du cacao en Afrique de l&rsquo;Ouest, les lapins au chocolat sont plus chers et plus petits cette ann\u00e9e"}]},{"@type":"WebSite","@id":"https:\/\/vieassociative.be\/actualites\/#website","url":"https:\/\/vieassociative.be\/actualites\/","name":"Vie Associative","description":"","publisher":{"@id":"https:\/\/vieassociative.be\/actualites\/#organization"},"potentialAction":[{"@type":"SearchAction","target":{"@type":"EntryPoint","urlTemplate":"https:\/\/vieassociative.be\/actualites\/?s={search_term_string}"},"query-input":{"@type":"PropertyValueSpecification","valueRequired":true,"valueName":"search_term_string"}}],"inLanguage":"fr-BE"},{"@type":"Organization","@id":"https:\/\/vieassociative.be\/actualites\/#organization","name":"Vie Associative","url":"https:\/\/vieassociative.be\/actualites\/","logo":{"@type":"ImageObject","inLanguage":"fr-BE","@id":"https:\/\/vieassociative.be\/actualites\/#\/schema\/logo\/image\/","url":"https:\/\/vieassociative.be\/actualites\/wp-content\/uploads\/2024\/09\/cropped-vieassociative_favicon.ico.png","contentUrl":"https:\/\/vieassociative.be\/actualites\/wp-content\/uploads\/2024\/09\/cropped-vieassociative_favicon.ico.png","width":512,"height":512,"caption":"Vie Associative"},"image":{"@id":"https:\/\/vieassociative.be\/actualites\/#\/schema\/logo\/image\/"}},{"@type":"Person","@id":"https:\/\/vieassociative.be\/actualites\/#\/schema\/person\/b87ac4f82f9d4e7b7cec7395b679edc4","name":"Julien","image":{"@type":"ImageObject","inLanguage":"fr-BE","@id":"https:\/\/vieassociative.be\/actualites\/#\/schema\/person\/image\/","url":"https:\/\/vieassociative.be\/actualites\/wp-content\/uploads\/2024\/09\/vie-associative-1-150x150.jpg","contentUrl":"https:\/\/vieassociative.be\/actualites\/wp-content\/uploads\/2024\/09\/vie-associative-1-150x150.jpg","caption":"Julien"},"description":"Je suis Julien, r\u00e9dacteur pour Vie Associative. Passionn\u00e9 par le monde associatif depuis plus de 10 ans, j'ai \u00e0 c\u0153ur de partager des histoires inspirantes et de mettre en lumi\u00e8re les initiatives locales. Mon objectif est de sensibiliser et d'encourager l'engagement communautaire \u00e0 travers mes articles.","sameAs":["https:\/\/vieassociative.be\/"]}]}},"_links":{"self":[{"href":"https:\/\/vieassociative.be\/actualites\/wp-json\/wp\/v2\/posts\/6625"}],"collection":[{"href":"https:\/\/vieassociative.be\/actualites\/wp-json\/wp\/v2\/posts"}],"about":[{"href":"https:\/\/vieassociative.be\/actualites\/wp-json\/wp\/v2\/types\/post"}],"author":[{"embeddable":true,"href":"https:\/\/vieassociative.be\/actualites\/wp-json\/wp\/v2\/users\/1"}],"replies":[{"embeddable":true,"href":"https:\/\/vieassociative.be\/actualites\/wp-json\/wp\/v2\/comments?post=6625"}],"version-history":[{"count":0,"href":"https:\/\/vieassociative.be\/actualites\/wp-json\/wp\/v2\/posts\/6625\/revisions"}],"wp:featuredmedia":[{"embeddable":true,"href":"https:\/\/vieassociative.be\/actualites\/wp-json\/wp\/v2\/media\/6626"}],"wp:attachment":[{"href":"https:\/\/vieassociative.be\/actualites\/wp-json\/wp\/v2\/media?parent=6625"}],"wp:term":[{"taxonomy":"category","embeddable":true,"href":"https:\/\/vieassociative.be\/actualites\/wp-json\/wp\/v2\/categories?post=6625"},{"taxonomy":"post_tag","embeddable":true,"href":"https:\/\/vieassociative.be\/actualites\/wp-json\/wp\/v2\/tags?post=6625"}],"curies":[{"name":"wp","href":"https:\/\/api.w.org\/{rel}","templated":true}]}}