{"id":6610,"date":"2025-04-11T04:18:08","date_gmt":"2025-04-11T02:18:08","guid":{"rendered":"https:\/\/vieassociative.be\/actualites\/dommages-par-fraude-en-ligne-dans-la-gamme-a-quatre-chiffres\/"},"modified":"2025-04-11T04:18:08","modified_gmt":"2025-04-11T02:18:08","slug":"dommages-par-fraude-en-ligne-dans-la-gamme-a-quatre-chiffres","status":"publish","type":"post","link":"https:\/\/vieassociative.be\/actualites\/dommages-par-fraude-en-ligne-dans-la-gamme-a-quatre-chiffres\/","title":{"rendered":"Dommages par fraude en ligne dans la gamme \u00e0 quatre chiffres"},"content":{"rendered":"<p><strong>La zone de police de Weser-G\u00f6hl rapporte deux incidents dans son rapport \u00e0 partir du jeudi 10\/04.<\/strong><\/p>\n<p><span id=\"more-413152\"><\/span><strong>&#8211; Fraude en ligne \u00e0 Eupen: <\/strong>Le 9 avril \u00e0 15 h 45, une fraude en ligne sera signal\u00e9e aux services de la zone de police de Weser-G\u00f6hl. Un homme d\u00e9clare qu&rsquo;il a \u00e9t\u00e9 appel\u00e9 par un num\u00e9ro inconnu vers 12h30. L&rsquo;interlocuteur a d\u00e9clar\u00e9 que la soci\u00e9t\u00e9 PayPal travaillait et a demand\u00e9 \u00e0 l&rsquo;Eupener de t\u00e9l\u00e9charger une application appel\u00e9e \u00ab\u00a0Bybit\u00a0\u00bb. L&rsquo;homme a effectu\u00e9 les \u00e9tapes demand\u00e9es sur son smartphone et via l&rsquo;application install\u00e9e, l&#8217;employ\u00e9 de PayPal pr\u00e9sum\u00e9 a acc\u00e8s \u00e0 son t\u00e9l\u00e9phone portable. Il y a eu des d\u00e9g\u00e2ts dans la plage de quatre chiffres.<\/p>\n<p><strong>&#8211; Retrait de permis de conduire \u00e0 Lontzen:<\/strong> Le 10 avril vers 3 h 10, un service de patrouille de la zone de police de Weser-G\u00f6hl, qui se rend de Walhorner Stra\u00dfe vers Schloss Stra\u00dfe, prend conscience d&rsquo;un v\u00e9hicule que le brouillard a allum\u00e9 malgr\u00e9 une bonne visibilit\u00e9. Malgr\u00e9 les lumi\u00e8res bleues allum\u00e9es, la voiture ne tient pas et ne se d\u00e9roule pas dans une entr\u00e9e. La police va contr\u00f4ler vers le v\u00e9hicule et voir comment le conducteur atteint un bouclier avec une man\u0153uvre tournante vers l&rsquo;arri\u00e8re et conduit contre son propre mur de maison. Le conducteur est visiblement sous l&rsquo;influence de l&rsquo;alcool. Le r\u00e9sultat du test est positif. Le conducteur re\u00e7oit un retrait de permis de conduire de 15 jours.<\/p>\n","protected":false},"excerpt":{"rendered":"<p>La zone de police de Weser-G\u00f6hl rapporte deux incidents dans son rapport \u00e0 partir du jeudi 10\/04. &#8211; Fraude en ligne \u00e0 Eupen: Le 9<\/p>\n","protected":false},"author":1,"featured_media":1939,"comment_status":"","ping_status":"","sticky":false,"template":"","format":"standard","meta":{"footnotes":""},"categories":[298],"tags":[6308,166,6307,1577,1490,11,676,1435],"class_list":["post-6610","post","type-post","status-publish","format-standard","has-post-thumbnail","hentry","category-belgique","tag-chiffres","tag-dans","tag-dommages","tag-fraude","tag-gamme","tag-ligne","tag-par","tag-quatre","generate-columns","tablet-grid-50","mobile-grid-100","grid-parent","grid-33"],"yoast_head":"<!-- This site is optimized with the Yoast SEO plugin v24.0 - https:\/\/yoast.com\/wordpress\/plugins\/seo\/ -->\n<title>Dommages par fraude en ligne dans la gamme \u00e0 quatre chiffres | Vie Associative<\/title>\n<meta name=\"robots\" content=\"index, follow, max-snippet:-1, max-image-preview:large, max-video-preview:-1\" \/>\n<link rel=\"canonical\" href=\"https:\/\/vieassociative.be\/actualites\/dommages-par-fraude-en-ligne-dans-la-gamme-a-quatre-chiffres\/\" \/>\n<meta property=\"og:locale\" content=\"fr_FR\" \/>\n<meta property=\"og:type\" content=\"article\" \/>\n<meta property=\"og:title\" content=\"Dommages par fraude en ligne dans la gamme \u00e0 quatre chiffres | Vie Associative\" \/>\n<meta property=\"og:description\" content=\"La zone de police de Weser-G\u00f6hl rapporte deux incidents dans son rapport \u00e0 partir du jeudi 10\/04. &#8211; Fraude en ligne \u00e0 Eupen: Le 9\" \/>\n<meta property=\"og:url\" content=\"https:\/\/vieassociative.be\/actualites\/dommages-par-fraude-en-ligne-dans-la-gamme-a-quatre-chiffres\/\" \/>\n<meta property=\"og:site_name\" content=\"Vie Associative\" \/>\n<meta property=\"article:published_time\" content=\"2025-04-11T02:18:08+00:00\" \/>\n<meta property=\"og:image\" content=\"https:\/\/vieassociative.be\/actualites\/wp-content\/uploads\/2024\/09\/header_backgroundk-01-e1726694325946.png\" \/>\n\t<meta property=\"og:image:width\" content=\"279\" \/>\n\t<meta property=\"og:image:height\" content=\"92\" \/>\n\t<meta property=\"og:image:type\" content=\"image\/png\" \/>\n<meta name=\"author\" content=\"Julien\" \/>\n<meta name=\"twitter:card\" content=\"summary_large_image\" \/>\n<meta name=\"twitter:label1\" content=\"\u00c9crit par\" \/>\n\t<meta name=\"twitter:data1\" content=\"Julien\" \/>\n\t<meta name=\"twitter:label2\" content=\"Dur\u00e9e de lecture est.\" \/>\n\t<meta name=\"twitter:data2\" content=\"1 minute\" \/>\n<script type=\"application\/ld+json\" class=\"yoast-schema-graph\">{\"@context\":\"https:\/\/schema.org\",\"@graph\":[{\"@type\":\"Article\",\"@id\":\"https:\/\/vieassociative.be\/actualites\/dommages-par-fraude-en-ligne-dans-la-gamme-a-quatre-chiffres\/#article\",\"isPartOf\":{\"@id\":\"https:\/\/vieassociative.be\/actualites\/dommages-par-fraude-en-ligne-dans-la-gamme-a-quatre-chiffres\/\"},\"author\":{\"name\":\"Julien\",\"@id\":\"https:\/\/vieassociative.be\/actualites\/#\/schema\/person\/b87ac4f82f9d4e7b7cec7395b679edc4\"},\"headline\":\"Dommages par fraude en ligne dans la gamme \u00e0 quatre chiffres\",\"datePublished\":\"2025-04-11T02:18:08+00:00\",\"dateModified\":\"2025-04-11T02:18:08+00:00\",\"mainEntityOfPage\":{\"@id\":\"https:\/\/vieassociative.be\/actualites\/dommages-par-fraude-en-ligne-dans-la-gamme-a-quatre-chiffres\/\"},\"wordCount\":271,\"publisher\":{\"@id\":\"https:\/\/vieassociative.be\/actualites\/#organization\"},\"image\":{\"@id\":\"https:\/\/vieassociative.be\/actualites\/dommages-par-fraude-en-ligne-dans-la-gamme-a-quatre-chiffres\/#primaryimage\"},\"thumbnailUrl\":\"https:\/\/vieassociative.be\/actualites\/wp-content\/uploads\/2024\/11\/Raeren-Le-conducteur-tombe-dans-un-micro-sommeil-a-midi.jpeg\",\"keywords\":[\"chiffres\",\"dans\",\"Dommages\",\"fraude\",\"gamme\",\"ligne\",\"par\",\"Quatre\"],\"articleSection\":[\"Belgique\"],\"inLanguage\":\"fr-BE\"},{\"@type\":\"WebPage\",\"@id\":\"https:\/\/vieassociative.be\/actualites\/dommages-par-fraude-en-ligne-dans-la-gamme-a-quatre-chiffres\/\",\"url\":\"https:\/\/vieassociative.be\/actualites\/dommages-par-fraude-en-ligne-dans-la-gamme-a-quatre-chiffres\/\",\"name\":\"Dommages par fraude en ligne dans la gamme \u00e0 quatre chiffres | Vie Associative\",\"isPartOf\":{\"@id\":\"https:\/\/vieassociative.be\/actualites\/#website\"},\"primaryImageOfPage\":{\"@id\":\"https:\/\/vieassociative.be\/actualites\/dommages-par-fraude-en-ligne-dans-la-gamme-a-quatre-chiffres\/#primaryimage\"},\"image\":{\"@id\":\"https:\/\/vieassociative.be\/actualites\/dommages-par-fraude-en-ligne-dans-la-gamme-a-quatre-chiffres\/#primaryimage\"},\"thumbnailUrl\":\"https:\/\/vieassociative.be\/actualites\/wp-content\/uploads\/2024\/11\/Raeren-Le-conducteur-tombe-dans-un-micro-sommeil-a-midi.jpeg\",\"datePublished\":\"2025-04-11T02:18:08+00:00\",\"dateModified\":\"2025-04-11T02:18:08+00:00\",\"breadcrumb\":{\"@id\":\"https:\/\/vieassociative.be\/actualites\/dommages-par-fraude-en-ligne-dans-la-gamme-a-quatre-chiffres\/#breadcrumb\"},\"inLanguage\":\"fr-BE\",\"potentialAction\":[{\"@type\":\"ReadAction\",\"target\":[\"https:\/\/vieassociative.be\/actualites\/dommages-par-fraude-en-ligne-dans-la-gamme-a-quatre-chiffres\/\"]}]},{\"@type\":\"ImageObject\",\"inLanguage\":\"fr-BE\",\"@id\":\"https:\/\/vieassociative.be\/actualites\/dommages-par-fraude-en-ligne-dans-la-gamme-a-quatre-chiffres\/#primaryimage\",\"url\":\"https:\/\/vieassociative.be\/actualites\/wp-content\/uploads\/2024\/11\/Raeren-Le-conducteur-tombe-dans-un-micro-sommeil-a-midi.jpeg\",\"contentUrl\":\"https:\/\/vieassociative.be\/actualites\/wp-content\/uploads\/2024\/11\/Raeren-Le-conducteur-tombe-dans-un-micro-sommeil-a-midi.jpeg\",\"width\":1200,\"height\":800,\"caption\":\"Raeren : Le conducteur tombe dans un micro-sommeil \u00e0 midi\"},{\"@type\":\"BreadcrumbList\",\"@id\":\"https:\/\/vieassociative.be\/actualites\/dommages-par-fraude-en-ligne-dans-la-gamme-a-quatre-chiffres\/#breadcrumb\",\"itemListElement\":[{\"@type\":\"ListItem\",\"position\":1,\"name\":\"Accueil\",\"item\":\"https:\/\/vieassociative.be\/actualites\/\"},{\"@type\":\"ListItem\",\"position\":2,\"name\":\"Dommages par fraude en ligne dans la gamme \u00e0 quatre chiffres\"}]},{\"@type\":\"WebSite\",\"@id\":\"https:\/\/vieassociative.be\/actualites\/#website\",\"url\":\"https:\/\/vieassociative.be\/actualites\/\",\"name\":\"Vie Associative\",\"description\":\"\",\"publisher\":{\"@id\":\"https:\/\/vieassociative.be\/actualites\/#organization\"},\"potentialAction\":[{\"@type\":\"SearchAction\",\"target\":{\"@type\":\"EntryPoint\",\"urlTemplate\":\"https:\/\/vieassociative.be\/actualites\/?s={search_term_string}\"},\"query-input\":{\"@type\":\"PropertyValueSpecification\",\"valueRequired\":true,\"valueName\":\"search_term_string\"}}],\"inLanguage\":\"fr-BE\"},{\"@type\":\"Organization\",\"@id\":\"https:\/\/vieassociative.be\/actualites\/#organization\",\"name\":\"Vie Associative\",\"url\":\"https:\/\/vieassociative.be\/actualites\/\",\"logo\":{\"@type\":\"ImageObject\",\"inLanguage\":\"fr-BE\",\"@id\":\"https:\/\/vieassociative.be\/actualites\/#\/schema\/logo\/image\/\",\"url\":\"https:\/\/vieassociative.be\/actualites\/wp-content\/uploads\/2024\/09\/cropped-vieassociative_favicon.ico.png\",\"contentUrl\":\"https:\/\/vieassociative.be\/actualites\/wp-content\/uploads\/2024\/09\/cropped-vieassociative_favicon.ico.png\",\"width\":512,\"height\":512,\"caption\":\"Vie Associative\"},\"image\":{\"@id\":\"https:\/\/vieassociative.be\/actualites\/#\/schema\/logo\/image\/\"}},{\"@type\":\"Person\",\"@id\":\"https:\/\/vieassociative.be\/actualites\/#\/schema\/person\/b87ac4f82f9d4e7b7cec7395b679edc4\",\"name\":\"Julien\",\"image\":{\"@type\":\"ImageObject\",\"inLanguage\":\"fr-BE\",\"@id\":\"https:\/\/vieassociative.be\/actualites\/#\/schema\/person\/image\/\",\"url\":\"https:\/\/vieassociative.be\/actualites\/wp-content\/uploads\/2024\/09\/vie-associative-1-150x150.jpg\",\"contentUrl\":\"https:\/\/vieassociative.be\/actualites\/wp-content\/uploads\/2024\/09\/vie-associative-1-150x150.jpg\",\"caption\":\"Julien\"},\"description\":\"Je suis Julien, r\u00e9dacteur pour Vie Associative. Passionn\u00e9 par le monde associatif depuis plus de 10 ans, j'ai \u00e0 c\u0153ur de partager des histoires inspirantes et de mettre en lumi\u00e8re les initiatives locales. Mon objectif est de sensibiliser et d'encourager l'engagement communautaire \u00e0 travers mes articles.\",\"sameAs\":[\"https:\/\/vieassociative.be\/\"]}]}<\/script>\n<!-- \/ Yoast SEO plugin. -->","yoast_head_json":{"title":"Dommages par fraude en ligne dans la gamme \u00e0 quatre chiffres | Vie Associative","robots":{"index":"index","follow":"follow","max-snippet":"max-snippet:-1","max-image-preview":"max-image-preview:large","max-video-preview":"max-video-preview:-1"},"canonical":"https:\/\/vieassociative.be\/actualites\/dommages-par-fraude-en-ligne-dans-la-gamme-a-quatre-chiffres\/","og_locale":"fr_FR","og_type":"article","og_title":"Dommages par fraude en ligne dans la gamme \u00e0 quatre chiffres | Vie Associative","og_description":"La zone de police de Weser-G\u00f6hl rapporte deux incidents dans son rapport \u00e0 partir du jeudi 10\/04. &#8211; Fraude en ligne \u00e0 Eupen: Le 9","og_url":"https:\/\/vieassociative.be\/actualites\/dommages-par-fraude-en-ligne-dans-la-gamme-a-quatre-chiffres\/","og_site_name":"Vie Associative","article_published_time":"2025-04-11T02:18:08+00:00","og_image":[{"width":279,"height":92,"url":"https:\/\/vieassociative.be\/actualites\/wp-content\/uploads\/2024\/09\/header_backgroundk-01-e1726694325946.png","type":"image\/png"}],"author":"Julien","twitter_card":"summary_large_image","twitter_misc":{"\u00c9crit par":"Julien","Dur\u00e9e de lecture est.":"1 minute"},"schema":{"@context":"https:\/\/schema.org","@graph":[{"@type":"Article","@id":"https:\/\/vieassociative.be\/actualites\/dommages-par-fraude-en-ligne-dans-la-gamme-a-quatre-chiffres\/#article","isPartOf":{"@id":"https:\/\/vieassociative.be\/actualites\/dommages-par-fraude-en-ligne-dans-la-gamme-a-quatre-chiffres\/"},"author":{"name":"Julien","@id":"https:\/\/vieassociative.be\/actualites\/#\/schema\/person\/b87ac4f82f9d4e7b7cec7395b679edc4"},"headline":"Dommages par fraude en ligne dans la gamme \u00e0 quatre chiffres","datePublished":"2025-04-11T02:18:08+00:00","dateModified":"2025-04-11T02:18:08+00:00","mainEntityOfPage":{"@id":"https:\/\/vieassociative.be\/actualites\/dommages-par-fraude-en-ligne-dans-la-gamme-a-quatre-chiffres\/"},"wordCount":271,"publisher":{"@id":"https:\/\/vieassociative.be\/actualites\/#organization"},"image":{"@id":"https:\/\/vieassociative.be\/actualites\/dommages-par-fraude-en-ligne-dans-la-gamme-a-quatre-chiffres\/#primaryimage"},"thumbnailUrl":"https:\/\/vieassociative.be\/actualites\/wp-content\/uploads\/2024\/11\/Raeren-Le-conducteur-tombe-dans-un-micro-sommeil-a-midi.jpeg","keywords":["chiffres","dans","Dommages","fraude","gamme","ligne","par","Quatre"],"articleSection":["Belgique"],"inLanguage":"fr-BE"},{"@type":"WebPage","@id":"https:\/\/vieassociative.be\/actualites\/dommages-par-fraude-en-ligne-dans-la-gamme-a-quatre-chiffres\/","url":"https:\/\/vieassociative.be\/actualites\/dommages-par-fraude-en-ligne-dans-la-gamme-a-quatre-chiffres\/","name":"Dommages par fraude en ligne dans la gamme \u00e0 quatre chiffres | Vie Associative","isPartOf":{"@id":"https:\/\/vieassociative.be\/actualites\/#website"},"primaryImageOfPage":{"@id":"https:\/\/vieassociative.be\/actualites\/dommages-par-fraude-en-ligne-dans-la-gamme-a-quatre-chiffres\/#primaryimage"},"image":{"@id":"https:\/\/vieassociative.be\/actualites\/dommages-par-fraude-en-ligne-dans-la-gamme-a-quatre-chiffres\/#primaryimage"},"thumbnailUrl":"https:\/\/vieassociative.be\/actualites\/wp-content\/uploads\/2024\/11\/Raeren-Le-conducteur-tombe-dans-un-micro-sommeil-a-midi.jpeg","datePublished":"2025-04-11T02:18:08+00:00","dateModified":"2025-04-11T02:18:08+00:00","breadcrumb":{"@id":"https:\/\/vieassociative.be\/actualites\/dommages-par-fraude-en-ligne-dans-la-gamme-a-quatre-chiffres\/#breadcrumb"},"inLanguage":"fr-BE","potentialAction":[{"@type":"ReadAction","target":["https:\/\/vieassociative.be\/actualites\/dommages-par-fraude-en-ligne-dans-la-gamme-a-quatre-chiffres\/"]}]},{"@type":"ImageObject","inLanguage":"fr-BE","@id":"https:\/\/vieassociative.be\/actualites\/dommages-par-fraude-en-ligne-dans-la-gamme-a-quatre-chiffres\/#primaryimage","url":"https:\/\/vieassociative.be\/actualites\/wp-content\/uploads\/2024\/11\/Raeren-Le-conducteur-tombe-dans-un-micro-sommeil-a-midi.jpeg","contentUrl":"https:\/\/vieassociative.be\/actualites\/wp-content\/uploads\/2024\/11\/Raeren-Le-conducteur-tombe-dans-un-micro-sommeil-a-midi.jpeg","width":1200,"height":800,"caption":"Raeren : Le conducteur tombe dans un micro-sommeil \u00e0 midi"},{"@type":"BreadcrumbList","@id":"https:\/\/vieassociative.be\/actualites\/dommages-par-fraude-en-ligne-dans-la-gamme-a-quatre-chiffres\/#breadcrumb","itemListElement":[{"@type":"ListItem","position":1,"name":"Accueil","item":"https:\/\/vieassociative.be\/actualites\/"},{"@type":"ListItem","position":2,"name":"Dommages par fraude en ligne dans la gamme \u00e0 quatre chiffres"}]},{"@type":"WebSite","@id":"https:\/\/vieassociative.be\/actualites\/#website","url":"https:\/\/vieassociative.be\/actualites\/","name":"Vie Associative","description":"","publisher":{"@id":"https:\/\/vieassociative.be\/actualites\/#organization"},"potentialAction":[{"@type":"SearchAction","target":{"@type":"EntryPoint","urlTemplate":"https:\/\/vieassociative.be\/actualites\/?s={search_term_string}"},"query-input":{"@type":"PropertyValueSpecification","valueRequired":true,"valueName":"search_term_string"}}],"inLanguage":"fr-BE"},{"@type":"Organization","@id":"https:\/\/vieassociative.be\/actualites\/#organization","name":"Vie Associative","url":"https:\/\/vieassociative.be\/actualites\/","logo":{"@type":"ImageObject","inLanguage":"fr-BE","@id":"https:\/\/vieassociative.be\/actualites\/#\/schema\/logo\/image\/","url":"https:\/\/vieassociative.be\/actualites\/wp-content\/uploads\/2024\/09\/cropped-vieassociative_favicon.ico.png","contentUrl":"https:\/\/vieassociative.be\/actualites\/wp-content\/uploads\/2024\/09\/cropped-vieassociative_favicon.ico.png","width":512,"height":512,"caption":"Vie Associative"},"image":{"@id":"https:\/\/vieassociative.be\/actualites\/#\/schema\/logo\/image\/"}},{"@type":"Person","@id":"https:\/\/vieassociative.be\/actualites\/#\/schema\/person\/b87ac4f82f9d4e7b7cec7395b679edc4","name":"Julien","image":{"@type":"ImageObject","inLanguage":"fr-BE","@id":"https:\/\/vieassociative.be\/actualites\/#\/schema\/person\/image\/","url":"https:\/\/vieassociative.be\/actualites\/wp-content\/uploads\/2024\/09\/vie-associative-1-150x150.jpg","contentUrl":"https:\/\/vieassociative.be\/actualites\/wp-content\/uploads\/2024\/09\/vie-associative-1-150x150.jpg","caption":"Julien"},"description":"Je suis Julien, r\u00e9dacteur pour Vie Associative. Passionn\u00e9 par le monde associatif depuis plus de 10 ans, j'ai \u00e0 c\u0153ur de partager des histoires inspirantes et de mettre en lumi\u00e8re les initiatives locales. Mon objectif est de sensibiliser et d'encourager l'engagement communautaire \u00e0 travers mes articles.","sameAs":["https:\/\/vieassociative.be\/"]}]}},"_links":{"self":[{"href":"https:\/\/vieassociative.be\/actualites\/wp-json\/wp\/v2\/posts\/6610"}],"collection":[{"href":"https:\/\/vieassociative.be\/actualites\/wp-json\/wp\/v2\/posts"}],"about":[{"href":"https:\/\/vieassociative.be\/actualites\/wp-json\/wp\/v2\/types\/post"}],"author":[{"embeddable":true,"href":"https:\/\/vieassociative.be\/actualites\/wp-json\/wp\/v2\/users\/1"}],"replies":[{"embeddable":true,"href":"https:\/\/vieassociative.be\/actualites\/wp-json\/wp\/v2\/comments?post=6610"}],"version-history":[{"count":0,"href":"https:\/\/vieassociative.be\/actualites\/wp-json\/wp\/v2\/posts\/6610\/revisions"}],"wp:featuredmedia":[{"embeddable":true,"href":"https:\/\/vieassociative.be\/actualites\/wp-json\/wp\/v2\/media\/1939"}],"wp:attachment":[{"href":"https:\/\/vieassociative.be\/actualites\/wp-json\/wp\/v2\/media?parent=6610"}],"wp:term":[{"taxonomy":"category","embeddable":true,"href":"https:\/\/vieassociative.be\/actualites\/wp-json\/wp\/v2\/categories?post=6610"},{"taxonomy":"post_tag","embeddable":true,"href":"https:\/\/vieassociative.be\/actualites\/wp-json\/wp\/v2\/tags?post=6610"}],"curies":[{"name":"wp","href":"https:\/\/api.w.org\/{rel}","templated":true}]}}