{"id":6605,"date":"2025-04-10T22:19:38","date_gmt":"2025-04-10T20:19:38","guid":{"rendered":"https:\/\/vieassociative.be\/actualites\/lettre-au-redacteur-nos-politiciens-alimentent-les-craintes-inutiles\/"},"modified":"2025-04-10T22:19:38","modified_gmt":"2025-04-10T20:19:38","slug":"lettre-au-redacteur-nos-politiciens-alimentent-les-craintes-inutiles","status":"publish","type":"post","link":"https:\/\/vieassociative.be\/actualites\/lettre-au-redacteur-nos-politiciens-alimentent-les-craintes-inutiles\/","title":{"rendered":"Lettre au r\u00e9dacteur &#8211; Nos politiciens alimentent les craintes inutiles?"},"content":{"rendered":"<p><strong>M\u00eame dans notre communaut\u00e9 DG plus pacifique et riche, le nombre de grossesses et de naissances semblent \u00eatre consid\u00e9rablement de retour. Une connaissance mari\u00e9e mentionn\u00e9e \u00e0 ce sujet disait qu&rsquo;elle \u00e9tait heureuse de n&rsquo;avoir aucun enfant en vue des dangers imminents pour notre avenir. Plus pr\u00e9cis\u00e9ment, elle a appel\u00e9 le risque de guerre et les dangers de notre sant\u00e9.<\/strong><\/p>\n<p><span id=\"more-413155\"><\/span><strong>Risque de guerre en Europe occidentale, \u00e0 quel point est-ce r\u00e9el?<\/strong> Plant Poutine, la Russie planifie-t-elle r\u00e9ellement une guerre contre les pays de l&rsquo;OTAN en Europe? La plupart des r\u00e9sidents de la DG nieront probablement ces questions car il n&rsquo;y a aucun argument logique: qu&rsquo;est-ce qu&rsquo;il a pour offrir une pauvre Europe dans les ressources ?! Un risque de guerre ne peut survenir que si nos politiciens du gouvernement, comme le premier, attaquent la Russie. Mais nous pouvons emp\u00eacher cela, soit aux urnes, soit dans la rue!<\/p>\n<p><strong>Danger pour notre sant\u00e9?<\/strong> Cette peur ne peut pas non plus \u00eatre justifi\u00e9e objectivement: parce que la \u00abCorona Pandemie\u00bb en 2020, comme la \u00abPig Rip Rippe Pandemie\u00bb en 2008, s&rsquo;est av\u00e9r\u00e9e l\u00e9g\u00e8re pour la grippe \u00e0 mi-parcours. Seules les cons\u00e9quences des injections de Coronas \u00e9taient et sont probl\u00e9matiques, bien que ces cons\u00e9quences soient \u00e9galement m\u00e9dicalement traitables!<\/p>\n<p><strong>Quels autres dangers nous menacent encore?<\/strong><\/p>\n<p><strong>Le r\u00e9chauffement du climat mondial?<\/strong> Oui, le risque de catastrophes environnementales du r\u00e9chauffement est r\u00e9elle: bien s\u00fbr, nous pouvons prendre des mesures efficaces pour prendre des effets, puis le changement utile \u00e0 un approvisionnement en \u00e9nergie solaire \u00e0 100% peut m\u00eame \u00eatre efficace.<br \/>\nQu&rsquo;y a-t-il d&rsquo;autre? L&rsquo;inflation notable, l&rsquo;augmentation du ch\u00f4mage, l&rsquo;appauvrissement et l&rsquo;incertitude des pensions: probl\u00e8mes r\u00e9els pour lesquels le coffre-fort duquel et le simple! &#8211; Dissolution Nous ne choisissons actuellement que les mauvais politiciens au pouvoir!<\/p>\n<p>Fourniture donc nos politiciens du gouvernement &#8211; et les m\u00e9dias &#8211; craignent inutilement et paniquent de nous rendre conformes \u00e0 l&rsquo;objectif? Dans le Code p\u00e9nal suisse, le Code p\u00e9nal est en vertu de l&rsquo;article 258: \u00ab\u00a0Quiconque est puni de menace de menace et de pr\u00e9tendant un danger pour la vie, la vie ou les biens est punie d&rsquo;une peine d&#8217;emprisonnement jusqu&rsquo;\u00e0 3 ans ou d&rsquo;une amende.\u00a0\u00bb<\/p>\n<p>La meilleure chose est que nous, et avec les jeunes couples, ne nous laissons tout simplement pas paniquer!<\/p>\n<p><strong>04\/10\/2025 Joseph Meyer, St.Vith<\/strong><\/p>\n","protected":false},"excerpt":{"rendered":"<p>M\u00eame dans notre communaut\u00e9 DG plus pacifique et riche, le nombre de grossesses et de naissances semblent \u00eatre consid\u00e9rablement de retour. Une connaissance mari\u00e9e mentionn\u00e9e<\/p>\n","protected":false},"author":1,"featured_media":2567,"comment_status":"","ping_status":"","sticky":false,"template":"","format":"standard","meta":{"footnotes":""},"categories":[298],"tags":[6303,5798,4281,14,2628,3060,6302,3723],"class_list":["post-6605","post","type-post","status-publish","format-standard","has-post-thumbnail","hentry","category-belgique","tag-alimentent","tag-craintes","tag-inutiles","tag-les","tag-lettre","tag-nos","tag-politiciens","tag-redacteur","generate-columns","tablet-grid-50","mobile-grid-100","grid-parent","grid-33"],"yoast_head":"<!-- This site is optimized with the Yoast SEO plugin v24.0 - https:\/\/yoast.com\/wordpress\/plugins\/seo\/ -->\n<title>Lettre au r\u00e9dacteur - Nos politiciens alimentent les craintes inutiles? | Vie Associative<\/title>\n<meta name=\"robots\" content=\"index, follow, max-snippet:-1, max-image-preview:large, max-video-preview:-1\" \/>\n<link rel=\"canonical\" href=\"https:\/\/vieassociative.be\/actualites\/lettre-au-redacteur-nos-politiciens-alimentent-les-craintes-inutiles\/\" \/>\n<meta property=\"og:locale\" content=\"fr_FR\" \/>\n<meta property=\"og:type\" content=\"article\" \/>\n<meta property=\"og:title\" content=\"Lettre au r\u00e9dacteur - Nos politiciens alimentent les craintes inutiles? | Vie Associative\" \/>\n<meta property=\"og:description\" content=\"M\u00eame dans notre communaut\u00e9 DG plus pacifique et riche, le nombre de grossesses et de naissances semblent \u00eatre consid\u00e9rablement de retour. Une connaissance mari\u00e9e mentionn\u00e9e\" \/>\n<meta property=\"og:url\" content=\"https:\/\/vieassociative.be\/actualites\/lettre-au-redacteur-nos-politiciens-alimentent-les-craintes-inutiles\/\" \/>\n<meta property=\"og:site_name\" content=\"Vie Associative\" \/>\n<meta property=\"article:published_time\" content=\"2025-04-10T20:19:38+00:00\" \/>\n<meta property=\"og:image\" content=\"https:\/\/vieassociative.be\/actualites\/wp-content\/uploads\/2024\/09\/header_backgroundk-01-e1726694325946.png\" \/>\n\t<meta property=\"og:image:width\" content=\"279\" \/>\n\t<meta property=\"og:image:height\" content=\"92\" \/>\n\t<meta property=\"og:image:type\" content=\"image\/png\" \/>\n<meta name=\"author\" content=\"Julien\" \/>\n<meta name=\"twitter:card\" content=\"summary_large_image\" \/>\n<meta name=\"twitter:label1\" content=\"\u00c9crit par\" \/>\n\t<meta name=\"twitter:data1\" content=\"Julien\" \/>\n\t<meta name=\"twitter:label2\" content=\"Dur\u00e9e de lecture est.\" \/>\n\t<meta name=\"twitter:data2\" content=\"2 minutes\" \/>\n<script type=\"application\/ld+json\" class=\"yoast-schema-graph\">{\"@context\":\"https:\/\/schema.org\",\"@graph\":[{\"@type\":\"Article\",\"@id\":\"https:\/\/vieassociative.be\/actualites\/lettre-au-redacteur-nos-politiciens-alimentent-les-craintes-inutiles\/#article\",\"isPartOf\":{\"@id\":\"https:\/\/vieassociative.be\/actualites\/lettre-au-redacteur-nos-politiciens-alimentent-les-craintes-inutiles\/\"},\"author\":{\"name\":\"Julien\",\"@id\":\"https:\/\/vieassociative.be\/actualites\/#\/schema\/person\/b87ac4f82f9d4e7b7cec7395b679edc4\"},\"headline\":\"Lettre au r\u00e9dacteur &#8211; Nos politiciens alimentent les craintes inutiles?\",\"datePublished\":\"2025-04-10T20:19:38+00:00\",\"dateModified\":\"2025-04-10T20:19:38+00:00\",\"mainEntityOfPage\":{\"@id\":\"https:\/\/vieassociative.be\/actualites\/lettre-au-redacteur-nos-politiciens-alimentent-les-craintes-inutiles\/\"},\"wordCount\":422,\"publisher\":{\"@id\":\"https:\/\/vieassociative.be\/actualites\/#organization\"},\"image\":{\"@id\":\"https:\/\/vieassociative.be\/actualites\/lettre-au-redacteur-nos-politiciens-alimentent-les-craintes-inutiles\/#primaryimage\"},\"thumbnailUrl\":\"https:\/\/vieassociative.be\/actualites\/wp-content\/uploads\/2024\/11\/LETTRE-A-LA-REDACTION-\u2013-Audi-Bruxelles-dernier-avertissement-du.jpeg\",\"keywords\":[\"alimentent\",\"craintes\",\"inutiles\",\"Les\",\"lettre\",\"nos\",\"politiciens\",\"r\u00e9dacteur\"],\"articleSection\":[\"Belgique\"],\"inLanguage\":\"fr-BE\"},{\"@type\":\"WebPage\",\"@id\":\"https:\/\/vieassociative.be\/actualites\/lettre-au-redacteur-nos-politiciens-alimentent-les-craintes-inutiles\/\",\"url\":\"https:\/\/vieassociative.be\/actualites\/lettre-au-redacteur-nos-politiciens-alimentent-les-craintes-inutiles\/\",\"name\":\"Lettre au r\u00e9dacteur - Nos politiciens alimentent les craintes inutiles? | Vie Associative\",\"isPartOf\":{\"@id\":\"https:\/\/vieassociative.be\/actualites\/#website\"},\"primaryImageOfPage\":{\"@id\":\"https:\/\/vieassociative.be\/actualites\/lettre-au-redacteur-nos-politiciens-alimentent-les-craintes-inutiles\/#primaryimage\"},\"image\":{\"@id\":\"https:\/\/vieassociative.be\/actualites\/lettre-au-redacteur-nos-politiciens-alimentent-les-craintes-inutiles\/#primaryimage\"},\"thumbnailUrl\":\"https:\/\/vieassociative.be\/actualites\/wp-content\/uploads\/2024\/11\/LETTRE-A-LA-REDACTION-\u2013-Audi-Bruxelles-dernier-avertissement-du.jpeg\",\"datePublished\":\"2025-04-10T20:19:38+00:00\",\"dateModified\":\"2025-04-10T20:19:38+00:00\",\"breadcrumb\":{\"@id\":\"https:\/\/vieassociative.be\/actualites\/lettre-au-redacteur-nos-politiciens-alimentent-les-craintes-inutiles\/#breadcrumb\"},\"inLanguage\":\"fr-BE\",\"potentialAction\":[{\"@type\":\"ReadAction\",\"target\":[\"https:\/\/vieassociative.be\/actualites\/lettre-au-redacteur-nos-politiciens-alimentent-les-craintes-inutiles\/\"]}]},{\"@type\":\"ImageObject\",\"inLanguage\":\"fr-BE\",\"@id\":\"https:\/\/vieassociative.be\/actualites\/lettre-au-redacteur-nos-politiciens-alimentent-les-craintes-inutiles\/#primaryimage\",\"url\":\"https:\/\/vieassociative.be\/actualites\/wp-content\/uploads\/2024\/11\/LETTRE-A-LA-REDACTION-\u2013-Audi-Bruxelles-dernier-avertissement-du.jpeg\",\"contentUrl\":\"https:\/\/vieassociative.be\/actualites\/wp-content\/uploads\/2024\/11\/LETTRE-A-LA-REDACTION-\u2013-Audi-Bruxelles-dernier-avertissement-du.jpeg\",\"width\":1024,\"height\":747,\"caption\":\"LETTRE \u00c0 LA R\u00c9DACTION \u2013 Audi Bruxelles, dernier avertissement du gouffre\"},{\"@type\":\"BreadcrumbList\",\"@id\":\"https:\/\/vieassociative.be\/actualites\/lettre-au-redacteur-nos-politiciens-alimentent-les-craintes-inutiles\/#breadcrumb\",\"itemListElement\":[{\"@type\":\"ListItem\",\"position\":1,\"name\":\"Accueil\",\"item\":\"https:\/\/vieassociative.be\/actualites\/\"},{\"@type\":\"ListItem\",\"position\":2,\"name\":\"Lettre au r\u00e9dacteur &#8211; Nos politiciens alimentent les craintes inutiles?\"}]},{\"@type\":\"WebSite\",\"@id\":\"https:\/\/vieassociative.be\/actualites\/#website\",\"url\":\"https:\/\/vieassociative.be\/actualites\/\",\"name\":\"Vie Associative\",\"description\":\"\",\"publisher\":{\"@id\":\"https:\/\/vieassociative.be\/actualites\/#organization\"},\"potentialAction\":[{\"@type\":\"SearchAction\",\"target\":{\"@type\":\"EntryPoint\",\"urlTemplate\":\"https:\/\/vieassociative.be\/actualites\/?s={search_term_string}\"},\"query-input\":{\"@type\":\"PropertyValueSpecification\",\"valueRequired\":true,\"valueName\":\"search_term_string\"}}],\"inLanguage\":\"fr-BE\"},{\"@type\":\"Organization\",\"@id\":\"https:\/\/vieassociative.be\/actualites\/#organization\",\"name\":\"Vie Associative\",\"url\":\"https:\/\/vieassociative.be\/actualites\/\",\"logo\":{\"@type\":\"ImageObject\",\"inLanguage\":\"fr-BE\",\"@id\":\"https:\/\/vieassociative.be\/actualites\/#\/schema\/logo\/image\/\",\"url\":\"https:\/\/vieassociative.be\/actualites\/wp-content\/uploads\/2024\/09\/cropped-vieassociative_favicon.ico.png\",\"contentUrl\":\"https:\/\/vieassociative.be\/actualites\/wp-content\/uploads\/2024\/09\/cropped-vieassociative_favicon.ico.png\",\"width\":512,\"height\":512,\"caption\":\"Vie Associative\"},\"image\":{\"@id\":\"https:\/\/vieassociative.be\/actualites\/#\/schema\/logo\/image\/\"}},{\"@type\":\"Person\",\"@id\":\"https:\/\/vieassociative.be\/actualites\/#\/schema\/person\/b87ac4f82f9d4e7b7cec7395b679edc4\",\"name\":\"Julien\",\"image\":{\"@type\":\"ImageObject\",\"inLanguage\":\"fr-BE\",\"@id\":\"https:\/\/vieassociative.be\/actualites\/#\/schema\/person\/image\/\",\"url\":\"https:\/\/vieassociative.be\/actualites\/wp-content\/uploads\/2024\/09\/vie-associative-1-150x150.jpg\",\"contentUrl\":\"https:\/\/vieassociative.be\/actualites\/wp-content\/uploads\/2024\/09\/vie-associative-1-150x150.jpg\",\"caption\":\"Julien\"},\"description\":\"Je suis Julien, r\u00e9dacteur pour Vie Associative. Passionn\u00e9 par le monde associatif depuis plus de 10 ans, j'ai \u00e0 c\u0153ur de partager des histoires inspirantes et de mettre en lumi\u00e8re les initiatives locales. Mon objectif est de sensibiliser et d'encourager l'engagement communautaire \u00e0 travers mes articles.\",\"sameAs\":[\"https:\/\/vieassociative.be\/\"]}]}<\/script>\n<!-- \/ Yoast SEO plugin. -->","yoast_head_json":{"title":"Lettre au r\u00e9dacteur - Nos politiciens alimentent les craintes inutiles? | Vie Associative","robots":{"index":"index","follow":"follow","max-snippet":"max-snippet:-1","max-image-preview":"max-image-preview:large","max-video-preview":"max-video-preview:-1"},"canonical":"https:\/\/vieassociative.be\/actualites\/lettre-au-redacteur-nos-politiciens-alimentent-les-craintes-inutiles\/","og_locale":"fr_FR","og_type":"article","og_title":"Lettre au r\u00e9dacteur - Nos politiciens alimentent les craintes inutiles? | Vie Associative","og_description":"M\u00eame dans notre communaut\u00e9 DG plus pacifique et riche, le nombre de grossesses et de naissances semblent \u00eatre consid\u00e9rablement de retour. Une connaissance mari\u00e9e mentionn\u00e9e","og_url":"https:\/\/vieassociative.be\/actualites\/lettre-au-redacteur-nos-politiciens-alimentent-les-craintes-inutiles\/","og_site_name":"Vie Associative","article_published_time":"2025-04-10T20:19:38+00:00","og_image":[{"width":279,"height":92,"url":"https:\/\/vieassociative.be\/actualites\/wp-content\/uploads\/2024\/09\/header_backgroundk-01-e1726694325946.png","type":"image\/png"}],"author":"Julien","twitter_card":"summary_large_image","twitter_misc":{"\u00c9crit par":"Julien","Dur\u00e9e de lecture est.":"2 minutes"},"schema":{"@context":"https:\/\/schema.org","@graph":[{"@type":"Article","@id":"https:\/\/vieassociative.be\/actualites\/lettre-au-redacteur-nos-politiciens-alimentent-les-craintes-inutiles\/#article","isPartOf":{"@id":"https:\/\/vieassociative.be\/actualites\/lettre-au-redacteur-nos-politiciens-alimentent-les-craintes-inutiles\/"},"author":{"name":"Julien","@id":"https:\/\/vieassociative.be\/actualites\/#\/schema\/person\/b87ac4f82f9d4e7b7cec7395b679edc4"},"headline":"Lettre au r\u00e9dacteur &#8211; Nos politiciens alimentent les craintes inutiles?","datePublished":"2025-04-10T20:19:38+00:00","dateModified":"2025-04-10T20:19:38+00:00","mainEntityOfPage":{"@id":"https:\/\/vieassociative.be\/actualites\/lettre-au-redacteur-nos-politiciens-alimentent-les-craintes-inutiles\/"},"wordCount":422,"publisher":{"@id":"https:\/\/vieassociative.be\/actualites\/#organization"},"image":{"@id":"https:\/\/vieassociative.be\/actualites\/lettre-au-redacteur-nos-politiciens-alimentent-les-craintes-inutiles\/#primaryimage"},"thumbnailUrl":"https:\/\/vieassociative.be\/actualites\/wp-content\/uploads\/2024\/11\/LETTRE-A-LA-REDACTION-\u2013-Audi-Bruxelles-dernier-avertissement-du.jpeg","keywords":["alimentent","craintes","inutiles","Les","lettre","nos","politiciens","r\u00e9dacteur"],"articleSection":["Belgique"],"inLanguage":"fr-BE"},{"@type":"WebPage","@id":"https:\/\/vieassociative.be\/actualites\/lettre-au-redacteur-nos-politiciens-alimentent-les-craintes-inutiles\/","url":"https:\/\/vieassociative.be\/actualites\/lettre-au-redacteur-nos-politiciens-alimentent-les-craintes-inutiles\/","name":"Lettre au r\u00e9dacteur - Nos politiciens alimentent les craintes inutiles? | Vie Associative","isPartOf":{"@id":"https:\/\/vieassociative.be\/actualites\/#website"},"primaryImageOfPage":{"@id":"https:\/\/vieassociative.be\/actualites\/lettre-au-redacteur-nos-politiciens-alimentent-les-craintes-inutiles\/#primaryimage"},"image":{"@id":"https:\/\/vieassociative.be\/actualites\/lettre-au-redacteur-nos-politiciens-alimentent-les-craintes-inutiles\/#primaryimage"},"thumbnailUrl":"https:\/\/vieassociative.be\/actualites\/wp-content\/uploads\/2024\/11\/LETTRE-A-LA-REDACTION-\u2013-Audi-Bruxelles-dernier-avertissement-du.jpeg","datePublished":"2025-04-10T20:19:38+00:00","dateModified":"2025-04-10T20:19:38+00:00","breadcrumb":{"@id":"https:\/\/vieassociative.be\/actualites\/lettre-au-redacteur-nos-politiciens-alimentent-les-craintes-inutiles\/#breadcrumb"},"inLanguage":"fr-BE","potentialAction":[{"@type":"ReadAction","target":["https:\/\/vieassociative.be\/actualites\/lettre-au-redacteur-nos-politiciens-alimentent-les-craintes-inutiles\/"]}]},{"@type":"ImageObject","inLanguage":"fr-BE","@id":"https:\/\/vieassociative.be\/actualites\/lettre-au-redacteur-nos-politiciens-alimentent-les-craintes-inutiles\/#primaryimage","url":"https:\/\/vieassociative.be\/actualites\/wp-content\/uploads\/2024\/11\/LETTRE-A-LA-REDACTION-\u2013-Audi-Bruxelles-dernier-avertissement-du.jpeg","contentUrl":"https:\/\/vieassociative.be\/actualites\/wp-content\/uploads\/2024\/11\/LETTRE-A-LA-REDACTION-\u2013-Audi-Bruxelles-dernier-avertissement-du.jpeg","width":1024,"height":747,"caption":"LETTRE \u00c0 LA R\u00c9DACTION \u2013 Audi Bruxelles, dernier avertissement du gouffre"},{"@type":"BreadcrumbList","@id":"https:\/\/vieassociative.be\/actualites\/lettre-au-redacteur-nos-politiciens-alimentent-les-craintes-inutiles\/#breadcrumb","itemListElement":[{"@type":"ListItem","position":1,"name":"Accueil","item":"https:\/\/vieassociative.be\/actualites\/"},{"@type":"ListItem","position":2,"name":"Lettre au r\u00e9dacteur &#8211; Nos politiciens alimentent les craintes inutiles?"}]},{"@type":"WebSite","@id":"https:\/\/vieassociative.be\/actualites\/#website","url":"https:\/\/vieassociative.be\/actualites\/","name":"Vie Associative","description":"","publisher":{"@id":"https:\/\/vieassociative.be\/actualites\/#organization"},"potentialAction":[{"@type":"SearchAction","target":{"@type":"EntryPoint","urlTemplate":"https:\/\/vieassociative.be\/actualites\/?s={search_term_string}"},"query-input":{"@type":"PropertyValueSpecification","valueRequired":true,"valueName":"search_term_string"}}],"inLanguage":"fr-BE"},{"@type":"Organization","@id":"https:\/\/vieassociative.be\/actualites\/#organization","name":"Vie Associative","url":"https:\/\/vieassociative.be\/actualites\/","logo":{"@type":"ImageObject","inLanguage":"fr-BE","@id":"https:\/\/vieassociative.be\/actualites\/#\/schema\/logo\/image\/","url":"https:\/\/vieassociative.be\/actualites\/wp-content\/uploads\/2024\/09\/cropped-vieassociative_favicon.ico.png","contentUrl":"https:\/\/vieassociative.be\/actualites\/wp-content\/uploads\/2024\/09\/cropped-vieassociative_favicon.ico.png","width":512,"height":512,"caption":"Vie Associative"},"image":{"@id":"https:\/\/vieassociative.be\/actualites\/#\/schema\/logo\/image\/"}},{"@type":"Person","@id":"https:\/\/vieassociative.be\/actualites\/#\/schema\/person\/b87ac4f82f9d4e7b7cec7395b679edc4","name":"Julien","image":{"@type":"ImageObject","inLanguage":"fr-BE","@id":"https:\/\/vieassociative.be\/actualites\/#\/schema\/person\/image\/","url":"https:\/\/vieassociative.be\/actualites\/wp-content\/uploads\/2024\/09\/vie-associative-1-150x150.jpg","contentUrl":"https:\/\/vieassociative.be\/actualites\/wp-content\/uploads\/2024\/09\/vie-associative-1-150x150.jpg","caption":"Julien"},"description":"Je suis Julien, r\u00e9dacteur pour Vie Associative. Passionn\u00e9 par le monde associatif depuis plus de 10 ans, j'ai \u00e0 c\u0153ur de partager des histoires inspirantes et de mettre en lumi\u00e8re les initiatives locales. Mon objectif est de sensibiliser et d'encourager l'engagement communautaire \u00e0 travers mes articles.","sameAs":["https:\/\/vieassociative.be\/"]}]}},"_links":{"self":[{"href":"https:\/\/vieassociative.be\/actualites\/wp-json\/wp\/v2\/posts\/6605"}],"collection":[{"href":"https:\/\/vieassociative.be\/actualites\/wp-json\/wp\/v2\/posts"}],"about":[{"href":"https:\/\/vieassociative.be\/actualites\/wp-json\/wp\/v2\/types\/post"}],"author":[{"embeddable":true,"href":"https:\/\/vieassociative.be\/actualites\/wp-json\/wp\/v2\/users\/1"}],"replies":[{"embeddable":true,"href":"https:\/\/vieassociative.be\/actualites\/wp-json\/wp\/v2\/comments?post=6605"}],"version-history":[{"count":0,"href":"https:\/\/vieassociative.be\/actualites\/wp-json\/wp\/v2\/posts\/6605\/revisions"}],"wp:featuredmedia":[{"embeddable":true,"href":"https:\/\/vieassociative.be\/actualites\/wp-json\/wp\/v2\/media\/2567"}],"wp:attachment":[{"href":"https:\/\/vieassociative.be\/actualites\/wp-json\/wp\/v2\/media?parent=6605"}],"wp:term":[{"taxonomy":"category","embeddable":true,"href":"https:\/\/vieassociative.be\/actualites\/wp-json\/wp\/v2\/categories?post=6605"},{"taxonomy":"post_tag","embeddable":true,"href":"https:\/\/vieassociative.be\/actualites\/wp-json\/wp\/v2\/tags?post=6605"}],"curies":[{"name":"wp","href":"https:\/\/api.w.org\/{rel}","templated":true}]}}