{"id":6603,"date":"2025-04-10T21:18:11","date_gmt":"2025-04-10T19:18:11","guid":{"rendered":"https:\/\/vieassociative.be\/actualites\/il-est-etonnamment-facile-de-personnaliser-les-icones-de-dossier-de-votre-mac\/"},"modified":"2025-04-10T21:18:11","modified_gmt":"2025-04-10T19:18:11","slug":"il-est-etonnamment-facile-de-personnaliser-les-icones-de-dossier-de-votre-mac","status":"publish","type":"post","link":"https:\/\/vieassociative.be\/actualites\/il-est-etonnamment-facile-de-personnaliser-les-icones-de-dossier-de-votre-mac\/","title":{"rendered":"Il est \u00e9tonnamment facile de personnaliser les ic\u00f4nes de dossier de votre Mac"},"content":{"rendered":"<div class=\"mt-4 leading-6 md:mb-8\">Vous n&rsquo;avez pas \u00e0 vous contenter de centaines de dossiers bleus identiques.<\/div>\n<p><\/p>\n<p>Chaque dossier sur macOS est le m\u00eame: une repr\u00e9sentation bleue ennuyeuse d&rsquo;un fichier papier. Cela rend la navigation d&rsquo;un dossier plein de dossiers plus durs qu&rsquo;il ne doit l&rsquo;\u00eatre parce que tout semble identique. Sauf si, vous utilisez des ic\u00f4nes personnalis\u00e9es pour vos dossiers les plus utilis\u00e9s. Vous pouvez le faire assez facilement, mais la fonctionnalit\u00e9 est un peu cach\u00e9e.<\/p>\n<p>Et oui, cela signifie que vous pouvez utiliser quelque chose de stupide pour votre ic\u00f4ne de dossier. Mais cela peut \u00e9galement \u00eatre pratique. Avoir un dossier important une couleur diff\u00e9rente de celle du reste, ou tous vos dossiers diff\u00e9rentes couleurs en fonction des fonctionnalit\u00e9s, le facilite la recherche et le cliquez sur ce que vous recherchez. Et le processus n&rsquo;est pas difficile.<\/p>\n<p>Tout d&rsquo;abord: vous devez trouver l&rsquo;image que vous souhaitez utiliser comme ic\u00f4ne. Je recommande d&rsquo;aller sur macosicons.com, qui a des milliers d&rsquo;ic\u00f4nes de taille juste. Vous pouvez rechercher n&rsquo;importe quelle couleur et trouver des ic\u00f4nes de dossier qui correspondent. Vous pouvez \u00e9galement rechercher des objets ou des applications al\u00e9atoires et trouver des ic\u00f4nes. Trouvez les images que vous souhaitez utiliser et cliquez <strong>T\u00e9l\u00e9charger<\/strong> Pour obtenir un fichier .icns que vous pouvez attribuer \u00e0 tout dossier que vous aimez. Alternativement, vous pouvez simplement rechercher sur le Web l&rsquo;image que vous souhaitez, cliquer avec le bouton droit sur l&rsquo;image et cliquer <strong>Copier<\/strong> (Notez que vous ne pouvez pas cliquer sur \u00ab\u00a0Copier URL de l&rsquo;image\u00a0\u00bb &#8211; vous devez copier l&rsquo;image elle-m\u00eame).<\/p>\n<p>Ensuite, cliquez avec le bouton droit sur le dossier pour lequel vous souhaitez modifier l&rsquo;ic\u00f4ne et cliquez <strong>Obtenir des informations<\/strong> Pour tirer une fen\u00eatre avec des informations sur le fichier. Vous verrez une ic\u00f4ne de dossier dans le coin sup\u00e9rieur gauche de cette fen\u00eatre (pas celle de la barre d&rsquo;outils de la fen\u00eatre). Si vous avez t\u00e9l\u00e9charg\u00e9 un fichier .icns, faites-le simplement glisser vers cette ic\u00f4ne dans ce panneau &#8211; apr\u00e8s quelques instants, l&rsquo;ic\u00f4ne du dossier sera remplac\u00e9e.<\/p>\n<p>Si vous avez copi\u00e9 une image de votre navigateur, cliquez simplement sur l&rsquo;ic\u00f4ne du panneau &#8211; vous verrez qu&rsquo;il est mis en surbrillance. Utilisez maintenant le raccourci clavier <strong>Cmd-v<\/strong> Et l&rsquo;ic\u00f4ne du dossier sera remplac\u00e9e par l&rsquo;image que vous avez copi\u00e9e.<\/p>\n<p>Vous voulez revenir \u00e0 l&rsquo;ic\u00f4ne du dossier par d\u00e9faut? Ouvrir le <strong>Obtenir des informations<\/strong>* Panneau, cliquez sur l&rsquo;ic\u00f4ne, puis appuyez sur le <strong>Supprimer<\/strong> cl\u00e9. L&rsquo;ic\u00f4ne reviendra \u00e0 la valeur par d\u00e9faut.<\/p>\n<div class=\"pogoClear relative my-10 border-b-(1.5px) border-t-(1.5px) border-dashed border-black py-5 sm:my-14 sm:border-0 sm:py-0\" x-cloak x-data=\"{ commentsCount: null }\" x-init=\"commentsCount = await window.openweb.getMessagesCount(01JRGBDTDW90BYVBQCTTMV1AE9)\" x-show=\"commentsCount !== null &amp;&amp; commentsCount &gt; 0\">\n<div class=\"absolute top-1\/2 hidden w-full -translate-y-1\/2 border-t-(1.5px) border-dashed border-black sm:block\"><\/div>\n<div class=\"relative flex justify-center\">\n<div class=\"flex max-w-max items-center gap-x-3 bg-white px-5\">\n<div class=\"relative\">\n                <span class=\"absolute left-1\/2 top-1\/2 -translate-x-1\/2 -translate-y-1\/2 font-akshar text-sm font-medium text-black\" x-text=\"commentsCount\"><\/span><\/p>\n<p>                <svg class=\"h-8 w-8 text-black\">\n                    <use href=\"http:\/\/lifehacker.com\/images\/icons\/spritemap.svg#sprite-chat-bubble\"><\/use>\n                <\/svg>\n            <\/div>\n<p>            <span class=\"text-sm font-medium text-black\">Que pensez-vous jusqu&rsquo;\u00e0 pr\u00e9sent? <button class=\"font-semibold text-brand-green underline hover:text-brand-green-700\" onclick=\"window.openweb.scrollToComments(01JRGBDTDW90BYVBQCTTMV1AE9)\">Publier un commentaire.<\/button><\/span>\n        <\/div>\n<\/p><\/div>\n<\/div>\n<p>Il convient de noter que cela ne se limite pas aux dossiers. Nous avons d\u00e9j\u00e0 parl\u00e9 de modifier les ic\u00f4nes des applications Mac, et vous pouvez \u00e9galement modifier \u00e0 quoi ressemblent les disques durs externes. Cela peut faciliter la d\u00e9termination du lecteur qui est branch\u00e9 en un coup d&rsquo;\u0153il, surtout si vous trouvez une ic\u00f4ne qui ressemble au lecteur lui-m\u00eame.<\/p>\n<h2 id=\"easily-make-your-own-macos-icons\">Faites facilement vos propres ic\u00f4nes macOS<\/h2>\n<div class=\"eloquent-imagery-image\">\n<div class=\"flex justify-center\">\n                    <img decoding=\"async\" class=\"border border-gray-100\" src=\"https:\/\/vieassociative.be\/actualites\/wp-content\/uploads\/2025\/04\/Il-est-etonnamment-facile-de-personnaliser-les-icones-de-dossier.png\" alt=\"Les dossiers de fantaisie de l'application sont affich\u00e9s \u00e0 c\u00f4t\u00e9 d'un dossier violet sur le bureau personnalis\u00e9 \u00e0 l'aide. Le dossier est maintenant violet avec les initiales \" jhp on it. width=\"2000\" height=\"1583\" loading=\"lazy\"  >\n            <\/div>\n<\/p><\/div>\n<p>Trouver une ic\u00f4ne en ligne est parfaitement bien, mais il est \u00e9galement simple de concevoir vos propres ic\u00f4nes de dossier. Vous pouvez copier l&rsquo;ic\u00f4ne par d\u00e9faut, le coller dans un \u00e9diteur d&rsquo;image et le changer pour ressembler \u00e0 ce que vous voulez. Si vous n&rsquo;avez pas ces comp\u00e9tences, ou si vous pr\u00e9f\u00e9rez quelque chose de plus rapide, Fancy Fracks est une application gratuite qui peut faire le travail pour vous.<\/p>\n<p>Cette application vous permet de choisir la couleur que vous souhaitez pour votre dossier. Il vous permet \u00e9galement d&rsquo;ajouter une ic\u00f4ne &#8211; cela peut \u00eatre une image, si vous le souhaitez, ou vous pouvez simplement taper du texte. Choisissez le dossier que vous souhaitez naviguer, cliquez <strong>Enregistrer l&rsquo;ic\u00f4ne du dossier<\/strong>et l&rsquo;ic\u00f4ne changera. Y<\/p>\n","protected":false},"excerpt":{"rendered":"<p>Vous n&rsquo;avez pas \u00e0 vous contenter de centaines de dossiers bleus identiques. Chaque dossier sur macOS est le m\u00eame: une repr\u00e9sentation bleue ennuyeuse d&rsquo;un fichier<\/p>\n","protected":false},"author":1,"featured_media":6604,"comment_status":"","ping_status":"","sticky":false,"template":"","format":"standard","meta":{"footnotes":""},"categories":[13],"tags":[6301,76,4607,1162,6300,14,1112,281,8],"class_list":["post-6603","post","type-post","status-publish","format-standard","has-post-thumbnail","hentry","category-technologie","tag-dossier","tag-est","tag-etonnamment","tag-facile","tag-icones","tag-les","tag-mac","tag-personnaliser","tag-votre","generate-columns","tablet-grid-50","mobile-grid-100","grid-parent","grid-33"],"yoast_head":"<!-- This site is optimized with the Yoast SEO plugin v24.0 - https:\/\/yoast.com\/wordpress\/plugins\/seo\/ -->\n<title>Il est \u00e9tonnamment facile de personnaliser les ic\u00f4nes de dossier de votre Mac | Vie Associative<\/title>\n<meta name=\"robots\" content=\"index, follow, max-snippet:-1, max-image-preview:large, max-video-preview:-1\" \/>\n<link rel=\"canonical\" href=\"https:\/\/vieassociative.be\/actualites\/il-est-etonnamment-facile-de-personnaliser-les-icones-de-dossier-de-votre-mac\/\" \/>\n<meta property=\"og:locale\" content=\"fr_FR\" \/>\n<meta property=\"og:type\" content=\"article\" \/>\n<meta property=\"og:title\" content=\"Il est \u00e9tonnamment facile de personnaliser les ic\u00f4nes de dossier de votre Mac | Vie Associative\" \/>\n<meta property=\"og:description\" content=\"Vous n&rsquo;avez pas \u00e0 vous contenter de centaines de dossiers bleus identiques. Chaque dossier sur macOS est le m\u00eame: une repr\u00e9sentation bleue ennuyeuse d&rsquo;un fichier\" \/>\n<meta property=\"og:url\" content=\"https:\/\/vieassociative.be\/actualites\/il-est-etonnamment-facile-de-personnaliser-les-icones-de-dossier-de-votre-mac\/\" \/>\n<meta property=\"og:site_name\" content=\"Vie Associative\" \/>\n<meta property=\"article:published_time\" content=\"2025-04-10T19:18:11+00:00\" \/>\n<meta property=\"og:image\" content=\"https:\/\/vieassociative.be\/actualites\/wp-content\/uploads\/2025\/04\/Il-est-etonnamment-facile-de-personnaliser-les-icones-de-dossier.png\" \/>\n<meta name=\"author\" content=\"Julien\" \/>\n<meta name=\"twitter:card\" content=\"summary_large_image\" \/>\n<meta name=\"twitter:label1\" content=\"\u00c9crit par\" \/>\n\t<meta name=\"twitter:data1\" content=\"Julien\" \/>\n\t<meta name=\"twitter:label2\" content=\"Dur\u00e9e de lecture est.\" \/>\n\t<meta name=\"twitter:data2\" content=\"3 minutes\" \/>\n<script type=\"application\/ld+json\" class=\"yoast-schema-graph\">{\"@context\":\"https:\/\/schema.org\",\"@graph\":[{\"@type\":\"Article\",\"@id\":\"https:\/\/vieassociative.be\/actualites\/il-est-etonnamment-facile-de-personnaliser-les-icones-de-dossier-de-votre-mac\/#article\",\"isPartOf\":{\"@id\":\"https:\/\/vieassociative.be\/actualites\/il-est-etonnamment-facile-de-personnaliser-les-icones-de-dossier-de-votre-mac\/\"},\"author\":{\"name\":\"Julien\",\"@id\":\"https:\/\/vieassociative.be\/actualites\/#\/schema\/person\/b87ac4f82f9d4e7b7cec7395b679edc4\"},\"headline\":\"Il est \u00e9tonnamment facile de personnaliser les ic\u00f4nes de dossier de votre Mac\",\"datePublished\":\"2025-04-10T19:18:11+00:00\",\"dateModified\":\"2025-04-10T19:18:11+00:00\",\"mainEntityOfPage\":{\"@id\":\"https:\/\/vieassociative.be\/actualites\/il-est-etonnamment-facile-de-personnaliser-les-icones-de-dossier-de-votre-mac\/\"},\"wordCount\":695,\"publisher\":{\"@id\":\"https:\/\/vieassociative.be\/actualites\/#organization\"},\"image\":{\"@id\":\"https:\/\/vieassociative.be\/actualites\/il-est-etonnamment-facile-de-personnaliser-les-icones-de-dossier-de-votre-mac\/#primaryimage\"},\"thumbnailUrl\":\"https:\/\/vieassociative.be\/actualites\/wp-content\/uploads\/2025\/04\/1744312692_Il-est-etonnamment-facile-de-personnaliser-les-icones-de-dossier.png\",\"keywords\":[\"dossier\",\"est\",\"\u00e9tonnamment\",\"facile\",\"ic\u00f4nes\",\"Les\",\"Mac\",\"personnaliser\",\"votre\"],\"articleSection\":[\"Technologie\"],\"inLanguage\":\"fr-BE\"},{\"@type\":\"WebPage\",\"@id\":\"https:\/\/vieassociative.be\/actualites\/il-est-etonnamment-facile-de-personnaliser-les-icones-de-dossier-de-votre-mac\/\",\"url\":\"https:\/\/vieassociative.be\/actualites\/il-est-etonnamment-facile-de-personnaliser-les-icones-de-dossier-de-votre-mac\/\",\"name\":\"Il est \u00e9tonnamment facile de personnaliser les ic\u00f4nes de dossier de votre Mac | Vie Associative\",\"isPartOf\":{\"@id\":\"https:\/\/vieassociative.be\/actualites\/#website\"},\"primaryImageOfPage\":{\"@id\":\"https:\/\/vieassociative.be\/actualites\/il-est-etonnamment-facile-de-personnaliser-les-icones-de-dossier-de-votre-mac\/#primaryimage\"},\"image\":{\"@id\":\"https:\/\/vieassociative.be\/actualites\/il-est-etonnamment-facile-de-personnaliser-les-icones-de-dossier-de-votre-mac\/#primaryimage\"},\"thumbnailUrl\":\"https:\/\/vieassociative.be\/actualites\/wp-content\/uploads\/2025\/04\/1744312692_Il-est-etonnamment-facile-de-personnaliser-les-icones-de-dossier.png\",\"datePublished\":\"2025-04-10T19:18:11+00:00\",\"dateModified\":\"2025-04-10T19:18:11+00:00\",\"breadcrumb\":{\"@id\":\"https:\/\/vieassociative.be\/actualites\/il-est-etonnamment-facile-de-personnaliser-les-icones-de-dossier-de-votre-mac\/#breadcrumb\"},\"inLanguage\":\"fr-BE\",\"potentialAction\":[{\"@type\":\"ReadAction\",\"target\":[\"https:\/\/vieassociative.be\/actualites\/il-est-etonnamment-facile-de-personnaliser-les-icones-de-dossier-de-votre-mac\/\"]}]},{\"@type\":\"ImageObject\",\"inLanguage\":\"fr-BE\",\"@id\":\"https:\/\/vieassociative.be\/actualites\/il-est-etonnamment-facile-de-personnaliser-les-icones-de-dossier-de-votre-mac\/#primaryimage\",\"url\":\"https:\/\/vieassociative.be\/actualites\/wp-content\/uploads\/2025\/04\/1744312692_Il-est-etonnamment-facile-de-personnaliser-les-icones-de-dossier.png\",\"contentUrl\":\"https:\/\/vieassociative.be\/actualites\/wp-content\/uploads\/2025\/04\/1744312692_Il-est-etonnamment-facile-de-personnaliser-les-icones-de-dossier.png\",\"width\":1200,\"height\":675,\"caption\":\"Il est \u00e9tonnamment facile de personnaliser les ic\u00f4nes de dossier de votre Mac\"},{\"@type\":\"BreadcrumbList\",\"@id\":\"https:\/\/vieassociative.be\/actualites\/il-est-etonnamment-facile-de-personnaliser-les-icones-de-dossier-de-votre-mac\/#breadcrumb\",\"itemListElement\":[{\"@type\":\"ListItem\",\"position\":1,\"name\":\"Accueil\",\"item\":\"https:\/\/vieassociative.be\/actualites\/\"},{\"@type\":\"ListItem\",\"position\":2,\"name\":\"Il est \u00e9tonnamment facile de personnaliser les ic\u00f4nes de dossier de votre Mac\"}]},{\"@type\":\"WebSite\",\"@id\":\"https:\/\/vieassociative.be\/actualites\/#website\",\"url\":\"https:\/\/vieassociative.be\/actualites\/\",\"name\":\"Vie Associative\",\"description\":\"\",\"publisher\":{\"@id\":\"https:\/\/vieassociative.be\/actualites\/#organization\"},\"potentialAction\":[{\"@type\":\"SearchAction\",\"target\":{\"@type\":\"EntryPoint\",\"urlTemplate\":\"https:\/\/vieassociative.be\/actualites\/?s={search_term_string}\"},\"query-input\":{\"@type\":\"PropertyValueSpecification\",\"valueRequired\":true,\"valueName\":\"search_term_string\"}}],\"inLanguage\":\"fr-BE\"},{\"@type\":\"Organization\",\"@id\":\"https:\/\/vieassociative.be\/actualites\/#organization\",\"name\":\"Vie Associative\",\"url\":\"https:\/\/vieassociative.be\/actualites\/\",\"logo\":{\"@type\":\"ImageObject\",\"inLanguage\":\"fr-BE\",\"@id\":\"https:\/\/vieassociative.be\/actualites\/#\/schema\/logo\/image\/\",\"url\":\"https:\/\/vieassociative.be\/actualites\/wp-content\/uploads\/2024\/09\/cropped-vieassociative_favicon.ico.png\",\"contentUrl\":\"https:\/\/vieassociative.be\/actualites\/wp-content\/uploads\/2024\/09\/cropped-vieassociative_favicon.ico.png\",\"width\":512,\"height\":512,\"caption\":\"Vie Associative\"},\"image\":{\"@id\":\"https:\/\/vieassociative.be\/actualites\/#\/schema\/logo\/image\/\"}},{\"@type\":\"Person\",\"@id\":\"https:\/\/vieassociative.be\/actualites\/#\/schema\/person\/b87ac4f82f9d4e7b7cec7395b679edc4\",\"name\":\"Julien\",\"image\":{\"@type\":\"ImageObject\",\"inLanguage\":\"fr-BE\",\"@id\":\"https:\/\/vieassociative.be\/actualites\/#\/schema\/person\/image\/\",\"url\":\"https:\/\/vieassociative.be\/actualites\/wp-content\/uploads\/2024\/09\/vie-associative-1-150x150.jpg\",\"contentUrl\":\"https:\/\/vieassociative.be\/actualites\/wp-content\/uploads\/2024\/09\/vie-associative-1-150x150.jpg\",\"caption\":\"Julien\"},\"description\":\"Je suis Julien, r\u00e9dacteur pour Vie Associative. Passionn\u00e9 par le monde associatif depuis plus de 10 ans, j'ai \u00e0 c\u0153ur de partager des histoires inspirantes et de mettre en lumi\u00e8re les initiatives locales. Mon objectif est de sensibiliser et d'encourager l'engagement communautaire \u00e0 travers mes articles.\",\"sameAs\":[\"https:\/\/vieassociative.be\/\"]}]}<\/script>\n<!-- \/ Yoast SEO plugin. -->","yoast_head_json":{"title":"Il est \u00e9tonnamment facile de personnaliser les ic\u00f4nes de dossier de votre Mac | Vie Associative","robots":{"index":"index","follow":"follow","max-snippet":"max-snippet:-1","max-image-preview":"max-image-preview:large","max-video-preview":"max-video-preview:-1"},"canonical":"https:\/\/vieassociative.be\/actualites\/il-est-etonnamment-facile-de-personnaliser-les-icones-de-dossier-de-votre-mac\/","og_locale":"fr_FR","og_type":"article","og_title":"Il est \u00e9tonnamment facile de personnaliser les ic\u00f4nes de dossier de votre Mac | Vie Associative","og_description":"Vous n&rsquo;avez pas \u00e0 vous contenter de centaines de dossiers bleus identiques. Chaque dossier sur macOS est le m\u00eame: une repr\u00e9sentation bleue ennuyeuse d&rsquo;un fichier","og_url":"https:\/\/vieassociative.be\/actualites\/il-est-etonnamment-facile-de-personnaliser-les-icones-de-dossier-de-votre-mac\/","og_site_name":"Vie Associative","article_published_time":"2025-04-10T19:18:11+00:00","og_image":[{"url":"https:\/\/vieassociative.be\/actualites\/wp-content\/uploads\/2025\/04\/Il-est-etonnamment-facile-de-personnaliser-les-icones-de-dossier.png","type":"","width":"","height":""}],"author":"Julien","twitter_card":"summary_large_image","twitter_misc":{"\u00c9crit par":"Julien","Dur\u00e9e de lecture est.":"3 minutes"},"schema":{"@context":"https:\/\/schema.org","@graph":[{"@type":"Article","@id":"https:\/\/vieassociative.be\/actualites\/il-est-etonnamment-facile-de-personnaliser-les-icones-de-dossier-de-votre-mac\/#article","isPartOf":{"@id":"https:\/\/vieassociative.be\/actualites\/il-est-etonnamment-facile-de-personnaliser-les-icones-de-dossier-de-votre-mac\/"},"author":{"name":"Julien","@id":"https:\/\/vieassociative.be\/actualites\/#\/schema\/person\/b87ac4f82f9d4e7b7cec7395b679edc4"},"headline":"Il est \u00e9tonnamment facile de personnaliser les ic\u00f4nes de dossier de votre Mac","datePublished":"2025-04-10T19:18:11+00:00","dateModified":"2025-04-10T19:18:11+00:00","mainEntityOfPage":{"@id":"https:\/\/vieassociative.be\/actualites\/il-est-etonnamment-facile-de-personnaliser-les-icones-de-dossier-de-votre-mac\/"},"wordCount":695,"publisher":{"@id":"https:\/\/vieassociative.be\/actualites\/#organization"},"image":{"@id":"https:\/\/vieassociative.be\/actualites\/il-est-etonnamment-facile-de-personnaliser-les-icones-de-dossier-de-votre-mac\/#primaryimage"},"thumbnailUrl":"https:\/\/vieassociative.be\/actualites\/wp-content\/uploads\/2025\/04\/1744312692_Il-est-etonnamment-facile-de-personnaliser-les-icones-de-dossier.png","keywords":["dossier","est","\u00e9tonnamment","facile","ic\u00f4nes","Les","Mac","personnaliser","votre"],"articleSection":["Technologie"],"inLanguage":"fr-BE"},{"@type":"WebPage","@id":"https:\/\/vieassociative.be\/actualites\/il-est-etonnamment-facile-de-personnaliser-les-icones-de-dossier-de-votre-mac\/","url":"https:\/\/vieassociative.be\/actualites\/il-est-etonnamment-facile-de-personnaliser-les-icones-de-dossier-de-votre-mac\/","name":"Il est \u00e9tonnamment facile de personnaliser les ic\u00f4nes de dossier de votre Mac | Vie Associative","isPartOf":{"@id":"https:\/\/vieassociative.be\/actualites\/#website"},"primaryImageOfPage":{"@id":"https:\/\/vieassociative.be\/actualites\/il-est-etonnamment-facile-de-personnaliser-les-icones-de-dossier-de-votre-mac\/#primaryimage"},"image":{"@id":"https:\/\/vieassociative.be\/actualites\/il-est-etonnamment-facile-de-personnaliser-les-icones-de-dossier-de-votre-mac\/#primaryimage"},"thumbnailUrl":"https:\/\/vieassociative.be\/actualites\/wp-content\/uploads\/2025\/04\/1744312692_Il-est-etonnamment-facile-de-personnaliser-les-icones-de-dossier.png","datePublished":"2025-04-10T19:18:11+00:00","dateModified":"2025-04-10T19:18:11+00:00","breadcrumb":{"@id":"https:\/\/vieassociative.be\/actualites\/il-est-etonnamment-facile-de-personnaliser-les-icones-de-dossier-de-votre-mac\/#breadcrumb"},"inLanguage":"fr-BE","potentialAction":[{"@type":"ReadAction","target":["https:\/\/vieassociative.be\/actualites\/il-est-etonnamment-facile-de-personnaliser-les-icones-de-dossier-de-votre-mac\/"]}]},{"@type":"ImageObject","inLanguage":"fr-BE","@id":"https:\/\/vieassociative.be\/actualites\/il-est-etonnamment-facile-de-personnaliser-les-icones-de-dossier-de-votre-mac\/#primaryimage","url":"https:\/\/vieassociative.be\/actualites\/wp-content\/uploads\/2025\/04\/1744312692_Il-est-etonnamment-facile-de-personnaliser-les-icones-de-dossier.png","contentUrl":"https:\/\/vieassociative.be\/actualites\/wp-content\/uploads\/2025\/04\/1744312692_Il-est-etonnamment-facile-de-personnaliser-les-icones-de-dossier.png","width":1200,"height":675,"caption":"Il est \u00e9tonnamment facile de personnaliser les ic\u00f4nes de dossier de votre Mac"},{"@type":"BreadcrumbList","@id":"https:\/\/vieassociative.be\/actualites\/il-est-etonnamment-facile-de-personnaliser-les-icones-de-dossier-de-votre-mac\/#breadcrumb","itemListElement":[{"@type":"ListItem","position":1,"name":"Accueil","item":"https:\/\/vieassociative.be\/actualites\/"},{"@type":"ListItem","position":2,"name":"Il est \u00e9tonnamment facile de personnaliser les ic\u00f4nes de dossier de votre Mac"}]},{"@type":"WebSite","@id":"https:\/\/vieassociative.be\/actualites\/#website","url":"https:\/\/vieassociative.be\/actualites\/","name":"Vie Associative","description":"","publisher":{"@id":"https:\/\/vieassociative.be\/actualites\/#organization"},"potentialAction":[{"@type":"SearchAction","target":{"@type":"EntryPoint","urlTemplate":"https:\/\/vieassociative.be\/actualites\/?s={search_term_string}"},"query-input":{"@type":"PropertyValueSpecification","valueRequired":true,"valueName":"search_term_string"}}],"inLanguage":"fr-BE"},{"@type":"Organization","@id":"https:\/\/vieassociative.be\/actualites\/#organization","name":"Vie Associative","url":"https:\/\/vieassociative.be\/actualites\/","logo":{"@type":"ImageObject","inLanguage":"fr-BE","@id":"https:\/\/vieassociative.be\/actualites\/#\/schema\/logo\/image\/","url":"https:\/\/vieassociative.be\/actualites\/wp-content\/uploads\/2024\/09\/cropped-vieassociative_favicon.ico.png","contentUrl":"https:\/\/vieassociative.be\/actualites\/wp-content\/uploads\/2024\/09\/cropped-vieassociative_favicon.ico.png","width":512,"height":512,"caption":"Vie Associative"},"image":{"@id":"https:\/\/vieassociative.be\/actualites\/#\/schema\/logo\/image\/"}},{"@type":"Person","@id":"https:\/\/vieassociative.be\/actualites\/#\/schema\/person\/b87ac4f82f9d4e7b7cec7395b679edc4","name":"Julien","image":{"@type":"ImageObject","inLanguage":"fr-BE","@id":"https:\/\/vieassociative.be\/actualites\/#\/schema\/person\/image\/","url":"https:\/\/vieassociative.be\/actualites\/wp-content\/uploads\/2024\/09\/vie-associative-1-150x150.jpg","contentUrl":"https:\/\/vieassociative.be\/actualites\/wp-content\/uploads\/2024\/09\/vie-associative-1-150x150.jpg","caption":"Julien"},"description":"Je suis Julien, r\u00e9dacteur pour Vie Associative. Passionn\u00e9 par le monde associatif depuis plus de 10 ans, j'ai \u00e0 c\u0153ur de partager des histoires inspirantes et de mettre en lumi\u00e8re les initiatives locales. Mon objectif est de sensibiliser et d'encourager l'engagement communautaire \u00e0 travers mes articles.","sameAs":["https:\/\/vieassociative.be\/"]}]}},"_links":{"self":[{"href":"https:\/\/vieassociative.be\/actualites\/wp-json\/wp\/v2\/posts\/6603"}],"collection":[{"href":"https:\/\/vieassociative.be\/actualites\/wp-json\/wp\/v2\/posts"}],"about":[{"href":"https:\/\/vieassociative.be\/actualites\/wp-json\/wp\/v2\/types\/post"}],"author":[{"embeddable":true,"href":"https:\/\/vieassociative.be\/actualites\/wp-json\/wp\/v2\/users\/1"}],"replies":[{"embeddable":true,"href":"https:\/\/vieassociative.be\/actualites\/wp-json\/wp\/v2\/comments?post=6603"}],"version-history":[{"count":0,"href":"https:\/\/vieassociative.be\/actualites\/wp-json\/wp\/v2\/posts\/6603\/revisions"}],"wp:featuredmedia":[{"embeddable":true,"href":"https:\/\/vieassociative.be\/actualites\/wp-json\/wp\/v2\/media\/6604"}],"wp:attachment":[{"href":"https:\/\/vieassociative.be\/actualites\/wp-json\/wp\/v2\/media?parent=6603"}],"wp:term":[{"taxonomy":"category","embeddable":true,"href":"https:\/\/vieassociative.be\/actualites\/wp-json\/wp\/v2\/categories?post=6603"},{"taxonomy":"post_tag","embeddable":true,"href":"https:\/\/vieassociative.be\/actualites\/wp-json\/wp\/v2\/tags?post=6603"}],"curies":[{"name":"wp","href":"https:\/\/api.w.org\/{rel}","templated":true}]}}