{"id":6599,"date":"2025-04-10T18:18:17","date_gmt":"2025-04-10T16:18:17","guid":{"rendered":"https:\/\/vieassociative.be\/actualites\/le-matin-de-noel-est-meilleur-avec-les-crepes-de-pate-a-biscuits\/"},"modified":"2025-04-10T18:18:17","modified_gmt":"2025-04-10T16:18:17","slug":"le-matin-de-noel-est-meilleur-avec-les-crepes-de-pate-a-biscuits","status":"publish","type":"post","link":"https:\/\/vieassociative.be\/actualites\/le-matin-de-noel-est-meilleur-avec-les-crepes-de-pate-a-biscuits\/","title":{"rendered":"Le matin de No\u00ebl est meilleur avec les cr\u00eapes de p\u00e2te \u00e0 biscuits"},"content":{"rendered":"<div class=\"mt-4 leading-6 md:mb-8\">Bien que ces cr\u00eapes ne soient pas faites avec de la p\u00e2te crue, les miettes de biscuits \u00e9cras\u00e9es cr\u00e9ent un effet similaire.<\/div>\n<p><\/p>\n<p>Quand j&rsquo;\u00e9tais enfant, je ne comprenais pas vraiment l&rsquo;attrait des cr\u00eapes. Ils allaient bien, mais je les ai toujours trouv\u00e9s d\u00e9cevants. Ensuite, j&rsquo;ai dormi chez un ami et leurs cr\u00eapes avaient des p\u00e9pites de chocolat. Mon monde a chang\u00e9 pour toujours. Le fait est que les cr\u00eapes sont meilleures avec des trucs, et il n&rsquo;y a pas de petit-d\u00e9jeuner plus important pour faire des surprises que le petit d\u00e9jeuner de No\u00ebl. Essayez cette recette de cr\u00eapes de p\u00e2te \u00e0 biscuits et transformez n&rsquo;importe quelle cr\u00eape en un petit-d\u00e9jeuner sp\u00e9cial suppl\u00e9mentaire digne du matin de No\u00ebl. <\/p>\n<p>Cette astuce est encourageante. Vous pouvez faire des cr\u00eapes n&rsquo;importe quelle saveur de biscuits, mais elle n&rsquo;implique pas de p\u00e2te \u00e0 biscuits crue. Ajoutez simplement des miettes de biscuits \u00e0 la terre \u00e0 toute recette de cr\u00eapes que vous aimez. C&rsquo;est vraiment aussi simple que cela, avec une petite consid\u00e9ration de rapport. J&rsquo;ai fait deux versions de cr\u00eapes de p\u00e2te \u00e0 biscuits; Je voulais une saveur de biscuits reconnaissable, donc une recette a utilis\u00e9 des cookies de copeaux et un autre a utilis\u00e9 Oreos. <\/p>\n<h2 id=\"use-a-recipe-from-scratch\">Utilisez une recette \u00e0 partir de z\u00e9ro<\/h2>\n<p>Pour faire de la p\u00e2te \u00e0 cr\u00eapes sur les chips, j&rsquo;ai commenc\u00e9 avec une recette de base de crantish. J&rsquo;ai mesur\u00e9 la farine, la levure chimique et le sel. \u00c0 ces ingr\u00e9dients secs, j&rsquo;ai ajout\u00e9 une tasse de cookies de copeaux broy\u00e9s. Je voulais un rapport 2: 1 de farine aux miettes de biscuits, donc je l&rsquo;ai \u00e9loqu\u00e9 et jet\u00e9 12 biscuits dans un robot culinaire. Pour faire des miettes, il suffit de faire pulv\u00e9riser les cookies plusieurs fois, puis de les m\u00e9langer pendant 15 ou 20 secondes. De petites pi\u00e8ces de p\u00e9pites de chocolat devraient rester. Au m\u00e9lange d&rsquo;imbriques et d&rsquo;ajout, ajoutez l&rsquo;huile, les \u0153ufs et le lait. Fouetter jusqu&rsquo;\u00e0 ce qu&rsquo;ils soient combin\u00e9s (quelques morceaux sont corrects) et faites frire sur la cuisini\u00e8re comme d&rsquo;habitude.  <\/p>\n<h2 id=\"use-boxed-pancake-mix\">Utilisez le m\u00e9lange de cr\u00eapes en bo\u00eete<\/h2>\n<p>Pour les cr\u00eapes \u00e0 p\u00e2te Oreo, j&rsquo;ai utilis\u00e9 le m\u00eame rapport et la m\u00eame m\u00e9thode, mais cette fois avec un m\u00e9lange de cr\u00eapes complet. Comme pr\u00e9vu, cela a fonctionn\u00e9 comme un charme. En fait, j&rsquo;aimerais ajuster mon classement &#8211; cela d\u00e9passait les attentes parce que les Oreos ont une saveur et une couleur si distinctes. Je met \u00e0 la terre six Oreos dans un robot culinaire jusqu&rsquo;\u00e0 ce qu&rsquo;ils se d\u00e9composent dans une demi-tasse de petites miettes. Ensuite, j&rsquo;ai m\u00e9lang\u00e9 les miettes avec une tasse de m\u00e9lange de cr\u00eapes s\u00e8ches. J&rsquo;ai fouett\u00e9 dans l&rsquo;eau et ma p\u00e2te \u00e9tait \u00e9paisse et gris fonc\u00e9. Bien que cela ne ressemble pas \u00e0 quelque chose que vous voudriez normalement manger, cela fonctionne si c&rsquo;est Oreo. J&rsquo;ai laiss\u00e9 la p\u00e2te reposer pendant cinq minutes parce que les Oreos aiment absorber le liquide, puis j&rsquo;ai fait frire mes cr\u00eapes comme je le fais normalement.<\/p>\n<div class=\"eloquent-imagery-image\">\n<div class=\"flex justify-center\">\n                    <img decoding=\"async\" class=\"border border-gray-100\" src=\"https:\/\/vieassociative.be\/actualites\/wp-content\/uploads\/2025\/04\/Le-matin-de-Noel-est-meilleur-avec-les-crepes-de.jpg\" alt=\"P\u00e2te \u00e0 cr\u00eapes dans un bol avec un fouet.\" width=\"2000\" height=\"1124\" loading=\"lazy\"  >\n            <\/div>\n<\/p><\/div>\n<p>Les cr\u00eapes \u00e0 biscuits Oreo ont \u00e9t\u00e9 le gagnant pour moi, mais je ne d\u00e9tournerais pas non plus une assiette de cr\u00eapes. La seule chose que je ferais diff\u00e9remment pour les cr\u00eapes Oreo est d&rsquo;\u00e9craser deux ou trois autres cookies \u00e0 la main et de les m\u00e9langer dans la p\u00e2te. Semblable \u00e0 la fa\u00e7on dont la meilleure partie de la cr\u00e8me glac\u00e9e Oreo rencontre un morceau de biscuits, j&rsquo;avais envie de cette exp\u00e9rience dans mes cr\u00eapes.<\/p>\n<p>Cette recette de cr\u00eapes fonctionnera avec tout type de biscuit sec et vous pouvez \u00e9galement r\u00e9gler l&rsquo;\u00e9paisseur pour faire des gaufres de p\u00e2te \u00e0 biscuits. Gardez \u00e0 l&rsquo;esprit que diff\u00e9rents cookies absorberont diff\u00e9remment les liquides. Pour s&rsquo;adapter \u00e0 cela, ajoutez le lait comme \u00e9tape finale. Versez uniquement la moiti\u00e9 au d\u00e9but, puis ajustez la quantit\u00e9 pour atteindre la coh\u00e9rence des cr\u00eapes ou des gaufres que vous recherchez. Une p\u00e2te \u00e0 gaufre doit \u00eatre \u00e9paisse et monter lorsque vous la ramassez. La p\u00e2te \u00e0 cr\u00eapes doit \u00eatre un peu plus mince et verser comme un ruban, mais elle ne devrait pas \u00eatre aqueuse. <\/p>\n<h2 id=\"cookie-dough-pancake-recipe\">Recette de cr\u00eape de p\u00e2te \u00e0 biscuits<\/h2>\n<p>Ingr\u00e9dients:<\/p>\n<div class=\"pogoClear relative my-10 border-b-(1.5px) border-t-(1.5px) border-dashed border-black py-5 sm:my-14 sm:border-0 sm:py-0\" x-cloak x-data=\"{ commentsCount: null }\" x-init=\"commentsCount = await window.openweb.getMessagesCount(114924)\" x-show=\"commentsCount !== null &amp;&amp; commentsCount &gt; 0\">\n<div class=\"absolute top-1\/2 hidden w-full -translate-y-1\/2 border-t-(1.5px) border-dashed border-black sm:block\"><\/div>\n<div class=\"relative flex justify-center\">\n<div class=\"flex max-w-max items-center gap-x-3 bg-white px-5\">\n<div class=\"relative\">\n                <span class=\"absolute left-1\/2 top-1\/2 -translate-x-1\/2 -translate-y-1\/2 font-akshar text-sm font-medium text-black\" x-text=\"commentsCount\"><\/span><\/p>\n<p>                <svg class=\"h-8 w-8 text-black\">\n                    <use href=\"http:\/\/lifehacker.com\/images\/icons\/spritemap.svg#sprite-chat-bubble\"><\/use>\n                <\/svg>\n            <\/div>\n<p>            <span class=\"text-sm font-medium text-black\">Que pensez-vous jusqu&rsquo;\u00e0 pr\u00e9sent? <button class=\"font-semibold text-brand-green underline hover:text-brand-green-700\" onclick=\"window.openweb.scrollToComments(114924)\">Publier un commentaire.<\/button><\/span>\n        <\/div>\n<\/p><\/div>\n<\/div>\n<ul>\n<li>\n<p>1 tasse de chapelure (environ 10 \u00e0 12 petits biscuits)<\/p>\n<\/li>\n<li>\n<p>2 tasses de farine polyvalente<\/p>\n<\/li>\n<li>\n<p>1 peu de cuill\u00e8re \u00e0 soupe de levure chimique<\/p>\n<\/li>\n<li>\n<p>2 cuill\u00e8res \u00e0 soupe de sucre (facultatif)<\/p>\n<\/li>\n<li>\n<p>\u00bd cuill\u00e8re \u00e0 caf\u00e9 de sel<\/p>\n<\/li>\n<li>\n<p>1 cuill\u00e8re \u00e0 soupe d&rsquo;huile<\/p>\n<\/li>\n<li>\n<p>2 \u0153ufs<\/p>\n<\/li>\n<li>\n<p>1 \u00bc \u00e0 2 tasses de lait (ajuster pour la consistance)<\/p>\n<\/li>\n<li>\n<p>Beurre pour la friture<\/p>\n<\/li>\n<\/ul>\n<p>1. Ajouter les miettes de biscuits \u00e0 la farine, \u00e0 la levure chimique, au sel et au sucre (si vous utilisez) dans un bol de taille moyenne. Fouetter les ingr\u00e9dients pour les combiner. <\/p>\n<p>2. Ajouter de l&rsquo;huile et des \u0153ufs au m\u00e9lange sec, avec environ \u00be tasse du lait. Fouetter jusqu&rsquo;\u00e0 ce qu&rsquo;il soit principalement combin\u00e9; C&rsquo;est bien si des taches s\u00e8ches sont dans le bol \u00e0 ce stade. Arrosez un peu plus de lait pour atteindre la consistance dont vous avez besoin pour les cr\u00eapes ou les gaufres. Vous pourriez ne pas avoir besoin de tout le lait. <\/p>\n<p>3. Faire ou gaufrer la p\u00e2te comme vous le feriez habituellement. <\/p>\n","protected":false},"excerpt":{"rendered":"<p>Bien que ces cr\u00eapes ne soient pas faites avec de la p\u00e2te crue, les miettes de biscuits \u00e9cras\u00e9es cr\u00e9ent un effet similaire. Quand j&rsquo;\u00e9tais enfant,<\/p>\n","protected":false},"author":1,"featured_media":6600,"comment_status":"","ping_status":"","sticky":false,"template":"","format":"standard","meta":{"footnotes":""},"categories":[39],"tags":[61,4033,6298,76,14,2005,579,1557,6123],"class_list":["post-6599","post","type-post","status-publish","format-standard","has-post-thumbnail","hentry","category-gastronomie","tag-avec","tag-biscuits","tag-crepes","tag-est","tag-les","tag-matin","tag-meilleur","tag-noel","tag-pate","generate-columns","tablet-grid-50","mobile-grid-100","grid-parent","grid-33"],"yoast_head":"<!-- This site is optimized with the Yoast SEO plugin v24.0 - https:\/\/yoast.com\/wordpress\/plugins\/seo\/ -->\n<title>Le matin de No\u00ebl est meilleur avec les cr\u00eapes de p\u00e2te \u00e0 biscuits | Vie Associative<\/title>\n<meta name=\"robots\" content=\"index, follow, max-snippet:-1, max-image-preview:large, max-video-preview:-1\" \/>\n<link rel=\"canonical\" href=\"https:\/\/vieassociative.be\/actualites\/le-matin-de-noel-est-meilleur-avec-les-crepes-de-pate-a-biscuits\/\" \/>\n<meta property=\"og:locale\" content=\"fr_FR\" \/>\n<meta property=\"og:type\" content=\"article\" \/>\n<meta property=\"og:title\" content=\"Le matin de No\u00ebl est meilleur avec les cr\u00eapes de p\u00e2te \u00e0 biscuits | Vie Associative\" \/>\n<meta property=\"og:description\" content=\"Bien que ces cr\u00eapes ne soient pas faites avec de la p\u00e2te crue, les miettes de biscuits \u00e9cras\u00e9es cr\u00e9ent un effet similaire. Quand j&rsquo;\u00e9tais enfant,\" \/>\n<meta property=\"og:url\" content=\"https:\/\/vieassociative.be\/actualites\/le-matin-de-noel-est-meilleur-avec-les-crepes-de-pate-a-biscuits\/\" \/>\n<meta property=\"og:site_name\" content=\"Vie Associative\" \/>\n<meta property=\"article:published_time\" content=\"2025-04-10T16:18:17+00:00\" \/>\n<meta property=\"og:image\" content=\"https:\/\/vieassociative.be\/actualites\/wp-content\/uploads\/2025\/04\/Le-matin-de-Noel-est-meilleur-avec-les-crepes-de.jpg\" \/>\n<meta name=\"author\" content=\"Julien\" \/>\n<meta name=\"twitter:card\" content=\"summary_large_image\" \/>\n<meta name=\"twitter:label1\" content=\"\u00c9crit par\" \/>\n\t<meta name=\"twitter:data1\" content=\"Julien\" \/>\n\t<meta name=\"twitter:label2\" content=\"Dur\u00e9e de lecture est.\" \/>\n\t<meta name=\"twitter:data2\" content=\"4 minutes\" \/>\n<script type=\"application\/ld+json\" class=\"yoast-schema-graph\">{\"@context\":\"https:\/\/schema.org\",\"@graph\":[{\"@type\":\"Article\",\"@id\":\"https:\/\/vieassociative.be\/actualites\/le-matin-de-noel-est-meilleur-avec-les-crepes-de-pate-a-biscuits\/#article\",\"isPartOf\":{\"@id\":\"https:\/\/vieassociative.be\/actualites\/le-matin-de-noel-est-meilleur-avec-les-crepes-de-pate-a-biscuits\/\"},\"author\":{\"name\":\"Julien\",\"@id\":\"https:\/\/vieassociative.be\/actualites\/#\/schema\/person\/b87ac4f82f9d4e7b7cec7395b679edc4\"},\"headline\":\"Le matin de No\u00ebl est meilleur avec les cr\u00eapes de p\u00e2te \u00e0 biscuits\",\"datePublished\":\"2025-04-10T16:18:17+00:00\",\"dateModified\":\"2025-04-10T16:18:17+00:00\",\"mainEntityOfPage\":{\"@id\":\"https:\/\/vieassociative.be\/actualites\/le-matin-de-noel-est-meilleur-avec-les-crepes-de-pate-a-biscuits\/\"},\"wordCount\":947,\"publisher\":{\"@id\":\"https:\/\/vieassociative.be\/actualites\/#organization\"},\"image\":{\"@id\":\"https:\/\/vieassociative.be\/actualites\/le-matin-de-noel-est-meilleur-avec-les-crepes-de-pate-a-biscuits\/#primaryimage\"},\"thumbnailUrl\":\"https:\/\/vieassociative.be\/actualites\/wp-content\/uploads\/2025\/04\/1744301898_Le-matin-de-Noel-est-meilleur-avec-les-crepes-de.jpg\",\"keywords\":[\"avec\",\"biscuits\",\"cr\u00eapes\",\"est\",\"Les\",\"matin\",\"meilleur\",\"No\u00ebl\",\"p\u00e2te\"],\"articleSection\":[\"Gastronomie\"],\"inLanguage\":\"fr-BE\"},{\"@type\":\"WebPage\",\"@id\":\"https:\/\/vieassociative.be\/actualites\/le-matin-de-noel-est-meilleur-avec-les-crepes-de-pate-a-biscuits\/\",\"url\":\"https:\/\/vieassociative.be\/actualites\/le-matin-de-noel-est-meilleur-avec-les-crepes-de-pate-a-biscuits\/\",\"name\":\"Le matin de No\u00ebl est meilleur avec les cr\u00eapes de p\u00e2te \u00e0 biscuits | Vie Associative\",\"isPartOf\":{\"@id\":\"https:\/\/vieassociative.be\/actualites\/#website\"},\"primaryImageOfPage\":{\"@id\":\"https:\/\/vieassociative.be\/actualites\/le-matin-de-noel-est-meilleur-avec-les-crepes-de-pate-a-biscuits\/#primaryimage\"},\"image\":{\"@id\":\"https:\/\/vieassociative.be\/actualites\/le-matin-de-noel-est-meilleur-avec-les-crepes-de-pate-a-biscuits\/#primaryimage\"},\"thumbnailUrl\":\"https:\/\/vieassociative.be\/actualites\/wp-content\/uploads\/2025\/04\/1744301898_Le-matin-de-Noel-est-meilleur-avec-les-crepes-de.jpg\",\"datePublished\":\"2025-04-10T16:18:17+00:00\",\"dateModified\":\"2025-04-10T16:18:17+00:00\",\"breadcrumb\":{\"@id\":\"https:\/\/vieassociative.be\/actualites\/le-matin-de-noel-est-meilleur-avec-les-crepes-de-pate-a-biscuits\/#breadcrumb\"},\"inLanguage\":\"fr-BE\",\"potentialAction\":[{\"@type\":\"ReadAction\",\"target\":[\"https:\/\/vieassociative.be\/actualites\/le-matin-de-noel-est-meilleur-avec-les-crepes-de-pate-a-biscuits\/\"]}]},{\"@type\":\"ImageObject\",\"inLanguage\":\"fr-BE\",\"@id\":\"https:\/\/vieassociative.be\/actualites\/le-matin-de-noel-est-meilleur-avec-les-crepes-de-pate-a-biscuits\/#primaryimage\",\"url\":\"https:\/\/vieassociative.be\/actualites\/wp-content\/uploads\/2025\/04\/1744301898_Le-matin-de-Noel-est-meilleur-avec-les-crepes-de.jpg\",\"contentUrl\":\"https:\/\/vieassociative.be\/actualites\/wp-content\/uploads\/2025\/04\/1744301898_Le-matin-de-Noel-est-meilleur-avec-les-crepes-de.jpg\",\"width\":1200,\"height\":675,\"caption\":\"Le matin de No\u00ebl est meilleur avec les cr\u00eapes de p\u00e2te \u00e0 biscuits\"},{\"@type\":\"BreadcrumbList\",\"@id\":\"https:\/\/vieassociative.be\/actualites\/le-matin-de-noel-est-meilleur-avec-les-crepes-de-pate-a-biscuits\/#breadcrumb\",\"itemListElement\":[{\"@type\":\"ListItem\",\"position\":1,\"name\":\"Accueil\",\"item\":\"https:\/\/vieassociative.be\/actualites\/\"},{\"@type\":\"ListItem\",\"position\":2,\"name\":\"Le matin de No\u00ebl est meilleur avec les cr\u00eapes de p\u00e2te \u00e0 biscuits\"}]},{\"@type\":\"WebSite\",\"@id\":\"https:\/\/vieassociative.be\/actualites\/#website\",\"url\":\"https:\/\/vieassociative.be\/actualites\/\",\"name\":\"Vie Associative\",\"description\":\"\",\"publisher\":{\"@id\":\"https:\/\/vieassociative.be\/actualites\/#organization\"},\"potentialAction\":[{\"@type\":\"SearchAction\",\"target\":{\"@type\":\"EntryPoint\",\"urlTemplate\":\"https:\/\/vieassociative.be\/actualites\/?s={search_term_string}\"},\"query-input\":{\"@type\":\"PropertyValueSpecification\",\"valueRequired\":true,\"valueName\":\"search_term_string\"}}],\"inLanguage\":\"fr-BE\"},{\"@type\":\"Organization\",\"@id\":\"https:\/\/vieassociative.be\/actualites\/#organization\",\"name\":\"Vie Associative\",\"url\":\"https:\/\/vieassociative.be\/actualites\/\",\"logo\":{\"@type\":\"ImageObject\",\"inLanguage\":\"fr-BE\",\"@id\":\"https:\/\/vieassociative.be\/actualites\/#\/schema\/logo\/image\/\",\"url\":\"https:\/\/vieassociative.be\/actualites\/wp-content\/uploads\/2024\/09\/cropped-vieassociative_favicon.ico.png\",\"contentUrl\":\"https:\/\/vieassociative.be\/actualites\/wp-content\/uploads\/2024\/09\/cropped-vieassociative_favicon.ico.png\",\"width\":512,\"height\":512,\"caption\":\"Vie Associative\"},\"image\":{\"@id\":\"https:\/\/vieassociative.be\/actualites\/#\/schema\/logo\/image\/\"}},{\"@type\":\"Person\",\"@id\":\"https:\/\/vieassociative.be\/actualites\/#\/schema\/person\/b87ac4f82f9d4e7b7cec7395b679edc4\",\"name\":\"Julien\",\"image\":{\"@type\":\"ImageObject\",\"inLanguage\":\"fr-BE\",\"@id\":\"https:\/\/vieassociative.be\/actualites\/#\/schema\/person\/image\/\",\"url\":\"https:\/\/vieassociative.be\/actualites\/wp-content\/uploads\/2024\/09\/vie-associative-1-150x150.jpg\",\"contentUrl\":\"https:\/\/vieassociative.be\/actualites\/wp-content\/uploads\/2024\/09\/vie-associative-1-150x150.jpg\",\"caption\":\"Julien\"},\"description\":\"Je suis Julien, r\u00e9dacteur pour Vie Associative. Passionn\u00e9 par le monde associatif depuis plus de 10 ans, j'ai \u00e0 c\u0153ur de partager des histoires inspirantes et de mettre en lumi\u00e8re les initiatives locales. Mon objectif est de sensibiliser et d'encourager l'engagement communautaire \u00e0 travers mes articles.\",\"sameAs\":[\"https:\/\/vieassociative.be\/\"]}]}<\/script>\n<!-- \/ Yoast SEO plugin. -->","yoast_head_json":{"title":"Le matin de No\u00ebl est meilleur avec les cr\u00eapes de p\u00e2te \u00e0 biscuits | Vie Associative","robots":{"index":"index","follow":"follow","max-snippet":"max-snippet:-1","max-image-preview":"max-image-preview:large","max-video-preview":"max-video-preview:-1"},"canonical":"https:\/\/vieassociative.be\/actualites\/le-matin-de-noel-est-meilleur-avec-les-crepes-de-pate-a-biscuits\/","og_locale":"fr_FR","og_type":"article","og_title":"Le matin de No\u00ebl est meilleur avec les cr\u00eapes de p\u00e2te \u00e0 biscuits | Vie Associative","og_description":"Bien que ces cr\u00eapes ne soient pas faites avec de la p\u00e2te crue, les miettes de biscuits \u00e9cras\u00e9es cr\u00e9ent un effet similaire. Quand j&rsquo;\u00e9tais enfant,","og_url":"https:\/\/vieassociative.be\/actualites\/le-matin-de-noel-est-meilleur-avec-les-crepes-de-pate-a-biscuits\/","og_site_name":"Vie Associative","article_published_time":"2025-04-10T16:18:17+00:00","og_image":[{"url":"https:\/\/vieassociative.be\/actualites\/wp-content\/uploads\/2025\/04\/Le-matin-de-Noel-est-meilleur-avec-les-crepes-de.jpg","type":"","width":"","height":""}],"author":"Julien","twitter_card":"summary_large_image","twitter_misc":{"\u00c9crit par":"Julien","Dur\u00e9e de lecture est.":"4 minutes"},"schema":{"@context":"https:\/\/schema.org","@graph":[{"@type":"Article","@id":"https:\/\/vieassociative.be\/actualites\/le-matin-de-noel-est-meilleur-avec-les-crepes-de-pate-a-biscuits\/#article","isPartOf":{"@id":"https:\/\/vieassociative.be\/actualites\/le-matin-de-noel-est-meilleur-avec-les-crepes-de-pate-a-biscuits\/"},"author":{"name":"Julien","@id":"https:\/\/vieassociative.be\/actualites\/#\/schema\/person\/b87ac4f82f9d4e7b7cec7395b679edc4"},"headline":"Le matin de No\u00ebl est meilleur avec les cr\u00eapes de p\u00e2te \u00e0 biscuits","datePublished":"2025-04-10T16:18:17+00:00","dateModified":"2025-04-10T16:18:17+00:00","mainEntityOfPage":{"@id":"https:\/\/vieassociative.be\/actualites\/le-matin-de-noel-est-meilleur-avec-les-crepes-de-pate-a-biscuits\/"},"wordCount":947,"publisher":{"@id":"https:\/\/vieassociative.be\/actualites\/#organization"},"image":{"@id":"https:\/\/vieassociative.be\/actualites\/le-matin-de-noel-est-meilleur-avec-les-crepes-de-pate-a-biscuits\/#primaryimage"},"thumbnailUrl":"https:\/\/vieassociative.be\/actualites\/wp-content\/uploads\/2025\/04\/1744301898_Le-matin-de-Noel-est-meilleur-avec-les-crepes-de.jpg","keywords":["avec","biscuits","cr\u00eapes","est","Les","matin","meilleur","No\u00ebl","p\u00e2te"],"articleSection":["Gastronomie"],"inLanguage":"fr-BE"},{"@type":"WebPage","@id":"https:\/\/vieassociative.be\/actualites\/le-matin-de-noel-est-meilleur-avec-les-crepes-de-pate-a-biscuits\/","url":"https:\/\/vieassociative.be\/actualites\/le-matin-de-noel-est-meilleur-avec-les-crepes-de-pate-a-biscuits\/","name":"Le matin de No\u00ebl est meilleur avec les cr\u00eapes de p\u00e2te \u00e0 biscuits | Vie Associative","isPartOf":{"@id":"https:\/\/vieassociative.be\/actualites\/#website"},"primaryImageOfPage":{"@id":"https:\/\/vieassociative.be\/actualites\/le-matin-de-noel-est-meilleur-avec-les-crepes-de-pate-a-biscuits\/#primaryimage"},"image":{"@id":"https:\/\/vieassociative.be\/actualites\/le-matin-de-noel-est-meilleur-avec-les-crepes-de-pate-a-biscuits\/#primaryimage"},"thumbnailUrl":"https:\/\/vieassociative.be\/actualites\/wp-content\/uploads\/2025\/04\/1744301898_Le-matin-de-Noel-est-meilleur-avec-les-crepes-de.jpg","datePublished":"2025-04-10T16:18:17+00:00","dateModified":"2025-04-10T16:18:17+00:00","breadcrumb":{"@id":"https:\/\/vieassociative.be\/actualites\/le-matin-de-noel-est-meilleur-avec-les-crepes-de-pate-a-biscuits\/#breadcrumb"},"inLanguage":"fr-BE","potentialAction":[{"@type":"ReadAction","target":["https:\/\/vieassociative.be\/actualites\/le-matin-de-noel-est-meilleur-avec-les-crepes-de-pate-a-biscuits\/"]}]},{"@type":"ImageObject","inLanguage":"fr-BE","@id":"https:\/\/vieassociative.be\/actualites\/le-matin-de-noel-est-meilleur-avec-les-crepes-de-pate-a-biscuits\/#primaryimage","url":"https:\/\/vieassociative.be\/actualites\/wp-content\/uploads\/2025\/04\/1744301898_Le-matin-de-Noel-est-meilleur-avec-les-crepes-de.jpg","contentUrl":"https:\/\/vieassociative.be\/actualites\/wp-content\/uploads\/2025\/04\/1744301898_Le-matin-de-Noel-est-meilleur-avec-les-crepes-de.jpg","width":1200,"height":675,"caption":"Le matin de No\u00ebl est meilleur avec les cr\u00eapes de p\u00e2te \u00e0 biscuits"},{"@type":"BreadcrumbList","@id":"https:\/\/vieassociative.be\/actualites\/le-matin-de-noel-est-meilleur-avec-les-crepes-de-pate-a-biscuits\/#breadcrumb","itemListElement":[{"@type":"ListItem","position":1,"name":"Accueil","item":"https:\/\/vieassociative.be\/actualites\/"},{"@type":"ListItem","position":2,"name":"Le matin de No\u00ebl est meilleur avec les cr\u00eapes de p\u00e2te \u00e0 biscuits"}]},{"@type":"WebSite","@id":"https:\/\/vieassociative.be\/actualites\/#website","url":"https:\/\/vieassociative.be\/actualites\/","name":"Vie Associative","description":"","publisher":{"@id":"https:\/\/vieassociative.be\/actualites\/#organization"},"potentialAction":[{"@type":"SearchAction","target":{"@type":"EntryPoint","urlTemplate":"https:\/\/vieassociative.be\/actualites\/?s={search_term_string}"},"query-input":{"@type":"PropertyValueSpecification","valueRequired":true,"valueName":"search_term_string"}}],"inLanguage":"fr-BE"},{"@type":"Organization","@id":"https:\/\/vieassociative.be\/actualites\/#organization","name":"Vie Associative","url":"https:\/\/vieassociative.be\/actualites\/","logo":{"@type":"ImageObject","inLanguage":"fr-BE","@id":"https:\/\/vieassociative.be\/actualites\/#\/schema\/logo\/image\/","url":"https:\/\/vieassociative.be\/actualites\/wp-content\/uploads\/2024\/09\/cropped-vieassociative_favicon.ico.png","contentUrl":"https:\/\/vieassociative.be\/actualites\/wp-content\/uploads\/2024\/09\/cropped-vieassociative_favicon.ico.png","width":512,"height":512,"caption":"Vie Associative"},"image":{"@id":"https:\/\/vieassociative.be\/actualites\/#\/schema\/logo\/image\/"}},{"@type":"Person","@id":"https:\/\/vieassociative.be\/actualites\/#\/schema\/person\/b87ac4f82f9d4e7b7cec7395b679edc4","name":"Julien","image":{"@type":"ImageObject","inLanguage":"fr-BE","@id":"https:\/\/vieassociative.be\/actualites\/#\/schema\/person\/image\/","url":"https:\/\/vieassociative.be\/actualites\/wp-content\/uploads\/2024\/09\/vie-associative-1-150x150.jpg","contentUrl":"https:\/\/vieassociative.be\/actualites\/wp-content\/uploads\/2024\/09\/vie-associative-1-150x150.jpg","caption":"Julien"},"description":"Je suis Julien, r\u00e9dacteur pour Vie Associative. Passionn\u00e9 par le monde associatif depuis plus de 10 ans, j'ai \u00e0 c\u0153ur de partager des histoires inspirantes et de mettre en lumi\u00e8re les initiatives locales. Mon objectif est de sensibiliser et d'encourager l'engagement communautaire \u00e0 travers mes articles.","sameAs":["https:\/\/vieassociative.be\/"]}]}},"_links":{"self":[{"href":"https:\/\/vieassociative.be\/actualites\/wp-json\/wp\/v2\/posts\/6599"}],"collection":[{"href":"https:\/\/vieassociative.be\/actualites\/wp-json\/wp\/v2\/posts"}],"about":[{"href":"https:\/\/vieassociative.be\/actualites\/wp-json\/wp\/v2\/types\/post"}],"author":[{"embeddable":true,"href":"https:\/\/vieassociative.be\/actualites\/wp-json\/wp\/v2\/users\/1"}],"replies":[{"embeddable":true,"href":"https:\/\/vieassociative.be\/actualites\/wp-json\/wp\/v2\/comments?post=6599"}],"version-history":[{"count":0,"href":"https:\/\/vieassociative.be\/actualites\/wp-json\/wp\/v2\/posts\/6599\/revisions"}],"wp:featuredmedia":[{"embeddable":true,"href":"https:\/\/vieassociative.be\/actualites\/wp-json\/wp\/v2\/media\/6600"}],"wp:attachment":[{"href":"https:\/\/vieassociative.be\/actualites\/wp-json\/wp\/v2\/media?parent=6599"}],"wp:term":[{"taxonomy":"category","embeddable":true,"href":"https:\/\/vieassociative.be\/actualites\/wp-json\/wp\/v2\/categories?post=6599"},{"taxonomy":"post_tag","embeddable":true,"href":"https:\/\/vieassociative.be\/actualites\/wp-json\/wp\/v2\/tags?post=6599"}],"curies":[{"name":"wp","href":"https:\/\/api.w.org\/{rel}","templated":true}]}}