{"id":6597,"date":"2025-04-10T16:17:33","date_gmt":"2025-04-10T14:17:33","guid":{"rendered":"https:\/\/vieassociative.be\/actualites\/ploger-ne-pense-pas-que-le-beau-temps-est-si-gentil-la-secheresse-continue-le-trouble\/"},"modified":"2025-04-10T16:17:33","modified_gmt":"2025-04-10T14:17:33","slug":"ploger-ne-pense-pas-que-le-beau-temps-est-si-gentil-la-secheresse-continue-le-trouble","status":"publish","type":"post","link":"https:\/\/vieassociative.be\/actualites\/ploger-ne-pense-pas-que-le-beau-temps-est-si-gentil-la-secheresse-continue-le-trouble\/","title":{"rendered":"Pl\u00f6ger ne pense pas que le beau temps est si gentil: la s\u00e9cheresse continue le trouble"},"content":{"rendered":"<p><strong>Si le m\u00e9t\u00e9orologue Sven Pl\u00f6ger doit faire rapport sur la t\u00e9l\u00e9vision ARD dans la soir\u00e9e que le temps ensoleill\u00e9 et doux de la saison durera les prochains jours, la plupart des spectateurs sont heureux mais lui-m\u00eame n&rsquo;est pas du tout. Parce que ce printemps, il est non seulement sup\u00e9rieur \u00e0 la moyenne ensoleill\u00e9e, mais beaucoup trop sec.<\/strong><\/p>\n<p><span id=\"more-413161\"><\/span>March \u00e9tait d\u00e9j\u00e0 l&rsquo;un des plus secs de ce pays depuis le d\u00e9but de l&rsquo;enregistrement &#8211; et les premiers jours d&rsquo;avril n&rsquo;ont pas non plus apport\u00e9 de pluie. Le risque d&rsquo;incendie de for\u00eat augmente consid\u00e9rablement au d\u00e9but de l&rsquo;ann\u00e9e. Les animaux sont difficiles \u00e0 faire de la s\u00e9cheresse actuelle, dans de nombreuses eaux, le niveau d&rsquo;eau est inhabituellement bas. Les agriculteurs craignent d\u00e9j\u00e0 les pertes de r\u00e9colte si elle ne devrait pas pleuvoir de mani\u00e8re efficace bient\u00f4t.<\/p>\n<div id=\"attachment_413168\" class=\"wp-caption alignleft\" style=\"max-width: 300px\"><img fetchpriority=\"high\" decoding=\"async\" class=\"wp-image-413168 size-medium\" src=\"https:\/\/vieassociative.be\/actualites\/wp-content\/uploads\/2025\/04\/Ploger-ne-pense-pas-que-le-beau-temps-est-si.jpg\" alt=\"\" width=\"300\" height=\"200\"><\/p>\n<p class=\"wp-caption-text\">04\/10\/2025, Suisse, Neuhausen: Vue des chutes du Rhin pr\u00e8s de Schaffhausen \u00e0 basse eau. Habituellement, le Rhin tombe pr\u00e8s de Schaffhausen impressionne avec des masses d&rsquo;eau d\u00e9cha\u00een\u00e9e. Photo: Silas Stein \/ DPA<\/p>\n<\/div>\n<p>\u00ab\u00a0Ce sont des conditions \u00e0 haute pression qui ont \u00e9t\u00e9 bloqu\u00e9es au-dessus du pays depuis plusieurs semaines\u00a0\u00bb, r\u00e9sume Pascal Mormal, climatologue au Royal Meteorological Institute d&rsquo;Uccle (KMI), par rapport au journal quotidien \u00ab\u00a0L&rsquo;\u00e9cho\u00a0\u00bb. \u00ab\u00a0Cependant, la dur\u00e9e est remarquable. Depuis le 1er mars, il n&rsquo;y a pratiquement pas de pr\u00e9cipitation en Belgique.\u00a0\u00bb<\/p>\n<p>F\u00e9vrier et mars sont g\u00e9n\u00e9ralement des mois sombres et humides. Ils n&rsquo;\u00e9taient pas du tout cette ann\u00e9e. La station \u00e0 UCCLE a enregistr\u00e9 7,8 litres d&rsquo;eau par m\u00e8tre carr\u00e9 depuis le 1er mars. \u00ab\u00a0Nous n&rsquo;avons jamais eu une s\u00e9quence aussi s\u00e8che au cours de cette p\u00e9riode.\u00a0\u00bb La moyenne du troisi\u00e8me mois de l&rsquo;ann\u00e9e est de 53,1 litres par m\u00e8tre carr\u00e9.<\/p>\n<p>Au mieux, les m\u00e9t\u00e9orologues s&rsquo;attendent \u00e0 de faibles pr\u00e9cipitations pour les prochains jours. Nature, agriculture, exp\u00e9dition: les cons\u00e9quences ont la s\u00e9cheresse continue pour de nombreux domaines. Cependant, les experts ne consid\u00e8rent toujours pas la situation comme dramatique. Quelques semaines de pluie pourraient compenser \u00e0 nouveau la p\u00e9riode s\u00e8che actuelle. (Cre)<\/p>\n","protected":false},"excerpt":{"rendered":"<p>Si le m\u00e9t\u00e9orologue Sven Pl\u00f6ger doit faire rapport sur la t\u00e9l\u00e9vision ARD dans la soir\u00e9e que le temps ensoleill\u00e9 et doux de la saison durera<\/p>\n","protected":false},"author":1,"featured_media":6598,"comment_status":"","ping_status":"","sticky":false,"template":"","format":"standard","meta":{"footnotes":""},"categories":[298],"tags":[6296,2426,76,6297,126,2654,6295,1869,790,2722],"class_list":["post-6597","post","type-post","status-publish","format-standard","has-post-thumbnail","hentry","category-belgique","tag-beau","tag-continue","tag-est","tag-gentil","tag-pas","tag-pense","tag-ploger","tag-secheresse","tag-temps","tag-trouble","generate-columns","tablet-grid-50","mobile-grid-100","grid-parent","grid-33"],"yoast_head":"<!-- This site is optimized with the Yoast SEO plugin v24.0 - https:\/\/yoast.com\/wordpress\/plugins\/seo\/ -->\n<title>Pl\u00f6ger ne pense pas que le beau temps est si gentil: la s\u00e9cheresse continue le trouble | Vie Associative<\/title>\n<meta name=\"robots\" content=\"index, follow, max-snippet:-1, max-image-preview:large, max-video-preview:-1\" \/>\n<link rel=\"canonical\" href=\"https:\/\/vieassociative.be\/actualites\/ploger-ne-pense-pas-que-le-beau-temps-est-si-gentil-la-secheresse-continue-le-trouble\/\" \/>\n<meta property=\"og:locale\" content=\"fr_FR\" \/>\n<meta property=\"og:type\" content=\"article\" \/>\n<meta property=\"og:title\" content=\"Pl\u00f6ger ne pense pas que le beau temps est si gentil: la s\u00e9cheresse continue le trouble | Vie Associative\" \/>\n<meta property=\"og:description\" content=\"Si le m\u00e9t\u00e9orologue Sven Pl\u00f6ger doit faire rapport sur la t\u00e9l\u00e9vision ARD dans la soir\u00e9e que le temps ensoleill\u00e9 et doux de la saison durera\" \/>\n<meta property=\"og:url\" content=\"https:\/\/vieassociative.be\/actualites\/ploger-ne-pense-pas-que-le-beau-temps-est-si-gentil-la-secheresse-continue-le-trouble\/\" \/>\n<meta property=\"og:site_name\" content=\"Vie Associative\" \/>\n<meta property=\"article:published_time\" content=\"2025-04-10T14:17:33+00:00\" \/>\n<meta property=\"og:image\" content=\"https:\/\/vieassociative.be\/actualites\/wp-content\/uploads\/2024\/09\/header_backgroundk-01-e1726694325946.png\" \/>\n\t<meta property=\"og:image:width\" content=\"279\" \/>\n\t<meta property=\"og:image:height\" content=\"92\" \/>\n\t<meta property=\"og:image:type\" content=\"image\/png\" \/>\n<meta name=\"author\" content=\"Julien\" \/>\n<meta name=\"twitter:card\" content=\"summary_large_image\" \/>\n<meta name=\"twitter:label1\" content=\"\u00c9crit par\" \/>\n\t<meta name=\"twitter:data1\" content=\"Julien\" \/>\n\t<meta name=\"twitter:label2\" content=\"Dur\u00e9e de lecture est.\" \/>\n\t<meta name=\"twitter:data2\" content=\"2 minutes\" \/>\n<script type=\"application\/ld+json\" class=\"yoast-schema-graph\">{\"@context\":\"https:\/\/schema.org\",\"@graph\":[{\"@type\":\"Article\",\"@id\":\"https:\/\/vieassociative.be\/actualites\/ploger-ne-pense-pas-que-le-beau-temps-est-si-gentil-la-secheresse-continue-le-trouble\/#article\",\"isPartOf\":{\"@id\":\"https:\/\/vieassociative.be\/actualites\/ploger-ne-pense-pas-que-le-beau-temps-est-si-gentil-la-secheresse-continue-le-trouble\/\"},\"author\":{\"name\":\"Julien\",\"@id\":\"https:\/\/vieassociative.be\/actualites\/#\/schema\/person\/b87ac4f82f9d4e7b7cec7395b679edc4\"},\"headline\":\"Pl\u00f6ger ne pense pas que le beau temps est si gentil: la s\u00e9cheresse continue le trouble\",\"datePublished\":\"2025-04-10T14:17:33+00:00\",\"dateModified\":\"2025-04-10T14:17:33+00:00\",\"mainEntityOfPage\":{\"@id\":\"https:\/\/vieassociative.be\/actualites\/ploger-ne-pense-pas-que-le-beau-temps-est-si-gentil-la-secheresse-continue-le-trouble\/\"},\"wordCount\":400,\"publisher\":{\"@id\":\"https:\/\/vieassociative.be\/actualites\/#organization\"},\"image\":{\"@id\":\"https:\/\/vieassociative.be\/actualites\/ploger-ne-pense-pas-que-le-beau-temps-est-si-gentil-la-secheresse-continue-le-trouble\/#primaryimage\"},\"thumbnailUrl\":\"https:\/\/vieassociative.be\/actualites\/wp-content\/uploads\/2025\/04\/1744294653_Ploger-ne-pense-pas-que-le-beau-temps-est-si.jpg\",\"keywords\":[\"beau\",\"continue\",\"est\",\"gentil\",\"pas\",\"pense\",\"Pl\u00f6ger\",\"s\u00e9cheresse\",\"temps\",\"trouble\"],\"articleSection\":[\"Belgique\"],\"inLanguage\":\"fr-BE\"},{\"@type\":\"WebPage\",\"@id\":\"https:\/\/vieassociative.be\/actualites\/ploger-ne-pense-pas-que-le-beau-temps-est-si-gentil-la-secheresse-continue-le-trouble\/\",\"url\":\"https:\/\/vieassociative.be\/actualites\/ploger-ne-pense-pas-que-le-beau-temps-est-si-gentil-la-secheresse-continue-le-trouble\/\",\"name\":\"Pl\u00f6ger ne pense pas que le beau temps est si gentil: la s\u00e9cheresse continue le trouble | Vie Associative\",\"isPartOf\":{\"@id\":\"https:\/\/vieassociative.be\/actualites\/#website\"},\"primaryImageOfPage\":{\"@id\":\"https:\/\/vieassociative.be\/actualites\/ploger-ne-pense-pas-que-le-beau-temps-est-si-gentil-la-secheresse-continue-le-trouble\/#primaryimage\"},\"image\":{\"@id\":\"https:\/\/vieassociative.be\/actualites\/ploger-ne-pense-pas-que-le-beau-temps-est-si-gentil-la-secheresse-continue-le-trouble\/#primaryimage\"},\"thumbnailUrl\":\"https:\/\/vieassociative.be\/actualites\/wp-content\/uploads\/2025\/04\/1744294653_Ploger-ne-pense-pas-que-le-beau-temps-est-si.jpg\",\"datePublished\":\"2025-04-10T14:17:33+00:00\",\"dateModified\":\"2025-04-10T14:17:33+00:00\",\"breadcrumb\":{\"@id\":\"https:\/\/vieassociative.be\/actualites\/ploger-ne-pense-pas-que-le-beau-temps-est-si-gentil-la-secheresse-continue-le-trouble\/#breadcrumb\"},\"inLanguage\":\"fr-BE\",\"potentialAction\":[{\"@type\":\"ReadAction\",\"target\":[\"https:\/\/vieassociative.be\/actualites\/ploger-ne-pense-pas-que-le-beau-temps-est-si-gentil-la-secheresse-continue-le-trouble\/\"]}]},{\"@type\":\"ImageObject\",\"inLanguage\":\"fr-BE\",\"@id\":\"https:\/\/vieassociative.be\/actualites\/ploger-ne-pense-pas-que-le-beau-temps-est-si-gentil-la-secheresse-continue-le-trouble\/#primaryimage\",\"url\":\"https:\/\/vieassociative.be\/actualites\/wp-content\/uploads\/2025\/04\/1744294653_Ploger-ne-pense-pas-que-le-beau-temps-est-si.jpg\",\"contentUrl\":\"https:\/\/vieassociative.be\/actualites\/wp-content\/uploads\/2025\/04\/1744294653_Ploger-ne-pense-pas-que-le-beau-temps-est-si.jpg\",\"width\":2560,\"height\":953,\"caption\":\"Pl\u00f6ger ne pense pas que le beau temps est si gentil: la s\u00e9cheresse continue le trouble\"},{\"@type\":\"BreadcrumbList\",\"@id\":\"https:\/\/vieassociative.be\/actualites\/ploger-ne-pense-pas-que-le-beau-temps-est-si-gentil-la-secheresse-continue-le-trouble\/#breadcrumb\",\"itemListElement\":[{\"@type\":\"ListItem\",\"position\":1,\"name\":\"Accueil\",\"item\":\"https:\/\/vieassociative.be\/actualites\/\"},{\"@type\":\"ListItem\",\"position\":2,\"name\":\"Pl\u00f6ger ne pense pas que le beau temps est si gentil: la s\u00e9cheresse continue le trouble\"}]},{\"@type\":\"WebSite\",\"@id\":\"https:\/\/vieassociative.be\/actualites\/#website\",\"url\":\"https:\/\/vieassociative.be\/actualites\/\",\"name\":\"Vie Associative\",\"description\":\"\",\"publisher\":{\"@id\":\"https:\/\/vieassociative.be\/actualites\/#organization\"},\"potentialAction\":[{\"@type\":\"SearchAction\",\"target\":{\"@type\":\"EntryPoint\",\"urlTemplate\":\"https:\/\/vieassociative.be\/actualites\/?s={search_term_string}\"},\"query-input\":{\"@type\":\"PropertyValueSpecification\",\"valueRequired\":true,\"valueName\":\"search_term_string\"}}],\"inLanguage\":\"fr-BE\"},{\"@type\":\"Organization\",\"@id\":\"https:\/\/vieassociative.be\/actualites\/#organization\",\"name\":\"Vie Associative\",\"url\":\"https:\/\/vieassociative.be\/actualites\/\",\"logo\":{\"@type\":\"ImageObject\",\"inLanguage\":\"fr-BE\",\"@id\":\"https:\/\/vieassociative.be\/actualites\/#\/schema\/logo\/image\/\",\"url\":\"https:\/\/vieassociative.be\/actualites\/wp-content\/uploads\/2024\/09\/cropped-vieassociative_favicon.ico.png\",\"contentUrl\":\"https:\/\/vieassociative.be\/actualites\/wp-content\/uploads\/2024\/09\/cropped-vieassociative_favicon.ico.png\",\"width\":512,\"height\":512,\"caption\":\"Vie Associative\"},\"image\":{\"@id\":\"https:\/\/vieassociative.be\/actualites\/#\/schema\/logo\/image\/\"}},{\"@type\":\"Person\",\"@id\":\"https:\/\/vieassociative.be\/actualites\/#\/schema\/person\/b87ac4f82f9d4e7b7cec7395b679edc4\",\"name\":\"Julien\",\"image\":{\"@type\":\"ImageObject\",\"inLanguage\":\"fr-BE\",\"@id\":\"https:\/\/vieassociative.be\/actualites\/#\/schema\/person\/image\/\",\"url\":\"https:\/\/vieassociative.be\/actualites\/wp-content\/uploads\/2024\/09\/vie-associative-1-150x150.jpg\",\"contentUrl\":\"https:\/\/vieassociative.be\/actualites\/wp-content\/uploads\/2024\/09\/vie-associative-1-150x150.jpg\",\"caption\":\"Julien\"},\"description\":\"Je suis Julien, r\u00e9dacteur pour Vie Associative. Passionn\u00e9 par le monde associatif depuis plus de 10 ans, j'ai \u00e0 c\u0153ur de partager des histoires inspirantes et de mettre en lumi\u00e8re les initiatives locales. Mon objectif est de sensibiliser et d'encourager l'engagement communautaire \u00e0 travers mes articles.\",\"sameAs\":[\"https:\/\/vieassociative.be\/\"]}]}<\/script>\n<!-- \/ Yoast SEO plugin. -->","yoast_head_json":{"title":"Pl\u00f6ger ne pense pas que le beau temps est si gentil: la s\u00e9cheresse continue le trouble | Vie Associative","robots":{"index":"index","follow":"follow","max-snippet":"max-snippet:-1","max-image-preview":"max-image-preview:large","max-video-preview":"max-video-preview:-1"},"canonical":"https:\/\/vieassociative.be\/actualites\/ploger-ne-pense-pas-que-le-beau-temps-est-si-gentil-la-secheresse-continue-le-trouble\/","og_locale":"fr_FR","og_type":"article","og_title":"Pl\u00f6ger ne pense pas que le beau temps est si gentil: la s\u00e9cheresse continue le trouble | Vie Associative","og_description":"Si le m\u00e9t\u00e9orologue Sven Pl\u00f6ger doit faire rapport sur la t\u00e9l\u00e9vision ARD dans la soir\u00e9e que le temps ensoleill\u00e9 et doux de la saison durera","og_url":"https:\/\/vieassociative.be\/actualites\/ploger-ne-pense-pas-que-le-beau-temps-est-si-gentil-la-secheresse-continue-le-trouble\/","og_site_name":"Vie Associative","article_published_time":"2025-04-10T14:17:33+00:00","og_image":[{"width":279,"height":92,"url":"https:\/\/vieassociative.be\/actualites\/wp-content\/uploads\/2024\/09\/header_backgroundk-01-e1726694325946.png","type":"image\/png"}],"author":"Julien","twitter_card":"summary_large_image","twitter_misc":{"\u00c9crit par":"Julien","Dur\u00e9e de lecture est.":"2 minutes"},"schema":{"@context":"https:\/\/schema.org","@graph":[{"@type":"Article","@id":"https:\/\/vieassociative.be\/actualites\/ploger-ne-pense-pas-que-le-beau-temps-est-si-gentil-la-secheresse-continue-le-trouble\/#article","isPartOf":{"@id":"https:\/\/vieassociative.be\/actualites\/ploger-ne-pense-pas-que-le-beau-temps-est-si-gentil-la-secheresse-continue-le-trouble\/"},"author":{"name":"Julien","@id":"https:\/\/vieassociative.be\/actualites\/#\/schema\/person\/b87ac4f82f9d4e7b7cec7395b679edc4"},"headline":"Pl\u00f6ger ne pense pas que le beau temps est si gentil: la s\u00e9cheresse continue le trouble","datePublished":"2025-04-10T14:17:33+00:00","dateModified":"2025-04-10T14:17:33+00:00","mainEntityOfPage":{"@id":"https:\/\/vieassociative.be\/actualites\/ploger-ne-pense-pas-que-le-beau-temps-est-si-gentil-la-secheresse-continue-le-trouble\/"},"wordCount":400,"publisher":{"@id":"https:\/\/vieassociative.be\/actualites\/#organization"},"image":{"@id":"https:\/\/vieassociative.be\/actualites\/ploger-ne-pense-pas-que-le-beau-temps-est-si-gentil-la-secheresse-continue-le-trouble\/#primaryimage"},"thumbnailUrl":"https:\/\/vieassociative.be\/actualites\/wp-content\/uploads\/2025\/04\/1744294653_Ploger-ne-pense-pas-que-le-beau-temps-est-si.jpg","keywords":["beau","continue","est","gentil","pas","pense","Pl\u00f6ger","s\u00e9cheresse","temps","trouble"],"articleSection":["Belgique"],"inLanguage":"fr-BE"},{"@type":"WebPage","@id":"https:\/\/vieassociative.be\/actualites\/ploger-ne-pense-pas-que-le-beau-temps-est-si-gentil-la-secheresse-continue-le-trouble\/","url":"https:\/\/vieassociative.be\/actualites\/ploger-ne-pense-pas-que-le-beau-temps-est-si-gentil-la-secheresse-continue-le-trouble\/","name":"Pl\u00f6ger ne pense pas que le beau temps est si gentil: la s\u00e9cheresse continue le trouble | Vie Associative","isPartOf":{"@id":"https:\/\/vieassociative.be\/actualites\/#website"},"primaryImageOfPage":{"@id":"https:\/\/vieassociative.be\/actualites\/ploger-ne-pense-pas-que-le-beau-temps-est-si-gentil-la-secheresse-continue-le-trouble\/#primaryimage"},"image":{"@id":"https:\/\/vieassociative.be\/actualites\/ploger-ne-pense-pas-que-le-beau-temps-est-si-gentil-la-secheresse-continue-le-trouble\/#primaryimage"},"thumbnailUrl":"https:\/\/vieassociative.be\/actualites\/wp-content\/uploads\/2025\/04\/1744294653_Ploger-ne-pense-pas-que-le-beau-temps-est-si.jpg","datePublished":"2025-04-10T14:17:33+00:00","dateModified":"2025-04-10T14:17:33+00:00","breadcrumb":{"@id":"https:\/\/vieassociative.be\/actualites\/ploger-ne-pense-pas-que-le-beau-temps-est-si-gentil-la-secheresse-continue-le-trouble\/#breadcrumb"},"inLanguage":"fr-BE","potentialAction":[{"@type":"ReadAction","target":["https:\/\/vieassociative.be\/actualites\/ploger-ne-pense-pas-que-le-beau-temps-est-si-gentil-la-secheresse-continue-le-trouble\/"]}]},{"@type":"ImageObject","inLanguage":"fr-BE","@id":"https:\/\/vieassociative.be\/actualites\/ploger-ne-pense-pas-que-le-beau-temps-est-si-gentil-la-secheresse-continue-le-trouble\/#primaryimage","url":"https:\/\/vieassociative.be\/actualites\/wp-content\/uploads\/2025\/04\/1744294653_Ploger-ne-pense-pas-que-le-beau-temps-est-si.jpg","contentUrl":"https:\/\/vieassociative.be\/actualites\/wp-content\/uploads\/2025\/04\/1744294653_Ploger-ne-pense-pas-que-le-beau-temps-est-si.jpg","width":2560,"height":953,"caption":"Pl\u00f6ger ne pense pas que le beau temps est si gentil: la s\u00e9cheresse continue le trouble"},{"@type":"BreadcrumbList","@id":"https:\/\/vieassociative.be\/actualites\/ploger-ne-pense-pas-que-le-beau-temps-est-si-gentil-la-secheresse-continue-le-trouble\/#breadcrumb","itemListElement":[{"@type":"ListItem","position":1,"name":"Accueil","item":"https:\/\/vieassociative.be\/actualites\/"},{"@type":"ListItem","position":2,"name":"Pl\u00f6ger ne pense pas que le beau temps est si gentil: la s\u00e9cheresse continue le trouble"}]},{"@type":"WebSite","@id":"https:\/\/vieassociative.be\/actualites\/#website","url":"https:\/\/vieassociative.be\/actualites\/","name":"Vie Associative","description":"","publisher":{"@id":"https:\/\/vieassociative.be\/actualites\/#organization"},"potentialAction":[{"@type":"SearchAction","target":{"@type":"EntryPoint","urlTemplate":"https:\/\/vieassociative.be\/actualites\/?s={search_term_string}"},"query-input":{"@type":"PropertyValueSpecification","valueRequired":true,"valueName":"search_term_string"}}],"inLanguage":"fr-BE"},{"@type":"Organization","@id":"https:\/\/vieassociative.be\/actualites\/#organization","name":"Vie Associative","url":"https:\/\/vieassociative.be\/actualites\/","logo":{"@type":"ImageObject","inLanguage":"fr-BE","@id":"https:\/\/vieassociative.be\/actualites\/#\/schema\/logo\/image\/","url":"https:\/\/vieassociative.be\/actualites\/wp-content\/uploads\/2024\/09\/cropped-vieassociative_favicon.ico.png","contentUrl":"https:\/\/vieassociative.be\/actualites\/wp-content\/uploads\/2024\/09\/cropped-vieassociative_favicon.ico.png","width":512,"height":512,"caption":"Vie Associative"},"image":{"@id":"https:\/\/vieassociative.be\/actualites\/#\/schema\/logo\/image\/"}},{"@type":"Person","@id":"https:\/\/vieassociative.be\/actualites\/#\/schema\/person\/b87ac4f82f9d4e7b7cec7395b679edc4","name":"Julien","image":{"@type":"ImageObject","inLanguage":"fr-BE","@id":"https:\/\/vieassociative.be\/actualites\/#\/schema\/person\/image\/","url":"https:\/\/vieassociative.be\/actualites\/wp-content\/uploads\/2024\/09\/vie-associative-1-150x150.jpg","contentUrl":"https:\/\/vieassociative.be\/actualites\/wp-content\/uploads\/2024\/09\/vie-associative-1-150x150.jpg","caption":"Julien"},"description":"Je suis Julien, r\u00e9dacteur pour Vie Associative. Passionn\u00e9 par le monde associatif depuis plus de 10 ans, j'ai \u00e0 c\u0153ur de partager des histoires inspirantes et de mettre en lumi\u00e8re les initiatives locales. Mon objectif est de sensibiliser et d'encourager l'engagement communautaire \u00e0 travers mes articles.","sameAs":["https:\/\/vieassociative.be\/"]}]}},"_links":{"self":[{"href":"https:\/\/vieassociative.be\/actualites\/wp-json\/wp\/v2\/posts\/6597"}],"collection":[{"href":"https:\/\/vieassociative.be\/actualites\/wp-json\/wp\/v2\/posts"}],"about":[{"href":"https:\/\/vieassociative.be\/actualites\/wp-json\/wp\/v2\/types\/post"}],"author":[{"embeddable":true,"href":"https:\/\/vieassociative.be\/actualites\/wp-json\/wp\/v2\/users\/1"}],"replies":[{"embeddable":true,"href":"https:\/\/vieassociative.be\/actualites\/wp-json\/wp\/v2\/comments?post=6597"}],"version-history":[{"count":0,"href":"https:\/\/vieassociative.be\/actualites\/wp-json\/wp\/v2\/posts\/6597\/revisions"}],"wp:featuredmedia":[{"embeddable":true,"href":"https:\/\/vieassociative.be\/actualites\/wp-json\/wp\/v2\/media\/6598"}],"wp:attachment":[{"href":"https:\/\/vieassociative.be\/actualites\/wp-json\/wp\/v2\/media?parent=6597"}],"wp:term":[{"taxonomy":"category","embeddable":true,"href":"https:\/\/vieassociative.be\/actualites\/wp-json\/wp\/v2\/categories?post=6597"},{"taxonomy":"post_tag","embeddable":true,"href":"https:\/\/vieassociative.be\/actualites\/wp-json\/wp\/v2\/tags?post=6597"}],"curies":[{"name":"wp","href":"https:\/\/api.w.org\/{rel}","templated":true}]}}