{"id":659,"date":"2024-09-29T19:37:18","date_gmt":"2024-09-29T17:37:18","guid":{"rendered":"https:\/\/vieassociative.be\/actualites\/un-guide-age-par-age-pour-inculquer-la-gratitude-aux-enfants\/"},"modified":"2024-09-29T19:37:18","modified_gmt":"2024-09-29T17:37:18","slug":"un-guide-age-par-age-pour-inculquer-la-gratitude-aux-enfants","status":"publish","type":"post","link":"https:\/\/vieassociative.be\/actualites\/un-guide-age-par-age-pour-inculquer-la-gratitude-aux-enfants\/","title":{"rendered":"Un guide \u00e2ge par \u00e2ge pour inculquer la gratitude aux enfants"},"content":{"rendered":"<div class=\"mt-4 leading-6 md:mb-8\">Ces activit\u00e9s familiales peuvent encourager la gratitude chez vos enfants, de la petite enfance \u00e0 l&rsquo;\u00e2ge adulte.<\/div>\n<p><\/p>\n<p>Qui ne veut pas d\u2019enfants qui reconnaissent toutes les bonnes choses de la vie et qui leur expriment leur gratitude ? Malheureusement, nos adorables b\u00e9b\u00e9s anges ne naissent pas reconnaissants, mais selon la psychologue du d\u00e9veloppement Dr Aliza Pressman, vous pouvez aider les enfants \u00e0 d\u00e9velopper leur gratitude \u00e0 tout \u00e2ge.<\/p>\n<p>Dans son nouveau livre, <em>Les 5 principes de la parentalit\u00e9\u00a0: votre guide essentiel pour \u00e9lever de bons humains<\/em>Pressman \u00e9crit \u00e0 propos des JEUX de r\u00e9silience, un acronyme pour Gratitude, Autonomie, Motivation, Empathie et Autor\u00e9gulation.<\/p>\n<p>Ne vous sentez pas mal si votre enfant est \u00e9gocentrique\u00a0; Pressman dit qu&rsquo;ils sont cens\u00e9s l&rsquo;\u00eatre.<\/p>\n<p>\u00ab\u00a0Peu importe ce que nous faisons pour \u00e9lever des enfants reconnaissants, cela ne veut pas dire qu&rsquo;ils diront &lsquo;Je t&rsquo;appr\u00e9cie&rsquo; quand nous le voulons\u00a0\u00bb, a-t-elle \u00e9crit.<\/p>\n<h2 id=\"how-to-instill-gratitude-at-every-age\">Comment susciter la gratitude \u00e0 tout \u00e2ge<\/h2>\n<h3>Adultes<\/h3>\n<p>Cela signifie que vous : Mettre en forme votre jeu de gratitude est la premi\u00e8re \u00e9tape pour promouvoir la gratitude chez les enfants. Pressman recommande un enregistrement de gratitude matin et soir.<\/p>\n<p>Le matin, dites-vous une de ces phrases\u00a0:<\/p>\n<ul>\n<li>\n<p>\u00ab\u00a0Je vais dire merci \u00e0 quelqu&rsquo;un aujourd&rsquo;hui.\u00a0\u00bb <\/p>\n<\/li>\n<li>\n<p>\u00ab\u00a0Je vais montrer ma gratitude \u00e0 quelqu&rsquo;un aujourd&rsquo;hui.\u00a0\u00bb <\/p>\n<\/li>\n<li>\n<p>\u00ab\u00a0Quand quelqu&rsquo;un m&rsquo;aide aujourd&rsquo;hui, je ressens un sentiment de gratitude.\u00a0\u00bb <\/p>\n<\/li>\n<li>\n<p>\u00ab\u00a0Je remarquerai trois personnes ou choses que je me sens chanceuse d&rsquo;avoir dans ma vie aujourd&rsquo;hui.\u00a0\u00bb <\/p>\n<\/li>\n<\/ul>\n<p>Le soir, demandez-vous : <\/p>\n<ul>\n<li>\n<p>\u00ab Est-ce que j&rsquo;ai dit merci \u00e0 quelqu&rsquo;un aujourd&rsquo;hui ? <\/p>\n<\/li>\n<li>\n<p>\u00ab\u00a0Ai-je montr\u00e9 de l&rsquo;appr\u00e9ciation \u00e0 quelqu&rsquo;un aujourd&rsquo;hui\u00a0?\u00a0\u00bb <\/p>\n<\/li>\n<li>\n<p>\u00ab\u00a0Quand quelqu\u2019un m\u2019a aid\u00e9, ai-je ressenti un sentiment de gratitude aujourd\u2019hui\u00a0?\u00a0\u00bb <\/p>\n<\/li>\n<li>\n<p>\u00ab\u00a0Ai-je remarqu\u00e9 trois personnes ou choses que je me sens chanceuse d&rsquo;avoir dans ma vie aujourd&rsquo;hui\u00a0?\u00a0\u00bb<\/p>\n<\/li>\n<\/ul>\n<h3>Les nourrissons<\/h3>\n<p>Donnez l\u2019exemple. Votre petit b\u00e9b\u00e9 ne comprendra pas vraiment la gratitude, mais il n&rsquo;est pas trop t\u00f4t pour commencer le mannequinat. Pressman recommande de nommer trois choses sur votre b\u00e9b\u00e9 qui vous ravissent.<\/p>\n<h3>Les tout-petits<\/h3>\n<p>Faites une marche de gratitude.<strong> <\/strong>Racontez ce que vous appr\u00e9ciez pour votre enfant\u00a0: \u00ab\u00a0Je suis si heureuse que cette fleur s&rsquo;\u00e9panouisse\u00a0\u00bb ou \u00ab\u00a0Le soleil est si agr\u00e9able aujourd&rsquo;hui\u00a0\u00bb. Si votre tout-petit montre qu&rsquo;il est ravi par quelque chose, a \u00e9crit Pressman, exprimez ce que vous ressentez pour lui\u00a0: \u00ab\u00a0Vous \u00eates reconnaissant pour cette flaque d&rsquo;eau amusante.\u00a0\u00bb<\/p>\n<h3>Enfants d&rsquo;\u00e2ge pr\u00e9scolaire<\/h3>\n<p>Jouez \u00e0 \u00ab rose, bourgeon, \u00e9pine \u00bb. Essayez cette activit\u00e9 \u00e0 l\u2019heure du d\u00eener ou \u00e0 un autre moment o\u00f9 votre famille se r\u00e9unit la plupart du temps.<\/p>\n<p>\u00ab\u00a0Dans cet exercice, chaque membre de la famille partage une chose pour laquelle il est reconnaissant et qui s&rsquo;est produite ce jour-l\u00e0 (c&rsquo;est la rose), une chose qu&rsquo;il n&rsquo;a pas tellement aim\u00e9 (c&rsquo;est l&rsquo;\u00e9pine) et une chose qu&rsquo;il attend avec impatience. (c&rsquo;est le bourgeon) \u00bb, a \u00e9crit Pressman. \u00ab L&rsquo;un des parents avec qui je travaille aime ajouter une plume, quelque chose qui les fait rire. Cette pratique peut aider les enfants et les adultes \u00e0 rechercher les bonnes choses sans nier que, bien s\u00fbr, il y aura aussi des \u00e9pines dans la vie. Nous avons le droit d&rsquo;\u00eatre reconnaissants m\u00eame si nous ressentons toute la gamme d&rsquo;\u00e9motions que les humains ressentent.<\/p>\n<h3>\u00c2ge de l&rsquo;\u00e9cole primaire<\/h3>\n<p>Cr\u00e9ez un journal de gratitude familiale. Demandez \u00e0 chaque membre de la famille d\u2019\u00e9crire quelque chose pour lequel il est reconnaissant dans le journal familial partag\u00e9 une \u00e0 trois fois par semaine. <\/p>\n<p>Vous pouvez \u00e9galement mettre en place un pot d&rsquo;allocation pour chaque enfant. Si vos enfants re\u00e7oivent une allocation, demandez-leur de diviser leur argent entre donner, \u00e9pargner ou d\u00e9penser.<\/p>\n<p>\u00ab\u00a0Donner renforce le sentiment de gratitude du donateur, ainsi que celui du receveur\u00a0\u00bb, a \u00e9crit Pressman.<\/p>\n<h3>Adolescents<\/h3>\n<p>Redonnez avec le service.<strong> <\/strong>Continuez les activit\u00e9s \u00e9num\u00e9r\u00e9es ci-dessus pour int\u00e9grer r\u00e9guli\u00e8rement la gratitude aux interactions familiales, mais encouragez \u00e9galement les pr\u00e9adolescents et les adolescents \u00e0 choisir un projet de service communautaire auquel donner de leur temps.<\/p>\n<h2 id=\"how-to-react-when-kids-seem-ungrateful\">Comment r\u00e9agir lorsque les enfants semblent ingrats<\/h2>\n<p>En tant que soignant aupr\u00e8s de jeunes enfants, vous <em>donner, donner, donner<\/em> tant de choses : opportunit\u00e9s, exp\u00e9riences, objets, nourriture, abri, affection, temps, \u00e9nergie. Parfois, il peut \u00eatre difficile de ne pas s\u2019effondrer lorsqu\u2019ils ignorent vos efforts ou en demandent encore plus.<\/p>\n<p>Ne vous inqui\u00e9tez pas\u00a0: Pressman dit qu&rsquo;il n&rsquo;est pas appropri\u00e9, sur le plan du d\u00e9veloppement, que les enfants reconnaissent chaque chose pr\u00e9cieuse et en expriment leur gratitude. <\/p>\n<p>Par exemple, les pr\u00e9adolescents vivent dans l\u2019instant pr\u00e9sent et ne pensent peut-\u00eatre pas aux efforts n\u00e9cessaires \u00e0 une exp\u00e9rience ou aux avantages qu\u2019ils en retireront \u00e0 l\u2019avenir. Pour les aider \u00e0 comprendre ce que vous ressentez, dites quelque chose comme ceci : \u00ab Voici d&rsquo;o\u00f9 je viens : j&rsquo;ai planifi\u00e9 ce voyage\/f\u00eate\/journ\u00e9e\/repas. Ce n&rsquo;\u00e9tait pas facile. C&rsquo;est tr\u00e8s sp\u00e9cial pour moi. Je comprends pourquoi vous ne l&rsquo;appr\u00e9ciez pas autant que moi, mais je vous demande de ramener votre attention sur l\u00e0 o\u00f9 nous en sommes.<\/p>\n<p>\u00ab\u00a0Inculquer de la gratitude, comme c&rsquo;est souvent le cas dans le r\u00f4le parental, consiste \u00e0 jouer un jeu \u00e0 long terme\u00a0\u00bb, a \u00e9crit Pressman.<\/p>\n<p>Exprimer sa gratitude commence par dire \u00ab merci \u00bb, m\u00eame si les enfants ne comprennent pas vraiment pourquoi les adultes appr\u00e9cient cette expression.<\/p>\n<p>\u00ab\u00a0Les tout-petits commencent g\u00e9n\u00e9ralement \u00e0 dire &lsquo;merci&rsquo; vers l&rsquo;\u00e2ge de deux ans, mais ces premi\u00e8res expressions verbales concernent davantage les bonnes mani\u00e8res et la fa\u00e7on dont les enfants apprennent \u00e0 rendre les adultes heureux dans leur vie\u00a0\u00bb, a \u00e9crit Pressman. \u00ab\u00a0Il n&rsquo;y a rien de mal avec les bonnes mani\u00e8res &#8211; je suis un grand fan des bonnes mani\u00e8res ! &#8211; mais ce sentiment de gratitude plus profond que les psychologues associent \u00e0 tout, depuis une meilleure sant\u00e9 et un meilleur bonheur, de meilleures notes et un niveau de stress moindre \u00e0 l&rsquo;universit\u00e9, semble \u00e9merger lorsque les enfants ont environ 7 ans. La gratitude reste un travail en cours tout au long de l\u2019enfance et de l\u2019adolescence.<\/p>\n","protected":false},"excerpt":{"rendered":"<p>Ces activit\u00e9s familiales peuvent encourager la gratitude chez vos enfants, de la petite enfance \u00e0 l&rsquo;\u00e2ge adulte. Qui ne veut pas d\u2019enfants qui reconnaissent toutes<\/p>\n","protected":false},"author":1,"featured_media":660,"comment_status":"","ping_status":"","sticky":false,"template":"","format":"standard","meta":{"footnotes":""},"categories":[37],"tags":[751,289,324,1064,461,1063,676,81],"class_list":["post-659","post","type-post","status-publish","format-standard","has-post-thumbnail","hentry","category-famille","tag-age","tag-aux","tag-enfants","tag-gratitude","tag-guide","tag-inculquer","tag-par","tag-pour","generate-columns","tablet-grid-50","mobile-grid-100","grid-parent","grid-33"],"yoast_head":"<!-- This site is optimized with the Yoast SEO plugin v24.0 - https:\/\/yoast.com\/wordpress\/plugins\/seo\/ -->\n<title>Un guide \u00e2ge par \u00e2ge pour inculquer la gratitude aux enfants | Vie Associative<\/title>\n<meta name=\"robots\" content=\"index, follow, max-snippet:-1, max-image-preview:large, max-video-preview:-1\" \/>\n<link rel=\"canonical\" href=\"https:\/\/vieassociative.be\/actualites\/un-guide-age-par-age-pour-inculquer-la-gratitude-aux-enfants\/\" \/>\n<meta property=\"og:locale\" content=\"fr_FR\" \/>\n<meta property=\"og:type\" content=\"article\" \/>\n<meta property=\"og:title\" content=\"Un guide \u00e2ge par \u00e2ge pour inculquer la gratitude aux enfants | Vie Associative\" \/>\n<meta property=\"og:description\" content=\"Ces activit\u00e9s familiales peuvent encourager la gratitude chez vos enfants, de la petite enfance \u00e0 l&rsquo;\u00e2ge adulte. Qui ne veut pas d\u2019enfants qui reconnaissent toutes\" \/>\n<meta property=\"og:url\" content=\"https:\/\/vieassociative.be\/actualites\/un-guide-age-par-age-pour-inculquer-la-gratitude-aux-enfants\/\" \/>\n<meta property=\"og:site_name\" content=\"Vie Associative\" \/>\n<meta property=\"article:published_time\" content=\"2024-09-29T17:37:18+00:00\" \/>\n<meta property=\"og:image\" content=\"https:\/\/vieassociative.be\/actualites\/wp-content\/uploads\/2024\/09\/header_backgroundk-01-e1726694325946.png\" \/>\n\t<meta property=\"og:image:width\" content=\"279\" \/>\n\t<meta property=\"og:image:height\" content=\"92\" \/>\n\t<meta property=\"og:image:type\" content=\"image\/png\" \/>\n<meta name=\"author\" content=\"Julien\" \/>\n<meta name=\"twitter:card\" content=\"summary_large_image\" \/>\n<meta name=\"twitter:label1\" content=\"\u00c9crit par\" \/>\n\t<meta name=\"twitter:data1\" content=\"Julien\" \/>\n\t<meta name=\"twitter:label2\" content=\"Dur\u00e9e de lecture est.\" \/>\n\t<meta name=\"twitter:data2\" content=\"5 minutes\" \/>\n<script type=\"application\/ld+json\" class=\"yoast-schema-graph\">{\"@context\":\"https:\/\/schema.org\",\"@graph\":[{\"@type\":\"Article\",\"@id\":\"https:\/\/vieassociative.be\/actualites\/un-guide-age-par-age-pour-inculquer-la-gratitude-aux-enfants\/#article\",\"isPartOf\":{\"@id\":\"https:\/\/vieassociative.be\/actualites\/un-guide-age-par-age-pour-inculquer-la-gratitude-aux-enfants\/\"},\"author\":{\"name\":\"Julien\",\"@id\":\"https:\/\/vieassociative.be\/actualites\/#\/schema\/person\/b87ac4f82f9d4e7b7cec7395b679edc4\"},\"headline\":\"Un guide \u00e2ge par \u00e2ge pour inculquer la gratitude aux enfants\",\"datePublished\":\"2024-09-29T17:37:18+00:00\",\"dateModified\":\"2024-09-29T17:37:18+00:00\",\"mainEntityOfPage\":{\"@id\":\"https:\/\/vieassociative.be\/actualites\/un-guide-age-par-age-pour-inculquer-la-gratitude-aux-enfants\/\"},\"wordCount\":1054,\"publisher\":{\"@id\":\"https:\/\/vieassociative.be\/actualites\/#organization\"},\"image\":{\"@id\":\"https:\/\/vieassociative.be\/actualites\/un-guide-age-par-age-pour-inculquer-la-gratitude-aux-enfants\/#primaryimage\"},\"thumbnailUrl\":\"https:\/\/vieassociative.be\/actualites\/wp-content\/uploads\/2024\/09\/Un-guide-age-par-age-pour-inculquer-la-gratitude-aux.png\",\"keywords\":[\"\u00e2ge\",\"aux\",\"enfants\",\"gratitude\",\"Guide\",\"inculquer\",\"par\",\"pour\"],\"articleSection\":[\"Famille\"],\"inLanguage\":\"fr-BE\"},{\"@type\":\"WebPage\",\"@id\":\"https:\/\/vieassociative.be\/actualites\/un-guide-age-par-age-pour-inculquer-la-gratitude-aux-enfants\/\",\"url\":\"https:\/\/vieassociative.be\/actualites\/un-guide-age-par-age-pour-inculquer-la-gratitude-aux-enfants\/\",\"name\":\"Un guide \u00e2ge par \u00e2ge pour inculquer la gratitude aux enfants | Vie Associative\",\"isPartOf\":{\"@id\":\"https:\/\/vieassociative.be\/actualites\/#website\"},\"primaryImageOfPage\":{\"@id\":\"https:\/\/vieassociative.be\/actualites\/un-guide-age-par-age-pour-inculquer-la-gratitude-aux-enfants\/#primaryimage\"},\"image\":{\"@id\":\"https:\/\/vieassociative.be\/actualites\/un-guide-age-par-age-pour-inculquer-la-gratitude-aux-enfants\/#primaryimage\"},\"thumbnailUrl\":\"https:\/\/vieassociative.be\/actualites\/wp-content\/uploads\/2024\/09\/Un-guide-age-par-age-pour-inculquer-la-gratitude-aux.png\",\"datePublished\":\"2024-09-29T17:37:18+00:00\",\"dateModified\":\"2024-09-29T17:37:18+00:00\",\"breadcrumb\":{\"@id\":\"https:\/\/vieassociative.be\/actualites\/un-guide-age-par-age-pour-inculquer-la-gratitude-aux-enfants\/#breadcrumb\"},\"inLanguage\":\"fr-BE\",\"potentialAction\":[{\"@type\":\"ReadAction\",\"target\":[\"https:\/\/vieassociative.be\/actualites\/un-guide-age-par-age-pour-inculquer-la-gratitude-aux-enfants\/\"]}]},{\"@type\":\"ImageObject\",\"inLanguage\":\"fr-BE\",\"@id\":\"https:\/\/vieassociative.be\/actualites\/un-guide-age-par-age-pour-inculquer-la-gratitude-aux-enfants\/#primaryimage\",\"url\":\"https:\/\/vieassociative.be\/actualites\/wp-content\/uploads\/2024\/09\/Un-guide-age-par-age-pour-inculquer-la-gratitude-aux.png\",\"contentUrl\":\"https:\/\/vieassociative.be\/actualites\/wp-content\/uploads\/2024\/09\/Un-guide-age-par-age-pour-inculquer-la-gratitude-aux.png\",\"width\":1200,\"height\":675,\"caption\":\"Un guide \u00e2ge par \u00e2ge pour inculquer la gratitude aux enfants\"},{\"@type\":\"BreadcrumbList\",\"@id\":\"https:\/\/vieassociative.be\/actualites\/un-guide-age-par-age-pour-inculquer-la-gratitude-aux-enfants\/#breadcrumb\",\"itemListElement\":[{\"@type\":\"ListItem\",\"position\":1,\"name\":\"Accueil\",\"item\":\"https:\/\/vieassociative.be\/actualites\/\"},{\"@type\":\"ListItem\",\"position\":2,\"name\":\"Un guide \u00e2ge par \u00e2ge pour inculquer la gratitude aux enfants\"}]},{\"@type\":\"WebSite\",\"@id\":\"https:\/\/vieassociative.be\/actualites\/#website\",\"url\":\"https:\/\/vieassociative.be\/actualites\/\",\"name\":\"Vie Associative\",\"description\":\"\",\"publisher\":{\"@id\":\"https:\/\/vieassociative.be\/actualites\/#organization\"},\"potentialAction\":[{\"@type\":\"SearchAction\",\"target\":{\"@type\":\"EntryPoint\",\"urlTemplate\":\"https:\/\/vieassociative.be\/actualites\/?s={search_term_string}\"},\"query-input\":{\"@type\":\"PropertyValueSpecification\",\"valueRequired\":true,\"valueName\":\"search_term_string\"}}],\"inLanguage\":\"fr-BE\"},{\"@type\":\"Organization\",\"@id\":\"https:\/\/vieassociative.be\/actualites\/#organization\",\"name\":\"Vie Associative\",\"url\":\"https:\/\/vieassociative.be\/actualites\/\",\"logo\":{\"@type\":\"ImageObject\",\"inLanguage\":\"fr-BE\",\"@id\":\"https:\/\/vieassociative.be\/actualites\/#\/schema\/logo\/image\/\",\"url\":\"https:\/\/vieassociative.be\/actualites\/wp-content\/uploads\/2024\/09\/cropped-vieassociative_favicon.ico.png\",\"contentUrl\":\"https:\/\/vieassociative.be\/actualites\/wp-content\/uploads\/2024\/09\/cropped-vieassociative_favicon.ico.png\",\"width\":512,\"height\":512,\"caption\":\"Vie Associative\"},\"image\":{\"@id\":\"https:\/\/vieassociative.be\/actualites\/#\/schema\/logo\/image\/\"}},{\"@type\":\"Person\",\"@id\":\"https:\/\/vieassociative.be\/actualites\/#\/schema\/person\/b87ac4f82f9d4e7b7cec7395b679edc4\",\"name\":\"Julien\",\"image\":{\"@type\":\"ImageObject\",\"inLanguage\":\"fr-BE\",\"@id\":\"https:\/\/vieassociative.be\/actualites\/#\/schema\/person\/image\/\",\"url\":\"https:\/\/vieassociative.be\/actualites\/wp-content\/uploads\/2024\/09\/vie-associative-1-150x150.jpg\",\"contentUrl\":\"https:\/\/vieassociative.be\/actualites\/wp-content\/uploads\/2024\/09\/vie-associative-1-150x150.jpg\",\"caption\":\"Julien\"},\"description\":\"Je suis Julien, r\u00e9dacteur pour Vie Associative. Passionn\u00e9 par le monde associatif depuis plus de 10 ans, j'ai \u00e0 c\u0153ur de partager des histoires inspirantes et de mettre en lumi\u00e8re les initiatives locales. Mon objectif est de sensibiliser et d'encourager l'engagement communautaire \u00e0 travers mes articles.\",\"sameAs\":[\"https:\/\/vieassociative.be\/\"]}]}<\/script>\n<!-- \/ Yoast SEO plugin. -->","yoast_head_json":{"title":"Un guide \u00e2ge par \u00e2ge pour inculquer la gratitude aux enfants | Vie Associative","robots":{"index":"index","follow":"follow","max-snippet":"max-snippet:-1","max-image-preview":"max-image-preview:large","max-video-preview":"max-video-preview:-1"},"canonical":"https:\/\/vieassociative.be\/actualites\/un-guide-age-par-age-pour-inculquer-la-gratitude-aux-enfants\/","og_locale":"fr_FR","og_type":"article","og_title":"Un guide \u00e2ge par \u00e2ge pour inculquer la gratitude aux enfants | Vie Associative","og_description":"Ces activit\u00e9s familiales peuvent encourager la gratitude chez vos enfants, de la petite enfance \u00e0 l&rsquo;\u00e2ge adulte. Qui ne veut pas d\u2019enfants qui reconnaissent toutes","og_url":"https:\/\/vieassociative.be\/actualites\/un-guide-age-par-age-pour-inculquer-la-gratitude-aux-enfants\/","og_site_name":"Vie Associative","article_published_time":"2024-09-29T17:37:18+00:00","og_image":[{"width":279,"height":92,"url":"https:\/\/vieassociative.be\/actualites\/wp-content\/uploads\/2024\/09\/header_backgroundk-01-e1726694325946.png","type":"image\/png"}],"author":"Julien","twitter_card":"summary_large_image","twitter_misc":{"\u00c9crit par":"Julien","Dur\u00e9e de lecture est.":"5 minutes"},"schema":{"@context":"https:\/\/schema.org","@graph":[{"@type":"Article","@id":"https:\/\/vieassociative.be\/actualites\/un-guide-age-par-age-pour-inculquer-la-gratitude-aux-enfants\/#article","isPartOf":{"@id":"https:\/\/vieassociative.be\/actualites\/un-guide-age-par-age-pour-inculquer-la-gratitude-aux-enfants\/"},"author":{"name":"Julien","@id":"https:\/\/vieassociative.be\/actualites\/#\/schema\/person\/b87ac4f82f9d4e7b7cec7395b679edc4"},"headline":"Un guide \u00e2ge par \u00e2ge pour inculquer la gratitude aux enfants","datePublished":"2024-09-29T17:37:18+00:00","dateModified":"2024-09-29T17:37:18+00:00","mainEntityOfPage":{"@id":"https:\/\/vieassociative.be\/actualites\/un-guide-age-par-age-pour-inculquer-la-gratitude-aux-enfants\/"},"wordCount":1054,"publisher":{"@id":"https:\/\/vieassociative.be\/actualites\/#organization"},"image":{"@id":"https:\/\/vieassociative.be\/actualites\/un-guide-age-par-age-pour-inculquer-la-gratitude-aux-enfants\/#primaryimage"},"thumbnailUrl":"https:\/\/vieassociative.be\/actualites\/wp-content\/uploads\/2024\/09\/Un-guide-age-par-age-pour-inculquer-la-gratitude-aux.png","keywords":["\u00e2ge","aux","enfants","gratitude","Guide","inculquer","par","pour"],"articleSection":["Famille"],"inLanguage":"fr-BE"},{"@type":"WebPage","@id":"https:\/\/vieassociative.be\/actualites\/un-guide-age-par-age-pour-inculquer-la-gratitude-aux-enfants\/","url":"https:\/\/vieassociative.be\/actualites\/un-guide-age-par-age-pour-inculquer-la-gratitude-aux-enfants\/","name":"Un guide \u00e2ge par \u00e2ge pour inculquer la gratitude aux enfants | Vie Associative","isPartOf":{"@id":"https:\/\/vieassociative.be\/actualites\/#website"},"primaryImageOfPage":{"@id":"https:\/\/vieassociative.be\/actualites\/un-guide-age-par-age-pour-inculquer-la-gratitude-aux-enfants\/#primaryimage"},"image":{"@id":"https:\/\/vieassociative.be\/actualites\/un-guide-age-par-age-pour-inculquer-la-gratitude-aux-enfants\/#primaryimage"},"thumbnailUrl":"https:\/\/vieassociative.be\/actualites\/wp-content\/uploads\/2024\/09\/Un-guide-age-par-age-pour-inculquer-la-gratitude-aux.png","datePublished":"2024-09-29T17:37:18+00:00","dateModified":"2024-09-29T17:37:18+00:00","breadcrumb":{"@id":"https:\/\/vieassociative.be\/actualites\/un-guide-age-par-age-pour-inculquer-la-gratitude-aux-enfants\/#breadcrumb"},"inLanguage":"fr-BE","potentialAction":[{"@type":"ReadAction","target":["https:\/\/vieassociative.be\/actualites\/un-guide-age-par-age-pour-inculquer-la-gratitude-aux-enfants\/"]}]},{"@type":"ImageObject","inLanguage":"fr-BE","@id":"https:\/\/vieassociative.be\/actualites\/un-guide-age-par-age-pour-inculquer-la-gratitude-aux-enfants\/#primaryimage","url":"https:\/\/vieassociative.be\/actualites\/wp-content\/uploads\/2024\/09\/Un-guide-age-par-age-pour-inculquer-la-gratitude-aux.png","contentUrl":"https:\/\/vieassociative.be\/actualites\/wp-content\/uploads\/2024\/09\/Un-guide-age-par-age-pour-inculquer-la-gratitude-aux.png","width":1200,"height":675,"caption":"Un guide \u00e2ge par \u00e2ge pour inculquer la gratitude aux enfants"},{"@type":"BreadcrumbList","@id":"https:\/\/vieassociative.be\/actualites\/un-guide-age-par-age-pour-inculquer-la-gratitude-aux-enfants\/#breadcrumb","itemListElement":[{"@type":"ListItem","position":1,"name":"Accueil","item":"https:\/\/vieassociative.be\/actualites\/"},{"@type":"ListItem","position":2,"name":"Un guide \u00e2ge par \u00e2ge pour inculquer la gratitude aux enfants"}]},{"@type":"WebSite","@id":"https:\/\/vieassociative.be\/actualites\/#website","url":"https:\/\/vieassociative.be\/actualites\/","name":"Vie Associative","description":"","publisher":{"@id":"https:\/\/vieassociative.be\/actualites\/#organization"},"potentialAction":[{"@type":"SearchAction","target":{"@type":"EntryPoint","urlTemplate":"https:\/\/vieassociative.be\/actualites\/?s={search_term_string}"},"query-input":{"@type":"PropertyValueSpecification","valueRequired":true,"valueName":"search_term_string"}}],"inLanguage":"fr-BE"},{"@type":"Organization","@id":"https:\/\/vieassociative.be\/actualites\/#organization","name":"Vie Associative","url":"https:\/\/vieassociative.be\/actualites\/","logo":{"@type":"ImageObject","inLanguage":"fr-BE","@id":"https:\/\/vieassociative.be\/actualites\/#\/schema\/logo\/image\/","url":"https:\/\/vieassociative.be\/actualites\/wp-content\/uploads\/2024\/09\/cropped-vieassociative_favicon.ico.png","contentUrl":"https:\/\/vieassociative.be\/actualites\/wp-content\/uploads\/2024\/09\/cropped-vieassociative_favicon.ico.png","width":512,"height":512,"caption":"Vie Associative"},"image":{"@id":"https:\/\/vieassociative.be\/actualites\/#\/schema\/logo\/image\/"}},{"@type":"Person","@id":"https:\/\/vieassociative.be\/actualites\/#\/schema\/person\/b87ac4f82f9d4e7b7cec7395b679edc4","name":"Julien","image":{"@type":"ImageObject","inLanguage":"fr-BE","@id":"https:\/\/vieassociative.be\/actualites\/#\/schema\/person\/image\/","url":"https:\/\/vieassociative.be\/actualites\/wp-content\/uploads\/2024\/09\/vie-associative-1-150x150.jpg","contentUrl":"https:\/\/vieassociative.be\/actualites\/wp-content\/uploads\/2024\/09\/vie-associative-1-150x150.jpg","caption":"Julien"},"description":"Je suis Julien, r\u00e9dacteur pour Vie Associative. Passionn\u00e9 par le monde associatif depuis plus de 10 ans, j'ai \u00e0 c\u0153ur de partager des histoires inspirantes et de mettre en lumi\u00e8re les initiatives locales. Mon objectif est de sensibiliser et d'encourager l'engagement communautaire \u00e0 travers mes articles.","sameAs":["https:\/\/vieassociative.be\/"]}]}},"_links":{"self":[{"href":"https:\/\/vieassociative.be\/actualites\/wp-json\/wp\/v2\/posts\/659"}],"collection":[{"href":"https:\/\/vieassociative.be\/actualites\/wp-json\/wp\/v2\/posts"}],"about":[{"href":"https:\/\/vieassociative.be\/actualites\/wp-json\/wp\/v2\/types\/post"}],"author":[{"embeddable":true,"href":"https:\/\/vieassociative.be\/actualites\/wp-json\/wp\/v2\/users\/1"}],"replies":[{"embeddable":true,"href":"https:\/\/vieassociative.be\/actualites\/wp-json\/wp\/v2\/comments?post=659"}],"version-history":[{"count":0,"href":"https:\/\/vieassociative.be\/actualites\/wp-json\/wp\/v2\/posts\/659\/revisions"}],"wp:featuredmedia":[{"embeddable":true,"href":"https:\/\/vieassociative.be\/actualites\/wp-json\/wp\/v2\/media\/660"}],"wp:attachment":[{"href":"https:\/\/vieassociative.be\/actualites\/wp-json\/wp\/v2\/media?parent=659"}],"wp:term":[{"taxonomy":"category","embeddable":true,"href":"https:\/\/vieassociative.be\/actualites\/wp-json\/wp\/v2\/categories?post=659"},{"taxonomy":"post_tag","embeddable":true,"href":"https:\/\/vieassociative.be\/actualites\/wp-json\/wp\/v2\/tags?post=659"}],"curies":[{"name":"wp","href":"https:\/\/api.w.org\/{rel}","templated":true}]}}