{"id":6573,"date":"2025-04-09T19:21:07","date_gmt":"2025-04-09T17:21:07","guid":{"rendered":"https:\/\/vieassociative.be\/actualites\/ce-televiseur-oled-samsung-55-pouces-est-a-son-prix-le-plus-bas-en-ce-moment\/"},"modified":"2025-04-09T19:21:07","modified_gmt":"2025-04-09T17:21:07","slug":"ce-televiseur-oled-samsung-55-pouces-est-a-son-prix-le-plus-bas-en-ce-moment","status":"publish","type":"post","link":"https:\/\/vieassociative.be\/actualites\/ce-televiseur-oled-samsung-55-pouces-est-a-son-prix-le-plus-bas-en-ce-moment\/","title":{"rendered":"Ce t\u00e9l\u00e9viseur Oled Samsung 55 pouces est \u00e0 son prix le plus bas en ce moment"},"content":{"rendered":"<div class=\"mt-4 leading-6 md:mb-8\">Pour les personnes qui diffusent souvent et veulent de meilleurs visuels sans faire des folies sur les mod\u00e8les phares.<\/div>\n<p><\/p>\n<p>Si vous avez gard\u00e9 l&rsquo;achat d&rsquo;un t\u00e9l\u00e9viseur OLED, cette affaire Samsung S90D sur Woot pourrait attirer votre attention. Il s&rsquo;agit du mod\u00e8le 2024 de 55 pouces, actuellement au prix de 1 147,99 $ (pour trois jours ou jusqu&rsquo;\u00e0 ce qu&rsquo;il se vend), ce qui repr\u00e9sente environ 650 $ de r\u00e9duction sur son prix de liste et environ 50 $ moins cher qu&rsquo;Amazon en ce moment &#8211; une r\u00e9duction solide, d&rsquo;autant plus que vous obtenez la garantie Samsung compl\u00e8te d&rsquo;un an, plus la livraison gratuite si vous \u00eates un membre primitif. Il s&rsquo;agit \u00e9galement de son prix le plus bas, selon les d\u00e9put\u00e9s de prix. Gardez \u00e0 l&rsquo;esprit que Woot est exp\u00e9di\u00e9 uniquement dans les 48 \u00c9tats inf\u00e9rieurs, et si vous n&rsquo;\u00eates pas membre de premier ordre, il y a des frais d&rsquo;exp\u00e9dition de 6 $.<\/p>\n<div class=\"pogoClear mb-12 mt-10 rounded-md border-2 border-gray-100 py-7 shadow-xl md:py-6\">\n<div class=\"flex flex-wrap justify-between px-7 text-black no-underline md:flex-nowrap md:px-8\">\n<div class=\"order-1 mx-auto flex flex-col justify-center md:order-2 md:ml-4 md:w-full md:grow\">\n<div class=\"block cursor-pointer text-center font-akshar text-2xl font-medium leading-7 text-brand-green duration-200 ease-in-out hover:text-brand-green-700 md:text-left md:text-xl md:leading-6\">Samsung S90D TV OLED 55 pouces\n                <\/div>\n<div class=\"mt-4 hidden md:flex md:justify-between\">\n<div class=\"self-end\">\n<div class=\"mb-0 h-11 md:flex md:flex-col md:justify-center\">\n<div class=\" font-sans leading-4 text-black\">\n<div class=\"flex flex-wrap items-center justify-center gap-x-1 md:justify-start\">\n        <span class=\"font-bold\"><\/p>\n<p>            1 147,99 $<br \/>\n                    <\/span>\n            <\/div>\n<div class=\"flex items-center justify-center gap-x-1 font-bold md:justify-start\">\n            <span class=\"text-sm line-through\">1 797,99 $<\/span><br \/>\n            <span class=\"text-sm text-brand-green\">\u00c9conomisez 650,00 $<\/span>\n        <\/div>\n<\/p><\/div>\n<\/p><\/div>\n<\/p><\/div>\n<div class=\"w-44 self-end\">\n                            <button class=\"flex justify-center items-center w-full bg-brand-green text-white text-base font-sans font-medium rounded-md hover:bg-brand-green-700 hover:cursor-pointer md:text-sm h-11\"><\/p>\n<p>    Conclure un accord<br \/>\n<\/button>\n                        <\/div>\n<\/p><\/div>\n<\/p><\/div>\n<div class=\"order-2 mt-5 h-auto w-full md:order-1 md:mt-0 md:hidden\">\n<div class=\"flex aspect-video items-center justify-center\">\n                                            <img decoding=\"async\" class=\"m-0 max-h-full max-w-full rounded-md\" src=\"https:\/\/vieassociative.be\/actualites\/wp-content\/uploads\/2025\/04\/Ce-televiseur-Oled-Samsung-55-pouces-est-a-son-prix.jpg\" alt=\"Samsung S90D TV OLED 55 pouces\" width=\"auto\" height=\"auto\" loading=\"lazy\">\n                                    <\/div>\n<\/p><\/div>\n<div class=\"order-2 ml-2 hidden w-32 shrink-0 items-center md:order-1 md:ml-0 md:flex\">\n<div class=\"flex aspect-video items-center justify-center\">\n                                            <img decoding=\"async\" class=\"m-0 max-h-full max-w-full rounded-md\" src=\"https:\/\/vieassociative.be\/actualites\/wp-content\/uploads\/2025\/04\/Ce-televiseur-Oled-Samsung-55-pouces-est-a-son-prix.jpg\" alt=\"Samsung S90D TV OLED 55 pouces\" width=\"auto\" height=\"auto\" loading=\"lazy\">\n                                    <\/div>\n<\/p><\/div>\n<div class=\"order-3 flex grow flex-wrap md:hidden md:grow-0\">\n<div class=\"mt-4 w-full\">\n                        <button class=\"flex justify-center items-center w-full bg-brand-green text-white text-base font-sans font-medium rounded-md hover:bg-brand-green-700 hover:cursor-pointer md:text-sm h-11\"><\/p>\n<p>    Conclure un accord<br \/>\n<\/button>\n                    <\/div>\n<div class=\"mx-2 mt-4 w-full\">\n<div class=\" font-sans leading-4 text-black\">\n<div class=\"flex flex-wrap items-center justify-center gap-x-1 md:justify-start\">\n        <span class=\"font-bold\"><\/p>\n<p>            1 147,99 $<br \/>\n                    <\/span>\n            <\/div>\n<div class=\"flex items-center justify-center gap-x-1 font-bold md:justify-start\">\n            <span class=\"text-sm line-through\">1 797,99 $<\/span><br \/>\n            <span class=\"text-sm text-brand-green\">\u00c9conomisez 650,00 $<\/span>\n        <\/div>\n<\/p><\/div>\n<\/p><\/div>\n<\/p><\/div>\n<\/p><\/div>\n<\/div>\n<p>Ce mod\u00e8le S90D utilise un panneau Woled (essentiellement la prise l\u00e9g\u00e8rement plus abordable de Samsung sur OLED), ce qui signifie qu&rsquo;il ne atteint pas les m\u00eames niveaux de luminosit\u00e9 que l&rsquo;OLED le plus cher de Samsung, le S95D. La principale chose qui vous manque ici est le rev\u00eatement sans \u00e9clat de fantaisie, donc les r\u00e9flexions peuvent \u00eatre un probl\u00e8me dans les chambres ensoleill\u00e9es. Mais pour la plupart des configurations &#8211; en particulier des espaces de gradation ou du streaming nocturne &#8211; vous obtiendrez toujours ce riche contraste et la pr\u00e9cision des couleurs que les OLED sont connues. Les critiques de CNET ont mentionn\u00e9 qu&rsquo;il g\u00e8re tr\u00e8s bien les sc\u00e8nes plus sombres, et elle est valid\u00e9e par pantone, ce qui signifie que les tons de peau et les couleurs devraient \u00eatre plus naturels. Il fonctionne sur Tizen OS de Samsung, qui a une interface propre et fonctionne avec toutes les principales applications.<\/p>\n<div class=\"pogoClear relative my-10 border-b-(1.5px) border-t-(1.5px) border-dashed border-black py-5 sm:my-14 sm:border-0 sm:py-0\" x-cloak x-data=\"{ commentsCount: null }\" x-init=\"commentsCount = await window.openweb.getMessagesCount(01JRA59JJ6M1K2XM4XSATKWFBJ)\" x-show=\"commentsCount !== null &amp;&amp; commentsCount &gt; 0\">\n<div class=\"absolute top-1\/2 hidden w-full -translate-y-1\/2 border-t-(1.5px) border-dashed border-black sm:block\"><\/div>\n<div class=\"relative flex justify-center\">\n<div class=\"flex max-w-max items-center gap-x-3 bg-white px-5\">\n<div class=\"relative\">\n                <span class=\"absolute left-1\/2 top-1\/2 -translate-x-1\/2 -translate-y-1\/2 font-akshar text-sm font-medium text-black\" x-text=\"commentsCount\"><\/span><\/p>\n<p>                <svg class=\"h-8 w-8 text-black\">\n                    <use href=\"http:\/\/lifehacker.com\/images\/icons\/spritemap.svg#sprite-chat-bubble\"><\/use>\n                <\/svg>\n            <\/div>\n<p>            <span class=\"text-sm font-medium text-black\">Que pensez-vous jusqu&rsquo;\u00e0 pr\u00e9sent? <button class=\"font-semibold text-brand-green underline hover:text-brand-green-700\" onclick=\"window.openweb.scrollToComments(01JRA59JJ6M1K2XM4XSATKWFBJ)\">Publier un commentaire.<\/button><\/span>\n        <\/div>\n<\/p><\/div>\n<\/div>\n<p>Vous obtenez \u00e9galement une augmentation de l&rsquo;IA 4K qui peut nettoyer le contenu plus ancien (bien que les r\u00e9sultats d\u00e9pendent g\u00e9n\u00e9ralement de la source), et un taux de rafra\u00eechissement de 120 Hz avec quatre ports HDMI, y compris au moins un avec HDMI 2.1, donc les propri\u00e9taires de consoles de nouvelle g\u00e9n\u00e9ration sont couverts &#8211; cette bonne nouvelle si vous avez une s\u00e9rie PS5 ou Xbox Series X et souhaiter un faible retard d&rsquo;entr\u00e9e avec un mouvement en douceur. Cela dit, le centre de jeu int\u00e9gr\u00e9 est plus une fonctionnalit\u00e9 de niche &#8211; vous pouvez diffuser des jeux sans console, mais vous aurez toujours besoin d&rsquo;une bonne connexion Internet et d&rsquo;un contr\u00f4leur compatible. L&rsquo;audio obtient un peu de lifting avec Dolby Atmos et la technologie audio virtuelle de Samsung qui suit le mouvement \u00e0 l&rsquo;\u00e9cran, mais c&rsquo;est toujours un t\u00e9l\u00e9viseur &#8211; si vous vous souciez du son, vous aurez toujours besoin d&rsquo;une barre de son ou d&rsquo;un syst\u00e8me distinct pour en tirer le meilleur parti.<\/p>\n","protected":false},"excerpt":{"rendered":"<p>Pour les personnes qui diffusent souvent et veulent de meilleurs visuels sans faire des folies sur les mod\u00e8les phares. Si vous avez gard\u00e9 l&rsquo;achat d&rsquo;un<\/p>\n","protected":false},"author":1,"featured_media":6574,"comment_status":"","ping_status":"","sticky":false,"template":"","format":"standard","meta":{"footnotes":""},"categories":[13],"tags":[700,76,1429,2558,1980,1399,1878,800,1978],"class_list":["post-6573","post","type-post","status-publish","format-standard","has-post-thumbnail","hentry","category-technologie","tag-bas","tag-est","tag-moment","tag-oled","tag-pouces","tag-prix","tag-samsung","tag-son","tag-televiseur","generate-columns","tablet-grid-50","mobile-grid-100","grid-parent","grid-33"],"yoast_head":"<!-- This site is optimized with the Yoast SEO plugin v24.0 - https:\/\/yoast.com\/wordpress\/plugins\/seo\/ -->\n<title>Ce t\u00e9l\u00e9viseur Oled Samsung 55 pouces est \u00e0 son prix le plus bas en ce moment | Vie Associative<\/title>\n<meta name=\"robots\" content=\"index, follow, max-snippet:-1, max-image-preview:large, max-video-preview:-1\" \/>\n<link rel=\"canonical\" href=\"https:\/\/vieassociative.be\/actualites\/ce-televiseur-oled-samsung-55-pouces-est-a-son-prix-le-plus-bas-en-ce-moment\/\" \/>\n<meta property=\"og:locale\" content=\"fr_FR\" \/>\n<meta property=\"og:type\" content=\"article\" \/>\n<meta property=\"og:title\" content=\"Ce t\u00e9l\u00e9viseur Oled Samsung 55 pouces est \u00e0 son prix le plus bas en ce moment | Vie Associative\" \/>\n<meta property=\"og:description\" content=\"Pour les personnes qui diffusent souvent et veulent de meilleurs visuels sans faire des folies sur les mod\u00e8les phares. Si vous avez gard\u00e9 l&rsquo;achat d&rsquo;un\" \/>\n<meta property=\"og:url\" content=\"https:\/\/vieassociative.be\/actualites\/ce-televiseur-oled-samsung-55-pouces-est-a-son-prix-le-plus-bas-en-ce-moment\/\" \/>\n<meta property=\"og:site_name\" content=\"Vie Associative\" \/>\n<meta property=\"article:published_time\" content=\"2025-04-09T17:21:07+00:00\" \/>\n<meta property=\"og:image\" content=\"https:\/\/vieassociative.be\/actualites\/wp-content\/uploads\/2025\/04\/Ce-televiseur-Oled-Samsung-55-pouces-est-a-son-prix.jpg\" \/>\n<meta name=\"author\" content=\"Julien\" \/>\n<meta name=\"twitter:card\" content=\"summary_large_image\" \/>\n<meta name=\"twitter:label1\" content=\"\u00c9crit par\" \/>\n\t<meta name=\"twitter:data1\" content=\"Julien\" \/>\n\t<meta name=\"twitter:label2\" content=\"Dur\u00e9e de lecture est.\" \/>\n\t<meta name=\"twitter:data2\" content=\"3 minutes\" \/>\n<script type=\"application\/ld+json\" class=\"yoast-schema-graph\">{\"@context\":\"https:\/\/schema.org\",\"@graph\":[{\"@type\":\"Article\",\"@id\":\"https:\/\/vieassociative.be\/actualites\/ce-televiseur-oled-samsung-55-pouces-est-a-son-prix-le-plus-bas-en-ce-moment\/#article\",\"isPartOf\":{\"@id\":\"https:\/\/vieassociative.be\/actualites\/ce-televiseur-oled-samsung-55-pouces-est-a-son-prix-le-plus-bas-en-ce-moment\/\"},\"author\":{\"name\":\"Julien\",\"@id\":\"https:\/\/vieassociative.be\/actualites\/#\/schema\/person\/b87ac4f82f9d4e7b7cec7395b679edc4\"},\"headline\":\"Ce t\u00e9l\u00e9viseur Oled Samsung 55 pouces est \u00e0 son prix le plus bas en ce moment\",\"datePublished\":\"2025-04-09T17:21:07+00:00\",\"dateModified\":\"2025-04-09T17:21:07+00:00\",\"mainEntityOfPage\":{\"@id\":\"https:\/\/vieassociative.be\/actualites\/ce-televiseur-oled-samsung-55-pouces-est-a-son-prix-le-plus-bas-en-ce-moment\/\"},\"wordCount\":559,\"publisher\":{\"@id\":\"https:\/\/vieassociative.be\/actualites\/#organization\"},\"image\":{\"@id\":\"https:\/\/vieassociative.be\/actualites\/ce-televiseur-oled-samsung-55-pouces-est-a-son-prix-le-plus-bas-en-ce-moment\/#primaryimage\"},\"thumbnailUrl\":\"https:\/\/vieassociative.be\/actualites\/wp-content\/uploads\/2025\/04\/Ce-televiseur-Oled-Samsung-55-pouces-est-a-son-prix.png\",\"keywords\":[\"bas\",\"est\",\"moment\",\"OLED\",\"pouces\",\"prix\",\"Samsung\",\"son\",\"t\u00e9l\u00e9viseur\"],\"articleSection\":[\"Technologie\"],\"inLanguage\":\"fr-BE\"},{\"@type\":\"WebPage\",\"@id\":\"https:\/\/vieassociative.be\/actualites\/ce-televiseur-oled-samsung-55-pouces-est-a-son-prix-le-plus-bas-en-ce-moment\/\",\"url\":\"https:\/\/vieassociative.be\/actualites\/ce-televiseur-oled-samsung-55-pouces-est-a-son-prix-le-plus-bas-en-ce-moment\/\",\"name\":\"Ce t\u00e9l\u00e9viseur Oled Samsung 55 pouces est \u00e0 son prix le plus bas en ce moment | Vie Associative\",\"isPartOf\":{\"@id\":\"https:\/\/vieassociative.be\/actualites\/#website\"},\"primaryImageOfPage\":{\"@id\":\"https:\/\/vieassociative.be\/actualites\/ce-televiseur-oled-samsung-55-pouces-est-a-son-prix-le-plus-bas-en-ce-moment\/#primaryimage\"},\"image\":{\"@id\":\"https:\/\/vieassociative.be\/actualites\/ce-televiseur-oled-samsung-55-pouces-est-a-son-prix-le-plus-bas-en-ce-moment\/#primaryimage\"},\"thumbnailUrl\":\"https:\/\/vieassociative.be\/actualites\/wp-content\/uploads\/2025\/04\/Ce-televiseur-Oled-Samsung-55-pouces-est-a-son-prix.png\",\"datePublished\":\"2025-04-09T17:21:07+00:00\",\"dateModified\":\"2025-04-09T17:21:07+00:00\",\"breadcrumb\":{\"@id\":\"https:\/\/vieassociative.be\/actualites\/ce-televiseur-oled-samsung-55-pouces-est-a-son-prix-le-plus-bas-en-ce-moment\/#breadcrumb\"},\"inLanguage\":\"fr-BE\",\"potentialAction\":[{\"@type\":\"ReadAction\",\"target\":[\"https:\/\/vieassociative.be\/actualites\/ce-televiseur-oled-samsung-55-pouces-est-a-son-prix-le-plus-bas-en-ce-moment\/\"]}]},{\"@type\":\"ImageObject\",\"inLanguage\":\"fr-BE\",\"@id\":\"https:\/\/vieassociative.be\/actualites\/ce-televiseur-oled-samsung-55-pouces-est-a-son-prix-le-plus-bas-en-ce-moment\/#primaryimage\",\"url\":\"https:\/\/vieassociative.be\/actualites\/wp-content\/uploads\/2025\/04\/Ce-televiseur-Oled-Samsung-55-pouces-est-a-son-prix.png\",\"contentUrl\":\"https:\/\/vieassociative.be\/actualites\/wp-content\/uploads\/2025\/04\/Ce-televiseur-Oled-Samsung-55-pouces-est-a-son-prix.png\",\"width\":1200,\"height\":675,\"caption\":\"Ce t\u00e9l\u00e9viseur Oled Samsung 55 pouces est \u00e0 son prix le plus bas en ce moment\"},{\"@type\":\"BreadcrumbList\",\"@id\":\"https:\/\/vieassociative.be\/actualites\/ce-televiseur-oled-samsung-55-pouces-est-a-son-prix-le-plus-bas-en-ce-moment\/#breadcrumb\",\"itemListElement\":[{\"@type\":\"ListItem\",\"position\":1,\"name\":\"Accueil\",\"item\":\"https:\/\/vieassociative.be\/actualites\/\"},{\"@type\":\"ListItem\",\"position\":2,\"name\":\"Ce t\u00e9l\u00e9viseur Oled Samsung 55 pouces est \u00e0 son prix le plus bas en ce moment\"}]},{\"@type\":\"WebSite\",\"@id\":\"https:\/\/vieassociative.be\/actualites\/#website\",\"url\":\"https:\/\/vieassociative.be\/actualites\/\",\"name\":\"Vie Associative\",\"description\":\"\",\"publisher\":{\"@id\":\"https:\/\/vieassociative.be\/actualites\/#organization\"},\"potentialAction\":[{\"@type\":\"SearchAction\",\"target\":{\"@type\":\"EntryPoint\",\"urlTemplate\":\"https:\/\/vieassociative.be\/actualites\/?s={search_term_string}\"},\"query-input\":{\"@type\":\"PropertyValueSpecification\",\"valueRequired\":true,\"valueName\":\"search_term_string\"}}],\"inLanguage\":\"fr-BE\"},{\"@type\":\"Organization\",\"@id\":\"https:\/\/vieassociative.be\/actualites\/#organization\",\"name\":\"Vie Associative\",\"url\":\"https:\/\/vieassociative.be\/actualites\/\",\"logo\":{\"@type\":\"ImageObject\",\"inLanguage\":\"fr-BE\",\"@id\":\"https:\/\/vieassociative.be\/actualites\/#\/schema\/logo\/image\/\",\"url\":\"https:\/\/vieassociative.be\/actualites\/wp-content\/uploads\/2024\/09\/cropped-vieassociative_favicon.ico.png\",\"contentUrl\":\"https:\/\/vieassociative.be\/actualites\/wp-content\/uploads\/2024\/09\/cropped-vieassociative_favicon.ico.png\",\"width\":512,\"height\":512,\"caption\":\"Vie Associative\"},\"image\":{\"@id\":\"https:\/\/vieassociative.be\/actualites\/#\/schema\/logo\/image\/\"}},{\"@type\":\"Person\",\"@id\":\"https:\/\/vieassociative.be\/actualites\/#\/schema\/person\/b87ac4f82f9d4e7b7cec7395b679edc4\",\"name\":\"Julien\",\"image\":{\"@type\":\"ImageObject\",\"inLanguage\":\"fr-BE\",\"@id\":\"https:\/\/vieassociative.be\/actualites\/#\/schema\/person\/image\/\",\"url\":\"https:\/\/vieassociative.be\/actualites\/wp-content\/uploads\/2024\/09\/vie-associative-1-150x150.jpg\",\"contentUrl\":\"https:\/\/vieassociative.be\/actualites\/wp-content\/uploads\/2024\/09\/vie-associative-1-150x150.jpg\",\"caption\":\"Julien\"},\"description\":\"Je suis Julien, r\u00e9dacteur pour Vie Associative. Passionn\u00e9 par le monde associatif depuis plus de 10 ans, j'ai \u00e0 c\u0153ur de partager des histoires inspirantes et de mettre en lumi\u00e8re les initiatives locales. Mon objectif est de sensibiliser et d'encourager l'engagement communautaire \u00e0 travers mes articles.\",\"sameAs\":[\"https:\/\/vieassociative.be\/\"]}]}<\/script>\n<!-- \/ Yoast SEO plugin. -->","yoast_head_json":{"title":"Ce t\u00e9l\u00e9viseur Oled Samsung 55 pouces est \u00e0 son prix le plus bas en ce moment | Vie Associative","robots":{"index":"index","follow":"follow","max-snippet":"max-snippet:-1","max-image-preview":"max-image-preview:large","max-video-preview":"max-video-preview:-1"},"canonical":"https:\/\/vieassociative.be\/actualites\/ce-televiseur-oled-samsung-55-pouces-est-a-son-prix-le-plus-bas-en-ce-moment\/","og_locale":"fr_FR","og_type":"article","og_title":"Ce t\u00e9l\u00e9viseur Oled Samsung 55 pouces est \u00e0 son prix le plus bas en ce moment | Vie Associative","og_description":"Pour les personnes qui diffusent souvent et veulent de meilleurs visuels sans faire des folies sur les mod\u00e8les phares. Si vous avez gard\u00e9 l&rsquo;achat d&rsquo;un","og_url":"https:\/\/vieassociative.be\/actualites\/ce-televiseur-oled-samsung-55-pouces-est-a-son-prix-le-plus-bas-en-ce-moment\/","og_site_name":"Vie Associative","article_published_time":"2025-04-09T17:21:07+00:00","og_image":[{"url":"https:\/\/vieassociative.be\/actualites\/wp-content\/uploads\/2025\/04\/Ce-televiseur-Oled-Samsung-55-pouces-est-a-son-prix.jpg","type":"","width":"","height":""}],"author":"Julien","twitter_card":"summary_large_image","twitter_misc":{"\u00c9crit par":"Julien","Dur\u00e9e de lecture est.":"3 minutes"},"schema":{"@context":"https:\/\/schema.org","@graph":[{"@type":"Article","@id":"https:\/\/vieassociative.be\/actualites\/ce-televiseur-oled-samsung-55-pouces-est-a-son-prix-le-plus-bas-en-ce-moment\/#article","isPartOf":{"@id":"https:\/\/vieassociative.be\/actualites\/ce-televiseur-oled-samsung-55-pouces-est-a-son-prix-le-plus-bas-en-ce-moment\/"},"author":{"name":"Julien","@id":"https:\/\/vieassociative.be\/actualites\/#\/schema\/person\/b87ac4f82f9d4e7b7cec7395b679edc4"},"headline":"Ce t\u00e9l\u00e9viseur Oled Samsung 55 pouces est \u00e0 son prix le plus bas en ce moment","datePublished":"2025-04-09T17:21:07+00:00","dateModified":"2025-04-09T17:21:07+00:00","mainEntityOfPage":{"@id":"https:\/\/vieassociative.be\/actualites\/ce-televiseur-oled-samsung-55-pouces-est-a-son-prix-le-plus-bas-en-ce-moment\/"},"wordCount":559,"publisher":{"@id":"https:\/\/vieassociative.be\/actualites\/#organization"},"image":{"@id":"https:\/\/vieassociative.be\/actualites\/ce-televiseur-oled-samsung-55-pouces-est-a-son-prix-le-plus-bas-en-ce-moment\/#primaryimage"},"thumbnailUrl":"https:\/\/vieassociative.be\/actualites\/wp-content\/uploads\/2025\/04\/Ce-televiseur-Oled-Samsung-55-pouces-est-a-son-prix.png","keywords":["bas","est","moment","OLED","pouces","prix","Samsung","son","t\u00e9l\u00e9viseur"],"articleSection":["Technologie"],"inLanguage":"fr-BE"},{"@type":"WebPage","@id":"https:\/\/vieassociative.be\/actualites\/ce-televiseur-oled-samsung-55-pouces-est-a-son-prix-le-plus-bas-en-ce-moment\/","url":"https:\/\/vieassociative.be\/actualites\/ce-televiseur-oled-samsung-55-pouces-est-a-son-prix-le-plus-bas-en-ce-moment\/","name":"Ce t\u00e9l\u00e9viseur Oled Samsung 55 pouces est \u00e0 son prix le plus bas en ce moment | Vie Associative","isPartOf":{"@id":"https:\/\/vieassociative.be\/actualites\/#website"},"primaryImageOfPage":{"@id":"https:\/\/vieassociative.be\/actualites\/ce-televiseur-oled-samsung-55-pouces-est-a-son-prix-le-plus-bas-en-ce-moment\/#primaryimage"},"image":{"@id":"https:\/\/vieassociative.be\/actualites\/ce-televiseur-oled-samsung-55-pouces-est-a-son-prix-le-plus-bas-en-ce-moment\/#primaryimage"},"thumbnailUrl":"https:\/\/vieassociative.be\/actualites\/wp-content\/uploads\/2025\/04\/Ce-televiseur-Oled-Samsung-55-pouces-est-a-son-prix.png","datePublished":"2025-04-09T17:21:07+00:00","dateModified":"2025-04-09T17:21:07+00:00","breadcrumb":{"@id":"https:\/\/vieassociative.be\/actualites\/ce-televiseur-oled-samsung-55-pouces-est-a-son-prix-le-plus-bas-en-ce-moment\/#breadcrumb"},"inLanguage":"fr-BE","potentialAction":[{"@type":"ReadAction","target":["https:\/\/vieassociative.be\/actualites\/ce-televiseur-oled-samsung-55-pouces-est-a-son-prix-le-plus-bas-en-ce-moment\/"]}]},{"@type":"ImageObject","inLanguage":"fr-BE","@id":"https:\/\/vieassociative.be\/actualites\/ce-televiseur-oled-samsung-55-pouces-est-a-son-prix-le-plus-bas-en-ce-moment\/#primaryimage","url":"https:\/\/vieassociative.be\/actualites\/wp-content\/uploads\/2025\/04\/Ce-televiseur-Oled-Samsung-55-pouces-est-a-son-prix.png","contentUrl":"https:\/\/vieassociative.be\/actualites\/wp-content\/uploads\/2025\/04\/Ce-televiseur-Oled-Samsung-55-pouces-est-a-son-prix.png","width":1200,"height":675,"caption":"Ce t\u00e9l\u00e9viseur Oled Samsung 55 pouces est \u00e0 son prix le plus bas en ce moment"},{"@type":"BreadcrumbList","@id":"https:\/\/vieassociative.be\/actualites\/ce-televiseur-oled-samsung-55-pouces-est-a-son-prix-le-plus-bas-en-ce-moment\/#breadcrumb","itemListElement":[{"@type":"ListItem","position":1,"name":"Accueil","item":"https:\/\/vieassociative.be\/actualites\/"},{"@type":"ListItem","position":2,"name":"Ce t\u00e9l\u00e9viseur Oled Samsung 55 pouces est \u00e0 son prix le plus bas en ce moment"}]},{"@type":"WebSite","@id":"https:\/\/vieassociative.be\/actualites\/#website","url":"https:\/\/vieassociative.be\/actualites\/","name":"Vie Associative","description":"","publisher":{"@id":"https:\/\/vieassociative.be\/actualites\/#organization"},"potentialAction":[{"@type":"SearchAction","target":{"@type":"EntryPoint","urlTemplate":"https:\/\/vieassociative.be\/actualites\/?s={search_term_string}"},"query-input":{"@type":"PropertyValueSpecification","valueRequired":true,"valueName":"search_term_string"}}],"inLanguage":"fr-BE"},{"@type":"Organization","@id":"https:\/\/vieassociative.be\/actualites\/#organization","name":"Vie Associative","url":"https:\/\/vieassociative.be\/actualites\/","logo":{"@type":"ImageObject","inLanguage":"fr-BE","@id":"https:\/\/vieassociative.be\/actualites\/#\/schema\/logo\/image\/","url":"https:\/\/vieassociative.be\/actualites\/wp-content\/uploads\/2024\/09\/cropped-vieassociative_favicon.ico.png","contentUrl":"https:\/\/vieassociative.be\/actualites\/wp-content\/uploads\/2024\/09\/cropped-vieassociative_favicon.ico.png","width":512,"height":512,"caption":"Vie Associative"},"image":{"@id":"https:\/\/vieassociative.be\/actualites\/#\/schema\/logo\/image\/"}},{"@type":"Person","@id":"https:\/\/vieassociative.be\/actualites\/#\/schema\/person\/b87ac4f82f9d4e7b7cec7395b679edc4","name":"Julien","image":{"@type":"ImageObject","inLanguage":"fr-BE","@id":"https:\/\/vieassociative.be\/actualites\/#\/schema\/person\/image\/","url":"https:\/\/vieassociative.be\/actualites\/wp-content\/uploads\/2024\/09\/vie-associative-1-150x150.jpg","contentUrl":"https:\/\/vieassociative.be\/actualites\/wp-content\/uploads\/2024\/09\/vie-associative-1-150x150.jpg","caption":"Julien"},"description":"Je suis Julien, r\u00e9dacteur pour Vie Associative. Passionn\u00e9 par le monde associatif depuis plus de 10 ans, j'ai \u00e0 c\u0153ur de partager des histoires inspirantes et de mettre en lumi\u00e8re les initiatives locales. Mon objectif est de sensibiliser et d'encourager l'engagement communautaire \u00e0 travers mes articles.","sameAs":["https:\/\/vieassociative.be\/"]}]}},"_links":{"self":[{"href":"https:\/\/vieassociative.be\/actualites\/wp-json\/wp\/v2\/posts\/6573"}],"collection":[{"href":"https:\/\/vieassociative.be\/actualites\/wp-json\/wp\/v2\/posts"}],"about":[{"href":"https:\/\/vieassociative.be\/actualites\/wp-json\/wp\/v2\/types\/post"}],"author":[{"embeddable":true,"href":"https:\/\/vieassociative.be\/actualites\/wp-json\/wp\/v2\/users\/1"}],"replies":[{"embeddable":true,"href":"https:\/\/vieassociative.be\/actualites\/wp-json\/wp\/v2\/comments?post=6573"}],"version-history":[{"count":0,"href":"https:\/\/vieassociative.be\/actualites\/wp-json\/wp\/v2\/posts\/6573\/revisions"}],"wp:featuredmedia":[{"embeddable":true,"href":"https:\/\/vieassociative.be\/actualites\/wp-json\/wp\/v2\/media\/6574"}],"wp:attachment":[{"href":"https:\/\/vieassociative.be\/actualites\/wp-json\/wp\/v2\/media?parent=6573"}],"wp:term":[{"taxonomy":"category","embeddable":true,"href":"https:\/\/vieassociative.be\/actualites\/wp-json\/wp\/v2\/categories?post=6573"},{"taxonomy":"post_tag","embeddable":true,"href":"https:\/\/vieassociative.be\/actualites\/wp-json\/wp\/v2\/tags?post=6573"}],"curies":[{"name":"wp","href":"https:\/\/api.w.org\/{rel}","templated":true}]}}