{"id":657,"date":"2024-09-29T18:26:43","date_gmt":"2024-09-29T16:26:43","guid":{"rendered":"https:\/\/vieassociative.be\/actualites\/les-lingettes-anti-allergiques-pour-le-visage-sont-des-conneries-en-quelque-sorte\/"},"modified":"2024-09-29T18:26:43","modified_gmt":"2024-09-29T16:26:43","slug":"les-lingettes-anti-allergiques-pour-le-visage-sont-des-conneries-en-quelque-sorte","status":"publish","type":"post","link":"https:\/\/vieassociative.be\/actualites\/les-lingettes-anti-allergiques-pour-le-visage-sont-des-conneries-en-quelque-sorte\/","title":{"rendered":"Les lingettes anti-allergiques pour le visage sont des conneries, en quelque sorte"},"content":{"rendered":"<div class=\"mt-4 leading-6 md:mb-8\">Si un paquet de lingettes porte le nom d\u2019une marque de m\u00e9dicament, mais ne contient pas ledit m\u00e9dicament, \u00e0 quoi \u00e7a sert ?<\/div>\n<p><\/p>\n<p>Lorsque j\u2019ai appris l\u2019existence des lingettes pour le visage Zyrtec, j\u2019ai \u00e9t\u00e9 surprise et intrigu\u00e9e. J&rsquo;ai utilis\u00e9 des pilules Zyrtec dans le pass\u00e9 pour g\u00e9rer mon allergie au pollen printanier (m\u00eame si elles ne remplaceront jamais mon premier amour, Claritin). Essuyer les trucs sur mon visage aiderait-il mes yeux qui piquent ? Il s\u2019av\u00e8re que oui, mais pas pour la raison que je pensais.<\/p>\n<h2 id=\"there-is-no-medication-in-anti-allergy-face-wipes\">Il n&rsquo;y a aucun m\u00e9dicament dans les lingettes anti-allergiques pour le visage<\/h2>\n<p>En achetant un paquet de lingettes, j\u2019ai remarqu\u00e9 quelque chose dans les petits caract\u00e8res : ce sont des lingettes pour le visage \u00ab non m\u00e9dicamenteuses \u00bb. Il existe une liste d&rsquo;ingr\u00e9dients, mais aucune \u00e9tiquette d&rsquo;information sur le m\u00e9dicament, car ces lingettes ne contiennent aucun m\u00e9dicament contre les allergies. Les comprim\u00e9s de Zyrtec contiennent l&rsquo;ingr\u00e9dient actif c\u00e9tirizine, qui est un antihistaminique. (Les histamines sont produites par notre corps lors d&rsquo;une r\u00e9action allergique, donc les antihistaminiques soulagent les sympt\u00f4mes d&rsquo;allergie.) Nous sommes tellement habitu\u00e9s \u00e0 consid\u00e9rer le nom d&rsquo;une marque comme synonyme de son ingr\u00e9dient actif que vous seriez pardonn\u00e9 de supposer, comme moi, que il y aurait des m\u00e9dicaments dans ces lingettes de marque. Non\u00a0: Zyrtec, la soci\u00e9t\u00e9, fabrique des pilules de c\u00e9tirizine <em>et<\/em> lingettes pour le visage non m\u00e9dicamenteuses.<\/p>\n<p>M\u00eame certaines boutiques en ligne semblent confuses. Le site Web de Target r\u00e9pertorie les lingettes comme \u00e9tant \u00ab non m\u00e9dicamenteuses \u00bb et \u00ab contenant de la c\u00e9tirizine \u00bb, ce qui ne peut pas \u00eatre vrai dans les deux cas. (Ils ne contiennent pas de citirizine.) <\/p>\n<h2 id=\"you-can-just-buy-regular-face-wipesor-wash-your-face\">Vous pouvez simplement acheter des lingettes pour le visage ordinaires&#8230; ou vous laver le visage<\/h2>\n<p>Alors, \u00e0 quoi servent les lingettes, sinon m\u00e9dicamenteuses ? Leur objectif fonctionnel est d\u2019\u00e9liminer le pollen, la poussi\u00e8re et d\u2019autres allerg\u00e8nes de votre peau afin qu\u2019ils ne vous irritent pas. Aucun m\u00e9dicament n&rsquo;est n\u00e9cessaire pour faire ce travail\u00a0; se laver le visage suffirait. <\/p>\n<p>Mais se laver le visage n\u2019est pas toujours pratique, c\u2019est pourquoi il existe des lingettes pour le visage. Vous pouvez en trouver une grande vari\u00e9t\u00e9 dans n\u2019importe quelle pharmacie, dans les rayons du maquillage et des soins personnels. Et ce faisant, vous \u00e9conomiserez un dollar ou deux : j&rsquo;ai trouv\u00e9 des lingettes Zyrtec chez mon CVS local pour 7,99 $ pour un paquet de 25 lingettes. J&rsquo;ai ensuite march\u00e9 jusqu&rsquo;\u00e0 l&rsquo;autre bout du magasin et j&rsquo;ai trouv\u00e9 des lingettes \u00ab micellaires \u00bb de marque CVS pour 5,99 $ et des lingettes \u00ab peau sensible \u00bb pour 5,59 $. Les trois articles \u00e9taient identiques, moins l\u2019\u00e9tiquetage.<\/p>\n<p>(Pendant que nous sommes ici, j&rsquo;aimerais parler bri\u00e8vement de la fa\u00e7on dont des articles identiques sont parfois \u00e9tiquet\u00e9s et tarif\u00e9s diff\u00e9remment. Ces deux vari\u00e9t\u00e9s de lingettes de marque de magasin avaient le <em>exactement pareil<\/em> liste des ingr\u00e9dients, et pourtant leur prix \u00e9tait diff\u00e9rent. \u00ab\u00a0Micellaire\u00a0\u00bb fait simplement r\u00e9f\u00e9rence \u00e0 un nettoyant \u00e9mulsionn\u00e9 dans un liquide\u00a0; ce n&rsquo;est pas une fonctionnalit\u00e9 sp\u00e9ciale. Pendant ce temps, les lingettes de Zyrtec sont disponibles en version standard et en version enfant. La seule diff\u00e9rence est que le colis pour enfants contient des fus\u00e9es.)<\/p>\n<p>Vous pouvez donc \u00e9conomiser deux dollars en achetant des lingettes qui ne portent pas la marque Zyrtec. Vous pouvez \u00e9galement acheter une bouteille d\u2019eau micellaire et l\u2019utiliser avec des mouchoirs ou des boules de coton, ou vous laver le visage avec le nettoyant de votre choix. L&rsquo;Asthma and Allergy Foundation of America recommande \u00e9galement de prendre une douche tous les soirs pour \u00e9liminer le pollen que vous avez pu ramasser \u00e0 l&rsquo;ext\u00e9rieur et de porter des lunettes de soleil lorsque vous \u00eates \u00e0 l&rsquo;ext\u00e9rieur pour \u00e9loigner le pollen de vos yeux. <\/p>\n","protected":false},"excerpt":{"rendered":"<p>Si un paquet de lingettes porte le nom d\u2019une marque de m\u00e9dicament, mais ne contient pas ledit m\u00e9dicament, \u00e0 quoi \u00e7a sert ? Lorsque j\u2019ai<\/p>\n","protected":false},"author":1,"featured_media":658,"comment_status":"","ping_status":"","sticky":false,"template":"","format":"standard","meta":{"footnotes":""},"categories":[38],"tags":[1058,1060,29,14,1057,81,1061,18,1062,1059],"class_list":["post-657","post","type-post","status-publish","format-standard","has-post-thumbnail","hentry","category-sante","tag-antiallergiques","tag-conneries","tag-des","tag-les","tag-lingettes","tag-pour","tag-quelque","tag-sont","tag-sorte","tag-visage","generate-columns","tablet-grid-50","mobile-grid-100","grid-parent","grid-33"],"yoast_head":"<!-- This site is optimized with the Yoast SEO plugin v24.0 - https:\/\/yoast.com\/wordpress\/plugins\/seo\/ -->\n<title>Les lingettes anti-allergiques pour le visage sont des conneries, en quelque sorte | Vie Associative<\/title>\n<meta name=\"robots\" content=\"index, follow, max-snippet:-1, max-image-preview:large, max-video-preview:-1\" \/>\n<link rel=\"canonical\" href=\"https:\/\/vieassociative.be\/actualites\/les-lingettes-anti-allergiques-pour-le-visage-sont-des-conneries-en-quelque-sorte\/\" \/>\n<meta property=\"og:locale\" content=\"fr_FR\" \/>\n<meta property=\"og:type\" content=\"article\" \/>\n<meta property=\"og:title\" content=\"Les lingettes anti-allergiques pour le visage sont des conneries, en quelque sorte | Vie Associative\" \/>\n<meta property=\"og:description\" content=\"Si un paquet de lingettes porte le nom d\u2019une marque de m\u00e9dicament, mais ne contient pas ledit m\u00e9dicament, \u00e0 quoi \u00e7a sert ? Lorsque j\u2019ai\" \/>\n<meta property=\"og:url\" content=\"https:\/\/vieassociative.be\/actualites\/les-lingettes-anti-allergiques-pour-le-visage-sont-des-conneries-en-quelque-sorte\/\" \/>\n<meta property=\"og:site_name\" content=\"Vie Associative\" \/>\n<meta property=\"article:published_time\" content=\"2024-09-29T16:26:43+00:00\" \/>\n<meta property=\"og:image\" content=\"https:\/\/vieassociative.be\/actualites\/wp-content\/uploads\/2024\/09\/header_backgroundk-01-e1726694325946.png\" \/>\n\t<meta property=\"og:image:width\" content=\"279\" \/>\n\t<meta property=\"og:image:height\" content=\"92\" \/>\n\t<meta property=\"og:image:type\" content=\"image\/png\" \/>\n<meta name=\"author\" content=\"Julien\" \/>\n<meta name=\"twitter:card\" content=\"summary_large_image\" \/>\n<meta name=\"twitter:label1\" content=\"\u00c9crit par\" \/>\n\t<meta name=\"twitter:data1\" content=\"Julien\" \/>\n\t<meta name=\"twitter:label2\" content=\"Dur\u00e9e de lecture est.\" \/>\n\t<meta name=\"twitter:data2\" content=\"3 minutes\" \/>\n<script type=\"application\/ld+json\" class=\"yoast-schema-graph\">{\"@context\":\"https:\/\/schema.org\",\"@graph\":[{\"@type\":\"Article\",\"@id\":\"https:\/\/vieassociative.be\/actualites\/les-lingettes-anti-allergiques-pour-le-visage-sont-des-conneries-en-quelque-sorte\/#article\",\"isPartOf\":{\"@id\":\"https:\/\/vieassociative.be\/actualites\/les-lingettes-anti-allergiques-pour-le-visage-sont-des-conneries-en-quelque-sorte\/\"},\"author\":{\"name\":\"Julien\",\"@id\":\"https:\/\/vieassociative.be\/actualites\/#\/schema\/person\/b87ac4f82f9d4e7b7cec7395b679edc4\"},\"headline\":\"Les lingettes anti-allergiques pour le visage sont des conneries, en quelque sorte\",\"datePublished\":\"2024-09-29T16:26:43+00:00\",\"dateModified\":\"2024-09-29T16:26:43+00:00\",\"mainEntityOfPage\":{\"@id\":\"https:\/\/vieassociative.be\/actualites\/les-lingettes-anti-allergiques-pour-le-visage-sont-des-conneries-en-quelque-sorte\/\"},\"wordCount\":682,\"publisher\":{\"@id\":\"https:\/\/vieassociative.be\/actualites\/#organization\"},\"image\":{\"@id\":\"https:\/\/vieassociative.be\/actualites\/les-lingettes-anti-allergiques-pour-le-visage-sont-des-conneries-en-quelque-sorte\/#primaryimage\"},\"thumbnailUrl\":\"https:\/\/vieassociative.be\/actualites\/wp-content\/uploads\/2024\/09\/Les-lingettes-anti-allergiques-pour-le-visage-sont-des-conneries-en.jpg\",\"keywords\":[\"antiallergiques\",\"conneries\",\"Des\",\"Les\",\"lingettes\",\"pour\",\"quelque\",\"sont\",\"sorte\",\"visage\"],\"articleSection\":[\"Sant\u00e9\"],\"inLanguage\":\"fr-BE\"},{\"@type\":\"WebPage\",\"@id\":\"https:\/\/vieassociative.be\/actualites\/les-lingettes-anti-allergiques-pour-le-visage-sont-des-conneries-en-quelque-sorte\/\",\"url\":\"https:\/\/vieassociative.be\/actualites\/les-lingettes-anti-allergiques-pour-le-visage-sont-des-conneries-en-quelque-sorte\/\",\"name\":\"Les lingettes anti-allergiques pour le visage sont des conneries, en quelque sorte | Vie Associative\",\"isPartOf\":{\"@id\":\"https:\/\/vieassociative.be\/actualites\/#website\"},\"primaryImageOfPage\":{\"@id\":\"https:\/\/vieassociative.be\/actualites\/les-lingettes-anti-allergiques-pour-le-visage-sont-des-conneries-en-quelque-sorte\/#primaryimage\"},\"image\":{\"@id\":\"https:\/\/vieassociative.be\/actualites\/les-lingettes-anti-allergiques-pour-le-visage-sont-des-conneries-en-quelque-sorte\/#primaryimage\"},\"thumbnailUrl\":\"https:\/\/vieassociative.be\/actualites\/wp-content\/uploads\/2024\/09\/Les-lingettes-anti-allergiques-pour-le-visage-sont-des-conneries-en.jpg\",\"datePublished\":\"2024-09-29T16:26:43+00:00\",\"dateModified\":\"2024-09-29T16:26:43+00:00\",\"breadcrumb\":{\"@id\":\"https:\/\/vieassociative.be\/actualites\/les-lingettes-anti-allergiques-pour-le-visage-sont-des-conneries-en-quelque-sorte\/#breadcrumb\"},\"inLanguage\":\"fr-BE\",\"potentialAction\":[{\"@type\":\"ReadAction\",\"target\":[\"https:\/\/vieassociative.be\/actualites\/les-lingettes-anti-allergiques-pour-le-visage-sont-des-conneries-en-quelque-sorte\/\"]}]},{\"@type\":\"ImageObject\",\"inLanguage\":\"fr-BE\",\"@id\":\"https:\/\/vieassociative.be\/actualites\/les-lingettes-anti-allergiques-pour-le-visage-sont-des-conneries-en-quelque-sorte\/#primaryimage\",\"url\":\"https:\/\/vieassociative.be\/actualites\/wp-content\/uploads\/2024\/09\/Les-lingettes-anti-allergiques-pour-le-visage-sont-des-conneries-en.jpg\",\"contentUrl\":\"https:\/\/vieassociative.be\/actualites\/wp-content\/uploads\/2024\/09\/Les-lingettes-anti-allergiques-pour-le-visage-sont-des-conneries-en.jpg\",\"width\":1200,\"height\":675,\"caption\":\"Les lingettes anti-allergiques pour le visage sont des conneries, en quelque sorte\"},{\"@type\":\"BreadcrumbList\",\"@id\":\"https:\/\/vieassociative.be\/actualites\/les-lingettes-anti-allergiques-pour-le-visage-sont-des-conneries-en-quelque-sorte\/#breadcrumb\",\"itemListElement\":[{\"@type\":\"ListItem\",\"position\":1,\"name\":\"Accueil\",\"item\":\"https:\/\/vieassociative.be\/actualites\/\"},{\"@type\":\"ListItem\",\"position\":2,\"name\":\"Les lingettes anti-allergiques pour le visage sont des conneries, en quelque sorte\"}]},{\"@type\":\"WebSite\",\"@id\":\"https:\/\/vieassociative.be\/actualites\/#website\",\"url\":\"https:\/\/vieassociative.be\/actualites\/\",\"name\":\"Vie Associative\",\"description\":\"\",\"publisher\":{\"@id\":\"https:\/\/vieassociative.be\/actualites\/#organization\"},\"potentialAction\":[{\"@type\":\"SearchAction\",\"target\":{\"@type\":\"EntryPoint\",\"urlTemplate\":\"https:\/\/vieassociative.be\/actualites\/?s={search_term_string}\"},\"query-input\":{\"@type\":\"PropertyValueSpecification\",\"valueRequired\":true,\"valueName\":\"search_term_string\"}}],\"inLanguage\":\"fr-BE\"},{\"@type\":\"Organization\",\"@id\":\"https:\/\/vieassociative.be\/actualites\/#organization\",\"name\":\"Vie Associative\",\"url\":\"https:\/\/vieassociative.be\/actualites\/\",\"logo\":{\"@type\":\"ImageObject\",\"inLanguage\":\"fr-BE\",\"@id\":\"https:\/\/vieassociative.be\/actualites\/#\/schema\/logo\/image\/\",\"url\":\"https:\/\/vieassociative.be\/actualites\/wp-content\/uploads\/2024\/09\/cropped-vieassociative_favicon.ico.png\",\"contentUrl\":\"https:\/\/vieassociative.be\/actualites\/wp-content\/uploads\/2024\/09\/cropped-vieassociative_favicon.ico.png\",\"width\":512,\"height\":512,\"caption\":\"Vie Associative\"},\"image\":{\"@id\":\"https:\/\/vieassociative.be\/actualites\/#\/schema\/logo\/image\/\"}},{\"@type\":\"Person\",\"@id\":\"https:\/\/vieassociative.be\/actualites\/#\/schema\/person\/b87ac4f82f9d4e7b7cec7395b679edc4\",\"name\":\"Julien\",\"image\":{\"@type\":\"ImageObject\",\"inLanguage\":\"fr-BE\",\"@id\":\"https:\/\/vieassociative.be\/actualites\/#\/schema\/person\/image\/\",\"url\":\"https:\/\/vieassociative.be\/actualites\/wp-content\/uploads\/2024\/09\/vie-associative-1-150x150.jpg\",\"contentUrl\":\"https:\/\/vieassociative.be\/actualites\/wp-content\/uploads\/2024\/09\/vie-associative-1-150x150.jpg\",\"caption\":\"Julien\"},\"description\":\"Je suis Julien, r\u00e9dacteur pour Vie Associative. Passionn\u00e9 par le monde associatif depuis plus de 10 ans, j'ai \u00e0 c\u0153ur de partager des histoires inspirantes et de mettre en lumi\u00e8re les initiatives locales. Mon objectif est de sensibiliser et d'encourager l'engagement communautaire \u00e0 travers mes articles.\",\"sameAs\":[\"https:\/\/vieassociative.be\/\"]}]}<\/script>\n<!-- \/ Yoast SEO plugin. -->","yoast_head_json":{"title":"Les lingettes anti-allergiques pour le visage sont des conneries, en quelque sorte | Vie Associative","robots":{"index":"index","follow":"follow","max-snippet":"max-snippet:-1","max-image-preview":"max-image-preview:large","max-video-preview":"max-video-preview:-1"},"canonical":"https:\/\/vieassociative.be\/actualites\/les-lingettes-anti-allergiques-pour-le-visage-sont-des-conneries-en-quelque-sorte\/","og_locale":"fr_FR","og_type":"article","og_title":"Les lingettes anti-allergiques pour le visage sont des conneries, en quelque sorte | Vie Associative","og_description":"Si un paquet de lingettes porte le nom d\u2019une marque de m\u00e9dicament, mais ne contient pas ledit m\u00e9dicament, \u00e0 quoi \u00e7a sert ? Lorsque j\u2019ai","og_url":"https:\/\/vieassociative.be\/actualites\/les-lingettes-anti-allergiques-pour-le-visage-sont-des-conneries-en-quelque-sorte\/","og_site_name":"Vie Associative","article_published_time":"2024-09-29T16:26:43+00:00","og_image":[{"width":279,"height":92,"url":"https:\/\/vieassociative.be\/actualites\/wp-content\/uploads\/2024\/09\/header_backgroundk-01-e1726694325946.png","type":"image\/png"}],"author":"Julien","twitter_card":"summary_large_image","twitter_misc":{"\u00c9crit par":"Julien","Dur\u00e9e de lecture est.":"3 minutes"},"schema":{"@context":"https:\/\/schema.org","@graph":[{"@type":"Article","@id":"https:\/\/vieassociative.be\/actualites\/les-lingettes-anti-allergiques-pour-le-visage-sont-des-conneries-en-quelque-sorte\/#article","isPartOf":{"@id":"https:\/\/vieassociative.be\/actualites\/les-lingettes-anti-allergiques-pour-le-visage-sont-des-conneries-en-quelque-sorte\/"},"author":{"name":"Julien","@id":"https:\/\/vieassociative.be\/actualites\/#\/schema\/person\/b87ac4f82f9d4e7b7cec7395b679edc4"},"headline":"Les lingettes anti-allergiques pour le visage sont des conneries, en quelque sorte","datePublished":"2024-09-29T16:26:43+00:00","dateModified":"2024-09-29T16:26:43+00:00","mainEntityOfPage":{"@id":"https:\/\/vieassociative.be\/actualites\/les-lingettes-anti-allergiques-pour-le-visage-sont-des-conneries-en-quelque-sorte\/"},"wordCount":682,"publisher":{"@id":"https:\/\/vieassociative.be\/actualites\/#organization"},"image":{"@id":"https:\/\/vieassociative.be\/actualites\/les-lingettes-anti-allergiques-pour-le-visage-sont-des-conneries-en-quelque-sorte\/#primaryimage"},"thumbnailUrl":"https:\/\/vieassociative.be\/actualites\/wp-content\/uploads\/2024\/09\/Les-lingettes-anti-allergiques-pour-le-visage-sont-des-conneries-en.jpg","keywords":["antiallergiques","conneries","Des","Les","lingettes","pour","quelque","sont","sorte","visage"],"articleSection":["Sant\u00e9"],"inLanguage":"fr-BE"},{"@type":"WebPage","@id":"https:\/\/vieassociative.be\/actualites\/les-lingettes-anti-allergiques-pour-le-visage-sont-des-conneries-en-quelque-sorte\/","url":"https:\/\/vieassociative.be\/actualites\/les-lingettes-anti-allergiques-pour-le-visage-sont-des-conneries-en-quelque-sorte\/","name":"Les lingettes anti-allergiques pour le visage sont des conneries, en quelque sorte | Vie Associative","isPartOf":{"@id":"https:\/\/vieassociative.be\/actualites\/#website"},"primaryImageOfPage":{"@id":"https:\/\/vieassociative.be\/actualites\/les-lingettes-anti-allergiques-pour-le-visage-sont-des-conneries-en-quelque-sorte\/#primaryimage"},"image":{"@id":"https:\/\/vieassociative.be\/actualites\/les-lingettes-anti-allergiques-pour-le-visage-sont-des-conneries-en-quelque-sorte\/#primaryimage"},"thumbnailUrl":"https:\/\/vieassociative.be\/actualites\/wp-content\/uploads\/2024\/09\/Les-lingettes-anti-allergiques-pour-le-visage-sont-des-conneries-en.jpg","datePublished":"2024-09-29T16:26:43+00:00","dateModified":"2024-09-29T16:26:43+00:00","breadcrumb":{"@id":"https:\/\/vieassociative.be\/actualites\/les-lingettes-anti-allergiques-pour-le-visage-sont-des-conneries-en-quelque-sorte\/#breadcrumb"},"inLanguage":"fr-BE","potentialAction":[{"@type":"ReadAction","target":["https:\/\/vieassociative.be\/actualites\/les-lingettes-anti-allergiques-pour-le-visage-sont-des-conneries-en-quelque-sorte\/"]}]},{"@type":"ImageObject","inLanguage":"fr-BE","@id":"https:\/\/vieassociative.be\/actualites\/les-lingettes-anti-allergiques-pour-le-visage-sont-des-conneries-en-quelque-sorte\/#primaryimage","url":"https:\/\/vieassociative.be\/actualites\/wp-content\/uploads\/2024\/09\/Les-lingettes-anti-allergiques-pour-le-visage-sont-des-conneries-en.jpg","contentUrl":"https:\/\/vieassociative.be\/actualites\/wp-content\/uploads\/2024\/09\/Les-lingettes-anti-allergiques-pour-le-visage-sont-des-conneries-en.jpg","width":1200,"height":675,"caption":"Les lingettes anti-allergiques pour le visage sont des conneries, en quelque sorte"},{"@type":"BreadcrumbList","@id":"https:\/\/vieassociative.be\/actualites\/les-lingettes-anti-allergiques-pour-le-visage-sont-des-conneries-en-quelque-sorte\/#breadcrumb","itemListElement":[{"@type":"ListItem","position":1,"name":"Accueil","item":"https:\/\/vieassociative.be\/actualites\/"},{"@type":"ListItem","position":2,"name":"Les lingettes anti-allergiques pour le visage sont des conneries, en quelque sorte"}]},{"@type":"WebSite","@id":"https:\/\/vieassociative.be\/actualites\/#website","url":"https:\/\/vieassociative.be\/actualites\/","name":"Vie Associative","description":"","publisher":{"@id":"https:\/\/vieassociative.be\/actualites\/#organization"},"potentialAction":[{"@type":"SearchAction","target":{"@type":"EntryPoint","urlTemplate":"https:\/\/vieassociative.be\/actualites\/?s={search_term_string}"},"query-input":{"@type":"PropertyValueSpecification","valueRequired":true,"valueName":"search_term_string"}}],"inLanguage":"fr-BE"},{"@type":"Organization","@id":"https:\/\/vieassociative.be\/actualites\/#organization","name":"Vie Associative","url":"https:\/\/vieassociative.be\/actualites\/","logo":{"@type":"ImageObject","inLanguage":"fr-BE","@id":"https:\/\/vieassociative.be\/actualites\/#\/schema\/logo\/image\/","url":"https:\/\/vieassociative.be\/actualites\/wp-content\/uploads\/2024\/09\/cropped-vieassociative_favicon.ico.png","contentUrl":"https:\/\/vieassociative.be\/actualites\/wp-content\/uploads\/2024\/09\/cropped-vieassociative_favicon.ico.png","width":512,"height":512,"caption":"Vie Associative"},"image":{"@id":"https:\/\/vieassociative.be\/actualites\/#\/schema\/logo\/image\/"}},{"@type":"Person","@id":"https:\/\/vieassociative.be\/actualites\/#\/schema\/person\/b87ac4f82f9d4e7b7cec7395b679edc4","name":"Julien","image":{"@type":"ImageObject","inLanguage":"fr-BE","@id":"https:\/\/vieassociative.be\/actualites\/#\/schema\/person\/image\/","url":"https:\/\/vieassociative.be\/actualites\/wp-content\/uploads\/2024\/09\/vie-associative-1-150x150.jpg","contentUrl":"https:\/\/vieassociative.be\/actualites\/wp-content\/uploads\/2024\/09\/vie-associative-1-150x150.jpg","caption":"Julien"},"description":"Je suis Julien, r\u00e9dacteur pour Vie Associative. Passionn\u00e9 par le monde associatif depuis plus de 10 ans, j'ai \u00e0 c\u0153ur de partager des histoires inspirantes et de mettre en lumi\u00e8re les initiatives locales. Mon objectif est de sensibiliser et d'encourager l'engagement communautaire \u00e0 travers mes articles.","sameAs":["https:\/\/vieassociative.be\/"]}]}},"_links":{"self":[{"href":"https:\/\/vieassociative.be\/actualites\/wp-json\/wp\/v2\/posts\/657"}],"collection":[{"href":"https:\/\/vieassociative.be\/actualites\/wp-json\/wp\/v2\/posts"}],"about":[{"href":"https:\/\/vieassociative.be\/actualites\/wp-json\/wp\/v2\/types\/post"}],"author":[{"embeddable":true,"href":"https:\/\/vieassociative.be\/actualites\/wp-json\/wp\/v2\/users\/1"}],"replies":[{"embeddable":true,"href":"https:\/\/vieassociative.be\/actualites\/wp-json\/wp\/v2\/comments?post=657"}],"version-history":[{"count":0,"href":"https:\/\/vieassociative.be\/actualites\/wp-json\/wp\/v2\/posts\/657\/revisions"}],"wp:featuredmedia":[{"embeddable":true,"href":"https:\/\/vieassociative.be\/actualites\/wp-json\/wp\/v2\/media\/658"}],"wp:attachment":[{"href":"https:\/\/vieassociative.be\/actualites\/wp-json\/wp\/v2\/media?parent=657"}],"wp:term":[{"taxonomy":"category","embeddable":true,"href":"https:\/\/vieassociative.be\/actualites\/wp-json\/wp\/v2\/categories?post=657"},{"taxonomy":"post_tag","embeddable":true,"href":"https:\/\/vieassociative.be\/actualites\/wp-json\/wp\/v2\/tags?post=657"}],"curies":[{"name":"wp","href":"https:\/\/api.w.org\/{rel}","templated":true}]}}