{"id":6569,"date":"2025-04-09T16:18:51","date_gmt":"2025-04-09T14:18:51","guid":{"rendered":"https:\/\/vieassociative.be\/actualites\/les-negociations-de-coalition-entre-lunion-et-le-spd-apparemment-peu-de-temps-avant-lachevement\/"},"modified":"2025-04-09T16:18:51","modified_gmt":"2025-04-09T14:18:51","slug":"les-negociations-de-coalition-entre-lunion-et-le-spd-apparemment-peu-de-temps-avant-lachevement","status":"publish","type":"post","link":"https:\/\/vieassociative.be\/actualites\/les-negociations-de-coalition-entre-lunion-et-le-spd-apparemment-peu-de-temps-avant-lachevement\/","title":{"rendered":"Les n\u00e9gociations de coalition entre l&rsquo;Union et le SPD apparemment peu de temps avant l&rsquo;ach\u00e8vement"},"content":{"rendered":"<p><strong>Dans l&rsquo;attente d&rsquo;un accord dans les prochaines heures, les principaux repr\u00e9sentants de la CDU, du CSU et du SPD en Allemagne se sont r\u00e9unis pour le dernier tour de leurs n\u00e9gociations de coalition.<\/strong><\/p>\n<p><span id=\"more-413093\"><\/span>\u00ab\u00a0Nous sommes sur les derniers m\u00e8tres\u00a0\u00bb, a d\u00e9clar\u00e9 le pr\u00e9sident adjoint de la CDU, Karin Prien, \u00e0 son arriv\u00e9e au si\u00e8ge de la CDU \u00e0 Berlin. Elle est \u00ab\u00a0de bonnes choses que nous allons arriver \u00e0 un bon r\u00e9sultat aujourd&rsquo;hui\u00a0\u00bb.<\/p>\n<p>Le premier directeur g\u00e9n\u00e9ral parlementaire du groupe parlementaire CDU \/ CSU dans le Bundestag, Thorsten Frei, a r\u00e9pondu \u00e0 la question de savoir si le sac serait ferm\u00e9 aujourd&rsquo;hui: \u00ab\u00a0certainement\u00a0\u00bb. Les principaux politiciens du SPD \u00e9taient \u00e9galement optimistes. \u00ab\u00a0Cela vaut la peine d&rsquo;attendre aujourd&rsquo;hui\u00a0\u00bb, a d\u00e9clar\u00e9 le secr\u00e9taire g\u00e9n\u00e9ral du SPD Matthias Miersch aux journalistes qui s&rsquo;\u00e9taient rassembl\u00e9s devant le si\u00e8ge de la CDU.<\/p>\n<div id=\"attachment_413097\" class=\"wp-caption alignleft\" style=\"max-width: 300px\"><img fetchpriority=\"high\" decoding=\"async\" class=\"wp-image-413097 size-medium\" src=\"https:\/\/vieassociative.be\/actualites\/wp-content\/uploads\/2025\/04\/Les-negociations-de-coalition-entre-lUnion-et-le-SPD-apparemment.jpg\" alt=\"\" width=\"300\" height=\"192\"><\/p>\n<p class=\"wp-caption-text\">28.03.2025, Berlin: Markus S\u00f6der (CSU, LR), Premier ministre de Bavi\u00e8re et pr\u00e9sident de la CSU, Friedrich Merz, candidat de l&rsquo;Union et pr\u00e9sident f\u00e9d\u00e9ral de la CDU, Lars Klingbeil, SPD Parliamentary Group et pr\u00e9sident f\u00e9d\u00e9ral et Saskia Esken, SPD Pr\u00e9vuie. Photo: Michael Kappeler \/ DPA<\/p>\n<\/div>\n<p><strong>&#8211; Confiance pour toutes les personnes impliqu\u00e9es:<\/strong> \u00ab\u00a0J&rsquo;ai le sentiment que cela pourrait \u00eatre une bonne journ\u00e9e pour l&rsquo;Allemagne et la Bavi\u00e8re\u00a0\u00bb, a d\u00e9clar\u00e9 le patron de la CSU, Markus S\u00f6der. Le vice-pr\u00e9sident du SPD, Anke Rehlinger, a comment\u00e9 de mani\u00e8re similaire de mani\u00e8re positive: \u00ab\u00a0Je suis convaincu que nous pouvons d\u00e9sormais avec succ\u00e8s les uns avec les derniers m\u00e8tres.\u00a0\u00bb Lorsqu&rsquo;on lui a demand\u00e9 o\u00f9 il y avait encore du hke, le Premier ministre de Saarland a ajout\u00e9: \u00ab\u00a0Il y a toujours quelques questions \u00e0 la fin que vous devez clarifier.\u00a0\u00bb<\/p>\n<p>Le chef du gouvernement de Mecklenburg-Western Pomerania, Manuela Schwesig (SPD), a d\u00e9clar\u00e9: \u00ab\u00a0Tout le monde souhaite que nous soyons pr\u00eats, les citoyens et nous aussi. J&rsquo;esp\u00e8re que cela fonctionnera.\u00a0\u00bb<\/p>\n<p>Le chef du groupe d&rsquo;\u00c9tat de la CSU, Alexander Dobrindt, a d\u00e9clar\u00e9 \u00e0 l&rsquo;arriv\u00e9e: \u00ab\u00a0Le sprint final commence dans quelques minutes.\u00a0\u00bb Maintenant, le travail concentr\u00e9 est l&rsquo;ordre du jour.<\/p>\n<p><strong>&#8211; D&rsquo;accord jusqu&rsquo;\u00e0 l&rsquo;apr\u00e8s-midi destin\u00e9:<\/strong> Les n\u00e9gociateurs de la CDU, du CSU et du SPD souhaitent conclure un accord sur un accord de coalition d&rsquo;apr\u00e8s-midi. Si cela r\u00e9ussit, vous pr\u00e9sentera probablement les r\u00e9sultats dans une conf\u00e9rence de presse.<\/p>\n<p>Avant la nouvelle s\u00e9rie de n\u00e9gociations, le pr\u00e9sident de la CDU, Friedrich Merz, a inform\u00e9 le pr\u00e9sidium de son parti sur le statut des pourparlers. Dans l&rsquo;apr\u00e8s-midi, selon les informations de l&rsquo;agence de presse allemande, le conseil d&rsquo;administration de la CDU souhaite se r\u00e9unir pour une conf\u00e9rence de commutation, et le changement des deux factions est pr\u00e9vu pour la soir\u00e9e.<\/p>\n<p><strong>&#8211; Les n\u00e9gociations de la coalition se d\u00e9roulent depuis pr\u00e8s de quatre semaines:<\/strong> Les n\u00e9gociations de la coalition ont commenc\u00e9 le 13 mars, trois semaines apr\u00e8s les \u00e9lections de Bundestag le 23 f\u00e9vrier. Auparavant, le syndicat et le SPD avaient d\u00e9j\u00e0 convenu dans les pourparlers exploratoires \u00e0 un document de points cl\u00e9s de onze pages, qui, entre autres, pr\u00e9voyait le rel\u00e2chement de l&rsquo;infrastructure pour la d\u00e9fense et un fonds sp\u00e9cial de 500 milliards d&rsquo;euros pour les investissements, en particulier dans l&rsquo;infrastructure.<\/p>\n<\/p>\n<div id=\"attachment_413098\" class=\"wp-caption alignnone\" style=\"max-width: 300px\"><img decoding=\"async\" src=\"https:\/\/vieassociative.be\/actualites\/wp-content\/uploads\/2025\/04\/1744208331_789_Les-negociations-de-coalition-entre-lUnion-et-le-SPD-apparemment.jpg\" alt=\"\" width=\"300\" height=\"200\" class=\"size-medium wp-image-413098\"><\/p>\n<p class=\"wp-caption-text\">25.03.2025, Berlin: Friedrich Merz (LR), chef du groupe parlementaire du CDUCSU et pr\u00e9sident f\u00e9d\u00e9ral de la CDU, Lars Klingbeil, chef de groupe parlementaire SPD et pr\u00e9sident f\u00e9d\u00e9ral, et Alexander Dobrindt, chef de groupe national de la CSU, sont \u00e0 la r\u00e9union constitutive du nouveau Bundestag. Photo: Kay Nietfeld \/ DPA<\/p>\n<\/div>\n<p>Mardi, les n\u00e9gociateurs avaient lutt\u00e9 pour des compromis pendant environ 13 heures en diff\u00e9rentes tours avec diff\u00e9rentes compositions. Cependant, l&rsquo;accord final a \u00e9t\u00e9 laiss\u00e9. Les consultations \u00e9taient de \u00ab\u00a0bonne humeur\u00a0\u00bb et avec une \u00ab\u00a0dynamique extr\u00eamement \u00e9lev\u00e9e\u00a0\u00bb, a rapport\u00e9 Dobrindt. \u00ab\u00a0Beaucoup pourrait \u00eatre fait.\u00a0\u00bb<\/p>\n<p><strong>&#8211; La turbulence de l&rsquo;\u00e9conomie mondiale augmente la pression de l&rsquo;unification:<\/strong> Enfin et surtout, la situation internationale du pr\u00e9sident Donald Trump et la politique douani\u00e8re du gouvernement am\u00e9ricain ont mis les n\u00e9gociateurs sous pression suppl\u00e9mentaire pour collecter. Les experts voient de nouveaux dangers et probl\u00e8mes de r\u00e9cession pour l&rsquo;\u00e9conomie allemande orient\u00e9e vers l&rsquo;exportation en raison des tarifs am\u00e9ricains. Avec la baisse des imp\u00f4ts sur les soci\u00e9t\u00e9s, moins de bureaucratie et des prix de l&rsquo;\u00e9nergie inf\u00e9rieurs, le nouveau chancelier attendu Merz veut rester contre.<\/p>\n<p>En fait, il n&rsquo;y a pas d&rsquo;alternative \u00e0 une alliance gouvernementale de l&rsquo;Union et du SPD car le noir et le vert n&rsquo;auraient pas de majorit\u00e9 et une coop\u00e9ration avec l&rsquo;AFD est clairement exclue par la d\u00e9mocratie chr\u00e9tienne.<\/p>\n<p><strong>-R\u00e9sentation sur la base de la CDU:<\/strong> Dans la CDU, la g\u00eane a \u00e9t\u00e9 \u00e0 plusieurs reprises bruyante lors des n\u00e9gociations de coalition. Le syndicat de Junge a menac\u00e9 un accord de coalition si le changement de politique promis par Merz n&rsquo;est pas ancr\u00e9 dans la campagne \u00e9lectorale. L&rsquo;association de district Potsdam-mittelmark a appel\u00e9 \u00e0 une enqu\u00eate d&rsquo;adh\u00e9sion comme le SPD, mais cela a \u00e9t\u00e9 librement rejet\u00e9 par les directeurs g\u00e9n\u00e9raux parlementaires.<\/p>\n<p>Les troubles sont nourris par de mauvaises valeurs d&rsquo;enqu\u00eate pour le syndicat. La CDU et la CSU ont perdu plusieurs points de pourcentage depuis 28,5% des \u00e9lections f\u00e9d\u00e9rales. L&rsquo;AFD se rapproche de l&rsquo;Union et lui a m\u00eame conclu dans une enqu\u00eate par INSA.<\/p>\n<p><strong>&#8211; Formation gouvernementale avant que P\u00e2ques ne soit plus r\u00e9aliste:<\/strong> Si un accord avec la CDU \/ CSU sur un accord de coalition, le SPD souhaite que ses membres votaient num\u00e9riquement dans les dix jours. De la part de la CDU, un petit congr\u00e8s du parti d\u00e9cide du contrat, lors de la d\u00e9cision du CSU, une d\u00e9cision du conseil d&rsquo;administration est suffisante.<\/p>\n<p>En tant que chancelier f\u00e9d\u00e9ral pr\u00e9sum\u00e9 \u00e0 SPE, Merz a initialement \u00e9mis l&rsquo;objectif de former un gouvernement par P\u00e2ques. Cela ne peut plus \u00eatre r\u00e9alis\u00e9. Comme date possible pour l&rsquo;\u00e9lection du chancelier, le 7 mai est maintenant dans la salle. (DPA)<\/p>\n","protected":false},"excerpt":{"rendered":"<p>Dans l&rsquo;attente d&rsquo;un accord dans les prochaines heures, les principaux repr\u00e9sentants de la CDU, du CSU et du SPD en Allemagne se sont r\u00e9unis pour<\/p>\n","protected":false},"author":1,"featured_media":6570,"comment_status":"","ping_status":"","sticky":false,"template":"","format":"standard","meta":{"footnotes":""},"categories":[298],"tags":[3841,142,2315,70,6277,14,1143,6276,302,3248,790],"class_list":["post-6569","post","type-post","status-publish","format-standard","has-post-thumbnail","hentry","category-belgique","tag-apparemment","tag-avant","tag-coalition","tag-entre","tag-lachevement","tag-les","tag-lunion","tag-negociations","tag-peu","tag-spd","tag-temps","generate-columns","tablet-grid-50","mobile-grid-100","grid-parent","grid-33"],"yoast_head":"<!-- This site is optimized with the Yoast SEO plugin v24.0 - https:\/\/yoast.com\/wordpress\/plugins\/seo\/ -->\n<title>Les n\u00e9gociations de coalition entre l&#039;Union et le SPD apparemment peu de temps avant l&#039;ach\u00e8vement | Vie Associative<\/title>\n<meta name=\"robots\" content=\"index, follow, max-snippet:-1, max-image-preview:large, max-video-preview:-1\" \/>\n<link rel=\"canonical\" href=\"https:\/\/vieassociative.be\/actualites\/les-negociations-de-coalition-entre-lunion-et-le-spd-apparemment-peu-de-temps-avant-lachevement\/\" \/>\n<meta property=\"og:locale\" content=\"fr_FR\" \/>\n<meta property=\"og:type\" content=\"article\" \/>\n<meta property=\"og:title\" content=\"Les n\u00e9gociations de coalition entre l&#039;Union et le SPD apparemment peu de temps avant l&#039;ach\u00e8vement | Vie Associative\" \/>\n<meta property=\"og:description\" content=\"Dans l&rsquo;attente d&rsquo;un accord dans les prochaines heures, les principaux repr\u00e9sentants de la CDU, du CSU et du SPD en Allemagne se sont r\u00e9unis pour\" \/>\n<meta property=\"og:url\" content=\"https:\/\/vieassociative.be\/actualites\/les-negociations-de-coalition-entre-lunion-et-le-spd-apparemment-peu-de-temps-avant-lachevement\/\" \/>\n<meta property=\"og:site_name\" content=\"Vie Associative\" \/>\n<meta property=\"article:published_time\" content=\"2025-04-09T14:18:51+00:00\" \/>\n<meta property=\"og:image\" content=\"https:\/\/vieassociative.be\/actualites\/wp-content\/uploads\/2024\/09\/header_backgroundk-01-e1726694325946.png\" \/>\n\t<meta property=\"og:image:width\" content=\"279\" \/>\n\t<meta property=\"og:image:height\" content=\"92\" \/>\n\t<meta property=\"og:image:type\" content=\"image\/png\" \/>\n<meta name=\"author\" content=\"Julien\" \/>\n<meta name=\"twitter:card\" content=\"summary_large_image\" \/>\n<meta name=\"twitter:label1\" content=\"\u00c9crit par\" \/>\n\t<meta name=\"twitter:data1\" content=\"Julien\" \/>\n\t<meta name=\"twitter:label2\" content=\"Dur\u00e9e de lecture est.\" \/>\n\t<meta name=\"twitter:data2\" content=\"5 minutes\" \/>\n<script type=\"application\/ld+json\" class=\"yoast-schema-graph\">{\"@context\":\"https:\/\/schema.org\",\"@graph\":[{\"@type\":\"Article\",\"@id\":\"https:\/\/vieassociative.be\/actualites\/les-negociations-de-coalition-entre-lunion-et-le-spd-apparemment-peu-de-temps-avant-lachevement\/#article\",\"isPartOf\":{\"@id\":\"https:\/\/vieassociative.be\/actualites\/les-negociations-de-coalition-entre-lunion-et-le-spd-apparemment-peu-de-temps-avant-lachevement\/\"},\"author\":{\"name\":\"Julien\",\"@id\":\"https:\/\/vieassociative.be\/actualites\/#\/schema\/person\/b87ac4f82f9d4e7b7cec7395b679edc4\"},\"headline\":\"Les n\u00e9gociations de coalition entre l&rsquo;Union et le SPD apparemment peu de temps avant l&rsquo;ach\u00e8vement\",\"datePublished\":\"2025-04-09T14:18:51+00:00\",\"dateModified\":\"2025-04-09T14:18:51+00:00\",\"mainEntityOfPage\":{\"@id\":\"https:\/\/vieassociative.be\/actualites\/les-negociations-de-coalition-entre-lunion-et-le-spd-apparemment-peu-de-temps-avant-lachevement\/\"},\"wordCount\":1104,\"publisher\":{\"@id\":\"https:\/\/vieassociative.be\/actualites\/#organization\"},\"image\":{\"@id\":\"https:\/\/vieassociative.be\/actualites\/les-negociations-de-coalition-entre-lunion-et-le-spd-apparemment-peu-de-temps-avant-lachevement\/#primaryimage\"},\"thumbnailUrl\":\"https:\/\/vieassociative.be\/actualites\/wp-content\/uploads\/2025\/04\/1744208331_Les-negociations-de-coalition-entre-lUnion-et-le-SPD-apparemment.jpg\",\"keywords\":[\"apparemment\",\"avant\",\"coalition\",\"entre\",\"lach\u00e8vement\",\"Les\",\"lUnion\",\"n\u00e9gociations\",\"peu\",\"SPD\",\"temps\"],\"articleSection\":[\"Belgique\"],\"inLanguage\":\"fr-BE\"},{\"@type\":\"WebPage\",\"@id\":\"https:\/\/vieassociative.be\/actualites\/les-negociations-de-coalition-entre-lunion-et-le-spd-apparemment-peu-de-temps-avant-lachevement\/\",\"url\":\"https:\/\/vieassociative.be\/actualites\/les-negociations-de-coalition-entre-lunion-et-le-spd-apparemment-peu-de-temps-avant-lachevement\/\",\"name\":\"Les n\u00e9gociations de coalition entre l'Union et le SPD apparemment peu de temps avant l'ach\u00e8vement | Vie Associative\",\"isPartOf\":{\"@id\":\"https:\/\/vieassociative.be\/actualites\/#website\"},\"primaryImageOfPage\":{\"@id\":\"https:\/\/vieassociative.be\/actualites\/les-negociations-de-coalition-entre-lunion-et-le-spd-apparemment-peu-de-temps-avant-lachevement\/#primaryimage\"},\"image\":{\"@id\":\"https:\/\/vieassociative.be\/actualites\/les-negociations-de-coalition-entre-lunion-et-le-spd-apparemment-peu-de-temps-avant-lachevement\/#primaryimage\"},\"thumbnailUrl\":\"https:\/\/vieassociative.be\/actualites\/wp-content\/uploads\/2025\/04\/1744208331_Les-negociations-de-coalition-entre-lUnion-et-le-SPD-apparemment.jpg\",\"datePublished\":\"2025-04-09T14:18:51+00:00\",\"dateModified\":\"2025-04-09T14:18:51+00:00\",\"breadcrumb\":{\"@id\":\"https:\/\/vieassociative.be\/actualites\/les-negociations-de-coalition-entre-lunion-et-le-spd-apparemment-peu-de-temps-avant-lachevement\/#breadcrumb\"},\"inLanguage\":\"fr-BE\",\"potentialAction\":[{\"@type\":\"ReadAction\",\"target\":[\"https:\/\/vieassociative.be\/actualites\/les-negociations-de-coalition-entre-lunion-et-le-spd-apparemment-peu-de-temps-avant-lachevement\/\"]}]},{\"@type\":\"ImageObject\",\"inLanguage\":\"fr-BE\",\"@id\":\"https:\/\/vieassociative.be\/actualites\/les-negociations-de-coalition-entre-lunion-et-le-spd-apparemment-peu-de-temps-avant-lachevement\/#primaryimage\",\"url\":\"https:\/\/vieassociative.be\/actualites\/wp-content\/uploads\/2025\/04\/1744208331_Les-negociations-de-coalition-entre-lUnion-et-le-SPD-apparemment.jpg\",\"contentUrl\":\"https:\/\/vieassociative.be\/actualites\/wp-content\/uploads\/2025\/04\/1744208331_Les-negociations-de-coalition-entre-lUnion-et-le-SPD-apparemment.jpg\",\"width\":1200,\"height\":800,\"caption\":\"Les n\u00e9gociations de coalition entre l'Union et le SPD apparemment peu de temps avant l'ach\u00e8vement\"},{\"@type\":\"BreadcrumbList\",\"@id\":\"https:\/\/vieassociative.be\/actualites\/les-negociations-de-coalition-entre-lunion-et-le-spd-apparemment-peu-de-temps-avant-lachevement\/#breadcrumb\",\"itemListElement\":[{\"@type\":\"ListItem\",\"position\":1,\"name\":\"Accueil\",\"item\":\"https:\/\/vieassociative.be\/actualites\/\"},{\"@type\":\"ListItem\",\"position\":2,\"name\":\"Les n\u00e9gociations de coalition entre l&rsquo;Union et le SPD apparemment peu de temps avant l&rsquo;ach\u00e8vement\"}]},{\"@type\":\"WebSite\",\"@id\":\"https:\/\/vieassociative.be\/actualites\/#website\",\"url\":\"https:\/\/vieassociative.be\/actualites\/\",\"name\":\"Vie Associative\",\"description\":\"\",\"publisher\":{\"@id\":\"https:\/\/vieassociative.be\/actualites\/#organization\"},\"potentialAction\":[{\"@type\":\"SearchAction\",\"target\":{\"@type\":\"EntryPoint\",\"urlTemplate\":\"https:\/\/vieassociative.be\/actualites\/?s={search_term_string}\"},\"query-input\":{\"@type\":\"PropertyValueSpecification\",\"valueRequired\":true,\"valueName\":\"search_term_string\"}}],\"inLanguage\":\"fr-BE\"},{\"@type\":\"Organization\",\"@id\":\"https:\/\/vieassociative.be\/actualites\/#organization\",\"name\":\"Vie Associative\",\"url\":\"https:\/\/vieassociative.be\/actualites\/\",\"logo\":{\"@type\":\"ImageObject\",\"inLanguage\":\"fr-BE\",\"@id\":\"https:\/\/vieassociative.be\/actualites\/#\/schema\/logo\/image\/\",\"url\":\"https:\/\/vieassociative.be\/actualites\/wp-content\/uploads\/2024\/09\/cropped-vieassociative_favicon.ico.png\",\"contentUrl\":\"https:\/\/vieassociative.be\/actualites\/wp-content\/uploads\/2024\/09\/cropped-vieassociative_favicon.ico.png\",\"width\":512,\"height\":512,\"caption\":\"Vie Associative\"},\"image\":{\"@id\":\"https:\/\/vieassociative.be\/actualites\/#\/schema\/logo\/image\/\"}},{\"@type\":\"Person\",\"@id\":\"https:\/\/vieassociative.be\/actualites\/#\/schema\/person\/b87ac4f82f9d4e7b7cec7395b679edc4\",\"name\":\"Julien\",\"image\":{\"@type\":\"ImageObject\",\"inLanguage\":\"fr-BE\",\"@id\":\"https:\/\/vieassociative.be\/actualites\/#\/schema\/person\/image\/\",\"url\":\"https:\/\/vieassociative.be\/actualites\/wp-content\/uploads\/2024\/09\/vie-associative-1-150x150.jpg\",\"contentUrl\":\"https:\/\/vieassociative.be\/actualites\/wp-content\/uploads\/2024\/09\/vie-associative-1-150x150.jpg\",\"caption\":\"Julien\"},\"description\":\"Je suis Julien, r\u00e9dacteur pour Vie Associative. Passionn\u00e9 par le monde associatif depuis plus de 10 ans, j'ai \u00e0 c\u0153ur de partager des histoires inspirantes et de mettre en lumi\u00e8re les initiatives locales. Mon objectif est de sensibiliser et d'encourager l'engagement communautaire \u00e0 travers mes articles.\",\"sameAs\":[\"https:\/\/vieassociative.be\/\"]}]}<\/script>\n<!-- \/ Yoast SEO plugin. -->","yoast_head_json":{"title":"Les n\u00e9gociations de coalition entre l'Union et le SPD apparemment peu de temps avant l'ach\u00e8vement | Vie Associative","robots":{"index":"index","follow":"follow","max-snippet":"max-snippet:-1","max-image-preview":"max-image-preview:large","max-video-preview":"max-video-preview:-1"},"canonical":"https:\/\/vieassociative.be\/actualites\/les-negociations-de-coalition-entre-lunion-et-le-spd-apparemment-peu-de-temps-avant-lachevement\/","og_locale":"fr_FR","og_type":"article","og_title":"Les n\u00e9gociations de coalition entre l'Union et le SPD apparemment peu de temps avant l'ach\u00e8vement | Vie Associative","og_description":"Dans l&rsquo;attente d&rsquo;un accord dans les prochaines heures, les principaux repr\u00e9sentants de la CDU, du CSU et du SPD en Allemagne se sont r\u00e9unis pour","og_url":"https:\/\/vieassociative.be\/actualites\/les-negociations-de-coalition-entre-lunion-et-le-spd-apparemment-peu-de-temps-avant-lachevement\/","og_site_name":"Vie Associative","article_published_time":"2025-04-09T14:18:51+00:00","og_image":[{"width":279,"height":92,"url":"https:\/\/vieassociative.be\/actualites\/wp-content\/uploads\/2024\/09\/header_backgroundk-01-e1726694325946.png","type":"image\/png"}],"author":"Julien","twitter_card":"summary_large_image","twitter_misc":{"\u00c9crit par":"Julien","Dur\u00e9e de lecture est.":"5 minutes"},"schema":{"@context":"https:\/\/schema.org","@graph":[{"@type":"Article","@id":"https:\/\/vieassociative.be\/actualites\/les-negociations-de-coalition-entre-lunion-et-le-spd-apparemment-peu-de-temps-avant-lachevement\/#article","isPartOf":{"@id":"https:\/\/vieassociative.be\/actualites\/les-negociations-de-coalition-entre-lunion-et-le-spd-apparemment-peu-de-temps-avant-lachevement\/"},"author":{"name":"Julien","@id":"https:\/\/vieassociative.be\/actualites\/#\/schema\/person\/b87ac4f82f9d4e7b7cec7395b679edc4"},"headline":"Les n\u00e9gociations de coalition entre l&rsquo;Union et le SPD apparemment peu de temps avant l&rsquo;ach\u00e8vement","datePublished":"2025-04-09T14:18:51+00:00","dateModified":"2025-04-09T14:18:51+00:00","mainEntityOfPage":{"@id":"https:\/\/vieassociative.be\/actualites\/les-negociations-de-coalition-entre-lunion-et-le-spd-apparemment-peu-de-temps-avant-lachevement\/"},"wordCount":1104,"publisher":{"@id":"https:\/\/vieassociative.be\/actualites\/#organization"},"image":{"@id":"https:\/\/vieassociative.be\/actualites\/les-negociations-de-coalition-entre-lunion-et-le-spd-apparemment-peu-de-temps-avant-lachevement\/#primaryimage"},"thumbnailUrl":"https:\/\/vieassociative.be\/actualites\/wp-content\/uploads\/2025\/04\/1744208331_Les-negociations-de-coalition-entre-lUnion-et-le-SPD-apparemment.jpg","keywords":["apparemment","avant","coalition","entre","lach\u00e8vement","Les","lUnion","n\u00e9gociations","peu","SPD","temps"],"articleSection":["Belgique"],"inLanguage":"fr-BE"},{"@type":"WebPage","@id":"https:\/\/vieassociative.be\/actualites\/les-negociations-de-coalition-entre-lunion-et-le-spd-apparemment-peu-de-temps-avant-lachevement\/","url":"https:\/\/vieassociative.be\/actualites\/les-negociations-de-coalition-entre-lunion-et-le-spd-apparemment-peu-de-temps-avant-lachevement\/","name":"Les n\u00e9gociations de coalition entre l'Union et le SPD apparemment peu de temps avant l'ach\u00e8vement | Vie Associative","isPartOf":{"@id":"https:\/\/vieassociative.be\/actualites\/#website"},"primaryImageOfPage":{"@id":"https:\/\/vieassociative.be\/actualites\/les-negociations-de-coalition-entre-lunion-et-le-spd-apparemment-peu-de-temps-avant-lachevement\/#primaryimage"},"image":{"@id":"https:\/\/vieassociative.be\/actualites\/les-negociations-de-coalition-entre-lunion-et-le-spd-apparemment-peu-de-temps-avant-lachevement\/#primaryimage"},"thumbnailUrl":"https:\/\/vieassociative.be\/actualites\/wp-content\/uploads\/2025\/04\/1744208331_Les-negociations-de-coalition-entre-lUnion-et-le-SPD-apparemment.jpg","datePublished":"2025-04-09T14:18:51+00:00","dateModified":"2025-04-09T14:18:51+00:00","breadcrumb":{"@id":"https:\/\/vieassociative.be\/actualites\/les-negociations-de-coalition-entre-lunion-et-le-spd-apparemment-peu-de-temps-avant-lachevement\/#breadcrumb"},"inLanguage":"fr-BE","potentialAction":[{"@type":"ReadAction","target":["https:\/\/vieassociative.be\/actualites\/les-negociations-de-coalition-entre-lunion-et-le-spd-apparemment-peu-de-temps-avant-lachevement\/"]}]},{"@type":"ImageObject","inLanguage":"fr-BE","@id":"https:\/\/vieassociative.be\/actualites\/les-negociations-de-coalition-entre-lunion-et-le-spd-apparemment-peu-de-temps-avant-lachevement\/#primaryimage","url":"https:\/\/vieassociative.be\/actualites\/wp-content\/uploads\/2025\/04\/1744208331_Les-negociations-de-coalition-entre-lUnion-et-le-SPD-apparemment.jpg","contentUrl":"https:\/\/vieassociative.be\/actualites\/wp-content\/uploads\/2025\/04\/1744208331_Les-negociations-de-coalition-entre-lUnion-et-le-SPD-apparemment.jpg","width":1200,"height":800,"caption":"Les n\u00e9gociations de coalition entre l'Union et le SPD apparemment peu de temps avant l'ach\u00e8vement"},{"@type":"BreadcrumbList","@id":"https:\/\/vieassociative.be\/actualites\/les-negociations-de-coalition-entre-lunion-et-le-spd-apparemment-peu-de-temps-avant-lachevement\/#breadcrumb","itemListElement":[{"@type":"ListItem","position":1,"name":"Accueil","item":"https:\/\/vieassociative.be\/actualites\/"},{"@type":"ListItem","position":2,"name":"Les n\u00e9gociations de coalition entre l&rsquo;Union et le SPD apparemment peu de temps avant l&rsquo;ach\u00e8vement"}]},{"@type":"WebSite","@id":"https:\/\/vieassociative.be\/actualites\/#website","url":"https:\/\/vieassociative.be\/actualites\/","name":"Vie Associative","description":"","publisher":{"@id":"https:\/\/vieassociative.be\/actualites\/#organization"},"potentialAction":[{"@type":"SearchAction","target":{"@type":"EntryPoint","urlTemplate":"https:\/\/vieassociative.be\/actualites\/?s={search_term_string}"},"query-input":{"@type":"PropertyValueSpecification","valueRequired":true,"valueName":"search_term_string"}}],"inLanguage":"fr-BE"},{"@type":"Organization","@id":"https:\/\/vieassociative.be\/actualites\/#organization","name":"Vie Associative","url":"https:\/\/vieassociative.be\/actualites\/","logo":{"@type":"ImageObject","inLanguage":"fr-BE","@id":"https:\/\/vieassociative.be\/actualites\/#\/schema\/logo\/image\/","url":"https:\/\/vieassociative.be\/actualites\/wp-content\/uploads\/2024\/09\/cropped-vieassociative_favicon.ico.png","contentUrl":"https:\/\/vieassociative.be\/actualites\/wp-content\/uploads\/2024\/09\/cropped-vieassociative_favicon.ico.png","width":512,"height":512,"caption":"Vie Associative"},"image":{"@id":"https:\/\/vieassociative.be\/actualites\/#\/schema\/logo\/image\/"}},{"@type":"Person","@id":"https:\/\/vieassociative.be\/actualites\/#\/schema\/person\/b87ac4f82f9d4e7b7cec7395b679edc4","name":"Julien","image":{"@type":"ImageObject","inLanguage":"fr-BE","@id":"https:\/\/vieassociative.be\/actualites\/#\/schema\/person\/image\/","url":"https:\/\/vieassociative.be\/actualites\/wp-content\/uploads\/2024\/09\/vie-associative-1-150x150.jpg","contentUrl":"https:\/\/vieassociative.be\/actualites\/wp-content\/uploads\/2024\/09\/vie-associative-1-150x150.jpg","caption":"Julien"},"description":"Je suis Julien, r\u00e9dacteur pour Vie Associative. Passionn\u00e9 par le monde associatif depuis plus de 10 ans, j'ai \u00e0 c\u0153ur de partager des histoires inspirantes et de mettre en lumi\u00e8re les initiatives locales. Mon objectif est de sensibiliser et d'encourager l'engagement communautaire \u00e0 travers mes articles.","sameAs":["https:\/\/vieassociative.be\/"]}]}},"_links":{"self":[{"href":"https:\/\/vieassociative.be\/actualites\/wp-json\/wp\/v2\/posts\/6569"}],"collection":[{"href":"https:\/\/vieassociative.be\/actualites\/wp-json\/wp\/v2\/posts"}],"about":[{"href":"https:\/\/vieassociative.be\/actualites\/wp-json\/wp\/v2\/types\/post"}],"author":[{"embeddable":true,"href":"https:\/\/vieassociative.be\/actualites\/wp-json\/wp\/v2\/users\/1"}],"replies":[{"embeddable":true,"href":"https:\/\/vieassociative.be\/actualites\/wp-json\/wp\/v2\/comments?post=6569"}],"version-history":[{"count":0,"href":"https:\/\/vieassociative.be\/actualites\/wp-json\/wp\/v2\/posts\/6569\/revisions"}],"wp:featuredmedia":[{"embeddable":true,"href":"https:\/\/vieassociative.be\/actualites\/wp-json\/wp\/v2\/media\/6570"}],"wp:attachment":[{"href":"https:\/\/vieassociative.be\/actualites\/wp-json\/wp\/v2\/media?parent=6569"}],"wp:term":[{"taxonomy":"category","embeddable":true,"href":"https:\/\/vieassociative.be\/actualites\/wp-json\/wp\/v2\/categories?post=6569"},{"taxonomy":"post_tag","embeddable":true,"href":"https:\/\/vieassociative.be\/actualites\/wp-json\/wp\/v2\/tags?post=6569"}],"curies":[{"name":"wp","href":"https:\/\/api.w.org\/{rel}","templated":true}]}}