{"id":6567,"date":"2025-04-09T15:17:33","date_gmt":"2025-04-09T13:17:33","guid":{"rendered":"https:\/\/vieassociative.be\/actualites\/cette-camera-de-securite-sans-fil-arlo-est-a-son-prix-le-plus-bas-pour-le-moment\/"},"modified":"2025-04-09T15:17:33","modified_gmt":"2025-04-09T13:17:33","slug":"cette-camera-de-securite-sans-fil-arlo-est-a-son-prix-le-plus-bas-pour-le-moment","status":"publish","type":"post","link":"https:\/\/vieassociative.be\/actualites\/cette-camera-de-securite-sans-fil-arlo-est-a-son-prix-le-plus-bas-pour-le-moment\/","title":{"rendered":"Cette cam\u00e9ra de s\u00e9curit\u00e9 sans fil Arlo est \u00e0 son prix le plus bas pour le moment"},"content":{"rendered":"<div class=\"mt-4 leading-6 md:mb-8\">Une cam\u00e9ra ext\u00e9rieure sans fil, amorc\u00e9e d&rsquo;un panneau solaire &#8211; ce qui signifie moins de voyages dans l&rsquo;\u00e9chelle pour se recharger.<\/div>\n<p><\/p>\n<p>Si vous cherchez une cam\u00e9ra en plein air sans fil qui n&rsquo;a pas besoin d&rsquo;un baby-sitting constant, la cam\u00e9ra de s\u00e9curit\u00e9 sans fil ARLO (2e g\u00e9n\u00e9ration) avec un panneau solaire est maintenant \u00e0 son prix le plus bas (selon les trackers de prix) &#8211; 69,99 $, contre 99,99 $. <\/p>\n<div class=\"pogoClear mb-12 mt-10 rounded-md border-2 border-gray-100 py-7 shadow-xl md:py-6\">\n<div class=\"flex flex-wrap justify-between px-7 text-black no-underline md:flex-nowrap md:px-8\">\n<div class=\"order-1 mx-auto flex flex-col justify-center md:order-2 md:ml-4 md:w-full md:grow\">\n<div class=\"block cursor-pointer text-center font-akshar text-2xl font-medium leading-7 text-brand-green duration-200 ease-in-out hover:text-brand-green-700 md:text-left md:text-xl md:leading-6\">Cam\u00e9ra de s\u00e9curit\u00e9 sans fil ARLO Essential\n                <\/div>\n<div class=\"mt-4 hidden md:flex md:justify-between\">\n<div class=\"self-end\">\n<div class=\"mb-0 h-11 md:flex md:flex-col md:justify-center\">\n<div class=\" font-sans leading-4 text-black\">\n<div class=\"flex flex-wrap items-center justify-center gap-x-1 md:justify-start\">\n        <span class=\"font-bold\"><\/p>\n<p>            69,99 $<br \/>\n                            <span class=\"font-medium\">\u00e0 Amazon<\/span><br \/>\n                    <\/span><br \/>\n                    <img decoding=\"async\" class=\"mt-0 h-(15px)\" src=\"https:\/\/vieassociative.be\/actualites\/wp-content\/uploads\/2025\/04\/Cette-camera-de-securite-sans-fil-Arlo-est-a-son.svg.svg+xml\" title=\"Amazon Prime\" alt=\"Amazon Prime\">\n            <\/div>\n<div class=\"flex items-center justify-center gap-x-1 font-bold md:justify-start\">\n            <span class=\"text-sm line-through\">99,99 $<\/span><br \/>\n            <span class=\"text-sm text-brand-green\">\u00c9conomisez 30,00 $<\/span>\n        <\/div>\n<\/p><\/div>\n<\/p><\/div>\n<\/p><\/div>\n<div class=\"w-44 self-end\">\n                            <button class=\"flex justify-center items-center w-full bg-brand-green text-white text-base font-sans font-medium rounded-md hover:bg-brand-green-700 hover:cursor-pointer md:text-sm h-11\"><\/p>\n<p>    Conclure un accord<br \/>\n<\/button>\n                        <\/div>\n<\/p><\/div>\n<\/p><\/div>\n<div class=\"order-2 mt-5 h-auto w-full md:order-1 md:mt-0 md:hidden\">\n<div class=\"flex aspect-video items-center justify-center\">\n                                            <img decoding=\"async\" class=\"m-0 max-h-full max-w-full rounded-md\" src=\"https:\/\/vieassociative.be\/actualites\/wp-content\/uploads\/2025\/04\/Cette-camera-de-securite-sans-fil-Arlo-est-a-son.jpg\" alt=\"ARLO Essential Wireless Security Camera 2nd Gen avec panneau solaire - Cam\u00e9ra sans fil ext\u00e9rieure et int\u00e9rieure avec projecteur int\u00e9gr\u00e9, vision nocturne de couleur, capteur de mouvement et configuration du bricolage - blanc, 1 pack, VMK3050\" width=\"auto\" height=\"auto\" loading=\"lazy\">\n                                    <\/div>\n<\/p><\/div>\n<div class=\"order-2 ml-2 hidden w-32 shrink-0 items-center md:order-1 md:ml-0 md:flex\">\n<div class=\"flex aspect-video items-center justify-center\">\n                                            <img decoding=\"async\" class=\"m-0 max-h-full max-w-full rounded-md\" src=\"https:\/\/vieassociative.be\/actualites\/wp-content\/uploads\/2025\/04\/Cette-camera-de-securite-sans-fil-Arlo-est-a-son.jpg\" alt=\"ARLO Essential Wireless Security Camera 2nd Gen avec panneau solaire - Cam\u00e9ra sans fil ext\u00e9rieure et int\u00e9rieure avec projecteur int\u00e9gr\u00e9, vision nocturne de couleur, capteur de mouvement et configuration du bricolage - blanc, 1 pack, VMK3050\" width=\"auto\" height=\"auto\" loading=\"lazy\">\n                                    <\/div>\n<\/p><\/div>\n<div class=\"order-3 flex grow flex-wrap md:hidden md:grow-0\">\n<div class=\"mt-4 w-full\">\n                        <button class=\"flex justify-center items-center w-full bg-brand-green text-white text-base font-sans font-medium rounded-md hover:bg-brand-green-700 hover:cursor-pointer md:text-sm h-11\"><\/p>\n<p>    Conclure un accord<br \/>\n<\/button>\n                    <\/div>\n<div class=\"mx-2 mt-4 w-full\">\n<div class=\" font-sans leading-4 text-black\">\n<div class=\"flex flex-wrap items-center justify-center gap-x-1 md:justify-start\">\n        <span class=\"font-bold\"><\/p>\n<p>            69,99 $<br \/>\n                            <span class=\"font-medium\">\u00e0 Amazon<\/span><br \/>\n                    <\/span><br \/>\n                    <img decoding=\"async\" class=\"mt-0 h-(15px)\" src=\"https:\/\/vieassociative.be\/actualites\/wp-content\/uploads\/2025\/04\/Cette-camera-de-securite-sans-fil-Arlo-est-a-son.svg.svg+xml\" title=\"Amazon Prime\" alt=\"Amazon Prime\">\n            <\/div>\n<div class=\"flex items-center justify-center gap-x-1 font-bold md:justify-start\">\n            <span class=\"text-sm line-through\">99,99 $<\/span><br \/>\n            <span class=\"text-sm text-brand-green\">\u00c9conomisez 30,00 $<\/span>\n        <\/div>\n<\/p><\/div>\n<\/p><\/div>\n<\/p><\/div>\n<\/p><\/div>\n<\/div>\n<p>Con\u00e7u pour la configuration du bricolage, il est enti\u00e8rement sans fil, avec une batterie rechargeable int\u00e9gr\u00e9e et un port USB-C au cas o\u00f9 vous souhaitez le charger manuellement. La cam\u00e9ra connecte plus de 2,4 GHz WiFi et enregistre une vid\u00e9o 2K Sharp avec un champ de vue de 130 degr\u00e9s et un zoom num\u00e9rique 12x. Il capture la vid\u00e9o couleur la nuit lorsque les projecteurs sont allum\u00e9s. Sinon, il passe au noir et blanc via l&rsquo;infrarouge. Il y a aussi un capteur de mouvement, un micro, un haut-parleur et une sir\u00e8ne int\u00e9gr\u00e9e, que vous pouvez activer \u00e0 partir de l&rsquo;application ou la laisser se d\u00e9clencher automatiquement. Il joue bien avec Alexa et Google Assistant, et vous pouvez configurer des routines avec IFTTT. Remarque &#8211; il ne prend pas en charge Apple Homekit, donc si vous \u00eates profond\u00e9ment dans l&rsquo;\u00e9cosyst\u00e8me Apple, ce n&rsquo;est peut-\u00eatre pas pour vous.<\/p>\n<div class=\"pogoClear relative my-10 border-b-(1.5px) border-t-(1.5px) border-dashed border-black py-5 sm:my-14 sm:border-0 sm:py-0\" x-cloak x-data=\"{ commentsCount: null }\" x-init=\"commentsCount = await window.openweb.getMessagesCount(01JRCPMS1ZB0S6XG66D6V43ZQJ)\" x-show=\"commentsCount !== null &amp;&amp; commentsCount &gt; 0\">\n<div class=\"absolute top-1\/2 hidden w-full -translate-y-1\/2 border-t-(1.5px) border-dashed border-black sm:block\"><\/div>\n<div class=\"relative flex justify-center\">\n<div class=\"flex max-w-max items-center gap-x-3 bg-white px-5\">\n<div class=\"relative\">\n                <span class=\"absolute left-1\/2 top-1\/2 -translate-x-1\/2 -translate-y-1\/2 font-akshar text-sm font-medium text-black\" x-text=\"commentsCount\"><\/span><\/p>\n<p>                <svg class=\"h-8 w-8 text-black\">\n                    <use href=\"http:\/\/lifehacker.com\/images\/icons\/spritemap.svg#sprite-chat-bubble\"><\/use>\n                <\/svg>\n            <\/div>\n<p>            <span class=\"text-sm font-medium text-black\">Que pensez-vous jusqu&rsquo;\u00e0 pr\u00e9sent? <button class=\"font-semibold text-brand-green underline hover:text-brand-green-700\" onclick=\"window.openweb.scrollToComments(01JRCPMS1ZB0S6XG66D6V43ZQJ)\">Publier un commentaire.<\/button><\/span>\n        <\/div>\n<\/p><\/div>\n<\/div>\n<p>Cela dit, vous aurez besoin d&rsquo;un abonnement ARLO Secure pour acc\u00e9der aux enregistrements cloud et aux alertes intelligentes. Sans cela, la cam\u00e9ra ne stockera aucune s\u00e9quence, ce qui signifie que vous ne pouvez pas afficher les enregistrements &#8211; seulement des images en direct. Pour 7,99 $ \/ mois, vous obtenez 60 jours d&rsquo;historique vid\u00e9o pour une cam\u00e9ra et des alertes intelligentes pour les personnes, les forfaits, les animaux de compagnie et plus encore. Le plan premium de 24,99 $ \/ mois ajoute une option d&rsquo;intervention d&rsquo;urgence 24\/7. L&rsquo;application mobile est l&rsquo;endroit o\u00f9 vous ferez tout &#8211; visualisez des flux en direct, d\u00e9finissez des zones de mouvement, d\u00e9clenchez la sir\u00e8ne ou parlez du micro \u00e0 double sens. Ce n&rsquo;est pas l&rsquo;option la plus abordable \u00e0 long terme avec ce co\u00fbt mensuel, mais pour 70 $ \u00e0 l&rsquo;avance &#8211; plus un panneau solaire &#8211; cela peut en valoir la peine si vous voulez une surveillance simple et de haute qualit\u00e9 sans traiter avec des fils.<\/p>\n","protected":false},"excerpt":{"rendered":"<p>Une cam\u00e9ra ext\u00e9rieure sans fil, amorc\u00e9e d&rsquo;un panneau solaire &#8211; ce qui signifie moins de voyages dans l&rsquo;\u00e9chelle pour se recharger. Si vous cherchez une<\/p>\n","protected":false},"author":1,"featured_media":6568,"comment_status":"","ping_status":"","sticky":false,"template":"","format":"standard","meta":{"footnotes":""},"categories":[13],"tags":[2739,700,1487,206,76,1488,1429,81,1399,130,151,800],"class_list":["post-6567","post","type-post","status-publish","format-standard","has-post-thumbnail","hentry","category-technologie","tag-arlo","tag-bas","tag-camera","tag-cette","tag-est","tag-fil","tag-moment","tag-pour","tag-prix","tag-sans","tag-securite","tag-son","generate-columns","tablet-grid-50","mobile-grid-100","grid-parent","grid-33"],"yoast_head":"<!-- This site is optimized with the Yoast SEO plugin v24.0 - https:\/\/yoast.com\/wordpress\/plugins\/seo\/ -->\n<title>Cette cam\u00e9ra de s\u00e9curit\u00e9 sans fil Arlo est \u00e0 son prix le plus bas pour le moment | Vie Associative<\/title>\n<meta name=\"robots\" content=\"index, follow, max-snippet:-1, max-image-preview:large, max-video-preview:-1\" \/>\n<link rel=\"canonical\" href=\"https:\/\/vieassociative.be\/actualites\/cette-camera-de-securite-sans-fil-arlo-est-a-son-prix-le-plus-bas-pour-le-moment\/\" \/>\n<meta property=\"og:locale\" content=\"fr_FR\" \/>\n<meta property=\"og:type\" content=\"article\" \/>\n<meta property=\"og:title\" content=\"Cette cam\u00e9ra de s\u00e9curit\u00e9 sans fil Arlo est \u00e0 son prix le plus bas pour le moment | Vie Associative\" \/>\n<meta property=\"og:description\" content=\"Une cam\u00e9ra ext\u00e9rieure sans fil, amorc\u00e9e d&rsquo;un panneau solaire &#8211; ce qui signifie moins de voyages dans l&rsquo;\u00e9chelle pour se recharger. Si vous cherchez une\" \/>\n<meta property=\"og:url\" content=\"https:\/\/vieassociative.be\/actualites\/cette-camera-de-securite-sans-fil-arlo-est-a-son-prix-le-plus-bas-pour-le-moment\/\" \/>\n<meta property=\"og:site_name\" content=\"Vie Associative\" \/>\n<meta property=\"article:published_time\" content=\"2025-04-09T13:17:33+00:00\" \/>\n<meta property=\"og:image\" content=\"https:\/\/vieassociative.be\/actualites\/wp-content\/uploads\/2025\/04\/Cette-camera-de-securite-sans-fil-Arlo-est-a-son.svg.svg+xml\" \/>\n<meta name=\"author\" content=\"Julien\" \/>\n<meta name=\"twitter:card\" content=\"summary_large_image\" \/>\n<meta name=\"twitter:label1\" content=\"\u00c9crit par\" \/>\n\t<meta name=\"twitter:data1\" content=\"Julien\" \/>\n\t<meta name=\"twitter:label2\" content=\"Dur\u00e9e de lecture est.\" \/>\n\t<meta name=\"twitter:data2\" content=\"2 minutes\" \/>\n<script type=\"application\/ld+json\" class=\"yoast-schema-graph\">{\"@context\":\"https:\/\/schema.org\",\"@graph\":[{\"@type\":\"Article\",\"@id\":\"https:\/\/vieassociative.be\/actualites\/cette-camera-de-securite-sans-fil-arlo-est-a-son-prix-le-plus-bas-pour-le-moment\/#article\",\"isPartOf\":{\"@id\":\"https:\/\/vieassociative.be\/actualites\/cette-camera-de-securite-sans-fil-arlo-est-a-son-prix-le-plus-bas-pour-le-moment\/\"},\"author\":{\"name\":\"Julien\",\"@id\":\"https:\/\/vieassociative.be\/actualites\/#\/schema\/person\/b87ac4f82f9d4e7b7cec7395b679edc4\"},\"headline\":\"Cette cam\u00e9ra de s\u00e9curit\u00e9 sans fil Arlo est \u00e0 son prix le plus bas pour le moment\",\"datePublished\":\"2025-04-09T13:17:33+00:00\",\"dateModified\":\"2025-04-09T13:17:33+00:00\",\"mainEntityOfPage\":{\"@id\":\"https:\/\/vieassociative.be\/actualites\/cette-camera-de-securite-sans-fil-arlo-est-a-son-prix-le-plus-bas-pour-le-moment\/\"},\"wordCount\":454,\"publisher\":{\"@id\":\"https:\/\/vieassociative.be\/actualites\/#organization\"},\"image\":{\"@id\":\"https:\/\/vieassociative.be\/actualites\/cette-camera-de-securite-sans-fil-arlo-est-a-son-prix-le-plus-bas-pour-le-moment\/#primaryimage\"},\"thumbnailUrl\":\"https:\/\/vieassociative.be\/actualites\/wp-content\/uploads\/2025\/04\/Cette-camera-de-securite-sans-fil-Arlo-est-a-son.png\",\"keywords\":[\"Arlo\",\"bas\",\"cam\u00e9ra\",\"cette\",\"est\",\"fil\",\"moment\",\"pour\",\"prix\",\"sans\",\"s\u00e9curit\u00e9\",\"son\"],\"articleSection\":[\"Technologie\"],\"inLanguage\":\"fr-BE\"},{\"@type\":\"WebPage\",\"@id\":\"https:\/\/vieassociative.be\/actualites\/cette-camera-de-securite-sans-fil-arlo-est-a-son-prix-le-plus-bas-pour-le-moment\/\",\"url\":\"https:\/\/vieassociative.be\/actualites\/cette-camera-de-securite-sans-fil-arlo-est-a-son-prix-le-plus-bas-pour-le-moment\/\",\"name\":\"Cette cam\u00e9ra de s\u00e9curit\u00e9 sans fil Arlo est \u00e0 son prix le plus bas pour le moment | Vie Associative\",\"isPartOf\":{\"@id\":\"https:\/\/vieassociative.be\/actualites\/#website\"},\"primaryImageOfPage\":{\"@id\":\"https:\/\/vieassociative.be\/actualites\/cette-camera-de-securite-sans-fil-arlo-est-a-son-prix-le-plus-bas-pour-le-moment\/#primaryimage\"},\"image\":{\"@id\":\"https:\/\/vieassociative.be\/actualites\/cette-camera-de-securite-sans-fil-arlo-est-a-son-prix-le-plus-bas-pour-le-moment\/#primaryimage\"},\"thumbnailUrl\":\"https:\/\/vieassociative.be\/actualites\/wp-content\/uploads\/2025\/04\/Cette-camera-de-securite-sans-fil-Arlo-est-a-son.png\",\"datePublished\":\"2025-04-09T13:17:33+00:00\",\"dateModified\":\"2025-04-09T13:17:33+00:00\",\"breadcrumb\":{\"@id\":\"https:\/\/vieassociative.be\/actualites\/cette-camera-de-securite-sans-fil-arlo-est-a-son-prix-le-plus-bas-pour-le-moment\/#breadcrumb\"},\"inLanguage\":\"fr-BE\",\"potentialAction\":[{\"@type\":\"ReadAction\",\"target\":[\"https:\/\/vieassociative.be\/actualites\/cette-camera-de-securite-sans-fil-arlo-est-a-son-prix-le-plus-bas-pour-le-moment\/\"]}]},{\"@type\":\"ImageObject\",\"inLanguage\":\"fr-BE\",\"@id\":\"https:\/\/vieassociative.be\/actualites\/cette-camera-de-securite-sans-fil-arlo-est-a-son-prix-le-plus-bas-pour-le-moment\/#primaryimage\",\"url\":\"https:\/\/vieassociative.be\/actualites\/wp-content\/uploads\/2025\/04\/Cette-camera-de-securite-sans-fil-Arlo-est-a-son.png\",\"contentUrl\":\"https:\/\/vieassociative.be\/actualites\/wp-content\/uploads\/2025\/04\/Cette-camera-de-securite-sans-fil-Arlo-est-a-son.png\",\"width\":1200,\"height\":675,\"caption\":\"Cette cam\u00e9ra de s\u00e9curit\u00e9 sans fil Arlo est \u00e0 son prix le plus bas pour le moment\"},{\"@type\":\"BreadcrumbList\",\"@id\":\"https:\/\/vieassociative.be\/actualites\/cette-camera-de-securite-sans-fil-arlo-est-a-son-prix-le-plus-bas-pour-le-moment\/#breadcrumb\",\"itemListElement\":[{\"@type\":\"ListItem\",\"position\":1,\"name\":\"Accueil\",\"item\":\"https:\/\/vieassociative.be\/actualites\/\"},{\"@type\":\"ListItem\",\"position\":2,\"name\":\"Cette cam\u00e9ra de s\u00e9curit\u00e9 sans fil Arlo est \u00e0 son prix le plus bas pour le moment\"}]},{\"@type\":\"WebSite\",\"@id\":\"https:\/\/vieassociative.be\/actualites\/#website\",\"url\":\"https:\/\/vieassociative.be\/actualites\/\",\"name\":\"Vie Associative\",\"description\":\"\",\"publisher\":{\"@id\":\"https:\/\/vieassociative.be\/actualites\/#organization\"},\"potentialAction\":[{\"@type\":\"SearchAction\",\"target\":{\"@type\":\"EntryPoint\",\"urlTemplate\":\"https:\/\/vieassociative.be\/actualites\/?s={search_term_string}\"},\"query-input\":{\"@type\":\"PropertyValueSpecification\",\"valueRequired\":true,\"valueName\":\"search_term_string\"}}],\"inLanguage\":\"fr-BE\"},{\"@type\":\"Organization\",\"@id\":\"https:\/\/vieassociative.be\/actualites\/#organization\",\"name\":\"Vie Associative\",\"url\":\"https:\/\/vieassociative.be\/actualites\/\",\"logo\":{\"@type\":\"ImageObject\",\"inLanguage\":\"fr-BE\",\"@id\":\"https:\/\/vieassociative.be\/actualites\/#\/schema\/logo\/image\/\",\"url\":\"https:\/\/vieassociative.be\/actualites\/wp-content\/uploads\/2024\/09\/cropped-vieassociative_favicon.ico.png\",\"contentUrl\":\"https:\/\/vieassociative.be\/actualites\/wp-content\/uploads\/2024\/09\/cropped-vieassociative_favicon.ico.png\",\"width\":512,\"height\":512,\"caption\":\"Vie Associative\"},\"image\":{\"@id\":\"https:\/\/vieassociative.be\/actualites\/#\/schema\/logo\/image\/\"}},{\"@type\":\"Person\",\"@id\":\"https:\/\/vieassociative.be\/actualites\/#\/schema\/person\/b87ac4f82f9d4e7b7cec7395b679edc4\",\"name\":\"Julien\",\"image\":{\"@type\":\"ImageObject\",\"inLanguage\":\"fr-BE\",\"@id\":\"https:\/\/vieassociative.be\/actualites\/#\/schema\/person\/image\/\",\"url\":\"https:\/\/vieassociative.be\/actualites\/wp-content\/uploads\/2024\/09\/vie-associative-1-150x150.jpg\",\"contentUrl\":\"https:\/\/vieassociative.be\/actualites\/wp-content\/uploads\/2024\/09\/vie-associative-1-150x150.jpg\",\"caption\":\"Julien\"},\"description\":\"Je suis Julien, r\u00e9dacteur pour Vie Associative. Passionn\u00e9 par le monde associatif depuis plus de 10 ans, j'ai \u00e0 c\u0153ur de partager des histoires inspirantes et de mettre en lumi\u00e8re les initiatives locales. Mon objectif est de sensibiliser et d'encourager l'engagement communautaire \u00e0 travers mes articles.\",\"sameAs\":[\"https:\/\/vieassociative.be\/\"]}]}<\/script>\n<!-- \/ Yoast SEO plugin. -->","yoast_head_json":{"title":"Cette cam\u00e9ra de s\u00e9curit\u00e9 sans fil Arlo est \u00e0 son prix le plus bas pour le moment | Vie Associative","robots":{"index":"index","follow":"follow","max-snippet":"max-snippet:-1","max-image-preview":"max-image-preview:large","max-video-preview":"max-video-preview:-1"},"canonical":"https:\/\/vieassociative.be\/actualites\/cette-camera-de-securite-sans-fil-arlo-est-a-son-prix-le-plus-bas-pour-le-moment\/","og_locale":"fr_FR","og_type":"article","og_title":"Cette cam\u00e9ra de s\u00e9curit\u00e9 sans fil Arlo est \u00e0 son prix le plus bas pour le moment | Vie Associative","og_description":"Une cam\u00e9ra ext\u00e9rieure sans fil, amorc\u00e9e d&rsquo;un panneau solaire &#8211; ce qui signifie moins de voyages dans l&rsquo;\u00e9chelle pour se recharger. Si vous cherchez une","og_url":"https:\/\/vieassociative.be\/actualites\/cette-camera-de-securite-sans-fil-arlo-est-a-son-prix-le-plus-bas-pour-le-moment\/","og_site_name":"Vie Associative","article_published_time":"2025-04-09T13:17:33+00:00","og_image":[{"url":"https:\/\/vieassociative.be\/actualites\/wp-content\/uploads\/2025\/04\/Cette-camera-de-securite-sans-fil-Arlo-est-a-son.svg.svg+xml","type":"","width":"","height":""}],"author":"Julien","twitter_card":"summary_large_image","twitter_misc":{"\u00c9crit par":"Julien","Dur\u00e9e de lecture est.":"2 minutes"},"schema":{"@context":"https:\/\/schema.org","@graph":[{"@type":"Article","@id":"https:\/\/vieassociative.be\/actualites\/cette-camera-de-securite-sans-fil-arlo-est-a-son-prix-le-plus-bas-pour-le-moment\/#article","isPartOf":{"@id":"https:\/\/vieassociative.be\/actualites\/cette-camera-de-securite-sans-fil-arlo-est-a-son-prix-le-plus-bas-pour-le-moment\/"},"author":{"name":"Julien","@id":"https:\/\/vieassociative.be\/actualites\/#\/schema\/person\/b87ac4f82f9d4e7b7cec7395b679edc4"},"headline":"Cette cam\u00e9ra de s\u00e9curit\u00e9 sans fil Arlo est \u00e0 son prix le plus bas pour le moment","datePublished":"2025-04-09T13:17:33+00:00","dateModified":"2025-04-09T13:17:33+00:00","mainEntityOfPage":{"@id":"https:\/\/vieassociative.be\/actualites\/cette-camera-de-securite-sans-fil-arlo-est-a-son-prix-le-plus-bas-pour-le-moment\/"},"wordCount":454,"publisher":{"@id":"https:\/\/vieassociative.be\/actualites\/#organization"},"image":{"@id":"https:\/\/vieassociative.be\/actualites\/cette-camera-de-securite-sans-fil-arlo-est-a-son-prix-le-plus-bas-pour-le-moment\/#primaryimage"},"thumbnailUrl":"https:\/\/vieassociative.be\/actualites\/wp-content\/uploads\/2025\/04\/Cette-camera-de-securite-sans-fil-Arlo-est-a-son.png","keywords":["Arlo","bas","cam\u00e9ra","cette","est","fil","moment","pour","prix","sans","s\u00e9curit\u00e9","son"],"articleSection":["Technologie"],"inLanguage":"fr-BE"},{"@type":"WebPage","@id":"https:\/\/vieassociative.be\/actualites\/cette-camera-de-securite-sans-fil-arlo-est-a-son-prix-le-plus-bas-pour-le-moment\/","url":"https:\/\/vieassociative.be\/actualites\/cette-camera-de-securite-sans-fil-arlo-est-a-son-prix-le-plus-bas-pour-le-moment\/","name":"Cette cam\u00e9ra de s\u00e9curit\u00e9 sans fil Arlo est \u00e0 son prix le plus bas pour le moment | Vie Associative","isPartOf":{"@id":"https:\/\/vieassociative.be\/actualites\/#website"},"primaryImageOfPage":{"@id":"https:\/\/vieassociative.be\/actualites\/cette-camera-de-securite-sans-fil-arlo-est-a-son-prix-le-plus-bas-pour-le-moment\/#primaryimage"},"image":{"@id":"https:\/\/vieassociative.be\/actualites\/cette-camera-de-securite-sans-fil-arlo-est-a-son-prix-le-plus-bas-pour-le-moment\/#primaryimage"},"thumbnailUrl":"https:\/\/vieassociative.be\/actualites\/wp-content\/uploads\/2025\/04\/Cette-camera-de-securite-sans-fil-Arlo-est-a-son.png","datePublished":"2025-04-09T13:17:33+00:00","dateModified":"2025-04-09T13:17:33+00:00","breadcrumb":{"@id":"https:\/\/vieassociative.be\/actualites\/cette-camera-de-securite-sans-fil-arlo-est-a-son-prix-le-plus-bas-pour-le-moment\/#breadcrumb"},"inLanguage":"fr-BE","potentialAction":[{"@type":"ReadAction","target":["https:\/\/vieassociative.be\/actualites\/cette-camera-de-securite-sans-fil-arlo-est-a-son-prix-le-plus-bas-pour-le-moment\/"]}]},{"@type":"ImageObject","inLanguage":"fr-BE","@id":"https:\/\/vieassociative.be\/actualites\/cette-camera-de-securite-sans-fil-arlo-est-a-son-prix-le-plus-bas-pour-le-moment\/#primaryimage","url":"https:\/\/vieassociative.be\/actualites\/wp-content\/uploads\/2025\/04\/Cette-camera-de-securite-sans-fil-Arlo-est-a-son.png","contentUrl":"https:\/\/vieassociative.be\/actualites\/wp-content\/uploads\/2025\/04\/Cette-camera-de-securite-sans-fil-Arlo-est-a-son.png","width":1200,"height":675,"caption":"Cette cam\u00e9ra de s\u00e9curit\u00e9 sans fil Arlo est \u00e0 son prix le plus bas pour le moment"},{"@type":"BreadcrumbList","@id":"https:\/\/vieassociative.be\/actualites\/cette-camera-de-securite-sans-fil-arlo-est-a-son-prix-le-plus-bas-pour-le-moment\/#breadcrumb","itemListElement":[{"@type":"ListItem","position":1,"name":"Accueil","item":"https:\/\/vieassociative.be\/actualites\/"},{"@type":"ListItem","position":2,"name":"Cette cam\u00e9ra de s\u00e9curit\u00e9 sans fil Arlo est \u00e0 son prix le plus bas pour le moment"}]},{"@type":"WebSite","@id":"https:\/\/vieassociative.be\/actualites\/#website","url":"https:\/\/vieassociative.be\/actualites\/","name":"Vie Associative","description":"","publisher":{"@id":"https:\/\/vieassociative.be\/actualites\/#organization"},"potentialAction":[{"@type":"SearchAction","target":{"@type":"EntryPoint","urlTemplate":"https:\/\/vieassociative.be\/actualites\/?s={search_term_string}"},"query-input":{"@type":"PropertyValueSpecification","valueRequired":true,"valueName":"search_term_string"}}],"inLanguage":"fr-BE"},{"@type":"Organization","@id":"https:\/\/vieassociative.be\/actualites\/#organization","name":"Vie Associative","url":"https:\/\/vieassociative.be\/actualites\/","logo":{"@type":"ImageObject","inLanguage":"fr-BE","@id":"https:\/\/vieassociative.be\/actualites\/#\/schema\/logo\/image\/","url":"https:\/\/vieassociative.be\/actualites\/wp-content\/uploads\/2024\/09\/cropped-vieassociative_favicon.ico.png","contentUrl":"https:\/\/vieassociative.be\/actualites\/wp-content\/uploads\/2024\/09\/cropped-vieassociative_favicon.ico.png","width":512,"height":512,"caption":"Vie Associative"},"image":{"@id":"https:\/\/vieassociative.be\/actualites\/#\/schema\/logo\/image\/"}},{"@type":"Person","@id":"https:\/\/vieassociative.be\/actualites\/#\/schema\/person\/b87ac4f82f9d4e7b7cec7395b679edc4","name":"Julien","image":{"@type":"ImageObject","inLanguage":"fr-BE","@id":"https:\/\/vieassociative.be\/actualites\/#\/schema\/person\/image\/","url":"https:\/\/vieassociative.be\/actualites\/wp-content\/uploads\/2024\/09\/vie-associative-1-150x150.jpg","contentUrl":"https:\/\/vieassociative.be\/actualites\/wp-content\/uploads\/2024\/09\/vie-associative-1-150x150.jpg","caption":"Julien"},"description":"Je suis Julien, r\u00e9dacteur pour Vie Associative. Passionn\u00e9 par le monde associatif depuis plus de 10 ans, j'ai \u00e0 c\u0153ur de partager des histoires inspirantes et de mettre en lumi\u00e8re les initiatives locales. Mon objectif est de sensibiliser et d'encourager l'engagement communautaire \u00e0 travers mes articles.","sameAs":["https:\/\/vieassociative.be\/"]}]}},"_links":{"self":[{"href":"https:\/\/vieassociative.be\/actualites\/wp-json\/wp\/v2\/posts\/6567"}],"collection":[{"href":"https:\/\/vieassociative.be\/actualites\/wp-json\/wp\/v2\/posts"}],"about":[{"href":"https:\/\/vieassociative.be\/actualites\/wp-json\/wp\/v2\/types\/post"}],"author":[{"embeddable":true,"href":"https:\/\/vieassociative.be\/actualites\/wp-json\/wp\/v2\/users\/1"}],"replies":[{"embeddable":true,"href":"https:\/\/vieassociative.be\/actualites\/wp-json\/wp\/v2\/comments?post=6567"}],"version-history":[{"count":0,"href":"https:\/\/vieassociative.be\/actualites\/wp-json\/wp\/v2\/posts\/6567\/revisions"}],"wp:featuredmedia":[{"embeddable":true,"href":"https:\/\/vieassociative.be\/actualites\/wp-json\/wp\/v2\/media\/6568"}],"wp:attachment":[{"href":"https:\/\/vieassociative.be\/actualites\/wp-json\/wp\/v2\/media?parent=6567"}],"wp:term":[{"taxonomy":"category","embeddable":true,"href":"https:\/\/vieassociative.be\/actualites\/wp-json\/wp\/v2\/categories?post=6567"},{"taxonomy":"post_tag","embeddable":true,"href":"https:\/\/vieassociative.be\/actualites\/wp-json\/wp\/v2\/tags?post=6567"}],"curies":[{"name":"wp","href":"https:\/\/api.w.org\/{rel}","templated":true}]}}