{"id":6562,"date":"2025-04-09T10:17:01","date_gmt":"2025-04-09T08:17:01","guid":{"rendered":"https:\/\/vieassociative.be\/actualites\/campagne-clean-weser-le-samedi-19-avril-2025\/"},"modified":"2025-04-09T10:17:01","modified_gmt":"2025-04-09T08:17:01","slug":"campagne-clean-weser-le-samedi-19-avril-2025","status":"publish","type":"post","link":"https:\/\/vieassociative.be\/actualites\/campagne-clean-weser-le-samedi-19-avril-2025\/","title":{"rendered":"Campagne \u00ab\u00a0Clean Weser\u00a0\u00bb le samedi 19 avril 2025"},"content":{"rendered":"<p><strong>Le samedi 19 avril 2025, les communaut\u00e9s de Weser ont de nouveau mis un signe commun de protection de l&rsquo;environnement. Les citoyens, les groupes scouts et les clubs collectent les ordures le long de Weser et Hill.<\/strong><\/p>\n<p><span id=\"more-413023\"><\/span>La ville d&rsquo;Eupen participe \u00e9galement! Tout le monde est le bienvenu et peut s&rsquo;impliquer pour un weser et une colline propres et la beaut\u00e9 naturelle des cours de la rivi\u00e8re.<\/p>\n<p>Les groupes sont en mouvement de 9 h \u00e0 12 h. et passer aux d\u00e9chets le long de Weser et Hill. Le service environnemental de la ville d&rsquo;Eupen coordonne l&rsquo;action, fournit des sacs \u00e0 ordures et des gants. Les participants sont \u00e9galement affect\u00e9s aux sections de la rivi\u00e8re sur place.<\/p>\n<p><strong>Quand?<\/strong> Le 19 avril de 9 h \u00e0 12 h<\/p>\n<p><strong>O\u00f9?<\/strong> G\u00fclcherstra\u00dfe 5 (centre de recyclage)<\/p>\n<p>Informations suppl\u00e9mentaires et inscription \u00e0 environnemental@eupen.be, 087 59 58 33<\/p>\n","protected":false},"excerpt":{"rendered":"<p>Le samedi 19 avril 2025, les communaut\u00e9s de Weser ont de nouveau mis un signe commun de protection de l&rsquo;environnement. Les citoyens, les groupes scouts<\/p>\n","protected":false},"author":1,"featured_media":6563,"comment_status":"","ping_status":"","sticky":false,"template":"","format":"standard","meta":{"footnotes":""},"categories":[298],"tags":[3232,3311,6272,355,3130],"class_list":["post-6562","post","type-post","status-publish","format-standard","has-post-thumbnail","hentry","category-belgique","tag-avril","tag-campagne","tag-clean","tag-samedi","tag-weser","generate-columns","tablet-grid-50","mobile-grid-100","grid-parent","grid-33"],"yoast_head":"<!-- This site is optimized with the Yoast SEO plugin v24.0 - https:\/\/yoast.com\/wordpress\/plugins\/seo\/ -->\n<title>Campagne &quot;Clean Weser&quot; le samedi 19 avril 2025 | Vie Associative<\/title>\n<meta name=\"robots\" content=\"index, follow, max-snippet:-1, max-image-preview:large, max-video-preview:-1\" \/>\n<link rel=\"canonical\" href=\"https:\/\/vieassociative.be\/actualites\/campagne-clean-weser-le-samedi-19-avril-2025\/\" \/>\n<meta property=\"og:locale\" content=\"fr_FR\" \/>\n<meta property=\"og:type\" content=\"article\" \/>\n<meta property=\"og:title\" content=\"Campagne &quot;Clean Weser&quot; le samedi 19 avril 2025 | Vie Associative\" \/>\n<meta property=\"og:description\" content=\"Le samedi 19 avril 2025, les communaut\u00e9s de Weser ont de nouveau mis un signe commun de protection de l&rsquo;environnement. Les citoyens, les groupes scouts\" \/>\n<meta property=\"og:url\" content=\"https:\/\/vieassociative.be\/actualites\/campagne-clean-weser-le-samedi-19-avril-2025\/\" \/>\n<meta property=\"og:site_name\" content=\"Vie Associative\" \/>\n<meta property=\"article:published_time\" content=\"2025-04-09T08:17:01+00:00\" \/>\n<meta property=\"og:image\" content=\"https:\/\/vieassociative.be\/actualites\/wp-content\/uploads\/2024\/09\/header_backgroundk-01-e1726694325946.png\" \/>\n\t<meta property=\"og:image:width\" content=\"279\" \/>\n\t<meta property=\"og:image:height\" content=\"92\" \/>\n\t<meta property=\"og:image:type\" content=\"image\/png\" \/>\n<meta name=\"author\" content=\"Julien\" \/>\n<meta name=\"twitter:card\" content=\"summary_large_image\" \/>\n<meta name=\"twitter:label1\" content=\"\u00c9crit par\" \/>\n\t<meta name=\"twitter:data1\" content=\"Julien\" \/>\n\t<meta name=\"twitter:label2\" content=\"Dur\u00e9e de lecture est.\" \/>\n\t<meta name=\"twitter:data2\" content=\"1 minute\" \/>\n<script type=\"application\/ld+json\" class=\"yoast-schema-graph\">{\"@context\":\"https:\/\/schema.org\",\"@graph\":[{\"@type\":\"Article\",\"@id\":\"https:\/\/vieassociative.be\/actualites\/campagne-clean-weser-le-samedi-19-avril-2025\/#article\",\"isPartOf\":{\"@id\":\"https:\/\/vieassociative.be\/actualites\/campagne-clean-weser-le-samedi-19-avril-2025\/\"},\"author\":{\"name\":\"Julien\",\"@id\":\"https:\/\/vieassociative.be\/actualites\/#\/schema\/person\/b87ac4f82f9d4e7b7cec7395b679edc4\"},\"headline\":\"Campagne \u00ab\u00a0Clean Weser\u00a0\u00bb le samedi 19 avril 2025\",\"datePublished\":\"2025-04-09T08:17:01+00:00\",\"dateModified\":\"2025-04-09T08:17:01+00:00\",\"mainEntityOfPage\":{\"@id\":\"https:\/\/vieassociative.be\/actualites\/campagne-clean-weser-le-samedi-19-avril-2025\/\"},\"wordCount\":148,\"publisher\":{\"@id\":\"https:\/\/vieassociative.be\/actualites\/#organization\"},\"image\":{\"@id\":\"https:\/\/vieassociative.be\/actualites\/campagne-clean-weser-le-samedi-19-avril-2025\/#primaryimage\"},\"thumbnailUrl\":\"https:\/\/vieassociative.be\/actualites\/wp-content\/uploads\/2025\/04\/Campagne-Clean-Weser-le-samedi-19-avril-2025.jpeg\",\"keywords\":[\"avril\",\"campagne\",\"Clean\",\"samedi\",\"Weser\"],\"articleSection\":[\"Belgique\"],\"inLanguage\":\"fr-BE\"},{\"@type\":\"WebPage\",\"@id\":\"https:\/\/vieassociative.be\/actualites\/campagne-clean-weser-le-samedi-19-avril-2025\/\",\"url\":\"https:\/\/vieassociative.be\/actualites\/campagne-clean-weser-le-samedi-19-avril-2025\/\",\"name\":\"Campagne \\\"Clean Weser\\\" le samedi 19 avril 2025 | Vie Associative\",\"isPartOf\":{\"@id\":\"https:\/\/vieassociative.be\/actualites\/#website\"},\"primaryImageOfPage\":{\"@id\":\"https:\/\/vieassociative.be\/actualites\/campagne-clean-weser-le-samedi-19-avril-2025\/#primaryimage\"},\"image\":{\"@id\":\"https:\/\/vieassociative.be\/actualites\/campagne-clean-weser-le-samedi-19-avril-2025\/#primaryimage\"},\"thumbnailUrl\":\"https:\/\/vieassociative.be\/actualites\/wp-content\/uploads\/2025\/04\/Campagne-Clean-Weser-le-samedi-19-avril-2025.jpeg\",\"datePublished\":\"2025-04-09T08:17:01+00:00\",\"dateModified\":\"2025-04-09T08:17:01+00:00\",\"breadcrumb\":{\"@id\":\"https:\/\/vieassociative.be\/actualites\/campagne-clean-weser-le-samedi-19-avril-2025\/#breadcrumb\"},\"inLanguage\":\"fr-BE\",\"potentialAction\":[{\"@type\":\"ReadAction\",\"target\":[\"https:\/\/vieassociative.be\/actualites\/campagne-clean-weser-le-samedi-19-avril-2025\/\"]}]},{\"@type\":\"ImageObject\",\"inLanguage\":\"fr-BE\",\"@id\":\"https:\/\/vieassociative.be\/actualites\/campagne-clean-weser-le-samedi-19-avril-2025\/#primaryimage\",\"url\":\"https:\/\/vieassociative.be\/actualites\/wp-content\/uploads\/2025\/04\/Campagne-Clean-Weser-le-samedi-19-avril-2025.jpeg\",\"contentUrl\":\"https:\/\/vieassociative.be\/actualites\/wp-content\/uploads\/2025\/04\/Campagne-Clean-Weser-le-samedi-19-avril-2025.jpeg\",\"width\":1200,\"height\":900,\"caption\":\"Campagne \\\"Clean Weser\\\" le samedi 19 avril 2025\"},{\"@type\":\"BreadcrumbList\",\"@id\":\"https:\/\/vieassociative.be\/actualites\/campagne-clean-weser-le-samedi-19-avril-2025\/#breadcrumb\",\"itemListElement\":[{\"@type\":\"ListItem\",\"position\":1,\"name\":\"Accueil\",\"item\":\"https:\/\/vieassociative.be\/actualites\/\"},{\"@type\":\"ListItem\",\"position\":2,\"name\":\"Campagne \u00ab\u00a0Clean Weser\u00a0\u00bb le samedi 19 avril 2025\"}]},{\"@type\":\"WebSite\",\"@id\":\"https:\/\/vieassociative.be\/actualites\/#website\",\"url\":\"https:\/\/vieassociative.be\/actualites\/\",\"name\":\"Vie Associative\",\"description\":\"\",\"publisher\":{\"@id\":\"https:\/\/vieassociative.be\/actualites\/#organization\"},\"potentialAction\":[{\"@type\":\"SearchAction\",\"target\":{\"@type\":\"EntryPoint\",\"urlTemplate\":\"https:\/\/vieassociative.be\/actualites\/?s={search_term_string}\"},\"query-input\":{\"@type\":\"PropertyValueSpecification\",\"valueRequired\":true,\"valueName\":\"search_term_string\"}}],\"inLanguage\":\"fr-BE\"},{\"@type\":\"Organization\",\"@id\":\"https:\/\/vieassociative.be\/actualites\/#organization\",\"name\":\"Vie Associative\",\"url\":\"https:\/\/vieassociative.be\/actualites\/\",\"logo\":{\"@type\":\"ImageObject\",\"inLanguage\":\"fr-BE\",\"@id\":\"https:\/\/vieassociative.be\/actualites\/#\/schema\/logo\/image\/\",\"url\":\"https:\/\/vieassociative.be\/actualites\/wp-content\/uploads\/2024\/09\/cropped-vieassociative_favicon.ico.png\",\"contentUrl\":\"https:\/\/vieassociative.be\/actualites\/wp-content\/uploads\/2024\/09\/cropped-vieassociative_favicon.ico.png\",\"width\":512,\"height\":512,\"caption\":\"Vie Associative\"},\"image\":{\"@id\":\"https:\/\/vieassociative.be\/actualites\/#\/schema\/logo\/image\/\"}},{\"@type\":\"Person\",\"@id\":\"https:\/\/vieassociative.be\/actualites\/#\/schema\/person\/b87ac4f82f9d4e7b7cec7395b679edc4\",\"name\":\"Julien\",\"image\":{\"@type\":\"ImageObject\",\"inLanguage\":\"fr-BE\",\"@id\":\"https:\/\/vieassociative.be\/actualites\/#\/schema\/person\/image\/\",\"url\":\"https:\/\/vieassociative.be\/actualites\/wp-content\/uploads\/2024\/09\/vie-associative-1-150x150.jpg\",\"contentUrl\":\"https:\/\/vieassociative.be\/actualites\/wp-content\/uploads\/2024\/09\/vie-associative-1-150x150.jpg\",\"caption\":\"Julien\"},\"description\":\"Je suis Julien, r\u00e9dacteur pour Vie Associative. Passionn\u00e9 par le monde associatif depuis plus de 10 ans, j'ai \u00e0 c\u0153ur de partager des histoires inspirantes et de mettre en lumi\u00e8re les initiatives locales. Mon objectif est de sensibiliser et d'encourager l'engagement communautaire \u00e0 travers mes articles.\",\"sameAs\":[\"https:\/\/vieassociative.be\/\"]}]}<\/script>\n<!-- \/ Yoast SEO plugin. -->","yoast_head_json":{"title":"Campagne \"Clean Weser\" le samedi 19 avril 2025 | Vie Associative","robots":{"index":"index","follow":"follow","max-snippet":"max-snippet:-1","max-image-preview":"max-image-preview:large","max-video-preview":"max-video-preview:-1"},"canonical":"https:\/\/vieassociative.be\/actualites\/campagne-clean-weser-le-samedi-19-avril-2025\/","og_locale":"fr_FR","og_type":"article","og_title":"Campagne \"Clean Weser\" le samedi 19 avril 2025 | Vie Associative","og_description":"Le samedi 19 avril 2025, les communaut\u00e9s de Weser ont de nouveau mis un signe commun de protection de l&rsquo;environnement. Les citoyens, les groupes scouts","og_url":"https:\/\/vieassociative.be\/actualites\/campagne-clean-weser-le-samedi-19-avril-2025\/","og_site_name":"Vie Associative","article_published_time":"2025-04-09T08:17:01+00:00","og_image":[{"width":279,"height":92,"url":"https:\/\/vieassociative.be\/actualites\/wp-content\/uploads\/2024\/09\/header_backgroundk-01-e1726694325946.png","type":"image\/png"}],"author":"Julien","twitter_card":"summary_large_image","twitter_misc":{"\u00c9crit par":"Julien","Dur\u00e9e de lecture est.":"1 minute"},"schema":{"@context":"https:\/\/schema.org","@graph":[{"@type":"Article","@id":"https:\/\/vieassociative.be\/actualites\/campagne-clean-weser-le-samedi-19-avril-2025\/#article","isPartOf":{"@id":"https:\/\/vieassociative.be\/actualites\/campagne-clean-weser-le-samedi-19-avril-2025\/"},"author":{"name":"Julien","@id":"https:\/\/vieassociative.be\/actualites\/#\/schema\/person\/b87ac4f82f9d4e7b7cec7395b679edc4"},"headline":"Campagne \u00ab\u00a0Clean Weser\u00a0\u00bb le samedi 19 avril 2025","datePublished":"2025-04-09T08:17:01+00:00","dateModified":"2025-04-09T08:17:01+00:00","mainEntityOfPage":{"@id":"https:\/\/vieassociative.be\/actualites\/campagne-clean-weser-le-samedi-19-avril-2025\/"},"wordCount":148,"publisher":{"@id":"https:\/\/vieassociative.be\/actualites\/#organization"},"image":{"@id":"https:\/\/vieassociative.be\/actualites\/campagne-clean-weser-le-samedi-19-avril-2025\/#primaryimage"},"thumbnailUrl":"https:\/\/vieassociative.be\/actualites\/wp-content\/uploads\/2025\/04\/Campagne-Clean-Weser-le-samedi-19-avril-2025.jpeg","keywords":["avril","campagne","Clean","samedi","Weser"],"articleSection":["Belgique"],"inLanguage":"fr-BE"},{"@type":"WebPage","@id":"https:\/\/vieassociative.be\/actualites\/campagne-clean-weser-le-samedi-19-avril-2025\/","url":"https:\/\/vieassociative.be\/actualites\/campagne-clean-weser-le-samedi-19-avril-2025\/","name":"Campagne \"Clean Weser\" le samedi 19 avril 2025 | Vie Associative","isPartOf":{"@id":"https:\/\/vieassociative.be\/actualites\/#website"},"primaryImageOfPage":{"@id":"https:\/\/vieassociative.be\/actualites\/campagne-clean-weser-le-samedi-19-avril-2025\/#primaryimage"},"image":{"@id":"https:\/\/vieassociative.be\/actualites\/campagne-clean-weser-le-samedi-19-avril-2025\/#primaryimage"},"thumbnailUrl":"https:\/\/vieassociative.be\/actualites\/wp-content\/uploads\/2025\/04\/Campagne-Clean-Weser-le-samedi-19-avril-2025.jpeg","datePublished":"2025-04-09T08:17:01+00:00","dateModified":"2025-04-09T08:17:01+00:00","breadcrumb":{"@id":"https:\/\/vieassociative.be\/actualites\/campagne-clean-weser-le-samedi-19-avril-2025\/#breadcrumb"},"inLanguage":"fr-BE","potentialAction":[{"@type":"ReadAction","target":["https:\/\/vieassociative.be\/actualites\/campagne-clean-weser-le-samedi-19-avril-2025\/"]}]},{"@type":"ImageObject","inLanguage":"fr-BE","@id":"https:\/\/vieassociative.be\/actualites\/campagne-clean-weser-le-samedi-19-avril-2025\/#primaryimage","url":"https:\/\/vieassociative.be\/actualites\/wp-content\/uploads\/2025\/04\/Campagne-Clean-Weser-le-samedi-19-avril-2025.jpeg","contentUrl":"https:\/\/vieassociative.be\/actualites\/wp-content\/uploads\/2025\/04\/Campagne-Clean-Weser-le-samedi-19-avril-2025.jpeg","width":1200,"height":900,"caption":"Campagne \"Clean Weser\" le samedi 19 avril 2025"},{"@type":"BreadcrumbList","@id":"https:\/\/vieassociative.be\/actualites\/campagne-clean-weser-le-samedi-19-avril-2025\/#breadcrumb","itemListElement":[{"@type":"ListItem","position":1,"name":"Accueil","item":"https:\/\/vieassociative.be\/actualites\/"},{"@type":"ListItem","position":2,"name":"Campagne \u00ab\u00a0Clean Weser\u00a0\u00bb le samedi 19 avril 2025"}]},{"@type":"WebSite","@id":"https:\/\/vieassociative.be\/actualites\/#website","url":"https:\/\/vieassociative.be\/actualites\/","name":"Vie Associative","description":"","publisher":{"@id":"https:\/\/vieassociative.be\/actualites\/#organization"},"potentialAction":[{"@type":"SearchAction","target":{"@type":"EntryPoint","urlTemplate":"https:\/\/vieassociative.be\/actualites\/?s={search_term_string}"},"query-input":{"@type":"PropertyValueSpecification","valueRequired":true,"valueName":"search_term_string"}}],"inLanguage":"fr-BE"},{"@type":"Organization","@id":"https:\/\/vieassociative.be\/actualites\/#organization","name":"Vie Associative","url":"https:\/\/vieassociative.be\/actualites\/","logo":{"@type":"ImageObject","inLanguage":"fr-BE","@id":"https:\/\/vieassociative.be\/actualites\/#\/schema\/logo\/image\/","url":"https:\/\/vieassociative.be\/actualites\/wp-content\/uploads\/2024\/09\/cropped-vieassociative_favicon.ico.png","contentUrl":"https:\/\/vieassociative.be\/actualites\/wp-content\/uploads\/2024\/09\/cropped-vieassociative_favicon.ico.png","width":512,"height":512,"caption":"Vie Associative"},"image":{"@id":"https:\/\/vieassociative.be\/actualites\/#\/schema\/logo\/image\/"}},{"@type":"Person","@id":"https:\/\/vieassociative.be\/actualites\/#\/schema\/person\/b87ac4f82f9d4e7b7cec7395b679edc4","name":"Julien","image":{"@type":"ImageObject","inLanguage":"fr-BE","@id":"https:\/\/vieassociative.be\/actualites\/#\/schema\/person\/image\/","url":"https:\/\/vieassociative.be\/actualites\/wp-content\/uploads\/2024\/09\/vie-associative-1-150x150.jpg","contentUrl":"https:\/\/vieassociative.be\/actualites\/wp-content\/uploads\/2024\/09\/vie-associative-1-150x150.jpg","caption":"Julien"},"description":"Je suis Julien, r\u00e9dacteur pour Vie Associative. Passionn\u00e9 par le monde associatif depuis plus de 10 ans, j'ai \u00e0 c\u0153ur de partager des histoires inspirantes et de mettre en lumi\u00e8re les initiatives locales. Mon objectif est de sensibiliser et d'encourager l'engagement communautaire \u00e0 travers mes articles.","sameAs":["https:\/\/vieassociative.be\/"]}]}},"_links":{"self":[{"href":"https:\/\/vieassociative.be\/actualites\/wp-json\/wp\/v2\/posts\/6562"}],"collection":[{"href":"https:\/\/vieassociative.be\/actualites\/wp-json\/wp\/v2\/posts"}],"about":[{"href":"https:\/\/vieassociative.be\/actualites\/wp-json\/wp\/v2\/types\/post"}],"author":[{"embeddable":true,"href":"https:\/\/vieassociative.be\/actualites\/wp-json\/wp\/v2\/users\/1"}],"replies":[{"embeddable":true,"href":"https:\/\/vieassociative.be\/actualites\/wp-json\/wp\/v2\/comments?post=6562"}],"version-history":[{"count":0,"href":"https:\/\/vieassociative.be\/actualites\/wp-json\/wp\/v2\/posts\/6562\/revisions"}],"wp:featuredmedia":[{"embeddable":true,"href":"https:\/\/vieassociative.be\/actualites\/wp-json\/wp\/v2\/media\/6563"}],"wp:attachment":[{"href":"https:\/\/vieassociative.be\/actualites\/wp-json\/wp\/v2\/media?parent=6562"}],"wp:term":[{"taxonomy":"category","embeddable":true,"href":"https:\/\/vieassociative.be\/actualites\/wp-json\/wp\/v2\/categories?post=6562"},{"taxonomy":"post_tag","embeddable":true,"href":"https:\/\/vieassociative.be\/actualites\/wp-json\/wp\/v2\/tags?post=6562"}],"curies":[{"name":"wp","href":"https:\/\/api.w.org\/{rel}","templated":true}]}}