{"id":6560,"date":"2025-04-09T09:19:13","date_gmt":"2025-04-09T07:19:13","guid":{"rendered":"https:\/\/vieassociative.be\/actualites\/meta-elargit-les-comptes-dadolescents-a-facebook-et-messenger\/"},"modified":"2025-04-09T09:19:13","modified_gmt":"2025-04-09T07:19:13","slug":"meta-elargit-les-comptes-dadolescents-a-facebook-et-messenger","status":"publish","type":"post","link":"https:\/\/vieassociative.be\/actualites\/meta-elargit-les-comptes-dadolescents-a-facebook-et-messenger\/","title":{"rendered":"Meta \u00e9largit les comptes d&rsquo;adolescents \u00e0 Facebook et Messenger"},"content":{"rendered":"<div class=\"mt-4 leading-6 md:mb-8\">Il existe \u00e9galement de nouvelles restrictions pour les comptes d&rsquo;adolescents sur Instagram.<\/div>\n<p><\/p>\n<p>Les m\u00e9dias sociaux peuvent \u00eatre un moyen fantastique de se connecter avec les amis et la famille, mais cela peut \u00e9galement \u00eatre dangereux, en particulier pour les enfants et les jeunes adultes. Alors que les plateformes de m\u00e9dias sociaux modernes comme Facebook existent depuis plus de 20 ans, trouver comment rendre ces applications et ces sites en s\u00e9curit\u00e9 pour les mineurs est toujours un d\u00e9fi permanent.  <\/p>\n<p>Pour tous ses d\u00e9fauts, Meta fait quelques efforts dans cet espace. L&rsquo;ann\u00e9e derni\u00e8re, la soci\u00e9t\u00e9 a annonc\u00e9 que les comptes d&rsquo;adolescents pour Instagram. Tous les comptes pour les utilisateurs de moins de 18 ans se sont automatiquement d\u00e9plac\u00e9s vers ce nouveau format, qui comprenait un certain nombre de protections non trouv\u00e9es sur les comptes Instagram typiques. Par exemple, les comptes pour adolescents sont priv\u00e9s par d\u00e9faut, donc les nouveaux abonn\u00e9s doivent \u00eatre accept\u00e9s un par un. Les non-suites ne peuvent pas voir leurs messages, envoyer des DMS, ou les baliser ou les mentionner dans les messages. <\/p>\n<p>Il existe \u00e9galement un certain nombre de filtres de contenu associ\u00e9s aux comptes d&rsquo;adolescents, car l&rsquo;application bloque du contenu violent ainsi que des publications favorisant les proc\u00e9dures cosm\u00e9tiques. De plus, les comptes adolescents re\u00e7oivent des rappels pour quitter Instagram apr\u00e8s 60 minutes de temps d&rsquo;\u00e9cran, et un mode de sommeil int\u00e9gr\u00e9 s&rsquo;active entre 22 heures et 7 heures du matin aux alertes muet et envoyer des r\u00e9pliques automatique \u00e0 tous les DM entrants.<\/p>\n<p>Alors que les utilisateurs de 16 et 17 ans peuvent ajuster ces param\u00e8tres s&rsquo;ils le souhaitent, les utilisateurs de moins de 16 ans ne peuvent pas le faire sans l&rsquo;autorisation de leurs parents. Meta semble satisfait des r\u00e9sultats, il n&rsquo;est donc pas surprenant que l&rsquo;entreprise \u00e9tend \u00e0 la fois des comptes d&rsquo;adolescents \u00e0 Facebook et Messenger, ainsi qu&rsquo;\u00e0 ajouter le nombre de protections int\u00e9gr\u00e9es dans ces comptes.<\/p>\n<h2 id=\"teen-accounts-on-facebook-and-messenger\">Comptes d&rsquo;adolescents sur Facebook et Messenger<\/h2>\n<p>Meta a annonc\u00e9 ces changements de compte pour adolescents dans un article de blog de mardi. En plus d&rsquo;Instagram, les comptes d&rsquo;adolescents se d\u00e9roulent aux utilisateurs de Facebook et Messenger aux \u00c9tats-Unis, au Royaume-Uni, en Australie et au Canada, avec plus de r\u00e9gions pr\u00e9vues dans un avenir proche.<\/p>\n<p>Comme pour les comptes d&rsquo;adolescents Instagram, les comptes pour les utilisateurs de moins de 18 ans passeront automatiquement aux comptes des adolescents. Avant que cette transition ne se produise, les utilisateurs verront une alerte en haut de leurs applications les informant des m\u00e9ta-plans des param\u00e8tres pour changer.<\/p>\n<div class=\"eloquent-imagery-image\">\n<div class=\"flex justify-center\">\n                    <img decoding=\"async\" class=\"border border-gray-100\" src=\"https:\/\/vieassociative.be\/actualites\/wp-content\/uploads\/2025\/04\/Meta-elargit-les-comptes-dadolescents-a-Facebook-et-Messenger.jpg\" alt=\"Messager Changements\" width=\"2000\" height=\"1125\" loading=\"lazy\"  >\n            <\/div>\n<\/p><\/div>\n<h2 id=\"whats-new-with-teen-accounts\">Quoi de neuf avec les comptes adolescents<\/h2>\n<p>Les comptes d&rsquo;adolescents sur Facebook et Messenger obtiennent les m\u00eames protections que les comptes d&rsquo;adolescents Instagram depuis l&rsquo;ann\u00e9e derni\u00e8re. Cependant, Meta d\u00e9ploie sp\u00e9cifiquement de nouvelles restrictions pour les comptes d&rsquo;adolescents sur Instagram.<\/p>\n<p>Cela inclut une interdiction de diffusion en direct pour les utilisateurs de moins de 16 ans. Si ces utilisateurs veulent \u00eatre mis en ligne sur Instagram, ils auront besoin de la permission de leurs parents pour activer le param\u00e8tre. De plus, ces utilisateurs auront besoin de OK de leurs parents pour d\u00e9sactiver une fonctionnalit\u00e9 qui brouille les images contenant de la nudit\u00e9 suspect\u00e9e dans le DMS.    <\/p>\n<div class=\"pogoClear relative my-10 border-b-(1.5px) border-t-(1.5px) border-dashed border-black py-5 sm:my-14 sm:border-0 sm:py-0\" x-cloak x-data=\"{ commentsCount: null }\" x-init=\"commentsCount = await window.openweb.getMessagesCount(01JRB9T1S63JNMZ9JFEHEJMVDH)\" x-show=\"commentsCount !== null &amp;&amp; commentsCount &gt; 0\">\n<div class=\"absolute top-1\/2 hidden w-full -translate-y-1\/2 border-t-(1.5px) border-dashed border-black sm:block\"><\/div>\n<div class=\"relative flex justify-center\">\n<div class=\"flex max-w-max items-center gap-x-3 bg-white px-5\">\n<div class=\"relative\">\n                <span class=\"absolute left-1\/2 top-1\/2 -translate-x-1\/2 -translate-y-1\/2 font-akshar text-sm font-medium text-black\" x-text=\"commentsCount\"><\/span><\/p>\n<p>                <svg class=\"h-8 w-8 text-black\">\n                    <use href=\"http:\/\/lifehacker.com\/images\/icons\/spritemap.svg#sprite-chat-bubble\"><\/use>\n                <\/svg>\n            <\/div>\n<p>            <span class=\"text-sm font-medium text-black\">Que pensez-vous jusqu&rsquo;\u00e0 pr\u00e9sent? <button class=\"font-semibold text-brand-green underline hover:text-brand-green-700\" onclick=\"window.openweb.scrollToComments(01JRB9T1S63JNMZ9JFEHEJMVDH)\">Publier un commentaire.<\/button><\/span>\n        <\/div>\n<\/p><\/div>\n<\/div>\n<div class=\"eloquent-imagery-image\">\n<div class=\"flex justify-center\">\n                    <img decoding=\"async\" class=\"border border-gray-100\" src=\"https:\/\/vieassociative.be\/actualites\/wp-content\/uploads\/2025\/04\/1744183153_249_Meta-elargit-les-comptes-dadolescents-a-Facebook-et-Messenger.jpg\" alt=\"Param\u00e8tres de diffusion en direct et de protection contre la nudit\u00e9 dans Instagram\" width=\"2000\" height=\"1125\" loading=\"lazy\"  >\n            <\/div>\n<\/p><\/div>\n<p>J&rsquo;imagine que la grande majorit\u00e9 des parents vont vouloir garder ces param\u00e8tres d\u00e9sactiv\u00e9s sur les comptes Instagram de leurs adolescents. Meta le fait \u00e9galement: la soci\u00e9t\u00e9 affirme que 97% des utilisateurs \u00e2g\u00e9s de 13 \u00e0 15 ans gardent ces protections par d\u00e9faut activ\u00e9es. <\/p>\n<h2 id=\"how-to-manage-your-teens-meta-accounts\">Comment g\u00e9rer les m\u00e9ta-comptes de votre adolescent<\/h2>\n<p>Comme mentionn\u00e9 pr\u00e9c\u00e9demment, les comptes des adolescents sont automatiques. Si votre adolescent a un compte avec Instagram, Facebook ou Messenger, son compte passera \u00e0 un compte adolescent sans que vous ayez besoin de faire quoi que ce soit. <\/p>\n<p>Si votre adolescent a 16 ans ou plus, il aura la possibilit\u00e9 d&rsquo;ajuster ces param\u00e8tres par eux-m\u00eames. Cependant, les adolescents de moins de 16 ans ont non seulement besoin de votre autorisation pour modifier les param\u00e8tres, mais ils doivent d&rsquo;abord configurer la supervision parentale pour vous donner la possibilit\u00e9 d&rsquo;ajuster ces param\u00e8tres en premier lieu. Sinon, ils sont coinc\u00e9s avec des restrictions de comptes d&rsquo;adolescents jusqu&rsquo;\u00e0 ce qu&rsquo;ils aient 16 ans.   <\/p>\n<p>Pour ce faire dans Instagram, ouvrez l&rsquo;application, ouvrez votre profil, appuyez sur le menu Hamburger en haut \u00e0 droite, le choix <strong>Centre familial<\/strong>. Robinet <strong>Invitez votre adolescent<\/strong>puis choisissez votre enfant dans la liste des utilisateurs. Robinet <strong>Inviter<\/strong> pour envoyer l&rsquo;invitation. Vous trouverez un param\u00e8tre de lien d&rsquo;invitation similaire dans Messenger et Facebook: ouvrez l&rsquo;application, dirigez-vous vers <strong>Menu> Param\u00e8tres (param\u00e8tres et confidentialit\u00e9 sur Facebook)> Centre familial<\/strong>puis partagez le lien Invite que l&rsquo;application g\u00e9n\u00e8re pour vous. <strong> <\/strong><\/p>\n<p>Une fois configur\u00e9, vous devriez \u00eatre en mesure de g\u00e9rer les autorisations de votre adolescent de ce chat du centre familial. Cela inclut des options comme qui peut les DM, qui peut les mentionner ou les \u00e9tiqueter, quel contenu ils peuvent voir et unblur, les param\u00e8tres du mode de sommeil et les options de limite de temps. Cependant, ce n&rsquo;est pas une situation de \u00ab\u00a0grand fr\u00e8re\u00a0\u00bb: Meta dit que vous ne pouvez pas voir l&rsquo;historique de recherche de votre adolescent ou le DMS, faire des messages en leur nom ou r\u00e9initialiser leur mot de passe. Ils conservent ici une quantit\u00e9 importante de confidentialit\u00e9 personnelle: vous contr\u00f4lez simplement les autorisations susmentionn\u00e9es. Lorsque votre adolescent essaie de modifier un param\u00e8tre restreint, l&rsquo;application lui fera savoir qu&rsquo;il a besoin de votre autorisation pour le faire.  <\/p>\n","protected":false},"excerpt":{"rendered":"<p>Il existe \u00e9galement de nouvelles restrictions pour les comptes d&rsquo;adolescents sur Instagram. Les m\u00e9dias sociaux peuvent \u00eatre un moyen fantastique de se connecter avec les<\/p>\n","protected":false},"author":1,"featured_media":6561,"comment_status":"","ping_status":"","sticky":false,"template":"","format":"standard","meta":{"footnotes":""},"categories":[13],"tags":[1222,6270,5029,3889,14,6271,487],"class_list":["post-6560","post","type-post","status-publish","format-standard","has-post-thumbnail","hentry","category-technologie","tag-comptes","tag-dadolescents","tag-elargit","tag-facebook","tag-les","tag-messenger","tag-meta","generate-columns","tablet-grid-50","mobile-grid-100","grid-parent","grid-33"],"yoast_head":"<!-- This site is optimized with the Yoast SEO plugin v24.0 - https:\/\/yoast.com\/wordpress\/plugins\/seo\/ -->\n<title>Meta \u00e9largit les comptes d&#039;adolescents \u00e0 Facebook et Messenger | Vie Associative<\/title>\n<meta name=\"robots\" content=\"index, follow, max-snippet:-1, max-image-preview:large, max-video-preview:-1\" \/>\n<link rel=\"canonical\" href=\"https:\/\/vieassociative.be\/actualites\/meta-elargit-les-comptes-dadolescents-a-facebook-et-messenger\/\" \/>\n<meta property=\"og:locale\" content=\"fr_FR\" \/>\n<meta property=\"og:type\" content=\"article\" \/>\n<meta property=\"og:title\" content=\"Meta \u00e9largit les comptes d&#039;adolescents \u00e0 Facebook et Messenger | Vie Associative\" \/>\n<meta property=\"og:description\" content=\"Il existe \u00e9galement de nouvelles restrictions pour les comptes d&rsquo;adolescents sur Instagram. Les m\u00e9dias sociaux peuvent \u00eatre un moyen fantastique de se connecter avec les\" \/>\n<meta property=\"og:url\" content=\"https:\/\/vieassociative.be\/actualites\/meta-elargit-les-comptes-dadolescents-a-facebook-et-messenger\/\" \/>\n<meta property=\"og:site_name\" content=\"Vie Associative\" \/>\n<meta property=\"article:published_time\" content=\"2025-04-09T07:19:13+00:00\" \/>\n<meta property=\"og:image\" content=\"https:\/\/vieassociative.be\/actualites\/wp-content\/uploads\/2025\/04\/Meta-elargit-les-comptes-dadolescents-a-Facebook-et-Messenger.jpg\" \/>\n<meta name=\"author\" content=\"Julien\" \/>\n<meta name=\"twitter:card\" content=\"summary_large_image\" \/>\n<meta name=\"twitter:label1\" content=\"\u00c9crit par\" \/>\n\t<meta name=\"twitter:data1\" content=\"Julien\" \/>\n\t<meta name=\"twitter:label2\" content=\"Dur\u00e9e de lecture est.\" \/>\n\t<meta name=\"twitter:data2\" content=\"5 minutes\" \/>\n<script type=\"application\/ld+json\" class=\"yoast-schema-graph\">{\"@context\":\"https:\/\/schema.org\",\"@graph\":[{\"@type\":\"Article\",\"@id\":\"https:\/\/vieassociative.be\/actualites\/meta-elargit-les-comptes-dadolescents-a-facebook-et-messenger\/#article\",\"isPartOf\":{\"@id\":\"https:\/\/vieassociative.be\/actualites\/meta-elargit-les-comptes-dadolescents-a-facebook-et-messenger\/\"},\"author\":{\"name\":\"Julien\",\"@id\":\"https:\/\/vieassociative.be\/actualites\/#\/schema\/person\/b87ac4f82f9d4e7b7cec7395b679edc4\"},\"headline\":\"Meta \u00e9largit les comptes d&rsquo;adolescents \u00e0 Facebook et Messenger\",\"datePublished\":\"2025-04-09T07:19:13+00:00\",\"dateModified\":\"2025-04-09T07:19:13+00:00\",\"mainEntityOfPage\":{\"@id\":\"https:\/\/vieassociative.be\/actualites\/meta-elargit-les-comptes-dadolescents-a-facebook-et-messenger\/\"},\"wordCount\":982,\"publisher\":{\"@id\":\"https:\/\/vieassociative.be\/actualites\/#organization\"},\"image\":{\"@id\":\"https:\/\/vieassociative.be\/actualites\/meta-elargit-les-comptes-dadolescents-a-facebook-et-messenger\/#primaryimage\"},\"thumbnailUrl\":\"https:\/\/vieassociative.be\/actualites\/wp-content\/uploads\/2025\/04\/1744183153_Meta-elargit-les-comptes-dadolescents-a-Facebook-et-Messenger.jpg\",\"keywords\":[\"comptes\",\"dadolescents\",\"\u00e9largit\",\"Facebook\",\"Les\",\"Messenger\",\"Meta\"],\"articleSection\":[\"Technologie\"],\"inLanguage\":\"fr-BE\"},{\"@type\":\"WebPage\",\"@id\":\"https:\/\/vieassociative.be\/actualites\/meta-elargit-les-comptes-dadolescents-a-facebook-et-messenger\/\",\"url\":\"https:\/\/vieassociative.be\/actualites\/meta-elargit-les-comptes-dadolescents-a-facebook-et-messenger\/\",\"name\":\"Meta \u00e9largit les comptes d'adolescents \u00e0 Facebook et Messenger | Vie Associative\",\"isPartOf\":{\"@id\":\"https:\/\/vieassociative.be\/actualites\/#website\"},\"primaryImageOfPage\":{\"@id\":\"https:\/\/vieassociative.be\/actualites\/meta-elargit-les-comptes-dadolescents-a-facebook-et-messenger\/#primaryimage\"},\"image\":{\"@id\":\"https:\/\/vieassociative.be\/actualites\/meta-elargit-les-comptes-dadolescents-a-facebook-et-messenger\/#primaryimage\"},\"thumbnailUrl\":\"https:\/\/vieassociative.be\/actualites\/wp-content\/uploads\/2025\/04\/1744183153_Meta-elargit-les-comptes-dadolescents-a-Facebook-et-Messenger.jpg\",\"datePublished\":\"2025-04-09T07:19:13+00:00\",\"dateModified\":\"2025-04-09T07:19:13+00:00\",\"breadcrumb\":{\"@id\":\"https:\/\/vieassociative.be\/actualites\/meta-elargit-les-comptes-dadolescents-a-facebook-et-messenger\/#breadcrumb\"},\"inLanguage\":\"fr-BE\",\"potentialAction\":[{\"@type\":\"ReadAction\",\"target\":[\"https:\/\/vieassociative.be\/actualites\/meta-elargit-les-comptes-dadolescents-a-facebook-et-messenger\/\"]}]},{\"@type\":\"ImageObject\",\"inLanguage\":\"fr-BE\",\"@id\":\"https:\/\/vieassociative.be\/actualites\/meta-elargit-les-comptes-dadolescents-a-facebook-et-messenger\/#primaryimage\",\"url\":\"https:\/\/vieassociative.be\/actualites\/wp-content\/uploads\/2025\/04\/1744183153_Meta-elargit-les-comptes-dadolescents-a-Facebook-et-Messenger.jpg\",\"contentUrl\":\"https:\/\/vieassociative.be\/actualites\/wp-content\/uploads\/2025\/04\/1744183153_Meta-elargit-les-comptes-dadolescents-a-Facebook-et-Messenger.jpg\",\"width\":1200,\"height\":675,\"caption\":\"Meta \u00e9largit les comptes d'adolescents \u00e0 Facebook et Messenger\"},{\"@type\":\"BreadcrumbList\",\"@id\":\"https:\/\/vieassociative.be\/actualites\/meta-elargit-les-comptes-dadolescents-a-facebook-et-messenger\/#breadcrumb\",\"itemListElement\":[{\"@type\":\"ListItem\",\"position\":1,\"name\":\"Accueil\",\"item\":\"https:\/\/vieassociative.be\/actualites\/\"},{\"@type\":\"ListItem\",\"position\":2,\"name\":\"Meta \u00e9largit les comptes d&rsquo;adolescents \u00e0 Facebook et Messenger\"}]},{\"@type\":\"WebSite\",\"@id\":\"https:\/\/vieassociative.be\/actualites\/#website\",\"url\":\"https:\/\/vieassociative.be\/actualites\/\",\"name\":\"Vie Associative\",\"description\":\"\",\"publisher\":{\"@id\":\"https:\/\/vieassociative.be\/actualites\/#organization\"},\"potentialAction\":[{\"@type\":\"SearchAction\",\"target\":{\"@type\":\"EntryPoint\",\"urlTemplate\":\"https:\/\/vieassociative.be\/actualites\/?s={search_term_string}\"},\"query-input\":{\"@type\":\"PropertyValueSpecification\",\"valueRequired\":true,\"valueName\":\"search_term_string\"}}],\"inLanguage\":\"fr-BE\"},{\"@type\":\"Organization\",\"@id\":\"https:\/\/vieassociative.be\/actualites\/#organization\",\"name\":\"Vie Associative\",\"url\":\"https:\/\/vieassociative.be\/actualites\/\",\"logo\":{\"@type\":\"ImageObject\",\"inLanguage\":\"fr-BE\",\"@id\":\"https:\/\/vieassociative.be\/actualites\/#\/schema\/logo\/image\/\",\"url\":\"https:\/\/vieassociative.be\/actualites\/wp-content\/uploads\/2024\/09\/cropped-vieassociative_favicon.ico.png\",\"contentUrl\":\"https:\/\/vieassociative.be\/actualites\/wp-content\/uploads\/2024\/09\/cropped-vieassociative_favicon.ico.png\",\"width\":512,\"height\":512,\"caption\":\"Vie Associative\"},\"image\":{\"@id\":\"https:\/\/vieassociative.be\/actualites\/#\/schema\/logo\/image\/\"}},{\"@type\":\"Person\",\"@id\":\"https:\/\/vieassociative.be\/actualites\/#\/schema\/person\/b87ac4f82f9d4e7b7cec7395b679edc4\",\"name\":\"Julien\",\"image\":{\"@type\":\"ImageObject\",\"inLanguage\":\"fr-BE\",\"@id\":\"https:\/\/vieassociative.be\/actualites\/#\/schema\/person\/image\/\",\"url\":\"https:\/\/vieassociative.be\/actualites\/wp-content\/uploads\/2024\/09\/vie-associative-1-150x150.jpg\",\"contentUrl\":\"https:\/\/vieassociative.be\/actualites\/wp-content\/uploads\/2024\/09\/vie-associative-1-150x150.jpg\",\"caption\":\"Julien\"},\"description\":\"Je suis Julien, r\u00e9dacteur pour Vie Associative. Passionn\u00e9 par le monde associatif depuis plus de 10 ans, j'ai \u00e0 c\u0153ur de partager des histoires inspirantes et de mettre en lumi\u00e8re les initiatives locales. Mon objectif est de sensibiliser et d'encourager l'engagement communautaire \u00e0 travers mes articles.\",\"sameAs\":[\"https:\/\/vieassociative.be\/\"]}]}<\/script>\n<!-- \/ Yoast SEO plugin. -->","yoast_head_json":{"title":"Meta \u00e9largit les comptes d'adolescents \u00e0 Facebook et Messenger | Vie Associative","robots":{"index":"index","follow":"follow","max-snippet":"max-snippet:-1","max-image-preview":"max-image-preview:large","max-video-preview":"max-video-preview:-1"},"canonical":"https:\/\/vieassociative.be\/actualites\/meta-elargit-les-comptes-dadolescents-a-facebook-et-messenger\/","og_locale":"fr_FR","og_type":"article","og_title":"Meta \u00e9largit les comptes d'adolescents \u00e0 Facebook et Messenger | Vie Associative","og_description":"Il existe \u00e9galement de nouvelles restrictions pour les comptes d&rsquo;adolescents sur Instagram. Les m\u00e9dias sociaux peuvent \u00eatre un moyen fantastique de se connecter avec les","og_url":"https:\/\/vieassociative.be\/actualites\/meta-elargit-les-comptes-dadolescents-a-facebook-et-messenger\/","og_site_name":"Vie Associative","article_published_time":"2025-04-09T07:19:13+00:00","og_image":[{"url":"https:\/\/vieassociative.be\/actualites\/wp-content\/uploads\/2025\/04\/Meta-elargit-les-comptes-dadolescents-a-Facebook-et-Messenger.jpg","type":"","width":"","height":""}],"author":"Julien","twitter_card":"summary_large_image","twitter_misc":{"\u00c9crit par":"Julien","Dur\u00e9e de lecture est.":"5 minutes"},"schema":{"@context":"https:\/\/schema.org","@graph":[{"@type":"Article","@id":"https:\/\/vieassociative.be\/actualites\/meta-elargit-les-comptes-dadolescents-a-facebook-et-messenger\/#article","isPartOf":{"@id":"https:\/\/vieassociative.be\/actualites\/meta-elargit-les-comptes-dadolescents-a-facebook-et-messenger\/"},"author":{"name":"Julien","@id":"https:\/\/vieassociative.be\/actualites\/#\/schema\/person\/b87ac4f82f9d4e7b7cec7395b679edc4"},"headline":"Meta \u00e9largit les comptes d&rsquo;adolescents \u00e0 Facebook et Messenger","datePublished":"2025-04-09T07:19:13+00:00","dateModified":"2025-04-09T07:19:13+00:00","mainEntityOfPage":{"@id":"https:\/\/vieassociative.be\/actualites\/meta-elargit-les-comptes-dadolescents-a-facebook-et-messenger\/"},"wordCount":982,"publisher":{"@id":"https:\/\/vieassociative.be\/actualites\/#organization"},"image":{"@id":"https:\/\/vieassociative.be\/actualites\/meta-elargit-les-comptes-dadolescents-a-facebook-et-messenger\/#primaryimage"},"thumbnailUrl":"https:\/\/vieassociative.be\/actualites\/wp-content\/uploads\/2025\/04\/1744183153_Meta-elargit-les-comptes-dadolescents-a-Facebook-et-Messenger.jpg","keywords":["comptes","dadolescents","\u00e9largit","Facebook","Les","Messenger","Meta"],"articleSection":["Technologie"],"inLanguage":"fr-BE"},{"@type":"WebPage","@id":"https:\/\/vieassociative.be\/actualites\/meta-elargit-les-comptes-dadolescents-a-facebook-et-messenger\/","url":"https:\/\/vieassociative.be\/actualites\/meta-elargit-les-comptes-dadolescents-a-facebook-et-messenger\/","name":"Meta \u00e9largit les comptes d'adolescents \u00e0 Facebook et Messenger | Vie Associative","isPartOf":{"@id":"https:\/\/vieassociative.be\/actualites\/#website"},"primaryImageOfPage":{"@id":"https:\/\/vieassociative.be\/actualites\/meta-elargit-les-comptes-dadolescents-a-facebook-et-messenger\/#primaryimage"},"image":{"@id":"https:\/\/vieassociative.be\/actualites\/meta-elargit-les-comptes-dadolescents-a-facebook-et-messenger\/#primaryimage"},"thumbnailUrl":"https:\/\/vieassociative.be\/actualites\/wp-content\/uploads\/2025\/04\/1744183153_Meta-elargit-les-comptes-dadolescents-a-Facebook-et-Messenger.jpg","datePublished":"2025-04-09T07:19:13+00:00","dateModified":"2025-04-09T07:19:13+00:00","breadcrumb":{"@id":"https:\/\/vieassociative.be\/actualites\/meta-elargit-les-comptes-dadolescents-a-facebook-et-messenger\/#breadcrumb"},"inLanguage":"fr-BE","potentialAction":[{"@type":"ReadAction","target":["https:\/\/vieassociative.be\/actualites\/meta-elargit-les-comptes-dadolescents-a-facebook-et-messenger\/"]}]},{"@type":"ImageObject","inLanguage":"fr-BE","@id":"https:\/\/vieassociative.be\/actualites\/meta-elargit-les-comptes-dadolescents-a-facebook-et-messenger\/#primaryimage","url":"https:\/\/vieassociative.be\/actualites\/wp-content\/uploads\/2025\/04\/1744183153_Meta-elargit-les-comptes-dadolescents-a-Facebook-et-Messenger.jpg","contentUrl":"https:\/\/vieassociative.be\/actualites\/wp-content\/uploads\/2025\/04\/1744183153_Meta-elargit-les-comptes-dadolescents-a-Facebook-et-Messenger.jpg","width":1200,"height":675,"caption":"Meta \u00e9largit les comptes d'adolescents \u00e0 Facebook et Messenger"},{"@type":"BreadcrumbList","@id":"https:\/\/vieassociative.be\/actualites\/meta-elargit-les-comptes-dadolescents-a-facebook-et-messenger\/#breadcrumb","itemListElement":[{"@type":"ListItem","position":1,"name":"Accueil","item":"https:\/\/vieassociative.be\/actualites\/"},{"@type":"ListItem","position":2,"name":"Meta \u00e9largit les comptes d&rsquo;adolescents \u00e0 Facebook et Messenger"}]},{"@type":"WebSite","@id":"https:\/\/vieassociative.be\/actualites\/#website","url":"https:\/\/vieassociative.be\/actualites\/","name":"Vie Associative","description":"","publisher":{"@id":"https:\/\/vieassociative.be\/actualites\/#organization"},"potentialAction":[{"@type":"SearchAction","target":{"@type":"EntryPoint","urlTemplate":"https:\/\/vieassociative.be\/actualites\/?s={search_term_string}"},"query-input":{"@type":"PropertyValueSpecification","valueRequired":true,"valueName":"search_term_string"}}],"inLanguage":"fr-BE"},{"@type":"Organization","@id":"https:\/\/vieassociative.be\/actualites\/#organization","name":"Vie Associative","url":"https:\/\/vieassociative.be\/actualites\/","logo":{"@type":"ImageObject","inLanguage":"fr-BE","@id":"https:\/\/vieassociative.be\/actualites\/#\/schema\/logo\/image\/","url":"https:\/\/vieassociative.be\/actualites\/wp-content\/uploads\/2024\/09\/cropped-vieassociative_favicon.ico.png","contentUrl":"https:\/\/vieassociative.be\/actualites\/wp-content\/uploads\/2024\/09\/cropped-vieassociative_favicon.ico.png","width":512,"height":512,"caption":"Vie Associative"},"image":{"@id":"https:\/\/vieassociative.be\/actualites\/#\/schema\/logo\/image\/"}},{"@type":"Person","@id":"https:\/\/vieassociative.be\/actualites\/#\/schema\/person\/b87ac4f82f9d4e7b7cec7395b679edc4","name":"Julien","image":{"@type":"ImageObject","inLanguage":"fr-BE","@id":"https:\/\/vieassociative.be\/actualites\/#\/schema\/person\/image\/","url":"https:\/\/vieassociative.be\/actualites\/wp-content\/uploads\/2024\/09\/vie-associative-1-150x150.jpg","contentUrl":"https:\/\/vieassociative.be\/actualites\/wp-content\/uploads\/2024\/09\/vie-associative-1-150x150.jpg","caption":"Julien"},"description":"Je suis Julien, r\u00e9dacteur pour Vie Associative. Passionn\u00e9 par le monde associatif depuis plus de 10 ans, j'ai \u00e0 c\u0153ur de partager des histoires inspirantes et de mettre en lumi\u00e8re les initiatives locales. Mon objectif est de sensibiliser et d'encourager l'engagement communautaire \u00e0 travers mes articles.","sameAs":["https:\/\/vieassociative.be\/"]}]}},"_links":{"self":[{"href":"https:\/\/vieassociative.be\/actualites\/wp-json\/wp\/v2\/posts\/6560"}],"collection":[{"href":"https:\/\/vieassociative.be\/actualites\/wp-json\/wp\/v2\/posts"}],"about":[{"href":"https:\/\/vieassociative.be\/actualites\/wp-json\/wp\/v2\/types\/post"}],"author":[{"embeddable":true,"href":"https:\/\/vieassociative.be\/actualites\/wp-json\/wp\/v2\/users\/1"}],"replies":[{"embeddable":true,"href":"https:\/\/vieassociative.be\/actualites\/wp-json\/wp\/v2\/comments?post=6560"}],"version-history":[{"count":0,"href":"https:\/\/vieassociative.be\/actualites\/wp-json\/wp\/v2\/posts\/6560\/revisions"}],"wp:featuredmedia":[{"embeddable":true,"href":"https:\/\/vieassociative.be\/actualites\/wp-json\/wp\/v2\/media\/6561"}],"wp:attachment":[{"href":"https:\/\/vieassociative.be\/actualites\/wp-json\/wp\/v2\/media?parent=6560"}],"wp:term":[{"taxonomy":"category","embeddable":true,"href":"https:\/\/vieassociative.be\/actualites\/wp-json\/wp\/v2\/categories?post=6560"},{"taxonomy":"post_tag","embeddable":true,"href":"https:\/\/vieassociative.be\/actualites\/wp-json\/wp\/v2\/tags?post=6560"}],"curies":[{"name":"wp","href":"https:\/\/api.w.org\/{rel}","templated":true}]}}