{"id":6556,"date":"2025-04-09T06:18:04","date_gmt":"2025-04-09T04:18:04","guid":{"rendered":"https:\/\/vieassociative.be\/actualites\/toutes-les-facons-dont-jaime-manger-des-pop-tarts\/"},"modified":"2025-04-09T06:18:04","modified_gmt":"2025-04-09T04:18:04","slug":"toutes-les-facons-dont-jaime-manger-des-pop-tarts","status":"publish","type":"post","link":"https:\/\/vieassociative.be\/actualites\/toutes-les-facons-dont-jaime-manger-des-pop-tarts\/","title":{"rendered":"Toutes les fa\u00e7ons dont j&rsquo;aime manger des pop-tarts"},"content":{"rendered":"<div class=\"mt-4 leading-6 md:mb-8\">Pensez aux bagatelles, aux sandwichs \u00e0 la cr\u00e8me glac\u00e9e, aux milkshakes et plus encore.<\/div>\n<p><\/p>\n<p>Le simple pop-tart a parcouru un long chemin depuis sa cr\u00e9ation dans les ann\u00e9es 1960. Bien qu&rsquo;ils n&rsquo;aient pas l&rsquo;air diff\u00e9rent, la fa\u00e7on dont ils sont mang\u00e9s ont subi une exp\u00e9rimentation fantaisiste. Cela suit la g\u00e2terie color\u00e9e, remplie de confitures et respectueuses d&rsquo;un grille-pain avec de minuscules paillettes de minuscules sur le dessus. Si cela fait un moment que vous n&rsquo;avez pas plong\u00e9 les orteils dans la piscine de petit-d\u00e9jeuner remplie de confiture, c&rsquo;est votre signe pour franchir le pas. Voici quelques-unes des meilleures fa\u00e7ons de manger des pop-tarts.<\/p>\n<h2 id=\"eat-em-frozen\">Mangez les fig\u00e9s<\/h2>\n<p>Par respect pour les temp\u00e9ratures plus chaudes qui approchent, les premi\u00e8res suggestions de tart pop seront un r\u00e9gal pour vous rafra\u00eechir. Je ne recommanderais jamais un four \u00e0 grille-pain chaud quand il est 80 \u00b0 F; Je ne le d\u00e9fendrais tout simplement pas. Au lieu de cela, offrez-vous une pointe pop surgel\u00e9e. Sortez les manches en feuille de la bo\u00eete en carton (le carton devient humide et prend un espace suppl\u00e9mentaire) et gardez-les cach\u00e9es au cong\u00e9lateur jusqu&rsquo;\u00e0 ce que vous en ayez le plus besoin. La p\u00e2tisserie gagne une texture nette et la confiture ne devient jamais glac\u00e9e &#8211; au lieu de cela, il finit par \u00eatre tr\u00e8s moelleux.<\/p>\n<div class=\"eloquent-imagery-image\">\n<div class=\"flex justify-center\">\n                    <img decoding=\"async\" class=\"border border-gray-100\" src=\"https:\/\/vieassociative.be\/actualites\/wp-content\/uploads\/2025\/04\/Toutes-les-facons-dont-jaime-manger-des-pop-tarts.png\" alt=\"Cr\u00e8me glac\u00e9e \u00e0 la pointe pop.\" width=\"2000\" height=\"1125\" loading=\"lazy\"  >\n            <\/div>\n<\/p><\/div>\n<h2 id=\"crumble-them-into-ice-cream\">Les \u00e9mietter dans la cr\u00e8me glac\u00e9e<\/h2>\n<p>La cr\u00e8me glac\u00e9e \u00e0 la saveur nature est bien, mais je suis beaucoup plus susceptible d&rsquo;obtenir une pinte de glace charg\u00e9e de <em>truc<\/em>. J&rsquo;aime les tourbillons au caramel, les morceaux de chocolat, les taches de g\u00e2teau au fromage, vous l&rsquo;appelez. Donc, quand j&rsquo;ai test\u00e9 une glace sans germe, vous feriez mieux de croire que je me suis effondr\u00e9. Il est plus facile de le plier dans la sc\u00e8ne en forme de serre en douceur lorsque vous faites votre propre glace \u00e0 la maison, mais vous pouvez \u00e9galement le faire avec achet\u00e9 en magasin. Laissez la glace au r\u00e9frig\u00e9rateur pendant 30 \u00e0 45 minutes pour ramollir. Rassemblez-le dans un bol et m\u00e9langez les morceaux de p\u00e2tisserie. Vous pouvez le retourner \u00e0 la pinte pour le congeler fort, ou tout simplement commencer \u00e0 s&rsquo;\u00e9touffer. <\/p>\n<h2 id=\"stack-up-an-ice-cream-sandwich\">Empiler un sandwich \u00e0 la cr\u00e8me glac\u00e9e<\/h2>\n<p>Les sandwichs \u00e0 la cr\u00e8me glac\u00e9e sont intrins\u00e8quement amusants, et lorsque le \u00abpain\u00bb est des tarteaux pop, le mangeur chanceux est tenu de faire un sourire. J&rsquo;appr\u00e9cie les sandwichs \u00e0 la cr\u00e8me glac\u00e9e des pop-tarts car vous pouvez vraiment prendre des libert\u00e9s avec des combinaisons de saveurs. \u00c0 tout moment, les pop-tarts auront des saveurs classiques (comme la fraise, la myrtille et la cannelle de cassonade), mais je vois constamment les \u00e9tag\u00e8res remplies avec des saveurs bizarres, comme des prises de pomme, du beignet de la cr\u00e8me de Boston ou du milkshake \u00e0 la fraise givr\u00e9. Associez-les avec l&rsquo;une des nombreuses glaces de la section du cong\u00e9lateur et vous avez une g\u00e2terie d\u00e9licieuse. Voici comment faire un sandwich \u00e0 la cr\u00e8me glac\u00e9e pop-tart.<\/p>\n<div class=\"eloquent-imagery-image\">\n<div class=\"flex justify-center\">\n                    <img decoding=\"async\" class=\"border border-gray-100\" src=\"https:\/\/vieassociative.be\/actualites\/wp-content\/uploads\/2025\/04\/1744172282_149_Toutes-les-facons-dont-jaime-manger-des-pop-tarts.png\" alt=\"Une cro\u00fbte \u00e0 tarte sur une grille\" width=\"2000\" height=\"1124\" loading=\"lazy\"  >\n            <\/div>\n<\/p><\/div>\n<h2 id=\"use-pop-tarts-for-pie-crust\">Utilisez des pop-tarts pour la cro\u00fbte \u00e0 tarte<\/h2>\n<p>Habituellement, les cro\u00fbtes de miettes de biscuits Graham sont la norme pour les tartes et tartes r\u00e9frig\u00e9r\u00e9es, mais pourquoi ne pas changer la miette pour quelque chose d&rsquo;un peu plus nostalgique (sans parler de color\u00e9). La meilleure partie est que c&rsquo;est une cro\u00fbte \u00e0 un ingr\u00e9dient. Jetez quelques pop-tarts dans un robot culinaire et m\u00e9langez-le dans de petites miettes. Appuyez sur les morceaux dans un plat \u00e0 tarte et les particules de confiture aideront \u00e0 lier la cro\u00fbte. Lisez ceci pour la m\u00e9thode compl\u00e8te. <\/p>\n<div class=\"eloquent-imagery-image\">\n<div class=\"flex justify-center\">\n                    <img decoding=\"async\" class=\"border border-gray-100\" src=\"https:\/\/vieassociative.be\/actualites\/wp-content\/uploads\/2025\/04\/1744172284_676_Toutes-les-facons-dont-jaime-manger-des-pop-tarts.png\" alt=\"Une cuill\u00e8re ramassant une bagatelle \u00e0 tarte-pop.\" width=\"2000\" height=\"1125\" loading=\"lazy\"  >\n            <\/div>\n<\/p><\/div>\n<h2 id=\"make-the-worlds-laziest-trifle\">Faire la bagatelle la plus paresse du monde<\/h2>\n<p>Les biscuits et le lait sont inextricablement li\u00e9s, c&rsquo;est pourquoi je pense que les tarteaux pop et la cr\u00e8me lourde sont des amis faciles. Faites une bagatelle perverse de plusieurs saveurs de pop-tarts en couches avec de la cr\u00e8me fouett\u00e9e pour un plaisir rapide lorsque vous n&rsquo;avez ni \u00e9nergie ni volont\u00e9 d&rsquo;acheter la cr\u00e8me et le g\u00e2teau pour une bagatelle \u00abappropri\u00e9e\u00bb.<\/p>\n<div class=\"pogoClear relative my-10 border-b-(1.5px) border-t-(1.5px) border-dashed border-black py-5 sm:my-14 sm:border-0 sm:py-0\" x-cloak x-data=\"{ commentsCount: null }\" x-init=\"commentsCount = await window.openweb.getMessagesCount(117870)\" x-show=\"commentsCount !== null &amp;&amp; commentsCount &gt; 0\">\n<div class=\"absolute top-1\/2 hidden w-full -translate-y-1\/2 border-t-(1.5px) border-dashed border-black sm:block\"><\/div>\n<div class=\"relative flex justify-center\">\n<div class=\"flex max-w-max items-center gap-x-3 bg-white px-5\">\n<div class=\"relative\">\n                <span class=\"absolute left-1\/2 top-1\/2 -translate-x-1\/2 -translate-y-1\/2 font-akshar text-sm font-medium text-black\" x-text=\"commentsCount\"><\/span><\/p>\n<p>                <svg class=\"h-8 w-8 text-black\">\n                    <use href=\"http:\/\/lifehacker.com\/images\/icons\/spritemap.svg#sprite-chat-bubble\"><\/use>\n                <\/svg>\n            <\/div>\n<p>            <span class=\"text-sm font-medium text-black\">Que pensez-vous jusqu&rsquo;\u00e0 pr\u00e9sent? <button class=\"font-semibold text-brand-green underline hover:text-brand-green-700\" onclick=\"window.openweb.scrollToComments(117870)\">Publier un commentaire.<\/button><\/span>\n        <\/div>\n<\/p><\/div>\n<\/div>\n<h2 id=\"crumble-topping-for-muffins-and-cakes\">Garniture de crumble pour les muffins et les g\u00e2teaux<\/h2>\n<p>La principale chose qui fait un g\u00e2teau \u00e0 mille qui est si irr\u00e9sistiblement bon est la garniture de Streusel. Et pourtant, ma chose la moins pr\u00e9f\u00e9r\u00e9e \u00e0 propos de faire un g\u00e2teau \u00e0 la miette est de prendre le temps suppl\u00e9mentaire pour pr\u00e9parer cette m\u00eame garniture. Voici un travail facile: garnir vos g\u00e2teaux avec des tartettes \u00e9cras\u00e9es. J&rsquo;utilise des clich\u00e9s de gingembre \u00e9cras\u00e9s dans cette recette, mais la m\u00eame m\u00e9thode s&rsquo;applique \u00e0 vos p\u00e2tisseries pour le petit-d\u00e9jeuner.<\/p>\n<div class=\"pogoClear mb-12 mt-10 rounded-md border-2 border-gray-100 py-7 shadow-xl md:py-6\">\n<div class=\"flex flex-wrap justify-between px-7 text-black no-underline md:flex-nowrap md:px-8\">\n<div class=\"order-1 mx-auto flex flex-col justify-center md:order-2 md:ml-4 md:w-full md:grow\">\n<div class=\"block cursor-pointer text-center font-akshar text-2xl font-medium leading-7 text-brand-green duration-200 ease-in-out hover:text-brand-green-700 md:text-left md:text-xl md:leading-6\">Hamilton Bach Milkshake Maker\n                <\/div>\n<div class=\"mt-4 hidden md:flex md:justify-between\">\n<div class=\"self-end\">\n<div class=\"mb-0 h-11 md:flex md:flex-col md:justify-center\">\n<div class=\" font-sans leading-4 text-black\">\n<div class=\"flex flex-wrap items-center justify-center gap-x-1 md:justify-start\">\n        <span class=\"font-bold\"><\/p>\n<p>            79,99 $<br \/>\n                            <span class=\"font-medium\">\u00e0 Amazon<\/span><br \/>\n                    <\/span>\n            <\/div>\n<\/p><\/div>\n<\/p><\/div>\n<\/p><\/div>\n<div class=\"w-44 self-end\">\n                            <button class=\"flex justify-center items-center w-full bg-brand-green text-white text-base font-sans font-medium rounded-md hover:bg-brand-green-700 hover:cursor-pointer md:text-sm h-11\"><\/p>\n<p>    Faire un magasin maintenant<br \/>\n<\/button>\n                        <\/div>\n<\/p><\/div>\n<\/p><\/div>\n<div class=\"order-2 mt-5 h-auto w-full md:order-1 md:mt-0 md:hidden\">\n<div class=\"flex aspect-video items-center justify-center\">\n                                            <img decoding=\"async\" class=\"m-0 max-h-full max-w-full rounded-md\" src=\"https:\/\/vieassociative.be\/actualites\/wp-content\/uploads\/2025\/04\/Toutes-les-facons-dont-jaime-manger-des-pop-tarts.jpg\" alt=\"Hamilton Beach 727b Drinkmaster Electric Drink Buinker, Milkshake r\u00e9tro de qualit\u00e9 restaurant et frottement de lait, 2 vitesses, 28 oz extra-larges. Tasse en acier inoxydable, blanc\" width=\"auto\" height=\"auto\" loading=\"lazy\">\n                                    <\/div>\n<\/p><\/div>\n<div class=\"order-2 ml-2 hidden w-32 shrink-0 items-center md:order-1 md:ml-0 md:flex\">\n<div class=\"flex aspect-video items-center justify-center\">\n                                            <img decoding=\"async\" class=\"m-0 max-h-full max-w-full rounded-md\" src=\"https:\/\/vieassociative.be\/actualites\/wp-content\/uploads\/2025\/04\/Toutes-les-facons-dont-jaime-manger-des-pop-tarts.jpg\" alt=\"Hamilton Beach 727b Drinkmaster Electric Drink Buinker, Milkshake r\u00e9tro de qualit\u00e9 restaurant et frottement de lait, 2 vitesses, 28 oz extra-larges. Tasse en acier inoxydable, blanc\" width=\"auto\" height=\"auto\" loading=\"lazy\">\n                                    <\/div>\n<\/p><\/div>\n<div class=\"order-3 flex grow flex-wrap md:hidden md:grow-0\">\n<div class=\"mt-4 w-full\">\n                        <button class=\"flex justify-center items-center w-full bg-brand-green text-white text-base font-sans font-medium rounded-md hover:bg-brand-green-700 hover:cursor-pointer md:text-sm h-11\"><\/p>\n<p>    Faire un magasin maintenant<br \/>\n<\/button>\n                    <\/div>\n<div class=\"mx-2 mt-4 w-full\">\n<div class=\" font-sans leading-4 text-black\">\n<div class=\"flex flex-wrap items-center justify-center gap-x-1 md:justify-start\">\n        <span class=\"font-bold\"><\/p>\n<p>            79,99 $<br \/>\n                            <span class=\"font-medium\">\u00e0 Amazon<\/span><br \/>\n                    <\/span>\n            <\/div>\n<\/p><\/div>\n<\/p><\/div>\n<\/p><\/div>\n<\/p><\/div>\n<\/div>\n<h2 id=\"zhuzh-up-your-milkshakes\">Zhuzh dans vos milkshakes<\/h2>\n<p>Je n&rsquo;ai pas \u00e0 vous convaincre qu&rsquo;un milk-shake est une bonne id\u00e9e, mais vous devez savoir que tout secou\u00e9 de lait que vous faites peut \u00eatre beaucoup plus amusant s&rsquo;il est charg\u00e9 de pop-tarts. C&rsquo;est exact, vous pouvez boire vos pop-tarts, et vous devriez. C&rsquo;est facile avec un m\u00e9langeur aussi. Ajoutez simplement votre marque pr\u00e9f\u00e9r\u00e9e de glace \u00e0 la vanille, une manche de tartes et un peu de lait. Buriez et prenez une paille.<\/p>\n<h2 id=\"replace-toast-with-tarts\">Remplacer le toast par des tartes<\/h2>\n<p>Lorsque vous mangez des pop-tarts directement hors de l&#8217;emballage en papier d&rsquo;aluminium, ou m\u00eame grill\u00e9 doucement, vous vous court-circuiter. Bien s\u00fbr, ils ont d\u00e9j\u00e0 de la saveur, mais cette garniture douce ressemble plus \u00e0 un coup de pouce. Les tarts pop sont en fait de grands rempla\u00e7ants de toast. Bragas sur une couche de confiture, de Nutella ou du peluche. Pourquoi ne pas ajouter un schmear et des tranches de fraise fra\u00eeches? \u00c9talez sur une \u00e9paisse couche de beurre d&rsquo;arachide et garnissez-la de bananes en tranches pour une collation qui est digne de rivaliser avec toute tranche de 12 grains. Les combinaisons de saveurs sont infinies, et si vous ne l&rsquo;avez pas d\u00e9j\u00e0 fait, c&rsquo;est le bon moment pour ajouter une bo\u00eete de cerise givr\u00e9e \u00e0 votre liste d&rsquo;\u00e9picerie. <\/p>\n","protected":false},"excerpt":{"rendered":"<p>Pensez aux bagatelles, aux sandwichs \u00e0 la cr\u00e8me glac\u00e9e, aux milkshakes et plus encore. Le simple pop-tart a parcouru un long chemin depuis sa cr\u00e9ation<\/p>\n","protected":false},"author":1,"featured_media":6557,"comment_status":"","ping_status":"","sticky":false,"template":"","format":"standard","meta":{"footnotes":""},"categories":[39],"tags":[29,257,119,64,14,1170,6269,62],"class_list":["post-6556","post","type-post","status-publish","format-standard","has-post-thumbnail","hentry","category-gastronomie","tag-des","tag-dont","tag-facons","tag-jaime","tag-les","tag-manger","tag-poptarts","tag-toutes","generate-columns","tablet-grid-50","mobile-grid-100","grid-parent","grid-33"],"yoast_head":"<!-- This site is optimized with the Yoast SEO plugin v24.0 - https:\/\/yoast.com\/wordpress\/plugins\/seo\/ -->\n<title>Toutes les fa\u00e7ons dont j&#039;aime manger des pop-tarts | Vie Associative<\/title>\n<meta name=\"robots\" content=\"index, follow, max-snippet:-1, max-image-preview:large, max-video-preview:-1\" \/>\n<link rel=\"canonical\" href=\"https:\/\/vieassociative.be\/actualites\/toutes-les-facons-dont-jaime-manger-des-pop-tarts\/\" \/>\n<meta property=\"og:locale\" content=\"fr_FR\" \/>\n<meta property=\"og:type\" content=\"article\" \/>\n<meta property=\"og:title\" content=\"Toutes les fa\u00e7ons dont j&#039;aime manger des pop-tarts | Vie Associative\" \/>\n<meta property=\"og:description\" content=\"Pensez aux bagatelles, aux sandwichs \u00e0 la cr\u00e8me glac\u00e9e, aux milkshakes et plus encore. Le simple pop-tart a parcouru un long chemin depuis sa cr\u00e9ation\" \/>\n<meta property=\"og:url\" content=\"https:\/\/vieassociative.be\/actualites\/toutes-les-facons-dont-jaime-manger-des-pop-tarts\/\" \/>\n<meta property=\"og:site_name\" content=\"Vie Associative\" \/>\n<meta property=\"article:published_time\" content=\"2025-04-09T04:18:04+00:00\" \/>\n<meta property=\"og:image\" content=\"https:\/\/vieassociative.be\/actualites\/wp-content\/uploads\/2025\/04\/Toutes-les-facons-dont-jaime-manger-des-pop-tarts.png\" \/>\n<meta name=\"author\" content=\"Julien\" \/>\n<meta name=\"twitter:card\" content=\"summary_large_image\" \/>\n<meta name=\"twitter:label1\" content=\"\u00c9crit par\" \/>\n\t<meta name=\"twitter:data1\" content=\"Julien\" \/>\n\t<meta name=\"twitter:label2\" content=\"Dur\u00e9e de lecture est.\" \/>\n\t<meta name=\"twitter:data2\" content=\"5 minutes\" \/>\n<script type=\"application\/ld+json\" class=\"yoast-schema-graph\">{\"@context\":\"https:\/\/schema.org\",\"@graph\":[{\"@type\":\"Article\",\"@id\":\"https:\/\/vieassociative.be\/actualites\/toutes-les-facons-dont-jaime-manger-des-pop-tarts\/#article\",\"isPartOf\":{\"@id\":\"https:\/\/vieassociative.be\/actualites\/toutes-les-facons-dont-jaime-manger-des-pop-tarts\/\"},\"author\":{\"name\":\"Julien\",\"@id\":\"https:\/\/vieassociative.be\/actualites\/#\/schema\/person\/b87ac4f82f9d4e7b7cec7395b679edc4\"},\"headline\":\"Toutes les fa\u00e7ons dont j&rsquo;aime manger des pop-tarts\",\"datePublished\":\"2025-04-09T04:18:04+00:00\",\"dateModified\":\"2025-04-09T04:18:04+00:00\",\"mainEntityOfPage\":{\"@id\":\"https:\/\/vieassociative.be\/actualites\/toutes-les-facons-dont-jaime-manger-des-pop-tarts\/\"},\"wordCount\":1077,\"publisher\":{\"@id\":\"https:\/\/vieassociative.be\/actualites\/#organization\"},\"image\":{\"@id\":\"https:\/\/vieassociative.be\/actualites\/toutes-les-facons-dont-jaime-manger-des-pop-tarts\/#primaryimage\"},\"thumbnailUrl\":\"https:\/\/vieassociative.be\/actualites\/wp-content\/uploads\/2025\/04\/1744172286_Toutes-les-facons-dont-jaime-manger-des-pop-tarts.png\",\"keywords\":[\"Des\",\"dont\",\"fa\u00e7ons\",\"jaime\",\"Les\",\"manger\",\"poptarts\",\"toutes\"],\"articleSection\":[\"Gastronomie\"],\"inLanguage\":\"fr-BE\"},{\"@type\":\"WebPage\",\"@id\":\"https:\/\/vieassociative.be\/actualites\/toutes-les-facons-dont-jaime-manger-des-pop-tarts\/\",\"url\":\"https:\/\/vieassociative.be\/actualites\/toutes-les-facons-dont-jaime-manger-des-pop-tarts\/\",\"name\":\"Toutes les fa\u00e7ons dont j'aime manger des pop-tarts | Vie Associative\",\"isPartOf\":{\"@id\":\"https:\/\/vieassociative.be\/actualites\/#website\"},\"primaryImageOfPage\":{\"@id\":\"https:\/\/vieassociative.be\/actualites\/toutes-les-facons-dont-jaime-manger-des-pop-tarts\/#primaryimage\"},\"image\":{\"@id\":\"https:\/\/vieassociative.be\/actualites\/toutes-les-facons-dont-jaime-manger-des-pop-tarts\/#primaryimage\"},\"thumbnailUrl\":\"https:\/\/vieassociative.be\/actualites\/wp-content\/uploads\/2025\/04\/1744172286_Toutes-les-facons-dont-jaime-manger-des-pop-tarts.png\",\"datePublished\":\"2025-04-09T04:18:04+00:00\",\"dateModified\":\"2025-04-09T04:18:04+00:00\",\"breadcrumb\":{\"@id\":\"https:\/\/vieassociative.be\/actualites\/toutes-les-facons-dont-jaime-manger-des-pop-tarts\/#breadcrumb\"},\"inLanguage\":\"fr-BE\",\"potentialAction\":[{\"@type\":\"ReadAction\",\"target\":[\"https:\/\/vieassociative.be\/actualites\/toutes-les-facons-dont-jaime-manger-des-pop-tarts\/\"]}]},{\"@type\":\"ImageObject\",\"inLanguage\":\"fr-BE\",\"@id\":\"https:\/\/vieassociative.be\/actualites\/toutes-les-facons-dont-jaime-manger-des-pop-tarts\/#primaryimage\",\"url\":\"https:\/\/vieassociative.be\/actualites\/wp-content\/uploads\/2025\/04\/1744172286_Toutes-les-facons-dont-jaime-manger-des-pop-tarts.png\",\"contentUrl\":\"https:\/\/vieassociative.be\/actualites\/wp-content\/uploads\/2025\/04\/1744172286_Toutes-les-facons-dont-jaime-manger-des-pop-tarts.png\",\"width\":1200,\"height\":675,\"caption\":\"Toutes les fa\u00e7ons dont j'aime manger des pop-tarts\"},{\"@type\":\"BreadcrumbList\",\"@id\":\"https:\/\/vieassociative.be\/actualites\/toutes-les-facons-dont-jaime-manger-des-pop-tarts\/#breadcrumb\",\"itemListElement\":[{\"@type\":\"ListItem\",\"position\":1,\"name\":\"Accueil\",\"item\":\"https:\/\/vieassociative.be\/actualites\/\"},{\"@type\":\"ListItem\",\"position\":2,\"name\":\"Toutes les fa\u00e7ons dont j&rsquo;aime manger des pop-tarts\"}]},{\"@type\":\"WebSite\",\"@id\":\"https:\/\/vieassociative.be\/actualites\/#website\",\"url\":\"https:\/\/vieassociative.be\/actualites\/\",\"name\":\"Vie Associative\",\"description\":\"\",\"publisher\":{\"@id\":\"https:\/\/vieassociative.be\/actualites\/#organization\"},\"potentialAction\":[{\"@type\":\"SearchAction\",\"target\":{\"@type\":\"EntryPoint\",\"urlTemplate\":\"https:\/\/vieassociative.be\/actualites\/?s={search_term_string}\"},\"query-input\":{\"@type\":\"PropertyValueSpecification\",\"valueRequired\":true,\"valueName\":\"search_term_string\"}}],\"inLanguage\":\"fr-BE\"},{\"@type\":\"Organization\",\"@id\":\"https:\/\/vieassociative.be\/actualites\/#organization\",\"name\":\"Vie Associative\",\"url\":\"https:\/\/vieassociative.be\/actualites\/\",\"logo\":{\"@type\":\"ImageObject\",\"inLanguage\":\"fr-BE\",\"@id\":\"https:\/\/vieassociative.be\/actualites\/#\/schema\/logo\/image\/\",\"url\":\"https:\/\/vieassociative.be\/actualites\/wp-content\/uploads\/2024\/09\/cropped-vieassociative_favicon.ico.png\",\"contentUrl\":\"https:\/\/vieassociative.be\/actualites\/wp-content\/uploads\/2024\/09\/cropped-vieassociative_favicon.ico.png\",\"width\":512,\"height\":512,\"caption\":\"Vie Associative\"},\"image\":{\"@id\":\"https:\/\/vieassociative.be\/actualites\/#\/schema\/logo\/image\/\"}},{\"@type\":\"Person\",\"@id\":\"https:\/\/vieassociative.be\/actualites\/#\/schema\/person\/b87ac4f82f9d4e7b7cec7395b679edc4\",\"name\":\"Julien\",\"image\":{\"@type\":\"ImageObject\",\"inLanguage\":\"fr-BE\",\"@id\":\"https:\/\/vieassociative.be\/actualites\/#\/schema\/person\/image\/\",\"url\":\"https:\/\/vieassociative.be\/actualites\/wp-content\/uploads\/2024\/09\/vie-associative-1-150x150.jpg\",\"contentUrl\":\"https:\/\/vieassociative.be\/actualites\/wp-content\/uploads\/2024\/09\/vie-associative-1-150x150.jpg\",\"caption\":\"Julien\"},\"description\":\"Je suis Julien, r\u00e9dacteur pour Vie Associative. Passionn\u00e9 par le monde associatif depuis plus de 10 ans, j'ai \u00e0 c\u0153ur de partager des histoires inspirantes et de mettre en lumi\u00e8re les initiatives locales. Mon objectif est de sensibiliser et d'encourager l'engagement communautaire \u00e0 travers mes articles.\",\"sameAs\":[\"https:\/\/vieassociative.be\/\"]}]}<\/script>\n<!-- \/ Yoast SEO plugin. -->","yoast_head_json":{"title":"Toutes les fa\u00e7ons dont j'aime manger des pop-tarts | Vie Associative","robots":{"index":"index","follow":"follow","max-snippet":"max-snippet:-1","max-image-preview":"max-image-preview:large","max-video-preview":"max-video-preview:-1"},"canonical":"https:\/\/vieassociative.be\/actualites\/toutes-les-facons-dont-jaime-manger-des-pop-tarts\/","og_locale":"fr_FR","og_type":"article","og_title":"Toutes les fa\u00e7ons dont j'aime manger des pop-tarts | Vie Associative","og_description":"Pensez aux bagatelles, aux sandwichs \u00e0 la cr\u00e8me glac\u00e9e, aux milkshakes et plus encore. Le simple pop-tart a parcouru un long chemin depuis sa cr\u00e9ation","og_url":"https:\/\/vieassociative.be\/actualites\/toutes-les-facons-dont-jaime-manger-des-pop-tarts\/","og_site_name":"Vie Associative","article_published_time":"2025-04-09T04:18:04+00:00","og_image":[{"url":"https:\/\/vieassociative.be\/actualites\/wp-content\/uploads\/2025\/04\/Toutes-les-facons-dont-jaime-manger-des-pop-tarts.png","type":"","width":"","height":""}],"author":"Julien","twitter_card":"summary_large_image","twitter_misc":{"\u00c9crit par":"Julien","Dur\u00e9e de lecture est.":"5 minutes"},"schema":{"@context":"https:\/\/schema.org","@graph":[{"@type":"Article","@id":"https:\/\/vieassociative.be\/actualites\/toutes-les-facons-dont-jaime-manger-des-pop-tarts\/#article","isPartOf":{"@id":"https:\/\/vieassociative.be\/actualites\/toutes-les-facons-dont-jaime-manger-des-pop-tarts\/"},"author":{"name":"Julien","@id":"https:\/\/vieassociative.be\/actualites\/#\/schema\/person\/b87ac4f82f9d4e7b7cec7395b679edc4"},"headline":"Toutes les fa\u00e7ons dont j&rsquo;aime manger des pop-tarts","datePublished":"2025-04-09T04:18:04+00:00","dateModified":"2025-04-09T04:18:04+00:00","mainEntityOfPage":{"@id":"https:\/\/vieassociative.be\/actualites\/toutes-les-facons-dont-jaime-manger-des-pop-tarts\/"},"wordCount":1077,"publisher":{"@id":"https:\/\/vieassociative.be\/actualites\/#organization"},"image":{"@id":"https:\/\/vieassociative.be\/actualites\/toutes-les-facons-dont-jaime-manger-des-pop-tarts\/#primaryimage"},"thumbnailUrl":"https:\/\/vieassociative.be\/actualites\/wp-content\/uploads\/2025\/04\/1744172286_Toutes-les-facons-dont-jaime-manger-des-pop-tarts.png","keywords":["Des","dont","fa\u00e7ons","jaime","Les","manger","poptarts","toutes"],"articleSection":["Gastronomie"],"inLanguage":"fr-BE"},{"@type":"WebPage","@id":"https:\/\/vieassociative.be\/actualites\/toutes-les-facons-dont-jaime-manger-des-pop-tarts\/","url":"https:\/\/vieassociative.be\/actualites\/toutes-les-facons-dont-jaime-manger-des-pop-tarts\/","name":"Toutes les fa\u00e7ons dont j'aime manger des pop-tarts | Vie Associative","isPartOf":{"@id":"https:\/\/vieassociative.be\/actualites\/#website"},"primaryImageOfPage":{"@id":"https:\/\/vieassociative.be\/actualites\/toutes-les-facons-dont-jaime-manger-des-pop-tarts\/#primaryimage"},"image":{"@id":"https:\/\/vieassociative.be\/actualites\/toutes-les-facons-dont-jaime-manger-des-pop-tarts\/#primaryimage"},"thumbnailUrl":"https:\/\/vieassociative.be\/actualites\/wp-content\/uploads\/2025\/04\/1744172286_Toutes-les-facons-dont-jaime-manger-des-pop-tarts.png","datePublished":"2025-04-09T04:18:04+00:00","dateModified":"2025-04-09T04:18:04+00:00","breadcrumb":{"@id":"https:\/\/vieassociative.be\/actualites\/toutes-les-facons-dont-jaime-manger-des-pop-tarts\/#breadcrumb"},"inLanguage":"fr-BE","potentialAction":[{"@type":"ReadAction","target":["https:\/\/vieassociative.be\/actualites\/toutes-les-facons-dont-jaime-manger-des-pop-tarts\/"]}]},{"@type":"ImageObject","inLanguage":"fr-BE","@id":"https:\/\/vieassociative.be\/actualites\/toutes-les-facons-dont-jaime-manger-des-pop-tarts\/#primaryimage","url":"https:\/\/vieassociative.be\/actualites\/wp-content\/uploads\/2025\/04\/1744172286_Toutes-les-facons-dont-jaime-manger-des-pop-tarts.png","contentUrl":"https:\/\/vieassociative.be\/actualites\/wp-content\/uploads\/2025\/04\/1744172286_Toutes-les-facons-dont-jaime-manger-des-pop-tarts.png","width":1200,"height":675,"caption":"Toutes les fa\u00e7ons dont j'aime manger des pop-tarts"},{"@type":"BreadcrumbList","@id":"https:\/\/vieassociative.be\/actualites\/toutes-les-facons-dont-jaime-manger-des-pop-tarts\/#breadcrumb","itemListElement":[{"@type":"ListItem","position":1,"name":"Accueil","item":"https:\/\/vieassociative.be\/actualites\/"},{"@type":"ListItem","position":2,"name":"Toutes les fa\u00e7ons dont j&rsquo;aime manger des pop-tarts"}]},{"@type":"WebSite","@id":"https:\/\/vieassociative.be\/actualites\/#website","url":"https:\/\/vieassociative.be\/actualites\/","name":"Vie Associative","description":"","publisher":{"@id":"https:\/\/vieassociative.be\/actualites\/#organization"},"potentialAction":[{"@type":"SearchAction","target":{"@type":"EntryPoint","urlTemplate":"https:\/\/vieassociative.be\/actualites\/?s={search_term_string}"},"query-input":{"@type":"PropertyValueSpecification","valueRequired":true,"valueName":"search_term_string"}}],"inLanguage":"fr-BE"},{"@type":"Organization","@id":"https:\/\/vieassociative.be\/actualites\/#organization","name":"Vie Associative","url":"https:\/\/vieassociative.be\/actualites\/","logo":{"@type":"ImageObject","inLanguage":"fr-BE","@id":"https:\/\/vieassociative.be\/actualites\/#\/schema\/logo\/image\/","url":"https:\/\/vieassociative.be\/actualites\/wp-content\/uploads\/2024\/09\/cropped-vieassociative_favicon.ico.png","contentUrl":"https:\/\/vieassociative.be\/actualites\/wp-content\/uploads\/2024\/09\/cropped-vieassociative_favicon.ico.png","width":512,"height":512,"caption":"Vie Associative"},"image":{"@id":"https:\/\/vieassociative.be\/actualites\/#\/schema\/logo\/image\/"}},{"@type":"Person","@id":"https:\/\/vieassociative.be\/actualites\/#\/schema\/person\/b87ac4f82f9d4e7b7cec7395b679edc4","name":"Julien","image":{"@type":"ImageObject","inLanguage":"fr-BE","@id":"https:\/\/vieassociative.be\/actualites\/#\/schema\/person\/image\/","url":"https:\/\/vieassociative.be\/actualites\/wp-content\/uploads\/2024\/09\/vie-associative-1-150x150.jpg","contentUrl":"https:\/\/vieassociative.be\/actualites\/wp-content\/uploads\/2024\/09\/vie-associative-1-150x150.jpg","caption":"Julien"},"description":"Je suis Julien, r\u00e9dacteur pour Vie Associative. Passionn\u00e9 par le monde associatif depuis plus de 10 ans, j'ai \u00e0 c\u0153ur de partager des histoires inspirantes et de mettre en lumi\u00e8re les initiatives locales. Mon objectif est de sensibiliser et d'encourager l'engagement communautaire \u00e0 travers mes articles.","sameAs":["https:\/\/vieassociative.be\/"]}]}},"_links":{"self":[{"href":"https:\/\/vieassociative.be\/actualites\/wp-json\/wp\/v2\/posts\/6556"}],"collection":[{"href":"https:\/\/vieassociative.be\/actualites\/wp-json\/wp\/v2\/posts"}],"about":[{"href":"https:\/\/vieassociative.be\/actualites\/wp-json\/wp\/v2\/types\/post"}],"author":[{"embeddable":true,"href":"https:\/\/vieassociative.be\/actualites\/wp-json\/wp\/v2\/users\/1"}],"replies":[{"embeddable":true,"href":"https:\/\/vieassociative.be\/actualites\/wp-json\/wp\/v2\/comments?post=6556"}],"version-history":[{"count":0,"href":"https:\/\/vieassociative.be\/actualites\/wp-json\/wp\/v2\/posts\/6556\/revisions"}],"wp:featuredmedia":[{"embeddable":true,"href":"https:\/\/vieassociative.be\/actualites\/wp-json\/wp\/v2\/media\/6557"}],"wp:attachment":[{"href":"https:\/\/vieassociative.be\/actualites\/wp-json\/wp\/v2\/media?parent=6556"}],"wp:term":[{"taxonomy":"category","embeddable":true,"href":"https:\/\/vieassociative.be\/actualites\/wp-json\/wp\/v2\/categories?post=6556"},{"taxonomy":"post_tag","embeddable":true,"href":"https:\/\/vieassociative.be\/actualites\/wp-json\/wp\/v2\/tags?post=6556"}],"curies":[{"name":"wp","href":"https:\/\/api.w.org\/{rel}","templated":true}]}}